{"id":47649,"date":"2017-01-20T12:11:34","date_gmt":"2017-01-20T18:11:34","guid":{"rendered":"https:\/\/centrourbano.com\/?p=47649"},"modified":"2017-01-20T12:51:54","modified_gmt":"2017-01-20T18:51:54","slug":"entrega-nunez-apoyos-empresas-tabasquenas","status":"publish","type":"post","link":"https:\/\/centrourbano.com\/revista\/inmobiliario\/entrega-nunez-apoyos-empresas-tabasquenas\/","title":{"rendered":"Entrega N\u00fa\u00f1ez apoyos a empresas tabasque\u00f1as"},"content":{"rendered":"<p><em>La Secretar\u00eda de Desarrollo Agropecuario, Forestal y Pesquero entreg\u00f3 recursos por 34 mdp<\/em><br \/>\n<!--more--><\/p>\n<p>El gobernador de Tabasco, Arturo N\u00fa\u00f1ez, asegur\u00f3 que la entidad es un buen destino para las inversiones agroindustriales, esto lo dijo al colocar la primera piedra de una f\u00e1brica de muebles en La Isla, as\u00ed como el desarrollo de un invernadero org\u00e1nico de hortalizas, en la rancher\u00eda Miahuatl\u00e1n.<\/p>\n<p>Explic\u00f3 que ambos proyectos recibieron apoyo de la Secretar\u00eda de Desarrollo Agropecuario, Forestal y Pesquero (Sedafop), significan inversiones por 34,000,000 de pesos, con lo que adem\u00e1s de generar empleos, se avanza en el prop\u00f3sito de despetrolizar la econom\u00eda. <\/p>\n<p>\u201cLa agroindustria y el turismo son actividades donde la entidad tiene mayor capital acumulado en t\u00e9rminos de experiencia, infraestructura, formaci\u00f3n de recursos humanos y tecnolog\u00eda. En el sector agroindustrial hay en marcha iniciativas de productores que ya est\u00e1n ayudando a recuperar el terreno perdido en actividades tradicionales del sector primario\u201d. <\/p>\n<p>En la rancher\u00eda Gonz\u00e1lez segunda secci\u00f3n, municipio de Centro, entreg\u00f3 un apoyo agroforestal de 2,000,000 de pesos, a la empresa Transformaci\u00f3n de Madera Mexicana (TradeMx), con lo que se financia la instalaci\u00f3n de una f\u00e1brica de muebles de madera, que para la manufactura de sus productos adquirir\u00e1 paneles confeccionados por la empresa Proteak.<\/p>\n<p>La inversi\u00f3n en la nueva industria ascender\u00e1 a 26,000,000 de pesos, generar\u00e1 50 empleos directos y comenzar\u00e1 operaciones en julio pr\u00f3ximo.<\/p>\n<p>El empresario Erick Herrera Trejo, director general de G\u00e9nesis Multiservicios Industriales, dijo que la f\u00e1brica contar\u00e1 con un centro de distribuci\u00f3n en el parque industrial de Cunduac\u00e1n. <\/p>\n<p>\u201cInicialmente se manufacturar\u00e1 mobiliario de oficina y, a mediano plazo, se ampliar\u00e1 la l\u00ednea de producci\u00f3n a muebles para el hogar\u201d. <\/p>\n<p>Mientras que en Miahuatl\u00e1n, en la Atenas de la Chontalpa, el mandatario estatal supervis\u00f3 la primera etapa del invernadero hidrop\u00f3nico que, a trav\u00e9s de cuatro naves que suman una superficie de siembra de m\u00e1s de cuatro hect\u00e1reas, tendr\u00e1 una capacidad anual de producci\u00f3n de 900 toneladas de pepino persa, pimiento y tomate cherry, con fines de exportaci\u00f3n, principalmente hacia Am\u00e9rica del Norte.<\/p>\n<p>\u201cExpres\u00f3 un reconocimiento a quienes invierten en el campo y se la rifan por el desarrollo del estado; les digo que con valent\u00eda, determinaci\u00f3n y visi\u00f3n, est\u00e1n demostrando que hay opciones y caminos para salir adelante\u201d.<\/p>\n<p>Este proyecto de agricultura controlada, en el que se han invertido casi 8,000,000 de pesos ofrece 200 empleos directos e indirectos, cuenta con la certificaci\u00f3n internacional que la acredita ante los departamentos de agricultura de Estados Unidos y Canad\u00e1 como una empresa apta para producir hortalizas org\u00e1nicas, con est\u00e1ndares de sanidad y calidad.<\/p>\n<p>Finalmente, Carlos Ju\u00e1rez Torres, empresario del invernadero, consider\u00f3 que se deben aprovechar otras oportunidades de inversi\u00f3n. <\/p>\n<p>\u201cLa gallina de los huevos de oro no se ha acabado, est\u00e1 en nuestra tierra, pero no en el subsuelo sino a flor de piel. No est\u00e1 muerta, m\u00e1s bien quienes debemos cultivarla and\u00e1bamos de parranda, embriagados con la ilusi\u00f3n de la riqueza petrolera, que no supimos aprovechar. Nuestra tierra permanece aqu\u00ed, pr\u00f3diga, generosa y paciente, esperando que nuestro trabajo la haga producir\u201d<\/p>\n","protected":false},"excerpt":{"rendered":"<p>La Secretar\u00eda de Desarrollo Agropecuario, Forestal y Pesquero entreg\u00f3 recursos por 34 mdp<\/p>\n","protected":false},"author":37,"featured_media":47660,"comment_status":"open","ping_status":"closed","sticky":false,"template":"","format":"standard","meta":{"om_disable_all_campaigns":false,"inline_featured_image":false,"_monsterinsights_skip_tracking":false,"_monsterinsights_sitenote_active":false,"_monsterinsights_sitenote_note":"","_monsterinsights_sitenote_category":0,"footnotes":""},"categories":[15],"tags":[],"class_list":["post-47649","post","type-post","status-publish","format-standard","has-post-thumbnail","hentry","category-inmobiliario"],"yoast_head":"<!-- This site is optimized with the Yoast SEO plugin v27.4 - https:\/\/yoast.com\/product\/yoast-seo-wordpress\/ -->\n<title>Entrega N\u00fa\u00f1ez apoyos a empresas tabasque\u00f1as -<\/title>\n<meta name=\"description\" content=\"El gobernador de Tabasco, Arturo N\u00fa\u00f1ez, asegur\u00f3 que la entidad es un buen destino para las inversiones agroindustriales, esto lo dijo al colocar la primera piedra de una f\u00e1brica de muebles en La Isla, as\u00ed como el desarrollo de un invernadero org\u00e1nico de hortalizas, en la rancher\u00eda Miahuatl\u00e1n.\" \/>\n<meta name=\"robots\" content=\"index, follow, max-snippet:-1, max-image-preview:large, max-video-preview:-1\" \/>\n<link rel=\"canonical\" href=\"https:\/\/centrourbano.com\/revista\/inmobiliario\/entrega-nunez-apoyos-empresas-tabasquenas\/\" \/>\n<meta property=\"og:locale\" content=\"es_ES\" \/>\n<meta property=\"og:type\" content=\"article\" \/>\n<meta property=\"og:title\" content=\"Entrega N\u00fa\u00f1ez apoyos a empresas tabasque\u00f1as -\" \/>\n<meta property=\"og:description\" content=\"El gobernador de Tabasco, Arturo N\u00fa\u00f1ez, asegur\u00f3 que la entidad es un buen destino para las inversiones agroindustriales, esto lo dijo al colocar la primera piedra de una f\u00e1brica de muebles en La Isla, as\u00ed como el desarrollo de un invernadero org\u00e1nico de hortalizas, en la rancher\u00eda Miahuatl\u00e1n.\" \/>\n<meta property=\"og:url\" content=\"https:\/\/centrourbano.com\/revista\/inmobiliario\/entrega-nunez-apoyos-empresas-tabasquenas\/\" \/>\n<meta property=\"og:site_name\" content=\"Centro Urbano\" \/>\n<meta property=\"article:publisher\" content=\"https:\/\/www.facebook.com\/portalcentrourbano\" \/>\n<meta property=\"article:published_time\" content=\"2017-01-20T18:11:34+00:00\" \/>\n<meta property=\"article:modified_time\" content=\"2017-01-20T18:51:54+00:00\" \/>\n<meta property=\"og:image\" content=\"https:\/\/centrourbano.com\/revista\/wp-content\/uploads\/empresas-tabasco.jpg\" \/>\n\t<meta property=\"og:image:width\" content=\"844\" \/>\n\t<meta property=\"og:image:height\" content=\"545\" \/>\n\t<meta property=\"og:image:type\" content=\"image\/jpeg\" \/>\n<meta name=\"author\" content=\"Diego Rodr\u00edguez\" \/>\n<meta name=\"twitter:card\" content=\"summary_large_image\" \/>\n<meta name=\"twitter:creator\" content=\"@CentroUrbano\" \/>\n<meta name=\"twitter:site\" content=\"@CentroUrbano\" \/>\n<meta name=\"twitter:label1\" content=\"Escrito por\" \/>\n\t<meta name=\"twitter:data1\" content=\"Diego Rodr\u00edguez\" \/>\n\t<meta name=\"twitter:label2\" content=\"Tiempo de lectura\" \/>\n\t<meta name=\"twitter:data2\" content=\"3 minutos\" \/>\n<script type=\"application\/ld+json\" class=\"yoast-schema-graph\">{\"@context\":\"https:\\\/\\\/schema.org\",\"@graph\":[{\"@type\":\"Article\",\"@id\":\"https:\\\/\\\/centrourbano.com\\\/revista\\\/inmobiliario\\\/entrega-nunez-apoyos-empresas-tabasquenas\\\/#article\",\"isPartOf\":{\"@id\":\"https:\\\/\\\/centrourbano.com\\\/revista\\\/inmobiliario\\\/entrega-nunez-apoyos-empresas-tabasquenas\\\/\"},\"author\":{\"name\":\"Diego Rodr\u00edguez\",\"@id\":\"https:\\\/\\\/centrourbano.com\\\/revista\\\/#\\\/schema\\\/person\\\/b50192a3cd0e680841b45dc537f53970\"},\"headline\":\"Entrega N\u00fa\u00f1ez apoyos a empresas tabasque\u00f1as\",\"datePublished\":\"2017-01-20T18:11:34+00:00\",\"dateModified\":\"2017-01-20T18:51:54+00:00\",\"mainEntityOfPage\":{\"@id\":\"https:\\\/\\\/centrourbano.com\\\/revista\\\/inmobiliario\\\/entrega-nunez-apoyos-empresas-tabasquenas\\\/\"},\"wordCount\":550,\"commentCount\":0,\"publisher\":{\"@id\":\"https:\\\/\\\/centrourbano.com\\\/revista\\\/#organization\"},\"image\":{\"@id\":\"https:\\\/\\\/centrourbano.com\\\/revista\\\/inmobiliario\\\/entrega-nunez-apoyos-empresas-tabasquenas\\\/#primaryimage\"},\"thumbnailUrl\":\"https:\\\/\\\/centrourbano.com\\\/revista\\\/wp-content\\\/uploads\\\/empresas-tabasco.jpg\",\"articleSection\":[\"Inmobiliario\"],\"inLanguage\":\"es\",\"potentialAction\":[{\"@type\":\"CommentAction\",\"name\":\"Comment\",\"target\":[\"https:\\\/\\\/centrourbano.com\\\/revista\\\/inmobiliario\\\/entrega-nunez-apoyos-empresas-tabasquenas\\\/#respond\"]}]},{\"@type\":\"WebPage\",\"@id\":\"https:\\\/\\\/centrourbano.com\\\/revista\\\/inmobiliario\\\/entrega-nunez-apoyos-empresas-tabasquenas\\\/\",\"url\":\"https:\\\/\\\/centrourbano.com\\\/revista\\\/inmobiliario\\\/entrega-nunez-apoyos-empresas-tabasquenas\\\/\",\"name\":\"Entrega N\u00fa\u00f1ez apoyos a empresas tabasque\u00f1as -\",\"isPartOf\":{\"@id\":\"https:\\\/\\\/centrourbano.com\\\/revista\\\/#website\"},\"primaryImageOfPage\":{\"@id\":\"https:\\\/\\\/centrourbano.com\\\/revista\\\/inmobiliario\\\/entrega-nunez-apoyos-empresas-tabasquenas\\\/#primaryimage\"},\"image\":{\"@id\":\"https:\\\/\\\/centrourbano.com\\\/revista\\\/inmobiliario\\\/entrega-nunez-apoyos-empresas-tabasquenas\\\/#primaryimage\"},\"thumbnailUrl\":\"https:\\\/\\\/centrourbano.com\\\/revista\\\/wp-content\\\/uploads\\\/empresas-tabasco.jpg\",\"datePublished\":\"2017-01-20T18:11:34+00:00\",\"dateModified\":\"2017-01-20T18:51:54+00:00\",\"description\":\"El gobernador de Tabasco, Arturo N\u00fa\u00f1ez, asegur\u00f3 que la entidad es un buen destino para las inversiones agroindustriales, esto lo dijo al colocar la primera piedra de una f\u00e1brica de muebles en La Isla, as\u00ed como el desarrollo de un invernadero org\u00e1nico de hortalizas, en la rancher\u00eda Miahuatl\u00e1n.\",\"breadcrumb\":{\"@id\":\"https:\\\/\\\/centrourbano.com\\\/revista\\\/inmobiliario\\\/entrega-nunez-apoyos-empresas-tabasquenas\\\/#breadcrumb\"},\"inLanguage\":\"es\",\"potentialAction\":[{\"@type\":\"ReadAction\",\"target\":[\"https:\\\/\\\/centrourbano.com\\\/revista\\\/inmobiliario\\\/entrega-nunez-apoyos-empresas-tabasquenas\\\/\"]}]},{\"@type\":\"ImageObject\",\"inLanguage\":\"es\",\"@id\":\"https:\\\/\\\/centrourbano.com\\\/revista\\\/inmobiliario\\\/entrega-nunez-apoyos-empresas-tabasquenas\\\/#primaryimage\",\"url\":\"https:\\\/\\\/centrourbano.com\\\/revista\\\/wp-content\\\/uploads\\\/empresas-tabasco.jpg\",\"contentUrl\":\"https:\\\/\\\/centrourbano.com\\\/revista\\\/wp-content\\\/uploads\\\/empresas-tabasco.jpg\",\"width\":844,\"height\":545,\"caption\":\"La Secretar\u00eda de Desarrollo Agropecuario, Forestal y Pesquero entreg\u00f3 recursos por 34 mdp\"},{\"@type\":\"BreadcrumbList\",\"@id\":\"https:\\\/\\\/centrourbano.com\\\/revista\\\/inmobiliario\\\/entrega-nunez-apoyos-empresas-tabasquenas\\\/#breadcrumb\",\"itemListElement\":[{\"@type\":\"ListItem\",\"position\":1,\"name\":\"Portada\",\"item\":\"https:\\\/\\\/centrourbano.com\\\/revista\\\/\"},{\"@type\":\"ListItem\",\"position\":2,\"name\":\"Entrega N\u00fa\u00f1ez apoyos a empresas tabasque\u00f1as\"}]},{\"@type\":\"WebSite\",\"@id\":\"https:\\\/\\\/centrourbano.com\\\/revista\\\/#website\",\"url\":\"https:\\\/\\\/centrourbano.com\\\/revista\\\/\",\"name\":\"Centro Urbano\",\"description\":\"Medio especializado en los sectores vivienda, inmobiliario, construcci\u00f3n, arquitectura y urbanismo.\",\"publisher\":{\"@id\":\"https:\\\/\\\/centrourbano.com\\\/revista\\\/#organization\"},\"potentialAction\":[{\"@type\":\"SearchAction\",\"target\":{\"@type\":\"EntryPoint\",\"urlTemplate\":\"https:\\\/\\\/centrourbano.com\\\/revista\\\/?s={search_term_string}\"},\"query-input\":{\"@type\":\"PropertyValueSpecification\",\"valueRequired\":true,\"valueName\":\"search_term_string\"}}],\"inLanguage\":\"es\"},{\"@type\":\"Organization\",\"@id\":\"https:\\\/\\\/centrourbano.com\\\/revista\\\/#organization\",\"name\":\"Centro Urbano\",\"url\":\"https:\\\/\\\/centrourbano.com\\\/revista\\\/\",\"logo\":{\"@type\":\"ImageObject\",\"inLanguage\":\"es\",\"@id\":\"https:\\\/\\\/centrourbano.com\\\/revista\\\/#\\\/schema\\\/logo\\\/image\\\/\",\"url\":\"https:\\\/\\\/centrourbano.com\\\/revista\\\/wp-content\\\/uploads\\\/web_CU_logo-1.png\",\"contentUrl\":\"https:\\\/\\\/centrourbano.com\\\/revista\\\/wp-content\\\/uploads\\\/web_CU_logo-1.png\",\"width\":350,\"height\":91,\"caption\":\"Centro Urbano\"},\"image\":{\"@id\":\"https:\\\/\\\/centrourbano.com\\\/revista\\\/#\\\/schema\\\/logo\\\/image\\\/\"},\"sameAs\":[\"https:\\\/\\\/www.facebook.com\\\/portalcentrourbano\",\"https:\\\/\\\/x.com\\\/CentroUrbano\",\"https:\\\/\\\/www.instagram.com\\\/centro_urbano\\\/\",\"https:\\\/\\\/www.linkedin.com\\\/company\\\/centro-urbano\\\/\",\"http:\\\/\\\/www.youtube.com\\\/user\\\/portalcentrourbano\"]},{\"@type\":\"Person\",\"@id\":\"https:\\\/\\\/centrourbano.com\\\/revista\\\/#\\\/schema\\\/person\\\/b50192a3cd0e680841b45dc537f53970\",\"name\":\"Diego Rodr\u00edguez\",\"image\":{\"@type\":\"ImageObject\",\"inLanguage\":\"es\",\"@id\":\"https:\\\/\\\/secure.gravatar.com\\\/avatar\\\/d217565525df2df5d4e7265d47758506f41845ed9529510921a7625d8365789d?s=96&d=mm&r=g\",\"url\":\"https:\\\/\\\/secure.gravatar.com\\\/avatar\\\/d217565525df2df5d4e7265d47758506f41845ed9529510921a7625d8365789d?s=96&d=mm&r=g\",\"contentUrl\":\"https:\\\/\\\/secure.gravatar.com\\\/avatar\\\/d217565525df2df5d4e7265d47758506f41845ed9529510921a7625d8365789d?s=96&d=mm&r=g\",\"caption\":\"Diego Rodr\u00edguez\"},\"description\":\"Egresado de la Facultad de Estudios Superiores Acatl\u00e1n de la carrera en Comunicaci\u00f3n, con especialidad en medios escritos. Reportero del desaparecido peri\u00f3dico Nuestro M\u00e9xico, en donde cubri\u00f3 las fuentes delegacionales y Asamblea Legislativa. Tambi\u00e9n trabaj\u00f3 en la Coordinaci\u00f3n de Comunicaci\u00f3n Social en la delegaci\u00f3n \u00c1lvaro Obreg\u00f3n. Le gusta leer novelas y cuentos.\",\"url\":\"https:\\\/\\\/centrourbano.com\\\/revista\\\/author\\\/diegorodriguez\\\/\"}]}<\/script>\n<!-- \/ Yoast SEO plugin. -->","yoast_head_json":{"title":"Entrega N\u00fa\u00f1ez apoyos a empresas tabasque\u00f1as -","description":"El gobernador de Tabasco, Arturo N\u00fa\u00f1ez, asegur\u00f3 que la entidad es un buen destino para las inversiones agroindustriales, esto lo dijo al colocar la primera piedra de una f\u00e1brica de muebles en La Isla, as\u00ed como el desarrollo de un invernadero org\u00e1nico de hortalizas, en la rancher\u00eda Miahuatl\u00e1n.","robots":{"index":"index","follow":"follow","max-snippet":"max-snippet:-1","max-image-preview":"max-image-preview:large","max-video-preview":"max-video-preview:-1"},"canonical":"https:\/\/centrourbano.com\/revista\/inmobiliario\/entrega-nunez-apoyos-empresas-tabasquenas\/","og_locale":"es_ES","og_type":"article","og_title":"Entrega N\u00fa\u00f1ez apoyos a empresas tabasque\u00f1as -","og_description":"El gobernador de Tabasco, Arturo N\u00fa\u00f1ez, asegur\u00f3 que la entidad es un buen destino para las inversiones agroindustriales, esto lo dijo al colocar la primera piedra de una f\u00e1brica de muebles en La Isla, as\u00ed como el desarrollo de un invernadero org\u00e1nico de hortalizas, en la rancher\u00eda Miahuatl\u00e1n.","og_url":"https:\/\/centrourbano.com\/revista\/inmobiliario\/entrega-nunez-apoyos-empresas-tabasquenas\/","og_site_name":"Centro Urbano","article_publisher":"https:\/\/www.facebook.com\/portalcentrourbano","article_published_time":"2017-01-20T18:11:34+00:00","article_modified_time":"2017-01-20T18:51:54+00:00","og_image":[{"width":844,"height":545,"url":"https:\/\/centrourbano.com\/revista\/wp-content\/uploads\/empresas-tabasco.jpg","type":"image\/jpeg"}],"author":"Diego Rodr\u00edguez","twitter_card":"summary_large_image","twitter_creator":"@CentroUrbano","twitter_site":"@CentroUrbano","twitter_misc":{"Escrito por":"Diego Rodr\u00edguez","Tiempo de lectura":"3 minutos"},"schema":{"@context":"https:\/\/schema.org","@graph":[{"@type":"Article","@id":"https:\/\/centrourbano.com\/revista\/inmobiliario\/entrega-nunez-apoyos-empresas-tabasquenas\/#article","isPartOf":{"@id":"https:\/\/centrourbano.com\/revista\/inmobiliario\/entrega-nunez-apoyos-empresas-tabasquenas\/"},"author":{"name":"Diego Rodr\u00edguez","@id":"https:\/\/centrourbano.com\/revista\/#\/schema\/person\/b50192a3cd0e680841b45dc537f53970"},"headline":"Entrega N\u00fa\u00f1ez apoyos a empresas tabasque\u00f1as","datePublished":"2017-01-20T18:11:34+00:00","dateModified":"2017-01-20T18:51:54+00:00","mainEntityOfPage":{"@id":"https:\/\/centrourbano.com\/revista\/inmobiliario\/entrega-nunez-apoyos-empresas-tabasquenas\/"},"wordCount":550,"commentCount":0,"publisher":{"@id":"https:\/\/centrourbano.com\/revista\/#organization"},"image":{"@id":"https:\/\/centrourbano.com\/revista\/inmobiliario\/entrega-nunez-apoyos-empresas-tabasquenas\/#primaryimage"},"thumbnailUrl":"https:\/\/centrourbano.com\/revista\/wp-content\/uploads\/empresas-tabasco.jpg","articleSection":["Inmobiliario"],"inLanguage":"es","potentialAction":[{"@type":"CommentAction","name":"Comment","target":["https:\/\/centrourbano.com\/revista\/inmobiliario\/entrega-nunez-apoyos-empresas-tabasquenas\/#respond"]}]},{"@type":"WebPage","@id":"https:\/\/centrourbano.com\/revista\/inmobiliario\/entrega-nunez-apoyos-empresas-tabasquenas\/","url":"https:\/\/centrourbano.com\/revista\/inmobiliario\/entrega-nunez-apoyos-empresas-tabasquenas\/","name":"Entrega N\u00fa\u00f1ez apoyos a empresas tabasque\u00f1as -","isPartOf":{"@id":"https:\/\/centrourbano.com\/revista\/#website"},"primaryImageOfPage":{"@id":"https:\/\/centrourbano.com\/revista\/inmobiliario\/entrega-nunez-apoyos-empresas-tabasquenas\/#primaryimage"},"image":{"@id":"https:\/\/centrourbano.com\/revista\/inmobiliario\/entrega-nunez-apoyos-empresas-tabasquenas\/#primaryimage"},"thumbnailUrl":"https:\/\/centrourbano.com\/revista\/wp-content\/uploads\/empresas-tabasco.jpg","datePublished":"2017-01-20T18:11:34+00:00","dateModified":"2017-01-20T18:51:54+00:00","description":"El gobernador de Tabasco, Arturo N\u00fa\u00f1ez, asegur\u00f3 que la entidad es un buen destino para las inversiones agroindustriales, esto lo dijo al colocar la primera piedra de una f\u00e1brica de muebles en La Isla, as\u00ed como el desarrollo de un invernadero org\u00e1nico de hortalizas, en la rancher\u00eda Miahuatl\u00e1n.","breadcrumb":{"@id":"https:\/\/centrourbano.com\/revista\/inmobiliario\/entrega-nunez-apoyos-empresas-tabasquenas\/#breadcrumb"},"inLanguage":"es","potentialAction":[{"@type":"ReadAction","target":["https:\/\/centrourbano.com\/revista\/inmobiliario\/entrega-nunez-apoyos-empresas-tabasquenas\/"]}]},{"@type":"ImageObject","inLanguage":"es","@id":"https:\/\/centrourbano.com\/revista\/inmobiliario\/entrega-nunez-apoyos-empresas-tabasquenas\/#primaryimage","url":"https:\/\/centrourbano.com\/revista\/wp-content\/uploads\/empresas-tabasco.jpg","contentUrl":"https:\/\/centrourbano.com\/revista\/wp-content\/uploads\/empresas-tabasco.jpg","width":844,"height":545,"caption":"La Secretar\u00eda de Desarrollo Agropecuario, Forestal y Pesquero entreg\u00f3 recursos por 34 mdp"},{"@type":"BreadcrumbList","@id":"https:\/\/centrourbano.com\/revista\/inmobiliario\/entrega-nunez-apoyos-empresas-tabasquenas\/#breadcrumb","itemListElement":[{"@type":"ListItem","position":1,"name":"Portada","item":"https:\/\/centrourbano.com\/revista\/"},{"@type":"ListItem","position":2,"name":"Entrega N\u00fa\u00f1ez apoyos a empresas tabasque\u00f1as"}]},{"@type":"WebSite","@id":"https:\/\/centrourbano.com\/revista\/#website","url":"https:\/\/centrourbano.com\/revista\/","name":"Centro Urbano","description":"Medio especializado en los sectores vivienda, inmobiliario, construcci\u00f3n, arquitectura y urbanismo.","publisher":{"@id":"https:\/\/centrourbano.com\/revista\/#organization"},"potentialAction":[{"@type":"SearchAction","target":{"@type":"EntryPoint","urlTemplate":"https:\/\/centrourbano.com\/revista\/?s={search_term_string}"},"query-input":{"@type":"PropertyValueSpecification","valueRequired":true,"valueName":"search_term_string"}}],"inLanguage":"es"},{"@type":"Organization","@id":"https:\/\/centrourbano.com\/revista\/#organization","name":"Centro Urbano","url":"https:\/\/centrourbano.com\/revista\/","logo":{"@type":"ImageObject","inLanguage":"es","@id":"https:\/\/centrourbano.com\/revista\/#\/schema\/logo\/image\/","url":"https:\/\/centrourbano.com\/revista\/wp-content\/uploads\/web_CU_logo-1.png","contentUrl":"https:\/\/centrourbano.com\/revista\/wp-content\/uploads\/web_CU_logo-1.png","width":350,"height":91,"caption":"Centro Urbano"},"image":{"@id":"https:\/\/centrourbano.com\/revista\/#\/schema\/logo\/image\/"},"sameAs":["https:\/\/www.facebook.com\/portalcentrourbano","https:\/\/x.com\/CentroUrbano","https:\/\/www.instagram.com\/centro_urbano\/","https:\/\/www.linkedin.com\/company\/centro-urbano\/","http:\/\/www.youtube.com\/user\/portalcentrourbano"]},{"@type":"Person","@id":"https:\/\/centrourbano.com\/revista\/#\/schema\/person\/b50192a3cd0e680841b45dc537f53970","name":"Diego Rodr\u00edguez","image":{"@type":"ImageObject","inLanguage":"es","@id":"https:\/\/secure.gravatar.com\/avatar\/d217565525df2df5d4e7265d47758506f41845ed9529510921a7625d8365789d?s=96&d=mm&r=g","url":"https:\/\/secure.gravatar.com\/avatar\/d217565525df2df5d4e7265d47758506f41845ed9529510921a7625d8365789d?s=96&d=mm&r=g","contentUrl":"https:\/\/secure.gravatar.com\/avatar\/d217565525df2df5d4e7265d47758506f41845ed9529510921a7625d8365789d?s=96&d=mm&r=g","caption":"Diego Rodr\u00edguez"},"description":"Egresado de la Facultad de Estudios Superiores Acatl\u00e1n de la carrera en Comunicaci\u00f3n, con especialidad en medios escritos. Reportero del desaparecido peri\u00f3dico Nuestro M\u00e9xico, en donde cubri\u00f3 las fuentes delegacionales y Asamblea Legislativa. Tambi\u00e9n trabaj\u00f3 en la Coordinaci\u00f3n de Comunicaci\u00f3n Social en la delegaci\u00f3n \u00c1lvaro Obreg\u00f3n. Le gusta leer novelas y cuentos.","url":"https:\/\/centrourbano.com\/revista\/author\/diegorodriguez\/"}]}},"_links":{"self":[{"href":"https:\/\/centrourbano.com\/revista\/wp-json\/wp\/v2\/posts\/47649","targetHints":{"allow":["GET"]}}],"collection":[{"href":"https:\/\/centrourbano.com\/revista\/wp-json\/wp\/v2\/posts"}],"about":[{"href":"https:\/\/centrourbano.com\/revista\/wp-json\/wp\/v2\/types\/post"}],"author":[{"embeddable":true,"href":"https:\/\/centrourbano.com\/revista\/wp-json\/wp\/v2\/users\/37"}],"replies":[{"embeddable":true,"href":"https:\/\/centrourbano.com\/revista\/wp-json\/wp\/v2\/comments?post=47649"}],"version-history":[{"count":0,"href":"https:\/\/centrourbano.com\/revista\/wp-json\/wp\/v2\/posts\/47649\/revisions"}],"wp:featuredmedia":[{"embeddable":true,"href":"https:\/\/centrourbano.com\/revista\/wp-json\/wp\/v2\/media\/47660"}],"wp:attachment":[{"href":"https:\/\/centrourbano.com\/revista\/wp-json\/wp\/v2\/media?parent=47649"}],"wp:term":[{"taxonomy":"category","embeddable":true,"href":"https:\/\/centrourbano.com\/revista\/wp-json\/wp\/v2\/categories?post=47649"},{"taxonomy":"post_tag","embeddable":true,"href":"https:\/\/centrourbano.com\/revista\/wp-json\/wp\/v2\/tags?post=47649"}],"curies":[{"name":"wp","href":"https:\/\/api.w.org\/{rel}","templated":true}]}}