{"id":47636,"date":"2017-01-20T08:05:04","date_gmt":"2017-01-20T14:05:04","guid":{"rendered":"https:\/\/centrourbano.com\/?p=47636"},"modified":"2017-01-20T09:07:26","modified_gmt":"2017-01-20T15:07:26","slug":"rectoria-sedatu-ha-dado-competitividad-sector-vivienda-wolpert","status":"publish","type":"post","link":"https:\/\/centrourbano.com\/revista\/vivienda\/rectoria-sedatu-ha-dado-competitividad-sector-vivienda-wolpert\/","title":{"rendered":"Rector\u00eda de Sedatu ha dado competitividad a vivienda: Wolpert"},"content":{"rendered":"<p><em>El director de Conavi asegur\u00f3 que la creaci\u00f3n de Sedatu ha representado para la industria un cambio, entre ellos, tener salud financiera <\/em><!--more--><\/p>\n<p>A 4 a\u00f1os de la llegada de la actual administraci\u00f3n, y gracias a la rector\u00eda de la Secretar\u00eda de Desarrollo Agrario, Territorial y Urbano (Sedatu), el sector de la vivienda se ha transformado y dejado atr\u00e1s el panorama adverso presentado en 2012.<\/p>\n<p>As\u00ed lo consider\u00f3 Jorge Wolpert Kuri, director general de la Comisi\u00f3n Nacional de Vivienda (Conavi), quien destac\u00f3 que la creaci\u00f3n de la Sedatu represent\u00f3 un cambio radical en el sector, al brindarle salud financiera. <\/p>\n<p>\u201cEn 2012 hubo una crisis muy importante, materializada en 2013; habl\u00e1bamos de las 3 grandes empresas que cayeron en una situaci\u00f3n complicada. Hab\u00eda una depresi\u00f3n medible en t\u00e9rminos de producci\u00f3n de vivienda; hab\u00eda pocos competidores\u201d, se\u00f1al\u00f3 Wolpert. <\/p>\n<p>El director de la Conavi se\u00f1al\u00f3 que hoy la realidad del sector es otra. Dijo, por ejemplo, que hoy existe una industria diversificada, con m\u00e1s de 1,000 desarrolladores, eliminando as\u00ed la concentraci\u00f3n de la construcci\u00f3n. <\/p>\n","protected":false},"excerpt":{"rendered":"<p>El director de Conavi asegur\u00f3 que la creaci\u00f3n de Sedatu ha representado para la industria un cambio, entre ellos, tener salud financiera<\/p>\n","protected":false},"author":47,"featured_media":47637,"comment_status":"open","ping_status":"closed","sticky":false,"template":"","format":"standard","meta":{"om_disable_all_campaigns":false,"inline_featured_image":false,"_monsterinsights_skip_tracking":false,"_monsterinsights_sitenote_active":false,"_monsterinsights_sitenote_note":"","_monsterinsights_sitenote_category":0,"footnotes":""},"categories":[12],"tags":[376,9132,105],"class_list":["post-47636","post","type-post","status-publish","format-standard","has-post-thumbnail","hentry","category-vivienda","tag-conavi","tag-jorge-wolpert-kuri","tag-sedatu"],"yoast_head":"<!-- This site is optimized with the Yoast SEO plugin v27.4 - https:\/\/yoast.com\/product\/yoast-seo-wordpress\/ -->\n<title>Rector\u00eda de Sedatu ha dado competitividad a vivienda: Wolpert -<\/title>\n<meta name=\"description\" content=\"A 4 a\u00f1os de la llegada de la actual administraci\u00f3n, y gracias a la rector\u00eda de la Secretar\u00eda de Desarrollo Agrario, Territorial y Urbano (Sedatu), el sector de la vivienda se ha transformado y dejado atr\u00e1s el panorama adverso presentado en 2012.\" \/>\n<meta name=\"robots\" content=\"index, follow, max-snippet:-1, max-image-preview:large, max-video-preview:-1\" \/>\n<link rel=\"canonical\" href=\"https:\/\/centrourbano.com\/revista\/vivienda\/rectoria-sedatu-ha-dado-competitividad-sector-vivienda-wolpert\/\" \/>\n<meta property=\"og:locale\" content=\"es_ES\" \/>\n<meta property=\"og:type\" content=\"article\" \/>\n<meta property=\"og:title\" content=\"Rector\u00eda de Sedatu ha dado competitividad a vivienda: Wolpert -\" \/>\n<meta property=\"og:description\" content=\"A 4 a\u00f1os de la llegada de la actual administraci\u00f3n, y gracias a la rector\u00eda de la Secretar\u00eda de Desarrollo Agrario, Territorial y Urbano (Sedatu), el sector de la vivienda se ha transformado y dejado atr\u00e1s el panorama adverso presentado en 2012.\" \/>\n<meta property=\"og:url\" content=\"https:\/\/centrourbano.com\/revista\/vivienda\/rectoria-sedatu-ha-dado-competitividad-sector-vivienda-wolpert\/\" \/>\n<meta property=\"og:site_name\" content=\"Centro Urbano\" \/>\n<meta property=\"article:publisher\" content=\"https:\/\/www.facebook.com\/portalcentrourbano\" \/>\n<meta property=\"article:published_time\" content=\"2017-01-20T14:05:04+00:00\" \/>\n<meta property=\"article:modified_time\" content=\"2017-01-20T15:07:26+00:00\" \/>\n<meta property=\"og:image\" content=\"https:\/\/centrourbano.com\/revista\/wp-content\/uploads\/Wolpert_Conavi1.jpeg\" \/>\n\t<meta property=\"og:image:width\" content=\"753\" \/>\n\t<meta property=\"og:image:height\" content=\"600\" \/>\n\t<meta property=\"og:image:type\" content=\"image\/jpeg\" \/>\n<meta name=\"author\" content=\"Edgar Rosas\" \/>\n<meta name=\"twitter:card\" content=\"summary_large_image\" \/>\n<meta name=\"twitter:creator\" content=\"@https:\/\/twitter.com\/ERosasCU?s=09\" \/>\n<meta name=\"twitter:site\" content=\"@CentroUrbano\" \/>\n<meta name=\"twitter:label1\" content=\"Escrito por\" \/>\n\t<meta name=\"twitter:data1\" content=\"Edgar Rosas\" \/>\n\t<meta name=\"twitter:label2\" content=\"Tiempo de lectura\" \/>\n\t<meta name=\"twitter:data2\" content=\"1 minuto\" \/>\n<script type=\"application\/ld+json\" class=\"yoast-schema-graph\">{\"@context\":\"https:\\\/\\\/schema.org\",\"@graph\":[{\"@type\":\"Article\",\"@id\":\"https:\\\/\\\/centrourbano.com\\\/revista\\\/vivienda\\\/rectoria-sedatu-ha-dado-competitividad-sector-vivienda-wolpert\\\/#article\",\"isPartOf\":{\"@id\":\"https:\\\/\\\/centrourbano.com\\\/revista\\\/vivienda\\\/rectoria-sedatu-ha-dado-competitividad-sector-vivienda-wolpert\\\/\"},\"author\":{\"name\":\"Edgar Rosas\",\"@id\":\"https:\\\/\\\/centrourbano.com\\\/revista\\\/#\\\/schema\\\/person\\\/ff3c00651ce5b1630479d2cd0c2e3ac0\"},\"headline\":\"Rector\u00eda de Sedatu ha dado competitividad a vivienda: Wolpert\",\"datePublished\":\"2017-01-20T14:05:04+00:00\",\"dateModified\":\"2017-01-20T15:07:26+00:00\",\"mainEntityOfPage\":{\"@id\":\"https:\\\/\\\/centrourbano.com\\\/revista\\\/vivienda\\\/rectoria-sedatu-ha-dado-competitividad-sector-vivienda-wolpert\\\/\"},\"wordCount\":194,\"commentCount\":0,\"publisher\":{\"@id\":\"https:\\\/\\\/centrourbano.com\\\/revista\\\/#organization\"},\"image\":{\"@id\":\"https:\\\/\\\/centrourbano.com\\\/revista\\\/vivienda\\\/rectoria-sedatu-ha-dado-competitividad-sector-vivienda-wolpert\\\/#primaryimage\"},\"thumbnailUrl\":\"https:\\\/\\\/centrourbano.com\\\/revista\\\/wp-content\\\/uploads\\\/Wolpert_Conavi1.jpeg\",\"keywords\":[\"Conavi\",\"Jorge Wolpert Kuri\",\"Sedatu\"],\"articleSection\":[\"Vivienda\"],\"inLanguage\":\"es\",\"potentialAction\":[{\"@type\":\"CommentAction\",\"name\":\"Comment\",\"target\":[\"https:\\\/\\\/centrourbano.com\\\/revista\\\/vivienda\\\/rectoria-sedatu-ha-dado-competitividad-sector-vivienda-wolpert\\\/#respond\"]}]},{\"@type\":\"WebPage\",\"@id\":\"https:\\\/\\\/centrourbano.com\\\/revista\\\/vivienda\\\/rectoria-sedatu-ha-dado-competitividad-sector-vivienda-wolpert\\\/\",\"url\":\"https:\\\/\\\/centrourbano.com\\\/revista\\\/vivienda\\\/rectoria-sedatu-ha-dado-competitividad-sector-vivienda-wolpert\\\/\",\"name\":\"Rector\u00eda de Sedatu ha dado competitividad a vivienda: Wolpert -\",\"isPartOf\":{\"@id\":\"https:\\\/\\\/centrourbano.com\\\/revista\\\/#website\"},\"primaryImageOfPage\":{\"@id\":\"https:\\\/\\\/centrourbano.com\\\/revista\\\/vivienda\\\/rectoria-sedatu-ha-dado-competitividad-sector-vivienda-wolpert\\\/#primaryimage\"},\"image\":{\"@id\":\"https:\\\/\\\/centrourbano.com\\\/revista\\\/vivienda\\\/rectoria-sedatu-ha-dado-competitividad-sector-vivienda-wolpert\\\/#primaryimage\"},\"thumbnailUrl\":\"https:\\\/\\\/centrourbano.com\\\/revista\\\/wp-content\\\/uploads\\\/Wolpert_Conavi1.jpeg\",\"datePublished\":\"2017-01-20T14:05:04+00:00\",\"dateModified\":\"2017-01-20T15:07:26+00:00\",\"description\":\"A 4 a\u00f1os de la llegada de la actual administraci\u00f3n, y gracias a la rector\u00eda de la Secretar\u00eda de Desarrollo Agrario, Territorial y Urbano (Sedatu), el sector de la vivienda se ha transformado y dejado atr\u00e1s el panorama adverso presentado en 2012.\",\"breadcrumb\":{\"@id\":\"https:\\\/\\\/centrourbano.com\\\/revista\\\/vivienda\\\/rectoria-sedatu-ha-dado-competitividad-sector-vivienda-wolpert\\\/#breadcrumb\"},\"inLanguage\":\"es\",\"potentialAction\":[{\"@type\":\"ReadAction\",\"target\":[\"https:\\\/\\\/centrourbano.com\\\/revista\\\/vivienda\\\/rectoria-sedatu-ha-dado-competitividad-sector-vivienda-wolpert\\\/\"]}]},{\"@type\":\"ImageObject\",\"inLanguage\":\"es\",\"@id\":\"https:\\\/\\\/centrourbano.com\\\/revista\\\/vivienda\\\/rectoria-sedatu-ha-dado-competitividad-sector-vivienda-wolpert\\\/#primaryimage\",\"url\":\"https:\\\/\\\/centrourbano.com\\\/revista\\\/wp-content\\\/uploads\\\/Wolpert_Conavi1.jpeg\",\"contentUrl\":\"https:\\\/\\\/centrourbano.com\\\/revista\\\/wp-content\\\/uploads\\\/Wolpert_Conavi1.jpeg\",\"width\":753,\"height\":600,\"caption\":\"El director de Conavi asegur\u00f3 que la creaci\u00f3n de Conavi ha representado para la industria un cambio, entre ellos, tener salud financiera\"},{\"@type\":\"BreadcrumbList\",\"@id\":\"https:\\\/\\\/centrourbano.com\\\/revista\\\/vivienda\\\/rectoria-sedatu-ha-dado-competitividad-sector-vivienda-wolpert\\\/#breadcrumb\",\"itemListElement\":[{\"@type\":\"ListItem\",\"position\":1,\"name\":\"Portada\",\"item\":\"https:\\\/\\\/centrourbano.com\\\/revista\\\/\"},{\"@type\":\"ListItem\",\"position\":2,\"name\":\"Rector\u00eda de Sedatu ha dado competitividad a vivienda: Wolpert\"}]},{\"@type\":\"WebSite\",\"@id\":\"https:\\\/\\\/centrourbano.com\\\/revista\\\/#website\",\"url\":\"https:\\\/\\\/centrourbano.com\\\/revista\\\/\",\"name\":\"Centro Urbano\",\"description\":\"Medio especializado en los sectores vivienda, inmobiliario, construcci\u00f3n, arquitectura y urbanismo.\",\"publisher\":{\"@id\":\"https:\\\/\\\/centrourbano.com\\\/revista\\\/#organization\"},\"potentialAction\":[{\"@type\":\"SearchAction\",\"target\":{\"@type\":\"EntryPoint\",\"urlTemplate\":\"https:\\\/\\\/centrourbano.com\\\/revista\\\/?s={search_term_string}\"},\"query-input\":{\"@type\":\"PropertyValueSpecification\",\"valueRequired\":true,\"valueName\":\"search_term_string\"}}],\"inLanguage\":\"es\"},{\"@type\":\"Organization\",\"@id\":\"https:\\\/\\\/centrourbano.com\\\/revista\\\/#organization\",\"name\":\"Centro Urbano\",\"url\":\"https:\\\/\\\/centrourbano.com\\\/revista\\\/\",\"logo\":{\"@type\":\"ImageObject\",\"inLanguage\":\"es\",\"@id\":\"https:\\\/\\\/centrourbano.com\\\/revista\\\/#\\\/schema\\\/logo\\\/image\\\/\",\"url\":\"https:\\\/\\\/centrourbano.com\\\/revista\\\/wp-content\\\/uploads\\\/web_CU_logo-1.png\",\"contentUrl\":\"https:\\\/\\\/centrourbano.com\\\/revista\\\/wp-content\\\/uploads\\\/web_CU_logo-1.png\",\"width\":350,\"height\":91,\"caption\":\"Centro Urbano\"},\"image\":{\"@id\":\"https:\\\/\\\/centrourbano.com\\\/revista\\\/#\\\/schema\\\/logo\\\/image\\\/\"},\"sameAs\":[\"https:\\\/\\\/www.facebook.com\\\/portalcentrourbano\",\"https:\\\/\\\/x.com\\\/CentroUrbano\",\"https:\\\/\\\/www.instagram.com\\\/centro_urbano\\\/\",\"https:\\\/\\\/www.linkedin.com\\\/company\\\/centro-urbano\\\/\",\"http:\\\/\\\/www.youtube.com\\\/user\\\/portalcentrourbano\"]},{\"@type\":\"Person\",\"@id\":\"https:\\\/\\\/centrourbano.com\\\/revista\\\/#\\\/schema\\\/person\\\/ff3c00651ce5b1630479d2cd0c2e3ac0\",\"name\":\"Edgar Rosas\",\"image\":{\"@type\":\"ImageObject\",\"inLanguage\":\"es\",\"@id\":\"https:\\\/\\\/secure.gravatar.com\\\/avatar\\\/94440c4283495211faa5300bf85e80061036b83fced868c3783aa1310b350d9c?s=96&d=mm&r=g\",\"url\":\"https:\\\/\\\/secure.gravatar.com\\\/avatar\\\/94440c4283495211faa5300bf85e80061036b83fced868c3783aa1310b350d9c?s=96&d=mm&r=g\",\"contentUrl\":\"https:\\\/\\\/secure.gravatar.com\\\/avatar\\\/94440c4283495211faa5300bf85e80061036b83fced868c3783aa1310b350d9c?s=96&d=mm&r=g\",\"caption\":\"Edgar Rosas\"},\"description\":\"Editor en Jefe de Centro Urbano. Egresado de la maestr\u00eda en Periodismo Pol\u00edtico de la Escuela de Periodismo Carlos Septi\u00e9n Garc\u00eda (EPCSG). Estudi\u00f3 la licenciatura en Comunicaci\u00f3n en la Universidad Mexicana. Amante de la cr\u00f3nica y el reportaje. Admirador de Vicente Le\u00f1ero y Miguel \u00c1ngel Granados Chapa.\",\"sameAs\":[\"https:\\\/\\\/x.com\\\/https:\\\/\\\/twitter.com\\\/ERosasCU?s=09\"],\"url\":\"https:\\\/\\\/centrourbano.com\\\/revista\\\/author\\\/edgar-rosas\\\/\"}]}<\/script>\n<!-- \/ Yoast SEO plugin. -->","yoast_head_json":{"title":"Rector\u00eda de Sedatu ha dado competitividad a vivienda: Wolpert -","description":"A 4 a\u00f1os de la llegada de la actual administraci\u00f3n, y gracias a la rector\u00eda de la Secretar\u00eda de Desarrollo Agrario, Territorial y Urbano (Sedatu), el sector de la vivienda se ha transformado y dejado atr\u00e1s el panorama adverso presentado en 2012.","robots":{"index":"index","follow":"follow","max-snippet":"max-snippet:-1","max-image-preview":"max-image-preview:large","max-video-preview":"max-video-preview:-1"},"canonical":"https:\/\/centrourbano.com\/revista\/vivienda\/rectoria-sedatu-ha-dado-competitividad-sector-vivienda-wolpert\/","og_locale":"es_ES","og_type":"article","og_title":"Rector\u00eda de Sedatu ha dado competitividad a vivienda: Wolpert -","og_description":"A 4 a\u00f1os de la llegada de la actual administraci\u00f3n, y gracias a la rector\u00eda de la Secretar\u00eda de Desarrollo Agrario, Territorial y Urbano (Sedatu), el sector de la vivienda se ha transformado y dejado atr\u00e1s el panorama adverso presentado en 2012.","og_url":"https:\/\/centrourbano.com\/revista\/vivienda\/rectoria-sedatu-ha-dado-competitividad-sector-vivienda-wolpert\/","og_site_name":"Centro Urbano","article_publisher":"https:\/\/www.facebook.com\/portalcentrourbano","article_published_time":"2017-01-20T14:05:04+00:00","article_modified_time":"2017-01-20T15:07:26+00:00","og_image":[{"width":753,"height":600,"url":"https:\/\/centrourbano.com\/revista\/wp-content\/uploads\/Wolpert_Conavi1.jpeg","type":"image\/jpeg"}],"author":"Edgar Rosas","twitter_card":"summary_large_image","twitter_creator":"@https:\/\/twitter.com\/ERosasCU?s=09","twitter_site":"@CentroUrbano","twitter_misc":{"Escrito por":"Edgar Rosas","Tiempo de lectura":"1 minuto"},"schema":{"@context":"https:\/\/schema.org","@graph":[{"@type":"Article","@id":"https:\/\/centrourbano.com\/revista\/vivienda\/rectoria-sedatu-ha-dado-competitividad-sector-vivienda-wolpert\/#article","isPartOf":{"@id":"https:\/\/centrourbano.com\/revista\/vivienda\/rectoria-sedatu-ha-dado-competitividad-sector-vivienda-wolpert\/"},"author":{"name":"Edgar Rosas","@id":"https:\/\/centrourbano.com\/revista\/#\/schema\/person\/ff3c00651ce5b1630479d2cd0c2e3ac0"},"headline":"Rector\u00eda de Sedatu ha dado competitividad a vivienda: Wolpert","datePublished":"2017-01-20T14:05:04+00:00","dateModified":"2017-01-20T15:07:26+00:00","mainEntityOfPage":{"@id":"https:\/\/centrourbano.com\/revista\/vivienda\/rectoria-sedatu-ha-dado-competitividad-sector-vivienda-wolpert\/"},"wordCount":194,"commentCount":0,"publisher":{"@id":"https:\/\/centrourbano.com\/revista\/#organization"},"image":{"@id":"https:\/\/centrourbano.com\/revista\/vivienda\/rectoria-sedatu-ha-dado-competitividad-sector-vivienda-wolpert\/#primaryimage"},"thumbnailUrl":"https:\/\/centrourbano.com\/revista\/wp-content\/uploads\/Wolpert_Conavi1.jpeg","keywords":["Conavi","Jorge Wolpert Kuri","Sedatu"],"articleSection":["Vivienda"],"inLanguage":"es","potentialAction":[{"@type":"CommentAction","name":"Comment","target":["https:\/\/centrourbano.com\/revista\/vivienda\/rectoria-sedatu-ha-dado-competitividad-sector-vivienda-wolpert\/#respond"]}]},{"@type":"WebPage","@id":"https:\/\/centrourbano.com\/revista\/vivienda\/rectoria-sedatu-ha-dado-competitividad-sector-vivienda-wolpert\/","url":"https:\/\/centrourbano.com\/revista\/vivienda\/rectoria-sedatu-ha-dado-competitividad-sector-vivienda-wolpert\/","name":"Rector\u00eda de Sedatu ha dado competitividad a vivienda: Wolpert -","isPartOf":{"@id":"https:\/\/centrourbano.com\/revista\/#website"},"primaryImageOfPage":{"@id":"https:\/\/centrourbano.com\/revista\/vivienda\/rectoria-sedatu-ha-dado-competitividad-sector-vivienda-wolpert\/#primaryimage"},"image":{"@id":"https:\/\/centrourbano.com\/revista\/vivienda\/rectoria-sedatu-ha-dado-competitividad-sector-vivienda-wolpert\/#primaryimage"},"thumbnailUrl":"https:\/\/centrourbano.com\/revista\/wp-content\/uploads\/Wolpert_Conavi1.jpeg","datePublished":"2017-01-20T14:05:04+00:00","dateModified":"2017-01-20T15:07:26+00:00","description":"A 4 a\u00f1os de la llegada de la actual administraci\u00f3n, y gracias a la rector\u00eda de la Secretar\u00eda de Desarrollo Agrario, Territorial y Urbano (Sedatu), el sector de la vivienda se ha transformado y dejado atr\u00e1s el panorama adverso presentado en 2012.","breadcrumb":{"@id":"https:\/\/centrourbano.com\/revista\/vivienda\/rectoria-sedatu-ha-dado-competitividad-sector-vivienda-wolpert\/#breadcrumb"},"inLanguage":"es","potentialAction":[{"@type":"ReadAction","target":["https:\/\/centrourbano.com\/revista\/vivienda\/rectoria-sedatu-ha-dado-competitividad-sector-vivienda-wolpert\/"]}]},{"@type":"ImageObject","inLanguage":"es","@id":"https:\/\/centrourbano.com\/revista\/vivienda\/rectoria-sedatu-ha-dado-competitividad-sector-vivienda-wolpert\/#primaryimage","url":"https:\/\/centrourbano.com\/revista\/wp-content\/uploads\/Wolpert_Conavi1.jpeg","contentUrl":"https:\/\/centrourbano.com\/revista\/wp-content\/uploads\/Wolpert_Conavi1.jpeg","width":753,"height":600,"caption":"El director de Conavi asegur\u00f3 que la creaci\u00f3n de Conavi ha representado para la industria un cambio, entre ellos, tener salud financiera"},{"@type":"BreadcrumbList","@id":"https:\/\/centrourbano.com\/revista\/vivienda\/rectoria-sedatu-ha-dado-competitividad-sector-vivienda-wolpert\/#breadcrumb","itemListElement":[{"@type":"ListItem","position":1,"name":"Portada","item":"https:\/\/centrourbano.com\/revista\/"},{"@type":"ListItem","position":2,"name":"Rector\u00eda de Sedatu ha dado competitividad a vivienda: Wolpert"}]},{"@type":"WebSite","@id":"https:\/\/centrourbano.com\/revista\/#website","url":"https:\/\/centrourbano.com\/revista\/","name":"Centro Urbano","description":"Medio especializado en los sectores vivienda, inmobiliario, construcci\u00f3n, arquitectura y urbanismo.","publisher":{"@id":"https:\/\/centrourbano.com\/revista\/#organization"},"potentialAction":[{"@type":"SearchAction","target":{"@type":"EntryPoint","urlTemplate":"https:\/\/centrourbano.com\/revista\/?s={search_term_string}"},"query-input":{"@type":"PropertyValueSpecification","valueRequired":true,"valueName":"search_term_string"}}],"inLanguage":"es"},{"@type":"Organization","@id":"https:\/\/centrourbano.com\/revista\/#organization","name":"Centro Urbano","url":"https:\/\/centrourbano.com\/revista\/","logo":{"@type":"ImageObject","inLanguage":"es","@id":"https:\/\/centrourbano.com\/revista\/#\/schema\/logo\/image\/","url":"https:\/\/centrourbano.com\/revista\/wp-content\/uploads\/web_CU_logo-1.png","contentUrl":"https:\/\/centrourbano.com\/revista\/wp-content\/uploads\/web_CU_logo-1.png","width":350,"height":91,"caption":"Centro Urbano"},"image":{"@id":"https:\/\/centrourbano.com\/revista\/#\/schema\/logo\/image\/"},"sameAs":["https:\/\/www.facebook.com\/portalcentrourbano","https:\/\/x.com\/CentroUrbano","https:\/\/www.instagram.com\/centro_urbano\/","https:\/\/www.linkedin.com\/company\/centro-urbano\/","http:\/\/www.youtube.com\/user\/portalcentrourbano"]},{"@type":"Person","@id":"https:\/\/centrourbano.com\/revista\/#\/schema\/person\/ff3c00651ce5b1630479d2cd0c2e3ac0","name":"Edgar Rosas","image":{"@type":"ImageObject","inLanguage":"es","@id":"https:\/\/secure.gravatar.com\/avatar\/94440c4283495211faa5300bf85e80061036b83fced868c3783aa1310b350d9c?s=96&d=mm&r=g","url":"https:\/\/secure.gravatar.com\/avatar\/94440c4283495211faa5300bf85e80061036b83fced868c3783aa1310b350d9c?s=96&d=mm&r=g","contentUrl":"https:\/\/secure.gravatar.com\/avatar\/94440c4283495211faa5300bf85e80061036b83fced868c3783aa1310b350d9c?s=96&d=mm&r=g","caption":"Edgar Rosas"},"description":"Editor en Jefe de Centro Urbano. Egresado de la maestr\u00eda en Periodismo Pol\u00edtico de la Escuela de Periodismo Carlos Septi\u00e9n Garc\u00eda (EPCSG). Estudi\u00f3 la licenciatura en Comunicaci\u00f3n en la Universidad Mexicana. Amante de la cr\u00f3nica y el reportaje. Admirador de Vicente Le\u00f1ero y Miguel \u00c1ngel Granados Chapa.","sameAs":["https:\/\/x.com\/https:\/\/twitter.com\/ERosasCU?s=09"],"url":"https:\/\/centrourbano.com\/revista\/author\/edgar-rosas\/"}]}},"_links":{"self":[{"href":"https:\/\/centrourbano.com\/revista\/wp-json\/wp\/v2\/posts\/47636","targetHints":{"allow":["GET"]}}],"collection":[{"href":"https:\/\/centrourbano.com\/revista\/wp-json\/wp\/v2\/posts"}],"about":[{"href":"https:\/\/centrourbano.com\/revista\/wp-json\/wp\/v2\/types\/post"}],"author":[{"embeddable":true,"href":"https:\/\/centrourbano.com\/revista\/wp-json\/wp\/v2\/users\/47"}],"replies":[{"embeddable":true,"href":"https:\/\/centrourbano.com\/revista\/wp-json\/wp\/v2\/comments?post=47636"}],"version-history":[{"count":0,"href":"https:\/\/centrourbano.com\/revista\/wp-json\/wp\/v2\/posts\/47636\/revisions"}],"wp:featuredmedia":[{"embeddable":true,"href":"https:\/\/centrourbano.com\/revista\/wp-json\/wp\/v2\/media\/47637"}],"wp:attachment":[{"href":"https:\/\/centrourbano.com\/revista\/wp-json\/wp\/v2\/media?parent=47636"}],"wp:term":[{"taxonomy":"category","embeddable":true,"href":"https:\/\/centrourbano.com\/revista\/wp-json\/wp\/v2\/categories?post=47636"},{"taxonomy":"post_tag","embeddable":true,"href":"https:\/\/centrourbano.com\/revista\/wp-json\/wp\/v2\/tags?post=47636"}],"curies":[{"name":"wp","href":"https:\/\/api.w.org\/{rel}","templated":true}]}}