{"id":47544,"date":"2017-01-19T09:02:41","date_gmt":"2017-01-19T15:02:41","guid":{"rendered":"https:\/\/centrourbano.com\/?p=47544"},"modified":"2017-01-19T09:02:41","modified_gmt":"2017-01-19T15:02:41","slug":"tec-monterrey-quiero-casa-trabajaran-mejorar-contexto-la-cdmx","status":"publish","type":"post","link":"https:\/\/centrourbano.com\/revista\/arquitectura-2\/tec-monterrey-quiero-casa-trabajaran-mejorar-contexto-la-cdmx\/","title":{"rendered":"Tec de Monterrey y Quiero Casa trabajar\u00e1n para mejorar el contexto de la CDMX"},"content":{"rendered":"<p><em>Buscan impulsar las ideas y propuestas de futuros arquitectos y urbanistas en el desarrollo de proyectos que contribuyan a la regeneraci\u00f3n del espacio p\u00fablico<\/em><!--more--><\/p>\n<p>En d\u00edas pasados Fundaci\u00f3n Quiero Casa y el TEC de Monterrey formalizaron una alianza de colaboraci\u00f3n a trav\u00e9s del programa acad\u00e9mico \u201cRegeneraci\u00f3n de un espacio p\u00fablico: C\u00e1tedra Empresarial Quiero Casa-TEC\u201d.<\/p>\n<p>El objetivo de este convenio es fomentar la participaci\u00f3n de los alumnos de \u00faltimo semestre de la Facultad de Arquitectura en el desarrollo de proyectos que contribuyan a la regeneraci\u00f3n del espacio p\u00fablico en la Ciudad de M\u00e9xico, buscando mejorar la calidad de vida de quienes ah\u00ed habitan.<\/p>\n<p>Mediante dicha alianza, Quiero Casa busca impulsar las ideas y propuestas de futuros arquitectos y urbanistas, para mejorar el contexto de la Ciudad de M\u00e9xico.<\/p>\n<p>David Hoffs, director corporativo de Estrategia de Quiero Casa, explic\u00f3 que este programa acad\u00e9mico surge como respuesta a la necesidad de crear nuevas propuestas alrededor del tema de desarrollo urbano, reconociendo la intervenci\u00f3n de factores econ\u00f3micos, pol\u00edticos y sociales que hoy en d\u00eda limitan la oferta de vivienda en las ciudades, imposibilitan la adquisici\u00f3n de un hogar para gran parte de la poblaci\u00f3n y merman la calidad de vida en las urbes.<\/p>\n<p>Por su parte, Ricardo Swain, director de la Escuela de Dise\u00f1o, Ingenier\u00eda y Arquitectura de la Regi\u00f3n Ciudad de Mexico del Tecnol\u00f3gico de Monterrey, se\u00f1al\u00f3 que a trav\u00e9s de este convenio de colaboraci\u00f3n se crea una experiencia que reta a los alumnos a poner en pr\u00e1ctica su talento y creatividad para satisfacer necesidades espec\u00edficas, hacer mejoras innovadoras que promueven el desarrollo de los espacios p\u00fablicos en la Ciudad de M\u00e9xico.<\/p>\n<p>Asimismo, agreg\u00f3 que lo que se pretende con este proyecto es que los j\u00f3venes arquitectos fortalezcan sus capacidades de liderazgo como planificadores urbanos, al tiempo que inciden positivamente en la comunidad, a trav\u00e9s de la planeaci\u00f3n y el desarrollo equilibrado de las grandes urbes, espec\u00edficamente la Ciudad de M\u00e9xico.<\/p>\n<p>As\u00ed, los equipos conformados por alumnos que est\u00e9n por concluir la carrera de Arquitectura en el Tecnol\u00f3gico de Monterrey, tendr\u00e1n la oportunidad de buscar soluciones para equilibrar la complejidad y diversidad de las estructuras sociales, productivas y urbanas, impulsando al mismo tiempo una mayor eficiencia ambiental.<\/p>\n<p>Los proyectos presentados participar\u00e1n en el Concurso de Regeneraci\u00f3n de Espacio P\u00fablico en la Ciudad de M\u00e9xico, y deber\u00e1n apegarse a los lineamientos de la Autoridad del Espacio P\u00fablico de la CDMX, as\u00ed como seguir las recomendaciones de Desarrollo Regenerativo para el acercamiento comunitario.<\/p>\n<p>El jurado estar\u00e1 integrado por David Hoffs, director corporativo de Estrategia de Quiero Casa; Ana Trujillo, gerente de Fundaci\u00f3n Quiero Casa y Janet De Luna, directora de Investigaci\u00f3n Aplicada en la organizaci\u00f3n Mexicanos contra la Corrupci\u00f3n e Impunidad A.C.; as\u00ed como por Marisol Ugalde, Miguel T\u00e9llez y Patricia Torres, acad\u00e9micos de la Escuela de Dise\u00f1o, Ingenier\u00eda y Arquitectura de la Regi\u00f3n Ciudad de Mexico del Tecnol\u00f3gico de Monterrey. <\/p>\n<p>El equipo ganador obtendr\u00e1 financiamiento para desarrollar la primera etapa de su proyecto y adem\u00e1s, recibir\u00e1 una beca completa para asistir al Congreso Mundial de Estudiantes de Arquitectura, a realizarse en Canc\u00fan, Quintana Roo durante el mes de septiembre del presente a\u00f1o.<\/p>\n","protected":false},"excerpt":{"rendered":"<p>Buscan impulsar las ideas y propuestas de futuros arquitectos y urbanistas en el desarrollo de proyectos que contribuyan a la regeneraci\u00f3n del espacio p\u00fablico<\/p>\n","protected":false},"author":9,"featured_media":47545,"comment_status":"open","ping_status":"closed","sticky":false,"template":"","format":"standard","meta":{"om_disable_all_campaigns":false,"inline_featured_image":false,"_monsterinsights_skip_tracking":false,"_monsterinsights_sitenote_active":false,"_monsterinsights_sitenote_note":"","_monsterinsights_sitenote_category":0,"footnotes":""},"categories":[81],"tags":[],"class_list":["post-47544","post","type-post","status-publish","format-standard","has-post-thumbnail","hentry","category-arquitectura-2"],"yoast_head":"<!-- This site is optimized with the Yoast SEO plugin v27.4 - https:\/\/yoast.com\/product\/yoast-seo-wordpress\/ -->\n<title>Tec de Monterrey y Quiero Casa trabajar\u00e1n para mejorar el contexto de la CDMX<\/title>\n<meta name=\"description\" content=\"Buscan impulsar las ideas y propuestas de futuros arquitectos y urbanistas en el desarrollo de proyectos que contribuyan a la regeneraci\u00f3n del espacio p\u00fablico\" \/>\n<meta name=\"robots\" content=\"index, follow, max-snippet:-1, max-image-preview:large, max-video-preview:-1\" \/>\n<link rel=\"canonical\" href=\"https:\/\/centrourbano.com\/revista\/arquitectura-2\/tec-monterrey-quiero-casa-trabajaran-mejorar-contexto-la-cdmx\/\" \/>\n<meta property=\"og:locale\" content=\"es_ES\" \/>\n<meta property=\"og:type\" content=\"article\" \/>\n<meta property=\"og:title\" content=\"Tec de Monterrey y Quiero Casa trabajar\u00e1n para mejorar el contexto de la CDMX\" \/>\n<meta property=\"og:description\" content=\"Buscan impulsar las ideas y propuestas de futuros arquitectos y urbanistas en el desarrollo de proyectos que contribuyan a la regeneraci\u00f3n del espacio p\u00fablico\" \/>\n<meta property=\"og:url\" content=\"https:\/\/centrourbano.com\/revista\/arquitectura-2\/tec-monterrey-quiero-casa-trabajaran-mejorar-contexto-la-cdmx\/\" \/>\n<meta property=\"og:site_name\" content=\"Centro Urbano\" \/>\n<meta property=\"article:publisher\" content=\"https:\/\/www.facebook.com\/portalcentrourbano\" \/>\n<meta property=\"article:published_time\" content=\"2017-01-19T15:02:41+00:00\" \/>\n<meta property=\"og:image\" content=\"https:\/\/centrourbano.com\/revista\/wp-content\/uploads\/IMG_4667-1-768x512.jpg\" \/>\n\t<meta property=\"og:image:width\" content=\"768\" \/>\n\t<meta property=\"og:image:height\" content=\"512\" \/>\n\t<meta property=\"og:image:type\" content=\"image\/jpeg\" \/>\n<meta name=\"author\" content=\"Dinorah Nava\" \/>\n<meta name=\"twitter:card\" content=\"summary_large_image\" \/>\n<meta name=\"twitter:creator\" content=\"@https:\/\/twitter.com\/Dinorah_Nava28\" \/>\n<meta name=\"twitter:site\" content=\"@CentroUrbano\" \/>\n<meta name=\"twitter:label1\" content=\"Escrito por\" \/>\n\t<meta name=\"twitter:data1\" content=\"Dinorah Nava\" \/>\n\t<meta name=\"twitter:label2\" content=\"Tiempo de lectura\" \/>\n\t<meta name=\"twitter:data2\" content=\"3 minutos\" \/>\n<script type=\"application\/ld+json\" class=\"yoast-schema-graph\">{\"@context\":\"https:\\\/\\\/schema.org\",\"@graph\":[{\"@type\":\"Article\",\"@id\":\"https:\\\/\\\/centrourbano.com\\\/revista\\\/arquitectura-2\\\/tec-monterrey-quiero-casa-trabajaran-mejorar-contexto-la-cdmx\\\/#article\",\"isPartOf\":{\"@id\":\"https:\\\/\\\/centrourbano.com\\\/revista\\\/arquitectura-2\\\/tec-monterrey-quiero-casa-trabajaran-mejorar-contexto-la-cdmx\\\/\"},\"author\":{\"name\":\"Dinorah Nava\",\"@id\":\"https:\\\/\\\/centrourbano.com\\\/revista\\\/#\\\/schema\\\/person\\\/b45db815d96831257ba428a3d5a5fbdc\"},\"headline\":\"Tec de Monterrey y Quiero Casa trabajar\u00e1n para mejorar el contexto de la CDMX\",\"datePublished\":\"2017-01-19T15:02:41+00:00\",\"mainEntityOfPage\":{\"@id\":\"https:\\\/\\\/centrourbano.com\\\/revista\\\/arquitectura-2\\\/tec-monterrey-quiero-casa-trabajaran-mejorar-contexto-la-cdmx\\\/\"},\"wordCount\":594,\"commentCount\":0,\"publisher\":{\"@id\":\"https:\\\/\\\/centrourbano.com\\\/revista\\\/#organization\"},\"image\":{\"@id\":\"https:\\\/\\\/centrourbano.com\\\/revista\\\/arquitectura-2\\\/tec-monterrey-quiero-casa-trabajaran-mejorar-contexto-la-cdmx\\\/#primaryimage\"},\"thumbnailUrl\":\"https:\\\/\\\/centrourbano.com\\\/revista\\\/wp-content\\\/uploads\\\/IMG_4667-1-768x512.jpg\",\"articleSection\":[\"Arquitectura\"],\"inLanguage\":\"es\",\"potentialAction\":[{\"@type\":\"CommentAction\",\"name\":\"Comment\",\"target\":[\"https:\\\/\\\/centrourbano.com\\\/revista\\\/arquitectura-2\\\/tec-monterrey-quiero-casa-trabajaran-mejorar-contexto-la-cdmx\\\/#respond\"]}]},{\"@type\":\"WebPage\",\"@id\":\"https:\\\/\\\/centrourbano.com\\\/revista\\\/arquitectura-2\\\/tec-monterrey-quiero-casa-trabajaran-mejorar-contexto-la-cdmx\\\/\",\"url\":\"https:\\\/\\\/centrourbano.com\\\/revista\\\/arquitectura-2\\\/tec-monterrey-quiero-casa-trabajaran-mejorar-contexto-la-cdmx\\\/\",\"name\":\"Tec de Monterrey y Quiero Casa trabajar\u00e1n para mejorar el contexto de la CDMX\",\"isPartOf\":{\"@id\":\"https:\\\/\\\/centrourbano.com\\\/revista\\\/#website\"},\"primaryImageOfPage\":{\"@id\":\"https:\\\/\\\/centrourbano.com\\\/revista\\\/arquitectura-2\\\/tec-monterrey-quiero-casa-trabajaran-mejorar-contexto-la-cdmx\\\/#primaryimage\"},\"image\":{\"@id\":\"https:\\\/\\\/centrourbano.com\\\/revista\\\/arquitectura-2\\\/tec-monterrey-quiero-casa-trabajaran-mejorar-contexto-la-cdmx\\\/#primaryimage\"},\"thumbnailUrl\":\"https:\\\/\\\/centrourbano.com\\\/revista\\\/wp-content\\\/uploads\\\/IMG_4667-1-768x512.jpg\",\"datePublished\":\"2017-01-19T15:02:41+00:00\",\"description\":\"Buscan impulsar las ideas y propuestas de futuros arquitectos y urbanistas en el desarrollo de proyectos que contribuyan a la regeneraci\u00f3n del espacio p\u00fablico\",\"breadcrumb\":{\"@id\":\"https:\\\/\\\/centrourbano.com\\\/revista\\\/arquitectura-2\\\/tec-monterrey-quiero-casa-trabajaran-mejorar-contexto-la-cdmx\\\/#breadcrumb\"},\"inLanguage\":\"es\",\"potentialAction\":[{\"@type\":\"ReadAction\",\"target\":[\"https:\\\/\\\/centrourbano.com\\\/revista\\\/arquitectura-2\\\/tec-monterrey-quiero-casa-trabajaran-mejorar-contexto-la-cdmx\\\/\"]}]},{\"@type\":\"ImageObject\",\"inLanguage\":\"es\",\"@id\":\"https:\\\/\\\/centrourbano.com\\\/revista\\\/arquitectura-2\\\/tec-monterrey-quiero-casa-trabajaran-mejorar-contexto-la-cdmx\\\/#primaryimage\",\"url\":\"https:\\\/\\\/centrourbano.com\\\/revista\\\/wp-content\\\/uploads\\\/IMG_4667-1-768x512.jpg\",\"contentUrl\":\"https:\\\/\\\/centrourbano.com\\\/revista\\\/wp-content\\\/uploads\\\/IMG_4667-1-768x512.jpg\",\"width\":768,\"height\":512,\"caption\":\"Buscan impulsar las ideas y propuestas de futuros arquitectos y urbanistas en el desarrollo de proyectos que contribuyan a la regeneraci\u00f3n del espacio p\u00fablico\"},{\"@type\":\"BreadcrumbList\",\"@id\":\"https:\\\/\\\/centrourbano.com\\\/revista\\\/arquitectura-2\\\/tec-monterrey-quiero-casa-trabajaran-mejorar-contexto-la-cdmx\\\/#breadcrumb\",\"itemListElement\":[{\"@type\":\"ListItem\",\"position\":1,\"name\":\"Portada\",\"item\":\"https:\\\/\\\/centrourbano.com\\\/revista\\\/\"},{\"@type\":\"ListItem\",\"position\":2,\"name\":\"Tec de Monterrey y Quiero Casa trabajar\u00e1n para mejorar el contexto de la CDMX\"}]},{\"@type\":\"WebSite\",\"@id\":\"https:\\\/\\\/centrourbano.com\\\/revista\\\/#website\",\"url\":\"https:\\\/\\\/centrourbano.com\\\/revista\\\/\",\"name\":\"Centro Urbano\",\"description\":\"Medio especializado en los sectores vivienda, inmobiliario, construcci\u00f3n, arquitectura y urbanismo.\",\"publisher\":{\"@id\":\"https:\\\/\\\/centrourbano.com\\\/revista\\\/#organization\"},\"potentialAction\":[{\"@type\":\"SearchAction\",\"target\":{\"@type\":\"EntryPoint\",\"urlTemplate\":\"https:\\\/\\\/centrourbano.com\\\/revista\\\/?s={search_term_string}\"},\"query-input\":{\"@type\":\"PropertyValueSpecification\",\"valueRequired\":true,\"valueName\":\"search_term_string\"}}],\"inLanguage\":\"es\"},{\"@type\":\"Organization\",\"@id\":\"https:\\\/\\\/centrourbano.com\\\/revista\\\/#organization\",\"name\":\"Centro Urbano\",\"url\":\"https:\\\/\\\/centrourbano.com\\\/revista\\\/\",\"logo\":{\"@type\":\"ImageObject\",\"inLanguage\":\"es\",\"@id\":\"https:\\\/\\\/centrourbano.com\\\/revista\\\/#\\\/schema\\\/logo\\\/image\\\/\",\"url\":\"https:\\\/\\\/centrourbano.com\\\/revista\\\/wp-content\\\/uploads\\\/web_CU_logo-1.png\",\"contentUrl\":\"https:\\\/\\\/centrourbano.com\\\/revista\\\/wp-content\\\/uploads\\\/web_CU_logo-1.png\",\"width\":350,\"height\":91,\"caption\":\"Centro Urbano\"},\"image\":{\"@id\":\"https:\\\/\\\/centrourbano.com\\\/revista\\\/#\\\/schema\\\/logo\\\/image\\\/\"},\"sameAs\":[\"https:\\\/\\\/www.facebook.com\\\/portalcentrourbano\",\"https:\\\/\\\/x.com\\\/CentroUrbano\",\"https:\\\/\\\/www.instagram.com\\\/centro_urbano\\\/\",\"https:\\\/\\\/www.linkedin.com\\\/company\\\/centro-urbano\\\/\",\"http:\\\/\\\/www.youtube.com\\\/user\\\/portalcentrourbano\"]},{\"@type\":\"Person\",\"@id\":\"https:\\\/\\\/centrourbano.com\\\/revista\\\/#\\\/schema\\\/person\\\/b45db815d96831257ba428a3d5a5fbdc\",\"name\":\"Dinorah Nava\",\"image\":{\"@type\":\"ImageObject\",\"inLanguage\":\"es\",\"@id\":\"https:\\\/\\\/secure.gravatar.com\\\/avatar\\\/f6ca6430c51d147f363940f84e1225aa4b8183885c11802cc3b042305a4ecc1a?s=96&d=mm&r=g\",\"url\":\"https:\\\/\\\/secure.gravatar.com\\\/avatar\\\/f6ca6430c51d147f363940f84e1225aa4b8183885c11802cc3b042305a4ecc1a?s=96&d=mm&r=g\",\"contentUrl\":\"https:\\\/\\\/secure.gravatar.com\\\/avatar\\\/f6ca6430c51d147f363940f84e1225aa4b8183885c11802cc3b042305a4ecc1a?s=96&d=mm&r=g\",\"caption\":\"Dinorah Nava\"},\"description\":\"Editora de Contenidos y Estrategias Digitales en Centro Urbano y Coeditora en Peri\u00f3dico Mi Casa. Egresada de la licenciatura en Comunicaci\u00f3n y Periodismo de la Facultad de Estudios Superiores Arag\u00f3n (UNAM). Amante de la edici\u00f3n y correcci\u00f3n de estilo, las redes sociales y el mundo digital. Especialista en temas son arquitectura, inmobiliario y urbanismo.\",\"sameAs\":[\"linkedin.com\\\/in\\\/dinorah-nava\",\"https:\\\/\\\/x.com\\\/https:\\\/\\\/twitter.com\\\/Dinorah_Nava28\"],\"url\":\"https:\\\/\\\/centrourbano.com\\\/revista\\\/author\\\/dinorah-nava\\\/\"}]}<\/script>\n<!-- \/ Yoast SEO plugin. -->","yoast_head_json":{"title":"Tec de Monterrey y Quiero Casa trabajar\u00e1n para mejorar el contexto de la CDMX","description":"Buscan impulsar las ideas y propuestas de futuros arquitectos y urbanistas en el desarrollo de proyectos que contribuyan a la regeneraci\u00f3n del espacio p\u00fablico","robots":{"index":"index","follow":"follow","max-snippet":"max-snippet:-1","max-image-preview":"max-image-preview:large","max-video-preview":"max-video-preview:-1"},"canonical":"https:\/\/centrourbano.com\/revista\/arquitectura-2\/tec-monterrey-quiero-casa-trabajaran-mejorar-contexto-la-cdmx\/","og_locale":"es_ES","og_type":"article","og_title":"Tec de Monterrey y Quiero Casa trabajar\u00e1n para mejorar el contexto de la CDMX","og_description":"Buscan impulsar las ideas y propuestas de futuros arquitectos y urbanistas en el desarrollo de proyectos que contribuyan a la regeneraci\u00f3n del espacio p\u00fablico","og_url":"https:\/\/centrourbano.com\/revista\/arquitectura-2\/tec-monterrey-quiero-casa-trabajaran-mejorar-contexto-la-cdmx\/","og_site_name":"Centro Urbano","article_publisher":"https:\/\/www.facebook.com\/portalcentrourbano","article_published_time":"2017-01-19T15:02:41+00:00","og_image":[{"width":768,"height":512,"url":"https:\/\/centrourbano.com\/revista\/wp-content\/uploads\/IMG_4667-1-768x512.jpg","type":"image\/jpeg"}],"author":"Dinorah Nava","twitter_card":"summary_large_image","twitter_creator":"@https:\/\/twitter.com\/Dinorah_Nava28","twitter_site":"@CentroUrbano","twitter_misc":{"Escrito por":"Dinorah Nava","Tiempo de lectura":"3 minutos"},"schema":{"@context":"https:\/\/schema.org","@graph":[{"@type":"Article","@id":"https:\/\/centrourbano.com\/revista\/arquitectura-2\/tec-monterrey-quiero-casa-trabajaran-mejorar-contexto-la-cdmx\/#article","isPartOf":{"@id":"https:\/\/centrourbano.com\/revista\/arquitectura-2\/tec-monterrey-quiero-casa-trabajaran-mejorar-contexto-la-cdmx\/"},"author":{"name":"Dinorah Nava","@id":"https:\/\/centrourbano.com\/revista\/#\/schema\/person\/b45db815d96831257ba428a3d5a5fbdc"},"headline":"Tec de Monterrey y Quiero Casa trabajar\u00e1n para mejorar el contexto de la CDMX","datePublished":"2017-01-19T15:02:41+00:00","mainEntityOfPage":{"@id":"https:\/\/centrourbano.com\/revista\/arquitectura-2\/tec-monterrey-quiero-casa-trabajaran-mejorar-contexto-la-cdmx\/"},"wordCount":594,"commentCount":0,"publisher":{"@id":"https:\/\/centrourbano.com\/revista\/#organization"},"image":{"@id":"https:\/\/centrourbano.com\/revista\/arquitectura-2\/tec-monterrey-quiero-casa-trabajaran-mejorar-contexto-la-cdmx\/#primaryimage"},"thumbnailUrl":"https:\/\/centrourbano.com\/revista\/wp-content\/uploads\/IMG_4667-1-768x512.jpg","articleSection":["Arquitectura"],"inLanguage":"es","potentialAction":[{"@type":"CommentAction","name":"Comment","target":["https:\/\/centrourbano.com\/revista\/arquitectura-2\/tec-monterrey-quiero-casa-trabajaran-mejorar-contexto-la-cdmx\/#respond"]}]},{"@type":"WebPage","@id":"https:\/\/centrourbano.com\/revista\/arquitectura-2\/tec-monterrey-quiero-casa-trabajaran-mejorar-contexto-la-cdmx\/","url":"https:\/\/centrourbano.com\/revista\/arquitectura-2\/tec-monterrey-quiero-casa-trabajaran-mejorar-contexto-la-cdmx\/","name":"Tec de Monterrey y Quiero Casa trabajar\u00e1n para mejorar el contexto de la CDMX","isPartOf":{"@id":"https:\/\/centrourbano.com\/revista\/#website"},"primaryImageOfPage":{"@id":"https:\/\/centrourbano.com\/revista\/arquitectura-2\/tec-monterrey-quiero-casa-trabajaran-mejorar-contexto-la-cdmx\/#primaryimage"},"image":{"@id":"https:\/\/centrourbano.com\/revista\/arquitectura-2\/tec-monterrey-quiero-casa-trabajaran-mejorar-contexto-la-cdmx\/#primaryimage"},"thumbnailUrl":"https:\/\/centrourbano.com\/revista\/wp-content\/uploads\/IMG_4667-1-768x512.jpg","datePublished":"2017-01-19T15:02:41+00:00","description":"Buscan impulsar las ideas y propuestas de futuros arquitectos y urbanistas en el desarrollo de proyectos que contribuyan a la regeneraci\u00f3n del espacio p\u00fablico","breadcrumb":{"@id":"https:\/\/centrourbano.com\/revista\/arquitectura-2\/tec-monterrey-quiero-casa-trabajaran-mejorar-contexto-la-cdmx\/#breadcrumb"},"inLanguage":"es","potentialAction":[{"@type":"ReadAction","target":["https:\/\/centrourbano.com\/revista\/arquitectura-2\/tec-monterrey-quiero-casa-trabajaran-mejorar-contexto-la-cdmx\/"]}]},{"@type":"ImageObject","inLanguage":"es","@id":"https:\/\/centrourbano.com\/revista\/arquitectura-2\/tec-monterrey-quiero-casa-trabajaran-mejorar-contexto-la-cdmx\/#primaryimage","url":"https:\/\/centrourbano.com\/revista\/wp-content\/uploads\/IMG_4667-1-768x512.jpg","contentUrl":"https:\/\/centrourbano.com\/revista\/wp-content\/uploads\/IMG_4667-1-768x512.jpg","width":768,"height":512,"caption":"Buscan impulsar las ideas y propuestas de futuros arquitectos y urbanistas en el desarrollo de proyectos que contribuyan a la regeneraci\u00f3n del espacio p\u00fablico"},{"@type":"BreadcrumbList","@id":"https:\/\/centrourbano.com\/revista\/arquitectura-2\/tec-monterrey-quiero-casa-trabajaran-mejorar-contexto-la-cdmx\/#breadcrumb","itemListElement":[{"@type":"ListItem","position":1,"name":"Portada","item":"https:\/\/centrourbano.com\/revista\/"},{"@type":"ListItem","position":2,"name":"Tec de Monterrey y Quiero Casa trabajar\u00e1n para mejorar el contexto de la CDMX"}]},{"@type":"WebSite","@id":"https:\/\/centrourbano.com\/revista\/#website","url":"https:\/\/centrourbano.com\/revista\/","name":"Centro Urbano","description":"Medio especializado en los sectores vivienda, inmobiliario, construcci\u00f3n, arquitectura y urbanismo.","publisher":{"@id":"https:\/\/centrourbano.com\/revista\/#organization"},"potentialAction":[{"@type":"SearchAction","target":{"@type":"EntryPoint","urlTemplate":"https:\/\/centrourbano.com\/revista\/?s={search_term_string}"},"query-input":{"@type":"PropertyValueSpecification","valueRequired":true,"valueName":"search_term_string"}}],"inLanguage":"es"},{"@type":"Organization","@id":"https:\/\/centrourbano.com\/revista\/#organization","name":"Centro Urbano","url":"https:\/\/centrourbano.com\/revista\/","logo":{"@type":"ImageObject","inLanguage":"es","@id":"https:\/\/centrourbano.com\/revista\/#\/schema\/logo\/image\/","url":"https:\/\/centrourbano.com\/revista\/wp-content\/uploads\/web_CU_logo-1.png","contentUrl":"https:\/\/centrourbano.com\/revista\/wp-content\/uploads\/web_CU_logo-1.png","width":350,"height":91,"caption":"Centro Urbano"},"image":{"@id":"https:\/\/centrourbano.com\/revista\/#\/schema\/logo\/image\/"},"sameAs":["https:\/\/www.facebook.com\/portalcentrourbano","https:\/\/x.com\/CentroUrbano","https:\/\/www.instagram.com\/centro_urbano\/","https:\/\/www.linkedin.com\/company\/centro-urbano\/","http:\/\/www.youtube.com\/user\/portalcentrourbano"]},{"@type":"Person","@id":"https:\/\/centrourbano.com\/revista\/#\/schema\/person\/b45db815d96831257ba428a3d5a5fbdc","name":"Dinorah Nava","image":{"@type":"ImageObject","inLanguage":"es","@id":"https:\/\/secure.gravatar.com\/avatar\/f6ca6430c51d147f363940f84e1225aa4b8183885c11802cc3b042305a4ecc1a?s=96&d=mm&r=g","url":"https:\/\/secure.gravatar.com\/avatar\/f6ca6430c51d147f363940f84e1225aa4b8183885c11802cc3b042305a4ecc1a?s=96&d=mm&r=g","contentUrl":"https:\/\/secure.gravatar.com\/avatar\/f6ca6430c51d147f363940f84e1225aa4b8183885c11802cc3b042305a4ecc1a?s=96&d=mm&r=g","caption":"Dinorah Nava"},"description":"Editora de Contenidos y Estrategias Digitales en Centro Urbano y Coeditora en Peri\u00f3dico Mi Casa. Egresada de la licenciatura en Comunicaci\u00f3n y Periodismo de la Facultad de Estudios Superiores Arag\u00f3n (UNAM). Amante de la edici\u00f3n y correcci\u00f3n de estilo, las redes sociales y el mundo digital. Especialista en temas son arquitectura, inmobiliario y urbanismo.","sameAs":["linkedin.com\/in\/dinorah-nava","https:\/\/x.com\/https:\/\/twitter.com\/Dinorah_Nava28"],"url":"https:\/\/centrourbano.com\/revista\/author\/dinorah-nava\/"}]}},"_links":{"self":[{"href":"https:\/\/centrourbano.com\/revista\/wp-json\/wp\/v2\/posts\/47544","targetHints":{"allow":["GET"]}}],"collection":[{"href":"https:\/\/centrourbano.com\/revista\/wp-json\/wp\/v2\/posts"}],"about":[{"href":"https:\/\/centrourbano.com\/revista\/wp-json\/wp\/v2\/types\/post"}],"author":[{"embeddable":true,"href":"https:\/\/centrourbano.com\/revista\/wp-json\/wp\/v2\/users\/9"}],"replies":[{"embeddable":true,"href":"https:\/\/centrourbano.com\/revista\/wp-json\/wp\/v2\/comments?post=47544"}],"version-history":[{"count":0,"href":"https:\/\/centrourbano.com\/revista\/wp-json\/wp\/v2\/posts\/47544\/revisions"}],"wp:featuredmedia":[{"embeddable":true,"href":"https:\/\/centrourbano.com\/revista\/wp-json\/wp\/v2\/media\/47545"}],"wp:attachment":[{"href":"https:\/\/centrourbano.com\/revista\/wp-json\/wp\/v2\/media?parent=47544"}],"wp:term":[{"taxonomy":"category","embeddable":true,"href":"https:\/\/centrourbano.com\/revista\/wp-json\/wp\/v2\/categories?post=47544"},{"taxonomy":"post_tag","embeddable":true,"href":"https:\/\/centrourbano.com\/revista\/wp-json\/wp\/v2\/tags?post=47544"}],"curies":[{"name":"wp","href":"https:\/\/api.w.org\/{rel}","templated":true}]}}