{"id":47354,"date":"2017-01-16T15:41:57","date_gmt":"2017-01-16T21:41:57","guid":{"rendered":"https:\/\/centrourbano.com\/?p=47354"},"modified":"2017-01-16T15:43:00","modified_gmt":"2017-01-16T21:43:00","slug":"47354-2","status":"publish","type":"post","link":"https:\/\/centrourbano.com\/revista\/construccion\/47354-2\/","title":{"rendered":"Naucalpan contar\u00e1 con nuevo Colegio de Bachilleres"},"content":{"rendered":"<p><em>Se trata del plantel 37 del Estado de M\u00e9xico, cuyas obras est\u00e1n a cargo del Instituto Mexiquense de Infraestructura F\u00edsica Educativa<\/em><!--more--><\/p>\n<p>Un nuevo plantel del Colegio de Bachilleres del Estado de M\u00e9xico (COBAEM) alista su construcci\u00f3n en el Estado de M\u00e9xico, lo cual garantiza mexiquenses mejor preparados y con instalaciones educativas dignas.<\/p>\n<p>El nuevo centro educativo estar\u00e1 ubicado en San Francisco Chimalpa, en el municipio de Naucalpan, donde 280 alumnos tendr\u00e1n la oportunidad de prepararse.<\/p>\n<p>La obra del plantel 37 Naucalpan del COBAEM, a cargo del Instituto Mexiquense de Infraestructura F\u00edsica Educativa (IMIFE), contar\u00e1 con siete aulas, un laboratorio multidisciplinario, taller de c\u00f3mputo, \u00e1rea administrativa, bodega, m\u00f3dulos sanitarios, sal\u00f3n de usos m\u00faltiples, sala de maestros, plaza c\u00edvica, caseta de vigilancia y obra exterior.<\/p>\n<p>El terreno donde se llevar\u00e1 a cabo su construcci\u00f3n, fue donado por la asamblea general de ejidatarios de San Francisco Chimalpa al COBAEM. \u00c9ste tendr\u00e1 1,296 metros cuadrados de construcci\u00f3n y 860 metros cuadrados de andadores y rampas, dentro de la infraestructura educativa que estar\u00e1 conformada por tres edificios.<\/p>\n<p>As\u00ed, Alfredo Mart\u00ednez, subsecretario de Educaci\u00f3n Superior, y Arturo Lugo Pe\u00f1a, Subsecretario del Agua y Obra P\u00fablica, colocaron la primera piedra del COBAEM, en presencia de alumnos del plantel que inici\u00f3 actividades en 2008, en instalaciones provisionales proporcionadas por la Parroquia de San Francisco Chimalpa.<\/p>\n","protected":false},"excerpt":{"rendered":"<p>Se trata del plantel 37 del Estado de M\u00e9xico, cuyas obras est\u00e1n a cargo del Instituto Mexiquense de Infraestructura F\u00edsica Educativa<\/p>\n","protected":false},"author":9,"featured_media":47355,"comment_status":"open","ping_status":"closed","sticky":false,"template":"","format":"standard","meta":{"om_disable_all_campaigns":false,"inline_featured_image":false,"_monsterinsights_skip_tracking":false,"_monsterinsights_sitenote_active":false,"_monsterinsights_sitenote_note":"","_monsterinsights_sitenote_category":0,"footnotes":""},"categories":[14],"tags":[9380,22,589,303,1363],"class_list":["post-47354","post","type-post","status-publish","format-standard","has-post-thumbnail","hentry","category-construccion","tag-colegio-de-bachilleres","tag-construccion-2","tag-edomex","tag-estado-de-mexico","tag-naucalpan"],"yoast_head":"<!-- This site is optimized with the Yoast SEO plugin v27.4 - https:\/\/yoast.com\/product\/yoast-seo-wordpress\/ -->\n<title>Naucalpan contar\u00e1 con nuevo Colegio de Bachilleres<\/title>\n<meta name=\"description\" content=\"Se trata del plantel 37 del Estado de M\u00e9xico, cuyas obras est\u00e1n a cargo del Instituto Mexiquense de Infraestructura F\u00edsica Educativa\" \/>\n<meta name=\"robots\" content=\"index, follow, max-snippet:-1, max-image-preview:large, max-video-preview:-1\" \/>\n<link rel=\"canonical\" href=\"https:\/\/centrourbano.com\/revista\/construccion\/47354-2\/\" \/>\n<meta property=\"og:locale\" content=\"es_ES\" \/>\n<meta property=\"og:type\" content=\"article\" \/>\n<meta property=\"og:title\" content=\"Naucalpan contar\u00e1 con nuevo Colegio de Bachilleres\" \/>\n<meta property=\"og:description\" content=\"Se trata del plantel 37 del Estado de M\u00e9xico, cuyas obras est\u00e1n a cargo del Instituto Mexiquense de Infraestructura F\u00edsica Educativa\" \/>\n<meta property=\"og:url\" content=\"https:\/\/centrourbano.com\/revista\/construccion\/47354-2\/\" \/>\n<meta property=\"og:site_name\" content=\"Centro Urbano\" \/>\n<meta property=\"article:publisher\" content=\"https:\/\/www.facebook.com\/portalcentrourbano\" \/>\n<meta property=\"article:published_time\" content=\"2017-01-16T21:41:57+00:00\" \/>\n<meta property=\"article:modified_time\" content=\"2017-01-16T21:43:00+00:00\" \/>\n<meta property=\"og:image\" content=\"https:\/\/centrourbano.com\/revista\/wp-content\/uploads\/Naucalpan-contar\u00e1-con-nuevo-Colegio-de-Bachilleres.jpg\" \/>\n\t<meta property=\"og:image:width\" content=\"701\" \/>\n\t<meta property=\"og:image:height\" content=\"454\" \/>\n\t<meta property=\"og:image:type\" content=\"image\/jpeg\" \/>\n<meta name=\"author\" content=\"Dinorah Nava\" \/>\n<meta name=\"twitter:card\" content=\"summary_large_image\" \/>\n<meta name=\"twitter:creator\" content=\"@https:\/\/twitter.com\/Dinorah_Nava28\" \/>\n<meta name=\"twitter:site\" content=\"@CentroUrbano\" \/>\n<meta name=\"twitter:label1\" content=\"Escrito por\" \/>\n\t<meta name=\"twitter:data1\" content=\"Dinorah Nava\" \/>\n\t<meta name=\"twitter:label2\" content=\"Tiempo de lectura\" \/>\n\t<meta name=\"twitter:data2\" content=\"1 minuto\" \/>\n<script type=\"application\/ld+json\" class=\"yoast-schema-graph\">{\"@context\":\"https:\\\/\\\/schema.org\",\"@graph\":[{\"@type\":\"Article\",\"@id\":\"https:\\\/\\\/centrourbano.com\\\/revista\\\/construccion\\\/47354-2\\\/#article\",\"isPartOf\":{\"@id\":\"https:\\\/\\\/centrourbano.com\\\/revista\\\/construccion\\\/47354-2\\\/\"},\"author\":{\"name\":\"Dinorah Nava\",\"@id\":\"https:\\\/\\\/centrourbano.com\\\/revista\\\/#\\\/schema\\\/person\\\/b45db815d96831257ba428a3d5a5fbdc\"},\"headline\":\"Naucalpan contar\u00e1 con nuevo Colegio de Bachilleres\",\"datePublished\":\"2017-01-16T21:41:57+00:00\",\"dateModified\":\"2017-01-16T21:43:00+00:00\",\"mainEntityOfPage\":{\"@id\":\"https:\\\/\\\/centrourbano.com\\\/revista\\\/construccion\\\/47354-2\\\/\"},\"wordCount\":237,\"commentCount\":0,\"publisher\":{\"@id\":\"https:\\\/\\\/centrourbano.com\\\/revista\\\/#organization\"},\"image\":{\"@id\":\"https:\\\/\\\/centrourbano.com\\\/revista\\\/construccion\\\/47354-2\\\/#primaryimage\"},\"thumbnailUrl\":\"https:\\\/\\\/centrourbano.com\\\/revista\\\/wp-content\\\/uploads\\\/Naucalpan-contar\u00e1-con-nuevo-Colegio-de-Bachilleres.jpg\",\"keywords\":[\"Colegio de Bachilleres\",\"construcci\u00f3n\",\"Edomex\",\"Estado de M\u00e9xico\",\"Naucalpan\"],\"articleSection\":[\"Construcci\u00f3n\"],\"inLanguage\":\"es\",\"potentialAction\":[{\"@type\":\"CommentAction\",\"name\":\"Comment\",\"target\":[\"https:\\\/\\\/centrourbano.com\\\/revista\\\/construccion\\\/47354-2\\\/#respond\"]}]},{\"@type\":\"WebPage\",\"@id\":\"https:\\\/\\\/centrourbano.com\\\/revista\\\/construccion\\\/47354-2\\\/\",\"url\":\"https:\\\/\\\/centrourbano.com\\\/revista\\\/construccion\\\/47354-2\\\/\",\"name\":\"Naucalpan contar\u00e1 con nuevo Colegio de Bachilleres\",\"isPartOf\":{\"@id\":\"https:\\\/\\\/centrourbano.com\\\/revista\\\/#website\"},\"primaryImageOfPage\":{\"@id\":\"https:\\\/\\\/centrourbano.com\\\/revista\\\/construccion\\\/47354-2\\\/#primaryimage\"},\"image\":{\"@id\":\"https:\\\/\\\/centrourbano.com\\\/revista\\\/construccion\\\/47354-2\\\/#primaryimage\"},\"thumbnailUrl\":\"https:\\\/\\\/centrourbano.com\\\/revista\\\/wp-content\\\/uploads\\\/Naucalpan-contar\u00e1-con-nuevo-Colegio-de-Bachilleres.jpg\",\"datePublished\":\"2017-01-16T21:41:57+00:00\",\"dateModified\":\"2017-01-16T21:43:00+00:00\",\"description\":\"Se trata del plantel 37 del Estado de M\u00e9xico, cuyas obras est\u00e1n a cargo del Instituto Mexiquense de Infraestructura F\u00edsica Educativa\",\"breadcrumb\":{\"@id\":\"https:\\\/\\\/centrourbano.com\\\/revista\\\/construccion\\\/47354-2\\\/#breadcrumb\"},\"inLanguage\":\"es\",\"potentialAction\":[{\"@type\":\"ReadAction\",\"target\":[\"https:\\\/\\\/centrourbano.com\\\/revista\\\/construccion\\\/47354-2\\\/\"]}]},{\"@type\":\"ImageObject\",\"inLanguage\":\"es\",\"@id\":\"https:\\\/\\\/centrourbano.com\\\/revista\\\/construccion\\\/47354-2\\\/#primaryimage\",\"url\":\"https:\\\/\\\/centrourbano.com\\\/revista\\\/wp-content\\\/uploads\\\/Naucalpan-contar\u00e1-con-nuevo-Colegio-de-Bachilleres.jpg\",\"contentUrl\":\"https:\\\/\\\/centrourbano.com\\\/revista\\\/wp-content\\\/uploads\\\/Naucalpan-contar\u00e1-con-nuevo-Colegio-de-Bachilleres.jpg\",\"width\":701,\"height\":454,\"caption\":\"Se trata del plantel 37 del Estado de M\u00e9xico, cuyas obras est\u00e1n a cargo del Instituto Mexiquense de Infraestructura F\u00edsica Educativa\"},{\"@type\":\"BreadcrumbList\",\"@id\":\"https:\\\/\\\/centrourbano.com\\\/revista\\\/construccion\\\/47354-2\\\/#breadcrumb\",\"itemListElement\":[{\"@type\":\"ListItem\",\"position\":1,\"name\":\"Portada\",\"item\":\"https:\\\/\\\/centrourbano.com\\\/revista\\\/\"},{\"@type\":\"ListItem\",\"position\":2,\"name\":\"Naucalpan contar\u00e1 con nuevo Colegio de Bachilleres\"}]},{\"@type\":\"WebSite\",\"@id\":\"https:\\\/\\\/centrourbano.com\\\/revista\\\/#website\",\"url\":\"https:\\\/\\\/centrourbano.com\\\/revista\\\/\",\"name\":\"Centro Urbano\",\"description\":\"Medio especializado en los sectores vivienda, inmobiliario, construcci\u00f3n, arquitectura y urbanismo.\",\"publisher\":{\"@id\":\"https:\\\/\\\/centrourbano.com\\\/revista\\\/#organization\"},\"potentialAction\":[{\"@type\":\"SearchAction\",\"target\":{\"@type\":\"EntryPoint\",\"urlTemplate\":\"https:\\\/\\\/centrourbano.com\\\/revista\\\/?s={search_term_string}\"},\"query-input\":{\"@type\":\"PropertyValueSpecification\",\"valueRequired\":true,\"valueName\":\"search_term_string\"}}],\"inLanguage\":\"es\"},{\"@type\":\"Organization\",\"@id\":\"https:\\\/\\\/centrourbano.com\\\/revista\\\/#organization\",\"name\":\"Centro Urbano\",\"url\":\"https:\\\/\\\/centrourbano.com\\\/revista\\\/\",\"logo\":{\"@type\":\"ImageObject\",\"inLanguage\":\"es\",\"@id\":\"https:\\\/\\\/centrourbano.com\\\/revista\\\/#\\\/schema\\\/logo\\\/image\\\/\",\"url\":\"https:\\\/\\\/centrourbano.com\\\/revista\\\/wp-content\\\/uploads\\\/web_CU_logo-1.png\",\"contentUrl\":\"https:\\\/\\\/centrourbano.com\\\/revista\\\/wp-content\\\/uploads\\\/web_CU_logo-1.png\",\"width\":350,\"height\":91,\"caption\":\"Centro Urbano\"},\"image\":{\"@id\":\"https:\\\/\\\/centrourbano.com\\\/revista\\\/#\\\/schema\\\/logo\\\/image\\\/\"},\"sameAs\":[\"https:\\\/\\\/www.facebook.com\\\/portalcentrourbano\",\"https:\\\/\\\/x.com\\\/CentroUrbano\",\"https:\\\/\\\/www.instagram.com\\\/centro_urbano\\\/\",\"https:\\\/\\\/www.linkedin.com\\\/company\\\/centro-urbano\\\/\",\"http:\\\/\\\/www.youtube.com\\\/user\\\/portalcentrourbano\"]},{\"@type\":\"Person\",\"@id\":\"https:\\\/\\\/centrourbano.com\\\/revista\\\/#\\\/schema\\\/person\\\/b45db815d96831257ba428a3d5a5fbdc\",\"name\":\"Dinorah Nava\",\"image\":{\"@type\":\"ImageObject\",\"inLanguage\":\"es\",\"@id\":\"https:\\\/\\\/secure.gravatar.com\\\/avatar\\\/f6ca6430c51d147f363940f84e1225aa4b8183885c11802cc3b042305a4ecc1a?s=96&d=mm&r=g\",\"url\":\"https:\\\/\\\/secure.gravatar.com\\\/avatar\\\/f6ca6430c51d147f363940f84e1225aa4b8183885c11802cc3b042305a4ecc1a?s=96&d=mm&r=g\",\"contentUrl\":\"https:\\\/\\\/secure.gravatar.com\\\/avatar\\\/f6ca6430c51d147f363940f84e1225aa4b8183885c11802cc3b042305a4ecc1a?s=96&d=mm&r=g\",\"caption\":\"Dinorah Nava\"},\"description\":\"Editora de Contenidos y Estrategias Digitales en Centro Urbano y Coeditora en Peri\u00f3dico Mi Casa. Egresada de la licenciatura en Comunicaci\u00f3n y Periodismo de la Facultad de Estudios Superiores Arag\u00f3n (UNAM). Amante de la edici\u00f3n y correcci\u00f3n de estilo, las redes sociales y el mundo digital. Especialista en temas son arquitectura, inmobiliario y urbanismo.\",\"sameAs\":[\"linkedin.com\\\/in\\\/dinorah-nava\",\"https:\\\/\\\/x.com\\\/https:\\\/\\\/twitter.com\\\/Dinorah_Nava28\"],\"url\":\"https:\\\/\\\/centrourbano.com\\\/revista\\\/author\\\/dinorah-nava\\\/\"}]}<\/script>\n<!-- \/ Yoast SEO plugin. -->","yoast_head_json":{"title":"Naucalpan contar\u00e1 con nuevo Colegio de Bachilleres","description":"Se trata del plantel 37 del Estado de M\u00e9xico, cuyas obras est\u00e1n a cargo del Instituto Mexiquense de Infraestructura F\u00edsica Educativa","robots":{"index":"index","follow":"follow","max-snippet":"max-snippet:-1","max-image-preview":"max-image-preview:large","max-video-preview":"max-video-preview:-1"},"canonical":"https:\/\/centrourbano.com\/revista\/construccion\/47354-2\/","og_locale":"es_ES","og_type":"article","og_title":"Naucalpan contar\u00e1 con nuevo Colegio de Bachilleres","og_description":"Se trata del plantel 37 del Estado de M\u00e9xico, cuyas obras est\u00e1n a cargo del Instituto Mexiquense de Infraestructura F\u00edsica Educativa","og_url":"https:\/\/centrourbano.com\/revista\/construccion\/47354-2\/","og_site_name":"Centro Urbano","article_publisher":"https:\/\/www.facebook.com\/portalcentrourbano","article_published_time":"2017-01-16T21:41:57+00:00","article_modified_time":"2017-01-16T21:43:00+00:00","og_image":[{"width":701,"height":454,"url":"https:\/\/centrourbano.com\/revista\/wp-content\/uploads\/Naucalpan-contar\u00e1-con-nuevo-Colegio-de-Bachilleres.jpg","type":"image\/jpeg"}],"author":"Dinorah Nava","twitter_card":"summary_large_image","twitter_creator":"@https:\/\/twitter.com\/Dinorah_Nava28","twitter_site":"@CentroUrbano","twitter_misc":{"Escrito por":"Dinorah Nava","Tiempo de lectura":"1 minuto"},"schema":{"@context":"https:\/\/schema.org","@graph":[{"@type":"Article","@id":"https:\/\/centrourbano.com\/revista\/construccion\/47354-2\/#article","isPartOf":{"@id":"https:\/\/centrourbano.com\/revista\/construccion\/47354-2\/"},"author":{"name":"Dinorah Nava","@id":"https:\/\/centrourbano.com\/revista\/#\/schema\/person\/b45db815d96831257ba428a3d5a5fbdc"},"headline":"Naucalpan contar\u00e1 con nuevo Colegio de Bachilleres","datePublished":"2017-01-16T21:41:57+00:00","dateModified":"2017-01-16T21:43:00+00:00","mainEntityOfPage":{"@id":"https:\/\/centrourbano.com\/revista\/construccion\/47354-2\/"},"wordCount":237,"commentCount":0,"publisher":{"@id":"https:\/\/centrourbano.com\/revista\/#organization"},"image":{"@id":"https:\/\/centrourbano.com\/revista\/construccion\/47354-2\/#primaryimage"},"thumbnailUrl":"https:\/\/centrourbano.com\/revista\/wp-content\/uploads\/Naucalpan-contar\u00e1-con-nuevo-Colegio-de-Bachilleres.jpg","keywords":["Colegio de Bachilleres","construcci\u00f3n","Edomex","Estado de M\u00e9xico","Naucalpan"],"articleSection":["Construcci\u00f3n"],"inLanguage":"es","potentialAction":[{"@type":"CommentAction","name":"Comment","target":["https:\/\/centrourbano.com\/revista\/construccion\/47354-2\/#respond"]}]},{"@type":"WebPage","@id":"https:\/\/centrourbano.com\/revista\/construccion\/47354-2\/","url":"https:\/\/centrourbano.com\/revista\/construccion\/47354-2\/","name":"Naucalpan contar\u00e1 con nuevo Colegio de Bachilleres","isPartOf":{"@id":"https:\/\/centrourbano.com\/revista\/#website"},"primaryImageOfPage":{"@id":"https:\/\/centrourbano.com\/revista\/construccion\/47354-2\/#primaryimage"},"image":{"@id":"https:\/\/centrourbano.com\/revista\/construccion\/47354-2\/#primaryimage"},"thumbnailUrl":"https:\/\/centrourbano.com\/revista\/wp-content\/uploads\/Naucalpan-contar\u00e1-con-nuevo-Colegio-de-Bachilleres.jpg","datePublished":"2017-01-16T21:41:57+00:00","dateModified":"2017-01-16T21:43:00+00:00","description":"Se trata del plantel 37 del Estado de M\u00e9xico, cuyas obras est\u00e1n a cargo del Instituto Mexiquense de Infraestructura F\u00edsica Educativa","breadcrumb":{"@id":"https:\/\/centrourbano.com\/revista\/construccion\/47354-2\/#breadcrumb"},"inLanguage":"es","potentialAction":[{"@type":"ReadAction","target":["https:\/\/centrourbano.com\/revista\/construccion\/47354-2\/"]}]},{"@type":"ImageObject","inLanguage":"es","@id":"https:\/\/centrourbano.com\/revista\/construccion\/47354-2\/#primaryimage","url":"https:\/\/centrourbano.com\/revista\/wp-content\/uploads\/Naucalpan-contar\u00e1-con-nuevo-Colegio-de-Bachilleres.jpg","contentUrl":"https:\/\/centrourbano.com\/revista\/wp-content\/uploads\/Naucalpan-contar\u00e1-con-nuevo-Colegio-de-Bachilleres.jpg","width":701,"height":454,"caption":"Se trata del plantel 37 del Estado de M\u00e9xico, cuyas obras est\u00e1n a cargo del Instituto Mexiquense de Infraestructura F\u00edsica Educativa"},{"@type":"BreadcrumbList","@id":"https:\/\/centrourbano.com\/revista\/construccion\/47354-2\/#breadcrumb","itemListElement":[{"@type":"ListItem","position":1,"name":"Portada","item":"https:\/\/centrourbano.com\/revista\/"},{"@type":"ListItem","position":2,"name":"Naucalpan contar\u00e1 con nuevo Colegio de Bachilleres"}]},{"@type":"WebSite","@id":"https:\/\/centrourbano.com\/revista\/#website","url":"https:\/\/centrourbano.com\/revista\/","name":"Centro Urbano","description":"Medio especializado en los sectores vivienda, inmobiliario, construcci\u00f3n, arquitectura y urbanismo.","publisher":{"@id":"https:\/\/centrourbano.com\/revista\/#organization"},"potentialAction":[{"@type":"SearchAction","target":{"@type":"EntryPoint","urlTemplate":"https:\/\/centrourbano.com\/revista\/?s={search_term_string}"},"query-input":{"@type":"PropertyValueSpecification","valueRequired":true,"valueName":"search_term_string"}}],"inLanguage":"es"},{"@type":"Organization","@id":"https:\/\/centrourbano.com\/revista\/#organization","name":"Centro Urbano","url":"https:\/\/centrourbano.com\/revista\/","logo":{"@type":"ImageObject","inLanguage":"es","@id":"https:\/\/centrourbano.com\/revista\/#\/schema\/logo\/image\/","url":"https:\/\/centrourbano.com\/revista\/wp-content\/uploads\/web_CU_logo-1.png","contentUrl":"https:\/\/centrourbano.com\/revista\/wp-content\/uploads\/web_CU_logo-1.png","width":350,"height":91,"caption":"Centro Urbano"},"image":{"@id":"https:\/\/centrourbano.com\/revista\/#\/schema\/logo\/image\/"},"sameAs":["https:\/\/www.facebook.com\/portalcentrourbano","https:\/\/x.com\/CentroUrbano","https:\/\/www.instagram.com\/centro_urbano\/","https:\/\/www.linkedin.com\/company\/centro-urbano\/","http:\/\/www.youtube.com\/user\/portalcentrourbano"]},{"@type":"Person","@id":"https:\/\/centrourbano.com\/revista\/#\/schema\/person\/b45db815d96831257ba428a3d5a5fbdc","name":"Dinorah Nava","image":{"@type":"ImageObject","inLanguage":"es","@id":"https:\/\/secure.gravatar.com\/avatar\/f6ca6430c51d147f363940f84e1225aa4b8183885c11802cc3b042305a4ecc1a?s=96&d=mm&r=g","url":"https:\/\/secure.gravatar.com\/avatar\/f6ca6430c51d147f363940f84e1225aa4b8183885c11802cc3b042305a4ecc1a?s=96&d=mm&r=g","contentUrl":"https:\/\/secure.gravatar.com\/avatar\/f6ca6430c51d147f363940f84e1225aa4b8183885c11802cc3b042305a4ecc1a?s=96&d=mm&r=g","caption":"Dinorah Nava"},"description":"Editora de Contenidos y Estrategias Digitales en Centro Urbano y Coeditora en Peri\u00f3dico Mi Casa. Egresada de la licenciatura en Comunicaci\u00f3n y Periodismo de la Facultad de Estudios Superiores Arag\u00f3n (UNAM). Amante de la edici\u00f3n y correcci\u00f3n de estilo, las redes sociales y el mundo digital. Especialista en temas son arquitectura, inmobiliario y urbanismo.","sameAs":["linkedin.com\/in\/dinorah-nava","https:\/\/x.com\/https:\/\/twitter.com\/Dinorah_Nava28"],"url":"https:\/\/centrourbano.com\/revista\/author\/dinorah-nava\/"}]}},"_links":{"self":[{"href":"https:\/\/centrourbano.com\/revista\/wp-json\/wp\/v2\/posts\/47354","targetHints":{"allow":["GET"]}}],"collection":[{"href":"https:\/\/centrourbano.com\/revista\/wp-json\/wp\/v2\/posts"}],"about":[{"href":"https:\/\/centrourbano.com\/revista\/wp-json\/wp\/v2\/types\/post"}],"author":[{"embeddable":true,"href":"https:\/\/centrourbano.com\/revista\/wp-json\/wp\/v2\/users\/9"}],"replies":[{"embeddable":true,"href":"https:\/\/centrourbano.com\/revista\/wp-json\/wp\/v2\/comments?post=47354"}],"version-history":[{"count":0,"href":"https:\/\/centrourbano.com\/revista\/wp-json\/wp\/v2\/posts\/47354\/revisions"}],"wp:featuredmedia":[{"embeddable":true,"href":"https:\/\/centrourbano.com\/revista\/wp-json\/wp\/v2\/media\/47355"}],"wp:attachment":[{"href":"https:\/\/centrourbano.com\/revista\/wp-json\/wp\/v2\/media?parent=47354"}],"wp:term":[{"taxonomy":"category","embeddable":true,"href":"https:\/\/centrourbano.com\/revista\/wp-json\/wp\/v2\/categories?post=47354"},{"taxonomy":"post_tag","embeddable":true,"href":"https:\/\/centrourbano.com\/revista\/wp-json\/wp\/v2\/tags?post=47354"}],"curies":[{"name":"wp","href":"https:\/\/api.w.org\/{rel}","templated":true}]}}