{"id":47140,"date":"2017-01-11T16:01:10","date_gmt":"2017-01-11T22:01:10","guid":{"rendered":"https:\/\/centrourbano.com\/?p=47140"},"modified":"2017-01-11T16:01:10","modified_gmt":"2017-01-11T22:01:10","slug":"en-marcha-el-museo-de-sitio-y-la-zona-arqueologica-de-tehuacan-el-viejo","status":"publish","type":"post","link":"https:\/\/centrourbano.com\/revista\/arquitectura-2\/en-marcha-el-museo-de-sitio-y-la-zona-arqueologica-de-tehuacan-el-viejo\/","title":{"rendered":"En marcha el Museo de Sitio y la Zona Arqueol\u00f3gica de Tehuac\u00e1n el Viejo"},"content":{"rendered":"<p><em>El recinto se vale de c\u00e9dulas, planos y animaciones 3D para abordar la planeaci\u00f3n arquitect\u00f3nica y el simbolismo religioso de la ciudad<\/em><!--more--><\/p>\n<p>Con un acto inaugural a cargo del director general del INAH, Diego Prieto, y el gobernador de Puebla, Rafael Moreno Valle, fue como esta semana se puso en marcha el Museo de Sitio y la Zona Arqueol\u00f3gica de Tehuac\u00e1n el Viejo. <\/p>\n<p>Este recinto se vale de c\u00e9dulas, planos y animaciones 3D para abordar la planeaci\u00f3n arquitect\u00f3nica y el simbolismo religioso de la ciudad. Adem\u00e1s, fue edificado con recursos del gobierno estatal, y la museograf\u00eda estuvo a cargo de la Coordinaci\u00f3n Nacional de Museos y Exposiciones del INAH.<\/p>\n<p>Mediante un comunicado el INAH destaca que se trata de un espacio que mediante una rica colecci\u00f3n de piezas arqueol\u00f3gicas y elementos audiovisuales, revela al visitante la que fue, en la \u00e9poca prehisp\u00e1nica, la ciudad m\u00e1s importante del oriente del actual estado de Puebla: Ndachjian, m\u00e1s conocida como Tehuac\u00e1n Viejo, antigua urbe de la cultura nguiwa o popoloca.<\/p>\n<p>En el evento se hizo un reconocimiento p\u00fablico al trabajo de m\u00e1s 20 a\u00f1os encabezado por la arque\u00f3loga Noem\u00ed Castillo Tejeda, investigadora em\u00e9rita del INAH, por el estudio y puesta en valor de Tehuac\u00e1n Viejo, sitio del que se han explorado s\u00f3lo 16 de las 126 hect\u00e1reas que comprende su poligonal y del que proceden las poco m\u00e1s de 80 piezas arqueol\u00f3gicas que alberga el reci\u00e9n abierto Museo de Sitio de Tehuac\u00e1n.<\/p>\n<p>Al respecto, Diego Prieto, destac\u00f3 la importancia de esta regi\u00f3n como espacio geogr\u00e1fico fundamental en la domesticaci\u00f3n de diversas plantas, entre ellas el ma\u00edz, por lo que el INAH es uno de los organismos federales que impulsa la inscripci\u00f3n de la Reserva Tehuac\u00e1n-Cuicatl\u00e1n como Patrimonio Mixto, en la Lista de Patrimonio Mundial de la UNESCO.<\/p>\n<p>Adem\u00e1s, puntualiz\u00f3 que el Museo de Sitio de Tehuac\u00e1n es la introducci\u00f3n al conocimiento de esta zona arqueol\u00f3gica que fue considerada el centro de culto y cabecera pol\u00edtica m\u00e1s importante de la regi\u00f3n durante el periodo Poscl\u00e1sico, de manera que la arquitectura de este lugar data del a\u00f1os 1000 d.C. al 1456 d.C., aproximadamente.<\/p>\n<p>Asimismo, expres\u00f3 que el museo tiene un sentido educativo, social, y un potencial tur\u00edstico, una experiencia de memoria que muestra la profundidad del pasado, y un lugar donde los habitantes de la regi\u00f3n oriente de Puebla puede establecer lazos con los pobladores de otros tiempos. <\/p>\n<p>Las m\u00e1s de 80 piezas arqueol\u00f3gicas que se exhiben en el espacio permiten acceder a las formas de vida y los medios que los popolocas idearon para su subsistencia.<\/p>\n<p>Entre la selecci\u00f3n de m\u00e1s de 80 piezas arqueol\u00f3gicas que incluye esculturas monumentales en piedra y barro, as\u00ed como vasijas, figurillas y l\u00edtica, sobresalen deidades cosmog\u00f3nicas y la decoraci\u00f3n tipo c\u00f3dice de las figuras. Asimismo, la producci\u00f3n cer\u00e1mica local y de importaci\u00f3n, marca las rutas de comercio e intercambio de la urbe, que iban de los Valles Centrales de Oaxaca al Altiplano, y del Golfo de M\u00e9xico a la regi\u00f3n Puebla-Tlaxcala.<\/p>\n<p>Destacan tambi\u00e9n figuras de barro denominadas \u201cxantiles\u201d que son especialmente representativas de la regi\u00f3n y que muestran a diferentes dioses en posici\u00f3n sedente y con los brazos cruzados: Xipe T\u00f3tec, Xochiqu\u00e9tzal, Xochipilli y Quetzalc\u00f3atl, con aplicaciones de pintura que se ha conservado hasta nuestros d\u00edas. Estas representaciones fueron detectadas en el \u00e1rea de \u00e9lite (palacios) donde habitaban los dignatarios.<\/p>\n<p>En gira de trabajo, el manatiario estatal tambi\u00e9n inaugur\u00f3 la carretera de acceso a este sitio, que tuvo una inversi\u00f3n de 32,000,000 de pesos, y anunci\u00f3 que antes de finalizar su administraci\u00f3n, abrir\u00e1 las puertas del Museo de la Evoluci\u00f3n de esta regi\u00f3n.<\/p>\n","protected":false},"excerpt":{"rendered":"<p>El recinto se vale de c\u00e9dulas, planos y animaciones 3D para abordar la planeaci\u00f3n arquitect\u00f3nica y el simbolismo religioso de la ciudad<\/p>\n","protected":false},"author":9,"featured_media":47141,"comment_status":"open","ping_status":"closed","sticky":false,"template":"","format":"standard","meta":{"om_disable_all_campaigns":false,"inline_featured_image":false,"_monsterinsights_skip_tracking":false,"_monsterinsights_sitenote_active":false,"_monsterinsights_sitenote_note":"","_monsterinsights_sitenote_category":0,"footnotes":""},"categories":[81],"tags":[20,3449,9343,602,9344],"class_list":["post-47140","post","type-post","status-publish","format-standard","has-post-thumbnail","hentry","category-arquitectura-2","tag-arquitectura","tag-museo","tag-museo-de-sitio-y-la-zona-arqueologica-de-tehuacan-el-viejo","tag-puebla","tag-tehuacan"],"yoast_head":"<!-- This site is optimized with the Yoast SEO plugin v27.4 - https:\/\/yoast.com\/product\/yoast-seo-wordpress\/ -->\n<title>En marcha el Museo de Sitio y la Zona Arqueol\u00f3gica de Tehuac\u00e1n el Viejo<\/title>\n<meta name=\"description\" content=\"El recinto se vale de c\u00e9dulas, planos y animaciones 3D para abordar la planeaci\u00f3n arquitect\u00f3nica y el simbolismo religioso de la ciudad\" \/>\n<meta name=\"robots\" content=\"index, follow, max-snippet:-1, max-image-preview:large, max-video-preview:-1\" \/>\n<link rel=\"canonical\" href=\"https:\/\/centrourbano.com\/revista\/arquitectura-2\/en-marcha-el-museo-de-sitio-y-la-zona-arqueologica-de-tehuacan-el-viejo\/\" \/>\n<meta property=\"og:locale\" content=\"es_ES\" \/>\n<meta property=\"og:type\" content=\"article\" \/>\n<meta property=\"og:title\" content=\"En marcha el Museo de Sitio y la Zona Arqueol\u00f3gica de Tehuac\u00e1n el Viejo\" \/>\n<meta property=\"og:description\" content=\"El recinto se vale de c\u00e9dulas, planos y animaciones 3D para abordar la planeaci\u00f3n arquitect\u00f3nica y el simbolismo religioso de la ciudad\" \/>\n<meta property=\"og:url\" content=\"https:\/\/centrourbano.com\/revista\/arquitectura-2\/en-marcha-el-museo-de-sitio-y-la-zona-arqueologica-de-tehuacan-el-viejo\/\" \/>\n<meta property=\"og:site_name\" content=\"Centro Urbano\" \/>\n<meta property=\"article:publisher\" content=\"https:\/\/www.facebook.com\/portalcentrourbano\" \/>\n<meta property=\"article:published_time\" content=\"2017-01-11T22:01:10+00:00\" \/>\n<meta property=\"og:image\" content=\"https:\/\/centrourbano.com\/revista\/wp-content\/uploads\/En-marcha-el-Museo-de-Sitio-y-la-Zona-Arqueol\u00f3gica-de-Tehuac\u00e1n-el-Viejo.jpg\" \/>\n\t<meta property=\"og:image:width\" content=\"1500\" \/>\n\t<meta property=\"og:image:height\" content=\"1080\" \/>\n\t<meta property=\"og:image:type\" content=\"image\/jpeg\" \/>\n<meta name=\"author\" content=\"Dinorah Nava\" \/>\n<meta name=\"twitter:card\" content=\"summary_large_image\" \/>\n<meta name=\"twitter:creator\" content=\"@https:\/\/twitter.com\/Dinorah_Nava28\" \/>\n<meta name=\"twitter:site\" content=\"@CentroUrbano\" \/>\n<meta name=\"twitter:label1\" content=\"Escrito por\" \/>\n\t<meta name=\"twitter:data1\" content=\"Dinorah Nava\" \/>\n\t<meta name=\"twitter:label2\" content=\"Tiempo de lectura\" \/>\n\t<meta name=\"twitter:data2\" content=\"3 minutos\" \/>\n<script type=\"application\/ld+json\" class=\"yoast-schema-graph\">{\"@context\":\"https:\\\/\\\/schema.org\",\"@graph\":[{\"@type\":\"Article\",\"@id\":\"https:\\\/\\\/centrourbano.com\\\/revista\\\/arquitectura-2\\\/en-marcha-el-museo-de-sitio-y-la-zona-arqueologica-de-tehuacan-el-viejo\\\/#article\",\"isPartOf\":{\"@id\":\"https:\\\/\\\/centrourbano.com\\\/revista\\\/arquitectura-2\\\/en-marcha-el-museo-de-sitio-y-la-zona-arqueologica-de-tehuacan-el-viejo\\\/\"},\"author\":{\"name\":\"Dinorah Nava\",\"@id\":\"https:\\\/\\\/centrourbano.com\\\/revista\\\/#\\\/schema\\\/person\\\/b45db815d96831257ba428a3d5a5fbdc\"},\"headline\":\"En marcha el Museo de Sitio y la Zona Arqueol\u00f3gica de Tehuac\u00e1n el Viejo\",\"datePublished\":\"2017-01-11T22:01:10+00:00\",\"mainEntityOfPage\":{\"@id\":\"https:\\\/\\\/centrourbano.com\\\/revista\\\/arquitectura-2\\\/en-marcha-el-museo-de-sitio-y-la-zona-arqueologica-de-tehuacan-el-viejo\\\/\"},\"wordCount\":677,\"commentCount\":0,\"publisher\":{\"@id\":\"https:\\\/\\\/centrourbano.com\\\/revista\\\/#organization\"},\"image\":{\"@id\":\"https:\\\/\\\/centrourbano.com\\\/revista\\\/arquitectura-2\\\/en-marcha-el-museo-de-sitio-y-la-zona-arqueologica-de-tehuacan-el-viejo\\\/#primaryimage\"},\"thumbnailUrl\":\"https:\\\/\\\/centrourbano.com\\\/revista\\\/wp-content\\\/uploads\\\/En-marcha-el-Museo-de-Sitio-y-la-Zona-Arqueol\u00f3gica-de-Tehuac\u00e1n-el-Viejo.jpg\",\"keywords\":[\"arquitectura\",\"museo\",\"Museo de Sitio y la Zona Arqueol\u00f3gica de Tehuac\u00e1n el Viejo\",\"Puebla\",\"Tehuac\u00e1n\"],\"articleSection\":[\"Arquitectura\"],\"inLanguage\":\"es\",\"potentialAction\":[{\"@type\":\"CommentAction\",\"name\":\"Comment\",\"target\":[\"https:\\\/\\\/centrourbano.com\\\/revista\\\/arquitectura-2\\\/en-marcha-el-museo-de-sitio-y-la-zona-arqueologica-de-tehuacan-el-viejo\\\/#respond\"]}]},{\"@type\":\"WebPage\",\"@id\":\"https:\\\/\\\/centrourbano.com\\\/revista\\\/arquitectura-2\\\/en-marcha-el-museo-de-sitio-y-la-zona-arqueologica-de-tehuacan-el-viejo\\\/\",\"url\":\"https:\\\/\\\/centrourbano.com\\\/revista\\\/arquitectura-2\\\/en-marcha-el-museo-de-sitio-y-la-zona-arqueologica-de-tehuacan-el-viejo\\\/\",\"name\":\"En marcha el Museo de Sitio y la Zona Arqueol\u00f3gica de Tehuac\u00e1n el Viejo\",\"isPartOf\":{\"@id\":\"https:\\\/\\\/centrourbano.com\\\/revista\\\/#website\"},\"primaryImageOfPage\":{\"@id\":\"https:\\\/\\\/centrourbano.com\\\/revista\\\/arquitectura-2\\\/en-marcha-el-museo-de-sitio-y-la-zona-arqueologica-de-tehuacan-el-viejo\\\/#primaryimage\"},\"image\":{\"@id\":\"https:\\\/\\\/centrourbano.com\\\/revista\\\/arquitectura-2\\\/en-marcha-el-museo-de-sitio-y-la-zona-arqueologica-de-tehuacan-el-viejo\\\/#primaryimage\"},\"thumbnailUrl\":\"https:\\\/\\\/centrourbano.com\\\/revista\\\/wp-content\\\/uploads\\\/En-marcha-el-Museo-de-Sitio-y-la-Zona-Arqueol\u00f3gica-de-Tehuac\u00e1n-el-Viejo.jpg\",\"datePublished\":\"2017-01-11T22:01:10+00:00\",\"description\":\"El recinto se vale de c\u00e9dulas, planos y animaciones 3D para abordar la planeaci\u00f3n arquitect\u00f3nica y el simbolismo religioso de la ciudad\",\"breadcrumb\":{\"@id\":\"https:\\\/\\\/centrourbano.com\\\/revista\\\/arquitectura-2\\\/en-marcha-el-museo-de-sitio-y-la-zona-arqueologica-de-tehuacan-el-viejo\\\/#breadcrumb\"},\"inLanguage\":\"es\",\"potentialAction\":[{\"@type\":\"ReadAction\",\"target\":[\"https:\\\/\\\/centrourbano.com\\\/revista\\\/arquitectura-2\\\/en-marcha-el-museo-de-sitio-y-la-zona-arqueologica-de-tehuacan-el-viejo\\\/\"]}]},{\"@type\":\"ImageObject\",\"inLanguage\":\"es\",\"@id\":\"https:\\\/\\\/centrourbano.com\\\/revista\\\/arquitectura-2\\\/en-marcha-el-museo-de-sitio-y-la-zona-arqueologica-de-tehuacan-el-viejo\\\/#primaryimage\",\"url\":\"https:\\\/\\\/centrourbano.com\\\/revista\\\/wp-content\\\/uploads\\\/En-marcha-el-Museo-de-Sitio-y-la-Zona-Arqueol\u00f3gica-de-Tehuac\u00e1n-el-Viejo.jpg\",\"contentUrl\":\"https:\\\/\\\/centrourbano.com\\\/revista\\\/wp-content\\\/uploads\\\/En-marcha-el-Museo-de-Sitio-y-la-Zona-Arqueol\u00f3gica-de-Tehuac\u00e1n-el-Viejo.jpg\",\"width\":1500,\"height\":1080,\"caption\":\"El recinto se vale de c\u00e9dulas, planos y animaciones 3D para abordar la planeaci\u00f3n arquitect\u00f3nica y el simbolismo religioso de la ciudad\"},{\"@type\":\"BreadcrumbList\",\"@id\":\"https:\\\/\\\/centrourbano.com\\\/revista\\\/arquitectura-2\\\/en-marcha-el-museo-de-sitio-y-la-zona-arqueologica-de-tehuacan-el-viejo\\\/#breadcrumb\",\"itemListElement\":[{\"@type\":\"ListItem\",\"position\":1,\"name\":\"Portada\",\"item\":\"https:\\\/\\\/centrourbano.com\\\/revista\\\/\"},{\"@type\":\"ListItem\",\"position\":2,\"name\":\"En marcha el Museo de Sitio y la Zona Arqueol\u00f3gica de Tehuac\u00e1n el Viejo\"}]},{\"@type\":\"WebSite\",\"@id\":\"https:\\\/\\\/centrourbano.com\\\/revista\\\/#website\",\"url\":\"https:\\\/\\\/centrourbano.com\\\/revista\\\/\",\"name\":\"Centro Urbano\",\"description\":\"Medio especializado en los sectores vivienda, inmobiliario, construcci\u00f3n, arquitectura y urbanismo.\",\"publisher\":{\"@id\":\"https:\\\/\\\/centrourbano.com\\\/revista\\\/#organization\"},\"potentialAction\":[{\"@type\":\"SearchAction\",\"target\":{\"@type\":\"EntryPoint\",\"urlTemplate\":\"https:\\\/\\\/centrourbano.com\\\/revista\\\/?s={search_term_string}\"},\"query-input\":{\"@type\":\"PropertyValueSpecification\",\"valueRequired\":true,\"valueName\":\"search_term_string\"}}],\"inLanguage\":\"es\"},{\"@type\":\"Organization\",\"@id\":\"https:\\\/\\\/centrourbano.com\\\/revista\\\/#organization\",\"name\":\"Centro Urbano\",\"url\":\"https:\\\/\\\/centrourbano.com\\\/revista\\\/\",\"logo\":{\"@type\":\"ImageObject\",\"inLanguage\":\"es\",\"@id\":\"https:\\\/\\\/centrourbano.com\\\/revista\\\/#\\\/schema\\\/logo\\\/image\\\/\",\"url\":\"https:\\\/\\\/centrourbano.com\\\/revista\\\/wp-content\\\/uploads\\\/web_CU_logo-1.png\",\"contentUrl\":\"https:\\\/\\\/centrourbano.com\\\/revista\\\/wp-content\\\/uploads\\\/web_CU_logo-1.png\",\"width\":350,\"height\":91,\"caption\":\"Centro Urbano\"},\"image\":{\"@id\":\"https:\\\/\\\/centrourbano.com\\\/revista\\\/#\\\/schema\\\/logo\\\/image\\\/\"},\"sameAs\":[\"https:\\\/\\\/www.facebook.com\\\/portalcentrourbano\",\"https:\\\/\\\/x.com\\\/CentroUrbano\",\"https:\\\/\\\/www.instagram.com\\\/centro_urbano\\\/\",\"https:\\\/\\\/www.linkedin.com\\\/company\\\/centro-urbano\\\/\",\"http:\\\/\\\/www.youtube.com\\\/user\\\/portalcentrourbano\"]},{\"@type\":\"Person\",\"@id\":\"https:\\\/\\\/centrourbano.com\\\/revista\\\/#\\\/schema\\\/person\\\/b45db815d96831257ba428a3d5a5fbdc\",\"name\":\"Dinorah Nava\",\"image\":{\"@type\":\"ImageObject\",\"inLanguage\":\"es\",\"@id\":\"https:\\\/\\\/secure.gravatar.com\\\/avatar\\\/f6ca6430c51d147f363940f84e1225aa4b8183885c11802cc3b042305a4ecc1a?s=96&d=mm&r=g\",\"url\":\"https:\\\/\\\/secure.gravatar.com\\\/avatar\\\/f6ca6430c51d147f363940f84e1225aa4b8183885c11802cc3b042305a4ecc1a?s=96&d=mm&r=g\",\"contentUrl\":\"https:\\\/\\\/secure.gravatar.com\\\/avatar\\\/f6ca6430c51d147f363940f84e1225aa4b8183885c11802cc3b042305a4ecc1a?s=96&d=mm&r=g\",\"caption\":\"Dinorah Nava\"},\"description\":\"Editora de Contenidos y Estrategias Digitales en Centro Urbano y Coeditora en Peri\u00f3dico Mi Casa. Egresada de la licenciatura en Comunicaci\u00f3n y Periodismo de la Facultad de Estudios Superiores Arag\u00f3n (UNAM). Amante de la edici\u00f3n y correcci\u00f3n de estilo, las redes sociales y el mundo digital. Especialista en temas son arquitectura, inmobiliario y urbanismo.\",\"sameAs\":[\"linkedin.com\\\/in\\\/dinorah-nava\",\"https:\\\/\\\/x.com\\\/https:\\\/\\\/twitter.com\\\/Dinorah_Nava28\"],\"url\":\"https:\\\/\\\/centrourbano.com\\\/revista\\\/author\\\/dinorah-nava\\\/\"}]}<\/script>\n<!-- \/ Yoast SEO plugin. -->","yoast_head_json":{"title":"En marcha el Museo de Sitio y la Zona Arqueol\u00f3gica de Tehuac\u00e1n el Viejo","description":"El recinto se vale de c\u00e9dulas, planos y animaciones 3D para abordar la planeaci\u00f3n arquitect\u00f3nica y el simbolismo religioso de la ciudad","robots":{"index":"index","follow":"follow","max-snippet":"max-snippet:-1","max-image-preview":"max-image-preview:large","max-video-preview":"max-video-preview:-1"},"canonical":"https:\/\/centrourbano.com\/revista\/arquitectura-2\/en-marcha-el-museo-de-sitio-y-la-zona-arqueologica-de-tehuacan-el-viejo\/","og_locale":"es_ES","og_type":"article","og_title":"En marcha el Museo de Sitio y la Zona Arqueol\u00f3gica de Tehuac\u00e1n el Viejo","og_description":"El recinto se vale de c\u00e9dulas, planos y animaciones 3D para abordar la planeaci\u00f3n arquitect\u00f3nica y el simbolismo religioso de la ciudad","og_url":"https:\/\/centrourbano.com\/revista\/arquitectura-2\/en-marcha-el-museo-de-sitio-y-la-zona-arqueologica-de-tehuacan-el-viejo\/","og_site_name":"Centro Urbano","article_publisher":"https:\/\/www.facebook.com\/portalcentrourbano","article_published_time":"2017-01-11T22:01:10+00:00","og_image":[{"width":1500,"height":1080,"url":"https:\/\/centrourbano.com\/revista\/wp-content\/uploads\/En-marcha-el-Museo-de-Sitio-y-la-Zona-Arqueol\u00f3gica-de-Tehuac\u00e1n-el-Viejo.jpg","type":"image\/jpeg"}],"author":"Dinorah Nava","twitter_card":"summary_large_image","twitter_creator":"@https:\/\/twitter.com\/Dinorah_Nava28","twitter_site":"@CentroUrbano","twitter_misc":{"Escrito por":"Dinorah Nava","Tiempo de lectura":"3 minutos"},"schema":{"@context":"https:\/\/schema.org","@graph":[{"@type":"Article","@id":"https:\/\/centrourbano.com\/revista\/arquitectura-2\/en-marcha-el-museo-de-sitio-y-la-zona-arqueologica-de-tehuacan-el-viejo\/#article","isPartOf":{"@id":"https:\/\/centrourbano.com\/revista\/arquitectura-2\/en-marcha-el-museo-de-sitio-y-la-zona-arqueologica-de-tehuacan-el-viejo\/"},"author":{"name":"Dinorah Nava","@id":"https:\/\/centrourbano.com\/revista\/#\/schema\/person\/b45db815d96831257ba428a3d5a5fbdc"},"headline":"En marcha el Museo de Sitio y la Zona Arqueol\u00f3gica de Tehuac\u00e1n el Viejo","datePublished":"2017-01-11T22:01:10+00:00","mainEntityOfPage":{"@id":"https:\/\/centrourbano.com\/revista\/arquitectura-2\/en-marcha-el-museo-de-sitio-y-la-zona-arqueologica-de-tehuacan-el-viejo\/"},"wordCount":677,"commentCount":0,"publisher":{"@id":"https:\/\/centrourbano.com\/revista\/#organization"},"image":{"@id":"https:\/\/centrourbano.com\/revista\/arquitectura-2\/en-marcha-el-museo-de-sitio-y-la-zona-arqueologica-de-tehuacan-el-viejo\/#primaryimage"},"thumbnailUrl":"https:\/\/centrourbano.com\/revista\/wp-content\/uploads\/En-marcha-el-Museo-de-Sitio-y-la-Zona-Arqueol\u00f3gica-de-Tehuac\u00e1n-el-Viejo.jpg","keywords":["arquitectura","museo","Museo de Sitio y la Zona Arqueol\u00f3gica de Tehuac\u00e1n el Viejo","Puebla","Tehuac\u00e1n"],"articleSection":["Arquitectura"],"inLanguage":"es","potentialAction":[{"@type":"CommentAction","name":"Comment","target":["https:\/\/centrourbano.com\/revista\/arquitectura-2\/en-marcha-el-museo-de-sitio-y-la-zona-arqueologica-de-tehuacan-el-viejo\/#respond"]}]},{"@type":"WebPage","@id":"https:\/\/centrourbano.com\/revista\/arquitectura-2\/en-marcha-el-museo-de-sitio-y-la-zona-arqueologica-de-tehuacan-el-viejo\/","url":"https:\/\/centrourbano.com\/revista\/arquitectura-2\/en-marcha-el-museo-de-sitio-y-la-zona-arqueologica-de-tehuacan-el-viejo\/","name":"En marcha el Museo de Sitio y la Zona Arqueol\u00f3gica de Tehuac\u00e1n el Viejo","isPartOf":{"@id":"https:\/\/centrourbano.com\/revista\/#website"},"primaryImageOfPage":{"@id":"https:\/\/centrourbano.com\/revista\/arquitectura-2\/en-marcha-el-museo-de-sitio-y-la-zona-arqueologica-de-tehuacan-el-viejo\/#primaryimage"},"image":{"@id":"https:\/\/centrourbano.com\/revista\/arquitectura-2\/en-marcha-el-museo-de-sitio-y-la-zona-arqueologica-de-tehuacan-el-viejo\/#primaryimage"},"thumbnailUrl":"https:\/\/centrourbano.com\/revista\/wp-content\/uploads\/En-marcha-el-Museo-de-Sitio-y-la-Zona-Arqueol\u00f3gica-de-Tehuac\u00e1n-el-Viejo.jpg","datePublished":"2017-01-11T22:01:10+00:00","description":"El recinto se vale de c\u00e9dulas, planos y animaciones 3D para abordar la planeaci\u00f3n arquitect\u00f3nica y el simbolismo religioso de la ciudad","breadcrumb":{"@id":"https:\/\/centrourbano.com\/revista\/arquitectura-2\/en-marcha-el-museo-de-sitio-y-la-zona-arqueologica-de-tehuacan-el-viejo\/#breadcrumb"},"inLanguage":"es","potentialAction":[{"@type":"ReadAction","target":["https:\/\/centrourbano.com\/revista\/arquitectura-2\/en-marcha-el-museo-de-sitio-y-la-zona-arqueologica-de-tehuacan-el-viejo\/"]}]},{"@type":"ImageObject","inLanguage":"es","@id":"https:\/\/centrourbano.com\/revista\/arquitectura-2\/en-marcha-el-museo-de-sitio-y-la-zona-arqueologica-de-tehuacan-el-viejo\/#primaryimage","url":"https:\/\/centrourbano.com\/revista\/wp-content\/uploads\/En-marcha-el-Museo-de-Sitio-y-la-Zona-Arqueol\u00f3gica-de-Tehuac\u00e1n-el-Viejo.jpg","contentUrl":"https:\/\/centrourbano.com\/revista\/wp-content\/uploads\/En-marcha-el-Museo-de-Sitio-y-la-Zona-Arqueol\u00f3gica-de-Tehuac\u00e1n-el-Viejo.jpg","width":1500,"height":1080,"caption":"El recinto se vale de c\u00e9dulas, planos y animaciones 3D para abordar la planeaci\u00f3n arquitect\u00f3nica y el simbolismo religioso de la ciudad"},{"@type":"BreadcrumbList","@id":"https:\/\/centrourbano.com\/revista\/arquitectura-2\/en-marcha-el-museo-de-sitio-y-la-zona-arqueologica-de-tehuacan-el-viejo\/#breadcrumb","itemListElement":[{"@type":"ListItem","position":1,"name":"Portada","item":"https:\/\/centrourbano.com\/revista\/"},{"@type":"ListItem","position":2,"name":"En marcha el Museo de Sitio y la Zona Arqueol\u00f3gica de Tehuac\u00e1n el Viejo"}]},{"@type":"WebSite","@id":"https:\/\/centrourbano.com\/revista\/#website","url":"https:\/\/centrourbano.com\/revista\/","name":"Centro Urbano","description":"Medio especializado en los sectores vivienda, inmobiliario, construcci\u00f3n, arquitectura y urbanismo.","publisher":{"@id":"https:\/\/centrourbano.com\/revista\/#organization"},"potentialAction":[{"@type":"SearchAction","target":{"@type":"EntryPoint","urlTemplate":"https:\/\/centrourbano.com\/revista\/?s={search_term_string}"},"query-input":{"@type":"PropertyValueSpecification","valueRequired":true,"valueName":"search_term_string"}}],"inLanguage":"es"},{"@type":"Organization","@id":"https:\/\/centrourbano.com\/revista\/#organization","name":"Centro Urbano","url":"https:\/\/centrourbano.com\/revista\/","logo":{"@type":"ImageObject","inLanguage":"es","@id":"https:\/\/centrourbano.com\/revista\/#\/schema\/logo\/image\/","url":"https:\/\/centrourbano.com\/revista\/wp-content\/uploads\/web_CU_logo-1.png","contentUrl":"https:\/\/centrourbano.com\/revista\/wp-content\/uploads\/web_CU_logo-1.png","width":350,"height":91,"caption":"Centro Urbano"},"image":{"@id":"https:\/\/centrourbano.com\/revista\/#\/schema\/logo\/image\/"},"sameAs":["https:\/\/www.facebook.com\/portalcentrourbano","https:\/\/x.com\/CentroUrbano","https:\/\/www.instagram.com\/centro_urbano\/","https:\/\/www.linkedin.com\/company\/centro-urbano\/","http:\/\/www.youtube.com\/user\/portalcentrourbano"]},{"@type":"Person","@id":"https:\/\/centrourbano.com\/revista\/#\/schema\/person\/b45db815d96831257ba428a3d5a5fbdc","name":"Dinorah Nava","image":{"@type":"ImageObject","inLanguage":"es","@id":"https:\/\/secure.gravatar.com\/avatar\/f6ca6430c51d147f363940f84e1225aa4b8183885c11802cc3b042305a4ecc1a?s=96&d=mm&r=g","url":"https:\/\/secure.gravatar.com\/avatar\/f6ca6430c51d147f363940f84e1225aa4b8183885c11802cc3b042305a4ecc1a?s=96&d=mm&r=g","contentUrl":"https:\/\/secure.gravatar.com\/avatar\/f6ca6430c51d147f363940f84e1225aa4b8183885c11802cc3b042305a4ecc1a?s=96&d=mm&r=g","caption":"Dinorah Nava"},"description":"Editora de Contenidos y Estrategias Digitales en Centro Urbano y Coeditora en Peri\u00f3dico Mi Casa. Egresada de la licenciatura en Comunicaci\u00f3n y Periodismo de la Facultad de Estudios Superiores Arag\u00f3n (UNAM). Amante de la edici\u00f3n y correcci\u00f3n de estilo, las redes sociales y el mundo digital. Especialista en temas son arquitectura, inmobiliario y urbanismo.","sameAs":["linkedin.com\/in\/dinorah-nava","https:\/\/x.com\/https:\/\/twitter.com\/Dinorah_Nava28"],"url":"https:\/\/centrourbano.com\/revista\/author\/dinorah-nava\/"}]}},"_links":{"self":[{"href":"https:\/\/centrourbano.com\/revista\/wp-json\/wp\/v2\/posts\/47140","targetHints":{"allow":["GET"]}}],"collection":[{"href":"https:\/\/centrourbano.com\/revista\/wp-json\/wp\/v2\/posts"}],"about":[{"href":"https:\/\/centrourbano.com\/revista\/wp-json\/wp\/v2\/types\/post"}],"author":[{"embeddable":true,"href":"https:\/\/centrourbano.com\/revista\/wp-json\/wp\/v2\/users\/9"}],"replies":[{"embeddable":true,"href":"https:\/\/centrourbano.com\/revista\/wp-json\/wp\/v2\/comments?post=47140"}],"version-history":[{"count":0,"href":"https:\/\/centrourbano.com\/revista\/wp-json\/wp\/v2\/posts\/47140\/revisions"}],"wp:featuredmedia":[{"embeddable":true,"href":"https:\/\/centrourbano.com\/revista\/wp-json\/wp\/v2\/media\/47141"}],"wp:attachment":[{"href":"https:\/\/centrourbano.com\/revista\/wp-json\/wp\/v2\/media?parent=47140"}],"wp:term":[{"taxonomy":"category","embeddable":true,"href":"https:\/\/centrourbano.com\/revista\/wp-json\/wp\/v2\/categories?post=47140"},{"taxonomy":"post_tag","embeddable":true,"href":"https:\/\/centrourbano.com\/revista\/wp-json\/wp\/v2\/tags?post=47140"}],"curies":[{"name":"wp","href":"https:\/\/api.w.org\/{rel}","templated":true}]}}