{"id":47125,"date":"2017-01-11T11:53:15","date_gmt":"2017-01-11T17:53:15","guid":{"rendered":"https:\/\/centrourbano.com\/?p=47125"},"modified":"2017-01-11T11:53:15","modified_gmt":"2017-01-11T17:53:15","slug":"museo-gerorge-lucas-tendra-sede-los-angeles","status":"publish","type":"post","link":"https:\/\/centrourbano.com\/revista\/arquitectura-2\/museo-gerorge-lucas-tendra-sede-los-angeles\/","title":{"rendered":"Museo de George Lucas tendr\u00e1 su sede en Los \u00c1ngeles"},"content":{"rendered":"<p><em>MAD Architects se encargar\u00e1 del dise\u00f1o de este recinto que concentrar\u00e1 el legado del creador de Star Wars<\/em><!--more--><\/p>\n<p>El d\u00eda de ayer, Lucas Museum of Narrative Art anunci\u00f3 que el recinto que concentrar\u00e1 el legado del creador de Stars Wars, George Lucas, tendr\u00e1 su sede en la ciudad de Los \u00c1ngeles. <\/p>\n<p>Lo anterior, luego de que tanto San Francisco como Los \u00c1ngeles hab\u00edan estado luchando desde octubre del a\u00f1o pasado por la ubicaci\u00f3n final para el museo. Adem\u00e1s, tras una serie de propuestas en San Francisco y Chicago, que finalmente fueron rechazadas por las respectivas comunidades locales, nuevas im\u00e1genes del proyecto en Los \u00c1ngeles fueron reveladas.<\/p>\n<p>Autoridades del nuevo recinto declararon que el museo han sido duramente criticados por el apoyo abrumadoramente positivo que recibieron de San Francisco y Los \u00c1ngeles durante el proceso de selecci\u00f3n, por lo que instalarse en una ubicaci\u00f3n result\u00f3 ser una decisi\u00f3n muy dif\u00edcil. <\/p>\n","protected":false},"excerpt":{"rendered":"<p>MAD Architects se encargar\u00e1 del dise\u00f1o de este recinto que concentrar\u00e1 el legado del creador de Star Wars<\/p>\n","protected":false},"author":77,"featured_media":47126,"comment_status":"open","ping_status":"closed","sticky":false,"template":"","format":"standard","meta":{"inline_featured_image":false,"footnotes":""},"categories":[81],"tags":[9335,9337,3449,9336],"class_list":["post-47125","post","type-post","status-publish","format-standard","has-post-thumbnail","hentry","category-arquitectura-2","tag-george-lucas","tag-mad-architects","tag-museo","tag-star-wars"],"yoast_head":"<!-- This site is optimized with the Yoast SEO plugin v28.4 - https:\/\/yoast.com\/product\/yoast-seo-wordpress\/ -->\n<title>Museo de George Lucas tendr\u00e1 su sede en Los \u00c1ngeles<\/title>\n<meta name=\"description\" content=\"MAD Architects se encargar\u00e1 del dise\u00f1o de este recinto que concentrar\u00e1 el legado del creador de Star Wars\" \/>\n<meta name=\"robots\" content=\"index, follow, max-snippet:-1, max-image-preview:large, max-video-preview:-1\" \/>\n<link rel=\"canonical\" href=\"https:\/\/centrourbano.com\/revista\/arquitectura-2\/museo-gerorge-lucas-tendra-sede-los-angeles\/\" \/>\n<meta property=\"og:locale\" content=\"es_ES\" \/>\n<meta property=\"og:type\" content=\"article\" \/>\n<meta property=\"og:title\" content=\"Museo de George Lucas tendr\u00e1 su sede en Los \u00c1ngeles\" \/>\n<meta property=\"og:description\" content=\"MAD Architects se encargar\u00e1 del dise\u00f1o de este recinto que concentrar\u00e1 el legado del creador de Star Wars\" \/>\n<meta property=\"og:url\" content=\"https:\/\/centrourbano.com\/revista\/arquitectura-2\/museo-gerorge-lucas-tendra-sede-los-angeles\/\" \/>\n<meta property=\"og:site_name\" content=\"Centro Urbano\" \/>\n<meta property=\"article:publisher\" content=\"https:\/\/www.facebook.com\/portalcentrourbano\" \/>\n<meta property=\"article:published_time\" content=\"2017-01-11T17:53:15+00:00\" \/>\n<meta property=\"og:image\" content=\"https:\/\/centrourbano.com\/revista\/wp-content\/uploads\/LMNA-LA-01.jpg\" \/>\n\t<meta property=\"og:image:width\" content=\"1582\" \/>\n\t<meta property=\"og:image:height\" content=\"791\" \/>\n\t<meta property=\"og:image:type\" content=\"image\/jpeg\" \/>\n<meta name=\"author\" content=\"G4A\" \/>\n<meta name=\"twitter:card\" content=\"summary_large_image\" \/>\n<meta name=\"twitter:creator\" content=\"@CentroUrbano\" \/>\n<meta name=\"twitter:site\" content=\"@CentroUrbano\" \/>\n<meta name=\"twitter:label1\" content=\"Escrito por\" \/>\n\t<meta name=\"twitter:data1\" content=\"G4A\" \/>\n\t<meta name=\"twitter:label2\" content=\"Tiempo de lectura\" \/>\n\t<meta name=\"twitter:data2\" content=\"1 minuto\" \/>\n<script type=\"application\/ld+json\" class=\"yoast-schema-graph\">{\"@context\":\"https:\\\/\\\/schema.org\",\"@graph\":[{\"@type\":\"Article\",\"@id\":\"https:\\\/\\\/centrourbano.com\\\/revista\\\/arquitectura-2\\\/museo-gerorge-lucas-tendra-sede-los-angeles\\\/#article\",\"isPartOf\":{\"@id\":\"https:\\\/\\\/centrourbano.com\\\/revista\\\/arquitectura-2\\\/museo-gerorge-lucas-tendra-sede-los-angeles\\\/\"},\"author\":{\"name\":\"G4A\",\"@id\":\"https:\\\/\\\/centrourbano.com\\\/revista\\\/#\\\/schema\\\/person\\\/370fa0ba2d8dd5bde3fdb8b62ad360aa\"},\"headline\":\"Museo de George Lucas tendr\u00e1 su sede en Los \u00c1ngeles\",\"datePublished\":\"2017-01-11T17:53:15+00:00\",\"mainEntityOfPage\":{\"@id\":\"https:\\\/\\\/centrourbano.com\\\/revista\\\/arquitectura-2\\\/museo-gerorge-lucas-tendra-sede-los-angeles\\\/\"},\"wordCount\":170,\"commentCount\":0,\"publisher\":{\"@id\":\"https:\\\/\\\/centrourbano.com\\\/revista\\\/#organization\"},\"image\":{\"@id\":\"https:\\\/\\\/centrourbano.com\\\/revista\\\/arquitectura-2\\\/museo-gerorge-lucas-tendra-sede-los-angeles\\\/#primaryimage\"},\"thumbnailUrl\":\"https:\\\/\\\/centrourbano.com\\\/revista\\\/wp-content\\\/uploads\\\/LMNA-LA-01.jpg\",\"keywords\":[\"George Lucas\",\"MAD Architects\",\"museo\",\"Star Wars\"],\"articleSection\":[\"Arquitectura\"],\"inLanguage\":\"es\"},{\"@type\":\"WebPage\",\"@id\":\"https:\\\/\\\/centrourbano.com\\\/revista\\\/arquitectura-2\\\/museo-gerorge-lucas-tendra-sede-los-angeles\\\/\",\"url\":\"https:\\\/\\\/centrourbano.com\\\/revista\\\/arquitectura-2\\\/museo-gerorge-lucas-tendra-sede-los-angeles\\\/\",\"name\":\"Museo de George Lucas tendr\u00e1 su sede en Los \u00c1ngeles\",\"isPartOf\":{\"@id\":\"https:\\\/\\\/centrourbano.com\\\/revista\\\/#website\"},\"primaryImageOfPage\":{\"@id\":\"https:\\\/\\\/centrourbano.com\\\/revista\\\/arquitectura-2\\\/museo-gerorge-lucas-tendra-sede-los-angeles\\\/#primaryimage\"},\"image\":{\"@id\":\"https:\\\/\\\/centrourbano.com\\\/revista\\\/arquitectura-2\\\/museo-gerorge-lucas-tendra-sede-los-angeles\\\/#primaryimage\"},\"thumbnailUrl\":\"https:\\\/\\\/centrourbano.com\\\/revista\\\/wp-content\\\/uploads\\\/LMNA-LA-01.jpg\",\"datePublished\":\"2017-01-11T17:53:15+00:00\",\"description\":\"MAD Architects se encargar\u00e1 del dise\u00f1o de este recinto que concentrar\u00e1 el legado del creador de Star Wars\",\"breadcrumb\":{\"@id\":\"https:\\\/\\\/centrourbano.com\\\/revista\\\/arquitectura-2\\\/museo-gerorge-lucas-tendra-sede-los-angeles\\\/#breadcrumb\"},\"inLanguage\":\"es\",\"potentialAction\":[{\"@type\":\"ReadAction\",\"target\":[\"https:\\\/\\\/centrourbano.com\\\/revista\\\/arquitectura-2\\\/museo-gerorge-lucas-tendra-sede-los-angeles\\\/\"]}]},{\"@type\":\"ImageObject\",\"inLanguage\":\"es\",\"@id\":\"https:\\\/\\\/centrourbano.com\\\/revista\\\/arquitectura-2\\\/museo-gerorge-lucas-tendra-sede-los-angeles\\\/#primaryimage\",\"url\":\"https:\\\/\\\/centrourbano.com\\\/revista\\\/wp-content\\\/uploads\\\/LMNA-LA-01.jpg\",\"contentUrl\":\"https:\\\/\\\/centrourbano.com\\\/revista\\\/wp-content\\\/uploads\\\/LMNA-LA-01.jpg\",\"width\":1582,\"height\":791,\"caption\":\"Dise\u00f1ado por MAD Architects, el recinto albergar\u00e1 la colecci\u00f3n del director de Star Wars y su esposa, Mellody Hobson\"},{\"@type\":\"BreadcrumbList\",\"@id\":\"https:\\\/\\\/centrourbano.com\\\/revista\\\/arquitectura-2\\\/museo-gerorge-lucas-tendra-sede-los-angeles\\\/#breadcrumb\",\"itemListElement\":[{\"@type\":\"ListItem\",\"position\":1,\"name\":\"Portada\",\"item\":\"https:\\\/\\\/centrourbano.com\\\/revista\\\/\"},{\"@type\":\"ListItem\",\"position\":2,\"name\":\"Museo de George Lucas tendr\u00e1 su sede en Los \u00c1ngeles\"}]},{\"@type\":\"WebSite\",\"@id\":\"https:\\\/\\\/centrourbano.com\\\/revista\\\/#website\",\"url\":\"https:\\\/\\\/centrourbano.com\\\/revista\\\/\",\"name\":\"Centro Urbano\",\"description\":\"Medio especializado en los sectores vivienda, inmobiliario, construcci\u00f3n, arquitectura y urbanismo.\",\"publisher\":{\"@id\":\"https:\\\/\\\/centrourbano.com\\\/revista\\\/#organization\"},\"potentialAction\":[{\"@type\":\"SearchAction\",\"target\":{\"@type\":\"EntryPoint\",\"urlTemplate\":\"https:\\\/\\\/centrourbano.com\\\/revista\\\/?s={search_term_string}\"},\"query-input\":{\"@type\":\"PropertyValueSpecification\",\"valueRequired\":true,\"valueName\":\"search_term_string\"}}],\"inLanguage\":\"es\"},{\"@type\":\"Organization\",\"@id\":\"https:\\\/\\\/centrourbano.com\\\/revista\\\/#organization\",\"name\":\"Centro Urbano\",\"url\":\"https:\\\/\\\/centrourbano.com\\\/revista\\\/\",\"logo\":{\"@type\":\"ImageObject\",\"inLanguage\":\"es\",\"@id\":\"https:\\\/\\\/centrourbano.com\\\/revista\\\/#\\\/schema\\\/logo\\\/image\\\/\",\"url\":\"https:\\\/\\\/centrourbano.com\\\/revista\\\/wp-content\\\/uploads\\\/web_CU_logo-1.png\",\"contentUrl\":\"https:\\\/\\\/centrourbano.com\\\/revista\\\/wp-content\\\/uploads\\\/web_CU_logo-1.png\",\"width\":350,\"height\":91,\"caption\":\"Centro Urbano\"},\"image\":{\"@id\":\"https:\\\/\\\/centrourbano.com\\\/revista\\\/#\\\/schema\\\/logo\\\/image\\\/\"},\"sameAs\":[\"https:\\\/\\\/www.facebook.com\\\/portalcentrourbano\",\"https:\\\/\\\/x.com\\\/CentroUrbano\",\"https:\\\/\\\/www.instagram.com\\\/centro_urbano\\\/\",\"https:\\\/\\\/www.linkedin.com\\\/company\\\/centro-urbano\\\/\",\"http:\\\/\\\/www.youtube.com\\\/user\\\/portalcentrourbano\"]},{\"@type\":\"Person\",\"@id\":\"https:\\\/\\\/centrourbano.com\\\/revista\\\/#\\\/schema\\\/person\\\/370fa0ba2d8dd5bde3fdb8b62ad360aa\",\"name\":\"G4A\",\"image\":{\"@type\":\"ImageObject\",\"inLanguage\":\"es\",\"@id\":\"https:\\\/\\\/secure.gravatar.com\\\/avatar\\\/932a97121b13d5de5bbd8193c6c83d3b92c9eda0f39623607d4280e7a5778d97?s=96&d=mm&r=g\",\"url\":\"https:\\\/\\\/secure.gravatar.com\\\/avatar\\\/932a97121b13d5de5bbd8193c6c83d3b92c9eda0f39623607d4280e7a5778d97?s=96&d=mm&r=g\",\"contentUrl\":\"https:\\\/\\\/secure.gravatar.com\\\/avatar\\\/932a97121b13d5de5bbd8193c6c83d3b92c9eda0f39623607d4280e7a5778d97?s=96&d=mm&r=g\",\"caption\":\"G4A\"},\"url\":\"https:\\\/\\\/centrourbano.com\\\/revista\\\/author\\\/admin-g4a\\\/\"}]}<\/script>\n<!-- \/ Yoast SEO plugin. -->","yoast_head_json":{"title":"Museo de George Lucas tendr\u00e1 su sede en Los \u00c1ngeles","description":"MAD Architects se encargar\u00e1 del dise\u00f1o de este recinto que concentrar\u00e1 el legado del creador de Star Wars","robots":{"index":"index","follow":"follow","max-snippet":"max-snippet:-1","max-image-preview":"max-image-preview:large","max-video-preview":"max-video-preview:-1"},"canonical":"https:\/\/centrourbano.com\/revista\/arquitectura-2\/museo-gerorge-lucas-tendra-sede-los-angeles\/","og_locale":"es_ES","og_type":"article","og_title":"Museo de George Lucas tendr\u00e1 su sede en Los \u00c1ngeles","og_description":"MAD Architects se encargar\u00e1 del dise\u00f1o de este recinto que concentrar\u00e1 el legado del creador de Star Wars","og_url":"https:\/\/centrourbano.com\/revista\/arquitectura-2\/museo-gerorge-lucas-tendra-sede-los-angeles\/","og_site_name":"Centro Urbano","article_publisher":"https:\/\/www.facebook.com\/portalcentrourbano","article_published_time":"2017-01-11T17:53:15+00:00","og_image":[{"width":1582,"height":791,"url":"https:\/\/centrourbano.com\/revista\/wp-content\/uploads\/LMNA-LA-01.jpg","type":"image\/jpeg"}],"author":"G4A","twitter_card":"summary_large_image","twitter_creator":"@CentroUrbano","twitter_site":"@CentroUrbano","twitter_misc":{"Escrito por":"G4A","Tiempo de lectura":"1 minuto"},"schema":{"@context":"https:\/\/schema.org","@graph":[{"@type":"Article","@id":"https:\/\/centrourbano.com\/revista\/arquitectura-2\/museo-gerorge-lucas-tendra-sede-los-angeles\/#article","isPartOf":{"@id":"https:\/\/centrourbano.com\/revista\/arquitectura-2\/museo-gerorge-lucas-tendra-sede-los-angeles\/"},"author":{"name":"G4A","@id":"https:\/\/centrourbano.com\/revista\/#\/schema\/person\/370fa0ba2d8dd5bde3fdb8b62ad360aa"},"headline":"Museo de George Lucas tendr\u00e1 su sede en Los \u00c1ngeles","datePublished":"2017-01-11T17:53:15+00:00","mainEntityOfPage":{"@id":"https:\/\/centrourbano.com\/revista\/arquitectura-2\/museo-gerorge-lucas-tendra-sede-los-angeles\/"},"wordCount":170,"commentCount":0,"publisher":{"@id":"https:\/\/centrourbano.com\/revista\/#organization"},"image":{"@id":"https:\/\/centrourbano.com\/revista\/arquitectura-2\/museo-gerorge-lucas-tendra-sede-los-angeles\/#primaryimage"},"thumbnailUrl":"https:\/\/centrourbano.com\/revista\/wp-content\/uploads\/LMNA-LA-01.jpg","keywords":["George Lucas","MAD Architects","museo","Star Wars"],"articleSection":["Arquitectura"],"inLanguage":"es"},{"@type":"WebPage","@id":"https:\/\/centrourbano.com\/revista\/arquitectura-2\/museo-gerorge-lucas-tendra-sede-los-angeles\/","url":"https:\/\/centrourbano.com\/revista\/arquitectura-2\/museo-gerorge-lucas-tendra-sede-los-angeles\/","name":"Museo de George Lucas tendr\u00e1 su sede en Los \u00c1ngeles","isPartOf":{"@id":"https:\/\/centrourbano.com\/revista\/#website"},"primaryImageOfPage":{"@id":"https:\/\/centrourbano.com\/revista\/arquitectura-2\/museo-gerorge-lucas-tendra-sede-los-angeles\/#primaryimage"},"image":{"@id":"https:\/\/centrourbano.com\/revista\/arquitectura-2\/museo-gerorge-lucas-tendra-sede-los-angeles\/#primaryimage"},"thumbnailUrl":"https:\/\/centrourbano.com\/revista\/wp-content\/uploads\/LMNA-LA-01.jpg","datePublished":"2017-01-11T17:53:15+00:00","description":"MAD Architects se encargar\u00e1 del dise\u00f1o de este recinto que concentrar\u00e1 el legado del creador de Star Wars","breadcrumb":{"@id":"https:\/\/centrourbano.com\/revista\/arquitectura-2\/museo-gerorge-lucas-tendra-sede-los-angeles\/#breadcrumb"},"inLanguage":"es","potentialAction":[{"@type":"ReadAction","target":["https:\/\/centrourbano.com\/revista\/arquitectura-2\/museo-gerorge-lucas-tendra-sede-los-angeles\/"]}]},{"@type":"ImageObject","inLanguage":"es","@id":"https:\/\/centrourbano.com\/revista\/arquitectura-2\/museo-gerorge-lucas-tendra-sede-los-angeles\/#primaryimage","url":"https:\/\/centrourbano.com\/revista\/wp-content\/uploads\/LMNA-LA-01.jpg","contentUrl":"https:\/\/centrourbano.com\/revista\/wp-content\/uploads\/LMNA-LA-01.jpg","width":1582,"height":791,"caption":"Dise\u00f1ado por MAD Architects, el recinto albergar\u00e1 la colecci\u00f3n del director de Star Wars y su esposa, Mellody Hobson"},{"@type":"BreadcrumbList","@id":"https:\/\/centrourbano.com\/revista\/arquitectura-2\/museo-gerorge-lucas-tendra-sede-los-angeles\/#breadcrumb","itemListElement":[{"@type":"ListItem","position":1,"name":"Portada","item":"https:\/\/centrourbano.com\/revista\/"},{"@type":"ListItem","position":2,"name":"Museo de George Lucas tendr\u00e1 su sede en Los \u00c1ngeles"}]},{"@type":"WebSite","@id":"https:\/\/centrourbano.com\/revista\/#website","url":"https:\/\/centrourbano.com\/revista\/","name":"Centro Urbano","description":"Medio especializado en los sectores vivienda, inmobiliario, construcci\u00f3n, arquitectura y urbanismo.","publisher":{"@id":"https:\/\/centrourbano.com\/revista\/#organization"},"potentialAction":[{"@type":"SearchAction","target":{"@type":"EntryPoint","urlTemplate":"https:\/\/centrourbano.com\/revista\/?s={search_term_string}"},"query-input":{"@type":"PropertyValueSpecification","valueRequired":true,"valueName":"search_term_string"}}],"inLanguage":"es"},{"@type":"Organization","@id":"https:\/\/centrourbano.com\/revista\/#organization","name":"Centro Urbano","url":"https:\/\/centrourbano.com\/revista\/","logo":{"@type":"ImageObject","inLanguage":"es","@id":"https:\/\/centrourbano.com\/revista\/#\/schema\/logo\/image\/","url":"https:\/\/centrourbano.com\/revista\/wp-content\/uploads\/web_CU_logo-1.png","contentUrl":"https:\/\/centrourbano.com\/revista\/wp-content\/uploads\/web_CU_logo-1.png","width":350,"height":91,"caption":"Centro Urbano"},"image":{"@id":"https:\/\/centrourbano.com\/revista\/#\/schema\/logo\/image\/"},"sameAs":["https:\/\/www.facebook.com\/portalcentrourbano","https:\/\/x.com\/CentroUrbano","https:\/\/www.instagram.com\/centro_urbano\/","https:\/\/www.linkedin.com\/company\/centro-urbano\/","http:\/\/www.youtube.com\/user\/portalcentrourbano"]},{"@type":"Person","@id":"https:\/\/centrourbano.com\/revista\/#\/schema\/person\/370fa0ba2d8dd5bde3fdb8b62ad360aa","name":"G4A","image":{"@type":"ImageObject","inLanguage":"es","@id":"https:\/\/secure.gravatar.com\/avatar\/932a97121b13d5de5bbd8193c6c83d3b92c9eda0f39623607d4280e7a5778d97?s=96&d=mm&r=g","url":"https:\/\/secure.gravatar.com\/avatar\/932a97121b13d5de5bbd8193c6c83d3b92c9eda0f39623607d4280e7a5778d97?s=96&d=mm&r=g","contentUrl":"https:\/\/secure.gravatar.com\/avatar\/932a97121b13d5de5bbd8193c6c83d3b92c9eda0f39623607d4280e7a5778d97?s=96&d=mm&r=g","caption":"G4A"},"url":"https:\/\/centrourbano.com\/revista\/author\/admin-g4a\/"}]}},"_links":{"self":[{"href":"https:\/\/centrourbano.com\/revista\/wp-json\/wp\/v2\/posts\/47125","targetHints":{"allow":["GET"]}}],"collection":[{"href":"https:\/\/centrourbano.com\/revista\/wp-json\/wp\/v2\/posts"}],"about":[{"href":"https:\/\/centrourbano.com\/revista\/wp-json\/wp\/v2\/types\/post"}],"author":[{"embeddable":true,"href":"https:\/\/centrourbano.com\/revista\/wp-json\/wp\/v2\/users\/77"}],"replies":[{"embeddable":true,"href":"https:\/\/centrourbano.com\/revista\/wp-json\/wp\/v2\/comments?post=47125"}],"version-history":[{"count":0,"href":"https:\/\/centrourbano.com\/revista\/wp-json\/wp\/v2\/posts\/47125\/revisions"}],"wp:featuredmedia":[{"embeddable":true,"href":"https:\/\/centrourbano.com\/revista\/wp-json\/wp\/v2\/media\/47126"}],"wp:attachment":[{"href":"https:\/\/centrourbano.com\/revista\/wp-json\/wp\/v2\/media?parent=47125"}],"wp:term":[{"taxonomy":"category","embeddable":true,"href":"https:\/\/centrourbano.com\/revista\/wp-json\/wp\/v2\/categories?post=47125"},{"taxonomy":"post_tag","embeddable":true,"href":"https:\/\/centrourbano.com\/revista\/wp-json\/wp\/v2\/tags?post=47125"}],"curies":[{"name":"wp","href":"https:\/\/api.w.org\/{rel}","templated":true}]}}