{"id":47106,"date":"2017-01-11T09:27:15","date_gmt":"2017-01-11T15:27:15","guid":{"rendered":"https:\/\/centrourbano.com\/?p=47106"},"modified":"2017-01-11T10:01:00","modified_gmt":"2017-01-11T16:01:00","slug":"eligen-marcos-martinez-gavica-nuevo-presidente-la-abm","status":"publish","type":"post","link":"https:\/\/centrourbano.com\/revista\/actualidad\/eligen-marcos-martinez-gavica-nuevo-presidente-la-abm\/","title":{"rendered":"Eligen a Marcos Mart\u00ednez Gavica como nuevo presidente de la ABM"},"content":{"rendered":"<p><em>El presidente electo tomar\u00e1 posesi\u00f3n del cargo en marzo <\/em><!--more--><\/p>\n<p>Marcos Mart\u00ednez Gavica, presidente del Consejo de Administraci\u00f3n de Grupo Financiero Santander, fue elegido como nuevo presidente de la Asociaci\u00f3n de Bancos de M\u00e9xico para el periodo 2017-2018.<\/p>\n<p>La noticia fue dada a conocer este 10 de enero por Luis Robles Mej\u00eda, actual presidente de la Asociaci\u00f3n, quien destac\u00f3 que el proceso de elecci\u00f3n fue transparente e in\u00e9dito. <\/p>\n<p>En su mensaje, Luis Robles se\u00f1al\u00f3 que con este proceso para elegir a quien llevar\u00e1 las riendas de la ABM se muestra la cohesi\u00f3n del gremio, pues, dijo, \u201cla unidad del sector bancario se ha fortalecido al contar con un candidato apoyado por todos los integrantes de la asociaci\u00f3n\u201d. <\/p>\n<p>\u201cEste proceso refleja el inter\u00e9s, sentido de responsabilidad y compromiso mostrado por los integrantes de la ABM, quienes, en un ambiente de absoluto respeto y pluralidad, eligieron a su nuevo presidente\u201d, apunt\u00f3. <\/p>\n<p>Marcos Mart\u00ednez rendir\u00e1 protesta el pr\u00f3ximo mes de marzo, esto en el marco de la 80 convenci\u00f3n Bancaria que se realizar\u00e1 en Acapulco, Guerrero, evento al que acudir\u00e1 el presidente Enrique Pe\u00f1a Nieto. <\/p>\n","protected":false},"excerpt":{"rendered":"<p>El presidente electo tomar\u00e1 posesi\u00f3n del cargo en marzo<\/p>\n","protected":false},"author":47,"featured_media":47115,"comment_status":"open","ping_status":"closed","sticky":false,"template":"","format":"standard","meta":{"om_disable_all_campaigns":false,"inline_featured_image":false,"_monsterinsights_skip_tracking":false,"_monsterinsights_sitenote_active":false,"_monsterinsights_sitenote_note":"","_monsterinsights_sitenote_category":0,"footnotes":""},"categories":[80],"tags":[1876,9329,7601],"class_list":["post-47106","post","type-post","status-publish","format-standard","has-post-thumbnail","hentry","category-actualidad","tag-abm","tag-marcos-martinez-gavica","tag-presidente"],"yoast_head":"<!-- This site is optimized with the Yoast SEO plugin v27.4 - https:\/\/yoast.com\/product\/yoast-seo-wordpress\/ -->\n<title>Eligen a Marcos Mart\u00ednez Gavica como nuevo presidente de la ABM -<\/title>\n<meta name=\"description\" content=\"Marcos Mart\u00ednez Gavica, presidente del Consejo de Administraci\u00f3n de Grupo Financiero Santander, fue elegido como nuevo presidente de la Asociaci\u00f3n de Bancos de M\u00e9xico para el periodo 2017-2018.\" \/>\n<meta name=\"robots\" content=\"index, follow, max-snippet:-1, max-image-preview:large, max-video-preview:-1\" \/>\n<link rel=\"canonical\" href=\"https:\/\/centrourbano.com\/revista\/actualidad\/eligen-marcos-martinez-gavica-nuevo-presidente-la-abm\/\" \/>\n<meta property=\"og:locale\" content=\"es_ES\" \/>\n<meta property=\"og:type\" content=\"article\" \/>\n<meta property=\"og:title\" content=\"Eligen a Marcos Mart\u00ednez Gavica como nuevo presidente de la ABM -\" \/>\n<meta property=\"og:description\" content=\"Marcos Mart\u00ednez Gavica, presidente del Consejo de Administraci\u00f3n de Grupo Financiero Santander, fue elegido como nuevo presidente de la Asociaci\u00f3n de Bancos de M\u00e9xico para el periodo 2017-2018.\" \/>\n<meta property=\"og:url\" content=\"https:\/\/centrourbano.com\/revista\/actualidad\/eligen-marcos-martinez-gavica-nuevo-presidente-la-abm\/\" \/>\n<meta property=\"og:site_name\" content=\"Centro Urbano\" \/>\n<meta property=\"article:publisher\" content=\"https:\/\/www.facebook.com\/portalcentrourbano\" \/>\n<meta property=\"article:published_time\" content=\"2017-01-11T15:27:15+00:00\" \/>\n<meta property=\"article:modified_time\" content=\"2017-01-11T16:01:00+00:00\" \/>\n<meta property=\"og:image\" content=\"https:\/\/centrourbano.com\/revista\/wp-content\/uploads\/MarcosMartinez1-e1484150506903.jpg\" \/>\n\t<meta property=\"og:image:width\" content=\"385\" \/>\n\t<meta property=\"og:image:height\" content=\"316\" \/>\n\t<meta property=\"og:image:type\" content=\"image\/jpeg\" \/>\n<meta name=\"author\" content=\"Edgar Rosas\" \/>\n<meta name=\"twitter:card\" content=\"summary_large_image\" \/>\n<meta name=\"twitter:creator\" content=\"@https:\/\/twitter.com\/ERosasCU?s=09\" \/>\n<meta name=\"twitter:site\" content=\"@CentroUrbano\" \/>\n<meta name=\"twitter:label1\" content=\"Escrito por\" \/>\n\t<meta name=\"twitter:data1\" content=\"Edgar Rosas\" \/>\n\t<meta name=\"twitter:label2\" content=\"Tiempo de lectura\" \/>\n\t<meta name=\"twitter:data2\" content=\"1 minuto\" \/>\n<script type=\"application\/ld+json\" class=\"yoast-schema-graph\">{\"@context\":\"https:\\\/\\\/schema.org\",\"@graph\":[{\"@type\":\"Article\",\"@id\":\"https:\\\/\\\/centrourbano.com\\\/revista\\\/actualidad\\\/eligen-marcos-martinez-gavica-nuevo-presidente-la-abm\\\/#article\",\"isPartOf\":{\"@id\":\"https:\\\/\\\/centrourbano.com\\\/revista\\\/actualidad\\\/eligen-marcos-martinez-gavica-nuevo-presidente-la-abm\\\/\"},\"author\":{\"name\":\"Edgar Rosas\",\"@id\":\"https:\\\/\\\/centrourbano.com\\\/revista\\\/#\\\/schema\\\/person\\\/ff3c00651ce5b1630479d2cd0c2e3ac0\"},\"headline\":\"Eligen a Marcos Mart\u00ednez Gavica como nuevo presidente de la ABM\",\"datePublished\":\"2017-01-11T15:27:15+00:00\",\"dateModified\":\"2017-01-11T16:01:00+00:00\",\"mainEntityOfPage\":{\"@id\":\"https:\\\/\\\/centrourbano.com\\\/revista\\\/actualidad\\\/eligen-marcos-martinez-gavica-nuevo-presidente-la-abm\\\/\"},\"wordCount\":208,\"commentCount\":0,\"publisher\":{\"@id\":\"https:\\\/\\\/centrourbano.com\\\/revista\\\/#organization\"},\"image\":{\"@id\":\"https:\\\/\\\/centrourbano.com\\\/revista\\\/actualidad\\\/eligen-marcos-martinez-gavica-nuevo-presidente-la-abm\\\/#primaryimage\"},\"thumbnailUrl\":\"https:\\\/\\\/centrourbano.com\\\/revista\\\/wp-content\\\/uploads\\\/MarcosMartinez1-e1484150506903.jpg\",\"keywords\":[\"ABM\",\"Marcos Mart\u00ednez Gavica\",\"presidente\"],\"articleSection\":[\"Actualidad\"],\"inLanguage\":\"es\",\"potentialAction\":[{\"@type\":\"CommentAction\",\"name\":\"Comment\",\"target\":[\"https:\\\/\\\/centrourbano.com\\\/revista\\\/actualidad\\\/eligen-marcos-martinez-gavica-nuevo-presidente-la-abm\\\/#respond\"]}]},{\"@type\":\"WebPage\",\"@id\":\"https:\\\/\\\/centrourbano.com\\\/revista\\\/actualidad\\\/eligen-marcos-martinez-gavica-nuevo-presidente-la-abm\\\/\",\"url\":\"https:\\\/\\\/centrourbano.com\\\/revista\\\/actualidad\\\/eligen-marcos-martinez-gavica-nuevo-presidente-la-abm\\\/\",\"name\":\"Eligen a Marcos Mart\u00ednez Gavica como nuevo presidente de la ABM -\",\"isPartOf\":{\"@id\":\"https:\\\/\\\/centrourbano.com\\\/revista\\\/#website\"},\"primaryImageOfPage\":{\"@id\":\"https:\\\/\\\/centrourbano.com\\\/revista\\\/actualidad\\\/eligen-marcos-martinez-gavica-nuevo-presidente-la-abm\\\/#primaryimage\"},\"image\":{\"@id\":\"https:\\\/\\\/centrourbano.com\\\/revista\\\/actualidad\\\/eligen-marcos-martinez-gavica-nuevo-presidente-la-abm\\\/#primaryimage\"},\"thumbnailUrl\":\"https:\\\/\\\/centrourbano.com\\\/revista\\\/wp-content\\\/uploads\\\/MarcosMartinez1-e1484150506903.jpg\",\"datePublished\":\"2017-01-11T15:27:15+00:00\",\"dateModified\":\"2017-01-11T16:01:00+00:00\",\"description\":\"Marcos Mart\u00ednez Gavica, presidente del Consejo de Administraci\u00f3n de Grupo Financiero Santander, fue elegido como nuevo presidente de la Asociaci\u00f3n de Bancos de M\u00e9xico para el periodo 2017-2018.\",\"breadcrumb\":{\"@id\":\"https:\\\/\\\/centrourbano.com\\\/revista\\\/actualidad\\\/eligen-marcos-martinez-gavica-nuevo-presidente-la-abm\\\/#breadcrumb\"},\"inLanguage\":\"es\",\"potentialAction\":[{\"@type\":\"ReadAction\",\"target\":[\"https:\\\/\\\/centrourbano.com\\\/revista\\\/actualidad\\\/eligen-marcos-martinez-gavica-nuevo-presidente-la-abm\\\/\"]}]},{\"@type\":\"ImageObject\",\"inLanguage\":\"es\",\"@id\":\"https:\\\/\\\/centrourbano.com\\\/revista\\\/actualidad\\\/eligen-marcos-martinez-gavica-nuevo-presidente-la-abm\\\/#primaryimage\",\"url\":\"https:\\\/\\\/centrourbano.com\\\/revista\\\/wp-content\\\/uploads\\\/MarcosMartinez1-e1484150506903.jpg\",\"contentUrl\":\"https:\\\/\\\/centrourbano.com\\\/revista\\\/wp-content\\\/uploads\\\/MarcosMartinez1-e1484150506903.jpg\",\"width\":385,\"height\":316,\"caption\":\"El presidente electo tomar\u00e1 posesi\u00f3n del cargo en marzo\"},{\"@type\":\"BreadcrumbList\",\"@id\":\"https:\\\/\\\/centrourbano.com\\\/revista\\\/actualidad\\\/eligen-marcos-martinez-gavica-nuevo-presidente-la-abm\\\/#breadcrumb\",\"itemListElement\":[{\"@type\":\"ListItem\",\"position\":1,\"name\":\"Portada\",\"item\":\"https:\\\/\\\/centrourbano.com\\\/revista\\\/\"},{\"@type\":\"ListItem\",\"position\":2,\"name\":\"Eligen a Marcos Mart\u00ednez Gavica como nuevo presidente de la ABM\"}]},{\"@type\":\"WebSite\",\"@id\":\"https:\\\/\\\/centrourbano.com\\\/revista\\\/#website\",\"url\":\"https:\\\/\\\/centrourbano.com\\\/revista\\\/\",\"name\":\"Centro Urbano\",\"description\":\"Medio especializado en los sectores vivienda, inmobiliario, construcci\u00f3n, arquitectura y urbanismo.\",\"publisher\":{\"@id\":\"https:\\\/\\\/centrourbano.com\\\/revista\\\/#organization\"},\"potentialAction\":[{\"@type\":\"SearchAction\",\"target\":{\"@type\":\"EntryPoint\",\"urlTemplate\":\"https:\\\/\\\/centrourbano.com\\\/revista\\\/?s={search_term_string}\"},\"query-input\":{\"@type\":\"PropertyValueSpecification\",\"valueRequired\":true,\"valueName\":\"search_term_string\"}}],\"inLanguage\":\"es\"},{\"@type\":\"Organization\",\"@id\":\"https:\\\/\\\/centrourbano.com\\\/revista\\\/#organization\",\"name\":\"Centro Urbano\",\"url\":\"https:\\\/\\\/centrourbano.com\\\/revista\\\/\",\"logo\":{\"@type\":\"ImageObject\",\"inLanguage\":\"es\",\"@id\":\"https:\\\/\\\/centrourbano.com\\\/revista\\\/#\\\/schema\\\/logo\\\/image\\\/\",\"url\":\"https:\\\/\\\/centrourbano.com\\\/revista\\\/wp-content\\\/uploads\\\/web_CU_logo-1.png\",\"contentUrl\":\"https:\\\/\\\/centrourbano.com\\\/revista\\\/wp-content\\\/uploads\\\/web_CU_logo-1.png\",\"width\":350,\"height\":91,\"caption\":\"Centro Urbano\"},\"image\":{\"@id\":\"https:\\\/\\\/centrourbano.com\\\/revista\\\/#\\\/schema\\\/logo\\\/image\\\/\"},\"sameAs\":[\"https:\\\/\\\/www.facebook.com\\\/portalcentrourbano\",\"https:\\\/\\\/x.com\\\/CentroUrbano\",\"https:\\\/\\\/www.instagram.com\\\/centro_urbano\\\/\",\"https:\\\/\\\/www.linkedin.com\\\/company\\\/centro-urbano\\\/\",\"http:\\\/\\\/www.youtube.com\\\/user\\\/portalcentrourbano\"]},{\"@type\":\"Person\",\"@id\":\"https:\\\/\\\/centrourbano.com\\\/revista\\\/#\\\/schema\\\/person\\\/ff3c00651ce5b1630479d2cd0c2e3ac0\",\"name\":\"Edgar Rosas\",\"image\":{\"@type\":\"ImageObject\",\"inLanguage\":\"es\",\"@id\":\"https:\\\/\\\/secure.gravatar.com\\\/avatar\\\/94440c4283495211faa5300bf85e80061036b83fced868c3783aa1310b350d9c?s=96&d=mm&r=g\",\"url\":\"https:\\\/\\\/secure.gravatar.com\\\/avatar\\\/94440c4283495211faa5300bf85e80061036b83fced868c3783aa1310b350d9c?s=96&d=mm&r=g\",\"contentUrl\":\"https:\\\/\\\/secure.gravatar.com\\\/avatar\\\/94440c4283495211faa5300bf85e80061036b83fced868c3783aa1310b350d9c?s=96&d=mm&r=g\",\"caption\":\"Edgar Rosas\"},\"description\":\"Editor en Jefe de Centro Urbano. Egresado de la maestr\u00eda en Periodismo Pol\u00edtico de la Escuela de Periodismo Carlos Septi\u00e9n Garc\u00eda (EPCSG). Estudi\u00f3 la licenciatura en Comunicaci\u00f3n en la Universidad Mexicana. Amante de la cr\u00f3nica y el reportaje. Admirador de Vicente Le\u00f1ero y Miguel \u00c1ngel Granados Chapa.\",\"sameAs\":[\"https:\\\/\\\/x.com\\\/https:\\\/\\\/twitter.com\\\/ERosasCU?s=09\"],\"url\":\"https:\\\/\\\/centrourbano.com\\\/revista\\\/author\\\/edgar-rosas\\\/\"}]}<\/script>\n<!-- \/ Yoast SEO plugin. -->","yoast_head_json":{"title":"Eligen a Marcos Mart\u00ednez Gavica como nuevo presidente de la ABM -","description":"Marcos Mart\u00ednez Gavica, presidente del Consejo de Administraci\u00f3n de Grupo Financiero Santander, fue elegido como nuevo presidente de la Asociaci\u00f3n de Bancos de M\u00e9xico para el periodo 2017-2018.","robots":{"index":"index","follow":"follow","max-snippet":"max-snippet:-1","max-image-preview":"max-image-preview:large","max-video-preview":"max-video-preview:-1"},"canonical":"https:\/\/centrourbano.com\/revista\/actualidad\/eligen-marcos-martinez-gavica-nuevo-presidente-la-abm\/","og_locale":"es_ES","og_type":"article","og_title":"Eligen a Marcos Mart\u00ednez Gavica como nuevo presidente de la ABM -","og_description":"Marcos Mart\u00ednez Gavica, presidente del Consejo de Administraci\u00f3n de Grupo Financiero Santander, fue elegido como nuevo presidente de la Asociaci\u00f3n de Bancos de M\u00e9xico para el periodo 2017-2018.","og_url":"https:\/\/centrourbano.com\/revista\/actualidad\/eligen-marcos-martinez-gavica-nuevo-presidente-la-abm\/","og_site_name":"Centro Urbano","article_publisher":"https:\/\/www.facebook.com\/portalcentrourbano","article_published_time":"2017-01-11T15:27:15+00:00","article_modified_time":"2017-01-11T16:01:00+00:00","og_image":[{"width":385,"height":316,"url":"https:\/\/centrourbano.com\/revista\/wp-content\/uploads\/MarcosMartinez1-e1484150506903.jpg","type":"image\/jpeg"}],"author":"Edgar Rosas","twitter_card":"summary_large_image","twitter_creator":"@https:\/\/twitter.com\/ERosasCU?s=09","twitter_site":"@CentroUrbano","twitter_misc":{"Escrito por":"Edgar Rosas","Tiempo de lectura":"1 minuto"},"schema":{"@context":"https:\/\/schema.org","@graph":[{"@type":"Article","@id":"https:\/\/centrourbano.com\/revista\/actualidad\/eligen-marcos-martinez-gavica-nuevo-presidente-la-abm\/#article","isPartOf":{"@id":"https:\/\/centrourbano.com\/revista\/actualidad\/eligen-marcos-martinez-gavica-nuevo-presidente-la-abm\/"},"author":{"name":"Edgar Rosas","@id":"https:\/\/centrourbano.com\/revista\/#\/schema\/person\/ff3c00651ce5b1630479d2cd0c2e3ac0"},"headline":"Eligen a Marcos Mart\u00ednez Gavica como nuevo presidente de la ABM","datePublished":"2017-01-11T15:27:15+00:00","dateModified":"2017-01-11T16:01:00+00:00","mainEntityOfPage":{"@id":"https:\/\/centrourbano.com\/revista\/actualidad\/eligen-marcos-martinez-gavica-nuevo-presidente-la-abm\/"},"wordCount":208,"commentCount":0,"publisher":{"@id":"https:\/\/centrourbano.com\/revista\/#organization"},"image":{"@id":"https:\/\/centrourbano.com\/revista\/actualidad\/eligen-marcos-martinez-gavica-nuevo-presidente-la-abm\/#primaryimage"},"thumbnailUrl":"https:\/\/centrourbano.com\/revista\/wp-content\/uploads\/MarcosMartinez1-e1484150506903.jpg","keywords":["ABM","Marcos Mart\u00ednez Gavica","presidente"],"articleSection":["Actualidad"],"inLanguage":"es","potentialAction":[{"@type":"CommentAction","name":"Comment","target":["https:\/\/centrourbano.com\/revista\/actualidad\/eligen-marcos-martinez-gavica-nuevo-presidente-la-abm\/#respond"]}]},{"@type":"WebPage","@id":"https:\/\/centrourbano.com\/revista\/actualidad\/eligen-marcos-martinez-gavica-nuevo-presidente-la-abm\/","url":"https:\/\/centrourbano.com\/revista\/actualidad\/eligen-marcos-martinez-gavica-nuevo-presidente-la-abm\/","name":"Eligen a Marcos Mart\u00ednez Gavica como nuevo presidente de la ABM -","isPartOf":{"@id":"https:\/\/centrourbano.com\/revista\/#website"},"primaryImageOfPage":{"@id":"https:\/\/centrourbano.com\/revista\/actualidad\/eligen-marcos-martinez-gavica-nuevo-presidente-la-abm\/#primaryimage"},"image":{"@id":"https:\/\/centrourbano.com\/revista\/actualidad\/eligen-marcos-martinez-gavica-nuevo-presidente-la-abm\/#primaryimage"},"thumbnailUrl":"https:\/\/centrourbano.com\/revista\/wp-content\/uploads\/MarcosMartinez1-e1484150506903.jpg","datePublished":"2017-01-11T15:27:15+00:00","dateModified":"2017-01-11T16:01:00+00:00","description":"Marcos Mart\u00ednez Gavica, presidente del Consejo de Administraci\u00f3n de Grupo Financiero Santander, fue elegido como nuevo presidente de la Asociaci\u00f3n de Bancos de M\u00e9xico para el periodo 2017-2018.","breadcrumb":{"@id":"https:\/\/centrourbano.com\/revista\/actualidad\/eligen-marcos-martinez-gavica-nuevo-presidente-la-abm\/#breadcrumb"},"inLanguage":"es","potentialAction":[{"@type":"ReadAction","target":["https:\/\/centrourbano.com\/revista\/actualidad\/eligen-marcos-martinez-gavica-nuevo-presidente-la-abm\/"]}]},{"@type":"ImageObject","inLanguage":"es","@id":"https:\/\/centrourbano.com\/revista\/actualidad\/eligen-marcos-martinez-gavica-nuevo-presidente-la-abm\/#primaryimage","url":"https:\/\/centrourbano.com\/revista\/wp-content\/uploads\/MarcosMartinez1-e1484150506903.jpg","contentUrl":"https:\/\/centrourbano.com\/revista\/wp-content\/uploads\/MarcosMartinez1-e1484150506903.jpg","width":385,"height":316,"caption":"El presidente electo tomar\u00e1 posesi\u00f3n del cargo en marzo"},{"@type":"BreadcrumbList","@id":"https:\/\/centrourbano.com\/revista\/actualidad\/eligen-marcos-martinez-gavica-nuevo-presidente-la-abm\/#breadcrumb","itemListElement":[{"@type":"ListItem","position":1,"name":"Portada","item":"https:\/\/centrourbano.com\/revista\/"},{"@type":"ListItem","position":2,"name":"Eligen a Marcos Mart\u00ednez Gavica como nuevo presidente de la ABM"}]},{"@type":"WebSite","@id":"https:\/\/centrourbano.com\/revista\/#website","url":"https:\/\/centrourbano.com\/revista\/","name":"Centro Urbano","description":"Medio especializado en los sectores vivienda, inmobiliario, construcci\u00f3n, arquitectura y urbanismo.","publisher":{"@id":"https:\/\/centrourbano.com\/revista\/#organization"},"potentialAction":[{"@type":"SearchAction","target":{"@type":"EntryPoint","urlTemplate":"https:\/\/centrourbano.com\/revista\/?s={search_term_string}"},"query-input":{"@type":"PropertyValueSpecification","valueRequired":true,"valueName":"search_term_string"}}],"inLanguage":"es"},{"@type":"Organization","@id":"https:\/\/centrourbano.com\/revista\/#organization","name":"Centro Urbano","url":"https:\/\/centrourbano.com\/revista\/","logo":{"@type":"ImageObject","inLanguage":"es","@id":"https:\/\/centrourbano.com\/revista\/#\/schema\/logo\/image\/","url":"https:\/\/centrourbano.com\/revista\/wp-content\/uploads\/web_CU_logo-1.png","contentUrl":"https:\/\/centrourbano.com\/revista\/wp-content\/uploads\/web_CU_logo-1.png","width":350,"height":91,"caption":"Centro Urbano"},"image":{"@id":"https:\/\/centrourbano.com\/revista\/#\/schema\/logo\/image\/"},"sameAs":["https:\/\/www.facebook.com\/portalcentrourbano","https:\/\/x.com\/CentroUrbano","https:\/\/www.instagram.com\/centro_urbano\/","https:\/\/www.linkedin.com\/company\/centro-urbano\/","http:\/\/www.youtube.com\/user\/portalcentrourbano"]},{"@type":"Person","@id":"https:\/\/centrourbano.com\/revista\/#\/schema\/person\/ff3c00651ce5b1630479d2cd0c2e3ac0","name":"Edgar Rosas","image":{"@type":"ImageObject","inLanguage":"es","@id":"https:\/\/secure.gravatar.com\/avatar\/94440c4283495211faa5300bf85e80061036b83fced868c3783aa1310b350d9c?s=96&d=mm&r=g","url":"https:\/\/secure.gravatar.com\/avatar\/94440c4283495211faa5300bf85e80061036b83fced868c3783aa1310b350d9c?s=96&d=mm&r=g","contentUrl":"https:\/\/secure.gravatar.com\/avatar\/94440c4283495211faa5300bf85e80061036b83fced868c3783aa1310b350d9c?s=96&d=mm&r=g","caption":"Edgar Rosas"},"description":"Editor en Jefe de Centro Urbano. Egresado de la maestr\u00eda en Periodismo Pol\u00edtico de la Escuela de Periodismo Carlos Septi\u00e9n Garc\u00eda (EPCSG). Estudi\u00f3 la licenciatura en Comunicaci\u00f3n en la Universidad Mexicana. Amante de la cr\u00f3nica y el reportaje. Admirador de Vicente Le\u00f1ero y Miguel \u00c1ngel Granados Chapa.","sameAs":["https:\/\/x.com\/https:\/\/twitter.com\/ERosasCU?s=09"],"url":"https:\/\/centrourbano.com\/revista\/author\/edgar-rosas\/"}]}},"_links":{"self":[{"href":"https:\/\/centrourbano.com\/revista\/wp-json\/wp\/v2\/posts\/47106","targetHints":{"allow":["GET"]}}],"collection":[{"href":"https:\/\/centrourbano.com\/revista\/wp-json\/wp\/v2\/posts"}],"about":[{"href":"https:\/\/centrourbano.com\/revista\/wp-json\/wp\/v2\/types\/post"}],"author":[{"embeddable":true,"href":"https:\/\/centrourbano.com\/revista\/wp-json\/wp\/v2\/users\/47"}],"replies":[{"embeddable":true,"href":"https:\/\/centrourbano.com\/revista\/wp-json\/wp\/v2\/comments?post=47106"}],"version-history":[{"count":0,"href":"https:\/\/centrourbano.com\/revista\/wp-json\/wp\/v2\/posts\/47106\/revisions"}],"wp:featuredmedia":[{"embeddable":true,"href":"https:\/\/centrourbano.com\/revista\/wp-json\/wp\/v2\/media\/47115"}],"wp:attachment":[{"href":"https:\/\/centrourbano.com\/revista\/wp-json\/wp\/v2\/media?parent=47106"}],"wp:term":[{"taxonomy":"category","embeddable":true,"href":"https:\/\/centrourbano.com\/revista\/wp-json\/wp\/v2\/categories?post=47106"},{"taxonomy":"post_tag","embeddable":true,"href":"https:\/\/centrourbano.com\/revista\/wp-json\/wp\/v2\/tags?post=47106"}],"curies":[{"name":"wp","href":"https:\/\/api.w.org\/{rel}","templated":true}]}}