{"id":47001,"date":"2017-01-09T10:46:46","date_gmt":"2017-01-09T16:46:46","guid":{"rendered":"https:\/\/centrourbano.com\/?p=47001"},"modified":"2017-01-09T10:46:46","modified_gmt":"2017-01-09T16:46:46","slug":"inicia-construccion-paseo-henequenes","status":"publish","type":"post","link":"https:\/\/centrourbano.com\/revista\/urbanismo\/inicia-construccion-paseo-henequenes\/","title":{"rendered":"Inicia construcci\u00f3n del Paseo henequenes"},"content":{"rendered":"<p><em>Contar\u00e1 con un \u00e1rea mayor a 5 kil\u00f3metros lineales y 45 hect\u00e1reas donde se invertir\u00e1n 27,000,000 de pesos<\/em><\/p>\n<p>&nbsp;<\/p>\n<p>Se inici\u00f3 en M\u00e9rida, Yucat\u00e1n, la construcci\u00f3n del Parque Metropolitano de Francisco de Montejo Paseo de henequenes, nuevo espacio verde con m\u00e1s de 5.3 kil\u00f3metros lineales y 45 hect\u00e1reas, que atravesar\u00e1 el norponiente del estado.<\/p>\n<p>&nbsp;<\/p>\n<p>Rolando Zapata Bello, gobernador de M\u00e9rida, puso en marcha la primera etapa de esta obra con el objetivo de promover la convivencia y el fortalecimiento de la sociedad, que ofrecer\u00e1 un entorno ecol\u00f3gico, social y sustentable a m\u00e1s de 100,000l vecinos de 76 colonias colindantes, con una inversi\u00f3n de 27,000,000 de pesos.<\/p>\n<p>&nbsp;<\/p>\n<p>Se anunci\u00f3 que durante 2017 se destinar\u00e1 presupuesto a acciones y programas para continuar con la atenci\u00f3n de necesidades de esparcimiento y recreaci\u00f3n, no s\u00f3lo en M\u00e9rida, sino tambi\u00e9n en diferentes municipios de M\u00e9rida.<\/p>\n<p>&nbsp;<\/p>\n<p>El director General de la Coordinaci\u00f3n Metropolitana de Yucat\u00e1n (Comey), Clemente Escalante Alcocer, explic\u00f3 que el nuevo Parque complementar\u00e1 al Paseo Verde; contar\u00e1 con m\u00f3dulos de bicicletas, \u00e1rea de usos m\u00faltiples, juegos incluyentes para ni\u00f1os, gimnasios al aire libre, campo para actividades deportivas y auditorios para eventos art\u00edsticos.<\/p>\n<p>&nbsp;<\/p>\n<p>De igual forma, permitir\u00e1 la siembra de 1,400 \u00e1rboles de al menos tres metros de altura, se construir\u00e1 un sendero deportivo de dos metros y medio de ancho, se nivelar\u00e1n y delimitar\u00e1n m\u00e1s de 413,000 metros cuadrados de terreno.<\/p>\n<p>&nbsp;<\/p>\n<p>Previo a este evento, el mandatario supervis\u00f3 las obras de modernizaci\u00f3n de la Unidad Deportiva Villa Palimira, el cual busca ofrecer a los vecinos un espacio para la convivencia y con mejores instalaciones.<\/p>\n<p>&nbsp;<\/p>\n<p>A su vez, se invertir\u00e1n 46,000,000 de pesos para rehabilitar los campos de f\u00fatbol, s\u00f3ftbol y la alberca de este espacio, ubicado en las colonias populares del centro y sur de la ciudad. Adem\u00e1s, se construir\u00e1 una cancha multiusos, una pista aer\u00f3bica, un gimnasio al aire libre, otros de b\u00e1dminton y tiro libre, una bodega para equipamiento y trabajos de instalaci\u00f3n el\u00e9ctrica.<\/p>\n<p>&nbsp;<\/p>\n","protected":false},"excerpt":{"rendered":"<p>Contar\u00e1 con un \u00e1rea mayor a 5 kil\u00f3metros lineales y 45 hect\u00e1reas donde se invertir\u00e1n 27,000,000 de pesos &nbsp; Se inici\u00f3 en M\u00e9rida, Yucat\u00e1n, la construcci\u00f3n del Parque Metropolitano de Francisco de Montejo Paseo de henequenes, nuevo espacio verde con m\u00e1s de 5.3 kil\u00f3metros lineales y 45 hect\u00e1reas, que atravesar\u00e1 el norponiente del estado. &nbsp; [&hellip;]<\/p>\n","protected":false},"author":45,"featured_media":47002,"comment_status":"open","ping_status":"closed","sticky":false,"template":"","format":"standard","meta":{"om_disable_all_campaigns":false,"inline_featured_image":false,"_monsterinsights_skip_tracking":false,"_monsterinsights_sitenote_active":false,"_monsterinsights_sitenote_note":"","_monsterinsights_sitenote_category":0,"footnotes":""},"categories":[82],"tags":[22,59,9308,9307,9309,68],"class_list":["post-47001","post","type-post","status-publish","format-standard","has-post-thumbnail","hentry","category-urbanismo","tag-construccion-2","tag-merida","tag-parque-metropolitano-de-francisco-de-montejo-paseo-de-henequenes","tag-paseo-henequenes","tag-unidad-deportiva-villa-palimira","tag-yucatan"],"yoast_head":"<!-- This site is optimized with the Yoast SEO plugin v27.4 - https:\/\/yoast.com\/product\/yoast-seo-wordpress\/ -->\n<title>Inicia construcci\u00f3n del Paseo henequenes -<\/title>\n<meta name=\"description\" content=\"Contar\u00e1 con un \u00e1rea mayor a 5 kil\u00f3metros lineales y 45 hect\u00e1reas donde se invertir\u00e1n 27,000,000 de pesos\" \/>\n<meta name=\"robots\" content=\"index, follow, max-snippet:-1, max-image-preview:large, max-video-preview:-1\" \/>\n<link rel=\"canonical\" href=\"https:\/\/centrourbano.com\/revista\/urbanismo\/inicia-construccion-paseo-henequenes\/\" \/>\n<meta property=\"og:locale\" content=\"es_ES\" \/>\n<meta property=\"og:type\" content=\"article\" \/>\n<meta property=\"og:title\" content=\"Inicia construcci\u00f3n del Paseo henequenes -\" \/>\n<meta property=\"og:description\" content=\"Contar\u00e1 con un \u00e1rea mayor a 5 kil\u00f3metros lineales y 45 hect\u00e1reas donde se invertir\u00e1n 27,000,000 de pesos\" \/>\n<meta property=\"og:url\" content=\"https:\/\/centrourbano.com\/revista\/urbanismo\/inicia-construccion-paseo-henequenes\/\" \/>\n<meta property=\"og:site_name\" content=\"Centro Urbano\" \/>\n<meta property=\"article:publisher\" content=\"https:\/\/www.facebook.com\/portalcentrourbano\" \/>\n<meta property=\"article:published_time\" content=\"2017-01-09T16:46:46+00:00\" \/>\n<meta property=\"og:image\" content=\"https:\/\/centrourbano.com\/revista\/wp-content\/uploads\/Paseo-henequenes.jpg\" \/>\n\t<meta property=\"og:image:width\" content=\"800\" \/>\n\t<meta property=\"og:image:height\" content=\"534\" \/>\n\t<meta property=\"og:image:type\" content=\"image\/jpeg\" \/>\n<meta name=\"author\" content=\"Hanae Pacheco\" \/>\n<meta name=\"twitter:card\" content=\"summary_large_image\" \/>\n<meta name=\"twitter:creator\" content=\"@CentroUrbano\" \/>\n<meta name=\"twitter:site\" content=\"@CentroUrbano\" \/>\n<meta name=\"twitter:label1\" content=\"Escrito por\" \/>\n\t<meta name=\"twitter:data1\" content=\"Hanae Pacheco\" \/>\n\t<meta name=\"twitter:label2\" content=\"Tiempo de lectura\" \/>\n\t<meta name=\"twitter:data2\" content=\"2 minutos\" \/>\n<script type=\"application\/ld+json\" class=\"yoast-schema-graph\">{\"@context\":\"https:\\\/\\\/schema.org\",\"@graph\":[{\"@type\":\"Article\",\"@id\":\"https:\\\/\\\/centrourbano.com\\\/revista\\\/urbanismo\\\/inicia-construccion-paseo-henequenes\\\/#article\",\"isPartOf\":{\"@id\":\"https:\\\/\\\/centrourbano.com\\\/revista\\\/urbanismo\\\/inicia-construccion-paseo-henequenes\\\/\"},\"author\":{\"name\":\"Hanae Pacheco\",\"@id\":\"https:\\\/\\\/centrourbano.com\\\/revista\\\/#\\\/schema\\\/person\\\/db5aba19153b4dc77f48808c4c2e7027\"},\"headline\":\"Inicia construcci\u00f3n del Paseo henequenes\",\"datePublished\":\"2017-01-09T16:46:46+00:00\",\"mainEntityOfPage\":{\"@id\":\"https:\\\/\\\/centrourbano.com\\\/revista\\\/urbanismo\\\/inicia-construccion-paseo-henequenes\\\/\"},\"wordCount\":361,\"commentCount\":0,\"publisher\":{\"@id\":\"https:\\\/\\\/centrourbano.com\\\/revista\\\/#organization\"},\"image\":{\"@id\":\"https:\\\/\\\/centrourbano.com\\\/revista\\\/urbanismo\\\/inicia-construccion-paseo-henequenes\\\/#primaryimage\"},\"thumbnailUrl\":\"https:\\\/\\\/centrourbano.com\\\/revista\\\/wp-content\\\/uploads\\\/Paseo-henequenes.jpg\",\"keywords\":[\"construcci\u00f3n\",\"M\u00e9rida\",\"Parque Metropolitano de Francisco de Montejo Paseo de henequenes\",\"paseo henequenes\",\"Unidad Deportiva Villa Palimira\",\"Yucat\u00e1n\"],\"articleSection\":[\"Urbanismo\"],\"inLanguage\":\"es\",\"potentialAction\":[{\"@type\":\"CommentAction\",\"name\":\"Comment\",\"target\":[\"https:\\\/\\\/centrourbano.com\\\/revista\\\/urbanismo\\\/inicia-construccion-paseo-henequenes\\\/#respond\"]}]},{\"@type\":\"WebPage\",\"@id\":\"https:\\\/\\\/centrourbano.com\\\/revista\\\/urbanismo\\\/inicia-construccion-paseo-henequenes\\\/\",\"url\":\"https:\\\/\\\/centrourbano.com\\\/revista\\\/urbanismo\\\/inicia-construccion-paseo-henequenes\\\/\",\"name\":\"Inicia construcci\u00f3n del Paseo henequenes -\",\"isPartOf\":{\"@id\":\"https:\\\/\\\/centrourbano.com\\\/revista\\\/#website\"},\"primaryImageOfPage\":{\"@id\":\"https:\\\/\\\/centrourbano.com\\\/revista\\\/urbanismo\\\/inicia-construccion-paseo-henequenes\\\/#primaryimage\"},\"image\":{\"@id\":\"https:\\\/\\\/centrourbano.com\\\/revista\\\/urbanismo\\\/inicia-construccion-paseo-henequenes\\\/#primaryimage\"},\"thumbnailUrl\":\"https:\\\/\\\/centrourbano.com\\\/revista\\\/wp-content\\\/uploads\\\/Paseo-henequenes.jpg\",\"datePublished\":\"2017-01-09T16:46:46+00:00\",\"description\":\"Contar\u00e1 con un \u00e1rea mayor a 5 kil\u00f3metros lineales y 45 hect\u00e1reas donde se invertir\u00e1n 27,000,000 de pesos\",\"breadcrumb\":{\"@id\":\"https:\\\/\\\/centrourbano.com\\\/revista\\\/urbanismo\\\/inicia-construccion-paseo-henequenes\\\/#breadcrumb\"},\"inLanguage\":\"es\",\"potentialAction\":[{\"@type\":\"ReadAction\",\"target\":[\"https:\\\/\\\/centrourbano.com\\\/revista\\\/urbanismo\\\/inicia-construccion-paseo-henequenes\\\/\"]}]},{\"@type\":\"ImageObject\",\"inLanguage\":\"es\",\"@id\":\"https:\\\/\\\/centrourbano.com\\\/revista\\\/urbanismo\\\/inicia-construccion-paseo-henequenes\\\/#primaryimage\",\"url\":\"https:\\\/\\\/centrourbano.com\\\/revista\\\/wp-content\\\/uploads\\\/Paseo-henequenes.jpg\",\"contentUrl\":\"https:\\\/\\\/centrourbano.com\\\/revista\\\/wp-content\\\/uploads\\\/Paseo-henequenes.jpg\",\"width\":800,\"height\":534,\"caption\":\"Contar\u00e1 con un \u00e1rea mayor a 5 kil\u00f3metros lineales y 45 hect\u00e1reas donde se invertir\u00e1n 27,000,000 de pesos\"},{\"@type\":\"BreadcrumbList\",\"@id\":\"https:\\\/\\\/centrourbano.com\\\/revista\\\/urbanismo\\\/inicia-construccion-paseo-henequenes\\\/#breadcrumb\",\"itemListElement\":[{\"@type\":\"ListItem\",\"position\":1,\"name\":\"Portada\",\"item\":\"https:\\\/\\\/centrourbano.com\\\/revista\\\/\"},{\"@type\":\"ListItem\",\"position\":2,\"name\":\"Inicia construcci\u00f3n del Paseo henequenes\"}]},{\"@type\":\"WebSite\",\"@id\":\"https:\\\/\\\/centrourbano.com\\\/revista\\\/#website\",\"url\":\"https:\\\/\\\/centrourbano.com\\\/revista\\\/\",\"name\":\"Centro Urbano\",\"description\":\"Medio especializado en los sectores vivienda, inmobiliario, construcci\u00f3n, arquitectura y urbanismo.\",\"publisher\":{\"@id\":\"https:\\\/\\\/centrourbano.com\\\/revista\\\/#organization\"},\"potentialAction\":[{\"@type\":\"SearchAction\",\"target\":{\"@type\":\"EntryPoint\",\"urlTemplate\":\"https:\\\/\\\/centrourbano.com\\\/revista\\\/?s={search_term_string}\"},\"query-input\":{\"@type\":\"PropertyValueSpecification\",\"valueRequired\":true,\"valueName\":\"search_term_string\"}}],\"inLanguage\":\"es\"},{\"@type\":\"Organization\",\"@id\":\"https:\\\/\\\/centrourbano.com\\\/revista\\\/#organization\",\"name\":\"Centro Urbano\",\"url\":\"https:\\\/\\\/centrourbano.com\\\/revista\\\/\",\"logo\":{\"@type\":\"ImageObject\",\"inLanguage\":\"es\",\"@id\":\"https:\\\/\\\/centrourbano.com\\\/revista\\\/#\\\/schema\\\/logo\\\/image\\\/\",\"url\":\"https:\\\/\\\/centrourbano.com\\\/revista\\\/wp-content\\\/uploads\\\/web_CU_logo-1.png\",\"contentUrl\":\"https:\\\/\\\/centrourbano.com\\\/revista\\\/wp-content\\\/uploads\\\/web_CU_logo-1.png\",\"width\":350,\"height\":91,\"caption\":\"Centro Urbano\"},\"image\":{\"@id\":\"https:\\\/\\\/centrourbano.com\\\/revista\\\/#\\\/schema\\\/logo\\\/image\\\/\"},\"sameAs\":[\"https:\\\/\\\/www.facebook.com\\\/portalcentrourbano\",\"https:\\\/\\\/x.com\\\/CentroUrbano\",\"https:\\\/\\\/www.instagram.com\\\/centro_urbano\\\/\",\"https:\\\/\\\/www.linkedin.com\\\/company\\\/centro-urbano\\\/\",\"http:\\\/\\\/www.youtube.com\\\/user\\\/portalcentrourbano\"]},{\"@type\":\"Person\",\"@id\":\"https:\\\/\\\/centrourbano.com\\\/revista\\\/#\\\/schema\\\/person\\\/db5aba19153b4dc77f48808c4c2e7027\",\"name\":\"Hanae Pacheco\",\"image\":{\"@type\":\"ImageObject\",\"inLanguage\":\"es\",\"@id\":\"https:\\\/\\\/secure.gravatar.com\\\/avatar\\\/85378918db488c7c72bd7acaea6909bbfd5df076ffaf5e56cf397f98ef67f72d?s=96&d=mm&r=g\",\"url\":\"https:\\\/\\\/secure.gravatar.com\\\/avatar\\\/85378918db488c7c72bd7acaea6909bbfd5df076ffaf5e56cf397f98ef67f72d?s=96&d=mm&r=g\",\"contentUrl\":\"https:\\\/\\\/secure.gravatar.com\\\/avatar\\\/85378918db488c7c72bd7acaea6909bbfd5df076ffaf5e56cf397f98ef67f72d?s=96&d=mm&r=g\",\"caption\":\"Hanae Pacheco\"},\"url\":\"https:\\\/\\\/centrourbano.com\\\/revista\\\/author\\\/hanae-pacheco\\\/\"}]}<\/script>\n<!-- \/ Yoast SEO plugin. -->","yoast_head_json":{"title":"Inicia construcci\u00f3n del Paseo henequenes -","description":"Contar\u00e1 con un \u00e1rea mayor a 5 kil\u00f3metros lineales y 45 hect\u00e1reas donde se invertir\u00e1n 27,000,000 de pesos","robots":{"index":"index","follow":"follow","max-snippet":"max-snippet:-1","max-image-preview":"max-image-preview:large","max-video-preview":"max-video-preview:-1"},"canonical":"https:\/\/centrourbano.com\/revista\/urbanismo\/inicia-construccion-paseo-henequenes\/","og_locale":"es_ES","og_type":"article","og_title":"Inicia construcci\u00f3n del Paseo henequenes -","og_description":"Contar\u00e1 con un \u00e1rea mayor a 5 kil\u00f3metros lineales y 45 hect\u00e1reas donde se invertir\u00e1n 27,000,000 de pesos","og_url":"https:\/\/centrourbano.com\/revista\/urbanismo\/inicia-construccion-paseo-henequenes\/","og_site_name":"Centro Urbano","article_publisher":"https:\/\/www.facebook.com\/portalcentrourbano","article_published_time":"2017-01-09T16:46:46+00:00","og_image":[{"width":800,"height":534,"url":"https:\/\/centrourbano.com\/revista\/wp-content\/uploads\/Paseo-henequenes.jpg","type":"image\/jpeg"}],"author":"Hanae Pacheco","twitter_card":"summary_large_image","twitter_creator":"@CentroUrbano","twitter_site":"@CentroUrbano","twitter_misc":{"Escrito por":"Hanae Pacheco","Tiempo de lectura":"2 minutos"},"schema":{"@context":"https:\/\/schema.org","@graph":[{"@type":"Article","@id":"https:\/\/centrourbano.com\/revista\/urbanismo\/inicia-construccion-paseo-henequenes\/#article","isPartOf":{"@id":"https:\/\/centrourbano.com\/revista\/urbanismo\/inicia-construccion-paseo-henequenes\/"},"author":{"name":"Hanae Pacheco","@id":"https:\/\/centrourbano.com\/revista\/#\/schema\/person\/db5aba19153b4dc77f48808c4c2e7027"},"headline":"Inicia construcci\u00f3n del Paseo henequenes","datePublished":"2017-01-09T16:46:46+00:00","mainEntityOfPage":{"@id":"https:\/\/centrourbano.com\/revista\/urbanismo\/inicia-construccion-paseo-henequenes\/"},"wordCount":361,"commentCount":0,"publisher":{"@id":"https:\/\/centrourbano.com\/revista\/#organization"},"image":{"@id":"https:\/\/centrourbano.com\/revista\/urbanismo\/inicia-construccion-paseo-henequenes\/#primaryimage"},"thumbnailUrl":"https:\/\/centrourbano.com\/revista\/wp-content\/uploads\/Paseo-henequenes.jpg","keywords":["construcci\u00f3n","M\u00e9rida","Parque Metropolitano de Francisco de Montejo Paseo de henequenes","paseo henequenes","Unidad Deportiva Villa Palimira","Yucat\u00e1n"],"articleSection":["Urbanismo"],"inLanguage":"es","potentialAction":[{"@type":"CommentAction","name":"Comment","target":["https:\/\/centrourbano.com\/revista\/urbanismo\/inicia-construccion-paseo-henequenes\/#respond"]}]},{"@type":"WebPage","@id":"https:\/\/centrourbano.com\/revista\/urbanismo\/inicia-construccion-paseo-henequenes\/","url":"https:\/\/centrourbano.com\/revista\/urbanismo\/inicia-construccion-paseo-henequenes\/","name":"Inicia construcci\u00f3n del Paseo henequenes -","isPartOf":{"@id":"https:\/\/centrourbano.com\/revista\/#website"},"primaryImageOfPage":{"@id":"https:\/\/centrourbano.com\/revista\/urbanismo\/inicia-construccion-paseo-henequenes\/#primaryimage"},"image":{"@id":"https:\/\/centrourbano.com\/revista\/urbanismo\/inicia-construccion-paseo-henequenes\/#primaryimage"},"thumbnailUrl":"https:\/\/centrourbano.com\/revista\/wp-content\/uploads\/Paseo-henequenes.jpg","datePublished":"2017-01-09T16:46:46+00:00","description":"Contar\u00e1 con un \u00e1rea mayor a 5 kil\u00f3metros lineales y 45 hect\u00e1reas donde se invertir\u00e1n 27,000,000 de pesos","breadcrumb":{"@id":"https:\/\/centrourbano.com\/revista\/urbanismo\/inicia-construccion-paseo-henequenes\/#breadcrumb"},"inLanguage":"es","potentialAction":[{"@type":"ReadAction","target":["https:\/\/centrourbano.com\/revista\/urbanismo\/inicia-construccion-paseo-henequenes\/"]}]},{"@type":"ImageObject","inLanguage":"es","@id":"https:\/\/centrourbano.com\/revista\/urbanismo\/inicia-construccion-paseo-henequenes\/#primaryimage","url":"https:\/\/centrourbano.com\/revista\/wp-content\/uploads\/Paseo-henequenes.jpg","contentUrl":"https:\/\/centrourbano.com\/revista\/wp-content\/uploads\/Paseo-henequenes.jpg","width":800,"height":534,"caption":"Contar\u00e1 con un \u00e1rea mayor a 5 kil\u00f3metros lineales y 45 hect\u00e1reas donde se invertir\u00e1n 27,000,000 de pesos"},{"@type":"BreadcrumbList","@id":"https:\/\/centrourbano.com\/revista\/urbanismo\/inicia-construccion-paseo-henequenes\/#breadcrumb","itemListElement":[{"@type":"ListItem","position":1,"name":"Portada","item":"https:\/\/centrourbano.com\/revista\/"},{"@type":"ListItem","position":2,"name":"Inicia construcci\u00f3n del Paseo henequenes"}]},{"@type":"WebSite","@id":"https:\/\/centrourbano.com\/revista\/#website","url":"https:\/\/centrourbano.com\/revista\/","name":"Centro Urbano","description":"Medio especializado en los sectores vivienda, inmobiliario, construcci\u00f3n, arquitectura y urbanismo.","publisher":{"@id":"https:\/\/centrourbano.com\/revista\/#organization"},"potentialAction":[{"@type":"SearchAction","target":{"@type":"EntryPoint","urlTemplate":"https:\/\/centrourbano.com\/revista\/?s={search_term_string}"},"query-input":{"@type":"PropertyValueSpecification","valueRequired":true,"valueName":"search_term_string"}}],"inLanguage":"es"},{"@type":"Organization","@id":"https:\/\/centrourbano.com\/revista\/#organization","name":"Centro Urbano","url":"https:\/\/centrourbano.com\/revista\/","logo":{"@type":"ImageObject","inLanguage":"es","@id":"https:\/\/centrourbano.com\/revista\/#\/schema\/logo\/image\/","url":"https:\/\/centrourbano.com\/revista\/wp-content\/uploads\/web_CU_logo-1.png","contentUrl":"https:\/\/centrourbano.com\/revista\/wp-content\/uploads\/web_CU_logo-1.png","width":350,"height":91,"caption":"Centro Urbano"},"image":{"@id":"https:\/\/centrourbano.com\/revista\/#\/schema\/logo\/image\/"},"sameAs":["https:\/\/www.facebook.com\/portalcentrourbano","https:\/\/x.com\/CentroUrbano","https:\/\/www.instagram.com\/centro_urbano\/","https:\/\/www.linkedin.com\/company\/centro-urbano\/","http:\/\/www.youtube.com\/user\/portalcentrourbano"]},{"@type":"Person","@id":"https:\/\/centrourbano.com\/revista\/#\/schema\/person\/db5aba19153b4dc77f48808c4c2e7027","name":"Hanae Pacheco","image":{"@type":"ImageObject","inLanguage":"es","@id":"https:\/\/secure.gravatar.com\/avatar\/85378918db488c7c72bd7acaea6909bbfd5df076ffaf5e56cf397f98ef67f72d?s=96&d=mm&r=g","url":"https:\/\/secure.gravatar.com\/avatar\/85378918db488c7c72bd7acaea6909bbfd5df076ffaf5e56cf397f98ef67f72d?s=96&d=mm&r=g","contentUrl":"https:\/\/secure.gravatar.com\/avatar\/85378918db488c7c72bd7acaea6909bbfd5df076ffaf5e56cf397f98ef67f72d?s=96&d=mm&r=g","caption":"Hanae Pacheco"},"url":"https:\/\/centrourbano.com\/revista\/author\/hanae-pacheco\/"}]}},"_links":{"self":[{"href":"https:\/\/centrourbano.com\/revista\/wp-json\/wp\/v2\/posts\/47001","targetHints":{"allow":["GET"]}}],"collection":[{"href":"https:\/\/centrourbano.com\/revista\/wp-json\/wp\/v2\/posts"}],"about":[{"href":"https:\/\/centrourbano.com\/revista\/wp-json\/wp\/v2\/types\/post"}],"author":[{"embeddable":true,"href":"https:\/\/centrourbano.com\/revista\/wp-json\/wp\/v2\/users\/45"}],"replies":[{"embeddable":true,"href":"https:\/\/centrourbano.com\/revista\/wp-json\/wp\/v2\/comments?post=47001"}],"version-history":[{"count":0,"href":"https:\/\/centrourbano.com\/revista\/wp-json\/wp\/v2\/posts\/47001\/revisions"}],"wp:featuredmedia":[{"embeddable":true,"href":"https:\/\/centrourbano.com\/revista\/wp-json\/wp\/v2\/media\/47002"}],"wp:attachment":[{"href":"https:\/\/centrourbano.com\/revista\/wp-json\/wp\/v2\/media?parent=47001"}],"wp:term":[{"taxonomy":"category","embeddable":true,"href":"https:\/\/centrourbano.com\/revista\/wp-json\/wp\/v2\/categories?post=47001"},{"taxonomy":"post_tag","embeddable":true,"href":"https:\/\/centrourbano.com\/revista\/wp-json\/wp\/v2\/tags?post=47001"}],"curies":[{"name":"wp","href":"https:\/\/api.w.org\/{rel}","templated":true}]}}