{"id":46849,"date":"2017-01-05T12:17:46","date_gmt":"2017-01-05T18:17:46","guid":{"rendered":"https:\/\/centrourbano.com\/?p=46849"},"modified":"2017-01-05T12:17:46","modified_gmt":"2017-01-05T18:17:46","slug":"big-presenta-primer-proyecto-los-angeles","status":"publish","type":"post","link":"https:\/\/centrourbano.com\/revista\/arquitectura-2\/big-presenta-primer-proyecto-los-angeles\/","title":{"rendered":"BIG presenta su primer proyecto en Los \u00c1ngeles"},"content":{"rendered":"<p><em>Se trata de un complejo de uso mixto llamado 670 Mesquit que renovar\u00e1 la imagen del Distrito de las Artes<\/em><!--more--><\/p>\n<p>Bjarke Ingels Group (BIG) ha revelado el dise\u00f1o de un complejo de uso mixto en el Distrito de las Artes, en Los \u00c1ngeles, el cual incorporar\u00e1 viviendas, oficinas y espacios p\u00fablicos dentro de un marco concreto gigante.<\/p>\n<p>El proyecto que lleva por nombre 670 Mesquit, se propone para un sitio industrial al lado del R\u00edo de Los \u00c1ngeles, en donde tomar\u00e1 la forma de una serie de cajas escalonadas que contienen m\u00e1s de 7000 m2 de espacio de oficinas, 250 unidades residenciales y dos hoteles boutique, venta al por menor y espacio del restaurante y la tienda de comestibles o mercado agr\u00edcola. <\/p>\n<p>Este desarrollo de 242,000 m2 es el primer proyecto de BIG en Los \u00c1ngeles, y consta de dos edificios de 30 pisos en forma de L conectados y organizados alrededor de una rejilla de cubos de hormig\u00f3n de 13.7m, los cuales, a medida que las dos masas del edificio se elevan, retroceden para crear terrazas accesibles en cada nivel. <\/p>\n<p>Ingels dice que se han preguntado si pueden renovar el Distrito de las Artes al abrazar en lugar de sustituir las cualidades que han dado origen a esta cultura urbana \u00fanica.<\/p>\n<p>Asimismo, se\u00f1al\u00f3 que el dise\u00f1o se fija para reemplazar una serie de edificios del almac\u00e9n a lo largo del r\u00edo, y se asentar\u00e1 justo al sur del nuevo viaducto de la calle Sexta, creando una puerta de entrada al Distrito de las Artes y el r\u00edo Los \u00c1ngeles, que constituir\u00e1 un paso importante hacia la recuperaci\u00f3n y la transformaci\u00f3n de la orilla del r\u00edo en un nuevo paisaje urbano vital que puede ser disfrutado y apreciado por los residentes y visitantes a esta parte vibrante de Los \u00c1ngeles.<\/p>\n","protected":false},"excerpt":{"rendered":"<p>Se trata de un complejo de uso mixto llamado 670 Mesquit que renovar\u00e1 la imagen del Distrito de las Artes<\/p>\n","protected":false},"author":9,"featured_media":46850,"comment_status":"open","ping_status":"closed","sticky":false,"template":"","format":"standard","meta":{"om_disable_all_campaigns":false,"inline_featured_image":false,"_monsterinsights_skip_tracking":false,"_monsterinsights_sitenote_active":false,"_monsterinsights_sitenote_note":"","_monsterinsights_sitenote_category":0,"footnotes":""},"categories":[81],"tags":[20,7740,9284,5750,1311],"class_list":["post-46849","post","type-post","status-publish","format-standard","has-post-thumbnail","hentry","category-arquitectura-2","tag-arquitectura","tag-big","tag-distrito-de-las-artes","tag-los-angeles","tag-usos-mixtos"],"yoast_head":"<!-- This site is optimized with the Yoast SEO plugin v27.4 - https:\/\/yoast.com\/product\/yoast-seo-wordpress\/ -->\n<title>BIG presenta su primer proyecto en Los \u00c1ngeles<\/title>\n<meta name=\"description\" content=\"Se trata de un complejo de uso mixto llamado 670 Mesquit que renovar\u00e1 la imagen del Distrito de las Artes\" \/>\n<meta name=\"robots\" content=\"index, follow, max-snippet:-1, max-image-preview:large, max-video-preview:-1\" \/>\n<link rel=\"canonical\" href=\"https:\/\/centrourbano.com\/revista\/arquitectura-2\/big-presenta-primer-proyecto-los-angeles\/\" \/>\n<meta property=\"og:locale\" content=\"es_ES\" \/>\n<meta property=\"og:type\" content=\"article\" \/>\n<meta property=\"og:title\" content=\"BIG presenta su primer proyecto en Los \u00c1ngeles\" \/>\n<meta property=\"og:description\" content=\"Se trata de un complejo de uso mixto llamado 670 Mesquit que renovar\u00e1 la imagen del Distrito de las Artes\" \/>\n<meta property=\"og:url\" content=\"https:\/\/centrourbano.com\/revista\/arquitectura-2\/big-presenta-primer-proyecto-los-angeles\/\" \/>\n<meta property=\"og:site_name\" content=\"Centro Urbano\" \/>\n<meta property=\"article:publisher\" content=\"https:\/\/www.facebook.com\/portalcentrourbano\" \/>\n<meta property=\"article:published_time\" content=\"2017-01-05T18:17:46+00:00\" \/>\n<meta property=\"og:image\" content=\"https:\/\/centrourbano.com\/revista\/wp-content\/uploads\/BIG-presenta-su-primer-proyecto-en-Los-\u00c1ngeles.jpg\" \/>\n\t<meta property=\"og:image:width\" content=\"2364\" \/>\n\t<meta property=\"og:image:height\" content=\"1182\" \/>\n\t<meta property=\"og:image:type\" content=\"image\/jpeg\" \/>\n<meta name=\"author\" content=\"Dinorah Nava\" \/>\n<meta name=\"twitter:card\" content=\"summary_large_image\" \/>\n<meta name=\"twitter:creator\" content=\"@https:\/\/twitter.com\/Dinorah_Nava28\" \/>\n<meta name=\"twitter:site\" content=\"@CentroUrbano\" \/>\n<meta name=\"twitter:label1\" content=\"Escrito por\" \/>\n\t<meta name=\"twitter:data1\" content=\"Dinorah Nava\" \/>\n\t<meta name=\"twitter:label2\" content=\"Tiempo de lectura\" \/>\n\t<meta name=\"twitter:data2\" content=\"2 minutos\" \/>\n<script type=\"application\/ld+json\" class=\"yoast-schema-graph\">{\"@context\":\"https:\\\/\\\/schema.org\",\"@graph\":[{\"@type\":\"Article\",\"@id\":\"https:\\\/\\\/centrourbano.com\\\/revista\\\/arquitectura-2\\\/big-presenta-primer-proyecto-los-angeles\\\/#article\",\"isPartOf\":{\"@id\":\"https:\\\/\\\/centrourbano.com\\\/revista\\\/arquitectura-2\\\/big-presenta-primer-proyecto-los-angeles\\\/\"},\"author\":{\"name\":\"Dinorah Nava\",\"@id\":\"https:\\\/\\\/centrourbano.com\\\/revista\\\/#\\\/schema\\\/person\\\/b45db815d96831257ba428a3d5a5fbdc\"},\"headline\":\"BIG presenta su primer proyecto en Los \u00c1ngeles\",\"datePublished\":\"2017-01-05T18:17:46+00:00\",\"mainEntityOfPage\":{\"@id\":\"https:\\\/\\\/centrourbano.com\\\/revista\\\/arquitectura-2\\\/big-presenta-primer-proyecto-los-angeles\\\/\"},\"wordCount\":316,\"commentCount\":0,\"publisher\":{\"@id\":\"https:\\\/\\\/centrourbano.com\\\/revista\\\/#organization\"},\"image\":{\"@id\":\"https:\\\/\\\/centrourbano.com\\\/revista\\\/arquitectura-2\\\/big-presenta-primer-proyecto-los-angeles\\\/#primaryimage\"},\"thumbnailUrl\":\"https:\\\/\\\/centrourbano.com\\\/revista\\\/wp-content\\\/uploads\\\/BIG-presenta-su-primer-proyecto-en-Los-\u00c1ngeles.jpg\",\"keywords\":[\"arquitectura\",\"BIG\",\"Distrito de las Artes\",\"Los Angeles\",\"Usos mixtos\"],\"articleSection\":[\"Arquitectura\"],\"inLanguage\":\"es\",\"potentialAction\":[{\"@type\":\"CommentAction\",\"name\":\"Comment\",\"target\":[\"https:\\\/\\\/centrourbano.com\\\/revista\\\/arquitectura-2\\\/big-presenta-primer-proyecto-los-angeles\\\/#respond\"]}]},{\"@type\":\"WebPage\",\"@id\":\"https:\\\/\\\/centrourbano.com\\\/revista\\\/arquitectura-2\\\/big-presenta-primer-proyecto-los-angeles\\\/\",\"url\":\"https:\\\/\\\/centrourbano.com\\\/revista\\\/arquitectura-2\\\/big-presenta-primer-proyecto-los-angeles\\\/\",\"name\":\"BIG presenta su primer proyecto en Los \u00c1ngeles\",\"isPartOf\":{\"@id\":\"https:\\\/\\\/centrourbano.com\\\/revista\\\/#website\"},\"primaryImageOfPage\":{\"@id\":\"https:\\\/\\\/centrourbano.com\\\/revista\\\/arquitectura-2\\\/big-presenta-primer-proyecto-los-angeles\\\/#primaryimage\"},\"image\":{\"@id\":\"https:\\\/\\\/centrourbano.com\\\/revista\\\/arquitectura-2\\\/big-presenta-primer-proyecto-los-angeles\\\/#primaryimage\"},\"thumbnailUrl\":\"https:\\\/\\\/centrourbano.com\\\/revista\\\/wp-content\\\/uploads\\\/BIG-presenta-su-primer-proyecto-en-Los-\u00c1ngeles.jpg\",\"datePublished\":\"2017-01-05T18:17:46+00:00\",\"description\":\"Se trata de un complejo de uso mixto llamado 670 Mesquit que renovar\u00e1 la imagen del Distrito de las Artes\",\"breadcrumb\":{\"@id\":\"https:\\\/\\\/centrourbano.com\\\/revista\\\/arquitectura-2\\\/big-presenta-primer-proyecto-los-angeles\\\/#breadcrumb\"},\"inLanguage\":\"es\",\"potentialAction\":[{\"@type\":\"ReadAction\",\"target\":[\"https:\\\/\\\/centrourbano.com\\\/revista\\\/arquitectura-2\\\/big-presenta-primer-proyecto-los-angeles\\\/\"]}]},{\"@type\":\"ImageObject\",\"inLanguage\":\"es\",\"@id\":\"https:\\\/\\\/centrourbano.com\\\/revista\\\/arquitectura-2\\\/big-presenta-primer-proyecto-los-angeles\\\/#primaryimage\",\"url\":\"https:\\\/\\\/centrourbano.com\\\/revista\\\/wp-content\\\/uploads\\\/BIG-presenta-su-primer-proyecto-en-Los-\u00c1ngeles.jpg\",\"contentUrl\":\"https:\\\/\\\/centrourbano.com\\\/revista\\\/wp-content\\\/uploads\\\/BIG-presenta-su-primer-proyecto-en-Los-\u00c1ngeles.jpg\",\"width\":2364,\"height\":1182,\"caption\":\"Se trata de un complejo de uso mixto llamado 670 Mesquit que renovar\u00e1 la imagen del Distrito de las Artes\"},{\"@type\":\"BreadcrumbList\",\"@id\":\"https:\\\/\\\/centrourbano.com\\\/revista\\\/arquitectura-2\\\/big-presenta-primer-proyecto-los-angeles\\\/#breadcrumb\",\"itemListElement\":[{\"@type\":\"ListItem\",\"position\":1,\"name\":\"Portada\",\"item\":\"https:\\\/\\\/centrourbano.com\\\/revista\\\/\"},{\"@type\":\"ListItem\",\"position\":2,\"name\":\"BIG presenta su primer proyecto en Los \u00c1ngeles\"}]},{\"@type\":\"WebSite\",\"@id\":\"https:\\\/\\\/centrourbano.com\\\/revista\\\/#website\",\"url\":\"https:\\\/\\\/centrourbano.com\\\/revista\\\/\",\"name\":\"Centro Urbano\",\"description\":\"Medio especializado en los sectores vivienda, inmobiliario, construcci\u00f3n, arquitectura y urbanismo.\",\"publisher\":{\"@id\":\"https:\\\/\\\/centrourbano.com\\\/revista\\\/#organization\"},\"potentialAction\":[{\"@type\":\"SearchAction\",\"target\":{\"@type\":\"EntryPoint\",\"urlTemplate\":\"https:\\\/\\\/centrourbano.com\\\/revista\\\/?s={search_term_string}\"},\"query-input\":{\"@type\":\"PropertyValueSpecification\",\"valueRequired\":true,\"valueName\":\"search_term_string\"}}],\"inLanguage\":\"es\"},{\"@type\":\"Organization\",\"@id\":\"https:\\\/\\\/centrourbano.com\\\/revista\\\/#organization\",\"name\":\"Centro Urbano\",\"url\":\"https:\\\/\\\/centrourbano.com\\\/revista\\\/\",\"logo\":{\"@type\":\"ImageObject\",\"inLanguage\":\"es\",\"@id\":\"https:\\\/\\\/centrourbano.com\\\/revista\\\/#\\\/schema\\\/logo\\\/image\\\/\",\"url\":\"https:\\\/\\\/centrourbano.com\\\/revista\\\/wp-content\\\/uploads\\\/web_CU_logo-1.png\",\"contentUrl\":\"https:\\\/\\\/centrourbano.com\\\/revista\\\/wp-content\\\/uploads\\\/web_CU_logo-1.png\",\"width\":350,\"height\":91,\"caption\":\"Centro Urbano\"},\"image\":{\"@id\":\"https:\\\/\\\/centrourbano.com\\\/revista\\\/#\\\/schema\\\/logo\\\/image\\\/\"},\"sameAs\":[\"https:\\\/\\\/www.facebook.com\\\/portalcentrourbano\",\"https:\\\/\\\/x.com\\\/CentroUrbano\",\"https:\\\/\\\/www.instagram.com\\\/centro_urbano\\\/\",\"https:\\\/\\\/www.linkedin.com\\\/company\\\/centro-urbano\\\/\",\"http:\\\/\\\/www.youtube.com\\\/user\\\/portalcentrourbano\"]},{\"@type\":\"Person\",\"@id\":\"https:\\\/\\\/centrourbano.com\\\/revista\\\/#\\\/schema\\\/person\\\/b45db815d96831257ba428a3d5a5fbdc\",\"name\":\"Dinorah Nava\",\"image\":{\"@type\":\"ImageObject\",\"inLanguage\":\"es\",\"@id\":\"https:\\\/\\\/secure.gravatar.com\\\/avatar\\\/f6ca6430c51d147f363940f84e1225aa4b8183885c11802cc3b042305a4ecc1a?s=96&d=mm&r=g\",\"url\":\"https:\\\/\\\/secure.gravatar.com\\\/avatar\\\/f6ca6430c51d147f363940f84e1225aa4b8183885c11802cc3b042305a4ecc1a?s=96&d=mm&r=g\",\"contentUrl\":\"https:\\\/\\\/secure.gravatar.com\\\/avatar\\\/f6ca6430c51d147f363940f84e1225aa4b8183885c11802cc3b042305a4ecc1a?s=96&d=mm&r=g\",\"caption\":\"Dinorah Nava\"},\"description\":\"Editora de Contenidos y Estrategias Digitales en Centro Urbano y Coeditora en Peri\u00f3dico Mi Casa. Egresada de la licenciatura en Comunicaci\u00f3n y Periodismo de la Facultad de Estudios Superiores Arag\u00f3n (UNAM). Amante de la edici\u00f3n y correcci\u00f3n de estilo, las redes sociales y el mundo digital. Especialista en temas son arquitectura, inmobiliario y urbanismo.\",\"sameAs\":[\"linkedin.com\\\/in\\\/dinorah-nava\",\"https:\\\/\\\/x.com\\\/https:\\\/\\\/twitter.com\\\/Dinorah_Nava28\"],\"url\":\"https:\\\/\\\/centrourbano.com\\\/revista\\\/author\\\/dinorah-nava\\\/\"}]}<\/script>\n<!-- \/ Yoast SEO plugin. -->","yoast_head_json":{"title":"BIG presenta su primer proyecto en Los \u00c1ngeles","description":"Se trata de un complejo de uso mixto llamado 670 Mesquit que renovar\u00e1 la imagen del Distrito de las Artes","robots":{"index":"index","follow":"follow","max-snippet":"max-snippet:-1","max-image-preview":"max-image-preview:large","max-video-preview":"max-video-preview:-1"},"canonical":"https:\/\/centrourbano.com\/revista\/arquitectura-2\/big-presenta-primer-proyecto-los-angeles\/","og_locale":"es_ES","og_type":"article","og_title":"BIG presenta su primer proyecto en Los \u00c1ngeles","og_description":"Se trata de un complejo de uso mixto llamado 670 Mesquit que renovar\u00e1 la imagen del Distrito de las Artes","og_url":"https:\/\/centrourbano.com\/revista\/arquitectura-2\/big-presenta-primer-proyecto-los-angeles\/","og_site_name":"Centro Urbano","article_publisher":"https:\/\/www.facebook.com\/portalcentrourbano","article_published_time":"2017-01-05T18:17:46+00:00","og_image":[{"width":2364,"height":1182,"url":"https:\/\/centrourbano.com\/revista\/wp-content\/uploads\/BIG-presenta-su-primer-proyecto-en-Los-\u00c1ngeles.jpg","type":"image\/jpeg"}],"author":"Dinorah Nava","twitter_card":"summary_large_image","twitter_creator":"@https:\/\/twitter.com\/Dinorah_Nava28","twitter_site":"@CentroUrbano","twitter_misc":{"Escrito por":"Dinorah Nava","Tiempo de lectura":"2 minutos"},"schema":{"@context":"https:\/\/schema.org","@graph":[{"@type":"Article","@id":"https:\/\/centrourbano.com\/revista\/arquitectura-2\/big-presenta-primer-proyecto-los-angeles\/#article","isPartOf":{"@id":"https:\/\/centrourbano.com\/revista\/arquitectura-2\/big-presenta-primer-proyecto-los-angeles\/"},"author":{"name":"Dinorah Nava","@id":"https:\/\/centrourbano.com\/revista\/#\/schema\/person\/b45db815d96831257ba428a3d5a5fbdc"},"headline":"BIG presenta su primer proyecto en Los \u00c1ngeles","datePublished":"2017-01-05T18:17:46+00:00","mainEntityOfPage":{"@id":"https:\/\/centrourbano.com\/revista\/arquitectura-2\/big-presenta-primer-proyecto-los-angeles\/"},"wordCount":316,"commentCount":0,"publisher":{"@id":"https:\/\/centrourbano.com\/revista\/#organization"},"image":{"@id":"https:\/\/centrourbano.com\/revista\/arquitectura-2\/big-presenta-primer-proyecto-los-angeles\/#primaryimage"},"thumbnailUrl":"https:\/\/centrourbano.com\/revista\/wp-content\/uploads\/BIG-presenta-su-primer-proyecto-en-Los-\u00c1ngeles.jpg","keywords":["arquitectura","BIG","Distrito de las Artes","Los Angeles","Usos mixtos"],"articleSection":["Arquitectura"],"inLanguage":"es","potentialAction":[{"@type":"CommentAction","name":"Comment","target":["https:\/\/centrourbano.com\/revista\/arquitectura-2\/big-presenta-primer-proyecto-los-angeles\/#respond"]}]},{"@type":"WebPage","@id":"https:\/\/centrourbano.com\/revista\/arquitectura-2\/big-presenta-primer-proyecto-los-angeles\/","url":"https:\/\/centrourbano.com\/revista\/arquitectura-2\/big-presenta-primer-proyecto-los-angeles\/","name":"BIG presenta su primer proyecto en Los \u00c1ngeles","isPartOf":{"@id":"https:\/\/centrourbano.com\/revista\/#website"},"primaryImageOfPage":{"@id":"https:\/\/centrourbano.com\/revista\/arquitectura-2\/big-presenta-primer-proyecto-los-angeles\/#primaryimage"},"image":{"@id":"https:\/\/centrourbano.com\/revista\/arquitectura-2\/big-presenta-primer-proyecto-los-angeles\/#primaryimage"},"thumbnailUrl":"https:\/\/centrourbano.com\/revista\/wp-content\/uploads\/BIG-presenta-su-primer-proyecto-en-Los-\u00c1ngeles.jpg","datePublished":"2017-01-05T18:17:46+00:00","description":"Se trata de un complejo de uso mixto llamado 670 Mesquit que renovar\u00e1 la imagen del Distrito de las Artes","breadcrumb":{"@id":"https:\/\/centrourbano.com\/revista\/arquitectura-2\/big-presenta-primer-proyecto-los-angeles\/#breadcrumb"},"inLanguage":"es","potentialAction":[{"@type":"ReadAction","target":["https:\/\/centrourbano.com\/revista\/arquitectura-2\/big-presenta-primer-proyecto-los-angeles\/"]}]},{"@type":"ImageObject","inLanguage":"es","@id":"https:\/\/centrourbano.com\/revista\/arquitectura-2\/big-presenta-primer-proyecto-los-angeles\/#primaryimage","url":"https:\/\/centrourbano.com\/revista\/wp-content\/uploads\/BIG-presenta-su-primer-proyecto-en-Los-\u00c1ngeles.jpg","contentUrl":"https:\/\/centrourbano.com\/revista\/wp-content\/uploads\/BIG-presenta-su-primer-proyecto-en-Los-\u00c1ngeles.jpg","width":2364,"height":1182,"caption":"Se trata de un complejo de uso mixto llamado 670 Mesquit que renovar\u00e1 la imagen del Distrito de las Artes"},{"@type":"BreadcrumbList","@id":"https:\/\/centrourbano.com\/revista\/arquitectura-2\/big-presenta-primer-proyecto-los-angeles\/#breadcrumb","itemListElement":[{"@type":"ListItem","position":1,"name":"Portada","item":"https:\/\/centrourbano.com\/revista\/"},{"@type":"ListItem","position":2,"name":"BIG presenta su primer proyecto en Los \u00c1ngeles"}]},{"@type":"WebSite","@id":"https:\/\/centrourbano.com\/revista\/#website","url":"https:\/\/centrourbano.com\/revista\/","name":"Centro Urbano","description":"Medio especializado en los sectores vivienda, inmobiliario, construcci\u00f3n, arquitectura y urbanismo.","publisher":{"@id":"https:\/\/centrourbano.com\/revista\/#organization"},"potentialAction":[{"@type":"SearchAction","target":{"@type":"EntryPoint","urlTemplate":"https:\/\/centrourbano.com\/revista\/?s={search_term_string}"},"query-input":{"@type":"PropertyValueSpecification","valueRequired":true,"valueName":"search_term_string"}}],"inLanguage":"es"},{"@type":"Organization","@id":"https:\/\/centrourbano.com\/revista\/#organization","name":"Centro Urbano","url":"https:\/\/centrourbano.com\/revista\/","logo":{"@type":"ImageObject","inLanguage":"es","@id":"https:\/\/centrourbano.com\/revista\/#\/schema\/logo\/image\/","url":"https:\/\/centrourbano.com\/revista\/wp-content\/uploads\/web_CU_logo-1.png","contentUrl":"https:\/\/centrourbano.com\/revista\/wp-content\/uploads\/web_CU_logo-1.png","width":350,"height":91,"caption":"Centro Urbano"},"image":{"@id":"https:\/\/centrourbano.com\/revista\/#\/schema\/logo\/image\/"},"sameAs":["https:\/\/www.facebook.com\/portalcentrourbano","https:\/\/x.com\/CentroUrbano","https:\/\/www.instagram.com\/centro_urbano\/","https:\/\/www.linkedin.com\/company\/centro-urbano\/","http:\/\/www.youtube.com\/user\/portalcentrourbano"]},{"@type":"Person","@id":"https:\/\/centrourbano.com\/revista\/#\/schema\/person\/b45db815d96831257ba428a3d5a5fbdc","name":"Dinorah Nava","image":{"@type":"ImageObject","inLanguage":"es","@id":"https:\/\/secure.gravatar.com\/avatar\/f6ca6430c51d147f363940f84e1225aa4b8183885c11802cc3b042305a4ecc1a?s=96&d=mm&r=g","url":"https:\/\/secure.gravatar.com\/avatar\/f6ca6430c51d147f363940f84e1225aa4b8183885c11802cc3b042305a4ecc1a?s=96&d=mm&r=g","contentUrl":"https:\/\/secure.gravatar.com\/avatar\/f6ca6430c51d147f363940f84e1225aa4b8183885c11802cc3b042305a4ecc1a?s=96&d=mm&r=g","caption":"Dinorah Nava"},"description":"Editora de Contenidos y Estrategias Digitales en Centro Urbano y Coeditora en Peri\u00f3dico Mi Casa. Egresada de la licenciatura en Comunicaci\u00f3n y Periodismo de la Facultad de Estudios Superiores Arag\u00f3n (UNAM). Amante de la edici\u00f3n y correcci\u00f3n de estilo, las redes sociales y el mundo digital. Especialista en temas son arquitectura, inmobiliario y urbanismo.","sameAs":["linkedin.com\/in\/dinorah-nava","https:\/\/x.com\/https:\/\/twitter.com\/Dinorah_Nava28"],"url":"https:\/\/centrourbano.com\/revista\/author\/dinorah-nava\/"}]}},"_links":{"self":[{"href":"https:\/\/centrourbano.com\/revista\/wp-json\/wp\/v2\/posts\/46849","targetHints":{"allow":["GET"]}}],"collection":[{"href":"https:\/\/centrourbano.com\/revista\/wp-json\/wp\/v2\/posts"}],"about":[{"href":"https:\/\/centrourbano.com\/revista\/wp-json\/wp\/v2\/types\/post"}],"author":[{"embeddable":true,"href":"https:\/\/centrourbano.com\/revista\/wp-json\/wp\/v2\/users\/9"}],"replies":[{"embeddable":true,"href":"https:\/\/centrourbano.com\/revista\/wp-json\/wp\/v2\/comments?post=46849"}],"version-history":[{"count":0,"href":"https:\/\/centrourbano.com\/revista\/wp-json\/wp\/v2\/posts\/46849\/revisions"}],"wp:featuredmedia":[{"embeddable":true,"href":"https:\/\/centrourbano.com\/revista\/wp-json\/wp\/v2\/media\/46850"}],"wp:attachment":[{"href":"https:\/\/centrourbano.com\/revista\/wp-json\/wp\/v2\/media?parent=46849"}],"wp:term":[{"taxonomy":"category","embeddable":true,"href":"https:\/\/centrourbano.com\/revista\/wp-json\/wp\/v2\/categories?post=46849"},{"taxonomy":"post_tag","embeddable":true,"href":"https:\/\/centrourbano.com\/revista\/wp-json\/wp\/v2\/tags?post=46849"}],"curies":[{"name":"wp","href":"https:\/\/api.w.org\/{rel}","templated":true}]}}