{"id":46772,"date":"2017-01-05T09:00:46","date_gmt":"2017-01-05T15:00:46","guid":{"rendered":"https:\/\/centrourbano.com\/?p=46772"},"modified":"2017-01-04T13:58:33","modified_gmt":"2017-01-04T19:58:33","slug":"continuan-trabajos-pavimentacion-bcs","status":"publish","type":"post","link":"https:\/\/centrourbano.com\/revista\/construccion\/continuan-trabajos-pavimentacion-bcs\/","title":{"rendered":"Contin\u00faan trabajos de pavimentaci\u00f3n en BCS"},"content":{"rendered":"<p><em>Hasta el momento, son 105 vialidades las que se encuentran en proceso de pavimentaci\u00f3n<\/em><\/p>\n<p>El titular de la Secretar\u00eda de Planeaci\u00f3n Urbana, Infraestructura y Transporte (SEPUIT), Jos\u00e9 Luis Escalera Morf\u00edn, se\u00f1al\u00f3 que la dependencia, contin\u00faa desarrollando las acciones de pavimentaci\u00f3n en los municipios del estado, para beneficiar a los ciudadanos y elevar la calidad de vida de la poblaci\u00f3n.<\/p>\n<p>Coment\u00f3 que, hasta el momento, se encuentran en proceso de pavimentaci\u00f3n 105 vialidades, las que significan bienestar y desarrollo tanto para quienes habitan alrededor de las obras, como para quienes utilizar\u00e1n esas v\u00edas de comunicaci\u00f3n una vez concluidas; este programa es uno de los m\u00e1s esperados para los habitantes de la zona.<\/p>\n<p>Adem\u00e1s, con la finalidad de entregar las obras en tiempo y forma, sin ocasionar molestia tanto a peatones como transe\u00fantes, resalt\u00f3  que se trabaja de manera eficiente y con acciones de supervisi\u00f3n constante en los procesos de pavimentaci\u00f3n.<\/p>\n<p>Finalmente, coment\u00f3 que el concreto a\u00fan est\u00e1 en proceso de colocaci\u00f3n en algunas calles, e invit\u00f3 a los vecinos para atender las recomendaciones propias de esta parte del proceso, lo que incluye  evitar ingresar a la zona de obra, caminar por las orillas y las esquinas, evitar que los ni\u00f1os ingresen al \u00e1rea de trabajo, as\u00ed como evitar que sus mascotas pisen el cemento fresco, esto con la finalidad de garantizar la calidad de las obras realizadas.<\/p>\n","protected":false},"excerpt":{"rendered":"<p>Hasta el momento, son 105 vialidades las que se encuentran en proceso de pavimentaci\u00f3n El titular de la Secretar\u00eda de Planeaci\u00f3n Urbana, Infraestructura y Transporte (SEPUIT), Jos\u00e9 Luis Escalera Morf\u00edn, se\u00f1al\u00f3 que la dependencia, contin\u00faa desarrollando las acciones de pavimentaci\u00f3n en los municipios del estado, para beneficiar a los ciudadanos y elevar la calidad de [&hellip;]<\/p>\n","protected":false},"author":42,"featured_media":46773,"comment_status":"open","ping_status":"closed","sticky":false,"template":"","format":"standard","meta":{"om_disable_all_campaigns":false,"inline_featured_image":false,"_monsterinsights_skip_tracking":false,"_monsterinsights_sitenote_active":false,"_monsterinsights_sitenote_note":"","_monsterinsights_sitenote_category":0,"footnotes":""},"categories":[14],"tags":[1940,2411,9277],"class_list":["post-46772","post","type-post","status-publish","format-standard","has-post-thumbnail","hentry","category-construccion","tag-bcs","tag-pavimentacion","tag-sepuit"],"yoast_head":"<!-- This site is optimized with the Yoast SEO plugin v27.4 - https:\/\/yoast.com\/product\/yoast-seo-wordpress\/ -->\n<title>Contin\u00faan trabajos de pavimentaci\u00f3n en BCS -<\/title>\n<meta name=\"description\" content=\"El titular de la Secretar\u00eda de Planeaci\u00f3n Urbana, Infraestructura y Transporte (SEPUIT), Jos\u00e9 Luis Escalera Morf\u00edn, se\u00f1al\u00f3 que la dependencia, contin\u00faa desarrollando las acciones de pavimentaci\u00f3n en los municipios del estado, para beneficiar a los ciudadanos y elevar la calidad de vida de la poblaci\u00f3n.\" \/>\n<meta name=\"robots\" content=\"index, follow, max-snippet:-1, max-image-preview:large, max-video-preview:-1\" \/>\n<link rel=\"canonical\" href=\"https:\/\/centrourbano.com\/revista\/construccion\/continuan-trabajos-pavimentacion-bcs\/\" \/>\n<meta property=\"og:locale\" content=\"es_ES\" \/>\n<meta property=\"og:type\" content=\"article\" \/>\n<meta property=\"og:title\" content=\"Contin\u00faan trabajos de pavimentaci\u00f3n en BCS -\" \/>\n<meta property=\"og:description\" content=\"El titular de la Secretar\u00eda de Planeaci\u00f3n Urbana, Infraestructura y Transporte (SEPUIT), Jos\u00e9 Luis Escalera Morf\u00edn, se\u00f1al\u00f3 que la dependencia, contin\u00faa desarrollando las acciones de pavimentaci\u00f3n en los municipios del estado, para beneficiar a los ciudadanos y elevar la calidad de vida de la poblaci\u00f3n.\" \/>\n<meta property=\"og:url\" content=\"https:\/\/centrourbano.com\/revista\/construccion\/continuan-trabajos-pavimentacion-bcs\/\" \/>\n<meta property=\"og:site_name\" content=\"Centro Urbano\" \/>\n<meta property=\"article:publisher\" content=\"https:\/\/www.facebook.com\/portalcentrourbano\" \/>\n<meta property=\"article:published_time\" content=\"2017-01-05T15:00:46+00:00\" \/>\n<meta property=\"og:image\" content=\"https:\/\/centrourbano.com\/revista\/wp-content\/uploads\/SEPUIT.jpg\" \/>\n\t<meta property=\"og:image:width\" content=\"800\" \/>\n\t<meta property=\"og:image:height\" content=\"449\" \/>\n\t<meta property=\"og:image:type\" content=\"image\/jpeg\" \/>\n<meta name=\"author\" content=\"Priscila D\u00edaz\" \/>\n<meta name=\"twitter:card\" content=\"summary_large_image\" \/>\n<meta name=\"twitter:creator\" content=\"@CentroUrbano\" \/>\n<meta name=\"twitter:site\" content=\"@CentroUrbano\" \/>\n<meta name=\"twitter:label1\" content=\"Escrito por\" \/>\n\t<meta name=\"twitter:data1\" content=\"Priscila D\u00edaz\" \/>\n\t<meta name=\"twitter:label2\" content=\"Tiempo de lectura\" \/>\n\t<meta name=\"twitter:data2\" content=\"1 minuto\" \/>\n<script type=\"application\/ld+json\" class=\"yoast-schema-graph\">{\"@context\":\"https:\\\/\\\/schema.org\",\"@graph\":[{\"@type\":\"Article\",\"@id\":\"https:\\\/\\\/centrourbano.com\\\/revista\\\/construccion\\\/continuan-trabajos-pavimentacion-bcs\\\/#article\",\"isPartOf\":{\"@id\":\"https:\\\/\\\/centrourbano.com\\\/revista\\\/construccion\\\/continuan-trabajos-pavimentacion-bcs\\\/\"},\"author\":{\"name\":\"Priscila D\u00edaz\",\"@id\":\"https:\\\/\\\/centrourbano.com\\\/revista\\\/#\\\/schema\\\/person\\\/20613dd8a7db2b263325af517bc7420c\"},\"headline\":\"Contin\u00faan trabajos de pavimentaci\u00f3n en BCS\",\"datePublished\":\"2017-01-05T15:00:46+00:00\",\"mainEntityOfPage\":{\"@id\":\"https:\\\/\\\/centrourbano.com\\\/revista\\\/construccion\\\/continuan-trabajos-pavimentacion-bcs\\\/\"},\"wordCount\":252,\"commentCount\":0,\"publisher\":{\"@id\":\"https:\\\/\\\/centrourbano.com\\\/revista\\\/#organization\"},\"image\":{\"@id\":\"https:\\\/\\\/centrourbano.com\\\/revista\\\/construccion\\\/continuan-trabajos-pavimentacion-bcs\\\/#primaryimage\"},\"thumbnailUrl\":\"https:\\\/\\\/centrourbano.com\\\/revista\\\/wp-content\\\/uploads\\\/SEPUIT.jpg\",\"keywords\":[\"BCS\",\"Pavimentaci\u00f3n\",\"SEPUIT\"],\"articleSection\":[\"Construcci\u00f3n\"],\"inLanguage\":\"es\",\"potentialAction\":[{\"@type\":\"CommentAction\",\"name\":\"Comment\",\"target\":[\"https:\\\/\\\/centrourbano.com\\\/revista\\\/construccion\\\/continuan-trabajos-pavimentacion-bcs\\\/#respond\"]}]},{\"@type\":\"WebPage\",\"@id\":\"https:\\\/\\\/centrourbano.com\\\/revista\\\/construccion\\\/continuan-trabajos-pavimentacion-bcs\\\/\",\"url\":\"https:\\\/\\\/centrourbano.com\\\/revista\\\/construccion\\\/continuan-trabajos-pavimentacion-bcs\\\/\",\"name\":\"Contin\u00faan trabajos de pavimentaci\u00f3n en BCS -\",\"isPartOf\":{\"@id\":\"https:\\\/\\\/centrourbano.com\\\/revista\\\/#website\"},\"primaryImageOfPage\":{\"@id\":\"https:\\\/\\\/centrourbano.com\\\/revista\\\/construccion\\\/continuan-trabajos-pavimentacion-bcs\\\/#primaryimage\"},\"image\":{\"@id\":\"https:\\\/\\\/centrourbano.com\\\/revista\\\/construccion\\\/continuan-trabajos-pavimentacion-bcs\\\/#primaryimage\"},\"thumbnailUrl\":\"https:\\\/\\\/centrourbano.com\\\/revista\\\/wp-content\\\/uploads\\\/SEPUIT.jpg\",\"datePublished\":\"2017-01-05T15:00:46+00:00\",\"description\":\"El titular de la Secretar\u00eda de Planeaci\u00f3n Urbana, Infraestructura y Transporte (SEPUIT), Jos\u00e9 Luis Escalera Morf\u00edn, se\u00f1al\u00f3 que la dependencia, contin\u00faa desarrollando las acciones de pavimentaci\u00f3n en los municipios del estado, para beneficiar a los ciudadanos y elevar la calidad de vida de la poblaci\u00f3n.\",\"breadcrumb\":{\"@id\":\"https:\\\/\\\/centrourbano.com\\\/revista\\\/construccion\\\/continuan-trabajos-pavimentacion-bcs\\\/#breadcrumb\"},\"inLanguage\":\"es\",\"potentialAction\":[{\"@type\":\"ReadAction\",\"target\":[\"https:\\\/\\\/centrourbano.com\\\/revista\\\/construccion\\\/continuan-trabajos-pavimentacion-bcs\\\/\"]}]},{\"@type\":\"ImageObject\",\"inLanguage\":\"es\",\"@id\":\"https:\\\/\\\/centrourbano.com\\\/revista\\\/construccion\\\/continuan-trabajos-pavimentacion-bcs\\\/#primaryimage\",\"url\":\"https:\\\/\\\/centrourbano.com\\\/revista\\\/wp-content\\\/uploads\\\/SEPUIT.jpg\",\"contentUrl\":\"https:\\\/\\\/centrourbano.com\\\/revista\\\/wp-content\\\/uploads\\\/SEPUIT.jpg\",\"width\":800,\"height\":449},{\"@type\":\"BreadcrumbList\",\"@id\":\"https:\\\/\\\/centrourbano.com\\\/revista\\\/construccion\\\/continuan-trabajos-pavimentacion-bcs\\\/#breadcrumb\",\"itemListElement\":[{\"@type\":\"ListItem\",\"position\":1,\"name\":\"Portada\",\"item\":\"https:\\\/\\\/centrourbano.com\\\/revista\\\/\"},{\"@type\":\"ListItem\",\"position\":2,\"name\":\"Contin\u00faan trabajos de pavimentaci\u00f3n en BCS\"}]},{\"@type\":\"WebSite\",\"@id\":\"https:\\\/\\\/centrourbano.com\\\/revista\\\/#website\",\"url\":\"https:\\\/\\\/centrourbano.com\\\/revista\\\/\",\"name\":\"Centro Urbano\",\"description\":\"Medio especializado en los sectores vivienda, inmobiliario, construcci\u00f3n, arquitectura y urbanismo.\",\"publisher\":{\"@id\":\"https:\\\/\\\/centrourbano.com\\\/revista\\\/#organization\"},\"potentialAction\":[{\"@type\":\"SearchAction\",\"target\":{\"@type\":\"EntryPoint\",\"urlTemplate\":\"https:\\\/\\\/centrourbano.com\\\/revista\\\/?s={search_term_string}\"},\"query-input\":{\"@type\":\"PropertyValueSpecification\",\"valueRequired\":true,\"valueName\":\"search_term_string\"}}],\"inLanguage\":\"es\"},{\"@type\":\"Organization\",\"@id\":\"https:\\\/\\\/centrourbano.com\\\/revista\\\/#organization\",\"name\":\"Centro Urbano\",\"url\":\"https:\\\/\\\/centrourbano.com\\\/revista\\\/\",\"logo\":{\"@type\":\"ImageObject\",\"inLanguage\":\"es\",\"@id\":\"https:\\\/\\\/centrourbano.com\\\/revista\\\/#\\\/schema\\\/logo\\\/image\\\/\",\"url\":\"https:\\\/\\\/centrourbano.com\\\/revista\\\/wp-content\\\/uploads\\\/web_CU_logo-1.png\",\"contentUrl\":\"https:\\\/\\\/centrourbano.com\\\/revista\\\/wp-content\\\/uploads\\\/web_CU_logo-1.png\",\"width\":350,\"height\":91,\"caption\":\"Centro Urbano\"},\"image\":{\"@id\":\"https:\\\/\\\/centrourbano.com\\\/revista\\\/#\\\/schema\\\/logo\\\/image\\\/\"},\"sameAs\":[\"https:\\\/\\\/www.facebook.com\\\/portalcentrourbano\",\"https:\\\/\\\/x.com\\\/CentroUrbano\",\"https:\\\/\\\/www.instagram.com\\\/centro_urbano\\\/\",\"https:\\\/\\\/www.linkedin.com\\\/company\\\/centro-urbano\\\/\",\"http:\\\/\\\/www.youtube.com\\\/user\\\/portalcentrourbano\"]},{\"@type\":\"Person\",\"@id\":\"https:\\\/\\\/centrourbano.com\\\/revista\\\/#\\\/schema\\\/person\\\/20613dd8a7db2b263325af517bc7420c\",\"name\":\"Priscila D\u00edaz\",\"image\":{\"@type\":\"ImageObject\",\"inLanguage\":\"es\",\"@id\":\"https:\\\/\\\/secure.gravatar.com\\\/avatar\\\/bf28a62a51d45b542a0c3fe4c31a60c3887b5037867f58a6225cbf7479b56636?s=96&d=mm&r=g\",\"url\":\"https:\\\/\\\/secure.gravatar.com\\\/avatar\\\/bf28a62a51d45b542a0c3fe4c31a60c3887b5037867f58a6225cbf7479b56636?s=96&d=mm&r=g\",\"contentUrl\":\"https:\\\/\\\/secure.gravatar.com\\\/avatar\\\/bf28a62a51d45b542a0c3fe4c31a60c3887b5037867f58a6225cbf7479b56636?s=96&d=mm&r=g\",\"caption\":\"Priscila D\u00edaz\"},\"url\":\"https:\\\/\\\/centrourbano.com\\\/revista\\\/author\\\/priscila-diaz\\\/\"}]}<\/script>\n<!-- \/ Yoast SEO plugin. -->","yoast_head_json":{"title":"Contin\u00faan trabajos de pavimentaci\u00f3n en BCS -","description":"El titular de la Secretar\u00eda de Planeaci\u00f3n Urbana, Infraestructura y Transporte (SEPUIT), Jos\u00e9 Luis Escalera Morf\u00edn, se\u00f1al\u00f3 que la dependencia, contin\u00faa desarrollando las acciones de pavimentaci\u00f3n en los municipios del estado, para beneficiar a los ciudadanos y elevar la calidad de vida de la poblaci\u00f3n.","robots":{"index":"index","follow":"follow","max-snippet":"max-snippet:-1","max-image-preview":"max-image-preview:large","max-video-preview":"max-video-preview:-1"},"canonical":"https:\/\/centrourbano.com\/revista\/construccion\/continuan-trabajos-pavimentacion-bcs\/","og_locale":"es_ES","og_type":"article","og_title":"Contin\u00faan trabajos de pavimentaci\u00f3n en BCS -","og_description":"El titular de la Secretar\u00eda de Planeaci\u00f3n Urbana, Infraestructura y Transporte (SEPUIT), Jos\u00e9 Luis Escalera Morf\u00edn, se\u00f1al\u00f3 que la dependencia, contin\u00faa desarrollando las acciones de pavimentaci\u00f3n en los municipios del estado, para beneficiar a los ciudadanos y elevar la calidad de vida de la poblaci\u00f3n.","og_url":"https:\/\/centrourbano.com\/revista\/construccion\/continuan-trabajos-pavimentacion-bcs\/","og_site_name":"Centro Urbano","article_publisher":"https:\/\/www.facebook.com\/portalcentrourbano","article_published_time":"2017-01-05T15:00:46+00:00","og_image":[{"width":800,"height":449,"url":"https:\/\/centrourbano.com\/revista\/wp-content\/uploads\/SEPUIT.jpg","type":"image\/jpeg"}],"author":"Priscila D\u00edaz","twitter_card":"summary_large_image","twitter_creator":"@CentroUrbano","twitter_site":"@CentroUrbano","twitter_misc":{"Escrito por":"Priscila D\u00edaz","Tiempo de lectura":"1 minuto"},"schema":{"@context":"https:\/\/schema.org","@graph":[{"@type":"Article","@id":"https:\/\/centrourbano.com\/revista\/construccion\/continuan-trabajos-pavimentacion-bcs\/#article","isPartOf":{"@id":"https:\/\/centrourbano.com\/revista\/construccion\/continuan-trabajos-pavimentacion-bcs\/"},"author":{"name":"Priscila D\u00edaz","@id":"https:\/\/centrourbano.com\/revista\/#\/schema\/person\/20613dd8a7db2b263325af517bc7420c"},"headline":"Contin\u00faan trabajos de pavimentaci\u00f3n en BCS","datePublished":"2017-01-05T15:00:46+00:00","mainEntityOfPage":{"@id":"https:\/\/centrourbano.com\/revista\/construccion\/continuan-trabajos-pavimentacion-bcs\/"},"wordCount":252,"commentCount":0,"publisher":{"@id":"https:\/\/centrourbano.com\/revista\/#organization"},"image":{"@id":"https:\/\/centrourbano.com\/revista\/construccion\/continuan-trabajos-pavimentacion-bcs\/#primaryimage"},"thumbnailUrl":"https:\/\/centrourbano.com\/revista\/wp-content\/uploads\/SEPUIT.jpg","keywords":["BCS","Pavimentaci\u00f3n","SEPUIT"],"articleSection":["Construcci\u00f3n"],"inLanguage":"es","potentialAction":[{"@type":"CommentAction","name":"Comment","target":["https:\/\/centrourbano.com\/revista\/construccion\/continuan-trabajos-pavimentacion-bcs\/#respond"]}]},{"@type":"WebPage","@id":"https:\/\/centrourbano.com\/revista\/construccion\/continuan-trabajos-pavimentacion-bcs\/","url":"https:\/\/centrourbano.com\/revista\/construccion\/continuan-trabajos-pavimentacion-bcs\/","name":"Contin\u00faan trabajos de pavimentaci\u00f3n en BCS -","isPartOf":{"@id":"https:\/\/centrourbano.com\/revista\/#website"},"primaryImageOfPage":{"@id":"https:\/\/centrourbano.com\/revista\/construccion\/continuan-trabajos-pavimentacion-bcs\/#primaryimage"},"image":{"@id":"https:\/\/centrourbano.com\/revista\/construccion\/continuan-trabajos-pavimentacion-bcs\/#primaryimage"},"thumbnailUrl":"https:\/\/centrourbano.com\/revista\/wp-content\/uploads\/SEPUIT.jpg","datePublished":"2017-01-05T15:00:46+00:00","description":"El titular de la Secretar\u00eda de Planeaci\u00f3n Urbana, Infraestructura y Transporte (SEPUIT), Jos\u00e9 Luis Escalera Morf\u00edn, se\u00f1al\u00f3 que la dependencia, contin\u00faa desarrollando las acciones de pavimentaci\u00f3n en los municipios del estado, para beneficiar a los ciudadanos y elevar la calidad de vida de la poblaci\u00f3n.","breadcrumb":{"@id":"https:\/\/centrourbano.com\/revista\/construccion\/continuan-trabajos-pavimentacion-bcs\/#breadcrumb"},"inLanguage":"es","potentialAction":[{"@type":"ReadAction","target":["https:\/\/centrourbano.com\/revista\/construccion\/continuan-trabajos-pavimentacion-bcs\/"]}]},{"@type":"ImageObject","inLanguage":"es","@id":"https:\/\/centrourbano.com\/revista\/construccion\/continuan-trabajos-pavimentacion-bcs\/#primaryimage","url":"https:\/\/centrourbano.com\/revista\/wp-content\/uploads\/SEPUIT.jpg","contentUrl":"https:\/\/centrourbano.com\/revista\/wp-content\/uploads\/SEPUIT.jpg","width":800,"height":449},{"@type":"BreadcrumbList","@id":"https:\/\/centrourbano.com\/revista\/construccion\/continuan-trabajos-pavimentacion-bcs\/#breadcrumb","itemListElement":[{"@type":"ListItem","position":1,"name":"Portada","item":"https:\/\/centrourbano.com\/revista\/"},{"@type":"ListItem","position":2,"name":"Contin\u00faan trabajos de pavimentaci\u00f3n en BCS"}]},{"@type":"WebSite","@id":"https:\/\/centrourbano.com\/revista\/#website","url":"https:\/\/centrourbano.com\/revista\/","name":"Centro Urbano","description":"Medio especializado en los sectores vivienda, inmobiliario, construcci\u00f3n, arquitectura y urbanismo.","publisher":{"@id":"https:\/\/centrourbano.com\/revista\/#organization"},"potentialAction":[{"@type":"SearchAction","target":{"@type":"EntryPoint","urlTemplate":"https:\/\/centrourbano.com\/revista\/?s={search_term_string}"},"query-input":{"@type":"PropertyValueSpecification","valueRequired":true,"valueName":"search_term_string"}}],"inLanguage":"es"},{"@type":"Organization","@id":"https:\/\/centrourbano.com\/revista\/#organization","name":"Centro Urbano","url":"https:\/\/centrourbano.com\/revista\/","logo":{"@type":"ImageObject","inLanguage":"es","@id":"https:\/\/centrourbano.com\/revista\/#\/schema\/logo\/image\/","url":"https:\/\/centrourbano.com\/revista\/wp-content\/uploads\/web_CU_logo-1.png","contentUrl":"https:\/\/centrourbano.com\/revista\/wp-content\/uploads\/web_CU_logo-1.png","width":350,"height":91,"caption":"Centro Urbano"},"image":{"@id":"https:\/\/centrourbano.com\/revista\/#\/schema\/logo\/image\/"},"sameAs":["https:\/\/www.facebook.com\/portalcentrourbano","https:\/\/x.com\/CentroUrbano","https:\/\/www.instagram.com\/centro_urbano\/","https:\/\/www.linkedin.com\/company\/centro-urbano\/","http:\/\/www.youtube.com\/user\/portalcentrourbano"]},{"@type":"Person","@id":"https:\/\/centrourbano.com\/revista\/#\/schema\/person\/20613dd8a7db2b263325af517bc7420c","name":"Priscila D\u00edaz","image":{"@type":"ImageObject","inLanguage":"es","@id":"https:\/\/secure.gravatar.com\/avatar\/bf28a62a51d45b542a0c3fe4c31a60c3887b5037867f58a6225cbf7479b56636?s=96&d=mm&r=g","url":"https:\/\/secure.gravatar.com\/avatar\/bf28a62a51d45b542a0c3fe4c31a60c3887b5037867f58a6225cbf7479b56636?s=96&d=mm&r=g","contentUrl":"https:\/\/secure.gravatar.com\/avatar\/bf28a62a51d45b542a0c3fe4c31a60c3887b5037867f58a6225cbf7479b56636?s=96&d=mm&r=g","caption":"Priscila D\u00edaz"},"url":"https:\/\/centrourbano.com\/revista\/author\/priscila-diaz\/"}]}},"_links":{"self":[{"href":"https:\/\/centrourbano.com\/revista\/wp-json\/wp\/v2\/posts\/46772","targetHints":{"allow":["GET"]}}],"collection":[{"href":"https:\/\/centrourbano.com\/revista\/wp-json\/wp\/v2\/posts"}],"about":[{"href":"https:\/\/centrourbano.com\/revista\/wp-json\/wp\/v2\/types\/post"}],"author":[{"embeddable":true,"href":"https:\/\/centrourbano.com\/revista\/wp-json\/wp\/v2\/users\/42"}],"replies":[{"embeddable":true,"href":"https:\/\/centrourbano.com\/revista\/wp-json\/wp\/v2\/comments?post=46772"}],"version-history":[{"count":0,"href":"https:\/\/centrourbano.com\/revista\/wp-json\/wp\/v2\/posts\/46772\/revisions"}],"wp:featuredmedia":[{"embeddable":true,"href":"https:\/\/centrourbano.com\/revista\/wp-json\/wp\/v2\/media\/46773"}],"wp:attachment":[{"href":"https:\/\/centrourbano.com\/revista\/wp-json\/wp\/v2\/media?parent=46772"}],"wp:term":[{"taxonomy":"category","embeddable":true,"href":"https:\/\/centrourbano.com\/revista\/wp-json\/wp\/v2\/categories?post=46772"},{"taxonomy":"post_tag","embeddable":true,"href":"https:\/\/centrourbano.com\/revista\/wp-json\/wp\/v2\/tags?post=46772"}],"curies":[{"name":"wp","href":"https:\/\/api.w.org\/{rel}","templated":true}]}}