{"id":46747,"date":"2017-01-04T13:01:41","date_gmt":"2017-01-04T19:01:41","guid":{"rendered":"https:\/\/centrourbano.com\/?p=46747"},"modified":"2017-01-04T13:01:41","modified_gmt":"2017-01-04T19:01:41","slug":"consejo-la-union-europea-estrena-nueva-sede","status":"publish","type":"post","link":"https:\/\/centrourbano.com\/revista\/arquitectura-2\/consejo-la-union-europea-estrena-nueva-sede\/","title":{"rendered":"Consejo de la Uni\u00f3n Europea estrena nueva sede"},"content":{"rendered":"<p><em>Se desarrollaron servicios  profesionales de arquitectura, dise\u00f1o de interiores, paisajismo, gesti\u00f3n de proyectos, ingenier\u00eda estructural e ingenier\u00eda de servicios<\/em><!--more--><\/p>\n<p>El estudio de arquitectura Samyn and Partners ha dise\u00f1ado, junto con la firma italiana Studio Valle, la nueva sede del Consejo Europeo y el Consejo de la Uni\u00f3n Europea, misma que cuenta con un gran atrio de cristal en donde se reunir\u00e1n los jefes de Estado y de Gobierno de la UE en las cumbres.<\/p>\n<p>El actual edificio actual, fue planificado a finales de los a\u00f1os ochenta, cuando la UE ten\u00eda 12 Estados miembros, y est\u00e1 en uso desde 1994. \u00c9ste, no fue concebido para albergar reuniones de jefes de Estado o de gobierno, ni para 27 o m\u00e1s Estados miembros. Desde 2008, el n\u00famero de reuniones de Jefes de Estado o de Gobierno en el Justus Lipsius se ha duplicado en promedio, y  desde 2009 acoge cumbres entre la UE y terceros pa\u00edses. <\/p>\n<p>El nuevo edificio, ubicado en el coraz\u00f3n del barrio comunitario de Bruselas y frente a la sede de la Comisi\u00f3n Europea, fue desarrollado en respuesta a la necesidad de aumentar la capacidad en el Consejo Europeo y el Consejo de la Uni\u00f3n Europea a ra\u00edz de la introducci\u00f3n de los nuevos Estados miembros en 2004.<\/p>\n<p>En su interior se esconde una sala central y un colorido techado en arcoiris, firmado por el artista belga Georges Meurant, que pretende alegrar a los pol\u00edticos que gobiernan a m\u00e1s de 500,000,000 de europeos.<\/p>\n<p>Philippe Samyn, principal arquitecto del edificio, se\u00f1al\u00f3 que lo que quer\u00eda era crear una sala de reuniones alegre donde la gente que entra con problemas pueda tener algo de espacio para respirar.<\/p>\n<p>Para llevar a cabo la nueva sede se desarrollaron servicios  profesionales de arquitectura, dise\u00f1o de interiores, paisajismo, gesti\u00f3n de proyectos, ingenier\u00eda estructural e ingenier\u00eda de servicios. <\/p>\n<p>Tras la necesitad de reorganizarse para dar cabida a las sesiones del Consejo Europeo trimestrales y los bi-semanal del Consejo de la UE, as\u00ed como otras conferencias importantes, en 2004 se puso en marcha una competencia para desarrollar un proyecto de arquitectura, seleccionando, en enero de 2005, a 25 equipos de dise\u00f1adores en cooperaci\u00f3n con los edificios de la Agencia Belga. <\/p>\n<p>As\u00ed, el 2 de septiembre de ese mismo a\u00f1o, el equipo de arquitectos e ingenieros compuesto por Philippe Samyn and Partners se adjudica el premio de una final de 6 competidores.<\/p>\n<p>Las fachadas originales, as\u00ed como las salas de entrada y los pasillos de la planta baja, aparecen hoy en d\u00eda como parte del patrimonio cultural de B\u00e9lgica. De acuerdo con la normativa urban\u00edstica, el edificio se extiende en el lado noreste por dos nuevas fachadas para transformar su actual \u00abL\u00bb en un \u00abcubo\u00bb. <\/p>\n<p>Esta zona exterior se convierte en un atrio de cristal, que cubre la entrada principal, as\u00ed como un nuevo volumen en forma de linterna, que se incorpora a las salas de conferencias.<\/p>\n<p>La nueva fachada doble, hecha de un mosaico armonizado de ventanas de doble acristalamiento que proporciona una barrera ac\u00fastica y tambi\u00e9n ofrece aislamiento t\u00e9rmico para el espacio interior. <\/p>\n<p>De hecho, siguiendo las recomendaciones de la UE sobre el ahorro de energ\u00eda, muchos edificios antiguos de toda Europa van a cambiar sus marcos de ventanas a doble acristalamiento en los pr\u00f3ximos a\u00f1os. <\/p>\n<p>El Consejo desea que este edificio sea, desde todos los puntos de vista, un ejemplo en lo que respecta al desarrollo sustentable, lo que se demuestra en muchos aspectos del dise\u00f1o arquitect\u00f3nico y t\u00e9cnico. <\/p>\n<p>A modo de ejemplo, un paraguas de paneles fotovoltaicos para la producci\u00f3n de electricidad abarca tanto la parte moderna como las partes hist\u00f3ricas, que simboliza tambi\u00e9n el v\u00ednculo entre el presente, el pasado y el futuro.<\/p>\n","protected":false},"excerpt":{"rendered":"<p>Se desarrollaron servicios profesionales de arquitectura, dise\u00f1o de interiores, paisajismo, gesti\u00f3n de proyectos, ingenier\u00eda estructural e ingenier\u00eda de servicios<\/p>\n","protected":false},"author":9,"featured_media":46749,"comment_status":"open","ping_status":"closed","sticky":false,"template":"","format":"standard","meta":{"om_disable_all_campaigns":false,"inline_featured_image":false,"_monsterinsights_skip_tracking":false,"_monsterinsights_sitenote_active":false,"_monsterinsights_sitenote_note":"","_monsterinsights_sitenote_category":0,"footnotes":""},"categories":[81],"tags":[20,9270,9271,78,9269,9268,2128],"class_list":["post-46747","post","type-post","status-publish","format-standard","has-post-thumbnail","hentry","category-arquitectura-2","tag-arquitectura","tag-consejo-de-la-union-europea","tag-consejo-europeo","tag-europa","tag-philippe-samyn","tag-samyn-and-partners","tag-union-europea"],"yoast_head":"<!-- This site is optimized with the Yoast SEO plugin v27.5 - https:\/\/yoast.com\/product\/yoast-seo-wordpress\/ -->\n<title>Consejo de la Uni\u00f3n Europea estrena nueva sede<\/title>\n<meta name=\"description\" content=\"Se desarrollaron servicios profesionales de arquitectura, dise\u00f1o de interiores, paisajismo, gesti\u00f3n de proyectos, ingenier\u00eda estructural e ingenier\u00eda de servicios\" \/>\n<meta name=\"robots\" content=\"index, follow, max-snippet:-1, max-image-preview:large, max-video-preview:-1\" \/>\n<link rel=\"canonical\" href=\"https:\/\/centrourbano.com\/revista\/arquitectura-2\/consejo-la-union-europea-estrena-nueva-sede\/\" \/>\n<meta property=\"og:locale\" content=\"es_ES\" \/>\n<meta property=\"og:type\" content=\"article\" \/>\n<meta property=\"og:title\" content=\"Consejo de la Uni\u00f3n Europea estrena nueva sede\" \/>\n<meta property=\"og:description\" content=\"Se desarrollaron servicios profesionales de arquitectura, dise\u00f1o de interiores, paisajismo, gesti\u00f3n de proyectos, ingenier\u00eda estructural e ingenier\u00eda de servicios\" \/>\n<meta property=\"og:url\" content=\"https:\/\/centrourbano.com\/revista\/arquitectura-2\/consejo-la-union-europea-estrena-nueva-sede\/\" \/>\n<meta property=\"og:site_name\" content=\"Centro Urbano\" \/>\n<meta property=\"article:publisher\" content=\"https:\/\/www.facebook.com\/portalcentrourbano\" \/>\n<meta property=\"article:published_time\" content=\"2017-01-04T19:01:41+00:00\" \/>\n<meta property=\"og:image\" content=\"https:\/\/centrourbano.com\/revista\/wp-content\/uploads\/Consejo-de-la-Uni\u00f3n-Europea-estrena-nueva-sede.jpg\" \/>\n\t<meta property=\"og:image:width\" content=\"994\" \/>\n\t<meta property=\"og:image:height\" content=\"700\" \/>\n\t<meta property=\"og:image:type\" content=\"image\/jpeg\" \/>\n<meta name=\"author\" content=\"Dinorah Nava\" \/>\n<meta name=\"twitter:card\" content=\"summary_large_image\" \/>\n<meta name=\"twitter:creator\" content=\"@https:\/\/twitter.com\/Dinorah_Nava28\" \/>\n<meta name=\"twitter:site\" content=\"@CentroUrbano\" \/>\n<meta name=\"twitter:label1\" content=\"Escrito por\" \/>\n\t<meta name=\"twitter:data1\" content=\"Dinorah Nava\" \/>\n\t<meta name=\"twitter:label2\" content=\"Tiempo de lectura\" \/>\n\t<meta name=\"twitter:data2\" content=\"3 minutos\" \/>\n<script type=\"application\/ld+json\" class=\"yoast-schema-graph\">{\"@context\":\"https:\\\/\\\/schema.org\",\"@graph\":[{\"@type\":\"Article\",\"@id\":\"https:\\\/\\\/centrourbano.com\\\/revista\\\/arquitectura-2\\\/consejo-la-union-europea-estrena-nueva-sede\\\/#article\",\"isPartOf\":{\"@id\":\"https:\\\/\\\/centrourbano.com\\\/revista\\\/arquitectura-2\\\/consejo-la-union-europea-estrena-nueva-sede\\\/\"},\"author\":{\"name\":\"Dinorah Nava\",\"@id\":\"https:\\\/\\\/centrourbano.com\\\/revista\\\/#\\\/schema\\\/person\\\/baa9e569588d5544150642a11ad28b8b\"},\"headline\":\"Consejo de la Uni\u00f3n Europea estrena nueva sede\",\"datePublished\":\"2017-01-04T19:01:41+00:00\",\"mainEntityOfPage\":{\"@id\":\"https:\\\/\\\/centrourbano.com\\\/revista\\\/arquitectura-2\\\/consejo-la-union-europea-estrena-nueva-sede\\\/\"},\"wordCount\":650,\"commentCount\":0,\"publisher\":{\"@id\":\"https:\\\/\\\/centrourbano.com\\\/revista\\\/#organization\"},\"image\":{\"@id\":\"https:\\\/\\\/centrourbano.com\\\/revista\\\/arquitectura-2\\\/consejo-la-union-europea-estrena-nueva-sede\\\/#primaryimage\"},\"thumbnailUrl\":\"https:\\\/\\\/centrourbano.com\\\/revista\\\/wp-content\\\/uploads\\\/Consejo-de-la-Uni\u00f3n-Europea-estrena-nueva-sede.jpg\",\"keywords\":[\"arquitectura\",\"Consejo de la Uni\u00f3n Europea\",\"Consejo Europeo\",\"Europa\",\"Philippe Samyn\",\"Samyn and Partners\",\"Uni\u00f3n Europea\"],\"articleSection\":[\"Arquitectura\"],\"inLanguage\":\"es\",\"potentialAction\":[{\"@type\":\"CommentAction\",\"name\":\"Comment\",\"target\":[\"https:\\\/\\\/centrourbano.com\\\/revista\\\/arquitectura-2\\\/consejo-la-union-europea-estrena-nueva-sede\\\/#respond\"]}]},{\"@type\":\"WebPage\",\"@id\":\"https:\\\/\\\/centrourbano.com\\\/revista\\\/arquitectura-2\\\/consejo-la-union-europea-estrena-nueva-sede\\\/\",\"url\":\"https:\\\/\\\/centrourbano.com\\\/revista\\\/arquitectura-2\\\/consejo-la-union-europea-estrena-nueva-sede\\\/\",\"name\":\"Consejo de la Uni\u00f3n Europea estrena nueva sede\",\"isPartOf\":{\"@id\":\"https:\\\/\\\/centrourbano.com\\\/revista\\\/#website\"},\"primaryImageOfPage\":{\"@id\":\"https:\\\/\\\/centrourbano.com\\\/revista\\\/arquitectura-2\\\/consejo-la-union-europea-estrena-nueva-sede\\\/#primaryimage\"},\"image\":{\"@id\":\"https:\\\/\\\/centrourbano.com\\\/revista\\\/arquitectura-2\\\/consejo-la-union-europea-estrena-nueva-sede\\\/#primaryimage\"},\"thumbnailUrl\":\"https:\\\/\\\/centrourbano.com\\\/revista\\\/wp-content\\\/uploads\\\/Consejo-de-la-Uni\u00f3n-Europea-estrena-nueva-sede.jpg\",\"datePublished\":\"2017-01-04T19:01:41+00:00\",\"description\":\"Se desarrollaron servicios profesionales de arquitectura, dise\u00f1o de interiores, paisajismo, gesti\u00f3n de proyectos, ingenier\u00eda estructural e ingenier\u00eda de servicios\",\"breadcrumb\":{\"@id\":\"https:\\\/\\\/centrourbano.com\\\/revista\\\/arquitectura-2\\\/consejo-la-union-europea-estrena-nueva-sede\\\/#breadcrumb\"},\"inLanguage\":\"es\",\"potentialAction\":[{\"@type\":\"ReadAction\",\"target\":[\"https:\\\/\\\/centrourbano.com\\\/revista\\\/arquitectura-2\\\/consejo-la-union-europea-estrena-nueva-sede\\\/\"]}]},{\"@type\":\"ImageObject\",\"inLanguage\":\"es\",\"@id\":\"https:\\\/\\\/centrourbano.com\\\/revista\\\/arquitectura-2\\\/consejo-la-union-europea-estrena-nueva-sede\\\/#primaryimage\",\"url\":\"https:\\\/\\\/centrourbano.com\\\/revista\\\/wp-content\\\/uploads\\\/Consejo-de-la-Uni\u00f3n-Europea-estrena-nueva-sede.jpg\",\"contentUrl\":\"https:\\\/\\\/centrourbano.com\\\/revista\\\/wp-content\\\/uploads\\\/Consejo-de-la-Uni\u00f3n-Europea-estrena-nueva-sede.jpg\",\"width\":994,\"height\":700,\"caption\":\"Se desarrollaron servicios profesionales de arquitectura, dise\u00f1o de interiores, paisajismo, gesti\u00f3n de proyectos, ingenier\u00eda estructural e ingenier\u00eda de servicios Philippe Samyn and Partners architects &amp; engineers, Studio Valle Progettazioni architects, Buro Happold Limited engineers. Photo: Marie-Fran\u00e7oise Plissart.\"},{\"@type\":\"BreadcrumbList\",\"@id\":\"https:\\\/\\\/centrourbano.com\\\/revista\\\/arquitectura-2\\\/consejo-la-union-europea-estrena-nueva-sede\\\/#breadcrumb\",\"itemListElement\":[{\"@type\":\"ListItem\",\"position\":1,\"name\":\"Portada\",\"item\":\"https:\\\/\\\/centrourbano.com\\\/revista\\\/\"},{\"@type\":\"ListItem\",\"position\":2,\"name\":\"Consejo de la Uni\u00f3n Europea estrena nueva sede\"}]},{\"@type\":\"WebSite\",\"@id\":\"https:\\\/\\\/centrourbano.com\\\/revista\\\/#website\",\"url\":\"https:\\\/\\\/centrourbano.com\\\/revista\\\/\",\"name\":\"Centro Urbano\",\"description\":\"Medio especializado en los sectores vivienda, inmobiliario, construcci\u00f3n, arquitectura y urbanismo.\",\"publisher\":{\"@id\":\"https:\\\/\\\/centrourbano.com\\\/revista\\\/#organization\"},\"potentialAction\":[{\"@type\":\"SearchAction\",\"target\":{\"@type\":\"EntryPoint\",\"urlTemplate\":\"https:\\\/\\\/centrourbano.com\\\/revista\\\/?s={search_term_string}\"},\"query-input\":{\"@type\":\"PropertyValueSpecification\",\"valueRequired\":true,\"valueName\":\"search_term_string\"}}],\"inLanguage\":\"es\"},{\"@type\":\"Organization\",\"@id\":\"https:\\\/\\\/centrourbano.com\\\/revista\\\/#organization\",\"name\":\"Centro Urbano\",\"url\":\"https:\\\/\\\/centrourbano.com\\\/revista\\\/\",\"logo\":{\"@type\":\"ImageObject\",\"inLanguage\":\"es\",\"@id\":\"https:\\\/\\\/centrourbano.com\\\/revista\\\/#\\\/schema\\\/logo\\\/image\\\/\",\"url\":\"https:\\\/\\\/centrourbano.com\\\/revista\\\/wp-content\\\/uploads\\\/web_CU_logo-1.png\",\"contentUrl\":\"https:\\\/\\\/centrourbano.com\\\/revista\\\/wp-content\\\/uploads\\\/web_CU_logo-1.png\",\"width\":350,\"height\":91,\"caption\":\"Centro Urbano\"},\"image\":{\"@id\":\"https:\\\/\\\/centrourbano.com\\\/revista\\\/#\\\/schema\\\/logo\\\/image\\\/\"},\"sameAs\":[\"https:\\\/\\\/www.facebook.com\\\/portalcentrourbano\",\"https:\\\/\\\/x.com\\\/CentroUrbano\",\"https:\\\/\\\/www.instagram.com\\\/centro_urbano\\\/\",\"https:\\\/\\\/www.linkedin.com\\\/company\\\/centro-urbano\\\/\",\"http:\\\/\\\/www.youtube.com\\\/user\\\/portalcentrourbano\"]},{\"@type\":\"Person\",\"@id\":\"https:\\\/\\\/centrourbano.com\\\/revista\\\/#\\\/schema\\\/person\\\/baa9e569588d5544150642a11ad28b8b\",\"name\":\"Dinorah Nava\",\"image\":{\"@type\":\"ImageObject\",\"inLanguage\":\"es\",\"@id\":\"https:\\\/\\\/secure.gravatar.com\\\/avatar\\\/f6ca6430c51d147f363940f84e1225aa4b8183885c11802cc3b042305a4ecc1a?s=96&d=mm&r=g\",\"url\":\"https:\\\/\\\/secure.gravatar.com\\\/avatar\\\/f6ca6430c51d147f363940f84e1225aa4b8183885c11802cc3b042305a4ecc1a?s=96&d=mm&r=g\",\"contentUrl\":\"https:\\\/\\\/secure.gravatar.com\\\/avatar\\\/f6ca6430c51d147f363940f84e1225aa4b8183885c11802cc3b042305a4ecc1a?s=96&d=mm&r=g\",\"caption\":\"Dinorah Nava\"},\"description\":\"Editora de Contenidos y Estrategias Digitales en Centro Urbano y Coeditora en Peri\u00f3dico Mi Casa. Egresada de la licenciatura en Comunicaci\u00f3n y Periodismo de la Facultad de Estudios Superiores Arag\u00f3n (UNAM). Amante de la edici\u00f3n y correcci\u00f3n de estilo, las redes sociales y el mundo digital. Especialista en temas son arquitectura, inmobiliario y urbanismo.\",\"sameAs\":[\"linkedin.com\\\/in\\\/dinorah-nava\",\"https:\\\/\\\/x.com\\\/https:\\\/\\\/twitter.com\\\/Dinorah_Nava28\"],\"url\":\"https:\\\/\\\/centrourbano.com\\\/revista\\\/author\\\/dinorah-nava\\\/\"}]}<\/script>\n<!-- \/ Yoast SEO plugin. -->","yoast_head_json":{"title":"Consejo de la Uni\u00f3n Europea estrena nueva sede","description":"Se desarrollaron servicios profesionales de arquitectura, dise\u00f1o de interiores, paisajismo, gesti\u00f3n de proyectos, ingenier\u00eda estructural e ingenier\u00eda de servicios","robots":{"index":"index","follow":"follow","max-snippet":"max-snippet:-1","max-image-preview":"max-image-preview:large","max-video-preview":"max-video-preview:-1"},"canonical":"https:\/\/centrourbano.com\/revista\/arquitectura-2\/consejo-la-union-europea-estrena-nueva-sede\/","og_locale":"es_ES","og_type":"article","og_title":"Consejo de la Uni\u00f3n Europea estrena nueva sede","og_description":"Se desarrollaron servicios profesionales de arquitectura, dise\u00f1o de interiores, paisajismo, gesti\u00f3n de proyectos, ingenier\u00eda estructural e ingenier\u00eda de servicios","og_url":"https:\/\/centrourbano.com\/revista\/arquitectura-2\/consejo-la-union-europea-estrena-nueva-sede\/","og_site_name":"Centro Urbano","article_publisher":"https:\/\/www.facebook.com\/portalcentrourbano","article_published_time":"2017-01-04T19:01:41+00:00","og_image":[{"width":994,"height":700,"url":"https:\/\/centrourbano.com\/revista\/wp-content\/uploads\/Consejo-de-la-Uni\u00f3n-Europea-estrena-nueva-sede.jpg","type":"image\/jpeg"}],"author":"Dinorah Nava","twitter_card":"summary_large_image","twitter_creator":"@https:\/\/twitter.com\/Dinorah_Nava28","twitter_site":"@CentroUrbano","twitter_misc":{"Escrito por":"Dinorah Nava","Tiempo de lectura":"3 minutos"},"schema":{"@context":"https:\/\/schema.org","@graph":[{"@type":"Article","@id":"https:\/\/centrourbano.com\/revista\/arquitectura-2\/consejo-la-union-europea-estrena-nueva-sede\/#article","isPartOf":{"@id":"https:\/\/centrourbano.com\/revista\/arquitectura-2\/consejo-la-union-europea-estrena-nueva-sede\/"},"author":{"name":"Dinorah Nava","@id":"https:\/\/centrourbano.com\/revista\/#\/schema\/person\/baa9e569588d5544150642a11ad28b8b"},"headline":"Consejo de la Uni\u00f3n Europea estrena nueva sede","datePublished":"2017-01-04T19:01:41+00:00","mainEntityOfPage":{"@id":"https:\/\/centrourbano.com\/revista\/arquitectura-2\/consejo-la-union-europea-estrena-nueva-sede\/"},"wordCount":650,"commentCount":0,"publisher":{"@id":"https:\/\/centrourbano.com\/revista\/#organization"},"image":{"@id":"https:\/\/centrourbano.com\/revista\/arquitectura-2\/consejo-la-union-europea-estrena-nueva-sede\/#primaryimage"},"thumbnailUrl":"https:\/\/centrourbano.com\/revista\/wp-content\/uploads\/Consejo-de-la-Uni\u00f3n-Europea-estrena-nueva-sede.jpg","keywords":["arquitectura","Consejo de la Uni\u00f3n Europea","Consejo Europeo","Europa","Philippe Samyn","Samyn and Partners","Uni\u00f3n Europea"],"articleSection":["Arquitectura"],"inLanguage":"es","potentialAction":[{"@type":"CommentAction","name":"Comment","target":["https:\/\/centrourbano.com\/revista\/arquitectura-2\/consejo-la-union-europea-estrena-nueva-sede\/#respond"]}]},{"@type":"WebPage","@id":"https:\/\/centrourbano.com\/revista\/arquitectura-2\/consejo-la-union-europea-estrena-nueva-sede\/","url":"https:\/\/centrourbano.com\/revista\/arquitectura-2\/consejo-la-union-europea-estrena-nueva-sede\/","name":"Consejo de la Uni\u00f3n Europea estrena nueva sede","isPartOf":{"@id":"https:\/\/centrourbano.com\/revista\/#website"},"primaryImageOfPage":{"@id":"https:\/\/centrourbano.com\/revista\/arquitectura-2\/consejo-la-union-europea-estrena-nueva-sede\/#primaryimage"},"image":{"@id":"https:\/\/centrourbano.com\/revista\/arquitectura-2\/consejo-la-union-europea-estrena-nueva-sede\/#primaryimage"},"thumbnailUrl":"https:\/\/centrourbano.com\/revista\/wp-content\/uploads\/Consejo-de-la-Uni\u00f3n-Europea-estrena-nueva-sede.jpg","datePublished":"2017-01-04T19:01:41+00:00","description":"Se desarrollaron servicios profesionales de arquitectura, dise\u00f1o de interiores, paisajismo, gesti\u00f3n de proyectos, ingenier\u00eda estructural e ingenier\u00eda de servicios","breadcrumb":{"@id":"https:\/\/centrourbano.com\/revista\/arquitectura-2\/consejo-la-union-europea-estrena-nueva-sede\/#breadcrumb"},"inLanguage":"es","potentialAction":[{"@type":"ReadAction","target":["https:\/\/centrourbano.com\/revista\/arquitectura-2\/consejo-la-union-europea-estrena-nueva-sede\/"]}]},{"@type":"ImageObject","inLanguage":"es","@id":"https:\/\/centrourbano.com\/revista\/arquitectura-2\/consejo-la-union-europea-estrena-nueva-sede\/#primaryimage","url":"https:\/\/centrourbano.com\/revista\/wp-content\/uploads\/Consejo-de-la-Uni\u00f3n-Europea-estrena-nueva-sede.jpg","contentUrl":"https:\/\/centrourbano.com\/revista\/wp-content\/uploads\/Consejo-de-la-Uni\u00f3n-Europea-estrena-nueva-sede.jpg","width":994,"height":700,"caption":"Se desarrollaron servicios profesionales de arquitectura, dise\u00f1o de interiores, paisajismo, gesti\u00f3n de proyectos, ingenier\u00eda estructural e ingenier\u00eda de servicios Philippe Samyn and Partners architects &amp; engineers, Studio Valle Progettazioni architects, Buro Happold Limited engineers. Photo: Marie-Fran\u00e7oise Plissart."},{"@type":"BreadcrumbList","@id":"https:\/\/centrourbano.com\/revista\/arquitectura-2\/consejo-la-union-europea-estrena-nueva-sede\/#breadcrumb","itemListElement":[{"@type":"ListItem","position":1,"name":"Portada","item":"https:\/\/centrourbano.com\/revista\/"},{"@type":"ListItem","position":2,"name":"Consejo de la Uni\u00f3n Europea estrena nueva sede"}]},{"@type":"WebSite","@id":"https:\/\/centrourbano.com\/revista\/#website","url":"https:\/\/centrourbano.com\/revista\/","name":"Centro Urbano","description":"Medio especializado en los sectores vivienda, inmobiliario, construcci\u00f3n, arquitectura y urbanismo.","publisher":{"@id":"https:\/\/centrourbano.com\/revista\/#organization"},"potentialAction":[{"@type":"SearchAction","target":{"@type":"EntryPoint","urlTemplate":"https:\/\/centrourbano.com\/revista\/?s={search_term_string}"},"query-input":{"@type":"PropertyValueSpecification","valueRequired":true,"valueName":"search_term_string"}}],"inLanguage":"es"},{"@type":"Organization","@id":"https:\/\/centrourbano.com\/revista\/#organization","name":"Centro Urbano","url":"https:\/\/centrourbano.com\/revista\/","logo":{"@type":"ImageObject","inLanguage":"es","@id":"https:\/\/centrourbano.com\/revista\/#\/schema\/logo\/image\/","url":"https:\/\/centrourbano.com\/revista\/wp-content\/uploads\/web_CU_logo-1.png","contentUrl":"https:\/\/centrourbano.com\/revista\/wp-content\/uploads\/web_CU_logo-1.png","width":350,"height":91,"caption":"Centro Urbano"},"image":{"@id":"https:\/\/centrourbano.com\/revista\/#\/schema\/logo\/image\/"},"sameAs":["https:\/\/www.facebook.com\/portalcentrourbano","https:\/\/x.com\/CentroUrbano","https:\/\/www.instagram.com\/centro_urbano\/","https:\/\/www.linkedin.com\/company\/centro-urbano\/","http:\/\/www.youtube.com\/user\/portalcentrourbano"]},{"@type":"Person","@id":"https:\/\/centrourbano.com\/revista\/#\/schema\/person\/baa9e569588d5544150642a11ad28b8b","name":"Dinorah Nava","image":{"@type":"ImageObject","inLanguage":"es","@id":"https:\/\/secure.gravatar.com\/avatar\/f6ca6430c51d147f363940f84e1225aa4b8183885c11802cc3b042305a4ecc1a?s=96&d=mm&r=g","url":"https:\/\/secure.gravatar.com\/avatar\/f6ca6430c51d147f363940f84e1225aa4b8183885c11802cc3b042305a4ecc1a?s=96&d=mm&r=g","contentUrl":"https:\/\/secure.gravatar.com\/avatar\/f6ca6430c51d147f363940f84e1225aa4b8183885c11802cc3b042305a4ecc1a?s=96&d=mm&r=g","caption":"Dinorah Nava"},"description":"Editora de Contenidos y Estrategias Digitales en Centro Urbano y Coeditora en Peri\u00f3dico Mi Casa. Egresada de la licenciatura en Comunicaci\u00f3n y Periodismo de la Facultad de Estudios Superiores Arag\u00f3n (UNAM). Amante de la edici\u00f3n y correcci\u00f3n de estilo, las redes sociales y el mundo digital. Especialista en temas son arquitectura, inmobiliario y urbanismo.","sameAs":["linkedin.com\/in\/dinorah-nava","https:\/\/x.com\/https:\/\/twitter.com\/Dinorah_Nava28"],"url":"https:\/\/centrourbano.com\/revista\/author\/dinorah-nava\/"}]}},"_links":{"self":[{"href":"https:\/\/centrourbano.com\/revista\/wp-json\/wp\/v2\/posts\/46747","targetHints":{"allow":["GET"]}}],"collection":[{"href":"https:\/\/centrourbano.com\/revista\/wp-json\/wp\/v2\/posts"}],"about":[{"href":"https:\/\/centrourbano.com\/revista\/wp-json\/wp\/v2\/types\/post"}],"author":[{"embeddable":true,"href":"https:\/\/centrourbano.com\/revista\/wp-json\/wp\/v2\/users\/9"}],"replies":[{"embeddable":true,"href":"https:\/\/centrourbano.com\/revista\/wp-json\/wp\/v2\/comments?post=46747"}],"version-history":[{"count":0,"href":"https:\/\/centrourbano.com\/revista\/wp-json\/wp\/v2\/posts\/46747\/revisions"}],"wp:featuredmedia":[{"embeddable":true,"href":"https:\/\/centrourbano.com\/revista\/wp-json\/wp\/v2\/media\/46749"}],"wp:attachment":[{"href":"https:\/\/centrourbano.com\/revista\/wp-json\/wp\/v2\/media?parent=46747"}],"wp:term":[{"taxonomy":"category","embeddable":true,"href":"https:\/\/centrourbano.com\/revista\/wp-json\/wp\/v2\/categories?post=46747"},{"taxonomy":"post_tag","embeddable":true,"href":"https:\/\/centrourbano.com\/revista\/wp-json\/wp\/v2\/tags?post=46747"}],"curies":[{"name":"wp","href":"https:\/\/api.w.org\/{rel}","templated":true}]}}