{"id":46462,"date":"2016-12-30T13:48:51","date_gmt":"2016-12-30T19:48:51","guid":{"rendered":"https:\/\/centrourbano.com\/?p=46462"},"modified":"2016-12-30T13:48:51","modified_gmt":"2016-12-30T19:48:51","slug":"nuevo-leon-rehabilitara-51-avenidas-12-municipios","status":"publish","type":"post","link":"https:\/\/centrourbano.com\/revista\/construccion\/nuevo-leon-rehabilitara-51-avenidas-12-municipios\/","title":{"rendered":"Nuevo Le\u00f3n rehabilitar\u00e1 51 avenidas de 12 municipios"},"content":{"rendered":"<p><em>Los trabajos iniciar\u00e1n el pr\u00f3ximo 4 de enero de 2017 y se pretende concluir en el mes de junio<\/em><!--more--><\/p>\n<p>En d\u00edas pasados la Secretar\u00eda de Infraestructura de Nuevo Le\u00f3n llev\u00f3 a cabo simulacros de cierres viales, previos al arranque de obras de rehabilitaci\u00f3n de 51 avenidas de un total de 12 municipios de la entidad.<\/p>\n<p>Las obras de infraestructura ser\u00e1n supervisadas de forma externa por el Tecnol\u00f3gico de Monterrey y la Universidad Aut\u00f3noma de Nuevo Le\u00f3n, que comprobar\u00e1n la calidad con la que se realizar\u00e1n los trabajos.<\/p>\n<p>Los simulacros de dichos trabajos se realizaron en coordinaci\u00f3n con las secretar\u00edas de Obras P\u00fablicas, as\u00ed como de Vialidad y Tr\u00e1nsito municipales, y su objetivo es evitar molestias a los ciudadanos que com\u00fanmente usan estas vialidades.<\/p>\n<p>As\u00ed lo indic\u00f3 Humberto Torres, titular de la Secretar\u00eda de Infraestructura, al explicar que lo que se busca es evitar las menores afectaciones dentro de lo posible, ya que son obras que van a estar realiz\u00e1ndose simult\u00e1neamente en 12 municipios.<\/p>\n<p>El funcionario se\u00f1al\u00f3 que al realizar este tipo de ejercicios, se pretende obtener informaci\u00f3n sobre el n\u00famero de patrullas necesarias para el tramo en particular, n\u00famero de personal que se requiere, adem\u00e1s de la cantidad de se\u00f1alizaci\u00f3n como trafitambos, conos, se\u00f1ales luminosas y posicionamiento de las se\u00f1ales.<\/p>\n<p>Los trabajos de rehabilitaci\u00f3n de pavimentos iniciar\u00e1n el pr\u00f3ximo 4 de enero de 2017 y se pretende concluir en el mes de junio. El presupuesto de 906,000,000 de pesos que se utilizar\u00e1 para estas obras es de recursos del fondo de 2016. <\/p>\n<p>Los municipios donde se aplicar\u00e1n los recursos del Fondo Metropolitano 2016 son:<\/p>\n<p>Apodaca: Carretera a Miguel Alem\u00e1n, desde el Arco Vial hasta los l\u00edmites con San Nicol\u00e1s; Carlos Salinas de Gortari, desde Mariano Escobedo a L\u00edmite con San Nicol\u00e1s, y la Avenida Humberto Ramos Lozano desde Reforma hasta Avenida Rub\u00ed.<\/p>\n<p>Cadereyta: Carretera a Reynosa en su l\u00edmite con Ju\u00e1rez del kil\u00f3metro 0+000 al kil\u00f3metro 1833.<\/p>\n<p>Garc\u00eda: Avenida Heberto Castillo, desde el kil\u00f3metro 3 al kil\u00f3metro 4; Heberto Castillo del kil\u00f3metro 6.0 al kil\u00f3metro 7.4 y Colosio del kil\u00f3metro 0.0 al kil\u00f3metro 1.2.<\/p>\n<p>Escobedo: Avenida Acueducto, desde Plinio de Ordo\u00f1ez a Palma, en su l\u00edmite con Eucalipto a Sendero; Sendero Lateral Norte desde Carretera a Colombia a Manuel Barrag\u00e1n; Rep\u00fablica Mexicana de Concordia a Sendero; Plinio de Ordo\u00f1ez desde Ra\u00fal Salinas a Acueducto; Plinio de Ordo\u00f1ez de Acueducto a Useca; Las Torres de Avenida Monterrey a Santa \u00darsula; Las Torres de Sendero a Manuel Barrag\u00e1n y Concordia de Carretera a Laredo a Carretera a Colombia.<\/p>\n<p>Guadalupe: Avenida Ju\u00e1rez, de Morones Prieto a L\u00f3pez Mateos; Ruiz Cortines de Juan Pablo II a Israel Cavazos; Acapulco de Melchor Ocampo a Mixcoac; Azteca de Morones Prieto a Exposici\u00f3n; L\u00f3pez Mateos desde Ju\u00e1rez a Ruiz Cortines, Israel Cavazos desde Eloy Cavazos a Rancho del Llano; Pablo Livas de Calle Lila a Seraf\u00edn Pe\u00f1a; Pablo Livas de Tolteca a Puente La Pastora; Chapultepec de Central de Abastos a Florida; Eloy Cavazos de Las Am\u00e9ricas a Coahuila; Acueducto de Israel Cavazos a Coahuila; y Jardines de la Silla desde Israel Cavazos a Pihuamano.<\/p>\n<p>Ju\u00e1rez: Carretera a Reynosa desde 20 de Noviembre a Libramiento Julio Cisneros; Carretera a Reynosa de Libramiento Julio Cisneros a Te\u00f3filo Salinas; Carretera a Reynosa de Te\u00f3filo Salinas a Cadenamiento 0+3883; Acueducto de avenida Coahuila a Diego de Montemayor; Libramiento Julio Cisneros de Te\u00f3filo Salinas Garza a Agust\u00edn Melgar; Carretera Ju\u00e1rez-Apodaca del Rio Santa Catarina lado Norte a Real de San Pablo; San Roque de Paseo de las Gardenias a Monte Kristal y Carretera Ju\u00e1rez-San Mateo de Carretera a Reynosa a Libramiento Julio Cisneros.<\/p>\n<p>Monterrey: Aar\u00f3n S\u00e1enz de Rogelio Cant\u00fa a Pablo Gonz\u00e1lez (concreto); Pablo Gonz\u00e1lez de l\u00edmites con Santa Catarina a Calzada San Pedro y Pablo Gonz\u00e1lez de Calzada San Pedro a Calzada Madero (concreto); F\u00e9lix U G\u00f3mez, Francisco Villa.<\/p>\n<p>Salinas Victoria: Carretera a Salinas Victoria desde carretera a Laredo 0+500.<br \/>\nSan Nicol\u00e1s: Diego D\u00edaz de Berlanga, desde Los \u00c1ngeles a Santo Domingo; R\u00f3mulo Garza de Los \u00c1ngeles a Juan Pablo II; Adolfo L\u00f3pez Mateos de Los \u00c1ngeles a L\u00edmites con Apodaca; Nogalar Sur de Universidad a L\u00f3pez Mateos; Santo Domingo de Arturo B. de la Garza a Diego D\u00edaz de Berlanga; Rep\u00fablica Mexicana de Jorge Trevi\u00f1o a Sendero; Universidad de Juan Pablo II a Sendero; Manuel L. Barrag\u00e1n de Monterrey a Lerdo de Tejada; Las Torres desde Manuel L. Barrag\u00e1n a Sendero; Arturo B. de La Garza desde Jorge Trevi\u00f1o a Sendero y la Avenida de la Juventud, desde Adolfo L\u00f3pez Mateos a Cristina Larralde.<br \/>\nSan Pedro: Morones Prieto desde Corregidora a L\u00edmite con Monterrey; Morones Prieto desde Corregidora a l\u00edmites con Monterrey; L\u00e1zaro C\u00e1rdenas desde G\u00f3mez Mor\u00edn a l\u00edmites con Monterrey; Mar\u00eda Cant\u00fa Trevi\u00f1o desde Jim\u00e9nez.<\/p>\n<p>Santa Catarina: Gustavo D\u00edaz Ordaz desde Cromo a Genaro Sep\u00falveda; Carretera Monterrey Saltillo de Logro\u00f1o a l\u00edmite con Garc\u00eda; Luis Donaldo Colosio Norte de Libramiento Noreste a Perimetral Oriente y Luis Donaldo Colosio Sur de Libramiento Noreste a Perimetral Oriente.<\/p>\n<p>Santiago: Calle Camino Real en la congregaci\u00f3n de El Barro.<\/p>\n","protected":false},"excerpt":{"rendered":"<p>Los trabajos iniciar\u00e1n el pr\u00f3ximo 4 de enero de 2017 y se pretende concluir en el mes de junio<\/p>\n","protected":false},"author":9,"featured_media":46463,"comment_status":"open","ping_status":"closed","sticky":false,"template":"","format":"standard","meta":{"om_disable_all_campaigns":false,"inline_featured_image":false,"_monsterinsights_skip_tracking":false,"_monsterinsights_sitenote_active":false,"_monsterinsights_sitenote_note":"","_monsterinsights_sitenote_category":0,"footnotes":""},"categories":[14],"tags":[7280,203,188,5893],"class_list":["post-46462","post","type-post","status-publish","format-standard","has-post-thumbnail","hentry","category-construccion","tag-avenidas","tag-carretera","tag-nuevo-leon","tag-secretaria-de-infraestructura"],"yoast_head":"<!-- This site is optimized with the Yoast SEO plugin v27.4 - https:\/\/yoast.com\/product\/yoast-seo-wordpress\/ -->\n<title>Nuevo Le\u00f3n rehabilitar\u00e1 51 avenidas de 12 municipios<\/title>\n<meta name=\"description\" content=\"Los trabajos iniciar\u00e1n el pr\u00f3ximo 4 de enero de 2017 y se pretende concluir en el mes de junio\" \/>\n<meta name=\"robots\" content=\"index, follow, max-snippet:-1, max-image-preview:large, max-video-preview:-1\" \/>\n<link rel=\"canonical\" href=\"https:\/\/centrourbano.com\/revista\/construccion\/nuevo-leon-rehabilitara-51-avenidas-12-municipios\/\" \/>\n<meta property=\"og:locale\" content=\"es_ES\" \/>\n<meta property=\"og:type\" content=\"article\" \/>\n<meta property=\"og:title\" content=\"Nuevo Le\u00f3n rehabilitar\u00e1 51 avenidas de 12 municipios\" \/>\n<meta property=\"og:description\" content=\"Los trabajos iniciar\u00e1n el pr\u00f3ximo 4 de enero de 2017 y se pretende concluir en el mes de junio\" \/>\n<meta property=\"og:url\" content=\"https:\/\/centrourbano.com\/revista\/construccion\/nuevo-leon-rehabilitara-51-avenidas-12-municipios\/\" \/>\n<meta property=\"og:site_name\" content=\"Centro Urbano\" \/>\n<meta property=\"article:publisher\" content=\"https:\/\/www.facebook.com\/portalcentrourbano\" \/>\n<meta property=\"article:published_time\" content=\"2016-12-30T19:48:51+00:00\" \/>\n<meta property=\"og:image\" content=\"https:\/\/centrourbano.com\/revista\/wp-content\/uploads\/Nuevo-Le\u00f3n-rehabilitar\u00e1-51-avenidas-de-12-municipios.jpg\" \/>\n\t<meta property=\"og:image:width\" content=\"800\" \/>\n\t<meta property=\"og:image:height\" content=\"533\" \/>\n\t<meta property=\"og:image:type\" content=\"image\/jpeg\" \/>\n<meta name=\"author\" content=\"Dinorah Nava\" \/>\n<meta name=\"twitter:card\" content=\"summary_large_image\" \/>\n<meta name=\"twitter:creator\" content=\"@https:\/\/twitter.com\/Dinorah_Nava28\" \/>\n<meta name=\"twitter:site\" content=\"@CentroUrbano\" \/>\n<meta name=\"twitter:label1\" content=\"Escrito por\" \/>\n\t<meta name=\"twitter:data1\" content=\"Dinorah Nava\" \/>\n\t<meta name=\"twitter:label2\" content=\"Tiempo de lectura\" \/>\n\t<meta name=\"twitter:data2\" content=\"5 minutos\" \/>\n<script type=\"application\/ld+json\" class=\"yoast-schema-graph\">{\"@context\":\"https:\\\/\\\/schema.org\",\"@graph\":[{\"@type\":\"Article\",\"@id\":\"https:\\\/\\\/centrourbano.com\\\/revista\\\/construccion\\\/nuevo-leon-rehabilitara-51-avenidas-12-municipios\\\/#article\",\"isPartOf\":{\"@id\":\"https:\\\/\\\/centrourbano.com\\\/revista\\\/construccion\\\/nuevo-leon-rehabilitara-51-avenidas-12-municipios\\\/\"},\"author\":{\"name\":\"Dinorah Nava\",\"@id\":\"https:\\\/\\\/centrourbano.com\\\/revista\\\/#\\\/schema\\\/person\\\/b45db815d96831257ba428a3d5a5fbdc\"},\"headline\":\"Nuevo Le\u00f3n rehabilitar\u00e1 51 avenidas de 12 municipios\",\"datePublished\":\"2016-12-30T19:48:51+00:00\",\"mainEntityOfPage\":{\"@id\":\"https:\\\/\\\/centrourbano.com\\\/revista\\\/construccion\\\/nuevo-leon-rehabilitara-51-avenidas-12-municipios\\\/\"},\"wordCount\":922,\"commentCount\":0,\"publisher\":{\"@id\":\"https:\\\/\\\/centrourbano.com\\\/revista\\\/#organization\"},\"image\":{\"@id\":\"https:\\\/\\\/centrourbano.com\\\/revista\\\/construccion\\\/nuevo-leon-rehabilitara-51-avenidas-12-municipios\\\/#primaryimage\"},\"thumbnailUrl\":\"https:\\\/\\\/centrourbano.com\\\/revista\\\/wp-content\\\/uploads\\\/Nuevo-Le\u00f3n-rehabilitar\u00e1-51-avenidas-de-12-municipios.jpg\",\"keywords\":[\"Avenidas\",\"carretera\",\"Nuevo Le\u00f3n\",\"Secretar\u00eda de Infraestructura\"],\"articleSection\":[\"Construcci\u00f3n\"],\"inLanguage\":\"es\",\"potentialAction\":[{\"@type\":\"CommentAction\",\"name\":\"Comment\",\"target\":[\"https:\\\/\\\/centrourbano.com\\\/revista\\\/construccion\\\/nuevo-leon-rehabilitara-51-avenidas-12-municipios\\\/#respond\"]}]},{\"@type\":\"WebPage\",\"@id\":\"https:\\\/\\\/centrourbano.com\\\/revista\\\/construccion\\\/nuevo-leon-rehabilitara-51-avenidas-12-municipios\\\/\",\"url\":\"https:\\\/\\\/centrourbano.com\\\/revista\\\/construccion\\\/nuevo-leon-rehabilitara-51-avenidas-12-municipios\\\/\",\"name\":\"Nuevo Le\u00f3n rehabilitar\u00e1 51 avenidas de 12 municipios\",\"isPartOf\":{\"@id\":\"https:\\\/\\\/centrourbano.com\\\/revista\\\/#website\"},\"primaryImageOfPage\":{\"@id\":\"https:\\\/\\\/centrourbano.com\\\/revista\\\/construccion\\\/nuevo-leon-rehabilitara-51-avenidas-12-municipios\\\/#primaryimage\"},\"image\":{\"@id\":\"https:\\\/\\\/centrourbano.com\\\/revista\\\/construccion\\\/nuevo-leon-rehabilitara-51-avenidas-12-municipios\\\/#primaryimage\"},\"thumbnailUrl\":\"https:\\\/\\\/centrourbano.com\\\/revista\\\/wp-content\\\/uploads\\\/Nuevo-Le\u00f3n-rehabilitar\u00e1-51-avenidas-de-12-municipios.jpg\",\"datePublished\":\"2016-12-30T19:48:51+00:00\",\"description\":\"Los trabajos iniciar\u00e1n el pr\u00f3ximo 4 de enero de 2017 y se pretende concluir en el mes de junio\",\"breadcrumb\":{\"@id\":\"https:\\\/\\\/centrourbano.com\\\/revista\\\/construccion\\\/nuevo-leon-rehabilitara-51-avenidas-12-municipios\\\/#breadcrumb\"},\"inLanguage\":\"es\",\"potentialAction\":[{\"@type\":\"ReadAction\",\"target\":[\"https:\\\/\\\/centrourbano.com\\\/revista\\\/construccion\\\/nuevo-leon-rehabilitara-51-avenidas-12-municipios\\\/\"]}]},{\"@type\":\"ImageObject\",\"inLanguage\":\"es\",\"@id\":\"https:\\\/\\\/centrourbano.com\\\/revista\\\/construccion\\\/nuevo-leon-rehabilitara-51-avenidas-12-municipios\\\/#primaryimage\",\"url\":\"https:\\\/\\\/centrourbano.com\\\/revista\\\/wp-content\\\/uploads\\\/Nuevo-Le\u00f3n-rehabilitar\u00e1-51-avenidas-de-12-municipios.jpg\",\"contentUrl\":\"https:\\\/\\\/centrourbano.com\\\/revista\\\/wp-content\\\/uploads\\\/Nuevo-Le\u00f3n-rehabilitar\u00e1-51-avenidas-de-12-municipios.jpg\",\"width\":800,\"height\":533,\"caption\":\"Los trabajos iniciar\u00e1n el pr\u00f3ximo 4 de enero de 2017 y se pretende concluir en el mes de junio\"},{\"@type\":\"BreadcrumbList\",\"@id\":\"https:\\\/\\\/centrourbano.com\\\/revista\\\/construccion\\\/nuevo-leon-rehabilitara-51-avenidas-12-municipios\\\/#breadcrumb\",\"itemListElement\":[{\"@type\":\"ListItem\",\"position\":1,\"name\":\"Portada\",\"item\":\"https:\\\/\\\/centrourbano.com\\\/revista\\\/\"},{\"@type\":\"ListItem\",\"position\":2,\"name\":\"Nuevo Le\u00f3n rehabilitar\u00e1 51 avenidas de 12 municipios\"}]},{\"@type\":\"WebSite\",\"@id\":\"https:\\\/\\\/centrourbano.com\\\/revista\\\/#website\",\"url\":\"https:\\\/\\\/centrourbano.com\\\/revista\\\/\",\"name\":\"Centro Urbano\",\"description\":\"Medio especializado en los sectores vivienda, inmobiliario, construcci\u00f3n, arquitectura y urbanismo.\",\"publisher\":{\"@id\":\"https:\\\/\\\/centrourbano.com\\\/revista\\\/#organization\"},\"potentialAction\":[{\"@type\":\"SearchAction\",\"target\":{\"@type\":\"EntryPoint\",\"urlTemplate\":\"https:\\\/\\\/centrourbano.com\\\/revista\\\/?s={search_term_string}\"},\"query-input\":{\"@type\":\"PropertyValueSpecification\",\"valueRequired\":true,\"valueName\":\"search_term_string\"}}],\"inLanguage\":\"es\"},{\"@type\":\"Organization\",\"@id\":\"https:\\\/\\\/centrourbano.com\\\/revista\\\/#organization\",\"name\":\"Centro Urbano\",\"url\":\"https:\\\/\\\/centrourbano.com\\\/revista\\\/\",\"logo\":{\"@type\":\"ImageObject\",\"inLanguage\":\"es\",\"@id\":\"https:\\\/\\\/centrourbano.com\\\/revista\\\/#\\\/schema\\\/logo\\\/image\\\/\",\"url\":\"https:\\\/\\\/centrourbano.com\\\/revista\\\/wp-content\\\/uploads\\\/web_CU_logo-1.png\",\"contentUrl\":\"https:\\\/\\\/centrourbano.com\\\/revista\\\/wp-content\\\/uploads\\\/web_CU_logo-1.png\",\"width\":350,\"height\":91,\"caption\":\"Centro Urbano\"},\"image\":{\"@id\":\"https:\\\/\\\/centrourbano.com\\\/revista\\\/#\\\/schema\\\/logo\\\/image\\\/\"},\"sameAs\":[\"https:\\\/\\\/www.facebook.com\\\/portalcentrourbano\",\"https:\\\/\\\/x.com\\\/CentroUrbano\",\"https:\\\/\\\/www.instagram.com\\\/centro_urbano\\\/\",\"https:\\\/\\\/www.linkedin.com\\\/company\\\/centro-urbano\\\/\",\"http:\\\/\\\/www.youtube.com\\\/user\\\/portalcentrourbano\"]},{\"@type\":\"Person\",\"@id\":\"https:\\\/\\\/centrourbano.com\\\/revista\\\/#\\\/schema\\\/person\\\/b45db815d96831257ba428a3d5a5fbdc\",\"name\":\"Dinorah Nava\",\"image\":{\"@type\":\"ImageObject\",\"inLanguage\":\"es\",\"@id\":\"https:\\\/\\\/secure.gravatar.com\\\/avatar\\\/f6ca6430c51d147f363940f84e1225aa4b8183885c11802cc3b042305a4ecc1a?s=96&d=mm&r=g\",\"url\":\"https:\\\/\\\/secure.gravatar.com\\\/avatar\\\/f6ca6430c51d147f363940f84e1225aa4b8183885c11802cc3b042305a4ecc1a?s=96&d=mm&r=g\",\"contentUrl\":\"https:\\\/\\\/secure.gravatar.com\\\/avatar\\\/f6ca6430c51d147f363940f84e1225aa4b8183885c11802cc3b042305a4ecc1a?s=96&d=mm&r=g\",\"caption\":\"Dinorah Nava\"},\"description\":\"Editora de Contenidos y Estrategias Digitales en Centro Urbano y Coeditora en Peri\u00f3dico Mi Casa. Egresada de la licenciatura en Comunicaci\u00f3n y Periodismo de la Facultad de Estudios Superiores Arag\u00f3n (UNAM). Amante de la edici\u00f3n y correcci\u00f3n de estilo, las redes sociales y el mundo digital. Especialista en temas son arquitectura, inmobiliario y urbanismo.\",\"sameAs\":[\"linkedin.com\\\/in\\\/dinorah-nava\",\"https:\\\/\\\/x.com\\\/https:\\\/\\\/twitter.com\\\/Dinorah_Nava28\"],\"url\":\"https:\\\/\\\/centrourbano.com\\\/revista\\\/author\\\/dinorah-nava\\\/\"}]}<\/script>\n<!-- \/ Yoast SEO plugin. -->","yoast_head_json":{"title":"Nuevo Le\u00f3n rehabilitar\u00e1 51 avenidas de 12 municipios","description":"Los trabajos iniciar\u00e1n el pr\u00f3ximo 4 de enero de 2017 y se pretende concluir en el mes de junio","robots":{"index":"index","follow":"follow","max-snippet":"max-snippet:-1","max-image-preview":"max-image-preview:large","max-video-preview":"max-video-preview:-1"},"canonical":"https:\/\/centrourbano.com\/revista\/construccion\/nuevo-leon-rehabilitara-51-avenidas-12-municipios\/","og_locale":"es_ES","og_type":"article","og_title":"Nuevo Le\u00f3n rehabilitar\u00e1 51 avenidas de 12 municipios","og_description":"Los trabajos iniciar\u00e1n el pr\u00f3ximo 4 de enero de 2017 y se pretende concluir en el mes de junio","og_url":"https:\/\/centrourbano.com\/revista\/construccion\/nuevo-leon-rehabilitara-51-avenidas-12-municipios\/","og_site_name":"Centro Urbano","article_publisher":"https:\/\/www.facebook.com\/portalcentrourbano","article_published_time":"2016-12-30T19:48:51+00:00","og_image":[{"width":800,"height":533,"url":"https:\/\/centrourbano.com\/revista\/wp-content\/uploads\/Nuevo-Le\u00f3n-rehabilitar\u00e1-51-avenidas-de-12-municipios.jpg","type":"image\/jpeg"}],"author":"Dinorah Nava","twitter_card":"summary_large_image","twitter_creator":"@https:\/\/twitter.com\/Dinorah_Nava28","twitter_site":"@CentroUrbano","twitter_misc":{"Escrito por":"Dinorah Nava","Tiempo de lectura":"5 minutos"},"schema":{"@context":"https:\/\/schema.org","@graph":[{"@type":"Article","@id":"https:\/\/centrourbano.com\/revista\/construccion\/nuevo-leon-rehabilitara-51-avenidas-12-municipios\/#article","isPartOf":{"@id":"https:\/\/centrourbano.com\/revista\/construccion\/nuevo-leon-rehabilitara-51-avenidas-12-municipios\/"},"author":{"name":"Dinorah Nava","@id":"https:\/\/centrourbano.com\/revista\/#\/schema\/person\/b45db815d96831257ba428a3d5a5fbdc"},"headline":"Nuevo Le\u00f3n rehabilitar\u00e1 51 avenidas de 12 municipios","datePublished":"2016-12-30T19:48:51+00:00","mainEntityOfPage":{"@id":"https:\/\/centrourbano.com\/revista\/construccion\/nuevo-leon-rehabilitara-51-avenidas-12-municipios\/"},"wordCount":922,"commentCount":0,"publisher":{"@id":"https:\/\/centrourbano.com\/revista\/#organization"},"image":{"@id":"https:\/\/centrourbano.com\/revista\/construccion\/nuevo-leon-rehabilitara-51-avenidas-12-municipios\/#primaryimage"},"thumbnailUrl":"https:\/\/centrourbano.com\/revista\/wp-content\/uploads\/Nuevo-Le\u00f3n-rehabilitar\u00e1-51-avenidas-de-12-municipios.jpg","keywords":["Avenidas","carretera","Nuevo Le\u00f3n","Secretar\u00eda de Infraestructura"],"articleSection":["Construcci\u00f3n"],"inLanguage":"es","potentialAction":[{"@type":"CommentAction","name":"Comment","target":["https:\/\/centrourbano.com\/revista\/construccion\/nuevo-leon-rehabilitara-51-avenidas-12-municipios\/#respond"]}]},{"@type":"WebPage","@id":"https:\/\/centrourbano.com\/revista\/construccion\/nuevo-leon-rehabilitara-51-avenidas-12-municipios\/","url":"https:\/\/centrourbano.com\/revista\/construccion\/nuevo-leon-rehabilitara-51-avenidas-12-municipios\/","name":"Nuevo Le\u00f3n rehabilitar\u00e1 51 avenidas de 12 municipios","isPartOf":{"@id":"https:\/\/centrourbano.com\/revista\/#website"},"primaryImageOfPage":{"@id":"https:\/\/centrourbano.com\/revista\/construccion\/nuevo-leon-rehabilitara-51-avenidas-12-municipios\/#primaryimage"},"image":{"@id":"https:\/\/centrourbano.com\/revista\/construccion\/nuevo-leon-rehabilitara-51-avenidas-12-municipios\/#primaryimage"},"thumbnailUrl":"https:\/\/centrourbano.com\/revista\/wp-content\/uploads\/Nuevo-Le\u00f3n-rehabilitar\u00e1-51-avenidas-de-12-municipios.jpg","datePublished":"2016-12-30T19:48:51+00:00","description":"Los trabajos iniciar\u00e1n el pr\u00f3ximo 4 de enero de 2017 y se pretende concluir en el mes de junio","breadcrumb":{"@id":"https:\/\/centrourbano.com\/revista\/construccion\/nuevo-leon-rehabilitara-51-avenidas-12-municipios\/#breadcrumb"},"inLanguage":"es","potentialAction":[{"@type":"ReadAction","target":["https:\/\/centrourbano.com\/revista\/construccion\/nuevo-leon-rehabilitara-51-avenidas-12-municipios\/"]}]},{"@type":"ImageObject","inLanguage":"es","@id":"https:\/\/centrourbano.com\/revista\/construccion\/nuevo-leon-rehabilitara-51-avenidas-12-municipios\/#primaryimage","url":"https:\/\/centrourbano.com\/revista\/wp-content\/uploads\/Nuevo-Le\u00f3n-rehabilitar\u00e1-51-avenidas-de-12-municipios.jpg","contentUrl":"https:\/\/centrourbano.com\/revista\/wp-content\/uploads\/Nuevo-Le\u00f3n-rehabilitar\u00e1-51-avenidas-de-12-municipios.jpg","width":800,"height":533,"caption":"Los trabajos iniciar\u00e1n el pr\u00f3ximo 4 de enero de 2017 y se pretende concluir en el mes de junio"},{"@type":"BreadcrumbList","@id":"https:\/\/centrourbano.com\/revista\/construccion\/nuevo-leon-rehabilitara-51-avenidas-12-municipios\/#breadcrumb","itemListElement":[{"@type":"ListItem","position":1,"name":"Portada","item":"https:\/\/centrourbano.com\/revista\/"},{"@type":"ListItem","position":2,"name":"Nuevo Le\u00f3n rehabilitar\u00e1 51 avenidas de 12 municipios"}]},{"@type":"WebSite","@id":"https:\/\/centrourbano.com\/revista\/#website","url":"https:\/\/centrourbano.com\/revista\/","name":"Centro Urbano","description":"Medio especializado en los sectores vivienda, inmobiliario, construcci\u00f3n, arquitectura y urbanismo.","publisher":{"@id":"https:\/\/centrourbano.com\/revista\/#organization"},"potentialAction":[{"@type":"SearchAction","target":{"@type":"EntryPoint","urlTemplate":"https:\/\/centrourbano.com\/revista\/?s={search_term_string}"},"query-input":{"@type":"PropertyValueSpecification","valueRequired":true,"valueName":"search_term_string"}}],"inLanguage":"es"},{"@type":"Organization","@id":"https:\/\/centrourbano.com\/revista\/#organization","name":"Centro Urbano","url":"https:\/\/centrourbano.com\/revista\/","logo":{"@type":"ImageObject","inLanguage":"es","@id":"https:\/\/centrourbano.com\/revista\/#\/schema\/logo\/image\/","url":"https:\/\/centrourbano.com\/revista\/wp-content\/uploads\/web_CU_logo-1.png","contentUrl":"https:\/\/centrourbano.com\/revista\/wp-content\/uploads\/web_CU_logo-1.png","width":350,"height":91,"caption":"Centro Urbano"},"image":{"@id":"https:\/\/centrourbano.com\/revista\/#\/schema\/logo\/image\/"},"sameAs":["https:\/\/www.facebook.com\/portalcentrourbano","https:\/\/x.com\/CentroUrbano","https:\/\/www.instagram.com\/centro_urbano\/","https:\/\/www.linkedin.com\/company\/centro-urbano\/","http:\/\/www.youtube.com\/user\/portalcentrourbano"]},{"@type":"Person","@id":"https:\/\/centrourbano.com\/revista\/#\/schema\/person\/b45db815d96831257ba428a3d5a5fbdc","name":"Dinorah Nava","image":{"@type":"ImageObject","inLanguage":"es","@id":"https:\/\/secure.gravatar.com\/avatar\/f6ca6430c51d147f363940f84e1225aa4b8183885c11802cc3b042305a4ecc1a?s=96&d=mm&r=g","url":"https:\/\/secure.gravatar.com\/avatar\/f6ca6430c51d147f363940f84e1225aa4b8183885c11802cc3b042305a4ecc1a?s=96&d=mm&r=g","contentUrl":"https:\/\/secure.gravatar.com\/avatar\/f6ca6430c51d147f363940f84e1225aa4b8183885c11802cc3b042305a4ecc1a?s=96&d=mm&r=g","caption":"Dinorah Nava"},"description":"Editora de Contenidos y Estrategias Digitales en Centro Urbano y Coeditora en Peri\u00f3dico Mi Casa. Egresada de la licenciatura en Comunicaci\u00f3n y Periodismo de la Facultad de Estudios Superiores Arag\u00f3n (UNAM). Amante de la edici\u00f3n y correcci\u00f3n de estilo, las redes sociales y el mundo digital. Especialista en temas son arquitectura, inmobiliario y urbanismo.","sameAs":["linkedin.com\/in\/dinorah-nava","https:\/\/x.com\/https:\/\/twitter.com\/Dinorah_Nava28"],"url":"https:\/\/centrourbano.com\/revista\/author\/dinorah-nava\/"}]}},"_links":{"self":[{"href":"https:\/\/centrourbano.com\/revista\/wp-json\/wp\/v2\/posts\/46462","targetHints":{"allow":["GET"]}}],"collection":[{"href":"https:\/\/centrourbano.com\/revista\/wp-json\/wp\/v2\/posts"}],"about":[{"href":"https:\/\/centrourbano.com\/revista\/wp-json\/wp\/v2\/types\/post"}],"author":[{"embeddable":true,"href":"https:\/\/centrourbano.com\/revista\/wp-json\/wp\/v2\/users\/9"}],"replies":[{"embeddable":true,"href":"https:\/\/centrourbano.com\/revista\/wp-json\/wp\/v2\/comments?post=46462"}],"version-history":[{"count":0,"href":"https:\/\/centrourbano.com\/revista\/wp-json\/wp\/v2\/posts\/46462\/revisions"}],"wp:featuredmedia":[{"embeddable":true,"href":"https:\/\/centrourbano.com\/revista\/wp-json\/wp\/v2\/media\/46463"}],"wp:attachment":[{"href":"https:\/\/centrourbano.com\/revista\/wp-json\/wp\/v2\/media?parent=46462"}],"wp:term":[{"taxonomy":"category","embeddable":true,"href":"https:\/\/centrourbano.com\/revista\/wp-json\/wp\/v2\/categories?post=46462"},{"taxonomy":"post_tag","embeddable":true,"href":"https:\/\/centrourbano.com\/revista\/wp-json\/wp\/v2\/tags?post=46462"}],"curies":[{"name":"wp","href":"https:\/\/api.w.org\/{rel}","templated":true}]}}