{"id":46087,"date":"2016-12-27T14:39:14","date_gmt":"2016-12-27T20:39:14","guid":{"rendered":"https:\/\/centrourbano.com\/?p=46087"},"modified":"2016-12-27T14:39:14","modified_gmt":"2016-12-27T20:39:14","slug":"lo-mejor-del-ano-anuncia-gobierno-la-cdmx-modernizacion-7-cetram","status":"publish","type":"post","link":"https:\/\/centrourbano.com\/revista\/lo-mejor-del-2016\/lo-mejor-del-ano-anuncia-gobierno-la-cdmx-modernizacion-7-cetram\/","title":{"rendered":"Lo Mejor Del A\u00f1o: Anuncia gobierno de la CDMX modernizaci\u00f3n de 7 CETRAM"},"content":{"rendered":"<p><em>En CETRAM Chapultepec se habilitar\u00e1 una \u00c1rea de Transferencia Modal Provisional<\/em><\/p>\n<p><em>Nota publicada en Mayo 11, 2016<\/em><\/p>\n<p>El Gobierno de la Ciudad de M\u00e9xico anunci\u00f3 que adem\u00e1s de la modernizaci\u00f3n del Centro de Transferencia Modal (CETRAM) Chapultepec, tambi\u00e9n ser\u00e1n intervenidos los de Constituci\u00f3n de 1917, Indios Verdes, Mart\u00edn Carrera, Zaragoza, Tasque\u00f1a y San L\u00e1zaro.<\/p>\n<p>Estos trabajos se realizar\u00e1n de manera coordinada entre las secretar\u00edas de Desarrollo Urbano y Vivienda (Seduvi) y de Movilidad, con lo que se podr\u00e1 impulsar una red que haga eficiente los diversos sistemas de transporte p\u00fablico y concesionado y poder reforzar los centros de movilidad en aspectos ambientales y operativos, asegur\u00f3 el gobierno capitalino.<\/p>\n<p>\u201cAdem\u00e1s, se fomentar\u00e1 el reordenamiento del espacio p\u00fablico con m\u00e1s y mejor infraestructura y servicios. Esto permitir\u00e1 mejorar la movilidad de los usuarios, as\u00ed como transitar con accesibilidad, comodidad y seguridad con la infraestructura necesaria para las personas con discapacidad\u201d.<\/p>\n<p>Sobre la modernizaci\u00f3n del CETRAM Chapultepec, el gobierno de la ciudad explic\u00f3 que los trabajos iniciaron con el retiro del comercio en la v\u00eda p\u00fablica. Asimismo, desde el a\u00f1o pasado se realizaron sesiones de trabajo, en las que a los vecinos se les present\u00f3 el proyecto y sus vertientes.<\/p>\n<p>\u201cComo temas de movilidad, medio ambiente y riesgos, entre otros, fueron platicados en estas sesiones en donde la participaci\u00f3n fue abierta y se desarroll\u00f3 mediante una agenda que se elabor\u00f3 de manera conjunta\u201d.<\/p>\n<p>Se habilitar\u00e1 una \u00c1rea de Transferencia Modal Provisional (ATMP), en donde durante 4 meses albergar\u00e1 a camiones y microbuses, para posteriormente arrancar con las obras de infraestructura urbana para mejorar la movilidad.<\/p>\n<p>Una vez concluidos los trabajos se acortar\u00e1 el tiempo de transferencia de los 230,000 usuarios que lo usan diariamente y de los m\u00e1s de 200 mil visitantes que acuden al Bosque de Chapultepec los fines de semana. <\/p>\n<p>\u201cLa modernizaci\u00f3n de los CETRAM, como el de Chapultepec, es una pol\u00edtica p\u00fablica transexenal que promueve el desarrollo de una ciudad cercana, compacta, din\u00e1mica e incluyente\u201d.<\/p>\n","protected":false},"excerpt":{"rendered":"<p>En CETRAM Chapultepec se habilitar\u00e1 una \u00c1rea de Transferencia Modal Provisional Nota publicada en Mayo 11, 2016 El Gobierno de la Ciudad de M\u00e9xico anunci\u00f3 que adem\u00e1s de la modernizaci\u00f3n del Centro de Transferencia Modal (CETRAM) Chapultepec, tambi\u00e9n ser\u00e1n intervenidos los de Constituci\u00f3n de 1917, Indios Verdes, Mart\u00edn Carrera, Zaragoza, Tasque\u00f1a y San L\u00e1zaro. Estos [&hellip;]<\/p>\n","protected":false},"author":42,"featured_media":46088,"comment_status":"open","ping_status":"closed","sticky":false,"template":"","format":"standard","meta":{"om_disable_all_campaigns":false,"inline_featured_image":false,"_monsterinsights_skip_tracking":false,"_monsterinsights_sitenote_active":false,"_monsterinsights_sitenote_note":"","_monsterinsights_sitenote_category":0,"footnotes":""},"categories":[9121],"tags":[741,341],"class_list":["post-46087","post","type-post","status-publish","format-standard","has-post-thumbnail","hentry","category-lo-mejor-del-2016","tag-cetram","tag-chapultepec"],"yoast_head":"<!-- This site is optimized with the Yoast SEO plugin v27.4 - https:\/\/yoast.com\/product\/yoast-seo-wordpress\/ -->\n<title>Lo Mejor Del A\u00f1o: Anuncia gobierno de la CDMX modernizaci\u00f3n de 7 CETRAM -<\/title>\n<meta name=\"description\" content=\"El Gobierno de la Ciudad de M\u00e9xico anunci\u00f3 que adem\u00e1s de la modernizaci\u00f3n del Centro de Transferencia Modal (CETRAM) Chapultepec, tambi\u00e9n ser\u00e1n intervenidos los de Constituci\u00f3n de 1917, Indios Verdes, Mart\u00edn Carrera, Zaragoza, Tasque\u00f1a y San L\u00e1zaro.\" \/>\n<meta name=\"robots\" content=\"index, follow, max-snippet:-1, max-image-preview:large, max-video-preview:-1\" \/>\n<link rel=\"canonical\" href=\"https:\/\/centrourbano.com\/revista\/lo-mejor-del-2016\/lo-mejor-del-ano-anuncia-gobierno-la-cdmx-modernizacion-7-cetram\/\" \/>\n<meta property=\"og:locale\" content=\"es_ES\" \/>\n<meta property=\"og:type\" content=\"article\" \/>\n<meta property=\"og:title\" content=\"Lo Mejor Del A\u00f1o: Anuncia gobierno de la CDMX modernizaci\u00f3n de 7 CETRAM -\" \/>\n<meta property=\"og:description\" content=\"El Gobierno de la Ciudad de M\u00e9xico anunci\u00f3 que adem\u00e1s de la modernizaci\u00f3n del Centro de Transferencia Modal (CETRAM) Chapultepec, tambi\u00e9n ser\u00e1n intervenidos los de Constituci\u00f3n de 1917, Indios Verdes, Mart\u00edn Carrera, Zaragoza, Tasque\u00f1a y San L\u00e1zaro.\" \/>\n<meta property=\"og:url\" content=\"https:\/\/centrourbano.com\/revista\/lo-mejor-del-2016\/lo-mejor-del-ano-anuncia-gobierno-la-cdmx-modernizacion-7-cetram\/\" \/>\n<meta property=\"og:site_name\" content=\"Centro Urbano\" \/>\n<meta property=\"article:publisher\" content=\"https:\/\/www.facebook.com\/portalcentrourbano\" \/>\n<meta property=\"article:published_time\" content=\"2016-12-27T20:39:14+00:00\" \/>\n<meta property=\"og:image\" content=\"https:\/\/centrourbano.com\/revista\/wp-content\/uploads\/Mayo-ok.jpg\" \/>\n\t<meta property=\"og:image:width\" content=\"600\" \/>\n\t<meta property=\"og:image:height\" content=\"400\" \/>\n\t<meta property=\"og:image:type\" content=\"image\/jpeg\" \/>\n<meta name=\"author\" content=\"Priscila D\u00edaz\" \/>\n<meta name=\"twitter:card\" content=\"summary_large_image\" \/>\n<meta name=\"twitter:creator\" content=\"@CentroUrbano\" \/>\n<meta name=\"twitter:site\" content=\"@CentroUrbano\" \/>\n<meta name=\"twitter:label1\" content=\"Escrito por\" \/>\n\t<meta name=\"twitter:data1\" content=\"Priscila D\u00edaz\" \/>\n\t<meta name=\"twitter:label2\" content=\"Tiempo de lectura\" \/>\n\t<meta name=\"twitter:data2\" content=\"2 minutos\" \/>\n<script type=\"application\/ld+json\" class=\"yoast-schema-graph\">{\"@context\":\"https:\\\/\\\/schema.org\",\"@graph\":[{\"@type\":\"Article\",\"@id\":\"https:\\\/\\\/centrourbano.com\\\/revista\\\/lo-mejor-del-2016\\\/lo-mejor-del-ano-anuncia-gobierno-la-cdmx-modernizacion-7-cetram\\\/#article\",\"isPartOf\":{\"@id\":\"https:\\\/\\\/centrourbano.com\\\/revista\\\/lo-mejor-del-2016\\\/lo-mejor-del-ano-anuncia-gobierno-la-cdmx-modernizacion-7-cetram\\\/\"},\"author\":{\"name\":\"Priscila D\u00edaz\",\"@id\":\"https:\\\/\\\/centrourbano.com\\\/revista\\\/#\\\/schema\\\/person\\\/20613dd8a7db2b263325af517bc7420c\"},\"headline\":\"Lo Mejor Del A\u00f1o: Anuncia gobierno de la CDMX modernizaci\u00f3n de 7 CETRAM\",\"datePublished\":\"2016-12-27T20:39:14+00:00\",\"mainEntityOfPage\":{\"@id\":\"https:\\\/\\\/centrourbano.com\\\/revista\\\/lo-mejor-del-2016\\\/lo-mejor-del-ano-anuncia-gobierno-la-cdmx-modernizacion-7-cetram\\\/\"},\"wordCount\":358,\"commentCount\":0,\"publisher\":{\"@id\":\"https:\\\/\\\/centrourbano.com\\\/revista\\\/#organization\"},\"image\":{\"@id\":\"https:\\\/\\\/centrourbano.com\\\/revista\\\/lo-mejor-del-2016\\\/lo-mejor-del-ano-anuncia-gobierno-la-cdmx-modernizacion-7-cetram\\\/#primaryimage\"},\"thumbnailUrl\":\"https:\\\/\\\/centrourbano.com\\\/revista\\\/wp-content\\\/uploads\\\/Mayo-ok.jpg\",\"keywords\":[\"Cetram\",\"Chapultepec\"],\"articleSection\":[\"LO MEJOR DEL 2016\"],\"inLanguage\":\"es\",\"potentialAction\":[{\"@type\":\"CommentAction\",\"name\":\"Comment\",\"target\":[\"https:\\\/\\\/centrourbano.com\\\/revista\\\/lo-mejor-del-2016\\\/lo-mejor-del-ano-anuncia-gobierno-la-cdmx-modernizacion-7-cetram\\\/#respond\"]}]},{\"@type\":\"WebPage\",\"@id\":\"https:\\\/\\\/centrourbano.com\\\/revista\\\/lo-mejor-del-2016\\\/lo-mejor-del-ano-anuncia-gobierno-la-cdmx-modernizacion-7-cetram\\\/\",\"url\":\"https:\\\/\\\/centrourbano.com\\\/revista\\\/lo-mejor-del-2016\\\/lo-mejor-del-ano-anuncia-gobierno-la-cdmx-modernizacion-7-cetram\\\/\",\"name\":\"Lo Mejor Del A\u00f1o: Anuncia gobierno de la CDMX modernizaci\u00f3n de 7 CETRAM -\",\"isPartOf\":{\"@id\":\"https:\\\/\\\/centrourbano.com\\\/revista\\\/#website\"},\"primaryImageOfPage\":{\"@id\":\"https:\\\/\\\/centrourbano.com\\\/revista\\\/lo-mejor-del-2016\\\/lo-mejor-del-ano-anuncia-gobierno-la-cdmx-modernizacion-7-cetram\\\/#primaryimage\"},\"image\":{\"@id\":\"https:\\\/\\\/centrourbano.com\\\/revista\\\/lo-mejor-del-2016\\\/lo-mejor-del-ano-anuncia-gobierno-la-cdmx-modernizacion-7-cetram\\\/#primaryimage\"},\"thumbnailUrl\":\"https:\\\/\\\/centrourbano.com\\\/revista\\\/wp-content\\\/uploads\\\/Mayo-ok.jpg\",\"datePublished\":\"2016-12-27T20:39:14+00:00\",\"description\":\"El Gobierno de la Ciudad de M\u00e9xico anunci\u00f3 que adem\u00e1s de la modernizaci\u00f3n del Centro de Transferencia Modal (CETRAM) Chapultepec, tambi\u00e9n ser\u00e1n intervenidos los de Constituci\u00f3n de 1917, Indios Verdes, Mart\u00edn Carrera, Zaragoza, Tasque\u00f1a y San L\u00e1zaro.\",\"breadcrumb\":{\"@id\":\"https:\\\/\\\/centrourbano.com\\\/revista\\\/lo-mejor-del-2016\\\/lo-mejor-del-ano-anuncia-gobierno-la-cdmx-modernizacion-7-cetram\\\/#breadcrumb\"},\"inLanguage\":\"es\",\"potentialAction\":[{\"@type\":\"ReadAction\",\"target\":[\"https:\\\/\\\/centrourbano.com\\\/revista\\\/lo-mejor-del-2016\\\/lo-mejor-del-ano-anuncia-gobierno-la-cdmx-modernizacion-7-cetram\\\/\"]}]},{\"@type\":\"ImageObject\",\"inLanguage\":\"es\",\"@id\":\"https:\\\/\\\/centrourbano.com\\\/revista\\\/lo-mejor-del-2016\\\/lo-mejor-del-ano-anuncia-gobierno-la-cdmx-modernizacion-7-cetram\\\/#primaryimage\",\"url\":\"https:\\\/\\\/centrourbano.com\\\/revista\\\/wp-content\\\/uploads\\\/Mayo-ok.jpg\",\"contentUrl\":\"https:\\\/\\\/centrourbano.com\\\/revista\\\/wp-content\\\/uploads\\\/Mayo-ok.jpg\",\"width\":600,\"height\":400},{\"@type\":\"BreadcrumbList\",\"@id\":\"https:\\\/\\\/centrourbano.com\\\/revista\\\/lo-mejor-del-2016\\\/lo-mejor-del-ano-anuncia-gobierno-la-cdmx-modernizacion-7-cetram\\\/#breadcrumb\",\"itemListElement\":[{\"@type\":\"ListItem\",\"position\":1,\"name\":\"Portada\",\"item\":\"https:\\\/\\\/centrourbano.com\\\/revista\\\/\"},{\"@type\":\"ListItem\",\"position\":2,\"name\":\"Lo Mejor Del A\u00f1o: Anuncia gobierno de la CDMX modernizaci\u00f3n de 7 CETRAM\"}]},{\"@type\":\"WebSite\",\"@id\":\"https:\\\/\\\/centrourbano.com\\\/revista\\\/#website\",\"url\":\"https:\\\/\\\/centrourbano.com\\\/revista\\\/\",\"name\":\"Centro Urbano\",\"description\":\"Medio especializado en los sectores vivienda, inmobiliario, construcci\u00f3n, arquitectura y urbanismo.\",\"publisher\":{\"@id\":\"https:\\\/\\\/centrourbano.com\\\/revista\\\/#organization\"},\"potentialAction\":[{\"@type\":\"SearchAction\",\"target\":{\"@type\":\"EntryPoint\",\"urlTemplate\":\"https:\\\/\\\/centrourbano.com\\\/revista\\\/?s={search_term_string}\"},\"query-input\":{\"@type\":\"PropertyValueSpecification\",\"valueRequired\":true,\"valueName\":\"search_term_string\"}}],\"inLanguage\":\"es\"},{\"@type\":\"Organization\",\"@id\":\"https:\\\/\\\/centrourbano.com\\\/revista\\\/#organization\",\"name\":\"Centro Urbano\",\"url\":\"https:\\\/\\\/centrourbano.com\\\/revista\\\/\",\"logo\":{\"@type\":\"ImageObject\",\"inLanguage\":\"es\",\"@id\":\"https:\\\/\\\/centrourbano.com\\\/revista\\\/#\\\/schema\\\/logo\\\/image\\\/\",\"url\":\"https:\\\/\\\/centrourbano.com\\\/revista\\\/wp-content\\\/uploads\\\/web_CU_logo-1.png\",\"contentUrl\":\"https:\\\/\\\/centrourbano.com\\\/revista\\\/wp-content\\\/uploads\\\/web_CU_logo-1.png\",\"width\":350,\"height\":91,\"caption\":\"Centro Urbano\"},\"image\":{\"@id\":\"https:\\\/\\\/centrourbano.com\\\/revista\\\/#\\\/schema\\\/logo\\\/image\\\/\"},\"sameAs\":[\"https:\\\/\\\/www.facebook.com\\\/portalcentrourbano\",\"https:\\\/\\\/x.com\\\/CentroUrbano\",\"https:\\\/\\\/www.instagram.com\\\/centro_urbano\\\/\",\"https:\\\/\\\/www.linkedin.com\\\/company\\\/centro-urbano\\\/\",\"http:\\\/\\\/www.youtube.com\\\/user\\\/portalcentrourbano\"]},{\"@type\":\"Person\",\"@id\":\"https:\\\/\\\/centrourbano.com\\\/revista\\\/#\\\/schema\\\/person\\\/20613dd8a7db2b263325af517bc7420c\",\"name\":\"Priscila D\u00edaz\",\"image\":{\"@type\":\"ImageObject\",\"inLanguage\":\"es\",\"@id\":\"https:\\\/\\\/secure.gravatar.com\\\/avatar\\\/bf28a62a51d45b542a0c3fe4c31a60c3887b5037867f58a6225cbf7479b56636?s=96&d=mm&r=g\",\"url\":\"https:\\\/\\\/secure.gravatar.com\\\/avatar\\\/bf28a62a51d45b542a0c3fe4c31a60c3887b5037867f58a6225cbf7479b56636?s=96&d=mm&r=g\",\"contentUrl\":\"https:\\\/\\\/secure.gravatar.com\\\/avatar\\\/bf28a62a51d45b542a0c3fe4c31a60c3887b5037867f58a6225cbf7479b56636?s=96&d=mm&r=g\",\"caption\":\"Priscila D\u00edaz\"},\"url\":\"https:\\\/\\\/centrourbano.com\\\/revista\\\/author\\\/priscila-diaz\\\/\"}]}<\/script>\n<!-- \/ Yoast SEO plugin. -->","yoast_head_json":{"title":"Lo Mejor Del A\u00f1o: Anuncia gobierno de la CDMX modernizaci\u00f3n de 7 CETRAM -","description":"El Gobierno de la Ciudad de M\u00e9xico anunci\u00f3 que adem\u00e1s de la modernizaci\u00f3n del Centro de Transferencia Modal (CETRAM) Chapultepec, tambi\u00e9n ser\u00e1n intervenidos los de Constituci\u00f3n de 1917, Indios Verdes, Mart\u00edn Carrera, Zaragoza, Tasque\u00f1a y San L\u00e1zaro.","robots":{"index":"index","follow":"follow","max-snippet":"max-snippet:-1","max-image-preview":"max-image-preview:large","max-video-preview":"max-video-preview:-1"},"canonical":"https:\/\/centrourbano.com\/revista\/lo-mejor-del-2016\/lo-mejor-del-ano-anuncia-gobierno-la-cdmx-modernizacion-7-cetram\/","og_locale":"es_ES","og_type":"article","og_title":"Lo Mejor Del A\u00f1o: Anuncia gobierno de la CDMX modernizaci\u00f3n de 7 CETRAM -","og_description":"El Gobierno de la Ciudad de M\u00e9xico anunci\u00f3 que adem\u00e1s de la modernizaci\u00f3n del Centro de Transferencia Modal (CETRAM) Chapultepec, tambi\u00e9n ser\u00e1n intervenidos los de Constituci\u00f3n de 1917, Indios Verdes, Mart\u00edn Carrera, Zaragoza, Tasque\u00f1a y San L\u00e1zaro.","og_url":"https:\/\/centrourbano.com\/revista\/lo-mejor-del-2016\/lo-mejor-del-ano-anuncia-gobierno-la-cdmx-modernizacion-7-cetram\/","og_site_name":"Centro Urbano","article_publisher":"https:\/\/www.facebook.com\/portalcentrourbano","article_published_time":"2016-12-27T20:39:14+00:00","og_image":[{"width":600,"height":400,"url":"https:\/\/centrourbano.com\/revista\/wp-content\/uploads\/Mayo-ok.jpg","type":"image\/jpeg"}],"author":"Priscila D\u00edaz","twitter_card":"summary_large_image","twitter_creator":"@CentroUrbano","twitter_site":"@CentroUrbano","twitter_misc":{"Escrito por":"Priscila D\u00edaz","Tiempo de lectura":"2 minutos"},"schema":{"@context":"https:\/\/schema.org","@graph":[{"@type":"Article","@id":"https:\/\/centrourbano.com\/revista\/lo-mejor-del-2016\/lo-mejor-del-ano-anuncia-gobierno-la-cdmx-modernizacion-7-cetram\/#article","isPartOf":{"@id":"https:\/\/centrourbano.com\/revista\/lo-mejor-del-2016\/lo-mejor-del-ano-anuncia-gobierno-la-cdmx-modernizacion-7-cetram\/"},"author":{"name":"Priscila D\u00edaz","@id":"https:\/\/centrourbano.com\/revista\/#\/schema\/person\/20613dd8a7db2b263325af517bc7420c"},"headline":"Lo Mejor Del A\u00f1o: Anuncia gobierno de la CDMX modernizaci\u00f3n de 7 CETRAM","datePublished":"2016-12-27T20:39:14+00:00","mainEntityOfPage":{"@id":"https:\/\/centrourbano.com\/revista\/lo-mejor-del-2016\/lo-mejor-del-ano-anuncia-gobierno-la-cdmx-modernizacion-7-cetram\/"},"wordCount":358,"commentCount":0,"publisher":{"@id":"https:\/\/centrourbano.com\/revista\/#organization"},"image":{"@id":"https:\/\/centrourbano.com\/revista\/lo-mejor-del-2016\/lo-mejor-del-ano-anuncia-gobierno-la-cdmx-modernizacion-7-cetram\/#primaryimage"},"thumbnailUrl":"https:\/\/centrourbano.com\/revista\/wp-content\/uploads\/Mayo-ok.jpg","keywords":["Cetram","Chapultepec"],"articleSection":["LO MEJOR DEL 2016"],"inLanguage":"es","potentialAction":[{"@type":"CommentAction","name":"Comment","target":["https:\/\/centrourbano.com\/revista\/lo-mejor-del-2016\/lo-mejor-del-ano-anuncia-gobierno-la-cdmx-modernizacion-7-cetram\/#respond"]}]},{"@type":"WebPage","@id":"https:\/\/centrourbano.com\/revista\/lo-mejor-del-2016\/lo-mejor-del-ano-anuncia-gobierno-la-cdmx-modernizacion-7-cetram\/","url":"https:\/\/centrourbano.com\/revista\/lo-mejor-del-2016\/lo-mejor-del-ano-anuncia-gobierno-la-cdmx-modernizacion-7-cetram\/","name":"Lo Mejor Del A\u00f1o: Anuncia gobierno de la CDMX modernizaci\u00f3n de 7 CETRAM -","isPartOf":{"@id":"https:\/\/centrourbano.com\/revista\/#website"},"primaryImageOfPage":{"@id":"https:\/\/centrourbano.com\/revista\/lo-mejor-del-2016\/lo-mejor-del-ano-anuncia-gobierno-la-cdmx-modernizacion-7-cetram\/#primaryimage"},"image":{"@id":"https:\/\/centrourbano.com\/revista\/lo-mejor-del-2016\/lo-mejor-del-ano-anuncia-gobierno-la-cdmx-modernizacion-7-cetram\/#primaryimage"},"thumbnailUrl":"https:\/\/centrourbano.com\/revista\/wp-content\/uploads\/Mayo-ok.jpg","datePublished":"2016-12-27T20:39:14+00:00","description":"El Gobierno de la Ciudad de M\u00e9xico anunci\u00f3 que adem\u00e1s de la modernizaci\u00f3n del Centro de Transferencia Modal (CETRAM) Chapultepec, tambi\u00e9n ser\u00e1n intervenidos los de Constituci\u00f3n de 1917, Indios Verdes, Mart\u00edn Carrera, Zaragoza, Tasque\u00f1a y San L\u00e1zaro.","breadcrumb":{"@id":"https:\/\/centrourbano.com\/revista\/lo-mejor-del-2016\/lo-mejor-del-ano-anuncia-gobierno-la-cdmx-modernizacion-7-cetram\/#breadcrumb"},"inLanguage":"es","potentialAction":[{"@type":"ReadAction","target":["https:\/\/centrourbano.com\/revista\/lo-mejor-del-2016\/lo-mejor-del-ano-anuncia-gobierno-la-cdmx-modernizacion-7-cetram\/"]}]},{"@type":"ImageObject","inLanguage":"es","@id":"https:\/\/centrourbano.com\/revista\/lo-mejor-del-2016\/lo-mejor-del-ano-anuncia-gobierno-la-cdmx-modernizacion-7-cetram\/#primaryimage","url":"https:\/\/centrourbano.com\/revista\/wp-content\/uploads\/Mayo-ok.jpg","contentUrl":"https:\/\/centrourbano.com\/revista\/wp-content\/uploads\/Mayo-ok.jpg","width":600,"height":400},{"@type":"BreadcrumbList","@id":"https:\/\/centrourbano.com\/revista\/lo-mejor-del-2016\/lo-mejor-del-ano-anuncia-gobierno-la-cdmx-modernizacion-7-cetram\/#breadcrumb","itemListElement":[{"@type":"ListItem","position":1,"name":"Portada","item":"https:\/\/centrourbano.com\/revista\/"},{"@type":"ListItem","position":2,"name":"Lo Mejor Del A\u00f1o: Anuncia gobierno de la CDMX modernizaci\u00f3n de 7 CETRAM"}]},{"@type":"WebSite","@id":"https:\/\/centrourbano.com\/revista\/#website","url":"https:\/\/centrourbano.com\/revista\/","name":"Centro Urbano","description":"Medio especializado en los sectores vivienda, inmobiliario, construcci\u00f3n, arquitectura y urbanismo.","publisher":{"@id":"https:\/\/centrourbano.com\/revista\/#organization"},"potentialAction":[{"@type":"SearchAction","target":{"@type":"EntryPoint","urlTemplate":"https:\/\/centrourbano.com\/revista\/?s={search_term_string}"},"query-input":{"@type":"PropertyValueSpecification","valueRequired":true,"valueName":"search_term_string"}}],"inLanguage":"es"},{"@type":"Organization","@id":"https:\/\/centrourbano.com\/revista\/#organization","name":"Centro Urbano","url":"https:\/\/centrourbano.com\/revista\/","logo":{"@type":"ImageObject","inLanguage":"es","@id":"https:\/\/centrourbano.com\/revista\/#\/schema\/logo\/image\/","url":"https:\/\/centrourbano.com\/revista\/wp-content\/uploads\/web_CU_logo-1.png","contentUrl":"https:\/\/centrourbano.com\/revista\/wp-content\/uploads\/web_CU_logo-1.png","width":350,"height":91,"caption":"Centro Urbano"},"image":{"@id":"https:\/\/centrourbano.com\/revista\/#\/schema\/logo\/image\/"},"sameAs":["https:\/\/www.facebook.com\/portalcentrourbano","https:\/\/x.com\/CentroUrbano","https:\/\/www.instagram.com\/centro_urbano\/","https:\/\/www.linkedin.com\/company\/centro-urbano\/","http:\/\/www.youtube.com\/user\/portalcentrourbano"]},{"@type":"Person","@id":"https:\/\/centrourbano.com\/revista\/#\/schema\/person\/20613dd8a7db2b263325af517bc7420c","name":"Priscila D\u00edaz","image":{"@type":"ImageObject","inLanguage":"es","@id":"https:\/\/secure.gravatar.com\/avatar\/bf28a62a51d45b542a0c3fe4c31a60c3887b5037867f58a6225cbf7479b56636?s=96&d=mm&r=g","url":"https:\/\/secure.gravatar.com\/avatar\/bf28a62a51d45b542a0c3fe4c31a60c3887b5037867f58a6225cbf7479b56636?s=96&d=mm&r=g","contentUrl":"https:\/\/secure.gravatar.com\/avatar\/bf28a62a51d45b542a0c3fe4c31a60c3887b5037867f58a6225cbf7479b56636?s=96&d=mm&r=g","caption":"Priscila D\u00edaz"},"url":"https:\/\/centrourbano.com\/revista\/author\/priscila-diaz\/"}]}},"_links":{"self":[{"href":"https:\/\/centrourbano.com\/revista\/wp-json\/wp\/v2\/posts\/46087","targetHints":{"allow":["GET"]}}],"collection":[{"href":"https:\/\/centrourbano.com\/revista\/wp-json\/wp\/v2\/posts"}],"about":[{"href":"https:\/\/centrourbano.com\/revista\/wp-json\/wp\/v2\/types\/post"}],"author":[{"embeddable":true,"href":"https:\/\/centrourbano.com\/revista\/wp-json\/wp\/v2\/users\/42"}],"replies":[{"embeddable":true,"href":"https:\/\/centrourbano.com\/revista\/wp-json\/wp\/v2\/comments?post=46087"}],"version-history":[{"count":0,"href":"https:\/\/centrourbano.com\/revista\/wp-json\/wp\/v2\/posts\/46087\/revisions"}],"wp:featuredmedia":[{"embeddable":true,"href":"https:\/\/centrourbano.com\/revista\/wp-json\/wp\/v2\/media\/46088"}],"wp:attachment":[{"href":"https:\/\/centrourbano.com\/revista\/wp-json\/wp\/v2\/media?parent=46087"}],"wp:term":[{"taxonomy":"category","embeddable":true,"href":"https:\/\/centrourbano.com\/revista\/wp-json\/wp\/v2\/categories?post=46087"},{"taxonomy":"post_tag","embeddable":true,"href":"https:\/\/centrourbano.com\/revista\/wp-json\/wp\/v2\/tags?post=46087"}],"curies":[{"name":"wp","href":"https:\/\/api.w.org\/{rel}","templated":true}]}}