{"id":45842,"date":"2016-12-22T16:29:23","date_gmt":"2016-12-22T22:29:23","guid":{"rendered":"https:\/\/centrourbano.com\/?p=45842"},"modified":"2016-12-22T16:30:29","modified_gmt":"2016-12-22T22:30:29","slug":"lo-mejor-del-ano-aprueban-segundo-credito-para-trabajadores-del-estado","status":"publish","type":"post","link":"https:\/\/centrourbano.com\/revista\/lo-mejor-del-2016\/lo-mejor-del-ano-aprueban-segundo-credito-para-trabajadores-del-estado\/","title":{"rendered":"Lo Mejor del A\u00f1o: Aprueban segundo cr\u00e9dito para trabajadores del Estado"},"content":{"rendered":"<p><em>Se reformaron los art\u00edculos 167 y 179 de la Ley del Issste<\/em><!--more--><\/p>\n<p><em>Por Diego Rodr\u00edguez<br \/>\nFeb 16, 2016<\/em><\/p>\n<p>La C\u00e1mara de Diputados aprob\u00f3, con 425 votos a favor, la reforma que permite a los trabajadores al servicio del estado obtener un segundo cr\u00e9dito para la #vivienda.<\/p>\n<p>Este cambio se produjo con las reformas a los art\u00edculos 167 y 179 de la Ley del ISSSTE. Una vez que se publique en el Diario Oficial de la Federaci\u00f3n (DOF) el Fondo de la Vivienda del Instituto de Seguridad y Servicios Sociales de los Trabajadores del Estado (Fovissste) anunciar\u00e1 los lineamientos que se deber\u00e1n seguir.<\/p>\n<p>En su cuenta de Twitter, Jos\u00e9 Reyes Baeza, director General del Instituto de Seguridad y Servicios Sociales de los Trabajadores del Estado (ISSSTE) escribi\u00f3: \u201cel segundo cr\u00e9dito para comprar casa para los derechohabientes del ISSSTE es ya una realidad, tras su publicaci\u00f3n en el Diario oficial, ser\u00e1 el Fovissste a cargo de Luis Antonio Godina quien dar\u00e1 a conocer a corto plazo su normativa\u201d.<\/p>\n<p>El 30 de abril del a\u00f1o pasado en el Senado de Rep\u00fablica se realiz\u00f3 la discusi\u00f3n y votaci\u00f3n del decreto con lo que se reformaron los dos art\u00edculos de la Ley del ISSSTE, mismas que fueron enviadas a la C\u00e1mara de Diputados.<\/p>\n","protected":false},"excerpt":{"rendered":"<p>Se reformaron los art\u00edculos 167 y 179 de la Ley del Issste<\/p>\n","protected":false},"author":77,"featured_media":45843,"comment_status":"open","ping_status":"closed","sticky":false,"template":"","format":"standard","meta":{"inline_featured_image":false,"footnotes":""},"categories":[9121],"tags":[352,422,9152,9153],"class_list":["post-45842","post","type-post","status-publish","format-standard","has-post-thumbnail","hentry","category-lo-mejor-del-2016","tag-issste","tag-jose-reyes-baeza","tag-segundo-credito-fovissste","tag-trabajadores-del-estado"],"yoast_head":"<!-- This site is optimized with the Yoast SEO plugin v28.4 - https:\/\/yoast.com\/product\/yoast-seo-wordpress\/ -->\n<title>Lo Mejor del A\u00f1o: Aprueban segundo cr\u00e9dito para trabajadores del Estado -<\/title>\n<meta name=\"description\" content=\"La C\u00e1mara de Diputados aprob\u00f3, con 425 votos a favor, la reforma que permite a los trabajadores al servicio del estado obtener un segundo cr\u00e9dito para la #vivienda.\" \/>\n<meta name=\"robots\" content=\"index, follow, max-snippet:-1, max-image-preview:large, max-video-preview:-1\" \/>\n<link rel=\"canonical\" href=\"https:\/\/centrourbano.com\/revista\/lo-mejor-del-2016\/lo-mejor-del-ano-aprueban-segundo-credito-para-trabajadores-del-estado\/\" \/>\n<meta property=\"og:locale\" content=\"es_ES\" \/>\n<meta property=\"og:type\" content=\"article\" \/>\n<meta property=\"og:title\" content=\"Lo Mejor del A\u00f1o: Aprueban segundo cr\u00e9dito para trabajadores del Estado -\" \/>\n<meta property=\"og:description\" content=\"La C\u00e1mara de Diputados aprob\u00f3, con 425 votos a favor, la reforma que permite a los trabajadores al servicio del estado obtener un segundo cr\u00e9dito para la #vivienda.\" \/>\n<meta property=\"og:url\" content=\"https:\/\/centrourbano.com\/revista\/lo-mejor-del-2016\/lo-mejor-del-ano-aprueban-segundo-credito-para-trabajadores-del-estado\/\" \/>\n<meta property=\"og:site_name\" content=\"Centro Urbano\" \/>\n<meta property=\"article:publisher\" content=\"https:\/\/www.facebook.com\/portalcentrourbano\" \/>\n<meta property=\"article:published_time\" content=\"2016-12-22T22:29:23+00:00\" \/>\n<meta property=\"article:modified_time\" content=\"2016-12-22T22:30:29+00:00\" \/>\n<meta property=\"og:image\" content=\"https:\/\/centrourbano.com\/revista\/wp-content\/uploads\/bloggif_585c536cb7f0c.jpeg\" \/>\n\t<meta property=\"og:image:width\" content=\"800\" \/>\n\t<meta property=\"og:image:height\" content=\"533\" \/>\n\t<meta property=\"og:image:type\" content=\"image\/jpeg\" \/>\n<meta name=\"author\" content=\"G4A\" \/>\n<meta name=\"twitter:card\" content=\"summary_large_image\" \/>\n<meta name=\"twitter:creator\" content=\"@CentroUrbano\" \/>\n<meta name=\"twitter:site\" content=\"@CentroUrbano\" \/>\n<meta name=\"twitter:label1\" content=\"Escrito por\" \/>\n\t<meta name=\"twitter:data1\" content=\"G4A\" \/>\n\t<meta name=\"twitter:label2\" content=\"Tiempo de lectura\" \/>\n\t<meta name=\"twitter:data2\" content=\"1 minuto\" \/>\n<script type=\"application\/ld+json\" class=\"yoast-schema-graph\">{\"@context\":\"https:\\\/\\\/schema.org\",\"@graph\":[{\"@type\":\"Article\",\"@id\":\"https:\\\/\\\/centrourbano.com\\\/revista\\\/lo-mejor-del-2016\\\/lo-mejor-del-ano-aprueban-segundo-credito-para-trabajadores-del-estado\\\/#article\",\"isPartOf\":{\"@id\":\"https:\\\/\\\/centrourbano.com\\\/revista\\\/lo-mejor-del-2016\\\/lo-mejor-del-ano-aprueban-segundo-credito-para-trabajadores-del-estado\\\/\"},\"author\":{\"name\":\"G4A\",\"@id\":\"https:\\\/\\\/centrourbano.com\\\/revista\\\/#\\\/schema\\\/person\\\/370fa0ba2d8dd5bde3fdb8b62ad360aa\"},\"headline\":\"Lo Mejor del A\u00f1o: Aprueban segundo cr\u00e9dito para trabajadores del Estado\",\"datePublished\":\"2016-12-22T22:29:23+00:00\",\"dateModified\":\"2016-12-22T22:30:29+00:00\",\"mainEntityOfPage\":{\"@id\":\"https:\\\/\\\/centrourbano.com\\\/revista\\\/lo-mejor-del-2016\\\/lo-mejor-del-ano-aprueban-segundo-credito-para-trabajadores-del-estado\\\/\"},\"wordCount\":228,\"commentCount\":0,\"publisher\":{\"@id\":\"https:\\\/\\\/centrourbano.com\\\/revista\\\/#organization\"},\"image\":{\"@id\":\"https:\\\/\\\/centrourbano.com\\\/revista\\\/lo-mejor-del-2016\\\/lo-mejor-del-ano-aprueban-segundo-credito-para-trabajadores-del-estado\\\/#primaryimage\"},\"thumbnailUrl\":\"https:\\\/\\\/centrourbano.com\\\/revista\\\/wp-content\\\/uploads\\\/bloggif_585c536cb7f0c.jpeg\",\"keywords\":[\"ISSSTE\",\"Jos\u00e9 Reyes Baeza\",\"Segundo cr\u00e9dito Fovissste\",\"trabajadores del Estado\"],\"articleSection\":[\"LO MEJOR DEL 2016\"],\"inLanguage\":\"es\"},{\"@type\":\"WebPage\",\"@id\":\"https:\\\/\\\/centrourbano.com\\\/revista\\\/lo-mejor-del-2016\\\/lo-mejor-del-ano-aprueban-segundo-credito-para-trabajadores-del-estado\\\/\",\"url\":\"https:\\\/\\\/centrourbano.com\\\/revista\\\/lo-mejor-del-2016\\\/lo-mejor-del-ano-aprueban-segundo-credito-para-trabajadores-del-estado\\\/\",\"name\":\"Lo Mejor del A\u00f1o: Aprueban segundo cr\u00e9dito para trabajadores del Estado -\",\"isPartOf\":{\"@id\":\"https:\\\/\\\/centrourbano.com\\\/revista\\\/#website\"},\"primaryImageOfPage\":{\"@id\":\"https:\\\/\\\/centrourbano.com\\\/revista\\\/lo-mejor-del-2016\\\/lo-mejor-del-ano-aprueban-segundo-credito-para-trabajadores-del-estado\\\/#primaryimage\"},\"image\":{\"@id\":\"https:\\\/\\\/centrourbano.com\\\/revista\\\/lo-mejor-del-2016\\\/lo-mejor-del-ano-aprueban-segundo-credito-para-trabajadores-del-estado\\\/#primaryimage\"},\"thumbnailUrl\":\"https:\\\/\\\/centrourbano.com\\\/revista\\\/wp-content\\\/uploads\\\/bloggif_585c536cb7f0c.jpeg\",\"datePublished\":\"2016-12-22T22:29:23+00:00\",\"dateModified\":\"2016-12-22T22:30:29+00:00\",\"description\":\"La C\u00e1mara de Diputados aprob\u00f3, con 425 votos a favor, la reforma que permite a los trabajadores al servicio del estado obtener un segundo cr\u00e9dito para la #vivienda.\",\"breadcrumb\":{\"@id\":\"https:\\\/\\\/centrourbano.com\\\/revista\\\/lo-mejor-del-2016\\\/lo-mejor-del-ano-aprueban-segundo-credito-para-trabajadores-del-estado\\\/#breadcrumb\"},\"inLanguage\":\"es\",\"potentialAction\":[{\"@type\":\"ReadAction\",\"target\":[\"https:\\\/\\\/centrourbano.com\\\/revista\\\/lo-mejor-del-2016\\\/lo-mejor-del-ano-aprueban-segundo-credito-para-trabajadores-del-estado\\\/\"]}]},{\"@type\":\"ImageObject\",\"inLanguage\":\"es\",\"@id\":\"https:\\\/\\\/centrourbano.com\\\/revista\\\/lo-mejor-del-2016\\\/lo-mejor-del-ano-aprueban-segundo-credito-para-trabajadores-del-estado\\\/#primaryimage\",\"url\":\"https:\\\/\\\/centrourbano.com\\\/revista\\\/wp-content\\\/uploads\\\/bloggif_585c536cb7f0c.jpeg\",\"contentUrl\":\"https:\\\/\\\/centrourbano.com\\\/revista\\\/wp-content\\\/uploads\\\/bloggif_585c536cb7f0c.jpeg\",\"width\":800,\"height\":533,\"caption\":\"Se reformaron los art\u00edculos 167 y 179 de la Ley del Issste\"},{\"@type\":\"BreadcrumbList\",\"@id\":\"https:\\\/\\\/centrourbano.com\\\/revista\\\/lo-mejor-del-2016\\\/lo-mejor-del-ano-aprueban-segundo-credito-para-trabajadores-del-estado\\\/#breadcrumb\",\"itemListElement\":[{\"@type\":\"ListItem\",\"position\":1,\"name\":\"Portada\",\"item\":\"https:\\\/\\\/centrourbano.com\\\/revista\\\/\"},{\"@type\":\"ListItem\",\"position\":2,\"name\":\"Lo Mejor del A\u00f1o: Aprueban segundo cr\u00e9dito para trabajadores del Estado\"}]},{\"@type\":\"WebSite\",\"@id\":\"https:\\\/\\\/centrourbano.com\\\/revista\\\/#website\",\"url\":\"https:\\\/\\\/centrourbano.com\\\/revista\\\/\",\"name\":\"Centro Urbano\",\"description\":\"Medio especializado en los sectores vivienda, inmobiliario, construcci\u00f3n, arquitectura y urbanismo.\",\"publisher\":{\"@id\":\"https:\\\/\\\/centrourbano.com\\\/revista\\\/#organization\"},\"potentialAction\":[{\"@type\":\"SearchAction\",\"target\":{\"@type\":\"EntryPoint\",\"urlTemplate\":\"https:\\\/\\\/centrourbano.com\\\/revista\\\/?s={search_term_string}\"},\"query-input\":{\"@type\":\"PropertyValueSpecification\",\"valueRequired\":true,\"valueName\":\"search_term_string\"}}],\"inLanguage\":\"es\"},{\"@type\":\"Organization\",\"@id\":\"https:\\\/\\\/centrourbano.com\\\/revista\\\/#organization\",\"name\":\"Centro Urbano\",\"url\":\"https:\\\/\\\/centrourbano.com\\\/revista\\\/\",\"logo\":{\"@type\":\"ImageObject\",\"inLanguage\":\"es\",\"@id\":\"https:\\\/\\\/centrourbano.com\\\/revista\\\/#\\\/schema\\\/logo\\\/image\\\/\",\"url\":\"https:\\\/\\\/centrourbano.com\\\/revista\\\/wp-content\\\/uploads\\\/web_CU_logo-1.png\",\"contentUrl\":\"https:\\\/\\\/centrourbano.com\\\/revista\\\/wp-content\\\/uploads\\\/web_CU_logo-1.png\",\"width\":350,\"height\":91,\"caption\":\"Centro Urbano\"},\"image\":{\"@id\":\"https:\\\/\\\/centrourbano.com\\\/revista\\\/#\\\/schema\\\/logo\\\/image\\\/\"},\"sameAs\":[\"https:\\\/\\\/www.facebook.com\\\/portalcentrourbano\",\"https:\\\/\\\/x.com\\\/CentroUrbano\",\"https:\\\/\\\/www.instagram.com\\\/centro_urbano\\\/\",\"https:\\\/\\\/www.linkedin.com\\\/company\\\/centro-urbano\\\/\",\"http:\\\/\\\/www.youtube.com\\\/user\\\/portalcentrourbano\"]},{\"@type\":\"Person\",\"@id\":\"https:\\\/\\\/centrourbano.com\\\/revista\\\/#\\\/schema\\\/person\\\/370fa0ba2d8dd5bde3fdb8b62ad360aa\",\"name\":\"G4A\",\"image\":{\"@type\":\"ImageObject\",\"inLanguage\":\"es\",\"@id\":\"https:\\\/\\\/secure.gravatar.com\\\/avatar\\\/932a97121b13d5de5bbd8193c6c83d3b92c9eda0f39623607d4280e7a5778d97?s=96&d=mm&r=g\",\"url\":\"https:\\\/\\\/secure.gravatar.com\\\/avatar\\\/932a97121b13d5de5bbd8193c6c83d3b92c9eda0f39623607d4280e7a5778d97?s=96&d=mm&r=g\",\"contentUrl\":\"https:\\\/\\\/secure.gravatar.com\\\/avatar\\\/932a97121b13d5de5bbd8193c6c83d3b92c9eda0f39623607d4280e7a5778d97?s=96&d=mm&r=g\",\"caption\":\"G4A\"},\"url\":\"https:\\\/\\\/centrourbano.com\\\/revista\\\/author\\\/admin-g4a\\\/\"}]}<\/script>\n<!-- \/ Yoast SEO plugin. -->","yoast_head_json":{"title":"Lo Mejor del A\u00f1o: Aprueban segundo cr\u00e9dito para trabajadores del Estado -","description":"La C\u00e1mara de Diputados aprob\u00f3, con 425 votos a favor, la reforma que permite a los trabajadores al servicio del estado obtener un segundo cr\u00e9dito para la #vivienda.","robots":{"index":"index","follow":"follow","max-snippet":"max-snippet:-1","max-image-preview":"max-image-preview:large","max-video-preview":"max-video-preview:-1"},"canonical":"https:\/\/centrourbano.com\/revista\/lo-mejor-del-2016\/lo-mejor-del-ano-aprueban-segundo-credito-para-trabajadores-del-estado\/","og_locale":"es_ES","og_type":"article","og_title":"Lo Mejor del A\u00f1o: Aprueban segundo cr\u00e9dito para trabajadores del Estado -","og_description":"La C\u00e1mara de Diputados aprob\u00f3, con 425 votos a favor, la reforma que permite a los trabajadores al servicio del estado obtener un segundo cr\u00e9dito para la #vivienda.","og_url":"https:\/\/centrourbano.com\/revista\/lo-mejor-del-2016\/lo-mejor-del-ano-aprueban-segundo-credito-para-trabajadores-del-estado\/","og_site_name":"Centro Urbano","article_publisher":"https:\/\/www.facebook.com\/portalcentrourbano","article_published_time":"2016-12-22T22:29:23+00:00","article_modified_time":"2016-12-22T22:30:29+00:00","og_image":[{"width":800,"height":533,"url":"https:\/\/centrourbano.com\/revista\/wp-content\/uploads\/bloggif_585c536cb7f0c.jpeg","type":"image\/jpeg"}],"author":"G4A","twitter_card":"summary_large_image","twitter_creator":"@CentroUrbano","twitter_site":"@CentroUrbano","twitter_misc":{"Escrito por":"G4A","Tiempo de lectura":"1 minuto"},"schema":{"@context":"https:\/\/schema.org","@graph":[{"@type":"Article","@id":"https:\/\/centrourbano.com\/revista\/lo-mejor-del-2016\/lo-mejor-del-ano-aprueban-segundo-credito-para-trabajadores-del-estado\/#article","isPartOf":{"@id":"https:\/\/centrourbano.com\/revista\/lo-mejor-del-2016\/lo-mejor-del-ano-aprueban-segundo-credito-para-trabajadores-del-estado\/"},"author":{"name":"G4A","@id":"https:\/\/centrourbano.com\/revista\/#\/schema\/person\/370fa0ba2d8dd5bde3fdb8b62ad360aa"},"headline":"Lo Mejor del A\u00f1o: Aprueban segundo cr\u00e9dito para trabajadores del Estado","datePublished":"2016-12-22T22:29:23+00:00","dateModified":"2016-12-22T22:30:29+00:00","mainEntityOfPage":{"@id":"https:\/\/centrourbano.com\/revista\/lo-mejor-del-2016\/lo-mejor-del-ano-aprueban-segundo-credito-para-trabajadores-del-estado\/"},"wordCount":228,"commentCount":0,"publisher":{"@id":"https:\/\/centrourbano.com\/revista\/#organization"},"image":{"@id":"https:\/\/centrourbano.com\/revista\/lo-mejor-del-2016\/lo-mejor-del-ano-aprueban-segundo-credito-para-trabajadores-del-estado\/#primaryimage"},"thumbnailUrl":"https:\/\/centrourbano.com\/revista\/wp-content\/uploads\/bloggif_585c536cb7f0c.jpeg","keywords":["ISSSTE","Jos\u00e9 Reyes Baeza","Segundo cr\u00e9dito Fovissste","trabajadores del Estado"],"articleSection":["LO MEJOR DEL 2016"],"inLanguage":"es"},{"@type":"WebPage","@id":"https:\/\/centrourbano.com\/revista\/lo-mejor-del-2016\/lo-mejor-del-ano-aprueban-segundo-credito-para-trabajadores-del-estado\/","url":"https:\/\/centrourbano.com\/revista\/lo-mejor-del-2016\/lo-mejor-del-ano-aprueban-segundo-credito-para-trabajadores-del-estado\/","name":"Lo Mejor del A\u00f1o: Aprueban segundo cr\u00e9dito para trabajadores del Estado -","isPartOf":{"@id":"https:\/\/centrourbano.com\/revista\/#website"},"primaryImageOfPage":{"@id":"https:\/\/centrourbano.com\/revista\/lo-mejor-del-2016\/lo-mejor-del-ano-aprueban-segundo-credito-para-trabajadores-del-estado\/#primaryimage"},"image":{"@id":"https:\/\/centrourbano.com\/revista\/lo-mejor-del-2016\/lo-mejor-del-ano-aprueban-segundo-credito-para-trabajadores-del-estado\/#primaryimage"},"thumbnailUrl":"https:\/\/centrourbano.com\/revista\/wp-content\/uploads\/bloggif_585c536cb7f0c.jpeg","datePublished":"2016-12-22T22:29:23+00:00","dateModified":"2016-12-22T22:30:29+00:00","description":"La C\u00e1mara de Diputados aprob\u00f3, con 425 votos a favor, la reforma que permite a los trabajadores al servicio del estado obtener un segundo cr\u00e9dito para la #vivienda.","breadcrumb":{"@id":"https:\/\/centrourbano.com\/revista\/lo-mejor-del-2016\/lo-mejor-del-ano-aprueban-segundo-credito-para-trabajadores-del-estado\/#breadcrumb"},"inLanguage":"es","potentialAction":[{"@type":"ReadAction","target":["https:\/\/centrourbano.com\/revista\/lo-mejor-del-2016\/lo-mejor-del-ano-aprueban-segundo-credito-para-trabajadores-del-estado\/"]}]},{"@type":"ImageObject","inLanguage":"es","@id":"https:\/\/centrourbano.com\/revista\/lo-mejor-del-2016\/lo-mejor-del-ano-aprueban-segundo-credito-para-trabajadores-del-estado\/#primaryimage","url":"https:\/\/centrourbano.com\/revista\/wp-content\/uploads\/bloggif_585c536cb7f0c.jpeg","contentUrl":"https:\/\/centrourbano.com\/revista\/wp-content\/uploads\/bloggif_585c536cb7f0c.jpeg","width":800,"height":533,"caption":"Se reformaron los art\u00edculos 167 y 179 de la Ley del Issste"},{"@type":"BreadcrumbList","@id":"https:\/\/centrourbano.com\/revista\/lo-mejor-del-2016\/lo-mejor-del-ano-aprueban-segundo-credito-para-trabajadores-del-estado\/#breadcrumb","itemListElement":[{"@type":"ListItem","position":1,"name":"Portada","item":"https:\/\/centrourbano.com\/revista\/"},{"@type":"ListItem","position":2,"name":"Lo Mejor del A\u00f1o: Aprueban segundo cr\u00e9dito para trabajadores del Estado"}]},{"@type":"WebSite","@id":"https:\/\/centrourbano.com\/revista\/#website","url":"https:\/\/centrourbano.com\/revista\/","name":"Centro Urbano","description":"Medio especializado en los sectores vivienda, inmobiliario, construcci\u00f3n, arquitectura y urbanismo.","publisher":{"@id":"https:\/\/centrourbano.com\/revista\/#organization"},"potentialAction":[{"@type":"SearchAction","target":{"@type":"EntryPoint","urlTemplate":"https:\/\/centrourbano.com\/revista\/?s={search_term_string}"},"query-input":{"@type":"PropertyValueSpecification","valueRequired":true,"valueName":"search_term_string"}}],"inLanguage":"es"},{"@type":"Organization","@id":"https:\/\/centrourbano.com\/revista\/#organization","name":"Centro Urbano","url":"https:\/\/centrourbano.com\/revista\/","logo":{"@type":"ImageObject","inLanguage":"es","@id":"https:\/\/centrourbano.com\/revista\/#\/schema\/logo\/image\/","url":"https:\/\/centrourbano.com\/revista\/wp-content\/uploads\/web_CU_logo-1.png","contentUrl":"https:\/\/centrourbano.com\/revista\/wp-content\/uploads\/web_CU_logo-1.png","width":350,"height":91,"caption":"Centro Urbano"},"image":{"@id":"https:\/\/centrourbano.com\/revista\/#\/schema\/logo\/image\/"},"sameAs":["https:\/\/www.facebook.com\/portalcentrourbano","https:\/\/x.com\/CentroUrbano","https:\/\/www.instagram.com\/centro_urbano\/","https:\/\/www.linkedin.com\/company\/centro-urbano\/","http:\/\/www.youtube.com\/user\/portalcentrourbano"]},{"@type":"Person","@id":"https:\/\/centrourbano.com\/revista\/#\/schema\/person\/370fa0ba2d8dd5bde3fdb8b62ad360aa","name":"G4A","image":{"@type":"ImageObject","inLanguage":"es","@id":"https:\/\/secure.gravatar.com\/avatar\/932a97121b13d5de5bbd8193c6c83d3b92c9eda0f39623607d4280e7a5778d97?s=96&d=mm&r=g","url":"https:\/\/secure.gravatar.com\/avatar\/932a97121b13d5de5bbd8193c6c83d3b92c9eda0f39623607d4280e7a5778d97?s=96&d=mm&r=g","contentUrl":"https:\/\/secure.gravatar.com\/avatar\/932a97121b13d5de5bbd8193c6c83d3b92c9eda0f39623607d4280e7a5778d97?s=96&d=mm&r=g","caption":"G4A"},"url":"https:\/\/centrourbano.com\/revista\/author\/admin-g4a\/"}]}},"_links":{"self":[{"href":"https:\/\/centrourbano.com\/revista\/wp-json\/wp\/v2\/posts\/45842","targetHints":{"allow":["GET"]}}],"collection":[{"href":"https:\/\/centrourbano.com\/revista\/wp-json\/wp\/v2\/posts"}],"about":[{"href":"https:\/\/centrourbano.com\/revista\/wp-json\/wp\/v2\/types\/post"}],"author":[{"embeddable":true,"href":"https:\/\/centrourbano.com\/revista\/wp-json\/wp\/v2\/users\/77"}],"replies":[{"embeddable":true,"href":"https:\/\/centrourbano.com\/revista\/wp-json\/wp\/v2\/comments?post=45842"}],"version-history":[{"count":0,"href":"https:\/\/centrourbano.com\/revista\/wp-json\/wp\/v2\/posts\/45842\/revisions"}],"wp:featuredmedia":[{"embeddable":true,"href":"https:\/\/centrourbano.com\/revista\/wp-json\/wp\/v2\/media\/45843"}],"wp:attachment":[{"href":"https:\/\/centrourbano.com\/revista\/wp-json\/wp\/v2\/media?parent=45842"}],"wp:term":[{"taxonomy":"category","embeddable":true,"href":"https:\/\/centrourbano.com\/revista\/wp-json\/wp\/v2\/categories?post=45842"},{"taxonomy":"post_tag","embeddable":true,"href":"https:\/\/centrourbano.com\/revista\/wp-json\/wp\/v2\/tags?post=45842"}],"curies":[{"name":"wp","href":"https:\/\/api.w.org\/{rel}","templated":true}]}}