{"id":45584,"date":"2016-12-19T14:48:48","date_gmt":"2016-12-19T20:48:48","guid":{"rendered":"https:\/\/centrourbano.com\/?p=45584"},"modified":"2016-12-19T14:51:30","modified_gmt":"2016-12-19T20:51:30","slug":"aprueban-cambios-ley-propiedad-condominio-inmuebles-cdmx","status":"publish","type":"post","link":"https:\/\/centrourbano.com\/revista\/vivienda\/aprueban-cambios-ley-propiedad-condominio-inmuebles-cdmx\/","title":{"rendered":"Aprueban cambios a Ley de Propiedad en Condominio CDMX"},"content":{"rendered":"<p><em>Los diputados capitalinos avalaron las reformas que buscan \u201cdar certidumbre y claridad a los ciudadanos\u201d<\/em><!--more--><\/p>\n<p>Con 51 votos a favor, el pleno de la Asamblea Legislativa del Distrito Federal (ALDF) aprob\u00f3 el dictamen por el cual se reforman y adicionan diversas disposiciones de la <strong>Ley de Propiedad en Condominio de Inmuebles<\/strong> para la capital del pa\u00eds. <\/p>\n<p>Con la aprobaci\u00f3n de la iniciativa, presentada por la diputada Margarita Mart\u00ednez Fisher, se reforma el texto de la fracci\u00f3n primera del art\u00edculo primero, a fin de quedar como p\u00e1rrafo pen\u00faltimo, adem\u00e1s que se adiciona nuevo texto a la Fracci\u00f3n Tercera, as\u00ed como a las Fracciones Cuarta y Quinta pertenecientes al Art\u00edculo Octavo de la mencionada ley.<\/p>\n<p>De esta manera, la redacci\u00f3n de la Ley de Propiedad en Condominio de Inmueble para el Distrito Federal queda de la siguiente forma: <\/p>\n<p>\u2022\tFracci\u00f3n Tercera: Se obtengan previamente de la delegaci\u00f3n las licencias de construcci\u00f3n especial procedentes, la c\u00e9dula de publicitaci\u00f3n y el registro de la manifestaci\u00f3n de construcci\u00f3n tipo B o C.<br \/>\n\u2022\tFracci\u00f3n Cuarta: Se obtengan previamente de la Secretar\u00eda de Desarrollo Urbano y Vivienda el certificado \u00fanico de zonificaci\u00f3n de uso de suelo y el dictamen de impacto urbano correspondiente.<br \/>\n\u2022\tFracci\u00f3n Quinta: Se obtenga previamente de la Secretar\u00eda de Medio Ambiente la autorizaci\u00f3n de impacto ambiental correspondiente.<\/p>\n<p>Sobre la iniciativa, la presidenta de la Comisi\u00f3n de Vivienda explic\u00f3 que en caso de que el proyecto original tenga modificaciones por el n\u00famero de unidades de propiedad privativa por ampliaci\u00f3n, destino y bienes de uso com\u00fan, la Asamblea General a trav\u00e9s de la persona designada o quien constituy\u00f3 este r\u00e9gimen de propiedad en condominio, tendr\u00e1 la obligaci\u00f3n de modificar la escritura constitutiva ante un notario p\u00fablico en un t\u00e9rmino no mayor de seis meses.<\/p>\n<p>Por su parte, Victor Hugo Romo, legislador de la bancada del Partido de la Revoluci\u00f3n Democr\u00e1tica (PRD) se\u00f1al\u00f3 que el dictamen aprobado es de suma importancia, puesto que genera mecanismos que permitan que los desarrolladores no entreguen la vivienda con la mitigaci\u00f3n correspondiente en donde existe el verdadero impacto urbano.<\/p>\n<p>\u201cSe est\u00e1n poniendo candados desde la Ley Condominal en el tema de obligatoriedad para que al momento de escriturar se garantice conformidad en la construcci\u00f3n y dar cumplimiento a las medidas de mitigaci\u00f3n (\u2026) El objetivo de estos cambios es dar certidumbre y claridad a los ciudadanos ya que con estas reformas se deber\u00e1 tener la c\u00e9dula de publicitaci\u00f3n otorgada por las demarcaciones\u201d, puntualiz\u00f3 Romo. <\/p>\n","protected":false},"excerpt":{"rendered":"<p>Los diputados capitalinos avalaron las reformas que buscan \u201cdar certidumbre y claridad a los ciudadanos\u201d<\/p>\n","protected":false},"author":47,"featured_media":36973,"comment_status":"open","ping_status":"closed","sticky":false,"template":"","format":"standard","meta":{"om_disable_all_campaigns":false,"inline_featured_image":false,"_monsterinsights_skip_tracking":false,"_monsterinsights_sitenote_active":false,"_monsterinsights_sitenote_note":"","_monsterinsights_sitenote_category":0,"footnotes":""},"categories":[12],"tags":[332,9122],"class_list":["post-45584","post","type-post","status-publish","format-standard","has-post-thumbnail","hentry","category-vivienda","tag-aldf","tag-ley-de-propiedad-en-condominio-de-inmuebles-cdmx"],"yoast_head":"<!-- This site is optimized with the Yoast SEO plugin v27.4 - https:\/\/yoast.com\/product\/yoast-seo-wordpress\/ -->\n<title>Aprueban cambios a Ley de Propiedad en Condominio CDMX -<\/title>\n<meta name=\"description\" content=\"Con 51 votos a favor, el pleno de la Asamblea Legislativa del Distrito Federal (ALDF) aprob\u00f3 el dictamen por el cual se reforman y adicionan diversas disposiciones de la Ley de Propiedad en Condominio de Inmuebles para la capital del pa\u00eds.\" \/>\n<meta name=\"robots\" content=\"index, follow, max-snippet:-1, max-image-preview:large, max-video-preview:-1\" \/>\n<link rel=\"canonical\" href=\"https:\/\/centrourbano.com\/revista\/vivienda\/aprueban-cambios-ley-propiedad-condominio-inmuebles-cdmx\/\" \/>\n<meta property=\"og:locale\" content=\"es_ES\" \/>\n<meta property=\"og:type\" content=\"article\" \/>\n<meta property=\"og:title\" content=\"Aprueban cambios a Ley de Propiedad en Condominio CDMX -\" \/>\n<meta property=\"og:description\" content=\"Con 51 votos a favor, el pleno de la Asamblea Legislativa del Distrito Federal (ALDF) aprob\u00f3 el dictamen por el cual se reforman y adicionan diversas disposiciones de la Ley de Propiedad en Condominio de Inmuebles para la capital del pa\u00eds.\" \/>\n<meta property=\"og:url\" content=\"https:\/\/centrourbano.com\/revista\/vivienda\/aprueban-cambios-ley-propiedad-condominio-inmuebles-cdmx\/\" \/>\n<meta property=\"og:site_name\" content=\"Centro Urbano\" \/>\n<meta property=\"article:publisher\" content=\"https:\/\/www.facebook.com\/portalcentrourbano\" \/>\n<meta property=\"article:published_time\" content=\"2016-12-19T20:48:48+00:00\" \/>\n<meta property=\"article:modified_time\" content=\"2016-12-19T20:51:30+00:00\" \/>\n<meta property=\"og:image\" content=\"https:\/\/centrourbano.com\/revista\/wp-content\/uploads\/digitallpost_aldfmexico-1024x685.jpg\" \/>\n\t<meta property=\"og:image:width\" content=\"1024\" \/>\n\t<meta property=\"og:image:height\" content=\"685\" \/>\n\t<meta property=\"og:image:type\" content=\"image\/jpeg\" \/>\n<meta name=\"author\" content=\"Edgar Rosas\" \/>\n<meta name=\"twitter:card\" content=\"summary_large_image\" \/>\n<meta name=\"twitter:creator\" content=\"@https:\/\/twitter.com\/ERosasCU?s=09\" \/>\n<meta name=\"twitter:site\" content=\"@CentroUrbano\" \/>\n<meta name=\"twitter:label1\" content=\"Escrito por\" \/>\n\t<meta name=\"twitter:data1\" content=\"Edgar Rosas\" \/>\n\t<meta name=\"twitter:label2\" content=\"Tiempo de lectura\" \/>\n\t<meta name=\"twitter:data2\" content=\"2 minutos\" \/>\n<script type=\"application\/ld+json\" class=\"yoast-schema-graph\">{\"@context\":\"https:\\\/\\\/schema.org\",\"@graph\":[{\"@type\":\"Article\",\"@id\":\"https:\\\/\\\/centrourbano.com\\\/revista\\\/vivienda\\\/aprueban-cambios-ley-propiedad-condominio-inmuebles-cdmx\\\/#article\",\"isPartOf\":{\"@id\":\"https:\\\/\\\/centrourbano.com\\\/revista\\\/vivienda\\\/aprueban-cambios-ley-propiedad-condominio-inmuebles-cdmx\\\/\"},\"author\":{\"name\":\"Edgar Rosas\",\"@id\":\"https:\\\/\\\/centrourbano.com\\\/revista\\\/#\\\/schema\\\/person\\\/ff3c00651ce5b1630479d2cd0c2e3ac0\"},\"headline\":\"Aprueban cambios a Ley de Propiedad en Condominio CDMX\",\"datePublished\":\"2016-12-19T20:48:48+00:00\",\"dateModified\":\"2016-12-19T20:51:30+00:00\",\"mainEntityOfPage\":{\"@id\":\"https:\\\/\\\/centrourbano.com\\\/revista\\\/vivienda\\\/aprueban-cambios-ley-propiedad-condominio-inmuebles-cdmx\\\/\"},\"wordCount\":451,\"commentCount\":0,\"publisher\":{\"@id\":\"https:\\\/\\\/centrourbano.com\\\/revista\\\/#organization\"},\"image\":{\"@id\":\"https:\\\/\\\/centrourbano.com\\\/revista\\\/vivienda\\\/aprueban-cambios-ley-propiedad-condominio-inmuebles-cdmx\\\/#primaryimage\"},\"thumbnailUrl\":\"https:\\\/\\\/centrourbano.com\\\/revista\\\/wp-content\\\/uploads\\\/digitallpost_aldfmexico-1024x685.jpg\",\"keywords\":[\"ALDF\",\"Ley de Propiedad en Condominio de Inmuebles CDMX\"],\"articleSection\":[\"Vivienda\"],\"inLanguage\":\"es\",\"potentialAction\":[{\"@type\":\"CommentAction\",\"name\":\"Comment\",\"target\":[\"https:\\\/\\\/centrourbano.com\\\/revista\\\/vivienda\\\/aprueban-cambios-ley-propiedad-condominio-inmuebles-cdmx\\\/#respond\"]}]},{\"@type\":\"WebPage\",\"@id\":\"https:\\\/\\\/centrourbano.com\\\/revista\\\/vivienda\\\/aprueban-cambios-ley-propiedad-condominio-inmuebles-cdmx\\\/\",\"url\":\"https:\\\/\\\/centrourbano.com\\\/revista\\\/vivienda\\\/aprueban-cambios-ley-propiedad-condominio-inmuebles-cdmx\\\/\",\"name\":\"Aprueban cambios a Ley de Propiedad en Condominio CDMX -\",\"isPartOf\":{\"@id\":\"https:\\\/\\\/centrourbano.com\\\/revista\\\/#website\"},\"primaryImageOfPage\":{\"@id\":\"https:\\\/\\\/centrourbano.com\\\/revista\\\/vivienda\\\/aprueban-cambios-ley-propiedad-condominio-inmuebles-cdmx\\\/#primaryimage\"},\"image\":{\"@id\":\"https:\\\/\\\/centrourbano.com\\\/revista\\\/vivienda\\\/aprueban-cambios-ley-propiedad-condominio-inmuebles-cdmx\\\/#primaryimage\"},\"thumbnailUrl\":\"https:\\\/\\\/centrourbano.com\\\/revista\\\/wp-content\\\/uploads\\\/digitallpost_aldfmexico-1024x685.jpg\",\"datePublished\":\"2016-12-19T20:48:48+00:00\",\"dateModified\":\"2016-12-19T20:51:30+00:00\",\"description\":\"Con 51 votos a favor, el pleno de la Asamblea Legislativa del Distrito Federal (ALDF) aprob\u00f3 el dictamen por el cual se reforman y adicionan diversas disposiciones de la Ley de Propiedad en Condominio de Inmuebles para la capital del pa\u00eds.\",\"breadcrumb\":{\"@id\":\"https:\\\/\\\/centrourbano.com\\\/revista\\\/vivienda\\\/aprueban-cambios-ley-propiedad-condominio-inmuebles-cdmx\\\/#breadcrumb\"},\"inLanguage\":\"es\",\"potentialAction\":[{\"@type\":\"ReadAction\",\"target\":[\"https:\\\/\\\/centrourbano.com\\\/revista\\\/vivienda\\\/aprueban-cambios-ley-propiedad-condominio-inmuebles-cdmx\\\/\"]}]},{\"@type\":\"ImageObject\",\"inLanguage\":\"es\",\"@id\":\"https:\\\/\\\/centrourbano.com\\\/revista\\\/vivienda\\\/aprueban-cambios-ley-propiedad-condominio-inmuebles-cdmx\\\/#primaryimage\",\"url\":\"https:\\\/\\\/centrourbano.com\\\/revista\\\/wp-content\\\/uploads\\\/digitallpost_aldfmexico-1024x685.jpg\",\"contentUrl\":\"https:\\\/\\\/centrourbano.com\\\/revista\\\/wp-content\\\/uploads\\\/digitallpost_aldfmexico-1024x685.jpg\",\"width\":1024,\"height\":685,\"caption\":\"La diputada Dunia Ludlow, presidenta de la Comisi\u00f3n de Vivienda en la Asamblea Legislativa (ALDF), presentar\u00e1 ante el pleno de la Comisi\u00f3n Permanente el punto de acuerdo que exhorta al INVI renueve e informe a detalle sobre el n\u00famero de cr\u00e9ditos y montos a los que son acreedores cada organizaci\u00f3n civil, y cu\u00e1ntas de \u00e9stas est\u00e1n sancionadas, y a su vez, cu\u00e1ntas personas se han beneficiado a trav\u00e9s de estos grupos.\"},{\"@type\":\"BreadcrumbList\",\"@id\":\"https:\\\/\\\/centrourbano.com\\\/revista\\\/vivienda\\\/aprueban-cambios-ley-propiedad-condominio-inmuebles-cdmx\\\/#breadcrumb\",\"itemListElement\":[{\"@type\":\"ListItem\",\"position\":1,\"name\":\"Portada\",\"item\":\"https:\\\/\\\/centrourbano.com\\\/revista\\\/\"},{\"@type\":\"ListItem\",\"position\":2,\"name\":\"Aprueban cambios a Ley de Propiedad en Condominio CDMX\"}]},{\"@type\":\"WebSite\",\"@id\":\"https:\\\/\\\/centrourbano.com\\\/revista\\\/#website\",\"url\":\"https:\\\/\\\/centrourbano.com\\\/revista\\\/\",\"name\":\"Centro Urbano\",\"description\":\"Medio especializado en los sectores vivienda, inmobiliario, construcci\u00f3n, arquitectura y urbanismo.\",\"publisher\":{\"@id\":\"https:\\\/\\\/centrourbano.com\\\/revista\\\/#organization\"},\"potentialAction\":[{\"@type\":\"SearchAction\",\"target\":{\"@type\":\"EntryPoint\",\"urlTemplate\":\"https:\\\/\\\/centrourbano.com\\\/revista\\\/?s={search_term_string}\"},\"query-input\":{\"@type\":\"PropertyValueSpecification\",\"valueRequired\":true,\"valueName\":\"search_term_string\"}}],\"inLanguage\":\"es\"},{\"@type\":\"Organization\",\"@id\":\"https:\\\/\\\/centrourbano.com\\\/revista\\\/#organization\",\"name\":\"Centro Urbano\",\"url\":\"https:\\\/\\\/centrourbano.com\\\/revista\\\/\",\"logo\":{\"@type\":\"ImageObject\",\"inLanguage\":\"es\",\"@id\":\"https:\\\/\\\/centrourbano.com\\\/revista\\\/#\\\/schema\\\/logo\\\/image\\\/\",\"url\":\"https:\\\/\\\/centrourbano.com\\\/revista\\\/wp-content\\\/uploads\\\/web_CU_logo-1.png\",\"contentUrl\":\"https:\\\/\\\/centrourbano.com\\\/revista\\\/wp-content\\\/uploads\\\/web_CU_logo-1.png\",\"width\":350,\"height\":91,\"caption\":\"Centro Urbano\"},\"image\":{\"@id\":\"https:\\\/\\\/centrourbano.com\\\/revista\\\/#\\\/schema\\\/logo\\\/image\\\/\"},\"sameAs\":[\"https:\\\/\\\/www.facebook.com\\\/portalcentrourbano\",\"https:\\\/\\\/x.com\\\/CentroUrbano\",\"https:\\\/\\\/www.instagram.com\\\/centro_urbano\\\/\",\"https:\\\/\\\/www.linkedin.com\\\/company\\\/centro-urbano\\\/\",\"http:\\\/\\\/www.youtube.com\\\/user\\\/portalcentrourbano\"]},{\"@type\":\"Person\",\"@id\":\"https:\\\/\\\/centrourbano.com\\\/revista\\\/#\\\/schema\\\/person\\\/ff3c00651ce5b1630479d2cd0c2e3ac0\",\"name\":\"Edgar Rosas\",\"image\":{\"@type\":\"ImageObject\",\"inLanguage\":\"es\",\"@id\":\"https:\\\/\\\/secure.gravatar.com\\\/avatar\\\/94440c4283495211faa5300bf85e80061036b83fced868c3783aa1310b350d9c?s=96&d=mm&r=g\",\"url\":\"https:\\\/\\\/secure.gravatar.com\\\/avatar\\\/94440c4283495211faa5300bf85e80061036b83fced868c3783aa1310b350d9c?s=96&d=mm&r=g\",\"contentUrl\":\"https:\\\/\\\/secure.gravatar.com\\\/avatar\\\/94440c4283495211faa5300bf85e80061036b83fced868c3783aa1310b350d9c?s=96&d=mm&r=g\",\"caption\":\"Edgar Rosas\"},\"description\":\"Editor en Jefe de Centro Urbano. Egresado de la maestr\u00eda en Periodismo Pol\u00edtico de la Escuela de Periodismo Carlos Septi\u00e9n Garc\u00eda (EPCSG). Estudi\u00f3 la licenciatura en Comunicaci\u00f3n en la Universidad Mexicana. Amante de la cr\u00f3nica y el reportaje. Admirador de Vicente Le\u00f1ero y Miguel \u00c1ngel Granados Chapa.\",\"sameAs\":[\"https:\\\/\\\/x.com\\\/https:\\\/\\\/twitter.com\\\/ERosasCU?s=09\"],\"url\":\"https:\\\/\\\/centrourbano.com\\\/revista\\\/author\\\/edgar-rosas\\\/\"}]}<\/script>\n<!-- \/ Yoast SEO plugin. -->","yoast_head_json":{"title":"Aprueban cambios a Ley de Propiedad en Condominio CDMX -","description":"Con 51 votos a favor, el pleno de la Asamblea Legislativa del Distrito Federal (ALDF) aprob\u00f3 el dictamen por el cual se reforman y adicionan diversas disposiciones de la Ley de Propiedad en Condominio de Inmuebles para la capital del pa\u00eds.","robots":{"index":"index","follow":"follow","max-snippet":"max-snippet:-1","max-image-preview":"max-image-preview:large","max-video-preview":"max-video-preview:-1"},"canonical":"https:\/\/centrourbano.com\/revista\/vivienda\/aprueban-cambios-ley-propiedad-condominio-inmuebles-cdmx\/","og_locale":"es_ES","og_type":"article","og_title":"Aprueban cambios a Ley de Propiedad en Condominio CDMX -","og_description":"Con 51 votos a favor, el pleno de la Asamblea Legislativa del Distrito Federal (ALDF) aprob\u00f3 el dictamen por el cual se reforman y adicionan diversas disposiciones de la Ley de Propiedad en Condominio de Inmuebles para la capital del pa\u00eds.","og_url":"https:\/\/centrourbano.com\/revista\/vivienda\/aprueban-cambios-ley-propiedad-condominio-inmuebles-cdmx\/","og_site_name":"Centro Urbano","article_publisher":"https:\/\/www.facebook.com\/portalcentrourbano","article_published_time":"2016-12-19T20:48:48+00:00","article_modified_time":"2016-12-19T20:51:30+00:00","og_image":[{"width":1024,"height":685,"url":"https:\/\/centrourbano.com\/revista\/wp-content\/uploads\/digitallpost_aldfmexico-1024x685.jpg","type":"image\/jpeg"}],"author":"Edgar Rosas","twitter_card":"summary_large_image","twitter_creator":"@https:\/\/twitter.com\/ERosasCU?s=09","twitter_site":"@CentroUrbano","twitter_misc":{"Escrito por":"Edgar Rosas","Tiempo de lectura":"2 minutos"},"schema":{"@context":"https:\/\/schema.org","@graph":[{"@type":"Article","@id":"https:\/\/centrourbano.com\/revista\/vivienda\/aprueban-cambios-ley-propiedad-condominio-inmuebles-cdmx\/#article","isPartOf":{"@id":"https:\/\/centrourbano.com\/revista\/vivienda\/aprueban-cambios-ley-propiedad-condominio-inmuebles-cdmx\/"},"author":{"name":"Edgar Rosas","@id":"https:\/\/centrourbano.com\/revista\/#\/schema\/person\/ff3c00651ce5b1630479d2cd0c2e3ac0"},"headline":"Aprueban cambios a Ley de Propiedad en Condominio CDMX","datePublished":"2016-12-19T20:48:48+00:00","dateModified":"2016-12-19T20:51:30+00:00","mainEntityOfPage":{"@id":"https:\/\/centrourbano.com\/revista\/vivienda\/aprueban-cambios-ley-propiedad-condominio-inmuebles-cdmx\/"},"wordCount":451,"commentCount":0,"publisher":{"@id":"https:\/\/centrourbano.com\/revista\/#organization"},"image":{"@id":"https:\/\/centrourbano.com\/revista\/vivienda\/aprueban-cambios-ley-propiedad-condominio-inmuebles-cdmx\/#primaryimage"},"thumbnailUrl":"https:\/\/centrourbano.com\/revista\/wp-content\/uploads\/digitallpost_aldfmexico-1024x685.jpg","keywords":["ALDF","Ley de Propiedad en Condominio de Inmuebles CDMX"],"articleSection":["Vivienda"],"inLanguage":"es","potentialAction":[{"@type":"CommentAction","name":"Comment","target":["https:\/\/centrourbano.com\/revista\/vivienda\/aprueban-cambios-ley-propiedad-condominio-inmuebles-cdmx\/#respond"]}]},{"@type":"WebPage","@id":"https:\/\/centrourbano.com\/revista\/vivienda\/aprueban-cambios-ley-propiedad-condominio-inmuebles-cdmx\/","url":"https:\/\/centrourbano.com\/revista\/vivienda\/aprueban-cambios-ley-propiedad-condominio-inmuebles-cdmx\/","name":"Aprueban cambios a Ley de Propiedad en Condominio CDMX -","isPartOf":{"@id":"https:\/\/centrourbano.com\/revista\/#website"},"primaryImageOfPage":{"@id":"https:\/\/centrourbano.com\/revista\/vivienda\/aprueban-cambios-ley-propiedad-condominio-inmuebles-cdmx\/#primaryimage"},"image":{"@id":"https:\/\/centrourbano.com\/revista\/vivienda\/aprueban-cambios-ley-propiedad-condominio-inmuebles-cdmx\/#primaryimage"},"thumbnailUrl":"https:\/\/centrourbano.com\/revista\/wp-content\/uploads\/digitallpost_aldfmexico-1024x685.jpg","datePublished":"2016-12-19T20:48:48+00:00","dateModified":"2016-12-19T20:51:30+00:00","description":"Con 51 votos a favor, el pleno de la Asamblea Legislativa del Distrito Federal (ALDF) aprob\u00f3 el dictamen por el cual se reforman y adicionan diversas disposiciones de la Ley de Propiedad en Condominio de Inmuebles para la capital del pa\u00eds.","breadcrumb":{"@id":"https:\/\/centrourbano.com\/revista\/vivienda\/aprueban-cambios-ley-propiedad-condominio-inmuebles-cdmx\/#breadcrumb"},"inLanguage":"es","potentialAction":[{"@type":"ReadAction","target":["https:\/\/centrourbano.com\/revista\/vivienda\/aprueban-cambios-ley-propiedad-condominio-inmuebles-cdmx\/"]}]},{"@type":"ImageObject","inLanguage":"es","@id":"https:\/\/centrourbano.com\/revista\/vivienda\/aprueban-cambios-ley-propiedad-condominio-inmuebles-cdmx\/#primaryimage","url":"https:\/\/centrourbano.com\/revista\/wp-content\/uploads\/digitallpost_aldfmexico-1024x685.jpg","contentUrl":"https:\/\/centrourbano.com\/revista\/wp-content\/uploads\/digitallpost_aldfmexico-1024x685.jpg","width":1024,"height":685,"caption":"La diputada Dunia Ludlow, presidenta de la Comisi\u00f3n de Vivienda en la Asamblea Legislativa (ALDF), presentar\u00e1 ante el pleno de la Comisi\u00f3n Permanente el punto de acuerdo que exhorta al INVI renueve e informe a detalle sobre el n\u00famero de cr\u00e9ditos y montos a los que son acreedores cada organizaci\u00f3n civil, y cu\u00e1ntas de \u00e9stas est\u00e1n sancionadas, y a su vez, cu\u00e1ntas personas se han beneficiado a trav\u00e9s de estos grupos."},{"@type":"BreadcrumbList","@id":"https:\/\/centrourbano.com\/revista\/vivienda\/aprueban-cambios-ley-propiedad-condominio-inmuebles-cdmx\/#breadcrumb","itemListElement":[{"@type":"ListItem","position":1,"name":"Portada","item":"https:\/\/centrourbano.com\/revista\/"},{"@type":"ListItem","position":2,"name":"Aprueban cambios a Ley de Propiedad en Condominio CDMX"}]},{"@type":"WebSite","@id":"https:\/\/centrourbano.com\/revista\/#website","url":"https:\/\/centrourbano.com\/revista\/","name":"Centro Urbano","description":"Medio especializado en los sectores vivienda, inmobiliario, construcci\u00f3n, arquitectura y urbanismo.","publisher":{"@id":"https:\/\/centrourbano.com\/revista\/#organization"},"potentialAction":[{"@type":"SearchAction","target":{"@type":"EntryPoint","urlTemplate":"https:\/\/centrourbano.com\/revista\/?s={search_term_string}"},"query-input":{"@type":"PropertyValueSpecification","valueRequired":true,"valueName":"search_term_string"}}],"inLanguage":"es"},{"@type":"Organization","@id":"https:\/\/centrourbano.com\/revista\/#organization","name":"Centro Urbano","url":"https:\/\/centrourbano.com\/revista\/","logo":{"@type":"ImageObject","inLanguage":"es","@id":"https:\/\/centrourbano.com\/revista\/#\/schema\/logo\/image\/","url":"https:\/\/centrourbano.com\/revista\/wp-content\/uploads\/web_CU_logo-1.png","contentUrl":"https:\/\/centrourbano.com\/revista\/wp-content\/uploads\/web_CU_logo-1.png","width":350,"height":91,"caption":"Centro Urbano"},"image":{"@id":"https:\/\/centrourbano.com\/revista\/#\/schema\/logo\/image\/"},"sameAs":["https:\/\/www.facebook.com\/portalcentrourbano","https:\/\/x.com\/CentroUrbano","https:\/\/www.instagram.com\/centro_urbano\/","https:\/\/www.linkedin.com\/company\/centro-urbano\/","http:\/\/www.youtube.com\/user\/portalcentrourbano"]},{"@type":"Person","@id":"https:\/\/centrourbano.com\/revista\/#\/schema\/person\/ff3c00651ce5b1630479d2cd0c2e3ac0","name":"Edgar Rosas","image":{"@type":"ImageObject","inLanguage":"es","@id":"https:\/\/secure.gravatar.com\/avatar\/94440c4283495211faa5300bf85e80061036b83fced868c3783aa1310b350d9c?s=96&d=mm&r=g","url":"https:\/\/secure.gravatar.com\/avatar\/94440c4283495211faa5300bf85e80061036b83fced868c3783aa1310b350d9c?s=96&d=mm&r=g","contentUrl":"https:\/\/secure.gravatar.com\/avatar\/94440c4283495211faa5300bf85e80061036b83fced868c3783aa1310b350d9c?s=96&d=mm&r=g","caption":"Edgar Rosas"},"description":"Editor en Jefe de Centro Urbano. Egresado de la maestr\u00eda en Periodismo Pol\u00edtico de la Escuela de Periodismo Carlos Septi\u00e9n Garc\u00eda (EPCSG). Estudi\u00f3 la licenciatura en Comunicaci\u00f3n en la Universidad Mexicana. Amante de la cr\u00f3nica y el reportaje. Admirador de Vicente Le\u00f1ero y Miguel \u00c1ngel Granados Chapa.","sameAs":["https:\/\/x.com\/https:\/\/twitter.com\/ERosasCU?s=09"],"url":"https:\/\/centrourbano.com\/revista\/author\/edgar-rosas\/"}]}},"_links":{"self":[{"href":"https:\/\/centrourbano.com\/revista\/wp-json\/wp\/v2\/posts\/45584","targetHints":{"allow":["GET"]}}],"collection":[{"href":"https:\/\/centrourbano.com\/revista\/wp-json\/wp\/v2\/posts"}],"about":[{"href":"https:\/\/centrourbano.com\/revista\/wp-json\/wp\/v2\/types\/post"}],"author":[{"embeddable":true,"href":"https:\/\/centrourbano.com\/revista\/wp-json\/wp\/v2\/users\/47"}],"replies":[{"embeddable":true,"href":"https:\/\/centrourbano.com\/revista\/wp-json\/wp\/v2\/comments?post=45584"}],"version-history":[{"count":0,"href":"https:\/\/centrourbano.com\/revista\/wp-json\/wp\/v2\/posts\/45584\/revisions"}],"wp:featuredmedia":[{"embeddable":true,"href":"https:\/\/centrourbano.com\/revista\/wp-json\/wp\/v2\/media\/36973"}],"wp:attachment":[{"href":"https:\/\/centrourbano.com\/revista\/wp-json\/wp\/v2\/media?parent=45584"}],"wp:term":[{"taxonomy":"category","embeddable":true,"href":"https:\/\/centrourbano.com\/revista\/wp-json\/wp\/v2\/categories?post=45584"},{"taxonomy":"post_tag","embeddable":true,"href":"https:\/\/centrourbano.com\/revista\/wp-json\/wp\/v2\/tags?post=45584"}],"curies":[{"name":"wp","href":"https:\/\/api.w.org\/{rel}","templated":true}]}}