{"id":45578,"date":"2016-12-19T14:19:38","date_gmt":"2016-12-19T20:19:38","guid":{"rendered":"https:\/\/centrourbano.com\/?p=45578"},"modified":"2016-12-19T14:19:38","modified_gmt":"2016-12-19T20:19:38","slug":"recetas-sortear-ano-dificil","status":"publish","type":"post","link":"https:\/\/centrourbano.com\/revista\/opinion\/blog-desde-la-casa\/recetas-sortear-ano-dificil\/","title":{"rendered":"Recetas para sortear un a\u00f1o dif\u00edcil"},"content":{"rendered":"<p>Queda claro que los pron\u00f3sticos no son los mejores de cara al 2017&#8230;<\/p>\n<p>Ojal\u00e1 que con base en esos augurios, y al margen de toda estrategia de alcance macroecon\u00f3mico, se sumen voluntades y esfuerzos para impulsar aquellos sectores productivos con capacidad de inyectar dinamismo a la econom\u00eda.<\/p>\n<p>Sectores como la construcci\u00f3n en general\u2026 y en forma mucho m\u00e1s espec\u00edfica el desarrollo inmobiliario\u2026 particularmente la vivienda.<\/p>\n<p>Porque entendiendo la importancia de la construcci\u00f3n, es evidente que se trata de un sector altamente dependiente de la inversi\u00f3n p\u00fablica, en tanto que una de las mayores virtudes del desarrollo inmobiliario es su baja dependencia de estos recursos.<\/p>\n<p>Es simple, en el 2017 la inversi\u00f3n p\u00fablica en desarrollo inmobiliario, vivienda incluida, no llegar\u00e1 a 10,000 millones de pesos, en tanto que la inversi\u00f3n total, proveniente fundamentalmente del \u00e1mbito privado, ser\u00e1 superior a 700,000 millones.<\/p>\n<p>Y bueno&#8230; Sobra enumerar las virtudes del desarrollo inmobiliario, pero no est\u00e1 de m\u00e1s recordar su alta generaci\u00f3n de empleo, que consume fundamentalmente productos nacionales y que no solo no es monop\u00f3lico, sino que, por el contrario, distribuye beneficios en pr\u00e1cticamente todas las regiones del pa\u00eds.<\/p>\n<p>Dicho con palabras claras\u2026 En estos dif\u00edciles momentos, el desarrollo inmobiliario es un bomb\u00f3n&#8230; un activo que debe ser prioritario en la estrategia antic\u00edcilica con que se pretenda enfrentar un 2017 que tendr\u00e1 como sello la incertidumbre&#8230; <\/p>\n<p>\u00bfC\u00f3mo blindar en lo posible esta actividad? Es simple, con acciones de gobierno y regulatorias que brinden certidumbre y permitan que la inversi\u00f3n privada cumpla con el papel que le corresponde.<\/p>\n<p>Porque no todo es Trump, eh&#8230; hay mucho que en lo interno podemos hacer para protegernos de la tempestad\u2026<br \/>\nY bueno, les deseo de coraz\u00f3n felices fiestas\u2026 Nos encontramos en el 2017. <\/p>\n<p>Los invito a seguir mi cuenta de Twitter: @horacio_urbano y a ver Vivienda en Verde TV, que se transmite por Green TV y Efekto Noticias.<\/p>\n","protected":false},"excerpt":{"rendered":"<p>Queda claro que los pron\u00f3sticos no son los mejores de cara al 2017&#8230; Ojal\u00e1 que con base en esos augurios, y al margen de toda estrategia de alcance macroecon\u00f3mico, se sumen voluntades y esfuerzos para impulsar aquellos sectores productivos con capacidad de inyectar dinamismo a la econom\u00eda. Sectores como la construcci\u00f3n en general\u2026 y en [&hellip;]<\/p>\n","protected":false},"author":37,"featured_media":45273,"comment_status":"open","ping_status":"closed","sticky":false,"template":"","format":"standard","meta":{"om_disable_all_campaigns":false,"inline_featured_image":false,"_monsterinsights_skip_tracking":false,"_monsterinsights_sitenote_active":false,"_monsterinsights_sitenote_note":"","_monsterinsights_sitenote_category":0,"footnotes":""},"categories":[241],"tags":[],"class_list":["post-45578","post","type-post","status-publish","format-standard","has-post-thumbnail","hentry","category-blog-desde-la-casa"],"yoast_head":"<!-- This site is optimized with the Yoast SEO plugin v27.4 - https:\/\/yoast.com\/product\/yoast-seo-wordpress\/ -->\n<title>Recetas para sortear un a\u00f1o dif\u00edcil -<\/title>\n<meta name=\"description\" content=\"Queda claro que los pron\u00f3sticos no son los mejores de cara al 2017... Ojal\u00e1 que con base en esos augurios, y al margen de toda estrategia de alcance\" \/>\n<meta name=\"robots\" content=\"index, follow, max-snippet:-1, max-image-preview:large, max-video-preview:-1\" \/>\n<link rel=\"canonical\" href=\"https:\/\/centrourbano.com\/revista\/opinion\/blog-desde-la-casa\/recetas-sortear-ano-dificil\/\" \/>\n<meta property=\"og:locale\" content=\"es_ES\" \/>\n<meta property=\"og:type\" content=\"article\" \/>\n<meta property=\"og:title\" content=\"Recetas para sortear un a\u00f1o dif\u00edcil -\" \/>\n<meta property=\"og:description\" content=\"Queda claro que los pron\u00f3sticos no son los mejores de cara al 2017... Ojal\u00e1 que con base en esos augurios, y al margen de toda estrategia de alcance\" \/>\n<meta property=\"og:url\" content=\"https:\/\/centrourbano.com\/revista\/opinion\/blog-desde-la-casa\/recetas-sortear-ano-dificil\/\" \/>\n<meta property=\"og:site_name\" content=\"Centro Urbano\" \/>\n<meta property=\"article:publisher\" content=\"https:\/\/www.facebook.com\/portalcentrourbano\" \/>\n<meta property=\"article:published_time\" content=\"2016-12-19T20:19:38+00:00\" \/>\n<meta property=\"og:image\" content=\"https:\/\/centrourbano.com\/revista\/wp-content\/uploads\/horacio-urbano.png\" \/>\n\t<meta property=\"og:image:width\" content=\"500\" \/>\n\t<meta property=\"og:image:height\" content=\"400\" \/>\n\t<meta property=\"og:image:type\" content=\"image\/png\" \/>\n<meta name=\"author\" content=\"Diego Rodr\u00edguez\" \/>\n<meta name=\"twitter:card\" content=\"summary_large_image\" \/>\n<meta name=\"twitter:creator\" content=\"@CentroUrbano\" \/>\n<meta name=\"twitter:site\" content=\"@CentroUrbano\" \/>\n<meta name=\"twitter:label1\" content=\"Escrito por\" \/>\n\t<meta name=\"twitter:data1\" content=\"Diego Rodr\u00edguez\" \/>\n\t<meta name=\"twitter:label2\" content=\"Tiempo de lectura\" \/>\n\t<meta name=\"twitter:data2\" content=\"2 minutos\" \/>\n<script type=\"application\/ld+json\" class=\"yoast-schema-graph\">{\"@context\":\"https:\\\/\\\/schema.org\",\"@graph\":[{\"@type\":\"Article\",\"@id\":\"https:\\\/\\\/centrourbano.com\\\/revista\\\/opinion\\\/blog-desde-la-casa\\\/recetas-sortear-ano-dificil\\\/#article\",\"isPartOf\":{\"@id\":\"https:\\\/\\\/centrourbano.com\\\/revista\\\/opinion\\\/blog-desde-la-casa\\\/recetas-sortear-ano-dificil\\\/\"},\"author\":{\"name\":\"Diego Rodr\u00edguez\",\"@id\":\"https:\\\/\\\/centrourbano.com\\\/revista\\\/#\\\/schema\\\/person\\\/b50192a3cd0e680841b45dc537f53970\"},\"headline\":\"Recetas para sortear un a\u00f1o dif\u00edcil\",\"datePublished\":\"2016-12-19T20:19:38+00:00\",\"mainEntityOfPage\":{\"@id\":\"https:\\\/\\\/centrourbano.com\\\/revista\\\/opinion\\\/blog-desde-la-casa\\\/recetas-sortear-ano-dificil\\\/\"},\"wordCount\":337,\"commentCount\":0,\"publisher\":{\"@id\":\"https:\\\/\\\/centrourbano.com\\\/revista\\\/#organization\"},\"image\":{\"@id\":\"https:\\\/\\\/centrourbano.com\\\/revista\\\/opinion\\\/blog-desde-la-casa\\\/recetas-sortear-ano-dificil\\\/#primaryimage\"},\"thumbnailUrl\":\"https:\\\/\\\/centrourbano.com\\\/revista\\\/wp-content\\\/uploads\\\/horacio-urbano.png\",\"articleSection\":[\"Desde la Casa\"],\"inLanguage\":\"es\",\"potentialAction\":[{\"@type\":\"CommentAction\",\"name\":\"Comment\",\"target\":[\"https:\\\/\\\/centrourbano.com\\\/revista\\\/opinion\\\/blog-desde-la-casa\\\/recetas-sortear-ano-dificil\\\/#respond\"]}]},{\"@type\":\"WebPage\",\"@id\":\"https:\\\/\\\/centrourbano.com\\\/revista\\\/opinion\\\/blog-desde-la-casa\\\/recetas-sortear-ano-dificil\\\/\",\"url\":\"https:\\\/\\\/centrourbano.com\\\/revista\\\/opinion\\\/blog-desde-la-casa\\\/recetas-sortear-ano-dificil\\\/\",\"name\":\"Recetas para sortear un a\u00f1o dif\u00edcil -\",\"isPartOf\":{\"@id\":\"https:\\\/\\\/centrourbano.com\\\/revista\\\/#website\"},\"primaryImageOfPage\":{\"@id\":\"https:\\\/\\\/centrourbano.com\\\/revista\\\/opinion\\\/blog-desde-la-casa\\\/recetas-sortear-ano-dificil\\\/#primaryimage\"},\"image\":{\"@id\":\"https:\\\/\\\/centrourbano.com\\\/revista\\\/opinion\\\/blog-desde-la-casa\\\/recetas-sortear-ano-dificil\\\/#primaryimage\"},\"thumbnailUrl\":\"https:\\\/\\\/centrourbano.com\\\/revista\\\/wp-content\\\/uploads\\\/horacio-urbano.png\",\"datePublished\":\"2016-12-19T20:19:38+00:00\",\"description\":\"Queda claro que los pron\u00f3sticos no son los mejores de cara al 2017... Ojal\u00e1 que con base en esos augurios, y al margen de toda estrategia de alcance\",\"breadcrumb\":{\"@id\":\"https:\\\/\\\/centrourbano.com\\\/revista\\\/opinion\\\/blog-desde-la-casa\\\/recetas-sortear-ano-dificil\\\/#breadcrumb\"},\"inLanguage\":\"es\",\"potentialAction\":[{\"@type\":\"ReadAction\",\"target\":[\"https:\\\/\\\/centrourbano.com\\\/revista\\\/opinion\\\/blog-desde-la-casa\\\/recetas-sortear-ano-dificil\\\/\"]}]},{\"@type\":\"ImageObject\",\"inLanguage\":\"es\",\"@id\":\"https:\\\/\\\/centrourbano.com\\\/revista\\\/opinion\\\/blog-desde-la-casa\\\/recetas-sortear-ano-dificil\\\/#primaryimage\",\"url\":\"https:\\\/\\\/centrourbano.com\\\/revista\\\/wp-content\\\/uploads\\\/horacio-urbano.png\",\"contentUrl\":\"https:\\\/\\\/centrourbano.com\\\/revista\\\/wp-content\\\/uploads\\\/horacio-urbano.png\",\"width\":500,\"height\":400,\"caption\":\"Queda claro que los pron\u00f3sticos no son los mejores de cara al 2017...\"},{\"@type\":\"BreadcrumbList\",\"@id\":\"https:\\\/\\\/centrourbano.com\\\/revista\\\/opinion\\\/blog-desde-la-casa\\\/recetas-sortear-ano-dificil\\\/#breadcrumb\",\"itemListElement\":[{\"@type\":\"ListItem\",\"position\":1,\"name\":\"Portada\",\"item\":\"https:\\\/\\\/centrourbano.com\\\/revista\\\/\"},{\"@type\":\"ListItem\",\"position\":2,\"name\":\"Recetas para sortear un a\u00f1o dif\u00edcil\"}]},{\"@type\":\"WebSite\",\"@id\":\"https:\\\/\\\/centrourbano.com\\\/revista\\\/#website\",\"url\":\"https:\\\/\\\/centrourbano.com\\\/revista\\\/\",\"name\":\"Centro Urbano\",\"description\":\"Medio especializado en los sectores vivienda, inmobiliario, construcci\u00f3n, arquitectura y urbanismo.\",\"publisher\":{\"@id\":\"https:\\\/\\\/centrourbano.com\\\/revista\\\/#organization\"},\"potentialAction\":[{\"@type\":\"SearchAction\",\"target\":{\"@type\":\"EntryPoint\",\"urlTemplate\":\"https:\\\/\\\/centrourbano.com\\\/revista\\\/?s={search_term_string}\"},\"query-input\":{\"@type\":\"PropertyValueSpecification\",\"valueRequired\":true,\"valueName\":\"search_term_string\"}}],\"inLanguage\":\"es\"},{\"@type\":\"Organization\",\"@id\":\"https:\\\/\\\/centrourbano.com\\\/revista\\\/#organization\",\"name\":\"Centro Urbano\",\"url\":\"https:\\\/\\\/centrourbano.com\\\/revista\\\/\",\"logo\":{\"@type\":\"ImageObject\",\"inLanguage\":\"es\",\"@id\":\"https:\\\/\\\/centrourbano.com\\\/revista\\\/#\\\/schema\\\/logo\\\/image\\\/\",\"url\":\"https:\\\/\\\/centrourbano.com\\\/revista\\\/wp-content\\\/uploads\\\/web_CU_logo-1.png\",\"contentUrl\":\"https:\\\/\\\/centrourbano.com\\\/revista\\\/wp-content\\\/uploads\\\/web_CU_logo-1.png\",\"width\":350,\"height\":91,\"caption\":\"Centro Urbano\"},\"image\":{\"@id\":\"https:\\\/\\\/centrourbano.com\\\/revista\\\/#\\\/schema\\\/logo\\\/image\\\/\"},\"sameAs\":[\"https:\\\/\\\/www.facebook.com\\\/portalcentrourbano\",\"https:\\\/\\\/x.com\\\/CentroUrbano\",\"https:\\\/\\\/www.instagram.com\\\/centro_urbano\\\/\",\"https:\\\/\\\/www.linkedin.com\\\/company\\\/centro-urbano\\\/\",\"http:\\\/\\\/www.youtube.com\\\/user\\\/portalcentrourbano\"]},{\"@type\":\"Person\",\"@id\":\"https:\\\/\\\/centrourbano.com\\\/revista\\\/#\\\/schema\\\/person\\\/b50192a3cd0e680841b45dc537f53970\",\"name\":\"Diego Rodr\u00edguez\",\"image\":{\"@type\":\"ImageObject\",\"inLanguage\":\"es\",\"@id\":\"https:\\\/\\\/secure.gravatar.com\\\/avatar\\\/d217565525df2df5d4e7265d47758506f41845ed9529510921a7625d8365789d?s=96&d=mm&r=g\",\"url\":\"https:\\\/\\\/secure.gravatar.com\\\/avatar\\\/d217565525df2df5d4e7265d47758506f41845ed9529510921a7625d8365789d?s=96&d=mm&r=g\",\"contentUrl\":\"https:\\\/\\\/secure.gravatar.com\\\/avatar\\\/d217565525df2df5d4e7265d47758506f41845ed9529510921a7625d8365789d?s=96&d=mm&r=g\",\"caption\":\"Diego Rodr\u00edguez\"},\"description\":\"Egresado de la Facultad de Estudios Superiores Acatl\u00e1n de la carrera en Comunicaci\u00f3n, con especialidad en medios escritos. Reportero del desaparecido peri\u00f3dico Nuestro M\u00e9xico, en donde cubri\u00f3 las fuentes delegacionales y Asamblea Legislativa. Tambi\u00e9n trabaj\u00f3 en la Coordinaci\u00f3n de Comunicaci\u00f3n Social en la delegaci\u00f3n \u00c1lvaro Obreg\u00f3n. Le gusta leer novelas y cuentos.\",\"url\":\"https:\\\/\\\/centrourbano.com\\\/revista\\\/author\\\/diegorodriguez\\\/\"}]}<\/script>\n<!-- \/ Yoast SEO plugin. -->","yoast_head_json":{"title":"Recetas para sortear un a\u00f1o dif\u00edcil -","description":"Queda claro que los pron\u00f3sticos no son los mejores de cara al 2017... Ojal\u00e1 que con base en esos augurios, y al margen de toda estrategia de alcance","robots":{"index":"index","follow":"follow","max-snippet":"max-snippet:-1","max-image-preview":"max-image-preview:large","max-video-preview":"max-video-preview:-1"},"canonical":"https:\/\/centrourbano.com\/revista\/opinion\/blog-desde-la-casa\/recetas-sortear-ano-dificil\/","og_locale":"es_ES","og_type":"article","og_title":"Recetas para sortear un a\u00f1o dif\u00edcil -","og_description":"Queda claro que los pron\u00f3sticos no son los mejores de cara al 2017... Ojal\u00e1 que con base en esos augurios, y al margen de toda estrategia de alcance","og_url":"https:\/\/centrourbano.com\/revista\/opinion\/blog-desde-la-casa\/recetas-sortear-ano-dificil\/","og_site_name":"Centro Urbano","article_publisher":"https:\/\/www.facebook.com\/portalcentrourbano","article_published_time":"2016-12-19T20:19:38+00:00","og_image":[{"width":500,"height":400,"url":"https:\/\/centrourbano.com\/revista\/wp-content\/uploads\/horacio-urbano.png","type":"image\/png"}],"author":"Diego Rodr\u00edguez","twitter_card":"summary_large_image","twitter_creator":"@CentroUrbano","twitter_site":"@CentroUrbano","twitter_misc":{"Escrito por":"Diego Rodr\u00edguez","Tiempo de lectura":"2 minutos"},"schema":{"@context":"https:\/\/schema.org","@graph":[{"@type":"Article","@id":"https:\/\/centrourbano.com\/revista\/opinion\/blog-desde-la-casa\/recetas-sortear-ano-dificil\/#article","isPartOf":{"@id":"https:\/\/centrourbano.com\/revista\/opinion\/blog-desde-la-casa\/recetas-sortear-ano-dificil\/"},"author":{"name":"Diego Rodr\u00edguez","@id":"https:\/\/centrourbano.com\/revista\/#\/schema\/person\/b50192a3cd0e680841b45dc537f53970"},"headline":"Recetas para sortear un a\u00f1o dif\u00edcil","datePublished":"2016-12-19T20:19:38+00:00","mainEntityOfPage":{"@id":"https:\/\/centrourbano.com\/revista\/opinion\/blog-desde-la-casa\/recetas-sortear-ano-dificil\/"},"wordCount":337,"commentCount":0,"publisher":{"@id":"https:\/\/centrourbano.com\/revista\/#organization"},"image":{"@id":"https:\/\/centrourbano.com\/revista\/opinion\/blog-desde-la-casa\/recetas-sortear-ano-dificil\/#primaryimage"},"thumbnailUrl":"https:\/\/centrourbano.com\/revista\/wp-content\/uploads\/horacio-urbano.png","articleSection":["Desde la Casa"],"inLanguage":"es","potentialAction":[{"@type":"CommentAction","name":"Comment","target":["https:\/\/centrourbano.com\/revista\/opinion\/blog-desde-la-casa\/recetas-sortear-ano-dificil\/#respond"]}]},{"@type":"WebPage","@id":"https:\/\/centrourbano.com\/revista\/opinion\/blog-desde-la-casa\/recetas-sortear-ano-dificil\/","url":"https:\/\/centrourbano.com\/revista\/opinion\/blog-desde-la-casa\/recetas-sortear-ano-dificil\/","name":"Recetas para sortear un a\u00f1o dif\u00edcil -","isPartOf":{"@id":"https:\/\/centrourbano.com\/revista\/#website"},"primaryImageOfPage":{"@id":"https:\/\/centrourbano.com\/revista\/opinion\/blog-desde-la-casa\/recetas-sortear-ano-dificil\/#primaryimage"},"image":{"@id":"https:\/\/centrourbano.com\/revista\/opinion\/blog-desde-la-casa\/recetas-sortear-ano-dificil\/#primaryimage"},"thumbnailUrl":"https:\/\/centrourbano.com\/revista\/wp-content\/uploads\/horacio-urbano.png","datePublished":"2016-12-19T20:19:38+00:00","description":"Queda claro que los pron\u00f3sticos no son los mejores de cara al 2017... Ojal\u00e1 que con base en esos augurios, y al margen de toda estrategia de alcance","breadcrumb":{"@id":"https:\/\/centrourbano.com\/revista\/opinion\/blog-desde-la-casa\/recetas-sortear-ano-dificil\/#breadcrumb"},"inLanguage":"es","potentialAction":[{"@type":"ReadAction","target":["https:\/\/centrourbano.com\/revista\/opinion\/blog-desde-la-casa\/recetas-sortear-ano-dificil\/"]}]},{"@type":"ImageObject","inLanguage":"es","@id":"https:\/\/centrourbano.com\/revista\/opinion\/blog-desde-la-casa\/recetas-sortear-ano-dificil\/#primaryimage","url":"https:\/\/centrourbano.com\/revista\/wp-content\/uploads\/horacio-urbano.png","contentUrl":"https:\/\/centrourbano.com\/revista\/wp-content\/uploads\/horacio-urbano.png","width":500,"height":400,"caption":"Queda claro que los pron\u00f3sticos no son los mejores de cara al 2017..."},{"@type":"BreadcrumbList","@id":"https:\/\/centrourbano.com\/revista\/opinion\/blog-desde-la-casa\/recetas-sortear-ano-dificil\/#breadcrumb","itemListElement":[{"@type":"ListItem","position":1,"name":"Portada","item":"https:\/\/centrourbano.com\/revista\/"},{"@type":"ListItem","position":2,"name":"Recetas para sortear un a\u00f1o dif\u00edcil"}]},{"@type":"WebSite","@id":"https:\/\/centrourbano.com\/revista\/#website","url":"https:\/\/centrourbano.com\/revista\/","name":"Centro Urbano","description":"Medio especializado en los sectores vivienda, inmobiliario, construcci\u00f3n, arquitectura y urbanismo.","publisher":{"@id":"https:\/\/centrourbano.com\/revista\/#organization"},"potentialAction":[{"@type":"SearchAction","target":{"@type":"EntryPoint","urlTemplate":"https:\/\/centrourbano.com\/revista\/?s={search_term_string}"},"query-input":{"@type":"PropertyValueSpecification","valueRequired":true,"valueName":"search_term_string"}}],"inLanguage":"es"},{"@type":"Organization","@id":"https:\/\/centrourbano.com\/revista\/#organization","name":"Centro Urbano","url":"https:\/\/centrourbano.com\/revista\/","logo":{"@type":"ImageObject","inLanguage":"es","@id":"https:\/\/centrourbano.com\/revista\/#\/schema\/logo\/image\/","url":"https:\/\/centrourbano.com\/revista\/wp-content\/uploads\/web_CU_logo-1.png","contentUrl":"https:\/\/centrourbano.com\/revista\/wp-content\/uploads\/web_CU_logo-1.png","width":350,"height":91,"caption":"Centro Urbano"},"image":{"@id":"https:\/\/centrourbano.com\/revista\/#\/schema\/logo\/image\/"},"sameAs":["https:\/\/www.facebook.com\/portalcentrourbano","https:\/\/x.com\/CentroUrbano","https:\/\/www.instagram.com\/centro_urbano\/","https:\/\/www.linkedin.com\/company\/centro-urbano\/","http:\/\/www.youtube.com\/user\/portalcentrourbano"]},{"@type":"Person","@id":"https:\/\/centrourbano.com\/revista\/#\/schema\/person\/b50192a3cd0e680841b45dc537f53970","name":"Diego Rodr\u00edguez","image":{"@type":"ImageObject","inLanguage":"es","@id":"https:\/\/secure.gravatar.com\/avatar\/d217565525df2df5d4e7265d47758506f41845ed9529510921a7625d8365789d?s=96&d=mm&r=g","url":"https:\/\/secure.gravatar.com\/avatar\/d217565525df2df5d4e7265d47758506f41845ed9529510921a7625d8365789d?s=96&d=mm&r=g","contentUrl":"https:\/\/secure.gravatar.com\/avatar\/d217565525df2df5d4e7265d47758506f41845ed9529510921a7625d8365789d?s=96&d=mm&r=g","caption":"Diego Rodr\u00edguez"},"description":"Egresado de la Facultad de Estudios Superiores Acatl\u00e1n de la carrera en Comunicaci\u00f3n, con especialidad en medios escritos. Reportero del desaparecido peri\u00f3dico Nuestro M\u00e9xico, en donde cubri\u00f3 las fuentes delegacionales y Asamblea Legislativa. Tambi\u00e9n trabaj\u00f3 en la Coordinaci\u00f3n de Comunicaci\u00f3n Social en la delegaci\u00f3n \u00c1lvaro Obreg\u00f3n. Le gusta leer novelas y cuentos.","url":"https:\/\/centrourbano.com\/revista\/author\/diegorodriguez\/"}]}},"_links":{"self":[{"href":"https:\/\/centrourbano.com\/revista\/wp-json\/wp\/v2\/posts\/45578","targetHints":{"allow":["GET"]}}],"collection":[{"href":"https:\/\/centrourbano.com\/revista\/wp-json\/wp\/v2\/posts"}],"about":[{"href":"https:\/\/centrourbano.com\/revista\/wp-json\/wp\/v2\/types\/post"}],"author":[{"embeddable":true,"href":"https:\/\/centrourbano.com\/revista\/wp-json\/wp\/v2\/users\/37"}],"replies":[{"embeddable":true,"href":"https:\/\/centrourbano.com\/revista\/wp-json\/wp\/v2\/comments?post=45578"}],"version-history":[{"count":0,"href":"https:\/\/centrourbano.com\/revista\/wp-json\/wp\/v2\/posts\/45578\/revisions"}],"wp:featuredmedia":[{"embeddable":true,"href":"https:\/\/centrourbano.com\/revista\/wp-json\/wp\/v2\/media\/45273"}],"wp:attachment":[{"href":"https:\/\/centrourbano.com\/revista\/wp-json\/wp\/v2\/media?parent=45578"}],"wp:term":[{"taxonomy":"category","embeddable":true,"href":"https:\/\/centrourbano.com\/revista\/wp-json\/wp\/v2\/categories?post=45578"},{"taxonomy":"post_tag","embeddable":true,"href":"https:\/\/centrourbano.com\/revista\/wp-json\/wp\/v2\/tags?post=45578"}],"curies":[{"name":"wp","href":"https:\/\/api.w.org\/{rel}","templated":true}]}}