{"id":45541,"date":"2016-12-20T07:47:12","date_gmt":"2016-12-20T13:47:12","guid":{"rendered":"https:\/\/centrourbano.com\/?p=45541"},"modified":"2016-12-19T00:49:44","modified_gmt":"2016-12-19T06:49:44","slug":"casa-natal-hitler-sufrira-modificacion-arquitectonica","status":"publish","type":"post","link":"https:\/\/centrourbano.com\/revista\/arquitectura-2\/casa-natal-hitler-sufrira-modificacion-arquitectonica\/","title":{"rendered":"Casa natal de Hitler sufrir\u00e1 modificaci\u00f3n arquitect\u00f3nica"},"content":{"rendered":"<p><em>Tras la aprobaci\u00f3n de la expropiaci\u00f3n del inmueble, se destinar\u00e1 para albergar una administraci\u00f3n o una instituci\u00f3n de car\u00e1cter social, seg\u00fan el Gobierno<\/em><!--more--><\/p>\n<p>Hace unos d\u00edas el Parlamento austriaco aprob\u00f3 una ley para expropiar la casa natal de Adolfo Hitler, lo cual har\u00eda posible una pronta modificaci\u00f3n arquitect\u00f3nica del inmueble. <\/p>\n<p>Con la aprobaci\u00f3n de la ley se pone fin a un largo conflicto entre el Estado y la familia propietaria del edificio, ubicado en el centro de Braunau-am-Inn, justo en la frontera con Alemania; adem\u00e1s, con la expropiaci\u00f3n del inmueble se pone fin al largo proceso de evitar que el edificio sea un lugar de culto para neonazis.<\/p>\n<p>Mediante un comunicado el Parlamento destaca que entre los detractores de la ley se encuentran algunos miembros del partido liberal Neos, aunque no se emiti\u00f3 p\u00fablicamente la cantidad exacta de los votos. El documento no especifica c\u00f3mo se llevar\u00e1 a cabo la reparaci\u00f3n, lo que caus\u00f3 que varios de los diputados se opusieran en un inicio a la nueva disposici\u00f3n.<\/p>\n<p>Cabe destacar que la ley debe ser aprobada por la C\u00e1mara alta, pero solo se trata de un tr\u00e1mite que se espera sea para dar un paso formal.<\/p>\n<p>Por otra parte, el ministro del Interior, Wolfgang Sobotka, indic\u00f3 que el Gobierno apoya una remodelaci\u00f3n arquitect\u00f3nica de la vivienda en la que Hitler naci\u00f3, lo que podr\u00eda incluir la demolici\u00f3n total del edificio.<\/p>\n<p>Por tal motivo, anunci\u00f3 el lanzamiento de un concurso para que arquitectos puedan transformar la casa, misma que en cualquier caso, ya no podr\u00e1 ser identificada en su forma exterior y se destinar\u00e1 a albergar una administraci\u00f3n o una instituci\u00f3n de car\u00e1cter social, seg\u00fan el Gobierno.<\/p>\n","protected":false},"excerpt":{"rendered":"<p>Tras la aprobaci\u00f3n de la expropiaci\u00f3n del inmueble, se destinar\u00e1 para albergar una administraci\u00f3n o una instituci\u00f3n de car\u00e1cter social, seg\u00fan el Gobierno<\/p>\n","protected":false},"author":9,"featured_media":45542,"comment_status":"open","ping_status":"closed","sticky":false,"template":"","format":"standard","meta":{"om_disable_all_campaigns":false,"inline_featured_image":false,"_monsterinsights_skip_tracking":false,"_monsterinsights_sitenote_active":false,"_monsterinsights_sitenote_note":"","_monsterinsights_sitenote_category":0,"footnotes":""},"categories":[81],"tags":[20,6074,9117,9118],"class_list":["post-45541","post","type-post","status-publish","format-standard","has-post-thumbnail","hentry","category-arquitectura-2","tag-arquitectura","tag-austria","tag-hitler","tag-modificacion-arquitectonica"],"yoast_head":"<!-- This site is optimized with the Yoast SEO plugin v27.4 - https:\/\/yoast.com\/product\/yoast-seo-wordpress\/ -->\n<title>Casa natal de Hitler sufrir\u00e1 modificaci\u00f3n arquitect\u00f3nica<\/title>\n<meta name=\"description\" content=\"Tras la aprobaci\u00f3n de la expropiaci\u00f3n del inmueble, se destinar\u00e1 para albergar una administraci\u00f3n o una instituci\u00f3n de car\u00e1cter social, seg\u00fan el Gobierno\" \/>\n<meta name=\"robots\" content=\"index, follow, max-snippet:-1, max-image-preview:large, max-video-preview:-1\" \/>\n<link rel=\"canonical\" href=\"https:\/\/centrourbano.com\/revista\/arquitectura-2\/casa-natal-hitler-sufrira-modificacion-arquitectonica\/\" \/>\n<meta property=\"og:locale\" content=\"es_ES\" \/>\n<meta property=\"og:type\" content=\"article\" \/>\n<meta property=\"og:title\" content=\"Casa natal de Hitler sufrir\u00e1 modificaci\u00f3n arquitect\u00f3nica\" \/>\n<meta property=\"og:description\" content=\"Tras la aprobaci\u00f3n de la expropiaci\u00f3n del inmueble, se destinar\u00e1 para albergar una administraci\u00f3n o una instituci\u00f3n de car\u00e1cter social, seg\u00fan el Gobierno\" \/>\n<meta property=\"og:url\" content=\"https:\/\/centrourbano.com\/revista\/arquitectura-2\/casa-natal-hitler-sufrira-modificacion-arquitectonica\/\" \/>\n<meta property=\"og:site_name\" content=\"Centro Urbano\" \/>\n<meta property=\"article:publisher\" content=\"https:\/\/www.facebook.com\/portalcentrourbano\" \/>\n<meta property=\"article:published_time\" content=\"2016-12-20T13:47:12+00:00\" \/>\n<meta property=\"og:image\" content=\"https:\/\/centrourbano.com\/revista\/wp-content\/uploads\/Casa-natal-de-Hitler-sufrira\u0301-modificacio\u0301n-arquitecto\u0301nica-.jpg\" \/>\n\t<meta property=\"og:image:width\" content=\"770\" \/>\n\t<meta property=\"og:image:height\" content=\"433\" \/>\n\t<meta property=\"og:image:type\" content=\"image\/jpeg\" \/>\n<meta name=\"author\" content=\"Dinorah Nava\" \/>\n<meta name=\"twitter:card\" content=\"summary_large_image\" \/>\n<meta name=\"twitter:creator\" content=\"@https:\/\/twitter.com\/Dinorah_Nava28\" \/>\n<meta name=\"twitter:site\" content=\"@CentroUrbano\" \/>\n<meta name=\"twitter:label1\" content=\"Escrito por\" \/>\n\t<meta name=\"twitter:data1\" content=\"Dinorah Nava\" \/>\n\t<meta name=\"twitter:label2\" content=\"Tiempo de lectura\" \/>\n\t<meta name=\"twitter:data2\" content=\"2 minutos\" \/>\n<script type=\"application\/ld+json\" class=\"yoast-schema-graph\">{\"@context\":\"https:\\\/\\\/schema.org\",\"@graph\":[{\"@type\":\"Article\",\"@id\":\"https:\\\/\\\/centrourbano.com\\\/revista\\\/arquitectura-2\\\/casa-natal-hitler-sufrira-modificacion-arquitectonica\\\/#article\",\"isPartOf\":{\"@id\":\"https:\\\/\\\/centrourbano.com\\\/revista\\\/arquitectura-2\\\/casa-natal-hitler-sufrira-modificacion-arquitectonica\\\/\"},\"author\":{\"name\":\"Dinorah Nava\",\"@id\":\"https:\\\/\\\/centrourbano.com\\\/revista\\\/#\\\/schema\\\/person\\\/b45db815d96831257ba428a3d5a5fbdc\"},\"headline\":\"Casa natal de Hitler sufrir\u00e1 modificaci\u00f3n arquitect\u00f3nica\",\"datePublished\":\"2016-12-20T13:47:12+00:00\",\"mainEntityOfPage\":{\"@id\":\"https:\\\/\\\/centrourbano.com\\\/revista\\\/arquitectura-2\\\/casa-natal-hitler-sufrira-modificacion-arquitectonica\\\/\"},\"wordCount\":312,\"commentCount\":0,\"publisher\":{\"@id\":\"https:\\\/\\\/centrourbano.com\\\/revista\\\/#organization\"},\"image\":{\"@id\":\"https:\\\/\\\/centrourbano.com\\\/revista\\\/arquitectura-2\\\/casa-natal-hitler-sufrira-modificacion-arquitectonica\\\/#primaryimage\"},\"thumbnailUrl\":\"https:\\\/\\\/centrourbano.com\\\/revista\\\/wp-content\\\/uploads\\\/Casa-natal-de-Hitler-sufrira\u0301-modificacio\u0301n-arquitecto\u0301nica-.jpg\",\"keywords\":[\"arquitectura\",\"Austria\",\"Hitler\",\"modificaci\u00f3n arquitect\u00f3nica\"],\"articleSection\":[\"Arquitectura\"],\"inLanguage\":\"es\",\"potentialAction\":[{\"@type\":\"CommentAction\",\"name\":\"Comment\",\"target\":[\"https:\\\/\\\/centrourbano.com\\\/revista\\\/arquitectura-2\\\/casa-natal-hitler-sufrira-modificacion-arquitectonica\\\/#respond\"]}]},{\"@type\":\"WebPage\",\"@id\":\"https:\\\/\\\/centrourbano.com\\\/revista\\\/arquitectura-2\\\/casa-natal-hitler-sufrira-modificacion-arquitectonica\\\/\",\"url\":\"https:\\\/\\\/centrourbano.com\\\/revista\\\/arquitectura-2\\\/casa-natal-hitler-sufrira-modificacion-arquitectonica\\\/\",\"name\":\"Casa natal de Hitler sufrir\u00e1 modificaci\u00f3n arquitect\u00f3nica\",\"isPartOf\":{\"@id\":\"https:\\\/\\\/centrourbano.com\\\/revista\\\/#website\"},\"primaryImageOfPage\":{\"@id\":\"https:\\\/\\\/centrourbano.com\\\/revista\\\/arquitectura-2\\\/casa-natal-hitler-sufrira-modificacion-arquitectonica\\\/#primaryimage\"},\"image\":{\"@id\":\"https:\\\/\\\/centrourbano.com\\\/revista\\\/arquitectura-2\\\/casa-natal-hitler-sufrira-modificacion-arquitectonica\\\/#primaryimage\"},\"thumbnailUrl\":\"https:\\\/\\\/centrourbano.com\\\/revista\\\/wp-content\\\/uploads\\\/Casa-natal-de-Hitler-sufrira\u0301-modificacio\u0301n-arquitecto\u0301nica-.jpg\",\"datePublished\":\"2016-12-20T13:47:12+00:00\",\"description\":\"Tras la aprobaci\u00f3n de la expropiaci\u00f3n del inmueble, se destinar\u00e1 para albergar una administraci\u00f3n o una instituci\u00f3n de car\u00e1cter social, seg\u00fan el Gobierno\",\"breadcrumb\":{\"@id\":\"https:\\\/\\\/centrourbano.com\\\/revista\\\/arquitectura-2\\\/casa-natal-hitler-sufrira-modificacion-arquitectonica\\\/#breadcrumb\"},\"inLanguage\":\"es\",\"potentialAction\":[{\"@type\":\"ReadAction\",\"target\":[\"https:\\\/\\\/centrourbano.com\\\/revista\\\/arquitectura-2\\\/casa-natal-hitler-sufrira-modificacion-arquitectonica\\\/\"]}]},{\"@type\":\"ImageObject\",\"inLanguage\":\"es\",\"@id\":\"https:\\\/\\\/centrourbano.com\\\/revista\\\/arquitectura-2\\\/casa-natal-hitler-sufrira-modificacion-arquitectonica\\\/#primaryimage\",\"url\":\"https:\\\/\\\/centrourbano.com\\\/revista\\\/wp-content\\\/uploads\\\/Casa-natal-de-Hitler-sufrira\u0301-modificacio\u0301n-arquitecto\u0301nica-.jpg\",\"contentUrl\":\"https:\\\/\\\/centrourbano.com\\\/revista\\\/wp-content\\\/uploads\\\/Casa-natal-de-Hitler-sufrira\u0301-modificacio\u0301n-arquitecto\u0301nica-.jpg\",\"width\":770,\"height\":433,\"caption\":\"Tras la aprobaci\u00f3n de la expropiaci\u00f3n del inmueble, se destinar\u00e1 para albergar una administraci\u00f3n o una instituci\u00f3n de car\u00e1cter social, seg\u00fan el Gobierno\"},{\"@type\":\"BreadcrumbList\",\"@id\":\"https:\\\/\\\/centrourbano.com\\\/revista\\\/arquitectura-2\\\/casa-natal-hitler-sufrira-modificacion-arquitectonica\\\/#breadcrumb\",\"itemListElement\":[{\"@type\":\"ListItem\",\"position\":1,\"name\":\"Portada\",\"item\":\"https:\\\/\\\/centrourbano.com\\\/revista\\\/\"},{\"@type\":\"ListItem\",\"position\":2,\"name\":\"Casa natal de Hitler sufrir\u00e1 modificaci\u00f3n arquitect\u00f3nica\"}]},{\"@type\":\"WebSite\",\"@id\":\"https:\\\/\\\/centrourbano.com\\\/revista\\\/#website\",\"url\":\"https:\\\/\\\/centrourbano.com\\\/revista\\\/\",\"name\":\"Centro Urbano\",\"description\":\"Medio especializado en los sectores vivienda, inmobiliario, construcci\u00f3n, arquitectura y urbanismo.\",\"publisher\":{\"@id\":\"https:\\\/\\\/centrourbano.com\\\/revista\\\/#organization\"},\"potentialAction\":[{\"@type\":\"SearchAction\",\"target\":{\"@type\":\"EntryPoint\",\"urlTemplate\":\"https:\\\/\\\/centrourbano.com\\\/revista\\\/?s={search_term_string}\"},\"query-input\":{\"@type\":\"PropertyValueSpecification\",\"valueRequired\":true,\"valueName\":\"search_term_string\"}}],\"inLanguage\":\"es\"},{\"@type\":\"Organization\",\"@id\":\"https:\\\/\\\/centrourbano.com\\\/revista\\\/#organization\",\"name\":\"Centro Urbano\",\"url\":\"https:\\\/\\\/centrourbano.com\\\/revista\\\/\",\"logo\":{\"@type\":\"ImageObject\",\"inLanguage\":\"es\",\"@id\":\"https:\\\/\\\/centrourbano.com\\\/revista\\\/#\\\/schema\\\/logo\\\/image\\\/\",\"url\":\"https:\\\/\\\/centrourbano.com\\\/revista\\\/wp-content\\\/uploads\\\/web_CU_logo-1.png\",\"contentUrl\":\"https:\\\/\\\/centrourbano.com\\\/revista\\\/wp-content\\\/uploads\\\/web_CU_logo-1.png\",\"width\":350,\"height\":91,\"caption\":\"Centro Urbano\"},\"image\":{\"@id\":\"https:\\\/\\\/centrourbano.com\\\/revista\\\/#\\\/schema\\\/logo\\\/image\\\/\"},\"sameAs\":[\"https:\\\/\\\/www.facebook.com\\\/portalcentrourbano\",\"https:\\\/\\\/x.com\\\/CentroUrbano\",\"https:\\\/\\\/www.instagram.com\\\/centro_urbano\\\/\",\"https:\\\/\\\/www.linkedin.com\\\/company\\\/centro-urbano\\\/\",\"http:\\\/\\\/www.youtube.com\\\/user\\\/portalcentrourbano\"]},{\"@type\":\"Person\",\"@id\":\"https:\\\/\\\/centrourbano.com\\\/revista\\\/#\\\/schema\\\/person\\\/b45db815d96831257ba428a3d5a5fbdc\",\"name\":\"Dinorah Nava\",\"image\":{\"@type\":\"ImageObject\",\"inLanguage\":\"es\",\"@id\":\"https:\\\/\\\/secure.gravatar.com\\\/avatar\\\/f6ca6430c51d147f363940f84e1225aa4b8183885c11802cc3b042305a4ecc1a?s=96&d=mm&r=g\",\"url\":\"https:\\\/\\\/secure.gravatar.com\\\/avatar\\\/f6ca6430c51d147f363940f84e1225aa4b8183885c11802cc3b042305a4ecc1a?s=96&d=mm&r=g\",\"contentUrl\":\"https:\\\/\\\/secure.gravatar.com\\\/avatar\\\/f6ca6430c51d147f363940f84e1225aa4b8183885c11802cc3b042305a4ecc1a?s=96&d=mm&r=g\",\"caption\":\"Dinorah Nava\"},\"description\":\"Editora de Contenidos y Estrategias Digitales en Centro Urbano y Coeditora en Peri\u00f3dico Mi Casa. Egresada de la licenciatura en Comunicaci\u00f3n y Periodismo de la Facultad de Estudios Superiores Arag\u00f3n (UNAM). Amante de la edici\u00f3n y correcci\u00f3n de estilo, las redes sociales y el mundo digital. Especialista en temas son arquitectura, inmobiliario y urbanismo.\",\"sameAs\":[\"linkedin.com\\\/in\\\/dinorah-nava\",\"https:\\\/\\\/x.com\\\/https:\\\/\\\/twitter.com\\\/Dinorah_Nava28\"],\"url\":\"https:\\\/\\\/centrourbano.com\\\/revista\\\/author\\\/dinorah-nava\\\/\"}]}<\/script>\n<!-- \/ Yoast SEO plugin. -->","yoast_head_json":{"title":"Casa natal de Hitler sufrir\u00e1 modificaci\u00f3n arquitect\u00f3nica","description":"Tras la aprobaci\u00f3n de la expropiaci\u00f3n del inmueble, se destinar\u00e1 para albergar una administraci\u00f3n o una instituci\u00f3n de car\u00e1cter social, seg\u00fan el Gobierno","robots":{"index":"index","follow":"follow","max-snippet":"max-snippet:-1","max-image-preview":"max-image-preview:large","max-video-preview":"max-video-preview:-1"},"canonical":"https:\/\/centrourbano.com\/revista\/arquitectura-2\/casa-natal-hitler-sufrira-modificacion-arquitectonica\/","og_locale":"es_ES","og_type":"article","og_title":"Casa natal de Hitler sufrir\u00e1 modificaci\u00f3n arquitect\u00f3nica","og_description":"Tras la aprobaci\u00f3n de la expropiaci\u00f3n del inmueble, se destinar\u00e1 para albergar una administraci\u00f3n o una instituci\u00f3n de car\u00e1cter social, seg\u00fan el Gobierno","og_url":"https:\/\/centrourbano.com\/revista\/arquitectura-2\/casa-natal-hitler-sufrira-modificacion-arquitectonica\/","og_site_name":"Centro Urbano","article_publisher":"https:\/\/www.facebook.com\/portalcentrourbano","article_published_time":"2016-12-20T13:47:12+00:00","og_image":[{"width":770,"height":433,"url":"https:\/\/centrourbano.com\/revista\/wp-content\/uploads\/Casa-natal-de-Hitler-sufrira\u0301-modificacio\u0301n-arquitecto\u0301nica-.jpg","type":"image\/jpeg"}],"author":"Dinorah Nava","twitter_card":"summary_large_image","twitter_creator":"@https:\/\/twitter.com\/Dinorah_Nava28","twitter_site":"@CentroUrbano","twitter_misc":{"Escrito por":"Dinorah Nava","Tiempo de lectura":"2 minutos"},"schema":{"@context":"https:\/\/schema.org","@graph":[{"@type":"Article","@id":"https:\/\/centrourbano.com\/revista\/arquitectura-2\/casa-natal-hitler-sufrira-modificacion-arquitectonica\/#article","isPartOf":{"@id":"https:\/\/centrourbano.com\/revista\/arquitectura-2\/casa-natal-hitler-sufrira-modificacion-arquitectonica\/"},"author":{"name":"Dinorah Nava","@id":"https:\/\/centrourbano.com\/revista\/#\/schema\/person\/b45db815d96831257ba428a3d5a5fbdc"},"headline":"Casa natal de Hitler sufrir\u00e1 modificaci\u00f3n arquitect\u00f3nica","datePublished":"2016-12-20T13:47:12+00:00","mainEntityOfPage":{"@id":"https:\/\/centrourbano.com\/revista\/arquitectura-2\/casa-natal-hitler-sufrira-modificacion-arquitectonica\/"},"wordCount":312,"commentCount":0,"publisher":{"@id":"https:\/\/centrourbano.com\/revista\/#organization"},"image":{"@id":"https:\/\/centrourbano.com\/revista\/arquitectura-2\/casa-natal-hitler-sufrira-modificacion-arquitectonica\/#primaryimage"},"thumbnailUrl":"https:\/\/centrourbano.com\/revista\/wp-content\/uploads\/Casa-natal-de-Hitler-sufrira\u0301-modificacio\u0301n-arquitecto\u0301nica-.jpg","keywords":["arquitectura","Austria","Hitler","modificaci\u00f3n arquitect\u00f3nica"],"articleSection":["Arquitectura"],"inLanguage":"es","potentialAction":[{"@type":"CommentAction","name":"Comment","target":["https:\/\/centrourbano.com\/revista\/arquitectura-2\/casa-natal-hitler-sufrira-modificacion-arquitectonica\/#respond"]}]},{"@type":"WebPage","@id":"https:\/\/centrourbano.com\/revista\/arquitectura-2\/casa-natal-hitler-sufrira-modificacion-arquitectonica\/","url":"https:\/\/centrourbano.com\/revista\/arquitectura-2\/casa-natal-hitler-sufrira-modificacion-arquitectonica\/","name":"Casa natal de Hitler sufrir\u00e1 modificaci\u00f3n arquitect\u00f3nica","isPartOf":{"@id":"https:\/\/centrourbano.com\/revista\/#website"},"primaryImageOfPage":{"@id":"https:\/\/centrourbano.com\/revista\/arquitectura-2\/casa-natal-hitler-sufrira-modificacion-arquitectonica\/#primaryimage"},"image":{"@id":"https:\/\/centrourbano.com\/revista\/arquitectura-2\/casa-natal-hitler-sufrira-modificacion-arquitectonica\/#primaryimage"},"thumbnailUrl":"https:\/\/centrourbano.com\/revista\/wp-content\/uploads\/Casa-natal-de-Hitler-sufrira\u0301-modificacio\u0301n-arquitecto\u0301nica-.jpg","datePublished":"2016-12-20T13:47:12+00:00","description":"Tras la aprobaci\u00f3n de la expropiaci\u00f3n del inmueble, se destinar\u00e1 para albergar una administraci\u00f3n o una instituci\u00f3n de car\u00e1cter social, seg\u00fan el Gobierno","breadcrumb":{"@id":"https:\/\/centrourbano.com\/revista\/arquitectura-2\/casa-natal-hitler-sufrira-modificacion-arquitectonica\/#breadcrumb"},"inLanguage":"es","potentialAction":[{"@type":"ReadAction","target":["https:\/\/centrourbano.com\/revista\/arquitectura-2\/casa-natal-hitler-sufrira-modificacion-arquitectonica\/"]}]},{"@type":"ImageObject","inLanguage":"es","@id":"https:\/\/centrourbano.com\/revista\/arquitectura-2\/casa-natal-hitler-sufrira-modificacion-arquitectonica\/#primaryimage","url":"https:\/\/centrourbano.com\/revista\/wp-content\/uploads\/Casa-natal-de-Hitler-sufrira\u0301-modificacio\u0301n-arquitecto\u0301nica-.jpg","contentUrl":"https:\/\/centrourbano.com\/revista\/wp-content\/uploads\/Casa-natal-de-Hitler-sufrira\u0301-modificacio\u0301n-arquitecto\u0301nica-.jpg","width":770,"height":433,"caption":"Tras la aprobaci\u00f3n de la expropiaci\u00f3n del inmueble, se destinar\u00e1 para albergar una administraci\u00f3n o una instituci\u00f3n de car\u00e1cter social, seg\u00fan el Gobierno"},{"@type":"BreadcrumbList","@id":"https:\/\/centrourbano.com\/revista\/arquitectura-2\/casa-natal-hitler-sufrira-modificacion-arquitectonica\/#breadcrumb","itemListElement":[{"@type":"ListItem","position":1,"name":"Portada","item":"https:\/\/centrourbano.com\/revista\/"},{"@type":"ListItem","position":2,"name":"Casa natal de Hitler sufrir\u00e1 modificaci\u00f3n arquitect\u00f3nica"}]},{"@type":"WebSite","@id":"https:\/\/centrourbano.com\/revista\/#website","url":"https:\/\/centrourbano.com\/revista\/","name":"Centro Urbano","description":"Medio especializado en los sectores vivienda, inmobiliario, construcci\u00f3n, arquitectura y urbanismo.","publisher":{"@id":"https:\/\/centrourbano.com\/revista\/#organization"},"potentialAction":[{"@type":"SearchAction","target":{"@type":"EntryPoint","urlTemplate":"https:\/\/centrourbano.com\/revista\/?s={search_term_string}"},"query-input":{"@type":"PropertyValueSpecification","valueRequired":true,"valueName":"search_term_string"}}],"inLanguage":"es"},{"@type":"Organization","@id":"https:\/\/centrourbano.com\/revista\/#organization","name":"Centro Urbano","url":"https:\/\/centrourbano.com\/revista\/","logo":{"@type":"ImageObject","inLanguage":"es","@id":"https:\/\/centrourbano.com\/revista\/#\/schema\/logo\/image\/","url":"https:\/\/centrourbano.com\/revista\/wp-content\/uploads\/web_CU_logo-1.png","contentUrl":"https:\/\/centrourbano.com\/revista\/wp-content\/uploads\/web_CU_logo-1.png","width":350,"height":91,"caption":"Centro Urbano"},"image":{"@id":"https:\/\/centrourbano.com\/revista\/#\/schema\/logo\/image\/"},"sameAs":["https:\/\/www.facebook.com\/portalcentrourbano","https:\/\/x.com\/CentroUrbano","https:\/\/www.instagram.com\/centro_urbano\/","https:\/\/www.linkedin.com\/company\/centro-urbano\/","http:\/\/www.youtube.com\/user\/portalcentrourbano"]},{"@type":"Person","@id":"https:\/\/centrourbano.com\/revista\/#\/schema\/person\/b45db815d96831257ba428a3d5a5fbdc","name":"Dinorah Nava","image":{"@type":"ImageObject","inLanguage":"es","@id":"https:\/\/secure.gravatar.com\/avatar\/f6ca6430c51d147f363940f84e1225aa4b8183885c11802cc3b042305a4ecc1a?s=96&d=mm&r=g","url":"https:\/\/secure.gravatar.com\/avatar\/f6ca6430c51d147f363940f84e1225aa4b8183885c11802cc3b042305a4ecc1a?s=96&d=mm&r=g","contentUrl":"https:\/\/secure.gravatar.com\/avatar\/f6ca6430c51d147f363940f84e1225aa4b8183885c11802cc3b042305a4ecc1a?s=96&d=mm&r=g","caption":"Dinorah Nava"},"description":"Editora de Contenidos y Estrategias Digitales en Centro Urbano y Coeditora en Peri\u00f3dico Mi Casa. Egresada de la licenciatura en Comunicaci\u00f3n y Periodismo de la Facultad de Estudios Superiores Arag\u00f3n (UNAM). Amante de la edici\u00f3n y correcci\u00f3n de estilo, las redes sociales y el mundo digital. Especialista en temas son arquitectura, inmobiliario y urbanismo.","sameAs":["linkedin.com\/in\/dinorah-nava","https:\/\/x.com\/https:\/\/twitter.com\/Dinorah_Nava28"],"url":"https:\/\/centrourbano.com\/revista\/author\/dinorah-nava\/"}]}},"_links":{"self":[{"href":"https:\/\/centrourbano.com\/revista\/wp-json\/wp\/v2\/posts\/45541","targetHints":{"allow":["GET"]}}],"collection":[{"href":"https:\/\/centrourbano.com\/revista\/wp-json\/wp\/v2\/posts"}],"about":[{"href":"https:\/\/centrourbano.com\/revista\/wp-json\/wp\/v2\/types\/post"}],"author":[{"embeddable":true,"href":"https:\/\/centrourbano.com\/revista\/wp-json\/wp\/v2\/users\/9"}],"replies":[{"embeddable":true,"href":"https:\/\/centrourbano.com\/revista\/wp-json\/wp\/v2\/comments?post=45541"}],"version-history":[{"count":0,"href":"https:\/\/centrourbano.com\/revista\/wp-json\/wp\/v2\/posts\/45541\/revisions"}],"wp:featuredmedia":[{"embeddable":true,"href":"https:\/\/centrourbano.com\/revista\/wp-json\/wp\/v2\/media\/45542"}],"wp:attachment":[{"href":"https:\/\/centrourbano.com\/revista\/wp-json\/wp\/v2\/media?parent=45541"}],"wp:term":[{"taxonomy":"category","embeddable":true,"href":"https:\/\/centrourbano.com\/revista\/wp-json\/wp\/v2\/categories?post=45541"},{"taxonomy":"post_tag","embeddable":true,"href":"https:\/\/centrourbano.com\/revista\/wp-json\/wp\/v2\/tags?post=45541"}],"curies":[{"name":"wp","href":"https:\/\/api.w.org\/{rel}","templated":true}]}}