{"id":45538,"date":"2016-12-19T08:14:14","date_gmt":"2016-12-19T14:14:14","guid":{"rendered":"https:\/\/centrourbano.com\/?p=45538"},"modified":"2016-12-19T00:17:08","modified_gmt":"2016-12-19T06:17:08","slug":"obra-oscar-niemeyer-reabre-puertas-rio-janeiro","status":"publish","type":"post","link":"https:\/\/centrourbano.com\/revista\/arquitectura-2\/obra-oscar-niemeyer-reabre-puertas-rio-janeiro\/","title":{"rendered":"Obra de Oscar Niemeyer reabre sus puertas en R\u00edo de Janeiro"},"content":{"rendered":"<p><em>Se trata del Hotel Nacional, mismo que fue reconocido en 1998 como patrimonio arquitect\u00f3nico de la ciudad<\/em><!--more--><\/p>\n<p>Tras permanecer cerrado por m\u00e1s de 20 a\u00f1os, este fin de semana el Hotel Nacional, una obra del arquitecto Oscar Niemeyer, reabri\u00f3 sus puertas de la mano de la cadena hotelera espa\u00f1ola Meli\u00e1.<\/p>\n<p>El hotel ser\u00e1 el \u00fanico en R\u00edo de Janeiro con su propio helipuerto, contar\u00e1 con 413 cuartos, dos restaurantes, tres bares exclusivos y un centro de eventos, as\u00ed como diversas instalaciones para el ocio.<\/p>\n<p>Este gran emblema tur\u00edstico fue abierto originalmente en 1972, un edificio circular de 33 plantas, ubicado junto al mar en el lujoso barrio de S\u00e3o Conrado, en la zona sur de la ciudad.<\/p>\n<p>El recinto fue adem\u00e1s reconocido en 1998 como patrimonio arquitect\u00f3nico de dicha ciudad, distinguiendo el sello de Oscar Niemeyer en cada rinc\u00f3n del hotel, desde su entrada hasta el helipuerto en forma de flor abierta que corona el edificio.<\/p>\n<p>Los jardines del hotel no se quedan atr\u00e1s, ya que fueron dise\u00f1ados por el paisajista Burle Marx, uno de los principales colaboradores de Niemeyer a lo largo de toda su carrera.<\/p>\n<p>Seg\u00fan detalla la agencia EFE, las autoridades cariocas exigieron que el nuevo proyecto se atuviera en la medida de lo posible al original, lo que ha supuesto conservar toda la fachada del edificio y recuperar numerosos elementos decorativos en el interior.<\/p>\n<p>Fue en el a\u00f1o de 1995 cuando las puertas de este emblem\u00e1tico lugar, considerado el hotel m\u00e1s moderno de toda Am\u00e9rica Latina, cerraron por completo luego de que el Estado se tuvo que hacer cargo del mismo.<\/p>\n<p>As\u00ed, las autoridades cariocas exigieron que el nuevo proyecto se atuviera en la medida de lo posible al original, lo que ha supuesto conservar toda la fachada del edificio y recuperar numerosos elementos decorativos en el interior.<\/p>\n<p>Estos condicionantes llevaron a la cadena hotelera a elaborar un proyecto que hiciera posible respetar la historia del edificio sin sacrificar ninguna exigencia de la marca, por lo que las obras apenas pudieron comenzar el pasado mes de febrero.<\/p>\n","protected":false},"excerpt":{"rendered":"<p>Se trata del Hotel Nacional, mismo que fue reconocido en 1998 como patrimonio arquitect\u00f3nico de la ciudad<\/p>\n","protected":false},"author":9,"featured_media":45539,"comment_status":"open","ping_status":"closed","sticky":false,"template":"","format":"standard","meta":{"om_disable_all_campaigns":false,"inline_featured_image":false,"_monsterinsights_skip_tracking":false,"_monsterinsights_sitenote_active":false,"_monsterinsights_sitenote_note":"","_monsterinsights_sitenote_category":0,"footnotes":""},"categories":[81],"tags":[20,929,47,5219,7132,2001],"class_list":["post-45538","post","type-post","status-publish","format-standard","has-post-thumbnail","hentry","category-arquitectura-2","tag-arquitectura","tag-brasil","tag-hotel","tag-melia","tag-oscar-niemeyer","tag-rio-de-janeiro"],"yoast_head":"<!-- This site is optimized with the Yoast SEO plugin v27.5 - https:\/\/yoast.com\/product\/yoast-seo-wordpress\/ -->\n<title>Obra de Oscar Niemeyer reabre sus puertas en R\u00edo de Janeiro<\/title>\n<meta name=\"description\" content=\"Se trata del Hotel Nacional, mismo que fue reconocido en 1998 como patrimonio arquitect\u00f3nico de la ciudad\" \/>\n<meta name=\"robots\" content=\"index, follow, max-snippet:-1, max-image-preview:large, max-video-preview:-1\" \/>\n<link rel=\"canonical\" href=\"https:\/\/centrourbano.com\/revista\/arquitectura-2\/obra-oscar-niemeyer-reabre-puertas-rio-janeiro\/\" \/>\n<meta property=\"og:locale\" content=\"es_ES\" \/>\n<meta property=\"og:type\" content=\"article\" \/>\n<meta property=\"og:title\" content=\"Obra de Oscar Niemeyer reabre sus puertas en R\u00edo de Janeiro\" \/>\n<meta property=\"og:description\" content=\"Se trata del Hotel Nacional, mismo que fue reconocido en 1998 como patrimonio arquitect\u00f3nico de la ciudad\" \/>\n<meta property=\"og:url\" content=\"https:\/\/centrourbano.com\/revista\/arquitectura-2\/obra-oscar-niemeyer-reabre-puertas-rio-janeiro\/\" \/>\n<meta property=\"og:site_name\" content=\"Centro Urbano\" \/>\n<meta property=\"article:publisher\" content=\"https:\/\/www.facebook.com\/portalcentrourbano\" \/>\n<meta property=\"article:published_time\" content=\"2016-12-19T14:14:14+00:00\" \/>\n<meta property=\"og:image\" content=\"https:\/\/centrourbano.com\/revista\/wp-content\/uploads\/Obra-de-Oscar-Niemeyer-reabre-sus-puertas-en-Ri\u0301o-de-Janeiro--e1482128170236.jpg\" \/>\n\t<meta property=\"og:image:width\" content=\"900\" \/>\n\t<meta property=\"og:image:height\" content=\"593\" \/>\n\t<meta property=\"og:image:type\" content=\"image\/jpeg\" \/>\n<meta name=\"author\" content=\"Dinorah Nava\" \/>\n<meta name=\"twitter:card\" content=\"summary_large_image\" \/>\n<meta name=\"twitter:creator\" content=\"@https:\/\/twitter.com\/Dinorah_Nava28\" \/>\n<meta name=\"twitter:site\" content=\"@CentroUrbano\" \/>\n<meta name=\"twitter:label1\" content=\"Escrito por\" \/>\n\t<meta name=\"twitter:data1\" content=\"Dinorah Nava\" \/>\n\t<meta name=\"twitter:label2\" content=\"Tiempo de lectura\" \/>\n\t<meta name=\"twitter:data2\" content=\"2 minutos\" \/>\n<script type=\"application\/ld+json\" class=\"yoast-schema-graph\">{\"@context\":\"https:\\\/\\\/schema.org\",\"@graph\":[{\"@type\":\"Article\",\"@id\":\"https:\\\/\\\/centrourbano.com\\\/revista\\\/arquitectura-2\\\/obra-oscar-niemeyer-reabre-puertas-rio-janeiro\\\/#article\",\"isPartOf\":{\"@id\":\"https:\\\/\\\/centrourbano.com\\\/revista\\\/arquitectura-2\\\/obra-oscar-niemeyer-reabre-puertas-rio-janeiro\\\/\"},\"author\":{\"name\":\"Dinorah Nava\",\"@id\":\"https:\\\/\\\/centrourbano.com\\\/revista\\\/#\\\/schema\\\/person\\\/baa9e569588d5544150642a11ad28b8b\"},\"headline\":\"Obra de Oscar Niemeyer reabre sus puertas en R\u00edo de Janeiro\",\"datePublished\":\"2016-12-19T14:14:14+00:00\",\"mainEntityOfPage\":{\"@id\":\"https:\\\/\\\/centrourbano.com\\\/revista\\\/arquitectura-2\\\/obra-oscar-niemeyer-reabre-puertas-rio-janeiro\\\/\"},\"wordCount\":363,\"commentCount\":0,\"publisher\":{\"@id\":\"https:\\\/\\\/centrourbano.com\\\/revista\\\/#organization\"},\"image\":{\"@id\":\"https:\\\/\\\/centrourbano.com\\\/revista\\\/arquitectura-2\\\/obra-oscar-niemeyer-reabre-puertas-rio-janeiro\\\/#primaryimage\"},\"thumbnailUrl\":\"https:\\\/\\\/centrourbano.com\\\/revista\\\/wp-content\\\/uploads\\\/Obra-de-Oscar-Niemeyer-reabre-sus-puertas-en-Ri\u0301o-de-Janeiro--e1482128170236.jpg\",\"keywords\":[\"arquitectura\",\"Brasil\",\"hotel\",\"Meli\u00e1\",\"Oscar Niemeyer\",\"R\u00edo de Janeiro\"],\"articleSection\":[\"Arquitectura\"],\"inLanguage\":\"es\",\"potentialAction\":[{\"@type\":\"CommentAction\",\"name\":\"Comment\",\"target\":[\"https:\\\/\\\/centrourbano.com\\\/revista\\\/arquitectura-2\\\/obra-oscar-niemeyer-reabre-puertas-rio-janeiro\\\/#respond\"]}]},{\"@type\":\"WebPage\",\"@id\":\"https:\\\/\\\/centrourbano.com\\\/revista\\\/arquitectura-2\\\/obra-oscar-niemeyer-reabre-puertas-rio-janeiro\\\/\",\"url\":\"https:\\\/\\\/centrourbano.com\\\/revista\\\/arquitectura-2\\\/obra-oscar-niemeyer-reabre-puertas-rio-janeiro\\\/\",\"name\":\"Obra de Oscar Niemeyer reabre sus puertas en R\u00edo de Janeiro\",\"isPartOf\":{\"@id\":\"https:\\\/\\\/centrourbano.com\\\/revista\\\/#website\"},\"primaryImageOfPage\":{\"@id\":\"https:\\\/\\\/centrourbano.com\\\/revista\\\/arquitectura-2\\\/obra-oscar-niemeyer-reabre-puertas-rio-janeiro\\\/#primaryimage\"},\"image\":{\"@id\":\"https:\\\/\\\/centrourbano.com\\\/revista\\\/arquitectura-2\\\/obra-oscar-niemeyer-reabre-puertas-rio-janeiro\\\/#primaryimage\"},\"thumbnailUrl\":\"https:\\\/\\\/centrourbano.com\\\/revista\\\/wp-content\\\/uploads\\\/Obra-de-Oscar-Niemeyer-reabre-sus-puertas-en-Ri\u0301o-de-Janeiro--e1482128170236.jpg\",\"datePublished\":\"2016-12-19T14:14:14+00:00\",\"description\":\"Se trata del Hotel Nacional, mismo que fue reconocido en 1998 como patrimonio arquitect\u00f3nico de la ciudad\",\"breadcrumb\":{\"@id\":\"https:\\\/\\\/centrourbano.com\\\/revista\\\/arquitectura-2\\\/obra-oscar-niemeyer-reabre-puertas-rio-janeiro\\\/#breadcrumb\"},\"inLanguage\":\"es\",\"potentialAction\":[{\"@type\":\"ReadAction\",\"target\":[\"https:\\\/\\\/centrourbano.com\\\/revista\\\/arquitectura-2\\\/obra-oscar-niemeyer-reabre-puertas-rio-janeiro\\\/\"]}]},{\"@type\":\"ImageObject\",\"inLanguage\":\"es\",\"@id\":\"https:\\\/\\\/centrourbano.com\\\/revista\\\/arquitectura-2\\\/obra-oscar-niemeyer-reabre-puertas-rio-janeiro\\\/#primaryimage\",\"url\":\"https:\\\/\\\/centrourbano.com\\\/revista\\\/wp-content\\\/uploads\\\/Obra-de-Oscar-Niemeyer-reabre-sus-puertas-en-Ri\u0301o-de-Janeiro--e1482128170236.jpg\",\"contentUrl\":\"https:\\\/\\\/centrourbano.com\\\/revista\\\/wp-content\\\/uploads\\\/Obra-de-Oscar-Niemeyer-reabre-sus-puertas-en-Ri\u0301o-de-Janeiro--e1482128170236.jpg\",\"width\":900,\"height\":593,\"caption\":\"Se trata del Hotel Nacional, mismo que fue reconocido en 1998 como patrimonio arquitect\u00f3nico de la ciudad\"},{\"@type\":\"BreadcrumbList\",\"@id\":\"https:\\\/\\\/centrourbano.com\\\/revista\\\/arquitectura-2\\\/obra-oscar-niemeyer-reabre-puertas-rio-janeiro\\\/#breadcrumb\",\"itemListElement\":[{\"@type\":\"ListItem\",\"position\":1,\"name\":\"Portada\",\"item\":\"https:\\\/\\\/centrourbano.com\\\/revista\\\/\"},{\"@type\":\"ListItem\",\"position\":2,\"name\":\"Obra de Oscar Niemeyer reabre sus puertas en R\u00edo de Janeiro\"}]},{\"@type\":\"WebSite\",\"@id\":\"https:\\\/\\\/centrourbano.com\\\/revista\\\/#website\",\"url\":\"https:\\\/\\\/centrourbano.com\\\/revista\\\/\",\"name\":\"Centro Urbano\",\"description\":\"Medio especializado en los sectores vivienda, inmobiliario, construcci\u00f3n, arquitectura y urbanismo.\",\"publisher\":{\"@id\":\"https:\\\/\\\/centrourbano.com\\\/revista\\\/#organization\"},\"potentialAction\":[{\"@type\":\"SearchAction\",\"target\":{\"@type\":\"EntryPoint\",\"urlTemplate\":\"https:\\\/\\\/centrourbano.com\\\/revista\\\/?s={search_term_string}\"},\"query-input\":{\"@type\":\"PropertyValueSpecification\",\"valueRequired\":true,\"valueName\":\"search_term_string\"}}],\"inLanguage\":\"es\"},{\"@type\":\"Organization\",\"@id\":\"https:\\\/\\\/centrourbano.com\\\/revista\\\/#organization\",\"name\":\"Centro Urbano\",\"url\":\"https:\\\/\\\/centrourbano.com\\\/revista\\\/\",\"logo\":{\"@type\":\"ImageObject\",\"inLanguage\":\"es\",\"@id\":\"https:\\\/\\\/centrourbano.com\\\/revista\\\/#\\\/schema\\\/logo\\\/image\\\/\",\"url\":\"https:\\\/\\\/centrourbano.com\\\/revista\\\/wp-content\\\/uploads\\\/web_CU_logo-1.png\",\"contentUrl\":\"https:\\\/\\\/centrourbano.com\\\/revista\\\/wp-content\\\/uploads\\\/web_CU_logo-1.png\",\"width\":350,\"height\":91,\"caption\":\"Centro Urbano\"},\"image\":{\"@id\":\"https:\\\/\\\/centrourbano.com\\\/revista\\\/#\\\/schema\\\/logo\\\/image\\\/\"},\"sameAs\":[\"https:\\\/\\\/www.facebook.com\\\/portalcentrourbano\",\"https:\\\/\\\/x.com\\\/CentroUrbano\",\"https:\\\/\\\/www.instagram.com\\\/centro_urbano\\\/\",\"https:\\\/\\\/www.linkedin.com\\\/company\\\/centro-urbano\\\/\",\"http:\\\/\\\/www.youtube.com\\\/user\\\/portalcentrourbano\"]},{\"@type\":\"Person\",\"@id\":\"https:\\\/\\\/centrourbano.com\\\/revista\\\/#\\\/schema\\\/person\\\/baa9e569588d5544150642a11ad28b8b\",\"name\":\"Dinorah Nava\",\"image\":{\"@type\":\"ImageObject\",\"inLanguage\":\"es\",\"@id\":\"https:\\\/\\\/secure.gravatar.com\\\/avatar\\\/f6ca6430c51d147f363940f84e1225aa4b8183885c11802cc3b042305a4ecc1a?s=96&d=mm&r=g\",\"url\":\"https:\\\/\\\/secure.gravatar.com\\\/avatar\\\/f6ca6430c51d147f363940f84e1225aa4b8183885c11802cc3b042305a4ecc1a?s=96&d=mm&r=g\",\"contentUrl\":\"https:\\\/\\\/secure.gravatar.com\\\/avatar\\\/f6ca6430c51d147f363940f84e1225aa4b8183885c11802cc3b042305a4ecc1a?s=96&d=mm&r=g\",\"caption\":\"Dinorah Nava\"},\"description\":\"Editora de Contenidos y Estrategias Digitales en Centro Urbano y Coeditora en Peri\u00f3dico Mi Casa. Egresada de la licenciatura en Comunicaci\u00f3n y Periodismo de la Facultad de Estudios Superiores Arag\u00f3n (UNAM). Amante de la edici\u00f3n y correcci\u00f3n de estilo, las redes sociales y el mundo digital. Especialista en temas son arquitectura, inmobiliario y urbanismo.\",\"sameAs\":[\"linkedin.com\\\/in\\\/dinorah-nava\",\"https:\\\/\\\/x.com\\\/https:\\\/\\\/twitter.com\\\/Dinorah_Nava28\"],\"url\":\"https:\\\/\\\/centrourbano.com\\\/revista\\\/author\\\/dinorah-nava\\\/\"}]}<\/script>\n<!-- \/ Yoast SEO plugin. -->","yoast_head_json":{"title":"Obra de Oscar Niemeyer reabre sus puertas en R\u00edo de Janeiro","description":"Se trata del Hotel Nacional, mismo que fue reconocido en 1998 como patrimonio arquitect\u00f3nico de la ciudad","robots":{"index":"index","follow":"follow","max-snippet":"max-snippet:-1","max-image-preview":"max-image-preview:large","max-video-preview":"max-video-preview:-1"},"canonical":"https:\/\/centrourbano.com\/revista\/arquitectura-2\/obra-oscar-niemeyer-reabre-puertas-rio-janeiro\/","og_locale":"es_ES","og_type":"article","og_title":"Obra de Oscar Niemeyer reabre sus puertas en R\u00edo de Janeiro","og_description":"Se trata del Hotel Nacional, mismo que fue reconocido en 1998 como patrimonio arquitect\u00f3nico de la ciudad","og_url":"https:\/\/centrourbano.com\/revista\/arquitectura-2\/obra-oscar-niemeyer-reabre-puertas-rio-janeiro\/","og_site_name":"Centro Urbano","article_publisher":"https:\/\/www.facebook.com\/portalcentrourbano","article_published_time":"2016-12-19T14:14:14+00:00","og_image":[{"width":900,"height":593,"url":"https:\/\/centrourbano.com\/revista\/wp-content\/uploads\/Obra-de-Oscar-Niemeyer-reabre-sus-puertas-en-Ri\u0301o-de-Janeiro--e1482128170236.jpg","type":"image\/jpeg"}],"author":"Dinorah Nava","twitter_card":"summary_large_image","twitter_creator":"@https:\/\/twitter.com\/Dinorah_Nava28","twitter_site":"@CentroUrbano","twitter_misc":{"Escrito por":"Dinorah Nava","Tiempo de lectura":"2 minutos"},"schema":{"@context":"https:\/\/schema.org","@graph":[{"@type":"Article","@id":"https:\/\/centrourbano.com\/revista\/arquitectura-2\/obra-oscar-niemeyer-reabre-puertas-rio-janeiro\/#article","isPartOf":{"@id":"https:\/\/centrourbano.com\/revista\/arquitectura-2\/obra-oscar-niemeyer-reabre-puertas-rio-janeiro\/"},"author":{"name":"Dinorah Nava","@id":"https:\/\/centrourbano.com\/revista\/#\/schema\/person\/baa9e569588d5544150642a11ad28b8b"},"headline":"Obra de Oscar Niemeyer reabre sus puertas en R\u00edo de Janeiro","datePublished":"2016-12-19T14:14:14+00:00","mainEntityOfPage":{"@id":"https:\/\/centrourbano.com\/revista\/arquitectura-2\/obra-oscar-niemeyer-reabre-puertas-rio-janeiro\/"},"wordCount":363,"commentCount":0,"publisher":{"@id":"https:\/\/centrourbano.com\/revista\/#organization"},"image":{"@id":"https:\/\/centrourbano.com\/revista\/arquitectura-2\/obra-oscar-niemeyer-reabre-puertas-rio-janeiro\/#primaryimage"},"thumbnailUrl":"https:\/\/centrourbano.com\/revista\/wp-content\/uploads\/Obra-de-Oscar-Niemeyer-reabre-sus-puertas-en-Ri\u0301o-de-Janeiro--e1482128170236.jpg","keywords":["arquitectura","Brasil","hotel","Meli\u00e1","Oscar Niemeyer","R\u00edo de Janeiro"],"articleSection":["Arquitectura"],"inLanguage":"es","potentialAction":[{"@type":"CommentAction","name":"Comment","target":["https:\/\/centrourbano.com\/revista\/arquitectura-2\/obra-oscar-niemeyer-reabre-puertas-rio-janeiro\/#respond"]}]},{"@type":"WebPage","@id":"https:\/\/centrourbano.com\/revista\/arquitectura-2\/obra-oscar-niemeyer-reabre-puertas-rio-janeiro\/","url":"https:\/\/centrourbano.com\/revista\/arquitectura-2\/obra-oscar-niemeyer-reabre-puertas-rio-janeiro\/","name":"Obra de Oscar Niemeyer reabre sus puertas en R\u00edo de Janeiro","isPartOf":{"@id":"https:\/\/centrourbano.com\/revista\/#website"},"primaryImageOfPage":{"@id":"https:\/\/centrourbano.com\/revista\/arquitectura-2\/obra-oscar-niemeyer-reabre-puertas-rio-janeiro\/#primaryimage"},"image":{"@id":"https:\/\/centrourbano.com\/revista\/arquitectura-2\/obra-oscar-niemeyer-reabre-puertas-rio-janeiro\/#primaryimage"},"thumbnailUrl":"https:\/\/centrourbano.com\/revista\/wp-content\/uploads\/Obra-de-Oscar-Niemeyer-reabre-sus-puertas-en-Ri\u0301o-de-Janeiro--e1482128170236.jpg","datePublished":"2016-12-19T14:14:14+00:00","description":"Se trata del Hotel Nacional, mismo que fue reconocido en 1998 como patrimonio arquitect\u00f3nico de la ciudad","breadcrumb":{"@id":"https:\/\/centrourbano.com\/revista\/arquitectura-2\/obra-oscar-niemeyer-reabre-puertas-rio-janeiro\/#breadcrumb"},"inLanguage":"es","potentialAction":[{"@type":"ReadAction","target":["https:\/\/centrourbano.com\/revista\/arquitectura-2\/obra-oscar-niemeyer-reabre-puertas-rio-janeiro\/"]}]},{"@type":"ImageObject","inLanguage":"es","@id":"https:\/\/centrourbano.com\/revista\/arquitectura-2\/obra-oscar-niemeyer-reabre-puertas-rio-janeiro\/#primaryimage","url":"https:\/\/centrourbano.com\/revista\/wp-content\/uploads\/Obra-de-Oscar-Niemeyer-reabre-sus-puertas-en-Ri\u0301o-de-Janeiro--e1482128170236.jpg","contentUrl":"https:\/\/centrourbano.com\/revista\/wp-content\/uploads\/Obra-de-Oscar-Niemeyer-reabre-sus-puertas-en-Ri\u0301o-de-Janeiro--e1482128170236.jpg","width":900,"height":593,"caption":"Se trata del Hotel Nacional, mismo que fue reconocido en 1998 como patrimonio arquitect\u00f3nico de la ciudad"},{"@type":"BreadcrumbList","@id":"https:\/\/centrourbano.com\/revista\/arquitectura-2\/obra-oscar-niemeyer-reabre-puertas-rio-janeiro\/#breadcrumb","itemListElement":[{"@type":"ListItem","position":1,"name":"Portada","item":"https:\/\/centrourbano.com\/revista\/"},{"@type":"ListItem","position":2,"name":"Obra de Oscar Niemeyer reabre sus puertas en R\u00edo de Janeiro"}]},{"@type":"WebSite","@id":"https:\/\/centrourbano.com\/revista\/#website","url":"https:\/\/centrourbano.com\/revista\/","name":"Centro Urbano","description":"Medio especializado en los sectores vivienda, inmobiliario, construcci\u00f3n, arquitectura y urbanismo.","publisher":{"@id":"https:\/\/centrourbano.com\/revista\/#organization"},"potentialAction":[{"@type":"SearchAction","target":{"@type":"EntryPoint","urlTemplate":"https:\/\/centrourbano.com\/revista\/?s={search_term_string}"},"query-input":{"@type":"PropertyValueSpecification","valueRequired":true,"valueName":"search_term_string"}}],"inLanguage":"es"},{"@type":"Organization","@id":"https:\/\/centrourbano.com\/revista\/#organization","name":"Centro Urbano","url":"https:\/\/centrourbano.com\/revista\/","logo":{"@type":"ImageObject","inLanguage":"es","@id":"https:\/\/centrourbano.com\/revista\/#\/schema\/logo\/image\/","url":"https:\/\/centrourbano.com\/revista\/wp-content\/uploads\/web_CU_logo-1.png","contentUrl":"https:\/\/centrourbano.com\/revista\/wp-content\/uploads\/web_CU_logo-1.png","width":350,"height":91,"caption":"Centro Urbano"},"image":{"@id":"https:\/\/centrourbano.com\/revista\/#\/schema\/logo\/image\/"},"sameAs":["https:\/\/www.facebook.com\/portalcentrourbano","https:\/\/x.com\/CentroUrbano","https:\/\/www.instagram.com\/centro_urbano\/","https:\/\/www.linkedin.com\/company\/centro-urbano\/","http:\/\/www.youtube.com\/user\/portalcentrourbano"]},{"@type":"Person","@id":"https:\/\/centrourbano.com\/revista\/#\/schema\/person\/baa9e569588d5544150642a11ad28b8b","name":"Dinorah Nava","image":{"@type":"ImageObject","inLanguage":"es","@id":"https:\/\/secure.gravatar.com\/avatar\/f6ca6430c51d147f363940f84e1225aa4b8183885c11802cc3b042305a4ecc1a?s=96&d=mm&r=g","url":"https:\/\/secure.gravatar.com\/avatar\/f6ca6430c51d147f363940f84e1225aa4b8183885c11802cc3b042305a4ecc1a?s=96&d=mm&r=g","contentUrl":"https:\/\/secure.gravatar.com\/avatar\/f6ca6430c51d147f363940f84e1225aa4b8183885c11802cc3b042305a4ecc1a?s=96&d=mm&r=g","caption":"Dinorah Nava"},"description":"Editora de Contenidos y Estrategias Digitales en Centro Urbano y Coeditora en Peri\u00f3dico Mi Casa. Egresada de la licenciatura en Comunicaci\u00f3n y Periodismo de la Facultad de Estudios Superiores Arag\u00f3n (UNAM). Amante de la edici\u00f3n y correcci\u00f3n de estilo, las redes sociales y el mundo digital. Especialista en temas son arquitectura, inmobiliario y urbanismo.","sameAs":["linkedin.com\/in\/dinorah-nava","https:\/\/x.com\/https:\/\/twitter.com\/Dinorah_Nava28"],"url":"https:\/\/centrourbano.com\/revista\/author\/dinorah-nava\/"}]}},"_links":{"self":[{"href":"https:\/\/centrourbano.com\/revista\/wp-json\/wp\/v2\/posts\/45538","targetHints":{"allow":["GET"]}}],"collection":[{"href":"https:\/\/centrourbano.com\/revista\/wp-json\/wp\/v2\/posts"}],"about":[{"href":"https:\/\/centrourbano.com\/revista\/wp-json\/wp\/v2\/types\/post"}],"author":[{"embeddable":true,"href":"https:\/\/centrourbano.com\/revista\/wp-json\/wp\/v2\/users\/9"}],"replies":[{"embeddable":true,"href":"https:\/\/centrourbano.com\/revista\/wp-json\/wp\/v2\/comments?post=45538"}],"version-history":[{"count":0,"href":"https:\/\/centrourbano.com\/revista\/wp-json\/wp\/v2\/posts\/45538\/revisions"}],"wp:featuredmedia":[{"embeddable":true,"href":"https:\/\/centrourbano.com\/revista\/wp-json\/wp\/v2\/media\/45539"}],"wp:attachment":[{"href":"https:\/\/centrourbano.com\/revista\/wp-json\/wp\/v2\/media?parent=45538"}],"wp:term":[{"taxonomy":"category","embeddable":true,"href":"https:\/\/centrourbano.com\/revista\/wp-json\/wp\/v2\/categories?post=45538"},{"taxonomy":"post_tag","embeddable":true,"href":"https:\/\/centrourbano.com\/revista\/wp-json\/wp\/v2\/tags?post=45538"}],"curies":[{"name":"wp","href":"https:\/\/api.w.org\/{rel}","templated":true}]}}