{"id":45399,"date":"2016-12-14T13:24:41","date_gmt":"2016-12-14T19:24:41","guid":{"rendered":"https:\/\/centrourbano.com\/?p=45399"},"modified":"2016-12-14T13:27:58","modified_gmt":"2016-12-14T19:27:58","slug":"preocupa-intencion-aumentar-isabi-cancun","status":"publish","type":"post","link":"https:\/\/centrourbano.com\/revista\/vivienda\/preocupa-intencion-aumentar-isabi-cancun\/","title":{"rendered":"Preocupa a IP intenci\u00f3n de aumentar ISABI en Canc\u00fan"},"content":{"rendered":"<p><em>Empresarios se\u00f1alaron que elevar esta contribuci\u00f3n reducir\u00e1 la colocaci\u00f3n de vivienda en el estado <\/em><!--more--><\/p>\n<p>Integrantes del Consejo Coordinador Empresarial del Caribe expresaron su preocupaci\u00f3n ante la propuesta presentada en el Congreso del Estado de Quintana Roo para aumentar en 50% el Impuesto Sobre Adquisici\u00f3n de Bienes Inmuebles (ISABI) en el municipio de Benito Ju\u00e1rez. <\/p>\n<p>Los empresarios consideraron que aprobar esta medida desincentivar\u00eda la colocaci\u00f3n de vivienda de interes social en el estado para 2017. Seg\u00fan estimaciones la venta de casas podr\u00eda disminuir entre 13,000 y 15,000 unidades. <\/p>\n<p>Organizaciones como la Asociaci\u00f3n Mexicana de Profesionales Inmobiliarios (AMPI), la C\u00e1mara Nacional de la Industria de Desarrollo y Promoci\u00f3n de Vivienda (Canadevi), as\u00ed como la Asociaci\u00f3n de Desarrolladores Inmobiliarios (ADI) reprobaron la iniciativa, al tiempo de considerar que no tiene justificaci\u00f3n. <\/p>\n<p>Las organizaciones manifestaron que la propuesta impulsada por el Partido Verde Ecologista de M\u00e9xico generar\u00eda un efecto negativo, al elevar los costos y dificultar el acceso a vivienda a quienes tienen lo justo para cubrir con los pagos correspondientes. <\/p>\n","protected":false},"excerpt":{"rendered":"<p>Empresarios se\u00f1alaron que elevar esta contribuci\u00f3n reducir\u00e1 la colocaci\u00f3n de vivienda en el estado<\/p>\n","protected":false},"author":47,"featured_media":14676,"comment_status":"open","ping_status":"closed","sticky":false,"template":"","format":"standard","meta":{"om_disable_all_campaigns":false,"inline_featured_image":false,"_monsterinsights_skip_tracking":false,"_monsterinsights_sitenote_active":false,"_monsterinsights_sitenote_note":"","_monsterinsights_sitenote_category":0,"footnotes":""},"categories":[12],"tags":[1109,97,6724,99,363,9102],"class_list":["post-45399","post","type-post","status-publish","format-standard","has-post-thumbnail","hentry","category-vivienda","tag-adi","tag-ampi","tag-c","tag-canadevi","tag-cancun","tag-impuesto-sobre-adquisicion-de-bienes-inmuebles-isabi"],"yoast_head":"<!-- This site is optimized with the Yoast SEO plugin v27.4 - https:\/\/yoast.com\/product\/yoast-seo-wordpress\/ -->\n<title>Preocupa a IP intenci\u00f3n de aumentar ISABI en Canc\u00fan -<\/title>\n<meta name=\"description\" content=\"Integrantes del Consejo Coordinador Empresarial del Caribe expresaron su preocupaci\u00f3n ante la propuesta presentada en el Congreso del Estado de Quintana Roo para aumentar en 50% el Impuesto sobre Adquisici\u00f3n de Bienes Inmuebles (ISABI) en el municipio de Benito Ju\u00e1rez.\" \/>\n<meta name=\"robots\" content=\"index, follow, max-snippet:-1, max-image-preview:large, max-video-preview:-1\" \/>\n<link rel=\"canonical\" href=\"https:\/\/centrourbano.com\/revista\/vivienda\/preocupa-intencion-aumentar-isabi-cancun\/\" \/>\n<meta property=\"og:locale\" content=\"es_ES\" \/>\n<meta property=\"og:type\" content=\"article\" \/>\n<meta property=\"og:title\" content=\"Preocupa a IP intenci\u00f3n de aumentar ISABI en Canc\u00fan -\" \/>\n<meta property=\"og:description\" content=\"Integrantes del Consejo Coordinador Empresarial del Caribe expresaron su preocupaci\u00f3n ante la propuesta presentada en el Congreso del Estado de Quintana Roo para aumentar en 50% el Impuesto sobre Adquisici\u00f3n de Bienes Inmuebles (ISABI) en el municipio de Benito Ju\u00e1rez.\" \/>\n<meta property=\"og:url\" content=\"https:\/\/centrourbano.com\/revista\/vivienda\/preocupa-intencion-aumentar-isabi-cancun\/\" \/>\n<meta property=\"og:site_name\" content=\"Centro Urbano\" \/>\n<meta property=\"article:publisher\" content=\"https:\/\/www.facebook.com\/portalcentrourbano\" \/>\n<meta property=\"article:published_time\" content=\"2016-12-14T19:24:41+00:00\" \/>\n<meta property=\"article:modified_time\" content=\"2016-12-14T19:27:58+00:00\" \/>\n<meta property=\"og:image\" content=\"https:\/\/centrourbano.com\/revista\/wp-content\/uploads\/casasSCHP26ene.jpg\" \/>\n\t<meta property=\"og:image:width\" content=\"625\" \/>\n\t<meta property=\"og:image:height\" content=\"415\" \/>\n\t<meta property=\"og:image:type\" content=\"image\/jpeg\" \/>\n<meta name=\"author\" content=\"Edgar Rosas\" \/>\n<meta name=\"twitter:card\" content=\"summary_large_image\" \/>\n<meta name=\"twitter:creator\" content=\"@https:\/\/twitter.com\/ERosasCU?s=09\" \/>\n<meta name=\"twitter:site\" content=\"@CentroUrbano\" \/>\n<meta name=\"twitter:label1\" content=\"Escrito por\" \/>\n\t<meta name=\"twitter:data1\" content=\"Edgar Rosas\" \/>\n\t<meta name=\"twitter:label2\" content=\"Tiempo de lectura\" \/>\n\t<meta name=\"twitter:data2\" content=\"1 minuto\" \/>\n<script type=\"application\/ld+json\" class=\"yoast-schema-graph\">{\"@context\":\"https:\\\/\\\/schema.org\",\"@graph\":[{\"@type\":\"Article\",\"@id\":\"https:\\\/\\\/centrourbano.com\\\/revista\\\/vivienda\\\/preocupa-intencion-aumentar-isabi-cancun\\\/#article\",\"isPartOf\":{\"@id\":\"https:\\\/\\\/centrourbano.com\\\/revista\\\/vivienda\\\/preocupa-intencion-aumentar-isabi-cancun\\\/\"},\"author\":{\"name\":\"Edgar Rosas\",\"@id\":\"https:\\\/\\\/centrourbano.com\\\/revista\\\/#\\\/schema\\\/person\\\/ff3c00651ce5b1630479d2cd0c2e3ac0\"},\"headline\":\"Preocupa a IP intenci\u00f3n de aumentar ISABI en Canc\u00fan\",\"datePublished\":\"2016-12-14T19:24:41+00:00\",\"dateModified\":\"2016-12-14T19:27:58+00:00\",\"mainEntityOfPage\":{\"@id\":\"https:\\\/\\\/centrourbano.com\\\/revista\\\/vivienda\\\/preocupa-intencion-aumentar-isabi-cancun\\\/\"},\"wordCount\":191,\"commentCount\":0,\"publisher\":{\"@id\":\"https:\\\/\\\/centrourbano.com\\\/revista\\\/#organization\"},\"image\":{\"@id\":\"https:\\\/\\\/centrourbano.com\\\/revista\\\/vivienda\\\/preocupa-intencion-aumentar-isabi-cancun\\\/#primaryimage\"},\"thumbnailUrl\":\"https:\\\/\\\/centrourbano.com\\\/revista\\\/wp-content\\\/uploads\\\/casasSCHP26ene.jpg\",\"keywords\":[\"ADI\",\"AMPI\",\"C\",\"Canadevi\",\"Canc\u00fan\",\"Impuesto sobre Adquisici\u00f3n de Bienes Inmuebles (ISABI)\"],\"articleSection\":[\"Vivienda\"],\"inLanguage\":\"es\",\"potentialAction\":[{\"@type\":\"CommentAction\",\"name\":\"Comment\",\"target\":[\"https:\\\/\\\/centrourbano.com\\\/revista\\\/vivienda\\\/preocupa-intencion-aumentar-isabi-cancun\\\/#respond\"]}]},{\"@type\":\"WebPage\",\"@id\":\"https:\\\/\\\/centrourbano.com\\\/revista\\\/vivienda\\\/preocupa-intencion-aumentar-isabi-cancun\\\/\",\"url\":\"https:\\\/\\\/centrourbano.com\\\/revista\\\/vivienda\\\/preocupa-intencion-aumentar-isabi-cancun\\\/\",\"name\":\"Preocupa a IP intenci\u00f3n de aumentar ISABI en Canc\u00fan -\",\"isPartOf\":{\"@id\":\"https:\\\/\\\/centrourbano.com\\\/revista\\\/#website\"},\"primaryImageOfPage\":{\"@id\":\"https:\\\/\\\/centrourbano.com\\\/revista\\\/vivienda\\\/preocupa-intencion-aumentar-isabi-cancun\\\/#primaryimage\"},\"image\":{\"@id\":\"https:\\\/\\\/centrourbano.com\\\/revista\\\/vivienda\\\/preocupa-intencion-aumentar-isabi-cancun\\\/#primaryimage\"},\"thumbnailUrl\":\"https:\\\/\\\/centrourbano.com\\\/revista\\\/wp-content\\\/uploads\\\/casasSCHP26ene.jpg\",\"datePublished\":\"2016-12-14T19:24:41+00:00\",\"dateModified\":\"2016-12-14T19:27:58+00:00\",\"description\":\"Integrantes del Consejo Coordinador Empresarial del Caribe expresaron su preocupaci\u00f3n ante la propuesta presentada en el Congreso del Estado de Quintana Roo para aumentar en 50% el Impuesto sobre Adquisici\u00f3n de Bienes Inmuebles (ISABI) en el municipio de Benito Ju\u00e1rez.\",\"breadcrumb\":{\"@id\":\"https:\\\/\\\/centrourbano.com\\\/revista\\\/vivienda\\\/preocupa-intencion-aumentar-isabi-cancun\\\/#breadcrumb\"},\"inLanguage\":\"es\",\"potentialAction\":[{\"@type\":\"ReadAction\",\"target\":[\"https:\\\/\\\/centrourbano.com\\\/revista\\\/vivienda\\\/preocupa-intencion-aumentar-isabi-cancun\\\/\"]}]},{\"@type\":\"ImageObject\",\"inLanguage\":\"es\",\"@id\":\"https:\\\/\\\/centrourbano.com\\\/revista\\\/vivienda\\\/preocupa-intencion-aumentar-isabi-cancun\\\/#primaryimage\",\"url\":\"https:\\\/\\\/centrourbano.com\\\/revista\\\/wp-content\\\/uploads\\\/casasSCHP26ene.jpg\",\"contentUrl\":\"https:\\\/\\\/centrourbano.com\\\/revista\\\/wp-content\\\/uploads\\\/casasSCHP26ene.jpg\",\"width\":625,\"height\":415},{\"@type\":\"BreadcrumbList\",\"@id\":\"https:\\\/\\\/centrourbano.com\\\/revista\\\/vivienda\\\/preocupa-intencion-aumentar-isabi-cancun\\\/#breadcrumb\",\"itemListElement\":[{\"@type\":\"ListItem\",\"position\":1,\"name\":\"Portada\",\"item\":\"https:\\\/\\\/centrourbano.com\\\/revista\\\/\"},{\"@type\":\"ListItem\",\"position\":2,\"name\":\"Preocupa a IP intenci\u00f3n de aumentar ISABI en Canc\u00fan\"}]},{\"@type\":\"WebSite\",\"@id\":\"https:\\\/\\\/centrourbano.com\\\/revista\\\/#website\",\"url\":\"https:\\\/\\\/centrourbano.com\\\/revista\\\/\",\"name\":\"Centro Urbano\",\"description\":\"Medio especializado en los sectores vivienda, inmobiliario, construcci\u00f3n, arquitectura y urbanismo.\",\"publisher\":{\"@id\":\"https:\\\/\\\/centrourbano.com\\\/revista\\\/#organization\"},\"potentialAction\":[{\"@type\":\"SearchAction\",\"target\":{\"@type\":\"EntryPoint\",\"urlTemplate\":\"https:\\\/\\\/centrourbano.com\\\/revista\\\/?s={search_term_string}\"},\"query-input\":{\"@type\":\"PropertyValueSpecification\",\"valueRequired\":true,\"valueName\":\"search_term_string\"}}],\"inLanguage\":\"es\"},{\"@type\":\"Organization\",\"@id\":\"https:\\\/\\\/centrourbano.com\\\/revista\\\/#organization\",\"name\":\"Centro Urbano\",\"url\":\"https:\\\/\\\/centrourbano.com\\\/revista\\\/\",\"logo\":{\"@type\":\"ImageObject\",\"inLanguage\":\"es\",\"@id\":\"https:\\\/\\\/centrourbano.com\\\/revista\\\/#\\\/schema\\\/logo\\\/image\\\/\",\"url\":\"https:\\\/\\\/centrourbano.com\\\/revista\\\/wp-content\\\/uploads\\\/web_CU_logo-1.png\",\"contentUrl\":\"https:\\\/\\\/centrourbano.com\\\/revista\\\/wp-content\\\/uploads\\\/web_CU_logo-1.png\",\"width\":350,\"height\":91,\"caption\":\"Centro Urbano\"},\"image\":{\"@id\":\"https:\\\/\\\/centrourbano.com\\\/revista\\\/#\\\/schema\\\/logo\\\/image\\\/\"},\"sameAs\":[\"https:\\\/\\\/www.facebook.com\\\/portalcentrourbano\",\"https:\\\/\\\/x.com\\\/CentroUrbano\",\"https:\\\/\\\/www.instagram.com\\\/centro_urbano\\\/\",\"https:\\\/\\\/www.linkedin.com\\\/company\\\/centro-urbano\\\/\",\"http:\\\/\\\/www.youtube.com\\\/user\\\/portalcentrourbano\"]},{\"@type\":\"Person\",\"@id\":\"https:\\\/\\\/centrourbano.com\\\/revista\\\/#\\\/schema\\\/person\\\/ff3c00651ce5b1630479d2cd0c2e3ac0\",\"name\":\"Edgar Rosas\",\"image\":{\"@type\":\"ImageObject\",\"inLanguage\":\"es\",\"@id\":\"https:\\\/\\\/secure.gravatar.com\\\/avatar\\\/94440c4283495211faa5300bf85e80061036b83fced868c3783aa1310b350d9c?s=96&d=mm&r=g\",\"url\":\"https:\\\/\\\/secure.gravatar.com\\\/avatar\\\/94440c4283495211faa5300bf85e80061036b83fced868c3783aa1310b350d9c?s=96&d=mm&r=g\",\"contentUrl\":\"https:\\\/\\\/secure.gravatar.com\\\/avatar\\\/94440c4283495211faa5300bf85e80061036b83fced868c3783aa1310b350d9c?s=96&d=mm&r=g\",\"caption\":\"Edgar Rosas\"},\"description\":\"Editor en Jefe de Centro Urbano. Egresado de la maestr\u00eda en Periodismo Pol\u00edtico de la Escuela de Periodismo Carlos Septi\u00e9n Garc\u00eda (EPCSG). Estudi\u00f3 la licenciatura en Comunicaci\u00f3n en la Universidad Mexicana. Amante de la cr\u00f3nica y el reportaje. Admirador de Vicente Le\u00f1ero y Miguel \u00c1ngel Granados Chapa.\",\"sameAs\":[\"https:\\\/\\\/x.com\\\/https:\\\/\\\/twitter.com\\\/ERosasCU?s=09\"],\"url\":\"https:\\\/\\\/centrourbano.com\\\/revista\\\/author\\\/edgar-rosas\\\/\"}]}<\/script>\n<!-- \/ Yoast SEO plugin. -->","yoast_head_json":{"title":"Preocupa a IP intenci\u00f3n de aumentar ISABI en Canc\u00fan -","description":"Integrantes del Consejo Coordinador Empresarial del Caribe expresaron su preocupaci\u00f3n ante la propuesta presentada en el Congreso del Estado de Quintana Roo para aumentar en 50% el Impuesto sobre Adquisici\u00f3n de Bienes Inmuebles (ISABI) en el municipio de Benito Ju\u00e1rez.","robots":{"index":"index","follow":"follow","max-snippet":"max-snippet:-1","max-image-preview":"max-image-preview:large","max-video-preview":"max-video-preview:-1"},"canonical":"https:\/\/centrourbano.com\/revista\/vivienda\/preocupa-intencion-aumentar-isabi-cancun\/","og_locale":"es_ES","og_type":"article","og_title":"Preocupa a IP intenci\u00f3n de aumentar ISABI en Canc\u00fan -","og_description":"Integrantes del Consejo Coordinador Empresarial del Caribe expresaron su preocupaci\u00f3n ante la propuesta presentada en el Congreso del Estado de Quintana Roo para aumentar en 50% el Impuesto sobre Adquisici\u00f3n de Bienes Inmuebles (ISABI) en el municipio de Benito Ju\u00e1rez.","og_url":"https:\/\/centrourbano.com\/revista\/vivienda\/preocupa-intencion-aumentar-isabi-cancun\/","og_site_name":"Centro Urbano","article_publisher":"https:\/\/www.facebook.com\/portalcentrourbano","article_published_time":"2016-12-14T19:24:41+00:00","article_modified_time":"2016-12-14T19:27:58+00:00","og_image":[{"width":625,"height":415,"url":"https:\/\/centrourbano.com\/revista\/wp-content\/uploads\/casasSCHP26ene.jpg","type":"image\/jpeg"}],"author":"Edgar Rosas","twitter_card":"summary_large_image","twitter_creator":"@https:\/\/twitter.com\/ERosasCU?s=09","twitter_site":"@CentroUrbano","twitter_misc":{"Escrito por":"Edgar Rosas","Tiempo de lectura":"1 minuto"},"schema":{"@context":"https:\/\/schema.org","@graph":[{"@type":"Article","@id":"https:\/\/centrourbano.com\/revista\/vivienda\/preocupa-intencion-aumentar-isabi-cancun\/#article","isPartOf":{"@id":"https:\/\/centrourbano.com\/revista\/vivienda\/preocupa-intencion-aumentar-isabi-cancun\/"},"author":{"name":"Edgar Rosas","@id":"https:\/\/centrourbano.com\/revista\/#\/schema\/person\/ff3c00651ce5b1630479d2cd0c2e3ac0"},"headline":"Preocupa a IP intenci\u00f3n de aumentar ISABI en Canc\u00fan","datePublished":"2016-12-14T19:24:41+00:00","dateModified":"2016-12-14T19:27:58+00:00","mainEntityOfPage":{"@id":"https:\/\/centrourbano.com\/revista\/vivienda\/preocupa-intencion-aumentar-isabi-cancun\/"},"wordCount":191,"commentCount":0,"publisher":{"@id":"https:\/\/centrourbano.com\/revista\/#organization"},"image":{"@id":"https:\/\/centrourbano.com\/revista\/vivienda\/preocupa-intencion-aumentar-isabi-cancun\/#primaryimage"},"thumbnailUrl":"https:\/\/centrourbano.com\/revista\/wp-content\/uploads\/casasSCHP26ene.jpg","keywords":["ADI","AMPI","C","Canadevi","Canc\u00fan","Impuesto sobre Adquisici\u00f3n de Bienes Inmuebles (ISABI)"],"articleSection":["Vivienda"],"inLanguage":"es","potentialAction":[{"@type":"CommentAction","name":"Comment","target":["https:\/\/centrourbano.com\/revista\/vivienda\/preocupa-intencion-aumentar-isabi-cancun\/#respond"]}]},{"@type":"WebPage","@id":"https:\/\/centrourbano.com\/revista\/vivienda\/preocupa-intencion-aumentar-isabi-cancun\/","url":"https:\/\/centrourbano.com\/revista\/vivienda\/preocupa-intencion-aumentar-isabi-cancun\/","name":"Preocupa a IP intenci\u00f3n de aumentar ISABI en Canc\u00fan -","isPartOf":{"@id":"https:\/\/centrourbano.com\/revista\/#website"},"primaryImageOfPage":{"@id":"https:\/\/centrourbano.com\/revista\/vivienda\/preocupa-intencion-aumentar-isabi-cancun\/#primaryimage"},"image":{"@id":"https:\/\/centrourbano.com\/revista\/vivienda\/preocupa-intencion-aumentar-isabi-cancun\/#primaryimage"},"thumbnailUrl":"https:\/\/centrourbano.com\/revista\/wp-content\/uploads\/casasSCHP26ene.jpg","datePublished":"2016-12-14T19:24:41+00:00","dateModified":"2016-12-14T19:27:58+00:00","description":"Integrantes del Consejo Coordinador Empresarial del Caribe expresaron su preocupaci\u00f3n ante la propuesta presentada en el Congreso del Estado de Quintana Roo para aumentar en 50% el Impuesto sobre Adquisici\u00f3n de Bienes Inmuebles (ISABI) en el municipio de Benito Ju\u00e1rez.","breadcrumb":{"@id":"https:\/\/centrourbano.com\/revista\/vivienda\/preocupa-intencion-aumentar-isabi-cancun\/#breadcrumb"},"inLanguage":"es","potentialAction":[{"@type":"ReadAction","target":["https:\/\/centrourbano.com\/revista\/vivienda\/preocupa-intencion-aumentar-isabi-cancun\/"]}]},{"@type":"ImageObject","inLanguage":"es","@id":"https:\/\/centrourbano.com\/revista\/vivienda\/preocupa-intencion-aumentar-isabi-cancun\/#primaryimage","url":"https:\/\/centrourbano.com\/revista\/wp-content\/uploads\/casasSCHP26ene.jpg","contentUrl":"https:\/\/centrourbano.com\/revista\/wp-content\/uploads\/casasSCHP26ene.jpg","width":625,"height":415},{"@type":"BreadcrumbList","@id":"https:\/\/centrourbano.com\/revista\/vivienda\/preocupa-intencion-aumentar-isabi-cancun\/#breadcrumb","itemListElement":[{"@type":"ListItem","position":1,"name":"Portada","item":"https:\/\/centrourbano.com\/revista\/"},{"@type":"ListItem","position":2,"name":"Preocupa a IP intenci\u00f3n de aumentar ISABI en Canc\u00fan"}]},{"@type":"WebSite","@id":"https:\/\/centrourbano.com\/revista\/#website","url":"https:\/\/centrourbano.com\/revista\/","name":"Centro Urbano","description":"Medio especializado en los sectores vivienda, inmobiliario, construcci\u00f3n, arquitectura y urbanismo.","publisher":{"@id":"https:\/\/centrourbano.com\/revista\/#organization"},"potentialAction":[{"@type":"SearchAction","target":{"@type":"EntryPoint","urlTemplate":"https:\/\/centrourbano.com\/revista\/?s={search_term_string}"},"query-input":{"@type":"PropertyValueSpecification","valueRequired":true,"valueName":"search_term_string"}}],"inLanguage":"es"},{"@type":"Organization","@id":"https:\/\/centrourbano.com\/revista\/#organization","name":"Centro Urbano","url":"https:\/\/centrourbano.com\/revista\/","logo":{"@type":"ImageObject","inLanguage":"es","@id":"https:\/\/centrourbano.com\/revista\/#\/schema\/logo\/image\/","url":"https:\/\/centrourbano.com\/revista\/wp-content\/uploads\/web_CU_logo-1.png","contentUrl":"https:\/\/centrourbano.com\/revista\/wp-content\/uploads\/web_CU_logo-1.png","width":350,"height":91,"caption":"Centro Urbano"},"image":{"@id":"https:\/\/centrourbano.com\/revista\/#\/schema\/logo\/image\/"},"sameAs":["https:\/\/www.facebook.com\/portalcentrourbano","https:\/\/x.com\/CentroUrbano","https:\/\/www.instagram.com\/centro_urbano\/","https:\/\/www.linkedin.com\/company\/centro-urbano\/","http:\/\/www.youtube.com\/user\/portalcentrourbano"]},{"@type":"Person","@id":"https:\/\/centrourbano.com\/revista\/#\/schema\/person\/ff3c00651ce5b1630479d2cd0c2e3ac0","name":"Edgar Rosas","image":{"@type":"ImageObject","inLanguage":"es","@id":"https:\/\/secure.gravatar.com\/avatar\/94440c4283495211faa5300bf85e80061036b83fced868c3783aa1310b350d9c?s=96&d=mm&r=g","url":"https:\/\/secure.gravatar.com\/avatar\/94440c4283495211faa5300bf85e80061036b83fced868c3783aa1310b350d9c?s=96&d=mm&r=g","contentUrl":"https:\/\/secure.gravatar.com\/avatar\/94440c4283495211faa5300bf85e80061036b83fced868c3783aa1310b350d9c?s=96&d=mm&r=g","caption":"Edgar Rosas"},"description":"Editor en Jefe de Centro Urbano. Egresado de la maestr\u00eda en Periodismo Pol\u00edtico de la Escuela de Periodismo Carlos Septi\u00e9n Garc\u00eda (EPCSG). Estudi\u00f3 la licenciatura en Comunicaci\u00f3n en la Universidad Mexicana. Amante de la cr\u00f3nica y el reportaje. Admirador de Vicente Le\u00f1ero y Miguel \u00c1ngel Granados Chapa.","sameAs":["https:\/\/x.com\/https:\/\/twitter.com\/ERosasCU?s=09"],"url":"https:\/\/centrourbano.com\/revista\/author\/edgar-rosas\/"}]}},"_links":{"self":[{"href":"https:\/\/centrourbano.com\/revista\/wp-json\/wp\/v2\/posts\/45399","targetHints":{"allow":["GET"]}}],"collection":[{"href":"https:\/\/centrourbano.com\/revista\/wp-json\/wp\/v2\/posts"}],"about":[{"href":"https:\/\/centrourbano.com\/revista\/wp-json\/wp\/v2\/types\/post"}],"author":[{"embeddable":true,"href":"https:\/\/centrourbano.com\/revista\/wp-json\/wp\/v2\/users\/47"}],"replies":[{"embeddable":true,"href":"https:\/\/centrourbano.com\/revista\/wp-json\/wp\/v2\/comments?post=45399"}],"version-history":[{"count":0,"href":"https:\/\/centrourbano.com\/revista\/wp-json\/wp\/v2\/posts\/45399\/revisions"}],"wp:featuredmedia":[{"embeddable":true,"href":"https:\/\/centrourbano.com\/revista\/wp-json\/wp\/v2\/media\/14676"}],"wp:attachment":[{"href":"https:\/\/centrourbano.com\/revista\/wp-json\/wp\/v2\/media?parent=45399"}],"wp:term":[{"taxonomy":"category","embeddable":true,"href":"https:\/\/centrourbano.com\/revista\/wp-json\/wp\/v2\/categories?post=45399"},{"taxonomy":"post_tag","embeddable":true,"href":"https:\/\/centrourbano.com\/revista\/wp-json\/wp\/v2\/tags?post=45399"}],"curies":[{"name":"wp","href":"https:\/\/api.w.org\/{rel}","templated":true}]}}