{"id":45317,"date":"2016-12-12T16:22:54","date_gmt":"2016-12-12T22:22:54","guid":{"rendered":"https:\/\/centrourbano.com\/?p=45317"},"modified":"2016-12-12T16:22:54","modified_gmt":"2016-12-12T22:22:54","slug":"crece-actividad-constructora","status":"publish","type":"post","link":"https:\/\/centrourbano.com\/revista\/construccion\/crece-actividad-constructora\/","title":{"rendered":"Crece actividad constructora"},"content":{"rendered":"<p><em>La actividad industrial del sector construcci\u00f3n aument\u00f3 en octubre a su mejor ritmo anual en cuatro meses: INEGI<\/em><!--more--><\/p>\n<p>Los datos publicados por el Instituto Nacional de Geograf\u00eda y Estad\u00edstica (INEGI) mostraron que el \u00edndice de actividad industrial del sector construcci\u00f3n, creci\u00f3 en octubre a su mejor ritmo anual en cuatro meses.<\/p>\n<p>Por lo que, de acuerdo con cifras desestacionalizadas, despu\u00e9s de crecer 1.4% el mes inmediato anterior, la producci\u00f3n industrial de la construcci\u00f3n creci\u00f3 3.0% anual en octubre.<\/p>\n<p>A su interior, la edificaci\u00f3n creci\u00f3 6.3% anual y acumul\u00f3 siete meses consecutivos a la alza, adem\u00e1s de que los trabajos especializados para la construcci\u00f3n desaceleraron a 14.4% y acumularon seis meses de crecimiento. <\/p>\n<p>Por otro lado, la construcci\u00f3n de obras de ingenier\u00eda civil obtuvo siete meses de desplomes pronunciados, ya que en octubre cay\u00f3 14.7% en comparaci\u00f3n con el mismo periodo del a\u00f1o pasado.<\/p>\n<p>Mientras que el indicador de actividad industrial del sector, desaceler\u00f3 a 0.8% en la comparaci\u00f3n mensual, tras expandirse 1.9% en septiembre, y la edificaci\u00f3n aument\u00f3 1.3% y acumul\u00f3 tres meses a la alza por subsectores, pero los trabajos especializados obtuvieron un decremento de 1.7% tras crecer 2% en septiembre.<\/p>\n<p>Finalmente, las obras de ingenier\u00eda civil, que rompieron una racha negativa entre marzo y agosto al expandirse 1.9% en septiembre, regresaron de nuevo a la contracci\u00f3n al registrar una disminuci\u00f3n de 0.7% mensual.<\/p>\n","protected":false},"excerpt":{"rendered":"<p>La actividad industrial del sector construcci\u00f3n aument\u00f3 en octubre a su mejor ritmo anual en cuatro meses: INEGI<\/p>\n","protected":false},"author":42,"featured_media":42098,"comment_status":"open","ping_status":"closed","sticky":false,"template":"","format":"standard","meta":{"om_disable_all_campaigns":false,"inline_featured_image":false,"_monsterinsights_skip_tracking":false,"_monsterinsights_sitenote_active":false,"_monsterinsights_sitenote_note":"","_monsterinsights_sitenote_category":0,"footnotes":""},"categories":[14],"tags":[22,430],"class_list":["post-45317","post","type-post","status-publish","format-standard","has-post-thumbnail","hentry","category-construccion","tag-construccion-2","tag-inegi"],"yoast_head":"<!-- This site is optimized with the Yoast SEO plugin v27.4 - https:\/\/yoast.com\/product\/yoast-seo-wordpress\/ -->\n<title>Crece actividad constructora -<\/title>\n<meta name=\"description\" content=\"Los datos publicados por el Instituto Nacional de Geograf\u00eda y Estad\u00edstica (INEGI) mostraron que el \u00edndice de actividad industrial del sector construcci\u00f3n, creci\u00f3 en octubre a su mejor ritmo anual en cuatro meses.\" \/>\n<meta name=\"robots\" content=\"index, follow, max-snippet:-1, max-image-preview:large, max-video-preview:-1\" \/>\n<link rel=\"canonical\" href=\"https:\/\/centrourbano.com\/revista\/construccion\/crece-actividad-constructora\/\" \/>\n<meta property=\"og:locale\" content=\"es_ES\" \/>\n<meta property=\"og:type\" content=\"article\" \/>\n<meta property=\"og:title\" content=\"Crece actividad constructora -\" \/>\n<meta property=\"og:description\" content=\"Los datos publicados por el Instituto Nacional de Geograf\u00eda y Estad\u00edstica (INEGI) mostraron que el \u00edndice de actividad industrial del sector construcci\u00f3n, creci\u00f3 en octubre a su mejor ritmo anual en cuatro meses.\" \/>\n<meta property=\"og:url\" content=\"https:\/\/centrourbano.com\/revista\/construccion\/crece-actividad-constructora\/\" \/>\n<meta property=\"og:site_name\" content=\"Centro Urbano\" \/>\n<meta property=\"article:publisher\" content=\"https:\/\/www.facebook.com\/portalcentrourbano\" \/>\n<meta property=\"article:published_time\" content=\"2016-12-12T22:22:54+00:00\" \/>\n<meta property=\"og:image\" content=\"https:\/\/centrourbano.com\/revista\/wp-content\/uploads\/construccion-contrato-colectivo-870x600.jpg\" \/>\n\t<meta property=\"og:image:width\" content=\"870\" \/>\n\t<meta property=\"og:image:height\" content=\"600\" \/>\n\t<meta property=\"og:image:type\" content=\"image\/jpeg\" \/>\n<meta name=\"author\" content=\"Priscila D\u00edaz\" \/>\n<meta name=\"twitter:card\" content=\"summary_large_image\" \/>\n<meta name=\"twitter:creator\" content=\"@CentroUrbano\" \/>\n<meta name=\"twitter:site\" content=\"@CentroUrbano\" \/>\n<meta name=\"twitter:label1\" content=\"Escrito por\" \/>\n\t<meta name=\"twitter:data1\" content=\"Priscila D\u00edaz\" \/>\n\t<meta name=\"twitter:label2\" content=\"Tiempo de lectura\" \/>\n\t<meta name=\"twitter:data2\" content=\"1 minuto\" \/>\n<script type=\"application\/ld+json\" class=\"yoast-schema-graph\">{\"@context\":\"https:\\\/\\\/schema.org\",\"@graph\":[{\"@type\":\"Article\",\"@id\":\"https:\\\/\\\/centrourbano.com\\\/revista\\\/construccion\\\/crece-actividad-constructora\\\/#article\",\"isPartOf\":{\"@id\":\"https:\\\/\\\/centrourbano.com\\\/revista\\\/construccion\\\/crece-actividad-constructora\\\/\"},\"author\":{\"name\":\"Priscila D\u00edaz\",\"@id\":\"https:\\\/\\\/centrourbano.com\\\/revista\\\/#\\\/schema\\\/person\\\/20613dd8a7db2b263325af517bc7420c\"},\"headline\":\"Crece actividad constructora\",\"datePublished\":\"2016-12-12T22:22:54+00:00\",\"mainEntityOfPage\":{\"@id\":\"https:\\\/\\\/centrourbano.com\\\/revista\\\/construccion\\\/crece-actividad-constructora\\\/\"},\"wordCount\":235,\"commentCount\":0,\"publisher\":{\"@id\":\"https:\\\/\\\/centrourbano.com\\\/revista\\\/#organization\"},\"image\":{\"@id\":\"https:\\\/\\\/centrourbano.com\\\/revista\\\/construccion\\\/crece-actividad-constructora\\\/#primaryimage\"},\"thumbnailUrl\":\"https:\\\/\\\/centrourbano.com\\\/revista\\\/wp-content\\\/uploads\\\/construccion-contrato-colectivo-870x600.jpg\",\"keywords\":[\"construcci\u00f3n\",\"Inegi\"],\"articleSection\":[\"Construcci\u00f3n\"],\"inLanguage\":\"es\",\"potentialAction\":[{\"@type\":\"CommentAction\",\"name\":\"Comment\",\"target\":[\"https:\\\/\\\/centrourbano.com\\\/revista\\\/construccion\\\/crece-actividad-constructora\\\/#respond\"]}]},{\"@type\":\"WebPage\",\"@id\":\"https:\\\/\\\/centrourbano.com\\\/revista\\\/construccion\\\/crece-actividad-constructora\\\/\",\"url\":\"https:\\\/\\\/centrourbano.com\\\/revista\\\/construccion\\\/crece-actividad-constructora\\\/\",\"name\":\"Crece actividad constructora -\",\"isPartOf\":{\"@id\":\"https:\\\/\\\/centrourbano.com\\\/revista\\\/#website\"},\"primaryImageOfPage\":{\"@id\":\"https:\\\/\\\/centrourbano.com\\\/revista\\\/construccion\\\/crece-actividad-constructora\\\/#primaryimage\"},\"image\":{\"@id\":\"https:\\\/\\\/centrourbano.com\\\/revista\\\/construccion\\\/crece-actividad-constructora\\\/#primaryimage\"},\"thumbnailUrl\":\"https:\\\/\\\/centrourbano.com\\\/revista\\\/wp-content\\\/uploads\\\/construccion-contrato-colectivo-870x600.jpg\",\"datePublished\":\"2016-12-12T22:22:54+00:00\",\"description\":\"Los datos publicados por el Instituto Nacional de Geograf\u00eda y Estad\u00edstica (INEGI) mostraron que el \u00edndice de actividad industrial del sector construcci\u00f3n, creci\u00f3 en octubre a su mejor ritmo anual en cuatro meses.\",\"breadcrumb\":{\"@id\":\"https:\\\/\\\/centrourbano.com\\\/revista\\\/construccion\\\/crece-actividad-constructora\\\/#breadcrumb\"},\"inLanguage\":\"es\",\"potentialAction\":[{\"@type\":\"ReadAction\",\"target\":[\"https:\\\/\\\/centrourbano.com\\\/revista\\\/construccion\\\/crece-actividad-constructora\\\/\"]}]},{\"@type\":\"ImageObject\",\"inLanguage\":\"es\",\"@id\":\"https:\\\/\\\/centrourbano.com\\\/revista\\\/construccion\\\/crece-actividad-constructora\\\/#primaryimage\",\"url\":\"https:\\\/\\\/centrourbano.com\\\/revista\\\/wp-content\\\/uploads\\\/construccion-contrato-colectivo-870x600.jpg\",\"contentUrl\":\"https:\\\/\\\/centrourbano.com\\\/revista\\\/wp-content\\\/uploads\\\/construccion-contrato-colectivo-870x600.jpg\",\"width\":870,\"height\":600},{\"@type\":\"BreadcrumbList\",\"@id\":\"https:\\\/\\\/centrourbano.com\\\/revista\\\/construccion\\\/crece-actividad-constructora\\\/#breadcrumb\",\"itemListElement\":[{\"@type\":\"ListItem\",\"position\":1,\"name\":\"Portada\",\"item\":\"https:\\\/\\\/centrourbano.com\\\/revista\\\/\"},{\"@type\":\"ListItem\",\"position\":2,\"name\":\"Crece actividad constructora\"}]},{\"@type\":\"WebSite\",\"@id\":\"https:\\\/\\\/centrourbano.com\\\/revista\\\/#website\",\"url\":\"https:\\\/\\\/centrourbano.com\\\/revista\\\/\",\"name\":\"Centro Urbano\",\"description\":\"Medio especializado en los sectores vivienda, inmobiliario, construcci\u00f3n, arquitectura y urbanismo.\",\"publisher\":{\"@id\":\"https:\\\/\\\/centrourbano.com\\\/revista\\\/#organization\"},\"potentialAction\":[{\"@type\":\"SearchAction\",\"target\":{\"@type\":\"EntryPoint\",\"urlTemplate\":\"https:\\\/\\\/centrourbano.com\\\/revista\\\/?s={search_term_string}\"},\"query-input\":{\"@type\":\"PropertyValueSpecification\",\"valueRequired\":true,\"valueName\":\"search_term_string\"}}],\"inLanguage\":\"es\"},{\"@type\":\"Organization\",\"@id\":\"https:\\\/\\\/centrourbano.com\\\/revista\\\/#organization\",\"name\":\"Centro Urbano\",\"url\":\"https:\\\/\\\/centrourbano.com\\\/revista\\\/\",\"logo\":{\"@type\":\"ImageObject\",\"inLanguage\":\"es\",\"@id\":\"https:\\\/\\\/centrourbano.com\\\/revista\\\/#\\\/schema\\\/logo\\\/image\\\/\",\"url\":\"https:\\\/\\\/centrourbano.com\\\/revista\\\/wp-content\\\/uploads\\\/web_CU_logo-1.png\",\"contentUrl\":\"https:\\\/\\\/centrourbano.com\\\/revista\\\/wp-content\\\/uploads\\\/web_CU_logo-1.png\",\"width\":350,\"height\":91,\"caption\":\"Centro Urbano\"},\"image\":{\"@id\":\"https:\\\/\\\/centrourbano.com\\\/revista\\\/#\\\/schema\\\/logo\\\/image\\\/\"},\"sameAs\":[\"https:\\\/\\\/www.facebook.com\\\/portalcentrourbano\",\"https:\\\/\\\/x.com\\\/CentroUrbano\",\"https:\\\/\\\/www.instagram.com\\\/centro_urbano\\\/\",\"https:\\\/\\\/www.linkedin.com\\\/company\\\/centro-urbano\\\/\",\"http:\\\/\\\/www.youtube.com\\\/user\\\/portalcentrourbano\"]},{\"@type\":\"Person\",\"@id\":\"https:\\\/\\\/centrourbano.com\\\/revista\\\/#\\\/schema\\\/person\\\/20613dd8a7db2b263325af517bc7420c\",\"name\":\"Priscila D\u00edaz\",\"image\":{\"@type\":\"ImageObject\",\"inLanguage\":\"es\",\"@id\":\"https:\\\/\\\/secure.gravatar.com\\\/avatar\\\/bf28a62a51d45b542a0c3fe4c31a60c3887b5037867f58a6225cbf7479b56636?s=96&d=mm&r=g\",\"url\":\"https:\\\/\\\/secure.gravatar.com\\\/avatar\\\/bf28a62a51d45b542a0c3fe4c31a60c3887b5037867f58a6225cbf7479b56636?s=96&d=mm&r=g\",\"contentUrl\":\"https:\\\/\\\/secure.gravatar.com\\\/avatar\\\/bf28a62a51d45b542a0c3fe4c31a60c3887b5037867f58a6225cbf7479b56636?s=96&d=mm&r=g\",\"caption\":\"Priscila D\u00edaz\"},\"url\":\"https:\\\/\\\/centrourbano.com\\\/revista\\\/author\\\/priscila-diaz\\\/\"}]}<\/script>\n<!-- \/ Yoast SEO plugin. -->","yoast_head_json":{"title":"Crece actividad constructora -","description":"Los datos publicados por el Instituto Nacional de Geograf\u00eda y Estad\u00edstica (INEGI) mostraron que el \u00edndice de actividad industrial del sector construcci\u00f3n, creci\u00f3 en octubre a su mejor ritmo anual en cuatro meses.","robots":{"index":"index","follow":"follow","max-snippet":"max-snippet:-1","max-image-preview":"max-image-preview:large","max-video-preview":"max-video-preview:-1"},"canonical":"https:\/\/centrourbano.com\/revista\/construccion\/crece-actividad-constructora\/","og_locale":"es_ES","og_type":"article","og_title":"Crece actividad constructora -","og_description":"Los datos publicados por el Instituto Nacional de Geograf\u00eda y Estad\u00edstica (INEGI) mostraron que el \u00edndice de actividad industrial del sector construcci\u00f3n, creci\u00f3 en octubre a su mejor ritmo anual en cuatro meses.","og_url":"https:\/\/centrourbano.com\/revista\/construccion\/crece-actividad-constructora\/","og_site_name":"Centro Urbano","article_publisher":"https:\/\/www.facebook.com\/portalcentrourbano","article_published_time":"2016-12-12T22:22:54+00:00","og_image":[{"width":870,"height":600,"url":"https:\/\/centrourbano.com\/revista\/wp-content\/uploads\/construccion-contrato-colectivo-870x600.jpg","type":"image\/jpeg"}],"author":"Priscila D\u00edaz","twitter_card":"summary_large_image","twitter_creator":"@CentroUrbano","twitter_site":"@CentroUrbano","twitter_misc":{"Escrito por":"Priscila D\u00edaz","Tiempo de lectura":"1 minuto"},"schema":{"@context":"https:\/\/schema.org","@graph":[{"@type":"Article","@id":"https:\/\/centrourbano.com\/revista\/construccion\/crece-actividad-constructora\/#article","isPartOf":{"@id":"https:\/\/centrourbano.com\/revista\/construccion\/crece-actividad-constructora\/"},"author":{"name":"Priscila D\u00edaz","@id":"https:\/\/centrourbano.com\/revista\/#\/schema\/person\/20613dd8a7db2b263325af517bc7420c"},"headline":"Crece actividad constructora","datePublished":"2016-12-12T22:22:54+00:00","mainEntityOfPage":{"@id":"https:\/\/centrourbano.com\/revista\/construccion\/crece-actividad-constructora\/"},"wordCount":235,"commentCount":0,"publisher":{"@id":"https:\/\/centrourbano.com\/revista\/#organization"},"image":{"@id":"https:\/\/centrourbano.com\/revista\/construccion\/crece-actividad-constructora\/#primaryimage"},"thumbnailUrl":"https:\/\/centrourbano.com\/revista\/wp-content\/uploads\/construccion-contrato-colectivo-870x600.jpg","keywords":["construcci\u00f3n","Inegi"],"articleSection":["Construcci\u00f3n"],"inLanguage":"es","potentialAction":[{"@type":"CommentAction","name":"Comment","target":["https:\/\/centrourbano.com\/revista\/construccion\/crece-actividad-constructora\/#respond"]}]},{"@type":"WebPage","@id":"https:\/\/centrourbano.com\/revista\/construccion\/crece-actividad-constructora\/","url":"https:\/\/centrourbano.com\/revista\/construccion\/crece-actividad-constructora\/","name":"Crece actividad constructora -","isPartOf":{"@id":"https:\/\/centrourbano.com\/revista\/#website"},"primaryImageOfPage":{"@id":"https:\/\/centrourbano.com\/revista\/construccion\/crece-actividad-constructora\/#primaryimage"},"image":{"@id":"https:\/\/centrourbano.com\/revista\/construccion\/crece-actividad-constructora\/#primaryimage"},"thumbnailUrl":"https:\/\/centrourbano.com\/revista\/wp-content\/uploads\/construccion-contrato-colectivo-870x600.jpg","datePublished":"2016-12-12T22:22:54+00:00","description":"Los datos publicados por el Instituto Nacional de Geograf\u00eda y Estad\u00edstica (INEGI) mostraron que el \u00edndice de actividad industrial del sector construcci\u00f3n, creci\u00f3 en octubre a su mejor ritmo anual en cuatro meses.","breadcrumb":{"@id":"https:\/\/centrourbano.com\/revista\/construccion\/crece-actividad-constructora\/#breadcrumb"},"inLanguage":"es","potentialAction":[{"@type":"ReadAction","target":["https:\/\/centrourbano.com\/revista\/construccion\/crece-actividad-constructora\/"]}]},{"@type":"ImageObject","inLanguage":"es","@id":"https:\/\/centrourbano.com\/revista\/construccion\/crece-actividad-constructora\/#primaryimage","url":"https:\/\/centrourbano.com\/revista\/wp-content\/uploads\/construccion-contrato-colectivo-870x600.jpg","contentUrl":"https:\/\/centrourbano.com\/revista\/wp-content\/uploads\/construccion-contrato-colectivo-870x600.jpg","width":870,"height":600},{"@type":"BreadcrumbList","@id":"https:\/\/centrourbano.com\/revista\/construccion\/crece-actividad-constructora\/#breadcrumb","itemListElement":[{"@type":"ListItem","position":1,"name":"Portada","item":"https:\/\/centrourbano.com\/revista\/"},{"@type":"ListItem","position":2,"name":"Crece actividad constructora"}]},{"@type":"WebSite","@id":"https:\/\/centrourbano.com\/revista\/#website","url":"https:\/\/centrourbano.com\/revista\/","name":"Centro Urbano","description":"Medio especializado en los sectores vivienda, inmobiliario, construcci\u00f3n, arquitectura y urbanismo.","publisher":{"@id":"https:\/\/centrourbano.com\/revista\/#organization"},"potentialAction":[{"@type":"SearchAction","target":{"@type":"EntryPoint","urlTemplate":"https:\/\/centrourbano.com\/revista\/?s={search_term_string}"},"query-input":{"@type":"PropertyValueSpecification","valueRequired":true,"valueName":"search_term_string"}}],"inLanguage":"es"},{"@type":"Organization","@id":"https:\/\/centrourbano.com\/revista\/#organization","name":"Centro Urbano","url":"https:\/\/centrourbano.com\/revista\/","logo":{"@type":"ImageObject","inLanguage":"es","@id":"https:\/\/centrourbano.com\/revista\/#\/schema\/logo\/image\/","url":"https:\/\/centrourbano.com\/revista\/wp-content\/uploads\/web_CU_logo-1.png","contentUrl":"https:\/\/centrourbano.com\/revista\/wp-content\/uploads\/web_CU_logo-1.png","width":350,"height":91,"caption":"Centro Urbano"},"image":{"@id":"https:\/\/centrourbano.com\/revista\/#\/schema\/logo\/image\/"},"sameAs":["https:\/\/www.facebook.com\/portalcentrourbano","https:\/\/x.com\/CentroUrbano","https:\/\/www.instagram.com\/centro_urbano\/","https:\/\/www.linkedin.com\/company\/centro-urbano\/","http:\/\/www.youtube.com\/user\/portalcentrourbano"]},{"@type":"Person","@id":"https:\/\/centrourbano.com\/revista\/#\/schema\/person\/20613dd8a7db2b263325af517bc7420c","name":"Priscila D\u00edaz","image":{"@type":"ImageObject","inLanguage":"es","@id":"https:\/\/secure.gravatar.com\/avatar\/bf28a62a51d45b542a0c3fe4c31a60c3887b5037867f58a6225cbf7479b56636?s=96&d=mm&r=g","url":"https:\/\/secure.gravatar.com\/avatar\/bf28a62a51d45b542a0c3fe4c31a60c3887b5037867f58a6225cbf7479b56636?s=96&d=mm&r=g","contentUrl":"https:\/\/secure.gravatar.com\/avatar\/bf28a62a51d45b542a0c3fe4c31a60c3887b5037867f58a6225cbf7479b56636?s=96&d=mm&r=g","caption":"Priscila D\u00edaz"},"url":"https:\/\/centrourbano.com\/revista\/author\/priscila-diaz\/"}]}},"_links":{"self":[{"href":"https:\/\/centrourbano.com\/revista\/wp-json\/wp\/v2\/posts\/45317","targetHints":{"allow":["GET"]}}],"collection":[{"href":"https:\/\/centrourbano.com\/revista\/wp-json\/wp\/v2\/posts"}],"about":[{"href":"https:\/\/centrourbano.com\/revista\/wp-json\/wp\/v2\/types\/post"}],"author":[{"embeddable":true,"href":"https:\/\/centrourbano.com\/revista\/wp-json\/wp\/v2\/users\/42"}],"replies":[{"embeddable":true,"href":"https:\/\/centrourbano.com\/revista\/wp-json\/wp\/v2\/comments?post=45317"}],"version-history":[{"count":0,"href":"https:\/\/centrourbano.com\/revista\/wp-json\/wp\/v2\/posts\/45317\/revisions"}],"wp:featuredmedia":[{"embeddable":true,"href":"https:\/\/centrourbano.com\/revista\/wp-json\/wp\/v2\/media\/42098"}],"wp:attachment":[{"href":"https:\/\/centrourbano.com\/revista\/wp-json\/wp\/v2\/media?parent=45317"}],"wp:term":[{"taxonomy":"category","embeddable":true,"href":"https:\/\/centrourbano.com\/revista\/wp-json\/wp\/v2\/categories?post=45317"},{"taxonomy":"post_tag","embeddable":true,"href":"https:\/\/centrourbano.com\/revista\/wp-json\/wp\/v2\/tags?post=45317"}],"curies":[{"name":"wp","href":"https:\/\/api.w.org\/{rel}","templated":true}]}}