{"id":45269,"date":"2016-12-12T12:42:06","date_gmt":"2016-12-12T18:42:06","guid":{"rendered":"https:\/\/centrourbano.com\/?p=45269"},"modified":"2016-12-12T12:42:06","modified_gmt":"2016-12-12T18:42:06","slug":"puebla-conmemora-29-anos-patrimonio-cultural-la-humanidad","status":"publish","type":"post","link":"https:\/\/centrourbano.com\/revista\/arquitectura-2\/puebla-conmemora-29-anos-patrimonio-cultural-la-humanidad\/","title":{"rendered":"Puebla conmemora 29 a\u00f1os como Patrimonio Cultural de la Humanidad"},"content":{"rendered":"<p><em>En un acto conmemorativo se deposit\u00f3 una ofrenda floral frente a la placa alusiva, ubicada a un costado del asta bandera de la plancha del z\u00f3calo capitalino<\/em><!--more--><\/p>\n<p>Este fin de semana el presidente municipal de Puebla, Luis Banck, encabez\u00f3 una guardia de honor por el vig\u00e9simo noveno aniversario de la declaratoria de la Zona de Monumentos de dicha ciudad como Patrimonio Cultural de la Humanidad.<\/p>\n<p>Durante el acto, deposit\u00f3 una ofrenda floral, frente a la placa alusiva a esta conmemoraci\u00f3n, ubicada a un costado del asta bandera de la plancha del z\u00f3calo capitalino, y adelant\u00f3 que en 2017, en el 30 aniversario de este reconocimiento, su administraci\u00f3n prepara un programa de actividades conmemorativas.<\/p>\n<p>Asimismo, resalt\u00f3 la responsabilidad que representa para los poblanos, contar con la denominaci\u00f3n de Ciudad Patrimonio de la Humanidad, por parte de la UNESCO, y reiter\u00f3 que es una extraordinaria oportunidad para continuar con la protecci\u00f3n, conservaci\u00f3n, difusi\u00f3n y mantenimiento del Centro Hist\u00f3rico.<\/p>\n<p>En ese sentido, asegur\u00f3 que el pol\u00edgono declarado Patrimonio Cultural de la Humanidad por la UNESCO, es un tesoro para los poblanos y para los mexicanos, as\u00ed como para todo el mundo.<\/p>\n","protected":false},"excerpt":{"rendered":"<p>En un acto conmemorativo se deposit\u00f3 una ofrenda floral frente a la placa alusiva, ubicada a un costado del asta bandera de la plancha del z\u00f3calo capitalino<\/p>\n","protected":false},"author":9,"featured_media":45270,"comment_status":"open","ping_status":"closed","sticky":false,"template":"","format":"standard","meta":{"om_disable_all_campaigns":false,"inline_featured_image":false,"_monsterinsights_skip_tracking":false,"_monsterinsights_sitenote_active":false,"_monsterinsights_sitenote_note":"","_monsterinsights_sitenote_category":0,"footnotes":""},"categories":[81],"tags":[9089,6966,602,586],"class_list":["post-45269","post","type-post","status-publish","format-standard","has-post-thumbnail","hentry","category-arquitectura-2","tag-ciudad-patrimonio","tag-patrimonio-cultural-de-la-humanidad","tag-puebla","tag-unesco"],"yoast_head":"<!-- This site is optimized with the Yoast SEO plugin v27.4 - https:\/\/yoast.com\/product\/yoast-seo-wordpress\/ -->\n<title>Puebla conmemora 29 a\u00f1os como Patrimonio Cultural de la Humanidad<\/title>\n<meta name=\"description\" content=\"En un acto conmemorativo se deposit\u00f3 una ofrenda floral frente a la placa alusiva, ubicada a un costado del asta bandera de la plancha del z\u00f3calo capitalino\" \/>\n<meta name=\"robots\" content=\"index, follow, max-snippet:-1, max-image-preview:large, max-video-preview:-1\" \/>\n<link rel=\"canonical\" href=\"https:\/\/centrourbano.com\/revista\/arquitectura-2\/puebla-conmemora-29-anos-patrimonio-cultural-la-humanidad\/\" \/>\n<meta property=\"og:locale\" content=\"es_ES\" \/>\n<meta property=\"og:type\" content=\"article\" \/>\n<meta property=\"og:title\" content=\"Puebla conmemora 29 a\u00f1os como Patrimonio Cultural de la Humanidad\" \/>\n<meta property=\"og:description\" content=\"En un acto conmemorativo se deposit\u00f3 una ofrenda floral frente a la placa alusiva, ubicada a un costado del asta bandera de la plancha del z\u00f3calo capitalino\" \/>\n<meta property=\"og:url\" content=\"https:\/\/centrourbano.com\/revista\/arquitectura-2\/puebla-conmemora-29-anos-patrimonio-cultural-la-humanidad\/\" \/>\n<meta property=\"og:site_name\" content=\"Centro Urbano\" \/>\n<meta property=\"article:publisher\" content=\"https:\/\/www.facebook.com\/portalcentrourbano\" \/>\n<meta property=\"article:published_time\" content=\"2016-12-12T18:42:06+00:00\" \/>\n<meta property=\"og:image\" content=\"https:\/\/centrourbano.com\/revista\/wp-content\/uploads\/Puebla-conmemora-29-a\u00f1os-como-Patrimonio-Cultural-de-la-Humanidad.jpg\" \/>\n\t<meta property=\"og:image:width\" content=\"600\" \/>\n\t<meta property=\"og:image:height\" content=\"400\" \/>\n\t<meta property=\"og:image:type\" content=\"image\/jpeg\" \/>\n<meta name=\"author\" content=\"Dinorah Nava\" \/>\n<meta name=\"twitter:card\" content=\"summary_large_image\" \/>\n<meta name=\"twitter:creator\" content=\"@https:\/\/twitter.com\/Dinorah_Nava28\" \/>\n<meta name=\"twitter:site\" content=\"@CentroUrbano\" \/>\n<meta name=\"twitter:label1\" content=\"Escrito por\" \/>\n\t<meta name=\"twitter:data1\" content=\"Dinorah Nava\" \/>\n\t<meta name=\"twitter:label2\" content=\"Tiempo de lectura\" \/>\n\t<meta name=\"twitter:data2\" content=\"1 minuto\" \/>\n<script type=\"application\/ld+json\" class=\"yoast-schema-graph\">{\"@context\":\"https:\\\/\\\/schema.org\",\"@graph\":[{\"@type\":\"Article\",\"@id\":\"https:\\\/\\\/centrourbano.com\\\/revista\\\/arquitectura-2\\\/puebla-conmemora-29-anos-patrimonio-cultural-la-humanidad\\\/#article\",\"isPartOf\":{\"@id\":\"https:\\\/\\\/centrourbano.com\\\/revista\\\/arquitectura-2\\\/puebla-conmemora-29-anos-patrimonio-cultural-la-humanidad\\\/\"},\"author\":{\"name\":\"Dinorah Nava\",\"@id\":\"https:\\\/\\\/centrourbano.com\\\/revista\\\/#\\\/schema\\\/person\\\/b45db815d96831257ba428a3d5a5fbdc\"},\"headline\":\"Puebla conmemora 29 a\u00f1os como Patrimonio Cultural de la Humanidad\",\"datePublished\":\"2016-12-12T18:42:06+00:00\",\"mainEntityOfPage\":{\"@id\":\"https:\\\/\\\/centrourbano.com\\\/revista\\\/arquitectura-2\\\/puebla-conmemora-29-anos-patrimonio-cultural-la-humanidad\\\/\"},\"wordCount\":207,\"commentCount\":0,\"publisher\":{\"@id\":\"https:\\\/\\\/centrourbano.com\\\/revista\\\/#organization\"},\"image\":{\"@id\":\"https:\\\/\\\/centrourbano.com\\\/revista\\\/arquitectura-2\\\/puebla-conmemora-29-anos-patrimonio-cultural-la-humanidad\\\/#primaryimage\"},\"thumbnailUrl\":\"https:\\\/\\\/centrourbano.com\\\/revista\\\/wp-content\\\/uploads\\\/Puebla-conmemora-29-a\u00f1os-como-Patrimonio-Cultural-de-la-Humanidad.jpg\",\"keywords\":[\"Ciudad Patrimonio\",\"Patrimonio Cultural de la Humanidad\",\"Puebla\",\"Unesco\"],\"articleSection\":[\"Arquitectura\"],\"inLanguage\":\"es\",\"potentialAction\":[{\"@type\":\"CommentAction\",\"name\":\"Comment\",\"target\":[\"https:\\\/\\\/centrourbano.com\\\/revista\\\/arquitectura-2\\\/puebla-conmemora-29-anos-patrimonio-cultural-la-humanidad\\\/#respond\"]}]},{\"@type\":\"WebPage\",\"@id\":\"https:\\\/\\\/centrourbano.com\\\/revista\\\/arquitectura-2\\\/puebla-conmemora-29-anos-patrimonio-cultural-la-humanidad\\\/\",\"url\":\"https:\\\/\\\/centrourbano.com\\\/revista\\\/arquitectura-2\\\/puebla-conmemora-29-anos-patrimonio-cultural-la-humanidad\\\/\",\"name\":\"Puebla conmemora 29 a\u00f1os como Patrimonio Cultural de la Humanidad\",\"isPartOf\":{\"@id\":\"https:\\\/\\\/centrourbano.com\\\/revista\\\/#website\"},\"primaryImageOfPage\":{\"@id\":\"https:\\\/\\\/centrourbano.com\\\/revista\\\/arquitectura-2\\\/puebla-conmemora-29-anos-patrimonio-cultural-la-humanidad\\\/#primaryimage\"},\"image\":{\"@id\":\"https:\\\/\\\/centrourbano.com\\\/revista\\\/arquitectura-2\\\/puebla-conmemora-29-anos-patrimonio-cultural-la-humanidad\\\/#primaryimage\"},\"thumbnailUrl\":\"https:\\\/\\\/centrourbano.com\\\/revista\\\/wp-content\\\/uploads\\\/Puebla-conmemora-29-a\u00f1os-como-Patrimonio-Cultural-de-la-Humanidad.jpg\",\"datePublished\":\"2016-12-12T18:42:06+00:00\",\"description\":\"En un acto conmemorativo se deposit\u00f3 una ofrenda floral frente a la placa alusiva, ubicada a un costado del asta bandera de la plancha del z\u00f3calo capitalino\",\"breadcrumb\":{\"@id\":\"https:\\\/\\\/centrourbano.com\\\/revista\\\/arquitectura-2\\\/puebla-conmemora-29-anos-patrimonio-cultural-la-humanidad\\\/#breadcrumb\"},\"inLanguage\":\"es\",\"potentialAction\":[{\"@type\":\"ReadAction\",\"target\":[\"https:\\\/\\\/centrourbano.com\\\/revista\\\/arquitectura-2\\\/puebla-conmemora-29-anos-patrimonio-cultural-la-humanidad\\\/\"]}]},{\"@type\":\"ImageObject\",\"inLanguage\":\"es\",\"@id\":\"https:\\\/\\\/centrourbano.com\\\/revista\\\/arquitectura-2\\\/puebla-conmemora-29-anos-patrimonio-cultural-la-humanidad\\\/#primaryimage\",\"url\":\"https:\\\/\\\/centrourbano.com\\\/revista\\\/wp-content\\\/uploads\\\/Puebla-conmemora-29-a\u00f1os-como-Patrimonio-Cultural-de-la-Humanidad.jpg\",\"contentUrl\":\"https:\\\/\\\/centrourbano.com\\\/revista\\\/wp-content\\\/uploads\\\/Puebla-conmemora-29-a\u00f1os-como-Patrimonio-Cultural-de-la-Humanidad.jpg\",\"width\":600,\"height\":400,\"caption\":\"En un acto conmemorativo se deposit\u00f3 una ofrenda floral frente a la placa alusiva, ubicada a un costado del asta bandera de la plancha del z\u00f3calo capitalino\"},{\"@type\":\"BreadcrumbList\",\"@id\":\"https:\\\/\\\/centrourbano.com\\\/revista\\\/arquitectura-2\\\/puebla-conmemora-29-anos-patrimonio-cultural-la-humanidad\\\/#breadcrumb\",\"itemListElement\":[{\"@type\":\"ListItem\",\"position\":1,\"name\":\"Portada\",\"item\":\"https:\\\/\\\/centrourbano.com\\\/revista\\\/\"},{\"@type\":\"ListItem\",\"position\":2,\"name\":\"Puebla conmemora 29 a\u00f1os como Patrimonio Cultural de la Humanidad\"}]},{\"@type\":\"WebSite\",\"@id\":\"https:\\\/\\\/centrourbano.com\\\/revista\\\/#website\",\"url\":\"https:\\\/\\\/centrourbano.com\\\/revista\\\/\",\"name\":\"Centro Urbano\",\"description\":\"Medio especializado en los sectores vivienda, inmobiliario, construcci\u00f3n, arquitectura y urbanismo.\",\"publisher\":{\"@id\":\"https:\\\/\\\/centrourbano.com\\\/revista\\\/#organization\"},\"potentialAction\":[{\"@type\":\"SearchAction\",\"target\":{\"@type\":\"EntryPoint\",\"urlTemplate\":\"https:\\\/\\\/centrourbano.com\\\/revista\\\/?s={search_term_string}\"},\"query-input\":{\"@type\":\"PropertyValueSpecification\",\"valueRequired\":true,\"valueName\":\"search_term_string\"}}],\"inLanguage\":\"es\"},{\"@type\":\"Organization\",\"@id\":\"https:\\\/\\\/centrourbano.com\\\/revista\\\/#organization\",\"name\":\"Centro Urbano\",\"url\":\"https:\\\/\\\/centrourbano.com\\\/revista\\\/\",\"logo\":{\"@type\":\"ImageObject\",\"inLanguage\":\"es\",\"@id\":\"https:\\\/\\\/centrourbano.com\\\/revista\\\/#\\\/schema\\\/logo\\\/image\\\/\",\"url\":\"https:\\\/\\\/centrourbano.com\\\/revista\\\/wp-content\\\/uploads\\\/web_CU_logo-1.png\",\"contentUrl\":\"https:\\\/\\\/centrourbano.com\\\/revista\\\/wp-content\\\/uploads\\\/web_CU_logo-1.png\",\"width\":350,\"height\":91,\"caption\":\"Centro Urbano\"},\"image\":{\"@id\":\"https:\\\/\\\/centrourbano.com\\\/revista\\\/#\\\/schema\\\/logo\\\/image\\\/\"},\"sameAs\":[\"https:\\\/\\\/www.facebook.com\\\/portalcentrourbano\",\"https:\\\/\\\/x.com\\\/CentroUrbano\",\"https:\\\/\\\/www.instagram.com\\\/centro_urbano\\\/\",\"https:\\\/\\\/www.linkedin.com\\\/company\\\/centro-urbano\\\/\",\"http:\\\/\\\/www.youtube.com\\\/user\\\/portalcentrourbano\"]},{\"@type\":\"Person\",\"@id\":\"https:\\\/\\\/centrourbano.com\\\/revista\\\/#\\\/schema\\\/person\\\/b45db815d96831257ba428a3d5a5fbdc\",\"name\":\"Dinorah Nava\",\"image\":{\"@type\":\"ImageObject\",\"inLanguage\":\"es\",\"@id\":\"https:\\\/\\\/secure.gravatar.com\\\/avatar\\\/f6ca6430c51d147f363940f84e1225aa4b8183885c11802cc3b042305a4ecc1a?s=96&d=mm&r=g\",\"url\":\"https:\\\/\\\/secure.gravatar.com\\\/avatar\\\/f6ca6430c51d147f363940f84e1225aa4b8183885c11802cc3b042305a4ecc1a?s=96&d=mm&r=g\",\"contentUrl\":\"https:\\\/\\\/secure.gravatar.com\\\/avatar\\\/f6ca6430c51d147f363940f84e1225aa4b8183885c11802cc3b042305a4ecc1a?s=96&d=mm&r=g\",\"caption\":\"Dinorah Nava\"},\"description\":\"Editora de Contenidos y Estrategias Digitales en Centro Urbano y Coeditora en Peri\u00f3dico Mi Casa. Egresada de la licenciatura en Comunicaci\u00f3n y Periodismo de la Facultad de Estudios Superiores Arag\u00f3n (UNAM). Amante de la edici\u00f3n y correcci\u00f3n de estilo, las redes sociales y el mundo digital. Especialista en temas son arquitectura, inmobiliario y urbanismo.\",\"sameAs\":[\"linkedin.com\\\/in\\\/dinorah-nava\",\"https:\\\/\\\/x.com\\\/https:\\\/\\\/twitter.com\\\/Dinorah_Nava28\"],\"url\":\"https:\\\/\\\/centrourbano.com\\\/revista\\\/author\\\/dinorah-nava\\\/\"}]}<\/script>\n<!-- \/ Yoast SEO plugin. -->","yoast_head_json":{"title":"Puebla conmemora 29 a\u00f1os como Patrimonio Cultural de la Humanidad","description":"En un acto conmemorativo se deposit\u00f3 una ofrenda floral frente a la placa alusiva, ubicada a un costado del asta bandera de la plancha del z\u00f3calo capitalino","robots":{"index":"index","follow":"follow","max-snippet":"max-snippet:-1","max-image-preview":"max-image-preview:large","max-video-preview":"max-video-preview:-1"},"canonical":"https:\/\/centrourbano.com\/revista\/arquitectura-2\/puebla-conmemora-29-anos-patrimonio-cultural-la-humanidad\/","og_locale":"es_ES","og_type":"article","og_title":"Puebla conmemora 29 a\u00f1os como Patrimonio Cultural de la Humanidad","og_description":"En un acto conmemorativo se deposit\u00f3 una ofrenda floral frente a la placa alusiva, ubicada a un costado del asta bandera de la plancha del z\u00f3calo capitalino","og_url":"https:\/\/centrourbano.com\/revista\/arquitectura-2\/puebla-conmemora-29-anos-patrimonio-cultural-la-humanidad\/","og_site_name":"Centro Urbano","article_publisher":"https:\/\/www.facebook.com\/portalcentrourbano","article_published_time":"2016-12-12T18:42:06+00:00","og_image":[{"width":600,"height":400,"url":"https:\/\/centrourbano.com\/revista\/wp-content\/uploads\/Puebla-conmemora-29-a\u00f1os-como-Patrimonio-Cultural-de-la-Humanidad.jpg","type":"image\/jpeg"}],"author":"Dinorah Nava","twitter_card":"summary_large_image","twitter_creator":"@https:\/\/twitter.com\/Dinorah_Nava28","twitter_site":"@CentroUrbano","twitter_misc":{"Escrito por":"Dinorah Nava","Tiempo de lectura":"1 minuto"},"schema":{"@context":"https:\/\/schema.org","@graph":[{"@type":"Article","@id":"https:\/\/centrourbano.com\/revista\/arquitectura-2\/puebla-conmemora-29-anos-patrimonio-cultural-la-humanidad\/#article","isPartOf":{"@id":"https:\/\/centrourbano.com\/revista\/arquitectura-2\/puebla-conmemora-29-anos-patrimonio-cultural-la-humanidad\/"},"author":{"name":"Dinorah Nava","@id":"https:\/\/centrourbano.com\/revista\/#\/schema\/person\/b45db815d96831257ba428a3d5a5fbdc"},"headline":"Puebla conmemora 29 a\u00f1os como Patrimonio Cultural de la Humanidad","datePublished":"2016-12-12T18:42:06+00:00","mainEntityOfPage":{"@id":"https:\/\/centrourbano.com\/revista\/arquitectura-2\/puebla-conmemora-29-anos-patrimonio-cultural-la-humanidad\/"},"wordCount":207,"commentCount":0,"publisher":{"@id":"https:\/\/centrourbano.com\/revista\/#organization"},"image":{"@id":"https:\/\/centrourbano.com\/revista\/arquitectura-2\/puebla-conmemora-29-anos-patrimonio-cultural-la-humanidad\/#primaryimage"},"thumbnailUrl":"https:\/\/centrourbano.com\/revista\/wp-content\/uploads\/Puebla-conmemora-29-a\u00f1os-como-Patrimonio-Cultural-de-la-Humanidad.jpg","keywords":["Ciudad Patrimonio","Patrimonio Cultural de la Humanidad","Puebla","Unesco"],"articleSection":["Arquitectura"],"inLanguage":"es","potentialAction":[{"@type":"CommentAction","name":"Comment","target":["https:\/\/centrourbano.com\/revista\/arquitectura-2\/puebla-conmemora-29-anos-patrimonio-cultural-la-humanidad\/#respond"]}]},{"@type":"WebPage","@id":"https:\/\/centrourbano.com\/revista\/arquitectura-2\/puebla-conmemora-29-anos-patrimonio-cultural-la-humanidad\/","url":"https:\/\/centrourbano.com\/revista\/arquitectura-2\/puebla-conmemora-29-anos-patrimonio-cultural-la-humanidad\/","name":"Puebla conmemora 29 a\u00f1os como Patrimonio Cultural de la Humanidad","isPartOf":{"@id":"https:\/\/centrourbano.com\/revista\/#website"},"primaryImageOfPage":{"@id":"https:\/\/centrourbano.com\/revista\/arquitectura-2\/puebla-conmemora-29-anos-patrimonio-cultural-la-humanidad\/#primaryimage"},"image":{"@id":"https:\/\/centrourbano.com\/revista\/arquitectura-2\/puebla-conmemora-29-anos-patrimonio-cultural-la-humanidad\/#primaryimage"},"thumbnailUrl":"https:\/\/centrourbano.com\/revista\/wp-content\/uploads\/Puebla-conmemora-29-a\u00f1os-como-Patrimonio-Cultural-de-la-Humanidad.jpg","datePublished":"2016-12-12T18:42:06+00:00","description":"En un acto conmemorativo se deposit\u00f3 una ofrenda floral frente a la placa alusiva, ubicada a un costado del asta bandera de la plancha del z\u00f3calo capitalino","breadcrumb":{"@id":"https:\/\/centrourbano.com\/revista\/arquitectura-2\/puebla-conmemora-29-anos-patrimonio-cultural-la-humanidad\/#breadcrumb"},"inLanguage":"es","potentialAction":[{"@type":"ReadAction","target":["https:\/\/centrourbano.com\/revista\/arquitectura-2\/puebla-conmemora-29-anos-patrimonio-cultural-la-humanidad\/"]}]},{"@type":"ImageObject","inLanguage":"es","@id":"https:\/\/centrourbano.com\/revista\/arquitectura-2\/puebla-conmemora-29-anos-patrimonio-cultural-la-humanidad\/#primaryimage","url":"https:\/\/centrourbano.com\/revista\/wp-content\/uploads\/Puebla-conmemora-29-a\u00f1os-como-Patrimonio-Cultural-de-la-Humanidad.jpg","contentUrl":"https:\/\/centrourbano.com\/revista\/wp-content\/uploads\/Puebla-conmemora-29-a\u00f1os-como-Patrimonio-Cultural-de-la-Humanidad.jpg","width":600,"height":400,"caption":"En un acto conmemorativo se deposit\u00f3 una ofrenda floral frente a la placa alusiva, ubicada a un costado del asta bandera de la plancha del z\u00f3calo capitalino"},{"@type":"BreadcrumbList","@id":"https:\/\/centrourbano.com\/revista\/arquitectura-2\/puebla-conmemora-29-anos-patrimonio-cultural-la-humanidad\/#breadcrumb","itemListElement":[{"@type":"ListItem","position":1,"name":"Portada","item":"https:\/\/centrourbano.com\/revista\/"},{"@type":"ListItem","position":2,"name":"Puebla conmemora 29 a\u00f1os como Patrimonio Cultural de la Humanidad"}]},{"@type":"WebSite","@id":"https:\/\/centrourbano.com\/revista\/#website","url":"https:\/\/centrourbano.com\/revista\/","name":"Centro Urbano","description":"Medio especializado en los sectores vivienda, inmobiliario, construcci\u00f3n, arquitectura y urbanismo.","publisher":{"@id":"https:\/\/centrourbano.com\/revista\/#organization"},"potentialAction":[{"@type":"SearchAction","target":{"@type":"EntryPoint","urlTemplate":"https:\/\/centrourbano.com\/revista\/?s={search_term_string}"},"query-input":{"@type":"PropertyValueSpecification","valueRequired":true,"valueName":"search_term_string"}}],"inLanguage":"es"},{"@type":"Organization","@id":"https:\/\/centrourbano.com\/revista\/#organization","name":"Centro Urbano","url":"https:\/\/centrourbano.com\/revista\/","logo":{"@type":"ImageObject","inLanguage":"es","@id":"https:\/\/centrourbano.com\/revista\/#\/schema\/logo\/image\/","url":"https:\/\/centrourbano.com\/revista\/wp-content\/uploads\/web_CU_logo-1.png","contentUrl":"https:\/\/centrourbano.com\/revista\/wp-content\/uploads\/web_CU_logo-1.png","width":350,"height":91,"caption":"Centro Urbano"},"image":{"@id":"https:\/\/centrourbano.com\/revista\/#\/schema\/logo\/image\/"},"sameAs":["https:\/\/www.facebook.com\/portalcentrourbano","https:\/\/x.com\/CentroUrbano","https:\/\/www.instagram.com\/centro_urbano\/","https:\/\/www.linkedin.com\/company\/centro-urbano\/","http:\/\/www.youtube.com\/user\/portalcentrourbano"]},{"@type":"Person","@id":"https:\/\/centrourbano.com\/revista\/#\/schema\/person\/b45db815d96831257ba428a3d5a5fbdc","name":"Dinorah Nava","image":{"@type":"ImageObject","inLanguage":"es","@id":"https:\/\/secure.gravatar.com\/avatar\/f6ca6430c51d147f363940f84e1225aa4b8183885c11802cc3b042305a4ecc1a?s=96&d=mm&r=g","url":"https:\/\/secure.gravatar.com\/avatar\/f6ca6430c51d147f363940f84e1225aa4b8183885c11802cc3b042305a4ecc1a?s=96&d=mm&r=g","contentUrl":"https:\/\/secure.gravatar.com\/avatar\/f6ca6430c51d147f363940f84e1225aa4b8183885c11802cc3b042305a4ecc1a?s=96&d=mm&r=g","caption":"Dinorah Nava"},"description":"Editora de Contenidos y Estrategias Digitales en Centro Urbano y Coeditora en Peri\u00f3dico Mi Casa. Egresada de la licenciatura en Comunicaci\u00f3n y Periodismo de la Facultad de Estudios Superiores Arag\u00f3n (UNAM). Amante de la edici\u00f3n y correcci\u00f3n de estilo, las redes sociales y el mundo digital. Especialista en temas son arquitectura, inmobiliario y urbanismo.","sameAs":["linkedin.com\/in\/dinorah-nava","https:\/\/x.com\/https:\/\/twitter.com\/Dinorah_Nava28"],"url":"https:\/\/centrourbano.com\/revista\/author\/dinorah-nava\/"}]}},"_links":{"self":[{"href":"https:\/\/centrourbano.com\/revista\/wp-json\/wp\/v2\/posts\/45269","targetHints":{"allow":["GET"]}}],"collection":[{"href":"https:\/\/centrourbano.com\/revista\/wp-json\/wp\/v2\/posts"}],"about":[{"href":"https:\/\/centrourbano.com\/revista\/wp-json\/wp\/v2\/types\/post"}],"author":[{"embeddable":true,"href":"https:\/\/centrourbano.com\/revista\/wp-json\/wp\/v2\/users\/9"}],"replies":[{"embeddable":true,"href":"https:\/\/centrourbano.com\/revista\/wp-json\/wp\/v2\/comments?post=45269"}],"version-history":[{"count":0,"href":"https:\/\/centrourbano.com\/revista\/wp-json\/wp\/v2\/posts\/45269\/revisions"}],"wp:featuredmedia":[{"embeddable":true,"href":"https:\/\/centrourbano.com\/revista\/wp-json\/wp\/v2\/media\/45270"}],"wp:attachment":[{"href":"https:\/\/centrourbano.com\/revista\/wp-json\/wp\/v2\/media?parent=45269"}],"wp:term":[{"taxonomy":"category","embeddable":true,"href":"https:\/\/centrourbano.com\/revista\/wp-json\/wp\/v2\/categories?post=45269"},{"taxonomy":"post_tag","embeddable":true,"href":"https:\/\/centrourbano.com\/revista\/wp-json\/wp\/v2\/tags?post=45269"}],"curies":[{"name":"wp","href":"https:\/\/api.w.org\/{rel}","templated":true}]}}