{"id":45223,"date":"2016-12-09T16:53:12","date_gmt":"2016-12-09T22:53:12","guid":{"rendered":"https:\/\/centrourbano.com\/?p=45223"},"modified":"2017-05-08T09:34:48","modified_gmt":"2017-05-08T14:34:48","slug":"infonavit-finanzas-solidas-cara-2017-penchyna","status":"publish","type":"post","link":"https:\/\/centrourbano.com\/revista\/vivienda\/infonavit-finanzas-solidas-cara-2017-penchyna\/","title":{"rendered":"Infonavit, con finanzas s\u00f3lidas de cara a 2017: Penchyna"},"content":{"rendered":"<p><em>Durante la 113 Asamblea General del Instituto, el directivo subray\u00f3 que para 2017 Infonavit pondr\u00e1 en marcha un programa agresivo <\/em><!--more--><\/p>\n<p>El objetivo central que tenemos en el Infonavit es empoderar al derechohabiente, ofreciendo soluciones de vivienda que se adapten a sus necesidades y deseos, as\u00ed como generar mejores condiciones de cr\u00e9dito, sostuvo David Penchyna Grub, director general del Instituto. <\/p>\n<p>En el marco de la 113 Asamblea General del Infonavit, el directivo asegur\u00f3 que el Instituto ha innovado para atender mejor a la derechohabiencia, entre otras cosas, al entender que los trabajadores no s\u00f3lo requieren soluciones para vivienda nueva. <\/p>\n<p>\u201cEmpoderar al trabajador es diversificar las carteras de productos, ofrecer distintas opciones de cr\u00e9dito, brind\u00e1ndole mejores condiciones en su financiamiento\u201d, se\u00f1al\u00f3. <\/p>\n<p>Penchyna Grub destac\u00f3 que desde su llegada a la direcci\u00f3n del Instituto se han implementado acciones para mejorar su tarea. Puso como ejemplo la reactivaci\u00f3n del Mejoravit, \u201celiminando las malas pr\u00e1cticas\u201d.<\/p>\n<p>\u201cPusimos en marcha un sistema de subasta y macrosubasatsa para retornar al mercado la vivienda recuperada. Para 2016 la meta era desplazar 30,000 vivienda, pero cerraremos el a\u00f1o con m\u00e1s de 60,000, lo que representa 2,000 millones de pesos que reingresan a las arcas del Instituto\u201d, dijo. <\/p>\n<p>El directivo record\u00f3 que para 2017 el Infonavit emprender\u00e1 un programa ambicioso con el que se aumenta la capacidad de cr\u00e9dito de todos los cajones salariales al incrementar en 68% el monto tope de cr\u00e9dito. Dijo, adem\u00e1s, se mejoran las condiciones con las que se otorgan los cr\u00e9ditos.<\/p>\n<p>Por otro lado, hizo menci\u00f3n de las modificaciones que se emprendieron hace unos meses a la Ley del Infonavit. Se\u00f1al\u00f3 que las reformas emprendidas para que el salario m\u00ednimo dejara de ser la unidad de referencia fue una acci\u00f3n fundamental para cuidar las finanzas de la derechohabiencia y el Instituto. <\/p>\n<p>\u201cEn 2017 emprendemos un nuevo portafolio de productos para prestar m\u00e1s y servir mejor a los trabajadores de m\u00e1s bajos ingresos\u201d, expuso. <\/p>\n<p>Penchyna Grub inform\u00f3 que el Infonavit cerrar\u00e1 2016 con 355,000 cr\u00e9ditos otorgados. Adem\u00e1s, que este a\u00f1o superar\u00e1n la meta de recaudaci\u00f3n fiscal, al obtener 194.9 millones de pesos en este rubro. <\/p>\n<p>\u00abEl Infonavit es el arquitecto de su destino gracias a sus finanzas s\u00f3lidas, reconocidas teniendo la mejor calificaci\u00f3n que se le da a una Instituci\u00f3n mexicana por Moody&#8217;s, Standard &#038; Poor&#8217;s y Fitch Ratings\u201d, apunt\u00f3.<\/p>\n<p>El directivo reconoci\u00f3 que a\u00fan hay retos por superar y asegur\u00f3 que la unidad es uno de los elementos necesarios para afrontar periodos de incertidumbre en el pa\u00eds. <\/p>\n<p>Cabe se\u00f1alar que durante el acto, la Asamblea General ratific\u00f3 el Plan de Inversi\u00f3n del Instituto para 2017.<\/p>\n","protected":false},"excerpt":{"rendered":"<p>Durante la 113 Asamblea General del Instituto, el directivo subray\u00f3 que para 2017 Infonavit pondr\u00e1 en marcha un programa agresivo<\/p>\n","protected":false},"author":47,"featured_media":45231,"comment_status":"open","ping_status":"closed","sticky":false,"template":"","format":"standard","meta":{"om_disable_all_campaigns":false,"inline_featured_image":false,"_monsterinsights_skip_tracking":false,"_monsterinsights_sitenote_active":false,"_monsterinsights_sitenote_note":"","_monsterinsights_sitenote_category":0,"footnotes":""},"categories":[12],"tags":[8511,9087,100,60],"class_list":["post-45223","post","type-post","status-publish","format-standard","has-post-thumbnail","hentry","category-vivienda","tag-8511","tag-finanzas-solidas","tag-infonavit","tag-vivienda-2"],"yoast_head":"<!-- This site is optimized with the Yoast SEO plugin v27.5 - https:\/\/yoast.com\/product\/yoast-seo-wordpress\/ -->\n<title>Infonavit, con finanzas s\u00f3lidas de cara a 2017: Penchyna -<\/title>\n<meta name=\"description\" content=\"El objetivo central que tenemos en el Infonavit es empoderar al derechohabiente, ofreciendo soluciones de vivienda que se adapten a sus necesidades y deseos, as\u00ed como generar mejores condiciones de cr\u00e9dito, sostuvo David Penchyna Grub, director general del Instituto.\" \/>\n<meta name=\"robots\" content=\"index, follow, max-snippet:-1, max-image-preview:large, max-video-preview:-1\" \/>\n<link rel=\"canonical\" href=\"https:\/\/centrourbano.com\/revista\/vivienda\/infonavit-finanzas-solidas-cara-2017-penchyna\/\" \/>\n<meta property=\"og:locale\" content=\"es_ES\" \/>\n<meta property=\"og:type\" content=\"article\" \/>\n<meta property=\"og:title\" content=\"Infonavit, con finanzas s\u00f3lidas de cara a 2017: Penchyna -\" \/>\n<meta property=\"og:description\" content=\"El objetivo central que tenemos en el Infonavit es empoderar al derechohabiente, ofreciendo soluciones de vivienda que se adapten a sus necesidades y deseos, as\u00ed como generar mejores condiciones de cr\u00e9dito, sostuvo David Penchyna Grub, director general del Instituto.\" \/>\n<meta property=\"og:url\" content=\"https:\/\/centrourbano.com\/revista\/vivienda\/infonavit-finanzas-solidas-cara-2017-penchyna\/\" \/>\n<meta property=\"og:site_name\" content=\"Centro Urbano\" \/>\n<meta property=\"article:publisher\" content=\"https:\/\/www.facebook.com\/portalcentrourbano\" \/>\n<meta property=\"article:published_time\" content=\"2016-12-09T22:53:12+00:00\" \/>\n<meta property=\"article:modified_time\" content=\"2017-05-08T14:34:48+00:00\" \/>\n<meta property=\"og:image\" content=\"https:\/\/centrourbano.com\/revista\/wp-content\/uploads\/IMG_20161209_111854-scaled.jpg\" \/>\n\t<meta property=\"og:image:width\" content=\"2560\" \/>\n\t<meta property=\"og:image:height\" content=\"1920\" \/>\n\t<meta property=\"og:image:type\" content=\"image\/jpeg\" \/>\n<meta name=\"author\" content=\"Edgar Rosas\" \/>\n<meta name=\"twitter:card\" content=\"summary_large_image\" \/>\n<meta name=\"twitter:creator\" content=\"@https:\/\/twitter.com\/ERosasCU?s=09\" \/>\n<meta name=\"twitter:site\" content=\"@CentroUrbano\" \/>\n<meta name=\"twitter:label1\" content=\"Escrito por\" \/>\n\t<meta name=\"twitter:data1\" content=\"Edgar Rosas\" \/>\n\t<meta name=\"twitter:label2\" content=\"Tiempo de lectura\" \/>\n\t<meta name=\"twitter:data2\" content=\"2 minutos\" \/>\n<script type=\"application\/ld+json\" class=\"yoast-schema-graph\">{\"@context\":\"https:\\\/\\\/schema.org\",\"@graph\":[{\"@type\":\"Article\",\"@id\":\"https:\\\/\\\/centrourbano.com\\\/revista\\\/vivienda\\\/infonavit-finanzas-solidas-cara-2017-penchyna\\\/#article\",\"isPartOf\":{\"@id\":\"https:\\\/\\\/centrourbano.com\\\/revista\\\/vivienda\\\/infonavit-finanzas-solidas-cara-2017-penchyna\\\/\"},\"author\":{\"name\":\"Edgar Rosas\",\"@id\":\"https:\\\/\\\/centrourbano.com\\\/revista\\\/#\\\/schema\\\/person\\\/131fd76fa17f4ca2c25c65a74d97c6b6\"},\"headline\":\"Infonavit, con finanzas s\u00f3lidas de cara a 2017: Penchyna\",\"datePublished\":\"2016-12-09T22:53:12+00:00\",\"dateModified\":\"2017-05-08T14:34:48+00:00\",\"mainEntityOfPage\":{\"@id\":\"https:\\\/\\\/centrourbano.com\\\/revista\\\/vivienda\\\/infonavit-finanzas-solidas-cara-2017-penchyna\\\/\"},\"wordCount\":457,\"commentCount\":0,\"publisher\":{\"@id\":\"https:\\\/\\\/centrourbano.com\\\/revista\\\/#organization\"},\"image\":{\"@id\":\"https:\\\/\\\/centrourbano.com\\\/revista\\\/vivienda\\\/infonavit-finanzas-solidas-cara-2017-penchyna\\\/#primaryimage\"},\"thumbnailUrl\":\"https:\\\/\\\/centrourbano.com\\\/revista\\\/wp-content\\\/uploads\\\/IMG_20161209_111854-scaled.jpg\",\"keywords\":[\"2017\",\"Finanzas s\u00f3lidas\",\"Infonavit\",\"vivienda\"],\"articleSection\":[\"Vivienda\"],\"inLanguage\":\"es\",\"potentialAction\":[{\"@type\":\"CommentAction\",\"name\":\"Comment\",\"target\":[\"https:\\\/\\\/centrourbano.com\\\/revista\\\/vivienda\\\/infonavit-finanzas-solidas-cara-2017-penchyna\\\/#respond\"]}]},{\"@type\":\"WebPage\",\"@id\":\"https:\\\/\\\/centrourbano.com\\\/revista\\\/vivienda\\\/infonavit-finanzas-solidas-cara-2017-penchyna\\\/\",\"url\":\"https:\\\/\\\/centrourbano.com\\\/revista\\\/vivienda\\\/infonavit-finanzas-solidas-cara-2017-penchyna\\\/\",\"name\":\"Infonavit, con finanzas s\u00f3lidas de cara a 2017: Penchyna -\",\"isPartOf\":{\"@id\":\"https:\\\/\\\/centrourbano.com\\\/revista\\\/#website\"},\"primaryImageOfPage\":{\"@id\":\"https:\\\/\\\/centrourbano.com\\\/revista\\\/vivienda\\\/infonavit-finanzas-solidas-cara-2017-penchyna\\\/#primaryimage\"},\"image\":{\"@id\":\"https:\\\/\\\/centrourbano.com\\\/revista\\\/vivienda\\\/infonavit-finanzas-solidas-cara-2017-penchyna\\\/#primaryimage\"},\"thumbnailUrl\":\"https:\\\/\\\/centrourbano.com\\\/revista\\\/wp-content\\\/uploads\\\/IMG_20161209_111854-scaled.jpg\",\"datePublished\":\"2016-12-09T22:53:12+00:00\",\"dateModified\":\"2017-05-08T14:34:48+00:00\",\"description\":\"El objetivo central que tenemos en el Infonavit es empoderar al derechohabiente, ofreciendo soluciones de vivienda que se adapten a sus necesidades y deseos, as\u00ed como generar mejores condiciones de cr\u00e9dito, sostuvo David Penchyna Grub, director general del Instituto.\",\"breadcrumb\":{\"@id\":\"https:\\\/\\\/centrourbano.com\\\/revista\\\/vivienda\\\/infonavit-finanzas-solidas-cara-2017-penchyna\\\/#breadcrumb\"},\"inLanguage\":\"es\",\"potentialAction\":[{\"@type\":\"ReadAction\",\"target\":[\"https:\\\/\\\/centrourbano.com\\\/revista\\\/vivienda\\\/infonavit-finanzas-solidas-cara-2017-penchyna\\\/\"]}]},{\"@type\":\"ImageObject\",\"inLanguage\":\"es\",\"@id\":\"https:\\\/\\\/centrourbano.com\\\/revista\\\/vivienda\\\/infonavit-finanzas-solidas-cara-2017-penchyna\\\/#primaryimage\",\"url\":\"https:\\\/\\\/centrourbano.com\\\/revista\\\/wp-content\\\/uploads\\\/IMG_20161209_111854-scaled.jpg\",\"contentUrl\":\"https:\\\/\\\/centrourbano.com\\\/revista\\\/wp-content\\\/uploads\\\/IMG_20161209_111854-scaled.jpg\",\"width\":2560,\"height\":1920,\"caption\":\"Durante la 113 Asamblea General del Instituto, el directivo subray\u00f3 que para 2017 Infonavit pondr\u00e1 en marcha un programa agresivo\"},{\"@type\":\"BreadcrumbList\",\"@id\":\"https:\\\/\\\/centrourbano.com\\\/revista\\\/vivienda\\\/infonavit-finanzas-solidas-cara-2017-penchyna\\\/#breadcrumb\",\"itemListElement\":[{\"@type\":\"ListItem\",\"position\":1,\"name\":\"Portada\",\"item\":\"https:\\\/\\\/centrourbano.com\\\/revista\\\/\"},{\"@type\":\"ListItem\",\"position\":2,\"name\":\"Infonavit, con finanzas s\u00f3lidas de cara a 2017: Penchyna\"}]},{\"@type\":\"WebSite\",\"@id\":\"https:\\\/\\\/centrourbano.com\\\/revista\\\/#website\",\"url\":\"https:\\\/\\\/centrourbano.com\\\/revista\\\/\",\"name\":\"Centro Urbano\",\"description\":\"Medio especializado en los sectores vivienda, inmobiliario, construcci\u00f3n, arquitectura y urbanismo.\",\"publisher\":{\"@id\":\"https:\\\/\\\/centrourbano.com\\\/revista\\\/#organization\"},\"potentialAction\":[{\"@type\":\"SearchAction\",\"target\":{\"@type\":\"EntryPoint\",\"urlTemplate\":\"https:\\\/\\\/centrourbano.com\\\/revista\\\/?s={search_term_string}\"},\"query-input\":{\"@type\":\"PropertyValueSpecification\",\"valueRequired\":true,\"valueName\":\"search_term_string\"}}],\"inLanguage\":\"es\"},{\"@type\":\"Organization\",\"@id\":\"https:\\\/\\\/centrourbano.com\\\/revista\\\/#organization\",\"name\":\"Centro Urbano\",\"url\":\"https:\\\/\\\/centrourbano.com\\\/revista\\\/\",\"logo\":{\"@type\":\"ImageObject\",\"inLanguage\":\"es\",\"@id\":\"https:\\\/\\\/centrourbano.com\\\/revista\\\/#\\\/schema\\\/logo\\\/image\\\/\",\"url\":\"https:\\\/\\\/centrourbano.com\\\/revista\\\/wp-content\\\/uploads\\\/web_CU_logo-1.png\",\"contentUrl\":\"https:\\\/\\\/centrourbano.com\\\/revista\\\/wp-content\\\/uploads\\\/web_CU_logo-1.png\",\"width\":350,\"height\":91,\"caption\":\"Centro Urbano\"},\"image\":{\"@id\":\"https:\\\/\\\/centrourbano.com\\\/revista\\\/#\\\/schema\\\/logo\\\/image\\\/\"},\"sameAs\":[\"https:\\\/\\\/www.facebook.com\\\/portalcentrourbano\",\"https:\\\/\\\/x.com\\\/CentroUrbano\",\"https:\\\/\\\/www.instagram.com\\\/centro_urbano\\\/\",\"https:\\\/\\\/www.linkedin.com\\\/company\\\/centro-urbano\\\/\",\"http:\\\/\\\/www.youtube.com\\\/user\\\/portalcentrourbano\"]},{\"@type\":\"Person\",\"@id\":\"https:\\\/\\\/centrourbano.com\\\/revista\\\/#\\\/schema\\\/person\\\/131fd76fa17f4ca2c25c65a74d97c6b6\",\"name\":\"Edgar Rosas\",\"image\":{\"@type\":\"ImageObject\",\"inLanguage\":\"es\",\"@id\":\"https:\\\/\\\/secure.gravatar.com\\\/avatar\\\/94440c4283495211faa5300bf85e80061036b83fced868c3783aa1310b350d9c?s=96&d=mm&r=g\",\"url\":\"https:\\\/\\\/secure.gravatar.com\\\/avatar\\\/94440c4283495211faa5300bf85e80061036b83fced868c3783aa1310b350d9c?s=96&d=mm&r=g\",\"contentUrl\":\"https:\\\/\\\/secure.gravatar.com\\\/avatar\\\/94440c4283495211faa5300bf85e80061036b83fced868c3783aa1310b350d9c?s=96&d=mm&r=g\",\"caption\":\"Edgar Rosas\"},\"description\":\"Editor en Jefe de Centro Urbano. Egresado de la maestr\u00eda en Periodismo Pol\u00edtico de la Escuela de Periodismo Carlos Septi\u00e9n Garc\u00eda (EPCSG). Estudi\u00f3 la licenciatura en Comunicaci\u00f3n en la Universidad Mexicana. Amante de la cr\u00f3nica y el reportaje. Admirador de Vicente Le\u00f1ero y Miguel \u00c1ngel Granados Chapa.\",\"sameAs\":[\"https:\\\/\\\/x.com\\\/https:\\\/\\\/twitter.com\\\/ERosasCU?s=09\"],\"url\":\"https:\\\/\\\/centrourbano.com\\\/revista\\\/author\\\/edgar-rosas\\\/\"}]}<\/script>\n<!-- \/ Yoast SEO plugin. -->","yoast_head_json":{"title":"Infonavit, con finanzas s\u00f3lidas de cara a 2017: Penchyna -","description":"El objetivo central que tenemos en el Infonavit es empoderar al derechohabiente, ofreciendo soluciones de vivienda que se adapten a sus necesidades y deseos, as\u00ed como generar mejores condiciones de cr\u00e9dito, sostuvo David Penchyna Grub, director general del Instituto.","robots":{"index":"index","follow":"follow","max-snippet":"max-snippet:-1","max-image-preview":"max-image-preview:large","max-video-preview":"max-video-preview:-1"},"canonical":"https:\/\/centrourbano.com\/revista\/vivienda\/infonavit-finanzas-solidas-cara-2017-penchyna\/","og_locale":"es_ES","og_type":"article","og_title":"Infonavit, con finanzas s\u00f3lidas de cara a 2017: Penchyna -","og_description":"El objetivo central que tenemos en el Infonavit es empoderar al derechohabiente, ofreciendo soluciones de vivienda que se adapten a sus necesidades y deseos, as\u00ed como generar mejores condiciones de cr\u00e9dito, sostuvo David Penchyna Grub, director general del Instituto.","og_url":"https:\/\/centrourbano.com\/revista\/vivienda\/infonavit-finanzas-solidas-cara-2017-penchyna\/","og_site_name":"Centro Urbano","article_publisher":"https:\/\/www.facebook.com\/portalcentrourbano","article_published_time":"2016-12-09T22:53:12+00:00","article_modified_time":"2017-05-08T14:34:48+00:00","og_image":[{"width":2560,"height":1920,"url":"https:\/\/centrourbano.com\/revista\/wp-content\/uploads\/IMG_20161209_111854-scaled.jpg","type":"image\/jpeg"}],"author":"Edgar Rosas","twitter_card":"summary_large_image","twitter_creator":"@https:\/\/twitter.com\/ERosasCU?s=09","twitter_site":"@CentroUrbano","twitter_misc":{"Escrito por":"Edgar Rosas","Tiempo de lectura":"2 minutos"},"schema":{"@context":"https:\/\/schema.org","@graph":[{"@type":"Article","@id":"https:\/\/centrourbano.com\/revista\/vivienda\/infonavit-finanzas-solidas-cara-2017-penchyna\/#article","isPartOf":{"@id":"https:\/\/centrourbano.com\/revista\/vivienda\/infonavit-finanzas-solidas-cara-2017-penchyna\/"},"author":{"name":"Edgar Rosas","@id":"https:\/\/centrourbano.com\/revista\/#\/schema\/person\/131fd76fa17f4ca2c25c65a74d97c6b6"},"headline":"Infonavit, con finanzas s\u00f3lidas de cara a 2017: Penchyna","datePublished":"2016-12-09T22:53:12+00:00","dateModified":"2017-05-08T14:34:48+00:00","mainEntityOfPage":{"@id":"https:\/\/centrourbano.com\/revista\/vivienda\/infonavit-finanzas-solidas-cara-2017-penchyna\/"},"wordCount":457,"commentCount":0,"publisher":{"@id":"https:\/\/centrourbano.com\/revista\/#organization"},"image":{"@id":"https:\/\/centrourbano.com\/revista\/vivienda\/infonavit-finanzas-solidas-cara-2017-penchyna\/#primaryimage"},"thumbnailUrl":"https:\/\/centrourbano.com\/revista\/wp-content\/uploads\/IMG_20161209_111854-scaled.jpg","keywords":["2017","Finanzas s\u00f3lidas","Infonavit","vivienda"],"articleSection":["Vivienda"],"inLanguage":"es","potentialAction":[{"@type":"CommentAction","name":"Comment","target":["https:\/\/centrourbano.com\/revista\/vivienda\/infonavit-finanzas-solidas-cara-2017-penchyna\/#respond"]}]},{"@type":"WebPage","@id":"https:\/\/centrourbano.com\/revista\/vivienda\/infonavit-finanzas-solidas-cara-2017-penchyna\/","url":"https:\/\/centrourbano.com\/revista\/vivienda\/infonavit-finanzas-solidas-cara-2017-penchyna\/","name":"Infonavit, con finanzas s\u00f3lidas de cara a 2017: Penchyna -","isPartOf":{"@id":"https:\/\/centrourbano.com\/revista\/#website"},"primaryImageOfPage":{"@id":"https:\/\/centrourbano.com\/revista\/vivienda\/infonavit-finanzas-solidas-cara-2017-penchyna\/#primaryimage"},"image":{"@id":"https:\/\/centrourbano.com\/revista\/vivienda\/infonavit-finanzas-solidas-cara-2017-penchyna\/#primaryimage"},"thumbnailUrl":"https:\/\/centrourbano.com\/revista\/wp-content\/uploads\/IMG_20161209_111854-scaled.jpg","datePublished":"2016-12-09T22:53:12+00:00","dateModified":"2017-05-08T14:34:48+00:00","description":"El objetivo central que tenemos en el Infonavit es empoderar al derechohabiente, ofreciendo soluciones de vivienda que se adapten a sus necesidades y deseos, as\u00ed como generar mejores condiciones de cr\u00e9dito, sostuvo David Penchyna Grub, director general del Instituto.","breadcrumb":{"@id":"https:\/\/centrourbano.com\/revista\/vivienda\/infonavit-finanzas-solidas-cara-2017-penchyna\/#breadcrumb"},"inLanguage":"es","potentialAction":[{"@type":"ReadAction","target":["https:\/\/centrourbano.com\/revista\/vivienda\/infonavit-finanzas-solidas-cara-2017-penchyna\/"]}]},{"@type":"ImageObject","inLanguage":"es","@id":"https:\/\/centrourbano.com\/revista\/vivienda\/infonavit-finanzas-solidas-cara-2017-penchyna\/#primaryimage","url":"https:\/\/centrourbano.com\/revista\/wp-content\/uploads\/IMG_20161209_111854-scaled.jpg","contentUrl":"https:\/\/centrourbano.com\/revista\/wp-content\/uploads\/IMG_20161209_111854-scaled.jpg","width":2560,"height":1920,"caption":"Durante la 113 Asamblea General del Instituto, el directivo subray\u00f3 que para 2017 Infonavit pondr\u00e1 en marcha un programa agresivo"},{"@type":"BreadcrumbList","@id":"https:\/\/centrourbano.com\/revista\/vivienda\/infonavit-finanzas-solidas-cara-2017-penchyna\/#breadcrumb","itemListElement":[{"@type":"ListItem","position":1,"name":"Portada","item":"https:\/\/centrourbano.com\/revista\/"},{"@type":"ListItem","position":2,"name":"Infonavit, con finanzas s\u00f3lidas de cara a 2017: Penchyna"}]},{"@type":"WebSite","@id":"https:\/\/centrourbano.com\/revista\/#website","url":"https:\/\/centrourbano.com\/revista\/","name":"Centro Urbano","description":"Medio especializado en los sectores vivienda, inmobiliario, construcci\u00f3n, arquitectura y urbanismo.","publisher":{"@id":"https:\/\/centrourbano.com\/revista\/#organization"},"potentialAction":[{"@type":"SearchAction","target":{"@type":"EntryPoint","urlTemplate":"https:\/\/centrourbano.com\/revista\/?s={search_term_string}"},"query-input":{"@type":"PropertyValueSpecification","valueRequired":true,"valueName":"search_term_string"}}],"inLanguage":"es"},{"@type":"Organization","@id":"https:\/\/centrourbano.com\/revista\/#organization","name":"Centro Urbano","url":"https:\/\/centrourbano.com\/revista\/","logo":{"@type":"ImageObject","inLanguage":"es","@id":"https:\/\/centrourbano.com\/revista\/#\/schema\/logo\/image\/","url":"https:\/\/centrourbano.com\/revista\/wp-content\/uploads\/web_CU_logo-1.png","contentUrl":"https:\/\/centrourbano.com\/revista\/wp-content\/uploads\/web_CU_logo-1.png","width":350,"height":91,"caption":"Centro Urbano"},"image":{"@id":"https:\/\/centrourbano.com\/revista\/#\/schema\/logo\/image\/"},"sameAs":["https:\/\/www.facebook.com\/portalcentrourbano","https:\/\/x.com\/CentroUrbano","https:\/\/www.instagram.com\/centro_urbano\/","https:\/\/www.linkedin.com\/company\/centro-urbano\/","http:\/\/www.youtube.com\/user\/portalcentrourbano"]},{"@type":"Person","@id":"https:\/\/centrourbano.com\/revista\/#\/schema\/person\/131fd76fa17f4ca2c25c65a74d97c6b6","name":"Edgar Rosas","image":{"@type":"ImageObject","inLanguage":"es","@id":"https:\/\/secure.gravatar.com\/avatar\/94440c4283495211faa5300bf85e80061036b83fced868c3783aa1310b350d9c?s=96&d=mm&r=g","url":"https:\/\/secure.gravatar.com\/avatar\/94440c4283495211faa5300bf85e80061036b83fced868c3783aa1310b350d9c?s=96&d=mm&r=g","contentUrl":"https:\/\/secure.gravatar.com\/avatar\/94440c4283495211faa5300bf85e80061036b83fced868c3783aa1310b350d9c?s=96&d=mm&r=g","caption":"Edgar Rosas"},"description":"Editor en Jefe de Centro Urbano. Egresado de la maestr\u00eda en Periodismo Pol\u00edtico de la Escuela de Periodismo Carlos Septi\u00e9n Garc\u00eda (EPCSG). Estudi\u00f3 la licenciatura en Comunicaci\u00f3n en la Universidad Mexicana. Amante de la cr\u00f3nica y el reportaje. Admirador de Vicente Le\u00f1ero y Miguel \u00c1ngel Granados Chapa.","sameAs":["https:\/\/x.com\/https:\/\/twitter.com\/ERosasCU?s=09"],"url":"https:\/\/centrourbano.com\/revista\/author\/edgar-rosas\/"}]}},"_links":{"self":[{"href":"https:\/\/centrourbano.com\/revista\/wp-json\/wp\/v2\/posts\/45223","targetHints":{"allow":["GET"]}}],"collection":[{"href":"https:\/\/centrourbano.com\/revista\/wp-json\/wp\/v2\/posts"}],"about":[{"href":"https:\/\/centrourbano.com\/revista\/wp-json\/wp\/v2\/types\/post"}],"author":[{"embeddable":true,"href":"https:\/\/centrourbano.com\/revista\/wp-json\/wp\/v2\/users\/47"}],"replies":[{"embeddable":true,"href":"https:\/\/centrourbano.com\/revista\/wp-json\/wp\/v2\/comments?post=45223"}],"version-history":[{"count":0,"href":"https:\/\/centrourbano.com\/revista\/wp-json\/wp\/v2\/posts\/45223\/revisions"}],"wp:featuredmedia":[{"embeddable":true,"href":"https:\/\/centrourbano.com\/revista\/wp-json\/wp\/v2\/media\/45231"}],"wp:attachment":[{"href":"https:\/\/centrourbano.com\/revista\/wp-json\/wp\/v2\/media?parent=45223"}],"wp:term":[{"taxonomy":"category","embeddable":true,"href":"https:\/\/centrourbano.com\/revista\/wp-json\/wp\/v2\/categories?post=45223"},{"taxonomy":"post_tag","embeddable":true,"href":"https:\/\/centrourbano.com\/revista\/wp-json\/wp\/v2\/tags?post=45223"}],"curies":[{"name":"wp","href":"https:\/\/api.w.org\/{rel}","templated":true}]}}