{"id":44798,"date":"2016-12-01T13:14:16","date_gmt":"2016-12-01T19:14:16","guid":{"rendered":"https:\/\/centrourbano.com\/?p=44798"},"modified":"2016-12-01T13:14:16","modified_gmt":"2016-12-01T19:14:16","slug":"44798-2","status":"publish","type":"post","link":"https:\/\/centrourbano.com\/revista\/arquitectura-2\/44798-2\/","title":{"rendered":"Impartir\u00e1n conferencia \u201cMacro y Micro arquitectura\u201d en Monterrey"},"content":{"rendered":"<p><em>La cita es el pr\u00f3ximo lunes 5 de diciembre de 2016 a las 19:00 horas, en el Museo de Historia Mexicana<br \/>\n<\/em><!--more--><\/p>\n<p>La Academia Nacional de Arquitectura, Cap\u00edtulo Monterrey invita a la Sesi\u00f3n 228: \u201cMacro y Micro arquitectura\u201d, una conferencia que ser\u00e1 impartida por el arquitecto Luis Fern\u00e1ndez de Ortega (VFO Arquitectos). <\/p>\n<p>La cita es el pr\u00f3ximo lunes 5 de diciembre de 2016 a las 19:00 horas, en el Museo de Historia Mexicana, ubicado en la calle Doctor Jos\u00e9 Mar\u00eda Coss 445, en el Centro de Monterrey, Nuevo Le\u00f3n. <\/p>\n<p>Luis Fern\u00e1ndez de Ortega es uno de los arquitectos con obra m\u00e1s destacada en los \u00faltimos a\u00f1os en M\u00e9xico, es socio fundador de VFO arquitectos, empresa de dise\u00f1o arquitect\u00f3nico con presencia en todo el pa\u00eds. <\/p>\n<p>Adem\u00e1s, ha trabajado con equipos multinacionales intensamente para producir soluciones de dise\u00f1o innovadoras con resultados extraordinarios, y su experiencia abarca cientos de proyectos de diferentes tipolog\u00edas: interiores corporativos, edificios de oficinas, estadios deportivos y proyectos urbanos; as\u00ed como proyectos de usos mixtos de diversos tama\u00f1os.<\/p>\n<p>Asimismo, ha dictado conferencias enfocadas en el dise\u00f1o arquitect\u00f3nico, la tecnolog\u00eda y desarrollo sustentable ante instituciones de educaci\u00f3n superior, c\u00e1maras de la industria de la construcci\u00f3n y en foros especializados en temas de tecnolog\u00eda aplicada al dise\u00f1o arquitect\u00f3nico.<\/p>\n<p>La Academia Nacional de Arquitectura Cap\u00edtulo Monterrey es una asociaci\u00f3n sin fines de lucro con el objetivo de conocer, dar a conocer y reconocer la arquitectura mexicana y extranjera contempor\u00e1nea.<\/p>\n","protected":false},"excerpt":{"rendered":"<p>La cita es el pr\u00f3ximo lunes 5 de diciembre de 2016 a las 19:00 horas, en el Museo de Historia Mexicana<\/p>\n","protected":false},"author":9,"featured_media":44799,"comment_status":"open","ping_status":"closed","sticky":false,"template":"","format":"standard","meta":{"om_disable_all_campaigns":false,"inline_featured_image":false,"_monsterinsights_skip_tracking":false,"_monsterinsights_sitenote_active":false,"_monsterinsights_sitenote_note":"","_monsterinsights_sitenote_category":0,"footnotes":""},"categories":[81],"tags":[6097,20,9035,213],"class_list":["post-44798","post","type-post","status-publish","format-standard","has-post-thumbnail","hentry","category-arquitectura-2","tag-academia-nacional-de-arquitectura","tag-arquitectura","tag-luis-fernandez-de-ortega","tag-monterrey"],"yoast_head":"<!-- This site is optimized with the Yoast SEO plugin v27.4 - https:\/\/yoast.com\/product\/yoast-seo-wordpress\/ -->\n<title>Impartir\u00e1n conferencia \u201cMacro y Micro arquitectura\u201d en Monterrey<\/title>\n<meta name=\"description\" content=\"La cita es el pr\u00f3ximo lunes 5 de diciembre de 2016 a las 19:00 horas, en el Museo de Historia Mexicana\" \/>\n<meta name=\"robots\" content=\"index, follow, max-snippet:-1, max-image-preview:large, max-video-preview:-1\" \/>\n<link rel=\"canonical\" href=\"https:\/\/centrourbano.com\/revista\/arquitectura-2\/44798-2\/\" \/>\n<meta property=\"og:locale\" content=\"es_ES\" \/>\n<meta property=\"og:type\" content=\"article\" \/>\n<meta property=\"og:title\" content=\"Impartir\u00e1n conferencia \u201cMacro y Micro arquitectura\u201d en Monterrey\" \/>\n<meta property=\"og:description\" content=\"La cita es el pr\u00f3ximo lunes 5 de diciembre de 2016 a las 19:00 horas, en el Museo de Historia Mexicana\" \/>\n<meta property=\"og:url\" content=\"https:\/\/centrourbano.com\/revista\/arquitectura-2\/44798-2\/\" \/>\n<meta property=\"og:site_name\" content=\"Centro Urbano\" \/>\n<meta property=\"article:publisher\" content=\"https:\/\/www.facebook.com\/portalcentrourbano\" \/>\n<meta property=\"article:published_time\" content=\"2016-12-01T19:14:16+00:00\" \/>\n<meta property=\"og:image\" content=\"https:\/\/centrourbano.com\/revista\/wp-content\/uploads\/https-2F2Fcdn.evbuc_.com2Fimages2F260976362F1225922857352F12Foriginal-e1480619608535.jpg\" \/>\n\t<meta property=\"og:image:width\" content=\"512\" \/>\n\t<meta property=\"og:image:height\" content=\"322\" \/>\n\t<meta property=\"og:image:type\" content=\"image\/jpeg\" \/>\n<meta name=\"author\" content=\"Dinorah Nava\" \/>\n<meta name=\"twitter:card\" content=\"summary_large_image\" \/>\n<meta name=\"twitter:creator\" content=\"@https:\/\/twitter.com\/Dinorah_Nava28\" \/>\n<meta name=\"twitter:site\" content=\"@CentroUrbano\" \/>\n<meta name=\"twitter:label1\" content=\"Escrito por\" \/>\n\t<meta name=\"twitter:data1\" content=\"Dinorah Nava\" \/>\n\t<meta name=\"twitter:label2\" content=\"Tiempo de lectura\" \/>\n\t<meta name=\"twitter:data2\" content=\"1 minuto\" \/>\n<script type=\"application\/ld+json\" class=\"yoast-schema-graph\">{\"@context\":\"https:\\\/\\\/schema.org\",\"@graph\":[{\"@type\":\"Article\",\"@id\":\"https:\\\/\\\/centrourbano.com\\\/revista\\\/arquitectura-2\\\/44798-2\\\/#article\",\"isPartOf\":{\"@id\":\"https:\\\/\\\/centrourbano.com\\\/revista\\\/arquitectura-2\\\/44798-2\\\/\"},\"author\":{\"name\":\"Dinorah Nava\",\"@id\":\"https:\\\/\\\/centrourbano.com\\\/revista\\\/#\\\/schema\\\/person\\\/b45db815d96831257ba428a3d5a5fbdc\"},\"headline\":\"Impartir\u00e1n conferencia \u201cMacro y Micro arquitectura\u201d en Monterrey\",\"datePublished\":\"2016-12-01T19:14:16+00:00\",\"mainEntityOfPage\":{\"@id\":\"https:\\\/\\\/centrourbano.com\\\/revista\\\/arquitectura-2\\\/44798-2\\\/\"},\"wordCount\":267,\"commentCount\":0,\"publisher\":{\"@id\":\"https:\\\/\\\/centrourbano.com\\\/revista\\\/#organization\"},\"image\":{\"@id\":\"https:\\\/\\\/centrourbano.com\\\/revista\\\/arquitectura-2\\\/44798-2\\\/#primaryimage\"},\"thumbnailUrl\":\"https:\\\/\\\/centrourbano.com\\\/revista\\\/wp-content\\\/uploads\\\/https-2F2Fcdn.evbuc_.com2Fimages2F260976362F1225922857352F12Foriginal-e1480619608535.jpg\",\"keywords\":[\"Academia Nacional de Arquitectura\",\"arquitectura\",\"Luis Fern\u00e1ndez de Ortega\",\"Monterrey\"],\"articleSection\":[\"Arquitectura\"],\"inLanguage\":\"es\",\"potentialAction\":[{\"@type\":\"CommentAction\",\"name\":\"Comment\",\"target\":[\"https:\\\/\\\/centrourbano.com\\\/revista\\\/arquitectura-2\\\/44798-2\\\/#respond\"]}]},{\"@type\":\"WebPage\",\"@id\":\"https:\\\/\\\/centrourbano.com\\\/revista\\\/arquitectura-2\\\/44798-2\\\/\",\"url\":\"https:\\\/\\\/centrourbano.com\\\/revista\\\/arquitectura-2\\\/44798-2\\\/\",\"name\":\"Impartir\u00e1n conferencia \u201cMacro y Micro arquitectura\u201d en Monterrey\",\"isPartOf\":{\"@id\":\"https:\\\/\\\/centrourbano.com\\\/revista\\\/#website\"},\"primaryImageOfPage\":{\"@id\":\"https:\\\/\\\/centrourbano.com\\\/revista\\\/arquitectura-2\\\/44798-2\\\/#primaryimage\"},\"image\":{\"@id\":\"https:\\\/\\\/centrourbano.com\\\/revista\\\/arquitectura-2\\\/44798-2\\\/#primaryimage\"},\"thumbnailUrl\":\"https:\\\/\\\/centrourbano.com\\\/revista\\\/wp-content\\\/uploads\\\/https-2F2Fcdn.evbuc_.com2Fimages2F260976362F1225922857352F12Foriginal-e1480619608535.jpg\",\"datePublished\":\"2016-12-01T19:14:16+00:00\",\"description\":\"La cita es el pr\u00f3ximo lunes 5 de diciembre de 2016 a las 19:00 horas, en el Museo de Historia Mexicana\",\"breadcrumb\":{\"@id\":\"https:\\\/\\\/centrourbano.com\\\/revista\\\/arquitectura-2\\\/44798-2\\\/#breadcrumb\"},\"inLanguage\":\"es\",\"potentialAction\":[{\"@type\":\"ReadAction\",\"target\":[\"https:\\\/\\\/centrourbano.com\\\/revista\\\/arquitectura-2\\\/44798-2\\\/\"]}]},{\"@type\":\"ImageObject\",\"inLanguage\":\"es\",\"@id\":\"https:\\\/\\\/centrourbano.com\\\/revista\\\/arquitectura-2\\\/44798-2\\\/#primaryimage\",\"url\":\"https:\\\/\\\/centrourbano.com\\\/revista\\\/wp-content\\\/uploads\\\/https-2F2Fcdn.evbuc_.com2Fimages2F260976362F1225922857352F12Foriginal-e1480619608535.jpg\",\"contentUrl\":\"https:\\\/\\\/centrourbano.com\\\/revista\\\/wp-content\\\/uploads\\\/https-2F2Fcdn.evbuc_.com2Fimages2F260976362F1225922857352F12Foriginal-e1480619608535.jpg\",\"width\":512,\"height\":322,\"caption\":\"La cita es el pr\u00f3ximo lunes 5 de diciembre de 2016 a las 19:00 horas, en el Museo de Historia Mexicana\"},{\"@type\":\"BreadcrumbList\",\"@id\":\"https:\\\/\\\/centrourbano.com\\\/revista\\\/arquitectura-2\\\/44798-2\\\/#breadcrumb\",\"itemListElement\":[{\"@type\":\"ListItem\",\"position\":1,\"name\":\"Portada\",\"item\":\"https:\\\/\\\/centrourbano.com\\\/revista\\\/\"},{\"@type\":\"ListItem\",\"position\":2,\"name\":\"Impartir\u00e1n conferencia \u201cMacro y Micro arquitectura\u201d en Monterrey\"}]},{\"@type\":\"WebSite\",\"@id\":\"https:\\\/\\\/centrourbano.com\\\/revista\\\/#website\",\"url\":\"https:\\\/\\\/centrourbano.com\\\/revista\\\/\",\"name\":\"Centro Urbano\",\"description\":\"Medio especializado en los sectores vivienda, inmobiliario, construcci\u00f3n, arquitectura y urbanismo.\",\"publisher\":{\"@id\":\"https:\\\/\\\/centrourbano.com\\\/revista\\\/#organization\"},\"potentialAction\":[{\"@type\":\"SearchAction\",\"target\":{\"@type\":\"EntryPoint\",\"urlTemplate\":\"https:\\\/\\\/centrourbano.com\\\/revista\\\/?s={search_term_string}\"},\"query-input\":{\"@type\":\"PropertyValueSpecification\",\"valueRequired\":true,\"valueName\":\"search_term_string\"}}],\"inLanguage\":\"es\"},{\"@type\":\"Organization\",\"@id\":\"https:\\\/\\\/centrourbano.com\\\/revista\\\/#organization\",\"name\":\"Centro Urbano\",\"url\":\"https:\\\/\\\/centrourbano.com\\\/revista\\\/\",\"logo\":{\"@type\":\"ImageObject\",\"inLanguage\":\"es\",\"@id\":\"https:\\\/\\\/centrourbano.com\\\/revista\\\/#\\\/schema\\\/logo\\\/image\\\/\",\"url\":\"https:\\\/\\\/centrourbano.com\\\/revista\\\/wp-content\\\/uploads\\\/web_CU_logo-1.png\",\"contentUrl\":\"https:\\\/\\\/centrourbano.com\\\/revista\\\/wp-content\\\/uploads\\\/web_CU_logo-1.png\",\"width\":350,\"height\":91,\"caption\":\"Centro Urbano\"},\"image\":{\"@id\":\"https:\\\/\\\/centrourbano.com\\\/revista\\\/#\\\/schema\\\/logo\\\/image\\\/\"},\"sameAs\":[\"https:\\\/\\\/www.facebook.com\\\/portalcentrourbano\",\"https:\\\/\\\/x.com\\\/CentroUrbano\",\"https:\\\/\\\/www.instagram.com\\\/centro_urbano\\\/\",\"https:\\\/\\\/www.linkedin.com\\\/company\\\/centro-urbano\\\/\",\"http:\\\/\\\/www.youtube.com\\\/user\\\/portalcentrourbano\"]},{\"@type\":\"Person\",\"@id\":\"https:\\\/\\\/centrourbano.com\\\/revista\\\/#\\\/schema\\\/person\\\/b45db815d96831257ba428a3d5a5fbdc\",\"name\":\"Dinorah Nava\",\"image\":{\"@type\":\"ImageObject\",\"inLanguage\":\"es\",\"@id\":\"https:\\\/\\\/secure.gravatar.com\\\/avatar\\\/f6ca6430c51d147f363940f84e1225aa4b8183885c11802cc3b042305a4ecc1a?s=96&d=mm&r=g\",\"url\":\"https:\\\/\\\/secure.gravatar.com\\\/avatar\\\/f6ca6430c51d147f363940f84e1225aa4b8183885c11802cc3b042305a4ecc1a?s=96&d=mm&r=g\",\"contentUrl\":\"https:\\\/\\\/secure.gravatar.com\\\/avatar\\\/f6ca6430c51d147f363940f84e1225aa4b8183885c11802cc3b042305a4ecc1a?s=96&d=mm&r=g\",\"caption\":\"Dinorah Nava\"},\"description\":\"Editora de Contenidos y Estrategias Digitales en Centro Urbano y Coeditora en Peri\u00f3dico Mi Casa. Egresada de la licenciatura en Comunicaci\u00f3n y Periodismo de la Facultad de Estudios Superiores Arag\u00f3n (UNAM). Amante de la edici\u00f3n y correcci\u00f3n de estilo, las redes sociales y el mundo digital. Especialista en temas son arquitectura, inmobiliario y urbanismo.\",\"sameAs\":[\"linkedin.com\\\/in\\\/dinorah-nava\",\"https:\\\/\\\/x.com\\\/https:\\\/\\\/twitter.com\\\/Dinorah_Nava28\"],\"url\":\"https:\\\/\\\/centrourbano.com\\\/revista\\\/author\\\/dinorah-nava\\\/\"}]}<\/script>\n<!-- \/ Yoast SEO plugin. -->","yoast_head_json":{"title":"Impartir\u00e1n conferencia \u201cMacro y Micro arquitectura\u201d en Monterrey","description":"La cita es el pr\u00f3ximo lunes 5 de diciembre de 2016 a las 19:00 horas, en el Museo de Historia Mexicana","robots":{"index":"index","follow":"follow","max-snippet":"max-snippet:-1","max-image-preview":"max-image-preview:large","max-video-preview":"max-video-preview:-1"},"canonical":"https:\/\/centrourbano.com\/revista\/arquitectura-2\/44798-2\/","og_locale":"es_ES","og_type":"article","og_title":"Impartir\u00e1n conferencia \u201cMacro y Micro arquitectura\u201d en Monterrey","og_description":"La cita es el pr\u00f3ximo lunes 5 de diciembre de 2016 a las 19:00 horas, en el Museo de Historia Mexicana","og_url":"https:\/\/centrourbano.com\/revista\/arquitectura-2\/44798-2\/","og_site_name":"Centro Urbano","article_publisher":"https:\/\/www.facebook.com\/portalcentrourbano","article_published_time":"2016-12-01T19:14:16+00:00","og_image":[{"width":512,"height":322,"url":"https:\/\/centrourbano.com\/revista\/wp-content\/uploads\/https-2F2Fcdn.evbuc_.com2Fimages2F260976362F1225922857352F12Foriginal-e1480619608535.jpg","type":"image\/jpeg"}],"author":"Dinorah Nava","twitter_card":"summary_large_image","twitter_creator":"@https:\/\/twitter.com\/Dinorah_Nava28","twitter_site":"@CentroUrbano","twitter_misc":{"Escrito por":"Dinorah Nava","Tiempo de lectura":"1 minuto"},"schema":{"@context":"https:\/\/schema.org","@graph":[{"@type":"Article","@id":"https:\/\/centrourbano.com\/revista\/arquitectura-2\/44798-2\/#article","isPartOf":{"@id":"https:\/\/centrourbano.com\/revista\/arquitectura-2\/44798-2\/"},"author":{"name":"Dinorah Nava","@id":"https:\/\/centrourbano.com\/revista\/#\/schema\/person\/b45db815d96831257ba428a3d5a5fbdc"},"headline":"Impartir\u00e1n conferencia \u201cMacro y Micro arquitectura\u201d en Monterrey","datePublished":"2016-12-01T19:14:16+00:00","mainEntityOfPage":{"@id":"https:\/\/centrourbano.com\/revista\/arquitectura-2\/44798-2\/"},"wordCount":267,"commentCount":0,"publisher":{"@id":"https:\/\/centrourbano.com\/revista\/#organization"},"image":{"@id":"https:\/\/centrourbano.com\/revista\/arquitectura-2\/44798-2\/#primaryimage"},"thumbnailUrl":"https:\/\/centrourbano.com\/revista\/wp-content\/uploads\/https-2F2Fcdn.evbuc_.com2Fimages2F260976362F1225922857352F12Foriginal-e1480619608535.jpg","keywords":["Academia Nacional de Arquitectura","arquitectura","Luis Fern\u00e1ndez de Ortega","Monterrey"],"articleSection":["Arquitectura"],"inLanguage":"es","potentialAction":[{"@type":"CommentAction","name":"Comment","target":["https:\/\/centrourbano.com\/revista\/arquitectura-2\/44798-2\/#respond"]}]},{"@type":"WebPage","@id":"https:\/\/centrourbano.com\/revista\/arquitectura-2\/44798-2\/","url":"https:\/\/centrourbano.com\/revista\/arquitectura-2\/44798-2\/","name":"Impartir\u00e1n conferencia \u201cMacro y Micro arquitectura\u201d en Monterrey","isPartOf":{"@id":"https:\/\/centrourbano.com\/revista\/#website"},"primaryImageOfPage":{"@id":"https:\/\/centrourbano.com\/revista\/arquitectura-2\/44798-2\/#primaryimage"},"image":{"@id":"https:\/\/centrourbano.com\/revista\/arquitectura-2\/44798-2\/#primaryimage"},"thumbnailUrl":"https:\/\/centrourbano.com\/revista\/wp-content\/uploads\/https-2F2Fcdn.evbuc_.com2Fimages2F260976362F1225922857352F12Foriginal-e1480619608535.jpg","datePublished":"2016-12-01T19:14:16+00:00","description":"La cita es el pr\u00f3ximo lunes 5 de diciembre de 2016 a las 19:00 horas, en el Museo de Historia Mexicana","breadcrumb":{"@id":"https:\/\/centrourbano.com\/revista\/arquitectura-2\/44798-2\/#breadcrumb"},"inLanguage":"es","potentialAction":[{"@type":"ReadAction","target":["https:\/\/centrourbano.com\/revista\/arquitectura-2\/44798-2\/"]}]},{"@type":"ImageObject","inLanguage":"es","@id":"https:\/\/centrourbano.com\/revista\/arquitectura-2\/44798-2\/#primaryimage","url":"https:\/\/centrourbano.com\/revista\/wp-content\/uploads\/https-2F2Fcdn.evbuc_.com2Fimages2F260976362F1225922857352F12Foriginal-e1480619608535.jpg","contentUrl":"https:\/\/centrourbano.com\/revista\/wp-content\/uploads\/https-2F2Fcdn.evbuc_.com2Fimages2F260976362F1225922857352F12Foriginal-e1480619608535.jpg","width":512,"height":322,"caption":"La cita es el pr\u00f3ximo lunes 5 de diciembre de 2016 a las 19:00 horas, en el Museo de Historia Mexicana"},{"@type":"BreadcrumbList","@id":"https:\/\/centrourbano.com\/revista\/arquitectura-2\/44798-2\/#breadcrumb","itemListElement":[{"@type":"ListItem","position":1,"name":"Portada","item":"https:\/\/centrourbano.com\/revista\/"},{"@type":"ListItem","position":2,"name":"Impartir\u00e1n conferencia \u201cMacro y Micro arquitectura\u201d en Monterrey"}]},{"@type":"WebSite","@id":"https:\/\/centrourbano.com\/revista\/#website","url":"https:\/\/centrourbano.com\/revista\/","name":"Centro Urbano","description":"Medio especializado en los sectores vivienda, inmobiliario, construcci\u00f3n, arquitectura y urbanismo.","publisher":{"@id":"https:\/\/centrourbano.com\/revista\/#organization"},"potentialAction":[{"@type":"SearchAction","target":{"@type":"EntryPoint","urlTemplate":"https:\/\/centrourbano.com\/revista\/?s={search_term_string}"},"query-input":{"@type":"PropertyValueSpecification","valueRequired":true,"valueName":"search_term_string"}}],"inLanguage":"es"},{"@type":"Organization","@id":"https:\/\/centrourbano.com\/revista\/#organization","name":"Centro Urbano","url":"https:\/\/centrourbano.com\/revista\/","logo":{"@type":"ImageObject","inLanguage":"es","@id":"https:\/\/centrourbano.com\/revista\/#\/schema\/logo\/image\/","url":"https:\/\/centrourbano.com\/revista\/wp-content\/uploads\/web_CU_logo-1.png","contentUrl":"https:\/\/centrourbano.com\/revista\/wp-content\/uploads\/web_CU_logo-1.png","width":350,"height":91,"caption":"Centro Urbano"},"image":{"@id":"https:\/\/centrourbano.com\/revista\/#\/schema\/logo\/image\/"},"sameAs":["https:\/\/www.facebook.com\/portalcentrourbano","https:\/\/x.com\/CentroUrbano","https:\/\/www.instagram.com\/centro_urbano\/","https:\/\/www.linkedin.com\/company\/centro-urbano\/","http:\/\/www.youtube.com\/user\/portalcentrourbano"]},{"@type":"Person","@id":"https:\/\/centrourbano.com\/revista\/#\/schema\/person\/b45db815d96831257ba428a3d5a5fbdc","name":"Dinorah Nava","image":{"@type":"ImageObject","inLanguage":"es","@id":"https:\/\/secure.gravatar.com\/avatar\/f6ca6430c51d147f363940f84e1225aa4b8183885c11802cc3b042305a4ecc1a?s=96&d=mm&r=g","url":"https:\/\/secure.gravatar.com\/avatar\/f6ca6430c51d147f363940f84e1225aa4b8183885c11802cc3b042305a4ecc1a?s=96&d=mm&r=g","contentUrl":"https:\/\/secure.gravatar.com\/avatar\/f6ca6430c51d147f363940f84e1225aa4b8183885c11802cc3b042305a4ecc1a?s=96&d=mm&r=g","caption":"Dinorah Nava"},"description":"Editora de Contenidos y Estrategias Digitales en Centro Urbano y Coeditora en Peri\u00f3dico Mi Casa. Egresada de la licenciatura en Comunicaci\u00f3n y Periodismo de la Facultad de Estudios Superiores Arag\u00f3n (UNAM). Amante de la edici\u00f3n y correcci\u00f3n de estilo, las redes sociales y el mundo digital. Especialista en temas son arquitectura, inmobiliario y urbanismo.","sameAs":["linkedin.com\/in\/dinorah-nava","https:\/\/x.com\/https:\/\/twitter.com\/Dinorah_Nava28"],"url":"https:\/\/centrourbano.com\/revista\/author\/dinorah-nava\/"}]}},"_links":{"self":[{"href":"https:\/\/centrourbano.com\/revista\/wp-json\/wp\/v2\/posts\/44798","targetHints":{"allow":["GET"]}}],"collection":[{"href":"https:\/\/centrourbano.com\/revista\/wp-json\/wp\/v2\/posts"}],"about":[{"href":"https:\/\/centrourbano.com\/revista\/wp-json\/wp\/v2\/types\/post"}],"author":[{"embeddable":true,"href":"https:\/\/centrourbano.com\/revista\/wp-json\/wp\/v2\/users\/9"}],"replies":[{"embeddable":true,"href":"https:\/\/centrourbano.com\/revista\/wp-json\/wp\/v2\/comments?post=44798"}],"version-history":[{"count":0,"href":"https:\/\/centrourbano.com\/revista\/wp-json\/wp\/v2\/posts\/44798\/revisions"}],"wp:featuredmedia":[{"embeddable":true,"href":"https:\/\/centrourbano.com\/revista\/wp-json\/wp\/v2\/media\/44799"}],"wp:attachment":[{"href":"https:\/\/centrourbano.com\/revista\/wp-json\/wp\/v2\/media?parent=44798"}],"wp:term":[{"taxonomy":"category","embeddable":true,"href":"https:\/\/centrourbano.com\/revista\/wp-json\/wp\/v2\/categories?post=44798"},{"taxonomy":"post_tag","embeddable":true,"href":"https:\/\/centrourbano.com\/revista\/wp-json\/wp\/v2\/tags?post=44798"}],"curies":[{"name":"wp","href":"https:\/\/api.w.org\/{rel}","templated":true}]}}