{"id":4462,"date":"2014-03-18T15:42:51","date_gmt":"2014-03-18T21:42:51","guid":{"rendered":"http:\/\/centrourbano.com\/?p=4462"},"modified":"2014-03-20T18:47:02","modified_gmt":"2014-03-21T00:47:02","slug":"hoy-vivienda-en-verde-con-fernando-abusaid","status":"publish","type":"post","link":"https:\/\/centrourbano.com\/revista\/actualidad\/hoy-vivienda-en-verde-con-fernando-abusaid\/","title":{"rendered":"Hoy Vivienda en Verde con Fernando Abusaid"},"content":{"rendered":"<p><i>Durante la Reuni\u00f3n Nacional de Vivienda, el presidente de la Canadevi Nacional nos habla acerca de los objetivos y el rumbo que est\u00e1 tomando este sector<!--more--><\/i><\/p>\n<p>Acompa\u00f1ando al arquitecto Horacio Urbano en una emisi\u00f3n m\u00e1s de Vivienda en Verde, el presidente de la C\u00e1mara Nacional de la\u00a0Industria de Desarrollo y Promoci\u00f3n de Vivienda\u00a0 (CANADEVI), Fernando Abusaid Quinard, nos habla de la vivienda y el rumbo que est\u00e1 tomando esta industria como un generador econ\u00f3mico en el pa\u00eds, la cual, dijo, atiende a 37 de las 42 ramas de la econom\u00eda nacional.<\/p>\n<p>Una de las metas, se\u00f1al\u00f3, es hacer familias con ciudades m\u00e1s competitivas, con ciudades m\u00e1s amenas y que sea m\u00e1s ameno el tema de la casa para que el derechohabiente tenga toda la satisfacci\u00f3n de estar viviendo en una casa c\u00f3moda, que est\u00e9 contento, cerca de centros de trabajo y de centros de escuela.<\/p>\n<p>Adem\u00e1s, explic\u00f3 lo que se est\u00e1 haciendo en cuanto a la sustentabilidad en la vivienda, con el ahorro de agua, ahorro de gas, por lo que ya tiene un rumbo muy claro con respecto a la ecolog\u00eda, la sustentabilidad urbana y la sustentabilidad habitacional.<\/p>\n<p>En tanto, el presidente de la Canadevi se\u00f1al\u00f3 los logros obtenidos durante 2013 as\u00ed como las metas fijadas para este 2014.<\/p>\n<p>Fernando Abusaid realiz\u00f3 sus estudios en Ciencias de la Comunicaci\u00f3n Social en la Universidad An\u00e1huac en la ciudad de M\u00e9xico. Actualmente es Presidente Nacional de la CANADEVI, donde trabaja con su Consejo Directivo para brindar a m\u00e1s mexicanos un patrimonio a trav\u00e9s de la vivienda de calidad y sustentable. Asimismo, forma parte de la Comisi\u00f3n Mixta de Desarrolladores, as\u00ed como el H. Consejo de Administraci\u00f3n del INFONAVIT.<\/p>\n<p>La C\u00e1mara Nacional de la Industria de Desarrollo y Promoci\u00f3n de Vivienda, CANADEVI, es el organismo que representa a m\u00e1s del\u00a080 por ciento\u00a0de empresas y empresarios dedicados a la promoci\u00f3n de vivienda en M\u00e9xico, a trav\u00e9s de\u00a034 delegaciones en todo el pa\u00eds, y es la \u00fanica c\u00e1mara en M\u00e9xico especializada, exclusivamente, en el rubro de la vivienda.<\/p>\n<p>No te pierdas este martes 18 de marzo Green TV en punto de las 23:30 horas, para la emisi\u00f3n de Vivienda en Verde conducido por el arquitecto Horacio Urbano, por los canales 410 de Cable y 392 de Total Play; as\u00ed como por el sitio de internet www.greentv.com.mx<\/p>\n","protected":false},"excerpt":{"rendered":"<p>Durante la Reuni\u00f3n Nacional de Vivienda, el presidente de la Canadevi Nacional nos habla acerca de los objetivos y el rumbo que est\u00e1 tomando este sector<\/p>\n","protected":false},"author":14,"featured_media":0,"comment_status":"open","ping_status":"closed","sticky":false,"template":"","format":"standard","meta":{"om_disable_all_campaigns":false,"inline_featured_image":false,"_monsterinsights_skip_tracking":false,"_monsterinsights_sitenote_active":false,"_monsterinsights_sitenote_note":"","_monsterinsights_sitenote_category":0,"footnotes":""},"categories":[80],"tags":[150],"class_list":["post-4462","post","type-post","status-publish","format-standard","hentry","category-actualidad","tag-vivienda-en-verde-2"],"yoast_head":"<!-- This site is optimized with the Yoast SEO plugin v27.4 - https:\/\/yoast.com\/product\/yoast-seo-wordpress\/ -->\n<title>Hoy Vivienda en Verde con Fernando Abusaid -<\/title>\n<meta name=\"description\" content=\"Durante la Reuni\u00f3n Nacional de Vivienda, el presidente de la Canadevi Nacional nos habla acerca de los objetivos y el rumbo que est\u00e1 tomando este sector\" \/>\n<meta name=\"robots\" content=\"index, follow, max-snippet:-1, max-image-preview:large, max-video-preview:-1\" \/>\n<link rel=\"canonical\" href=\"https:\/\/centrourbano.com\/revista\/actualidad\/hoy-vivienda-en-verde-con-fernando-abusaid\/\" \/>\n<meta property=\"og:locale\" content=\"es_ES\" \/>\n<meta property=\"og:type\" content=\"article\" \/>\n<meta property=\"og:title\" content=\"Hoy Vivienda en Verde con Fernando Abusaid -\" \/>\n<meta property=\"og:description\" content=\"Durante la Reuni\u00f3n Nacional de Vivienda, el presidente de la Canadevi Nacional nos habla acerca de los objetivos y el rumbo que est\u00e1 tomando este sector\" \/>\n<meta property=\"og:url\" content=\"https:\/\/centrourbano.com\/revista\/actualidad\/hoy-vivienda-en-verde-con-fernando-abusaid\/\" \/>\n<meta property=\"og:site_name\" content=\"Centro Urbano\" \/>\n<meta property=\"article:publisher\" content=\"https:\/\/www.facebook.com\/portalcentrourbano\" \/>\n<meta property=\"article:published_time\" content=\"2014-03-18T21:42:51+00:00\" \/>\n<meta property=\"article:modified_time\" content=\"2014-03-21T00:47:02+00:00\" \/>\n<meta property=\"og:image\" content=\"https:\/\/centrourbano.com\/revista\/wp-content\/uploads\/CU-logo.png\" \/>\n\t<meta property=\"og:image:width\" content=\"350\" \/>\n\t<meta property=\"og:image:height\" content=\"91\" \/>\n\t<meta property=\"og:image:type\" content=\"image\/png\" \/>\n<meta name=\"author\" content=\"Redacci\u00f3n Centro Urbano\" \/>\n<meta name=\"twitter:card\" content=\"summary_large_image\" \/>\n<meta name=\"twitter:creator\" content=\"@CentroUrbano\" \/>\n<meta name=\"twitter:site\" content=\"@CentroUrbano\" \/>\n<meta name=\"twitter:label1\" content=\"Escrito por\" \/>\n\t<meta name=\"twitter:data1\" content=\"Redacci\u00f3n Centro Urbano\" \/>\n\t<meta name=\"twitter:label2\" content=\"Tiempo de lectura\" \/>\n\t<meta name=\"twitter:data2\" content=\"2 minutos\" \/>\n<script type=\"application\/ld+json\" class=\"yoast-schema-graph\">{\"@context\":\"https:\\\/\\\/schema.org\",\"@graph\":[{\"@type\":\"Article\",\"@id\":\"https:\\\/\\\/centrourbano.com\\\/revista\\\/actualidad\\\/hoy-vivienda-en-verde-con-fernando-abusaid\\\/#article\",\"isPartOf\":{\"@id\":\"https:\\\/\\\/centrourbano.com\\\/revista\\\/actualidad\\\/hoy-vivienda-en-verde-con-fernando-abusaid\\\/\"},\"author\":{\"name\":\"Redacci\u00f3n Centro Urbano\",\"@id\":\"https:\\\/\\\/centrourbano.com\\\/revista\\\/#\\\/schema\\\/person\\\/680e7c50f9d6e917e416c9efdc26f996\"},\"headline\":\"Hoy Vivienda en Verde con Fernando Abusaid\",\"datePublished\":\"2014-03-18T21:42:51+00:00\",\"dateModified\":\"2014-03-21T00:47:02+00:00\",\"mainEntityOfPage\":{\"@id\":\"https:\\\/\\\/centrourbano.com\\\/revista\\\/actualidad\\\/hoy-vivienda-en-verde-con-fernando-abusaid\\\/\"},\"wordCount\":421,\"commentCount\":0,\"publisher\":{\"@id\":\"https:\\\/\\\/centrourbano.com\\\/revista\\\/#organization\"},\"keywords\":[\"Vivienda en Verde\"],\"articleSection\":[\"Actualidad\"],\"inLanguage\":\"es\",\"potentialAction\":[{\"@type\":\"CommentAction\",\"name\":\"Comment\",\"target\":[\"https:\\\/\\\/centrourbano.com\\\/revista\\\/actualidad\\\/hoy-vivienda-en-verde-con-fernando-abusaid\\\/#respond\"]}]},{\"@type\":\"WebPage\",\"@id\":\"https:\\\/\\\/centrourbano.com\\\/revista\\\/actualidad\\\/hoy-vivienda-en-verde-con-fernando-abusaid\\\/\",\"url\":\"https:\\\/\\\/centrourbano.com\\\/revista\\\/actualidad\\\/hoy-vivienda-en-verde-con-fernando-abusaid\\\/\",\"name\":\"Hoy Vivienda en Verde con Fernando Abusaid -\",\"isPartOf\":{\"@id\":\"https:\\\/\\\/centrourbano.com\\\/revista\\\/#website\"},\"datePublished\":\"2014-03-18T21:42:51+00:00\",\"dateModified\":\"2014-03-21T00:47:02+00:00\",\"description\":\"Durante la Reuni\u00f3n Nacional de Vivienda, el presidente de la Canadevi Nacional nos habla acerca de los objetivos y el rumbo que est\u00e1 tomando este sector\",\"breadcrumb\":{\"@id\":\"https:\\\/\\\/centrourbano.com\\\/revista\\\/actualidad\\\/hoy-vivienda-en-verde-con-fernando-abusaid\\\/#breadcrumb\"},\"inLanguage\":\"es\",\"potentialAction\":[{\"@type\":\"ReadAction\",\"target\":[\"https:\\\/\\\/centrourbano.com\\\/revista\\\/actualidad\\\/hoy-vivienda-en-verde-con-fernando-abusaid\\\/\"]}]},{\"@type\":\"BreadcrumbList\",\"@id\":\"https:\\\/\\\/centrourbano.com\\\/revista\\\/actualidad\\\/hoy-vivienda-en-verde-con-fernando-abusaid\\\/#breadcrumb\",\"itemListElement\":[{\"@type\":\"ListItem\",\"position\":1,\"name\":\"Portada\",\"item\":\"https:\\\/\\\/centrourbano.com\\\/revista\\\/\"},{\"@type\":\"ListItem\",\"position\":2,\"name\":\"Hoy Vivienda en Verde con Fernando Abusaid\"}]},{\"@type\":\"WebSite\",\"@id\":\"https:\\\/\\\/centrourbano.com\\\/revista\\\/#website\",\"url\":\"https:\\\/\\\/centrourbano.com\\\/revista\\\/\",\"name\":\"Centro Urbano\",\"description\":\"Medio especializado en los sectores vivienda, inmobiliario, construcci\u00f3n, arquitectura y urbanismo.\",\"publisher\":{\"@id\":\"https:\\\/\\\/centrourbano.com\\\/revista\\\/#organization\"},\"potentialAction\":[{\"@type\":\"SearchAction\",\"target\":{\"@type\":\"EntryPoint\",\"urlTemplate\":\"https:\\\/\\\/centrourbano.com\\\/revista\\\/?s={search_term_string}\"},\"query-input\":{\"@type\":\"PropertyValueSpecification\",\"valueRequired\":true,\"valueName\":\"search_term_string\"}}],\"inLanguage\":\"es\"},{\"@type\":\"Organization\",\"@id\":\"https:\\\/\\\/centrourbano.com\\\/revista\\\/#organization\",\"name\":\"Centro Urbano\",\"url\":\"https:\\\/\\\/centrourbano.com\\\/revista\\\/\",\"logo\":{\"@type\":\"ImageObject\",\"inLanguage\":\"es\",\"@id\":\"https:\\\/\\\/centrourbano.com\\\/revista\\\/#\\\/schema\\\/logo\\\/image\\\/\",\"url\":\"https:\\\/\\\/centrourbano.com\\\/revista\\\/wp-content\\\/uploads\\\/web_CU_logo-1.png\",\"contentUrl\":\"https:\\\/\\\/centrourbano.com\\\/revista\\\/wp-content\\\/uploads\\\/web_CU_logo-1.png\",\"width\":350,\"height\":91,\"caption\":\"Centro Urbano\"},\"image\":{\"@id\":\"https:\\\/\\\/centrourbano.com\\\/revista\\\/#\\\/schema\\\/logo\\\/image\\\/\"},\"sameAs\":[\"https:\\\/\\\/www.facebook.com\\\/portalcentrourbano\",\"https:\\\/\\\/x.com\\\/CentroUrbano\",\"https:\\\/\\\/www.instagram.com\\\/centro_urbano\\\/\",\"https:\\\/\\\/www.linkedin.com\\\/company\\\/centro-urbano\\\/\",\"http:\\\/\\\/www.youtube.com\\\/user\\\/portalcentrourbano\"]},{\"@type\":\"Person\",\"@id\":\"https:\\\/\\\/centrourbano.com\\\/revista\\\/#\\\/schema\\\/person\\\/680e7c50f9d6e917e416c9efdc26f996\",\"name\":\"Redacci\u00f3n Centro Urbano\",\"image\":{\"@type\":\"ImageObject\",\"inLanguage\":\"es\",\"@id\":\"https:\\\/\\\/secure.gravatar.com\\\/avatar\\\/15a789f894398c0f311f3a7a2ee28032bbc0483098539da66b6a045aa810bf35?s=96&d=mm&r=g\",\"url\":\"https:\\\/\\\/secure.gravatar.com\\\/avatar\\\/15a789f894398c0f311f3a7a2ee28032bbc0483098539da66b6a045aa810bf35?s=96&d=mm&r=g\",\"contentUrl\":\"https:\\\/\\\/secure.gravatar.com\\\/avatar\\\/15a789f894398c0f311f3a7a2ee28032bbc0483098539da66b6a045aa810bf35?s=96&d=mm&r=g\",\"caption\":\"Redacci\u00f3n Centro Urbano\"},\"url\":\"https:\\\/\\\/centrourbano.com\\\/revista\\\/author\\\/editorial\\\/\"}]}<\/script>\n<!-- \/ Yoast SEO plugin. -->","yoast_head_json":{"title":"Hoy Vivienda en Verde con Fernando Abusaid -","description":"Durante la Reuni\u00f3n Nacional de Vivienda, el presidente de la Canadevi Nacional nos habla acerca de los objetivos y el rumbo que est\u00e1 tomando este sector","robots":{"index":"index","follow":"follow","max-snippet":"max-snippet:-1","max-image-preview":"max-image-preview:large","max-video-preview":"max-video-preview:-1"},"canonical":"https:\/\/centrourbano.com\/revista\/actualidad\/hoy-vivienda-en-verde-con-fernando-abusaid\/","og_locale":"es_ES","og_type":"article","og_title":"Hoy Vivienda en Verde con Fernando Abusaid -","og_description":"Durante la Reuni\u00f3n Nacional de Vivienda, el presidente de la Canadevi Nacional nos habla acerca de los objetivos y el rumbo que est\u00e1 tomando este sector","og_url":"https:\/\/centrourbano.com\/revista\/actualidad\/hoy-vivienda-en-verde-con-fernando-abusaid\/","og_site_name":"Centro Urbano","article_publisher":"https:\/\/www.facebook.com\/portalcentrourbano","article_published_time":"2014-03-18T21:42:51+00:00","article_modified_time":"2014-03-21T00:47:02+00:00","og_image":[{"width":350,"height":91,"url":"https:\/\/centrourbano.com\/revista\/wp-content\/uploads\/CU-logo.png","type":"image\/png"}],"author":"Redacci\u00f3n Centro Urbano","twitter_card":"summary_large_image","twitter_creator":"@CentroUrbano","twitter_site":"@CentroUrbano","twitter_misc":{"Escrito por":"Redacci\u00f3n Centro Urbano","Tiempo de lectura":"2 minutos"},"schema":{"@context":"https:\/\/schema.org","@graph":[{"@type":"Article","@id":"https:\/\/centrourbano.com\/revista\/actualidad\/hoy-vivienda-en-verde-con-fernando-abusaid\/#article","isPartOf":{"@id":"https:\/\/centrourbano.com\/revista\/actualidad\/hoy-vivienda-en-verde-con-fernando-abusaid\/"},"author":{"name":"Redacci\u00f3n Centro Urbano","@id":"https:\/\/centrourbano.com\/revista\/#\/schema\/person\/680e7c50f9d6e917e416c9efdc26f996"},"headline":"Hoy Vivienda en Verde con Fernando Abusaid","datePublished":"2014-03-18T21:42:51+00:00","dateModified":"2014-03-21T00:47:02+00:00","mainEntityOfPage":{"@id":"https:\/\/centrourbano.com\/revista\/actualidad\/hoy-vivienda-en-verde-con-fernando-abusaid\/"},"wordCount":421,"commentCount":0,"publisher":{"@id":"https:\/\/centrourbano.com\/revista\/#organization"},"keywords":["Vivienda en Verde"],"articleSection":["Actualidad"],"inLanguage":"es","potentialAction":[{"@type":"CommentAction","name":"Comment","target":["https:\/\/centrourbano.com\/revista\/actualidad\/hoy-vivienda-en-verde-con-fernando-abusaid\/#respond"]}]},{"@type":"WebPage","@id":"https:\/\/centrourbano.com\/revista\/actualidad\/hoy-vivienda-en-verde-con-fernando-abusaid\/","url":"https:\/\/centrourbano.com\/revista\/actualidad\/hoy-vivienda-en-verde-con-fernando-abusaid\/","name":"Hoy Vivienda en Verde con Fernando Abusaid -","isPartOf":{"@id":"https:\/\/centrourbano.com\/revista\/#website"},"datePublished":"2014-03-18T21:42:51+00:00","dateModified":"2014-03-21T00:47:02+00:00","description":"Durante la Reuni\u00f3n Nacional de Vivienda, el presidente de la Canadevi Nacional nos habla acerca de los objetivos y el rumbo que est\u00e1 tomando este sector","breadcrumb":{"@id":"https:\/\/centrourbano.com\/revista\/actualidad\/hoy-vivienda-en-verde-con-fernando-abusaid\/#breadcrumb"},"inLanguage":"es","potentialAction":[{"@type":"ReadAction","target":["https:\/\/centrourbano.com\/revista\/actualidad\/hoy-vivienda-en-verde-con-fernando-abusaid\/"]}]},{"@type":"BreadcrumbList","@id":"https:\/\/centrourbano.com\/revista\/actualidad\/hoy-vivienda-en-verde-con-fernando-abusaid\/#breadcrumb","itemListElement":[{"@type":"ListItem","position":1,"name":"Portada","item":"https:\/\/centrourbano.com\/revista\/"},{"@type":"ListItem","position":2,"name":"Hoy Vivienda en Verde con Fernando Abusaid"}]},{"@type":"WebSite","@id":"https:\/\/centrourbano.com\/revista\/#website","url":"https:\/\/centrourbano.com\/revista\/","name":"Centro Urbano","description":"Medio especializado en los sectores vivienda, inmobiliario, construcci\u00f3n, arquitectura y urbanismo.","publisher":{"@id":"https:\/\/centrourbano.com\/revista\/#organization"},"potentialAction":[{"@type":"SearchAction","target":{"@type":"EntryPoint","urlTemplate":"https:\/\/centrourbano.com\/revista\/?s={search_term_string}"},"query-input":{"@type":"PropertyValueSpecification","valueRequired":true,"valueName":"search_term_string"}}],"inLanguage":"es"},{"@type":"Organization","@id":"https:\/\/centrourbano.com\/revista\/#organization","name":"Centro Urbano","url":"https:\/\/centrourbano.com\/revista\/","logo":{"@type":"ImageObject","inLanguage":"es","@id":"https:\/\/centrourbano.com\/revista\/#\/schema\/logo\/image\/","url":"https:\/\/centrourbano.com\/revista\/wp-content\/uploads\/web_CU_logo-1.png","contentUrl":"https:\/\/centrourbano.com\/revista\/wp-content\/uploads\/web_CU_logo-1.png","width":350,"height":91,"caption":"Centro Urbano"},"image":{"@id":"https:\/\/centrourbano.com\/revista\/#\/schema\/logo\/image\/"},"sameAs":["https:\/\/www.facebook.com\/portalcentrourbano","https:\/\/x.com\/CentroUrbano","https:\/\/www.instagram.com\/centro_urbano\/","https:\/\/www.linkedin.com\/company\/centro-urbano\/","http:\/\/www.youtube.com\/user\/portalcentrourbano"]},{"@type":"Person","@id":"https:\/\/centrourbano.com\/revista\/#\/schema\/person\/680e7c50f9d6e917e416c9efdc26f996","name":"Redacci\u00f3n Centro Urbano","image":{"@type":"ImageObject","inLanguage":"es","@id":"https:\/\/secure.gravatar.com\/avatar\/15a789f894398c0f311f3a7a2ee28032bbc0483098539da66b6a045aa810bf35?s=96&d=mm&r=g","url":"https:\/\/secure.gravatar.com\/avatar\/15a789f894398c0f311f3a7a2ee28032bbc0483098539da66b6a045aa810bf35?s=96&d=mm&r=g","contentUrl":"https:\/\/secure.gravatar.com\/avatar\/15a789f894398c0f311f3a7a2ee28032bbc0483098539da66b6a045aa810bf35?s=96&d=mm&r=g","caption":"Redacci\u00f3n Centro Urbano"},"url":"https:\/\/centrourbano.com\/revista\/author\/editorial\/"}]}},"_links":{"self":[{"href":"https:\/\/centrourbano.com\/revista\/wp-json\/wp\/v2\/posts\/4462","targetHints":{"allow":["GET"]}}],"collection":[{"href":"https:\/\/centrourbano.com\/revista\/wp-json\/wp\/v2\/posts"}],"about":[{"href":"https:\/\/centrourbano.com\/revista\/wp-json\/wp\/v2\/types\/post"}],"author":[{"embeddable":true,"href":"https:\/\/centrourbano.com\/revista\/wp-json\/wp\/v2\/users\/14"}],"replies":[{"embeddable":true,"href":"https:\/\/centrourbano.com\/revista\/wp-json\/wp\/v2\/comments?post=4462"}],"version-history":[{"count":0,"href":"https:\/\/centrourbano.com\/revista\/wp-json\/wp\/v2\/posts\/4462\/revisions"}],"wp:attachment":[{"href":"https:\/\/centrourbano.com\/revista\/wp-json\/wp\/v2\/media?parent=4462"}],"wp:term":[{"taxonomy":"category","embeddable":true,"href":"https:\/\/centrourbano.com\/revista\/wp-json\/wp\/v2\/categories?post=4462"},{"taxonomy":"post_tag","embeddable":true,"href":"https:\/\/centrourbano.com\/revista\/wp-json\/wp\/v2\/tags?post=4462"}],"curies":[{"name":"wp","href":"https:\/\/api.w.org\/{rel}","templated":true}]}}