{"id":4429,"date":"2014-03-14T14:14:09","date_gmt":"2014-03-14T20:14:09","guid":{"rendered":"http:\/\/centrourbano.com\/?p=4429"},"modified":"2014-03-19T23:40:31","modified_gmt":"2014-03-20T05:40:31","slug":"instalaran-planta-de-metalor-technologies-en-slp","status":"publish","type":"post","link":"https:\/\/centrourbano.com\/revista\/construccion\/instalaran-planta-de-metalor-technologies-en-slp\/","title":{"rendered":"Instalar\u00e1n planta de Metalor Technologies en SLP"},"content":{"rendered":"<p><i>La empresa de fabricaci\u00f3n de contactos el\u00e9ctricos l\u00edder en el mundo prev\u00e9 iniciar operaciones en el segundo semestre de 2014<\/i><\/p>\n<p><i><!--more--><\/i><\/p>\n<p>En San Luis Potos\u00ed ser\u00e1 asentada una nueva planta de producci\u00f3n de la empresa Metalor Technologies, l\u00edder en el mundo por la fabricaci\u00f3n de contactos el\u00e9ctricos con sede en Neuch\u00e2tel (Suiza).<\/p>\n<p>As\u00ed lo dio a conocer el gobernador del estado, Fernando Toranzo Fern\u00e1ndez, quien anunci\u00f3 que la planta prev\u00e9 iniciar operaciones en el segundo semestre de 2014 a fin de incrementar su capacidad actual.<\/p>\n<p>La inversi\u00f3n inicial en equipo e infraestructura ser\u00e1 de 4.5 millones de d\u00f3lares, y en ella se utilizar\u00e1n nuevas tecnolog\u00edas de galvanoplastia y se contar\u00e1n con nuevos equipos de soldado de metales cumpliendo con las normas ambientales y de seguridad de la regi\u00f3n.<\/p>\n<p>Al respecto, Hubert Angleys, director general de Grupo Metalor coment\u00f3 que la construcci\u00f3n de una nueva planta de la Unidad de negocios Electrot\u00e9cnica en M\u00e9xico llega en un momento en que la demanda de sus productos se ve incrementada, por lo que responde perfectamente a la estrategia de desarrollo en la regi\u00f3n de Norte Am\u00e9rica.<\/p>\n<p>La firma del acuerdo de colaboraci\u00f3n entre el Gobierno de San Luis Potos\u00ed y la compa\u00f1\u00eda Suiza, consistir\u00e1 en apoyo para las gestiones que faciliten el establecimiento de la nueva planta en tierras Potosinas, contribuyendo de esta manera a incrementar el n\u00famero de fuentes de trabajo en la regi\u00f3n.<\/p>\n<p>Metalor, l\u00edder mundial en la fabricaci\u00f3n de contactos, cuenta con plantas de ensamble en Suiza, EE.UU., Francia, China y M\u00e9xico; a trav\u00e9s de sus tres unidades de negocios (Refinaci\u00f3n, Revestimientos Avanzados y Electrot\u00e9cnica), Metalor atiende a clientes en todos los continentes en una diversidad de sectores industriales, desde fabricantes de relojes suizos hasta proveedores de equipos el\u00e9ctricos brasile\u00f1os.<\/p>\n","protected":false},"excerpt":{"rendered":"<p>La empresa de fabricaci\u00f3n de contactos el\u00e9ctricos l\u00edder en el mundo prev\u00e9 iniciar operaciones en el segundo semestre de 2014<\/p>\n","protected":false},"author":9,"featured_media":15911,"comment_status":"open","ping_status":"closed","sticky":false,"template":"","format":"standard","meta":{"om_disable_all_campaigns":false,"inline_featured_image":false,"_monsterinsights_skip_tracking":false,"_monsterinsights_sitenote_active":false,"_monsterinsights_sitenote_note":"","_monsterinsights_sitenote_category":0,"footnotes":""},"categories":[14],"tags":[1259,1012],"class_list":["post-4429","post","type-post","status-publish","format-standard","has-post-thumbnail","hentry","category-construccion","tag-metalor-technologies","tag-san-luis-potosi"],"yoast_head":"<!-- This site is optimized with the Yoast SEO plugin v27.4 - https:\/\/yoast.com\/product\/yoast-seo-wordpress\/ -->\n<title>Instalar\u00e1n planta de Metalor Technologies en SLP -<\/title>\n<meta name=\"description\" content=\"La empresa de fabricaci\u00f3n de contactos el\u00e9ctricos l\u00edder en el mundo prev\u00e9 iniciar operaciones en el segundo semestre de 2014 En San Luis Potos\u00ed ser\u00e1\" \/>\n<meta name=\"robots\" content=\"index, follow, max-snippet:-1, max-image-preview:large, max-video-preview:-1\" \/>\n<link rel=\"canonical\" href=\"https:\/\/centrourbano.com\/revista\/construccion\/instalaran-planta-de-metalor-technologies-en-slp\/\" \/>\n<meta property=\"og:locale\" content=\"es_ES\" \/>\n<meta property=\"og:type\" content=\"article\" \/>\n<meta property=\"og:title\" content=\"Instalar\u00e1n planta de Metalor Technologies en SLP -\" \/>\n<meta property=\"og:description\" content=\"La empresa de fabricaci\u00f3n de contactos el\u00e9ctricos l\u00edder en el mundo prev\u00e9 iniciar operaciones en el segundo semestre de 2014 En San Luis Potos\u00ed ser\u00e1\" \/>\n<meta property=\"og:url\" content=\"https:\/\/centrourbano.com\/revista\/construccion\/instalaran-planta-de-metalor-technologies-en-slp\/\" \/>\n<meta property=\"og:site_name\" content=\"Centro Urbano\" \/>\n<meta property=\"article:publisher\" content=\"https:\/\/www.facebook.com\/portalcentrourbano\" \/>\n<meta property=\"article:published_time\" content=\"2014-03-14T20:14:09+00:00\" \/>\n<meta property=\"article:modified_time\" content=\"2014-03-20T05:40:31+00:00\" \/>\n<meta property=\"og:image\" content=\"https:\/\/centrourbano.com\/revista\/wp-content\/uploads\/metalor1.jpg\" \/>\n\t<meta property=\"og:image:width\" content=\"456\" \/>\n\t<meta property=\"og:image:height\" content=\"216\" \/>\n\t<meta property=\"og:image:type\" content=\"image\/jpeg\" \/>\n<meta name=\"author\" content=\"Dinorah Nava\" \/>\n<meta name=\"twitter:card\" content=\"summary_large_image\" \/>\n<meta name=\"twitter:creator\" content=\"@https:\/\/twitter.com\/Dinorah_Nava28\" \/>\n<meta name=\"twitter:site\" content=\"@CentroUrbano\" \/>\n<meta name=\"twitter:label1\" content=\"Escrito por\" \/>\n\t<meta name=\"twitter:data1\" content=\"Dinorah Nava\" \/>\n\t<meta name=\"twitter:label2\" content=\"Tiempo de lectura\" \/>\n\t<meta name=\"twitter:data2\" content=\"2 minutos\" \/>\n<script type=\"application\/ld+json\" class=\"yoast-schema-graph\">{\"@context\":\"https:\\\/\\\/schema.org\",\"@graph\":[{\"@type\":\"Article\",\"@id\":\"https:\\\/\\\/centrourbano.com\\\/revista\\\/construccion\\\/instalaran-planta-de-metalor-technologies-en-slp\\\/#article\",\"isPartOf\":{\"@id\":\"https:\\\/\\\/centrourbano.com\\\/revista\\\/construccion\\\/instalaran-planta-de-metalor-technologies-en-slp\\\/\"},\"author\":{\"name\":\"Dinorah Nava\",\"@id\":\"https:\\\/\\\/centrourbano.com\\\/revista\\\/#\\\/schema\\\/person\\\/b45db815d96831257ba428a3d5a5fbdc\"},\"headline\":\"Instalar\u00e1n planta de Metalor Technologies en SLP\",\"datePublished\":\"2014-03-14T20:14:09+00:00\",\"dateModified\":\"2014-03-20T05:40:31+00:00\",\"mainEntityOfPage\":{\"@id\":\"https:\\\/\\\/centrourbano.com\\\/revista\\\/construccion\\\/instalaran-planta-de-metalor-technologies-en-slp\\\/\"},\"wordCount\":327,\"commentCount\":0,\"publisher\":{\"@id\":\"https:\\\/\\\/centrourbano.com\\\/revista\\\/#organization\"},\"image\":{\"@id\":\"https:\\\/\\\/centrourbano.com\\\/revista\\\/construccion\\\/instalaran-planta-de-metalor-technologies-en-slp\\\/#primaryimage\"},\"thumbnailUrl\":\"https:\\\/\\\/centrourbano.com\\\/revista\\\/wp-content\\\/uploads\\\/metalor1.jpg\",\"keywords\":[\"Metalor Technologies\",\"San Luis Potos\u00ed\"],\"articleSection\":[\"Construcci\u00f3n\"],\"inLanguage\":\"es\",\"potentialAction\":[{\"@type\":\"CommentAction\",\"name\":\"Comment\",\"target\":[\"https:\\\/\\\/centrourbano.com\\\/revista\\\/construccion\\\/instalaran-planta-de-metalor-technologies-en-slp\\\/#respond\"]}]},{\"@type\":\"WebPage\",\"@id\":\"https:\\\/\\\/centrourbano.com\\\/revista\\\/construccion\\\/instalaran-planta-de-metalor-technologies-en-slp\\\/\",\"url\":\"https:\\\/\\\/centrourbano.com\\\/revista\\\/construccion\\\/instalaran-planta-de-metalor-technologies-en-slp\\\/\",\"name\":\"Instalar\u00e1n planta de Metalor Technologies en SLP -\",\"isPartOf\":{\"@id\":\"https:\\\/\\\/centrourbano.com\\\/revista\\\/#website\"},\"primaryImageOfPage\":{\"@id\":\"https:\\\/\\\/centrourbano.com\\\/revista\\\/construccion\\\/instalaran-planta-de-metalor-technologies-en-slp\\\/#primaryimage\"},\"image\":{\"@id\":\"https:\\\/\\\/centrourbano.com\\\/revista\\\/construccion\\\/instalaran-planta-de-metalor-technologies-en-slp\\\/#primaryimage\"},\"thumbnailUrl\":\"https:\\\/\\\/centrourbano.com\\\/revista\\\/wp-content\\\/uploads\\\/metalor1.jpg\",\"datePublished\":\"2014-03-14T20:14:09+00:00\",\"dateModified\":\"2014-03-20T05:40:31+00:00\",\"description\":\"La empresa de fabricaci\u00f3n de contactos el\u00e9ctricos l\u00edder en el mundo prev\u00e9 iniciar operaciones en el segundo semestre de 2014 En San Luis Potos\u00ed ser\u00e1\",\"breadcrumb\":{\"@id\":\"https:\\\/\\\/centrourbano.com\\\/revista\\\/construccion\\\/instalaran-planta-de-metalor-technologies-en-slp\\\/#breadcrumb\"},\"inLanguage\":\"es\",\"potentialAction\":[{\"@type\":\"ReadAction\",\"target\":[\"https:\\\/\\\/centrourbano.com\\\/revista\\\/construccion\\\/instalaran-planta-de-metalor-technologies-en-slp\\\/\"]}]},{\"@type\":\"ImageObject\",\"inLanguage\":\"es\",\"@id\":\"https:\\\/\\\/centrourbano.com\\\/revista\\\/construccion\\\/instalaran-planta-de-metalor-technologies-en-slp\\\/#primaryimage\",\"url\":\"https:\\\/\\\/centrourbano.com\\\/revista\\\/wp-content\\\/uploads\\\/metalor1.jpg\",\"contentUrl\":\"https:\\\/\\\/centrourbano.com\\\/revista\\\/wp-content\\\/uploads\\\/metalor1.jpg\",\"width\":456,\"height\":216},{\"@type\":\"BreadcrumbList\",\"@id\":\"https:\\\/\\\/centrourbano.com\\\/revista\\\/construccion\\\/instalaran-planta-de-metalor-technologies-en-slp\\\/#breadcrumb\",\"itemListElement\":[{\"@type\":\"ListItem\",\"position\":1,\"name\":\"Portada\",\"item\":\"https:\\\/\\\/centrourbano.com\\\/revista\\\/\"},{\"@type\":\"ListItem\",\"position\":2,\"name\":\"Instalar\u00e1n planta de Metalor Technologies en SLP\"}]},{\"@type\":\"WebSite\",\"@id\":\"https:\\\/\\\/centrourbano.com\\\/revista\\\/#website\",\"url\":\"https:\\\/\\\/centrourbano.com\\\/revista\\\/\",\"name\":\"Centro Urbano\",\"description\":\"Medio especializado en los sectores vivienda, inmobiliario, construcci\u00f3n, arquitectura y urbanismo.\",\"publisher\":{\"@id\":\"https:\\\/\\\/centrourbano.com\\\/revista\\\/#organization\"},\"potentialAction\":[{\"@type\":\"SearchAction\",\"target\":{\"@type\":\"EntryPoint\",\"urlTemplate\":\"https:\\\/\\\/centrourbano.com\\\/revista\\\/?s={search_term_string}\"},\"query-input\":{\"@type\":\"PropertyValueSpecification\",\"valueRequired\":true,\"valueName\":\"search_term_string\"}}],\"inLanguage\":\"es\"},{\"@type\":\"Organization\",\"@id\":\"https:\\\/\\\/centrourbano.com\\\/revista\\\/#organization\",\"name\":\"Centro Urbano\",\"url\":\"https:\\\/\\\/centrourbano.com\\\/revista\\\/\",\"logo\":{\"@type\":\"ImageObject\",\"inLanguage\":\"es\",\"@id\":\"https:\\\/\\\/centrourbano.com\\\/revista\\\/#\\\/schema\\\/logo\\\/image\\\/\",\"url\":\"https:\\\/\\\/centrourbano.com\\\/revista\\\/wp-content\\\/uploads\\\/web_CU_logo-1.png\",\"contentUrl\":\"https:\\\/\\\/centrourbano.com\\\/revista\\\/wp-content\\\/uploads\\\/web_CU_logo-1.png\",\"width\":350,\"height\":91,\"caption\":\"Centro Urbano\"},\"image\":{\"@id\":\"https:\\\/\\\/centrourbano.com\\\/revista\\\/#\\\/schema\\\/logo\\\/image\\\/\"},\"sameAs\":[\"https:\\\/\\\/www.facebook.com\\\/portalcentrourbano\",\"https:\\\/\\\/x.com\\\/CentroUrbano\",\"https:\\\/\\\/www.instagram.com\\\/centro_urbano\\\/\",\"https:\\\/\\\/www.linkedin.com\\\/company\\\/centro-urbano\\\/\",\"http:\\\/\\\/www.youtube.com\\\/user\\\/portalcentrourbano\"]},{\"@type\":\"Person\",\"@id\":\"https:\\\/\\\/centrourbano.com\\\/revista\\\/#\\\/schema\\\/person\\\/b45db815d96831257ba428a3d5a5fbdc\",\"name\":\"Dinorah Nava\",\"image\":{\"@type\":\"ImageObject\",\"inLanguage\":\"es\",\"@id\":\"https:\\\/\\\/secure.gravatar.com\\\/avatar\\\/f6ca6430c51d147f363940f84e1225aa4b8183885c11802cc3b042305a4ecc1a?s=96&d=mm&r=g\",\"url\":\"https:\\\/\\\/secure.gravatar.com\\\/avatar\\\/f6ca6430c51d147f363940f84e1225aa4b8183885c11802cc3b042305a4ecc1a?s=96&d=mm&r=g\",\"contentUrl\":\"https:\\\/\\\/secure.gravatar.com\\\/avatar\\\/f6ca6430c51d147f363940f84e1225aa4b8183885c11802cc3b042305a4ecc1a?s=96&d=mm&r=g\",\"caption\":\"Dinorah Nava\"},\"description\":\"Editora de Contenidos y Estrategias Digitales en Centro Urbano y Coeditora en Peri\u00f3dico Mi Casa. Egresada de la licenciatura en Comunicaci\u00f3n y Periodismo de la Facultad de Estudios Superiores Arag\u00f3n (UNAM). Amante de la edici\u00f3n y correcci\u00f3n de estilo, las redes sociales y el mundo digital. Especialista en temas son arquitectura, inmobiliario y urbanismo.\",\"sameAs\":[\"linkedin.com\\\/in\\\/dinorah-nava\",\"https:\\\/\\\/x.com\\\/https:\\\/\\\/twitter.com\\\/Dinorah_Nava28\"],\"url\":\"https:\\\/\\\/centrourbano.com\\\/revista\\\/author\\\/dinorah-nava\\\/\"}]}<\/script>\n<!-- \/ Yoast SEO plugin. -->","yoast_head_json":{"title":"Instalar\u00e1n planta de Metalor Technologies en SLP -","description":"La empresa de fabricaci\u00f3n de contactos el\u00e9ctricos l\u00edder en el mundo prev\u00e9 iniciar operaciones en el segundo semestre de 2014 En San Luis Potos\u00ed ser\u00e1","robots":{"index":"index","follow":"follow","max-snippet":"max-snippet:-1","max-image-preview":"max-image-preview:large","max-video-preview":"max-video-preview:-1"},"canonical":"https:\/\/centrourbano.com\/revista\/construccion\/instalaran-planta-de-metalor-technologies-en-slp\/","og_locale":"es_ES","og_type":"article","og_title":"Instalar\u00e1n planta de Metalor Technologies en SLP -","og_description":"La empresa de fabricaci\u00f3n de contactos el\u00e9ctricos l\u00edder en el mundo prev\u00e9 iniciar operaciones en el segundo semestre de 2014 En San Luis Potos\u00ed ser\u00e1","og_url":"https:\/\/centrourbano.com\/revista\/construccion\/instalaran-planta-de-metalor-technologies-en-slp\/","og_site_name":"Centro Urbano","article_publisher":"https:\/\/www.facebook.com\/portalcentrourbano","article_published_time":"2014-03-14T20:14:09+00:00","article_modified_time":"2014-03-20T05:40:31+00:00","og_image":[{"width":456,"height":216,"url":"https:\/\/centrourbano.com\/revista\/wp-content\/uploads\/metalor1.jpg","type":"image\/jpeg"}],"author":"Dinorah Nava","twitter_card":"summary_large_image","twitter_creator":"@https:\/\/twitter.com\/Dinorah_Nava28","twitter_site":"@CentroUrbano","twitter_misc":{"Escrito por":"Dinorah Nava","Tiempo de lectura":"2 minutos"},"schema":{"@context":"https:\/\/schema.org","@graph":[{"@type":"Article","@id":"https:\/\/centrourbano.com\/revista\/construccion\/instalaran-planta-de-metalor-technologies-en-slp\/#article","isPartOf":{"@id":"https:\/\/centrourbano.com\/revista\/construccion\/instalaran-planta-de-metalor-technologies-en-slp\/"},"author":{"name":"Dinorah Nava","@id":"https:\/\/centrourbano.com\/revista\/#\/schema\/person\/b45db815d96831257ba428a3d5a5fbdc"},"headline":"Instalar\u00e1n planta de Metalor Technologies en SLP","datePublished":"2014-03-14T20:14:09+00:00","dateModified":"2014-03-20T05:40:31+00:00","mainEntityOfPage":{"@id":"https:\/\/centrourbano.com\/revista\/construccion\/instalaran-planta-de-metalor-technologies-en-slp\/"},"wordCount":327,"commentCount":0,"publisher":{"@id":"https:\/\/centrourbano.com\/revista\/#organization"},"image":{"@id":"https:\/\/centrourbano.com\/revista\/construccion\/instalaran-planta-de-metalor-technologies-en-slp\/#primaryimage"},"thumbnailUrl":"https:\/\/centrourbano.com\/revista\/wp-content\/uploads\/metalor1.jpg","keywords":["Metalor Technologies","San Luis Potos\u00ed"],"articleSection":["Construcci\u00f3n"],"inLanguage":"es","potentialAction":[{"@type":"CommentAction","name":"Comment","target":["https:\/\/centrourbano.com\/revista\/construccion\/instalaran-planta-de-metalor-technologies-en-slp\/#respond"]}]},{"@type":"WebPage","@id":"https:\/\/centrourbano.com\/revista\/construccion\/instalaran-planta-de-metalor-technologies-en-slp\/","url":"https:\/\/centrourbano.com\/revista\/construccion\/instalaran-planta-de-metalor-technologies-en-slp\/","name":"Instalar\u00e1n planta de Metalor Technologies en SLP -","isPartOf":{"@id":"https:\/\/centrourbano.com\/revista\/#website"},"primaryImageOfPage":{"@id":"https:\/\/centrourbano.com\/revista\/construccion\/instalaran-planta-de-metalor-technologies-en-slp\/#primaryimage"},"image":{"@id":"https:\/\/centrourbano.com\/revista\/construccion\/instalaran-planta-de-metalor-technologies-en-slp\/#primaryimage"},"thumbnailUrl":"https:\/\/centrourbano.com\/revista\/wp-content\/uploads\/metalor1.jpg","datePublished":"2014-03-14T20:14:09+00:00","dateModified":"2014-03-20T05:40:31+00:00","description":"La empresa de fabricaci\u00f3n de contactos el\u00e9ctricos l\u00edder en el mundo prev\u00e9 iniciar operaciones en el segundo semestre de 2014 En San Luis Potos\u00ed ser\u00e1","breadcrumb":{"@id":"https:\/\/centrourbano.com\/revista\/construccion\/instalaran-planta-de-metalor-technologies-en-slp\/#breadcrumb"},"inLanguage":"es","potentialAction":[{"@type":"ReadAction","target":["https:\/\/centrourbano.com\/revista\/construccion\/instalaran-planta-de-metalor-technologies-en-slp\/"]}]},{"@type":"ImageObject","inLanguage":"es","@id":"https:\/\/centrourbano.com\/revista\/construccion\/instalaran-planta-de-metalor-technologies-en-slp\/#primaryimage","url":"https:\/\/centrourbano.com\/revista\/wp-content\/uploads\/metalor1.jpg","contentUrl":"https:\/\/centrourbano.com\/revista\/wp-content\/uploads\/metalor1.jpg","width":456,"height":216},{"@type":"BreadcrumbList","@id":"https:\/\/centrourbano.com\/revista\/construccion\/instalaran-planta-de-metalor-technologies-en-slp\/#breadcrumb","itemListElement":[{"@type":"ListItem","position":1,"name":"Portada","item":"https:\/\/centrourbano.com\/revista\/"},{"@type":"ListItem","position":2,"name":"Instalar\u00e1n planta de Metalor Technologies en SLP"}]},{"@type":"WebSite","@id":"https:\/\/centrourbano.com\/revista\/#website","url":"https:\/\/centrourbano.com\/revista\/","name":"Centro Urbano","description":"Medio especializado en los sectores vivienda, inmobiliario, construcci\u00f3n, arquitectura y urbanismo.","publisher":{"@id":"https:\/\/centrourbano.com\/revista\/#organization"},"potentialAction":[{"@type":"SearchAction","target":{"@type":"EntryPoint","urlTemplate":"https:\/\/centrourbano.com\/revista\/?s={search_term_string}"},"query-input":{"@type":"PropertyValueSpecification","valueRequired":true,"valueName":"search_term_string"}}],"inLanguage":"es"},{"@type":"Organization","@id":"https:\/\/centrourbano.com\/revista\/#organization","name":"Centro Urbano","url":"https:\/\/centrourbano.com\/revista\/","logo":{"@type":"ImageObject","inLanguage":"es","@id":"https:\/\/centrourbano.com\/revista\/#\/schema\/logo\/image\/","url":"https:\/\/centrourbano.com\/revista\/wp-content\/uploads\/web_CU_logo-1.png","contentUrl":"https:\/\/centrourbano.com\/revista\/wp-content\/uploads\/web_CU_logo-1.png","width":350,"height":91,"caption":"Centro Urbano"},"image":{"@id":"https:\/\/centrourbano.com\/revista\/#\/schema\/logo\/image\/"},"sameAs":["https:\/\/www.facebook.com\/portalcentrourbano","https:\/\/x.com\/CentroUrbano","https:\/\/www.instagram.com\/centro_urbano\/","https:\/\/www.linkedin.com\/company\/centro-urbano\/","http:\/\/www.youtube.com\/user\/portalcentrourbano"]},{"@type":"Person","@id":"https:\/\/centrourbano.com\/revista\/#\/schema\/person\/b45db815d96831257ba428a3d5a5fbdc","name":"Dinorah Nava","image":{"@type":"ImageObject","inLanguage":"es","@id":"https:\/\/secure.gravatar.com\/avatar\/f6ca6430c51d147f363940f84e1225aa4b8183885c11802cc3b042305a4ecc1a?s=96&d=mm&r=g","url":"https:\/\/secure.gravatar.com\/avatar\/f6ca6430c51d147f363940f84e1225aa4b8183885c11802cc3b042305a4ecc1a?s=96&d=mm&r=g","contentUrl":"https:\/\/secure.gravatar.com\/avatar\/f6ca6430c51d147f363940f84e1225aa4b8183885c11802cc3b042305a4ecc1a?s=96&d=mm&r=g","caption":"Dinorah Nava"},"description":"Editora de Contenidos y Estrategias Digitales en Centro Urbano y Coeditora en Peri\u00f3dico Mi Casa. Egresada de la licenciatura en Comunicaci\u00f3n y Periodismo de la Facultad de Estudios Superiores Arag\u00f3n (UNAM). Amante de la edici\u00f3n y correcci\u00f3n de estilo, las redes sociales y el mundo digital. Especialista en temas son arquitectura, inmobiliario y urbanismo.","sameAs":["linkedin.com\/in\/dinorah-nava","https:\/\/x.com\/https:\/\/twitter.com\/Dinorah_Nava28"],"url":"https:\/\/centrourbano.com\/revista\/author\/dinorah-nava\/"}]}},"_links":{"self":[{"href":"https:\/\/centrourbano.com\/revista\/wp-json\/wp\/v2\/posts\/4429","targetHints":{"allow":["GET"]}}],"collection":[{"href":"https:\/\/centrourbano.com\/revista\/wp-json\/wp\/v2\/posts"}],"about":[{"href":"https:\/\/centrourbano.com\/revista\/wp-json\/wp\/v2\/types\/post"}],"author":[{"embeddable":true,"href":"https:\/\/centrourbano.com\/revista\/wp-json\/wp\/v2\/users\/9"}],"replies":[{"embeddable":true,"href":"https:\/\/centrourbano.com\/revista\/wp-json\/wp\/v2\/comments?post=4429"}],"version-history":[{"count":0,"href":"https:\/\/centrourbano.com\/revista\/wp-json\/wp\/v2\/posts\/4429\/revisions"}],"wp:featuredmedia":[{"embeddable":true,"href":"https:\/\/centrourbano.com\/revista\/wp-json\/wp\/v2\/media\/15911"}],"wp:attachment":[{"href":"https:\/\/centrourbano.com\/revista\/wp-json\/wp\/v2\/media?parent=4429"}],"wp:term":[{"taxonomy":"category","embeddable":true,"href":"https:\/\/centrourbano.com\/revista\/wp-json\/wp\/v2\/categories?post=4429"},{"taxonomy":"post_tag","embeddable":true,"href":"https:\/\/centrourbano.com\/revista\/wp-json\/wp\/v2\/tags?post=4429"}],"curies":[{"name":"wp","href":"https:\/\/api.w.org\/{rel}","templated":true}]}}