{"id":44074,"date":"2016-11-17T12:28:16","date_gmt":"2016-11-17T18:28:16","guid":{"rendered":"https:\/\/centrourbano.com\/?p=44074"},"modified":"2016-11-17T12:31:49","modified_gmt":"2016-11-17T18:31:49","slug":"fortalecer-instrumentos-ahorro-credito-prioridad-del-gobierno-stps","status":"publish","type":"post","link":"https:\/\/centrourbano.com\/revista\/vivienda\/fortalecer-instrumentos-ahorro-credito-prioridad-del-gobierno-stps\/","title":{"rendered":"Fortalecer ahorro para vivienda, la prioridad: Navarrete"},"content":{"rendered":"<p><em>Alfonso Navarrete Prida, titular de la STPS, dijo que el gobierno trabaja para que m\u00e1s trabajadores ejerzan su derecho a vivienda<\/em><!--more--><\/p>\n<p>Al participar en la Reuni\u00f3n Sectorial de Gobierno convocada por el Infonavit, Alfonso Navarrete Prida, titular de la Secretar\u00eda del Trabajo y Previsi\u00f3n Social (STPS), asegur\u00f3 que una de las prioridades del gobierno es fortalecer los instrumentos de ahorro y cr\u00e9dito para la vivienda de los trabajadores; adem\u00e1s de concentrar esfuerzos en aras de que m\u00e1s personas ejerzan su derecho a una vivienda digna. <\/p>\n<p>Acompa\u00f1ado de David Penchyna Grub, director del Infonavit, as\u00ed como de Sebasti\u00e1n Fern\u00e1ndez Cortina, repres\u00e9ntate del sector empresarial, el funcionario asegur\u00f3 que la participaci\u00f3n del sector patronal y obrero es fundamental para garantizar el acceso a vivienda. Dijo que la formalizaci\u00f3n del empleo es de suma importancia para la adquisici\u00f3n de vivienda. <\/p>\n<p>\u201cEn la actual administraci\u00f3n federal se trabaja para que cada vez sean m\u00e1s los trabajadores que ejerzan su derecho a la vivienda, por lo que la formalizaci\u00f3n del empleo juega un papel fundamental no s\u00f3lo para dejar de gastar en alquiler, si no invertir en adquirir su casa en beneficio propio y el de su familia\u201d, expuso. <\/p>\n<p>Navarrete Prida subray\u00f3 que es tarea de la secretar\u00eda que encabeza garantizar que las decisiones que se tomen en el Infonavit beneficien a la derechohabiensa y que \u201csus recursos sean manejados con honestidad y transparencia, para seguir financiando vivienda\u201d. <\/p>\n<p>Aunado a lo anterior dijo que uno de los pilares de la previsi\u00f3n social es el acceso a vivienda, puesto que impacta de manera positiva en la seguridad econ\u00f3mica de las familias y la productividad laboral.<\/p>\n<p>\u201cLa pol\u00edtica de vivienda durante la presente administraci\u00f3n se distingue por sus caracter\u00edsticas de dignificaci\u00f3n y mayor acceso a este derecho, y especialmente por los cambios para hacer la vivienda de inter\u00e9s social m\u00e1s decorosa y espaciosa, sustentable y cercana a la gente\u201d, concluy\u00f3. <\/p>\n","protected":false},"excerpt":{"rendered":"<p>Alfonso Navarrete Prida, titular de la STPS, dijo que el gobierno trabaja para que m\u00e1s trabajadores ejerzan su derecho a vivienda<\/p>\n","protected":false},"author":47,"featured_media":44076,"comment_status":"open","ping_status":"closed","sticky":false,"template":"","format":"standard","meta":{"om_disable_all_campaigns":false,"inline_featured_image":false,"_monsterinsights_skip_tracking":false,"_monsterinsights_sitenote_active":false,"_monsterinsights_sitenote_note":"","_monsterinsights_sitenote_category":0,"footnotes":""},"categories":[12],"tags":[8942,100,8941,60],"class_list":["post-44074","post","type-post","status-publish","format-standard","has-post-thumbnail","hentry","category-vivienda","tag-alfonso-navarrete-prida","tag-infonavit","tag-secretaria-del-trabajo-y-prevision-social-stps","tag-vivienda-2"],"yoast_head":"<!-- This site is optimized with the Yoast SEO plugin v27.4 - https:\/\/yoast.com\/product\/yoast-seo-wordpress\/ -->\n<title>Fortalecer ahorro para vivienda, la prioridad: Navarrete -<\/title>\n<meta name=\"description\" content=\"Al participar en la Reuni\u00f3n Sectorial de Gobierno convocada por el Infonavit, Alfonso Navarrete Prida, titular de la Secretar\u00eda del Trabajo y Previsi\u00f3n Social (STPS), asegur\u00f3 que una de las prioridades del gobierno es fortalecer los instrumentos de ahorro y cr\u00e9dito para la vivienda de los trabajadores; adem\u00e1s de concentrar esfuerzos en aras de que m\u00e1s personas ejerzan su derecho a una vivienda digna.\" \/>\n<meta name=\"robots\" content=\"index, follow, max-snippet:-1, max-image-preview:large, max-video-preview:-1\" \/>\n<link rel=\"canonical\" href=\"https:\/\/centrourbano.com\/revista\/vivienda\/fortalecer-instrumentos-ahorro-credito-prioridad-del-gobierno-stps\/\" \/>\n<meta property=\"og:locale\" content=\"es_ES\" \/>\n<meta property=\"og:type\" content=\"article\" \/>\n<meta property=\"og:title\" content=\"Fortalecer ahorro para vivienda, la prioridad: Navarrete -\" \/>\n<meta property=\"og:description\" content=\"Al participar en la Reuni\u00f3n Sectorial de Gobierno convocada por el Infonavit, Alfonso Navarrete Prida, titular de la Secretar\u00eda del Trabajo y Previsi\u00f3n Social (STPS), asegur\u00f3 que una de las prioridades del gobierno es fortalecer los instrumentos de ahorro y cr\u00e9dito para la vivienda de los trabajadores; adem\u00e1s de concentrar esfuerzos en aras de que m\u00e1s personas ejerzan su derecho a una vivienda digna.\" \/>\n<meta property=\"og:url\" content=\"https:\/\/centrourbano.com\/revista\/vivienda\/fortalecer-instrumentos-ahorro-credito-prioridad-del-gobierno-stps\/\" \/>\n<meta property=\"og:site_name\" content=\"Centro Urbano\" \/>\n<meta property=\"article:publisher\" content=\"https:\/\/www.facebook.com\/portalcentrourbano\" \/>\n<meta property=\"article:published_time\" content=\"2016-11-17T18:28:16+00:00\" \/>\n<meta property=\"article:modified_time\" content=\"2016-11-17T18:31:49+00:00\" \/>\n<meta property=\"og:image\" content=\"https:\/\/centrourbano.com\/revista\/wp-content\/uploads\/Navarrete.jpg\" \/>\n\t<meta property=\"og:image:width\" content=\"1280\" \/>\n\t<meta property=\"og:image:height\" content=\"852\" \/>\n\t<meta property=\"og:image:type\" content=\"image\/jpeg\" \/>\n<meta name=\"author\" content=\"Edgar Rosas\" \/>\n<meta name=\"twitter:card\" content=\"summary_large_image\" \/>\n<meta name=\"twitter:creator\" content=\"@https:\/\/twitter.com\/ERosasCU?s=09\" \/>\n<meta name=\"twitter:site\" content=\"@CentroUrbano\" \/>\n<meta name=\"twitter:label1\" content=\"Escrito por\" \/>\n\t<meta name=\"twitter:data1\" content=\"Edgar Rosas\" \/>\n\t<meta name=\"twitter:label2\" content=\"Tiempo de lectura\" \/>\n\t<meta name=\"twitter:data2\" content=\"2 minutos\" \/>\n<script type=\"application\/ld+json\" class=\"yoast-schema-graph\">{\"@context\":\"https:\\\/\\\/schema.org\",\"@graph\":[{\"@type\":\"Article\",\"@id\":\"https:\\\/\\\/centrourbano.com\\\/revista\\\/vivienda\\\/fortalecer-instrumentos-ahorro-credito-prioridad-del-gobierno-stps\\\/#article\",\"isPartOf\":{\"@id\":\"https:\\\/\\\/centrourbano.com\\\/revista\\\/vivienda\\\/fortalecer-instrumentos-ahorro-credito-prioridad-del-gobierno-stps\\\/\"},\"author\":{\"name\":\"Edgar Rosas\",\"@id\":\"https:\\\/\\\/centrourbano.com\\\/revista\\\/#\\\/schema\\\/person\\\/ff3c00651ce5b1630479d2cd0c2e3ac0\"},\"headline\":\"Fortalecer ahorro para vivienda, la prioridad: Navarrete\",\"datePublished\":\"2016-11-17T18:28:16+00:00\",\"dateModified\":\"2016-11-17T18:31:49+00:00\",\"mainEntityOfPage\":{\"@id\":\"https:\\\/\\\/centrourbano.com\\\/revista\\\/vivienda\\\/fortalecer-instrumentos-ahorro-credito-prioridad-del-gobierno-stps\\\/\"},\"wordCount\":347,\"commentCount\":0,\"publisher\":{\"@id\":\"https:\\\/\\\/centrourbano.com\\\/revista\\\/#organization\"},\"image\":{\"@id\":\"https:\\\/\\\/centrourbano.com\\\/revista\\\/vivienda\\\/fortalecer-instrumentos-ahorro-credito-prioridad-del-gobierno-stps\\\/#primaryimage\"},\"thumbnailUrl\":\"https:\\\/\\\/centrourbano.com\\\/revista\\\/wp-content\\\/uploads\\\/Navarrete.jpg\",\"keywords\":[\"Alfonso Navarrete Prida\",\"Infonavit\",\"Secretar\u00eda del Trabajo y Previsi\u00f3n Social (STPS)\",\"vivienda\"],\"articleSection\":[\"Vivienda\"],\"inLanguage\":\"es\",\"potentialAction\":[{\"@type\":\"CommentAction\",\"name\":\"Comment\",\"target\":[\"https:\\\/\\\/centrourbano.com\\\/revista\\\/vivienda\\\/fortalecer-instrumentos-ahorro-credito-prioridad-del-gobierno-stps\\\/#respond\"]}]},{\"@type\":\"WebPage\",\"@id\":\"https:\\\/\\\/centrourbano.com\\\/revista\\\/vivienda\\\/fortalecer-instrumentos-ahorro-credito-prioridad-del-gobierno-stps\\\/\",\"url\":\"https:\\\/\\\/centrourbano.com\\\/revista\\\/vivienda\\\/fortalecer-instrumentos-ahorro-credito-prioridad-del-gobierno-stps\\\/\",\"name\":\"Fortalecer ahorro para vivienda, la prioridad: Navarrete -\",\"isPartOf\":{\"@id\":\"https:\\\/\\\/centrourbano.com\\\/revista\\\/#website\"},\"primaryImageOfPage\":{\"@id\":\"https:\\\/\\\/centrourbano.com\\\/revista\\\/vivienda\\\/fortalecer-instrumentos-ahorro-credito-prioridad-del-gobierno-stps\\\/#primaryimage\"},\"image\":{\"@id\":\"https:\\\/\\\/centrourbano.com\\\/revista\\\/vivienda\\\/fortalecer-instrumentos-ahorro-credito-prioridad-del-gobierno-stps\\\/#primaryimage\"},\"thumbnailUrl\":\"https:\\\/\\\/centrourbano.com\\\/revista\\\/wp-content\\\/uploads\\\/Navarrete.jpg\",\"datePublished\":\"2016-11-17T18:28:16+00:00\",\"dateModified\":\"2016-11-17T18:31:49+00:00\",\"description\":\"Al participar en la Reuni\u00f3n Sectorial de Gobierno convocada por el Infonavit, Alfonso Navarrete Prida, titular de la Secretar\u00eda del Trabajo y Previsi\u00f3n Social (STPS), asegur\u00f3 que una de las prioridades del gobierno es fortalecer los instrumentos de ahorro y cr\u00e9dito para la vivienda de los trabajadores; adem\u00e1s de concentrar esfuerzos en aras de que m\u00e1s personas ejerzan su derecho a una vivienda digna.\",\"breadcrumb\":{\"@id\":\"https:\\\/\\\/centrourbano.com\\\/revista\\\/vivienda\\\/fortalecer-instrumentos-ahorro-credito-prioridad-del-gobierno-stps\\\/#breadcrumb\"},\"inLanguage\":\"es\",\"potentialAction\":[{\"@type\":\"ReadAction\",\"target\":[\"https:\\\/\\\/centrourbano.com\\\/revista\\\/vivienda\\\/fortalecer-instrumentos-ahorro-credito-prioridad-del-gobierno-stps\\\/\"]}]},{\"@type\":\"ImageObject\",\"inLanguage\":\"es\",\"@id\":\"https:\\\/\\\/centrourbano.com\\\/revista\\\/vivienda\\\/fortalecer-instrumentos-ahorro-credito-prioridad-del-gobierno-stps\\\/#primaryimage\",\"url\":\"https:\\\/\\\/centrourbano.com\\\/revista\\\/wp-content\\\/uploads\\\/Navarrete.jpg\",\"contentUrl\":\"https:\\\/\\\/centrourbano.com\\\/revista\\\/wp-content\\\/uploads\\\/Navarrete.jpg\",\"width\":1280,\"height\":852,\"caption\":\"Alfonso Navarrete Prida, titular de la STPS dijo que el gobierno trabaja para que m\u00e1s trabajadores ejerzan su derecho a vivienda\"},{\"@type\":\"BreadcrumbList\",\"@id\":\"https:\\\/\\\/centrourbano.com\\\/revista\\\/vivienda\\\/fortalecer-instrumentos-ahorro-credito-prioridad-del-gobierno-stps\\\/#breadcrumb\",\"itemListElement\":[{\"@type\":\"ListItem\",\"position\":1,\"name\":\"Portada\",\"item\":\"https:\\\/\\\/centrourbano.com\\\/revista\\\/\"},{\"@type\":\"ListItem\",\"position\":2,\"name\":\"Fortalecer ahorro para vivienda, la prioridad: Navarrete\"}]},{\"@type\":\"WebSite\",\"@id\":\"https:\\\/\\\/centrourbano.com\\\/revista\\\/#website\",\"url\":\"https:\\\/\\\/centrourbano.com\\\/revista\\\/\",\"name\":\"Centro Urbano\",\"description\":\"Medio especializado en los sectores vivienda, inmobiliario, construcci\u00f3n, arquitectura y urbanismo.\",\"publisher\":{\"@id\":\"https:\\\/\\\/centrourbano.com\\\/revista\\\/#organization\"},\"potentialAction\":[{\"@type\":\"SearchAction\",\"target\":{\"@type\":\"EntryPoint\",\"urlTemplate\":\"https:\\\/\\\/centrourbano.com\\\/revista\\\/?s={search_term_string}\"},\"query-input\":{\"@type\":\"PropertyValueSpecification\",\"valueRequired\":true,\"valueName\":\"search_term_string\"}}],\"inLanguage\":\"es\"},{\"@type\":\"Organization\",\"@id\":\"https:\\\/\\\/centrourbano.com\\\/revista\\\/#organization\",\"name\":\"Centro Urbano\",\"url\":\"https:\\\/\\\/centrourbano.com\\\/revista\\\/\",\"logo\":{\"@type\":\"ImageObject\",\"inLanguage\":\"es\",\"@id\":\"https:\\\/\\\/centrourbano.com\\\/revista\\\/#\\\/schema\\\/logo\\\/image\\\/\",\"url\":\"https:\\\/\\\/centrourbano.com\\\/revista\\\/wp-content\\\/uploads\\\/web_CU_logo-1.png\",\"contentUrl\":\"https:\\\/\\\/centrourbano.com\\\/revista\\\/wp-content\\\/uploads\\\/web_CU_logo-1.png\",\"width\":350,\"height\":91,\"caption\":\"Centro Urbano\"},\"image\":{\"@id\":\"https:\\\/\\\/centrourbano.com\\\/revista\\\/#\\\/schema\\\/logo\\\/image\\\/\"},\"sameAs\":[\"https:\\\/\\\/www.facebook.com\\\/portalcentrourbano\",\"https:\\\/\\\/x.com\\\/CentroUrbano\",\"https:\\\/\\\/www.instagram.com\\\/centro_urbano\\\/\",\"https:\\\/\\\/www.linkedin.com\\\/company\\\/centro-urbano\\\/\",\"http:\\\/\\\/www.youtube.com\\\/user\\\/portalcentrourbano\"]},{\"@type\":\"Person\",\"@id\":\"https:\\\/\\\/centrourbano.com\\\/revista\\\/#\\\/schema\\\/person\\\/ff3c00651ce5b1630479d2cd0c2e3ac0\",\"name\":\"Edgar Rosas\",\"image\":{\"@type\":\"ImageObject\",\"inLanguage\":\"es\",\"@id\":\"https:\\\/\\\/secure.gravatar.com\\\/avatar\\\/94440c4283495211faa5300bf85e80061036b83fced868c3783aa1310b350d9c?s=96&d=mm&r=g\",\"url\":\"https:\\\/\\\/secure.gravatar.com\\\/avatar\\\/94440c4283495211faa5300bf85e80061036b83fced868c3783aa1310b350d9c?s=96&d=mm&r=g\",\"contentUrl\":\"https:\\\/\\\/secure.gravatar.com\\\/avatar\\\/94440c4283495211faa5300bf85e80061036b83fced868c3783aa1310b350d9c?s=96&d=mm&r=g\",\"caption\":\"Edgar Rosas\"},\"description\":\"Editor en Jefe de Centro Urbano. Egresado de la maestr\u00eda en Periodismo Pol\u00edtico de la Escuela de Periodismo Carlos Septi\u00e9n Garc\u00eda (EPCSG). Estudi\u00f3 la licenciatura en Comunicaci\u00f3n en la Universidad Mexicana. Amante de la cr\u00f3nica y el reportaje. Admirador de Vicente Le\u00f1ero y Miguel \u00c1ngel Granados Chapa.\",\"sameAs\":[\"https:\\\/\\\/x.com\\\/https:\\\/\\\/twitter.com\\\/ERosasCU?s=09\"],\"url\":\"https:\\\/\\\/centrourbano.com\\\/revista\\\/author\\\/edgar-rosas\\\/\"}]}<\/script>\n<!-- \/ Yoast SEO plugin. -->","yoast_head_json":{"title":"Fortalecer ahorro para vivienda, la prioridad: Navarrete -","description":"Al participar en la Reuni\u00f3n Sectorial de Gobierno convocada por el Infonavit, Alfonso Navarrete Prida, titular de la Secretar\u00eda del Trabajo y Previsi\u00f3n Social (STPS), asegur\u00f3 que una de las prioridades del gobierno es fortalecer los instrumentos de ahorro y cr\u00e9dito para la vivienda de los trabajadores; adem\u00e1s de concentrar esfuerzos en aras de que m\u00e1s personas ejerzan su derecho a una vivienda digna.","robots":{"index":"index","follow":"follow","max-snippet":"max-snippet:-1","max-image-preview":"max-image-preview:large","max-video-preview":"max-video-preview:-1"},"canonical":"https:\/\/centrourbano.com\/revista\/vivienda\/fortalecer-instrumentos-ahorro-credito-prioridad-del-gobierno-stps\/","og_locale":"es_ES","og_type":"article","og_title":"Fortalecer ahorro para vivienda, la prioridad: Navarrete -","og_description":"Al participar en la Reuni\u00f3n Sectorial de Gobierno convocada por el Infonavit, Alfonso Navarrete Prida, titular de la Secretar\u00eda del Trabajo y Previsi\u00f3n Social (STPS), asegur\u00f3 que una de las prioridades del gobierno es fortalecer los instrumentos de ahorro y cr\u00e9dito para la vivienda de los trabajadores; adem\u00e1s de concentrar esfuerzos en aras de que m\u00e1s personas ejerzan su derecho a una vivienda digna.","og_url":"https:\/\/centrourbano.com\/revista\/vivienda\/fortalecer-instrumentos-ahorro-credito-prioridad-del-gobierno-stps\/","og_site_name":"Centro Urbano","article_publisher":"https:\/\/www.facebook.com\/portalcentrourbano","article_published_time":"2016-11-17T18:28:16+00:00","article_modified_time":"2016-11-17T18:31:49+00:00","og_image":[{"width":1280,"height":852,"url":"https:\/\/centrourbano.com\/revista\/wp-content\/uploads\/Navarrete.jpg","type":"image\/jpeg"}],"author":"Edgar Rosas","twitter_card":"summary_large_image","twitter_creator":"@https:\/\/twitter.com\/ERosasCU?s=09","twitter_site":"@CentroUrbano","twitter_misc":{"Escrito por":"Edgar Rosas","Tiempo de lectura":"2 minutos"},"schema":{"@context":"https:\/\/schema.org","@graph":[{"@type":"Article","@id":"https:\/\/centrourbano.com\/revista\/vivienda\/fortalecer-instrumentos-ahorro-credito-prioridad-del-gobierno-stps\/#article","isPartOf":{"@id":"https:\/\/centrourbano.com\/revista\/vivienda\/fortalecer-instrumentos-ahorro-credito-prioridad-del-gobierno-stps\/"},"author":{"name":"Edgar Rosas","@id":"https:\/\/centrourbano.com\/revista\/#\/schema\/person\/ff3c00651ce5b1630479d2cd0c2e3ac0"},"headline":"Fortalecer ahorro para vivienda, la prioridad: Navarrete","datePublished":"2016-11-17T18:28:16+00:00","dateModified":"2016-11-17T18:31:49+00:00","mainEntityOfPage":{"@id":"https:\/\/centrourbano.com\/revista\/vivienda\/fortalecer-instrumentos-ahorro-credito-prioridad-del-gobierno-stps\/"},"wordCount":347,"commentCount":0,"publisher":{"@id":"https:\/\/centrourbano.com\/revista\/#organization"},"image":{"@id":"https:\/\/centrourbano.com\/revista\/vivienda\/fortalecer-instrumentos-ahorro-credito-prioridad-del-gobierno-stps\/#primaryimage"},"thumbnailUrl":"https:\/\/centrourbano.com\/revista\/wp-content\/uploads\/Navarrete.jpg","keywords":["Alfonso Navarrete Prida","Infonavit","Secretar\u00eda del Trabajo y Previsi\u00f3n Social (STPS)","vivienda"],"articleSection":["Vivienda"],"inLanguage":"es","potentialAction":[{"@type":"CommentAction","name":"Comment","target":["https:\/\/centrourbano.com\/revista\/vivienda\/fortalecer-instrumentos-ahorro-credito-prioridad-del-gobierno-stps\/#respond"]}]},{"@type":"WebPage","@id":"https:\/\/centrourbano.com\/revista\/vivienda\/fortalecer-instrumentos-ahorro-credito-prioridad-del-gobierno-stps\/","url":"https:\/\/centrourbano.com\/revista\/vivienda\/fortalecer-instrumentos-ahorro-credito-prioridad-del-gobierno-stps\/","name":"Fortalecer ahorro para vivienda, la prioridad: Navarrete -","isPartOf":{"@id":"https:\/\/centrourbano.com\/revista\/#website"},"primaryImageOfPage":{"@id":"https:\/\/centrourbano.com\/revista\/vivienda\/fortalecer-instrumentos-ahorro-credito-prioridad-del-gobierno-stps\/#primaryimage"},"image":{"@id":"https:\/\/centrourbano.com\/revista\/vivienda\/fortalecer-instrumentos-ahorro-credito-prioridad-del-gobierno-stps\/#primaryimage"},"thumbnailUrl":"https:\/\/centrourbano.com\/revista\/wp-content\/uploads\/Navarrete.jpg","datePublished":"2016-11-17T18:28:16+00:00","dateModified":"2016-11-17T18:31:49+00:00","description":"Al participar en la Reuni\u00f3n Sectorial de Gobierno convocada por el Infonavit, Alfonso Navarrete Prida, titular de la Secretar\u00eda del Trabajo y Previsi\u00f3n Social (STPS), asegur\u00f3 que una de las prioridades del gobierno es fortalecer los instrumentos de ahorro y cr\u00e9dito para la vivienda de los trabajadores; adem\u00e1s de concentrar esfuerzos en aras de que m\u00e1s personas ejerzan su derecho a una vivienda digna.","breadcrumb":{"@id":"https:\/\/centrourbano.com\/revista\/vivienda\/fortalecer-instrumentos-ahorro-credito-prioridad-del-gobierno-stps\/#breadcrumb"},"inLanguage":"es","potentialAction":[{"@type":"ReadAction","target":["https:\/\/centrourbano.com\/revista\/vivienda\/fortalecer-instrumentos-ahorro-credito-prioridad-del-gobierno-stps\/"]}]},{"@type":"ImageObject","inLanguage":"es","@id":"https:\/\/centrourbano.com\/revista\/vivienda\/fortalecer-instrumentos-ahorro-credito-prioridad-del-gobierno-stps\/#primaryimage","url":"https:\/\/centrourbano.com\/revista\/wp-content\/uploads\/Navarrete.jpg","contentUrl":"https:\/\/centrourbano.com\/revista\/wp-content\/uploads\/Navarrete.jpg","width":1280,"height":852,"caption":"Alfonso Navarrete Prida, titular de la STPS dijo que el gobierno trabaja para que m\u00e1s trabajadores ejerzan su derecho a vivienda"},{"@type":"BreadcrumbList","@id":"https:\/\/centrourbano.com\/revista\/vivienda\/fortalecer-instrumentos-ahorro-credito-prioridad-del-gobierno-stps\/#breadcrumb","itemListElement":[{"@type":"ListItem","position":1,"name":"Portada","item":"https:\/\/centrourbano.com\/revista\/"},{"@type":"ListItem","position":2,"name":"Fortalecer ahorro para vivienda, la prioridad: Navarrete"}]},{"@type":"WebSite","@id":"https:\/\/centrourbano.com\/revista\/#website","url":"https:\/\/centrourbano.com\/revista\/","name":"Centro Urbano","description":"Medio especializado en los sectores vivienda, inmobiliario, construcci\u00f3n, arquitectura y urbanismo.","publisher":{"@id":"https:\/\/centrourbano.com\/revista\/#organization"},"potentialAction":[{"@type":"SearchAction","target":{"@type":"EntryPoint","urlTemplate":"https:\/\/centrourbano.com\/revista\/?s={search_term_string}"},"query-input":{"@type":"PropertyValueSpecification","valueRequired":true,"valueName":"search_term_string"}}],"inLanguage":"es"},{"@type":"Organization","@id":"https:\/\/centrourbano.com\/revista\/#organization","name":"Centro Urbano","url":"https:\/\/centrourbano.com\/revista\/","logo":{"@type":"ImageObject","inLanguage":"es","@id":"https:\/\/centrourbano.com\/revista\/#\/schema\/logo\/image\/","url":"https:\/\/centrourbano.com\/revista\/wp-content\/uploads\/web_CU_logo-1.png","contentUrl":"https:\/\/centrourbano.com\/revista\/wp-content\/uploads\/web_CU_logo-1.png","width":350,"height":91,"caption":"Centro Urbano"},"image":{"@id":"https:\/\/centrourbano.com\/revista\/#\/schema\/logo\/image\/"},"sameAs":["https:\/\/www.facebook.com\/portalcentrourbano","https:\/\/x.com\/CentroUrbano","https:\/\/www.instagram.com\/centro_urbano\/","https:\/\/www.linkedin.com\/company\/centro-urbano\/","http:\/\/www.youtube.com\/user\/portalcentrourbano"]},{"@type":"Person","@id":"https:\/\/centrourbano.com\/revista\/#\/schema\/person\/ff3c00651ce5b1630479d2cd0c2e3ac0","name":"Edgar Rosas","image":{"@type":"ImageObject","inLanguage":"es","@id":"https:\/\/secure.gravatar.com\/avatar\/94440c4283495211faa5300bf85e80061036b83fced868c3783aa1310b350d9c?s=96&d=mm&r=g","url":"https:\/\/secure.gravatar.com\/avatar\/94440c4283495211faa5300bf85e80061036b83fced868c3783aa1310b350d9c?s=96&d=mm&r=g","contentUrl":"https:\/\/secure.gravatar.com\/avatar\/94440c4283495211faa5300bf85e80061036b83fced868c3783aa1310b350d9c?s=96&d=mm&r=g","caption":"Edgar Rosas"},"description":"Editor en Jefe de Centro Urbano. Egresado de la maestr\u00eda en Periodismo Pol\u00edtico de la Escuela de Periodismo Carlos Septi\u00e9n Garc\u00eda (EPCSG). Estudi\u00f3 la licenciatura en Comunicaci\u00f3n en la Universidad Mexicana. Amante de la cr\u00f3nica y el reportaje. Admirador de Vicente Le\u00f1ero y Miguel \u00c1ngel Granados Chapa.","sameAs":["https:\/\/x.com\/https:\/\/twitter.com\/ERosasCU?s=09"],"url":"https:\/\/centrourbano.com\/revista\/author\/edgar-rosas\/"}]}},"_links":{"self":[{"href":"https:\/\/centrourbano.com\/revista\/wp-json\/wp\/v2\/posts\/44074","targetHints":{"allow":["GET"]}}],"collection":[{"href":"https:\/\/centrourbano.com\/revista\/wp-json\/wp\/v2\/posts"}],"about":[{"href":"https:\/\/centrourbano.com\/revista\/wp-json\/wp\/v2\/types\/post"}],"author":[{"embeddable":true,"href":"https:\/\/centrourbano.com\/revista\/wp-json\/wp\/v2\/users\/47"}],"replies":[{"embeddable":true,"href":"https:\/\/centrourbano.com\/revista\/wp-json\/wp\/v2\/comments?post=44074"}],"version-history":[{"count":0,"href":"https:\/\/centrourbano.com\/revista\/wp-json\/wp\/v2\/posts\/44074\/revisions"}],"wp:featuredmedia":[{"embeddable":true,"href":"https:\/\/centrourbano.com\/revista\/wp-json\/wp\/v2\/media\/44076"}],"wp:attachment":[{"href":"https:\/\/centrourbano.com\/revista\/wp-json\/wp\/v2\/media?parent=44074"}],"wp:term":[{"taxonomy":"category","embeddable":true,"href":"https:\/\/centrourbano.com\/revista\/wp-json\/wp\/v2\/categories?post=44074"},{"taxonomy":"post_tag","embeddable":true,"href":"https:\/\/centrourbano.com\/revista\/wp-json\/wp\/v2\/tags?post=44074"}],"curies":[{"name":"wp","href":"https:\/\/api.w.org\/{rel}","templated":true}]}}