{"id":44061,"date":"2016-11-17T11:34:31","date_gmt":"2016-11-17T17:34:31","guid":{"rendered":"https:\/\/centrourbano.com\/?p=44061"},"modified":"2016-11-17T11:34:31","modified_gmt":"2016-11-17T17:34:31","slug":"rehabilitan-area-natural-tlahuac","status":"publish","type":"post","link":"https:\/\/centrourbano.com\/revista\/urbanismo\/rehabilitan-area-natural-tlahuac\/","title":{"rendered":"Rehabilitan \u00e1rea natural protegida en Tl\u00e1huac"},"content":{"rendered":"<p><em>El \u00e1rea cuenta con una extensi\u00f3n de 45 hect\u00e1reas y su recuperaci\u00f3n se ha dado de forma paulatina desde 2014<\/em><\/p>\n<p><em>\u00a0<\/em><\/p>\n<p>El gobierno de la Ciudad de M\u00e9xico inici\u00f3 la rehabilitaci\u00f3n del \u00e1rea natural protegida en la zona conocida como Peque\u00f1a Propiedad de Tl\u00e1huac o Humedales de Tl\u00e1huac o Tempilulli, poblado de San Pedro Tl\u00e1huac en la delegaci\u00f3n del mismo nombre.<\/p>\n<p>&nbsp;<\/p>\n<p>El \u00e1rea cuenta con una extensi\u00f3n de 45 hect\u00e1reas y su recuperaci\u00f3n se ha dado de forma paulatina; en 2014 se inspeccion\u00f3 e identificaron los posibles actos delictivos en cuanto al cambio de suelo y da\u00f1o ambiental, los cuales fueron denunciados ante el Fiscal Fiscal Desconcentrado de Investigaci\u00f3n en Delitos Ambientales y en Materia de Protecci\u00f3n Urbana (Fedapur).<\/p>\n<p>&nbsp;<\/p>\n<p>Las acciones de recuperaci\u00f3n iniciaron en 2015 las cuales consisten en retirar la basura, material de construcci\u00f3n, infraestructura el\u00e9ctrica y vial, postes y asfalto.<\/p>\n<p>&nbsp;<\/p>\n<p>Particip\u00f3 personal de la Secretar\u00eda de Gobierno, de la Direcci\u00f3n General de Vigilancia Ambiental de la Secretar\u00eda del Medio Ambiente (Sedema), y de la Procuradur\u00eda General de Justicia local, a trav\u00e9s de la Polic\u00eda de Investigaci\u00f3n y del Grupo de Reacci\u00f3n Inmediata (Geri), as\u00ed como 300 elementos de la Secretar\u00eda de Seguridad P\u00fablica.<\/p>\n<p>&nbsp;<\/p>\n<p>Con esta acci\u00f3n, el gobierno busca reiterar la decisi\u00f3n de Miguel \u00c1ngel Mancera Espinosa de reordenar y liberar espacios en v\u00eda p\u00fablica en beneficio de la ciudadan\u00eda.<\/p>\n<p>&nbsp;<\/p>\n<p>&nbsp;<\/p>\n","protected":false},"excerpt":{"rendered":"<p>El \u00e1rea cuenta con una extensi\u00f3n de 45 hect\u00e1reas y su recuperaci\u00f3n se ha dado de forma paulatina desde 2014 \u00a0 El gobierno de la Ciudad de M\u00e9xico inici\u00f3 la rehabilitaci\u00f3n del \u00e1rea natural protegida en la zona conocida como Peque\u00f1a Propiedad de Tl\u00e1huac o Humedales de Tl\u00e1huac o Tempilulli, poblado de San Pedro Tl\u00e1huac [&hellip;]<\/p>\n","protected":false},"author":45,"featured_media":44062,"comment_status":"open","ping_status":"closed","sticky":false,"template":"","format":"standard","meta":{"om_disable_all_campaigns":false,"inline_featured_image":false,"_monsterinsights_skip_tracking":false,"_monsterinsights_sitenote_active":false,"_monsterinsights_sitenote_note":"","_monsterinsights_sitenote_category":0,"footnotes":""},"categories":[82],"tags":[1275],"class_list":["post-44061","post","type-post","status-publish","format-standard","has-post-thumbnail","hentry","category-urbanismo","tag-tlahuac"],"yoast_head":"<!-- This site is optimized with the Yoast SEO plugin v27.4 - https:\/\/yoast.com\/product\/yoast-seo-wordpress\/ -->\n<title>Rehabilitan \u00e1rea natural protegida en Tl\u00e1huac -<\/title>\n<meta name=\"description\" content=\"El \u00e1rea cuenta con una extensi\u00f3n de 45 hect\u00e1reas y su recuperaci\u00f3n se ha dado de forma paulatina desde 2014\" \/>\n<meta name=\"robots\" content=\"index, follow, max-snippet:-1, max-image-preview:large, max-video-preview:-1\" \/>\n<link rel=\"canonical\" href=\"https:\/\/centrourbano.com\/revista\/urbanismo\/rehabilitan-area-natural-tlahuac\/\" \/>\n<meta property=\"og:locale\" content=\"es_ES\" \/>\n<meta property=\"og:type\" content=\"article\" \/>\n<meta property=\"og:title\" content=\"Rehabilitan \u00e1rea natural protegida en Tl\u00e1huac -\" \/>\n<meta property=\"og:description\" content=\"El \u00e1rea cuenta con una extensi\u00f3n de 45 hect\u00e1reas y su recuperaci\u00f3n se ha dado de forma paulatina desde 2014\" \/>\n<meta property=\"og:url\" content=\"https:\/\/centrourbano.com\/revista\/urbanismo\/rehabilitan-area-natural-tlahuac\/\" \/>\n<meta property=\"og:site_name\" content=\"Centro Urbano\" \/>\n<meta property=\"article:publisher\" content=\"https:\/\/www.facebook.com\/portalcentrourbano\" \/>\n<meta property=\"article:published_time\" content=\"2016-11-17T17:34:31+00:00\" \/>\n<meta property=\"og:image\" content=\"https:\/\/centrourbano.com\/revista\/wp-content\/uploads\/Conservaci\u00f3n-en-Tl\u00e1huac.jpg\" \/>\n\t<meta property=\"og:image:width\" content=\"1267\" \/>\n\t<meta property=\"og:image:height\" content=\"950\" \/>\n\t<meta property=\"og:image:type\" content=\"image\/jpeg\" \/>\n<meta name=\"author\" content=\"Hanae Pacheco\" \/>\n<meta name=\"twitter:card\" content=\"summary_large_image\" \/>\n<meta name=\"twitter:creator\" content=\"@CentroUrbano\" \/>\n<meta name=\"twitter:site\" content=\"@CentroUrbano\" \/>\n<meta name=\"twitter:label1\" content=\"Escrito por\" \/>\n\t<meta name=\"twitter:data1\" content=\"Hanae Pacheco\" \/>\n\t<meta name=\"twitter:label2\" content=\"Tiempo de lectura\" \/>\n\t<meta name=\"twitter:data2\" content=\"1 minuto\" \/>\n<script type=\"application\/ld+json\" class=\"yoast-schema-graph\">{\"@context\":\"https:\\\/\\\/schema.org\",\"@graph\":[{\"@type\":\"Article\",\"@id\":\"https:\\\/\\\/centrourbano.com\\\/revista\\\/urbanismo\\\/rehabilitan-area-natural-tlahuac\\\/#article\",\"isPartOf\":{\"@id\":\"https:\\\/\\\/centrourbano.com\\\/revista\\\/urbanismo\\\/rehabilitan-area-natural-tlahuac\\\/\"},\"author\":{\"name\":\"Hanae Pacheco\",\"@id\":\"https:\\\/\\\/centrourbano.com\\\/revista\\\/#\\\/schema\\\/person\\\/db5aba19153b4dc77f48808c4c2e7027\"},\"headline\":\"Rehabilitan \u00e1rea natural protegida en Tl\u00e1huac\",\"datePublished\":\"2016-11-17T17:34:31+00:00\",\"mainEntityOfPage\":{\"@id\":\"https:\\\/\\\/centrourbano.com\\\/revista\\\/urbanismo\\\/rehabilitan-area-natural-tlahuac\\\/\"},\"wordCount\":263,\"commentCount\":0,\"publisher\":{\"@id\":\"https:\\\/\\\/centrourbano.com\\\/revista\\\/#organization\"},\"image\":{\"@id\":\"https:\\\/\\\/centrourbano.com\\\/revista\\\/urbanismo\\\/rehabilitan-area-natural-tlahuac\\\/#primaryimage\"},\"thumbnailUrl\":\"https:\\\/\\\/centrourbano.com\\\/revista\\\/wp-content\\\/uploads\\\/Conservaci\u00f3n-en-Tl\u00e1huac.jpg\",\"keywords\":[\"Tl\u00e1huac\"],\"articleSection\":[\"Urbanismo\"],\"inLanguage\":\"es\",\"potentialAction\":[{\"@type\":\"CommentAction\",\"name\":\"Comment\",\"target\":[\"https:\\\/\\\/centrourbano.com\\\/revista\\\/urbanismo\\\/rehabilitan-area-natural-tlahuac\\\/#respond\"]}]},{\"@type\":\"WebPage\",\"@id\":\"https:\\\/\\\/centrourbano.com\\\/revista\\\/urbanismo\\\/rehabilitan-area-natural-tlahuac\\\/\",\"url\":\"https:\\\/\\\/centrourbano.com\\\/revista\\\/urbanismo\\\/rehabilitan-area-natural-tlahuac\\\/\",\"name\":\"Rehabilitan \u00e1rea natural protegida en Tl\u00e1huac -\",\"isPartOf\":{\"@id\":\"https:\\\/\\\/centrourbano.com\\\/revista\\\/#website\"},\"primaryImageOfPage\":{\"@id\":\"https:\\\/\\\/centrourbano.com\\\/revista\\\/urbanismo\\\/rehabilitan-area-natural-tlahuac\\\/#primaryimage\"},\"image\":{\"@id\":\"https:\\\/\\\/centrourbano.com\\\/revista\\\/urbanismo\\\/rehabilitan-area-natural-tlahuac\\\/#primaryimage\"},\"thumbnailUrl\":\"https:\\\/\\\/centrourbano.com\\\/revista\\\/wp-content\\\/uploads\\\/Conservaci\u00f3n-en-Tl\u00e1huac.jpg\",\"datePublished\":\"2016-11-17T17:34:31+00:00\",\"description\":\"El \u00e1rea cuenta con una extensi\u00f3n de 45 hect\u00e1reas y su recuperaci\u00f3n se ha dado de forma paulatina desde 2014\",\"breadcrumb\":{\"@id\":\"https:\\\/\\\/centrourbano.com\\\/revista\\\/urbanismo\\\/rehabilitan-area-natural-tlahuac\\\/#breadcrumb\"},\"inLanguage\":\"es\",\"potentialAction\":[{\"@type\":\"ReadAction\",\"target\":[\"https:\\\/\\\/centrourbano.com\\\/revista\\\/urbanismo\\\/rehabilitan-area-natural-tlahuac\\\/\"]}]},{\"@type\":\"ImageObject\",\"inLanguage\":\"es\",\"@id\":\"https:\\\/\\\/centrourbano.com\\\/revista\\\/urbanismo\\\/rehabilitan-area-natural-tlahuac\\\/#primaryimage\",\"url\":\"https:\\\/\\\/centrourbano.com\\\/revista\\\/wp-content\\\/uploads\\\/Conservaci\u00f3n-en-Tl\u00e1huac.jpg\",\"contentUrl\":\"https:\\\/\\\/centrourbano.com\\\/revista\\\/wp-content\\\/uploads\\\/Conservaci\u00f3n-en-Tl\u00e1huac.jpg\",\"width\":1267,\"height\":950,\"caption\":\"El \u00e1rea cuenta con una extensi\u00f3n de 45 hect\u00e1reas y su recuperaci\u00f3n se ha dado de forma paulatina desde 2014\"},{\"@type\":\"BreadcrumbList\",\"@id\":\"https:\\\/\\\/centrourbano.com\\\/revista\\\/urbanismo\\\/rehabilitan-area-natural-tlahuac\\\/#breadcrumb\",\"itemListElement\":[{\"@type\":\"ListItem\",\"position\":1,\"name\":\"Portada\",\"item\":\"https:\\\/\\\/centrourbano.com\\\/revista\\\/\"},{\"@type\":\"ListItem\",\"position\":2,\"name\":\"Rehabilitan \u00e1rea natural protegida en Tl\u00e1huac\"}]},{\"@type\":\"WebSite\",\"@id\":\"https:\\\/\\\/centrourbano.com\\\/revista\\\/#website\",\"url\":\"https:\\\/\\\/centrourbano.com\\\/revista\\\/\",\"name\":\"Centro Urbano\",\"description\":\"Medio especializado en los sectores vivienda, inmobiliario, construcci\u00f3n, arquitectura y urbanismo.\",\"publisher\":{\"@id\":\"https:\\\/\\\/centrourbano.com\\\/revista\\\/#organization\"},\"potentialAction\":[{\"@type\":\"SearchAction\",\"target\":{\"@type\":\"EntryPoint\",\"urlTemplate\":\"https:\\\/\\\/centrourbano.com\\\/revista\\\/?s={search_term_string}\"},\"query-input\":{\"@type\":\"PropertyValueSpecification\",\"valueRequired\":true,\"valueName\":\"search_term_string\"}}],\"inLanguage\":\"es\"},{\"@type\":\"Organization\",\"@id\":\"https:\\\/\\\/centrourbano.com\\\/revista\\\/#organization\",\"name\":\"Centro Urbano\",\"url\":\"https:\\\/\\\/centrourbano.com\\\/revista\\\/\",\"logo\":{\"@type\":\"ImageObject\",\"inLanguage\":\"es\",\"@id\":\"https:\\\/\\\/centrourbano.com\\\/revista\\\/#\\\/schema\\\/logo\\\/image\\\/\",\"url\":\"https:\\\/\\\/centrourbano.com\\\/revista\\\/wp-content\\\/uploads\\\/web_CU_logo-1.png\",\"contentUrl\":\"https:\\\/\\\/centrourbano.com\\\/revista\\\/wp-content\\\/uploads\\\/web_CU_logo-1.png\",\"width\":350,\"height\":91,\"caption\":\"Centro Urbano\"},\"image\":{\"@id\":\"https:\\\/\\\/centrourbano.com\\\/revista\\\/#\\\/schema\\\/logo\\\/image\\\/\"},\"sameAs\":[\"https:\\\/\\\/www.facebook.com\\\/portalcentrourbano\",\"https:\\\/\\\/x.com\\\/CentroUrbano\",\"https:\\\/\\\/www.instagram.com\\\/centro_urbano\\\/\",\"https:\\\/\\\/www.linkedin.com\\\/company\\\/centro-urbano\\\/\",\"http:\\\/\\\/www.youtube.com\\\/user\\\/portalcentrourbano\"]},{\"@type\":\"Person\",\"@id\":\"https:\\\/\\\/centrourbano.com\\\/revista\\\/#\\\/schema\\\/person\\\/db5aba19153b4dc77f48808c4c2e7027\",\"name\":\"Hanae Pacheco\",\"image\":{\"@type\":\"ImageObject\",\"inLanguage\":\"es\",\"@id\":\"https:\\\/\\\/secure.gravatar.com\\\/avatar\\\/85378918db488c7c72bd7acaea6909bbfd5df076ffaf5e56cf397f98ef67f72d?s=96&d=mm&r=g\",\"url\":\"https:\\\/\\\/secure.gravatar.com\\\/avatar\\\/85378918db488c7c72bd7acaea6909bbfd5df076ffaf5e56cf397f98ef67f72d?s=96&d=mm&r=g\",\"contentUrl\":\"https:\\\/\\\/secure.gravatar.com\\\/avatar\\\/85378918db488c7c72bd7acaea6909bbfd5df076ffaf5e56cf397f98ef67f72d?s=96&d=mm&r=g\",\"caption\":\"Hanae Pacheco\"},\"url\":\"https:\\\/\\\/centrourbano.com\\\/revista\\\/author\\\/hanae-pacheco\\\/\"}]}<\/script>\n<!-- \/ Yoast SEO plugin. -->","yoast_head_json":{"title":"Rehabilitan \u00e1rea natural protegida en Tl\u00e1huac -","description":"El \u00e1rea cuenta con una extensi\u00f3n de 45 hect\u00e1reas y su recuperaci\u00f3n se ha dado de forma paulatina desde 2014","robots":{"index":"index","follow":"follow","max-snippet":"max-snippet:-1","max-image-preview":"max-image-preview:large","max-video-preview":"max-video-preview:-1"},"canonical":"https:\/\/centrourbano.com\/revista\/urbanismo\/rehabilitan-area-natural-tlahuac\/","og_locale":"es_ES","og_type":"article","og_title":"Rehabilitan \u00e1rea natural protegida en Tl\u00e1huac -","og_description":"El \u00e1rea cuenta con una extensi\u00f3n de 45 hect\u00e1reas y su recuperaci\u00f3n se ha dado de forma paulatina desde 2014","og_url":"https:\/\/centrourbano.com\/revista\/urbanismo\/rehabilitan-area-natural-tlahuac\/","og_site_name":"Centro Urbano","article_publisher":"https:\/\/www.facebook.com\/portalcentrourbano","article_published_time":"2016-11-17T17:34:31+00:00","og_image":[{"width":1267,"height":950,"url":"https:\/\/centrourbano.com\/revista\/wp-content\/uploads\/Conservaci\u00f3n-en-Tl\u00e1huac.jpg","type":"image\/jpeg"}],"author":"Hanae Pacheco","twitter_card":"summary_large_image","twitter_creator":"@CentroUrbano","twitter_site":"@CentroUrbano","twitter_misc":{"Escrito por":"Hanae Pacheco","Tiempo de lectura":"1 minuto"},"schema":{"@context":"https:\/\/schema.org","@graph":[{"@type":"Article","@id":"https:\/\/centrourbano.com\/revista\/urbanismo\/rehabilitan-area-natural-tlahuac\/#article","isPartOf":{"@id":"https:\/\/centrourbano.com\/revista\/urbanismo\/rehabilitan-area-natural-tlahuac\/"},"author":{"name":"Hanae Pacheco","@id":"https:\/\/centrourbano.com\/revista\/#\/schema\/person\/db5aba19153b4dc77f48808c4c2e7027"},"headline":"Rehabilitan \u00e1rea natural protegida en Tl\u00e1huac","datePublished":"2016-11-17T17:34:31+00:00","mainEntityOfPage":{"@id":"https:\/\/centrourbano.com\/revista\/urbanismo\/rehabilitan-area-natural-tlahuac\/"},"wordCount":263,"commentCount":0,"publisher":{"@id":"https:\/\/centrourbano.com\/revista\/#organization"},"image":{"@id":"https:\/\/centrourbano.com\/revista\/urbanismo\/rehabilitan-area-natural-tlahuac\/#primaryimage"},"thumbnailUrl":"https:\/\/centrourbano.com\/revista\/wp-content\/uploads\/Conservaci\u00f3n-en-Tl\u00e1huac.jpg","keywords":["Tl\u00e1huac"],"articleSection":["Urbanismo"],"inLanguage":"es","potentialAction":[{"@type":"CommentAction","name":"Comment","target":["https:\/\/centrourbano.com\/revista\/urbanismo\/rehabilitan-area-natural-tlahuac\/#respond"]}]},{"@type":"WebPage","@id":"https:\/\/centrourbano.com\/revista\/urbanismo\/rehabilitan-area-natural-tlahuac\/","url":"https:\/\/centrourbano.com\/revista\/urbanismo\/rehabilitan-area-natural-tlahuac\/","name":"Rehabilitan \u00e1rea natural protegida en Tl\u00e1huac -","isPartOf":{"@id":"https:\/\/centrourbano.com\/revista\/#website"},"primaryImageOfPage":{"@id":"https:\/\/centrourbano.com\/revista\/urbanismo\/rehabilitan-area-natural-tlahuac\/#primaryimage"},"image":{"@id":"https:\/\/centrourbano.com\/revista\/urbanismo\/rehabilitan-area-natural-tlahuac\/#primaryimage"},"thumbnailUrl":"https:\/\/centrourbano.com\/revista\/wp-content\/uploads\/Conservaci\u00f3n-en-Tl\u00e1huac.jpg","datePublished":"2016-11-17T17:34:31+00:00","description":"El \u00e1rea cuenta con una extensi\u00f3n de 45 hect\u00e1reas y su recuperaci\u00f3n se ha dado de forma paulatina desde 2014","breadcrumb":{"@id":"https:\/\/centrourbano.com\/revista\/urbanismo\/rehabilitan-area-natural-tlahuac\/#breadcrumb"},"inLanguage":"es","potentialAction":[{"@type":"ReadAction","target":["https:\/\/centrourbano.com\/revista\/urbanismo\/rehabilitan-area-natural-tlahuac\/"]}]},{"@type":"ImageObject","inLanguage":"es","@id":"https:\/\/centrourbano.com\/revista\/urbanismo\/rehabilitan-area-natural-tlahuac\/#primaryimage","url":"https:\/\/centrourbano.com\/revista\/wp-content\/uploads\/Conservaci\u00f3n-en-Tl\u00e1huac.jpg","contentUrl":"https:\/\/centrourbano.com\/revista\/wp-content\/uploads\/Conservaci\u00f3n-en-Tl\u00e1huac.jpg","width":1267,"height":950,"caption":"El \u00e1rea cuenta con una extensi\u00f3n de 45 hect\u00e1reas y su recuperaci\u00f3n se ha dado de forma paulatina desde 2014"},{"@type":"BreadcrumbList","@id":"https:\/\/centrourbano.com\/revista\/urbanismo\/rehabilitan-area-natural-tlahuac\/#breadcrumb","itemListElement":[{"@type":"ListItem","position":1,"name":"Portada","item":"https:\/\/centrourbano.com\/revista\/"},{"@type":"ListItem","position":2,"name":"Rehabilitan \u00e1rea natural protegida en Tl\u00e1huac"}]},{"@type":"WebSite","@id":"https:\/\/centrourbano.com\/revista\/#website","url":"https:\/\/centrourbano.com\/revista\/","name":"Centro Urbano","description":"Medio especializado en los sectores vivienda, inmobiliario, construcci\u00f3n, arquitectura y urbanismo.","publisher":{"@id":"https:\/\/centrourbano.com\/revista\/#organization"},"potentialAction":[{"@type":"SearchAction","target":{"@type":"EntryPoint","urlTemplate":"https:\/\/centrourbano.com\/revista\/?s={search_term_string}"},"query-input":{"@type":"PropertyValueSpecification","valueRequired":true,"valueName":"search_term_string"}}],"inLanguage":"es"},{"@type":"Organization","@id":"https:\/\/centrourbano.com\/revista\/#organization","name":"Centro Urbano","url":"https:\/\/centrourbano.com\/revista\/","logo":{"@type":"ImageObject","inLanguage":"es","@id":"https:\/\/centrourbano.com\/revista\/#\/schema\/logo\/image\/","url":"https:\/\/centrourbano.com\/revista\/wp-content\/uploads\/web_CU_logo-1.png","contentUrl":"https:\/\/centrourbano.com\/revista\/wp-content\/uploads\/web_CU_logo-1.png","width":350,"height":91,"caption":"Centro Urbano"},"image":{"@id":"https:\/\/centrourbano.com\/revista\/#\/schema\/logo\/image\/"},"sameAs":["https:\/\/www.facebook.com\/portalcentrourbano","https:\/\/x.com\/CentroUrbano","https:\/\/www.instagram.com\/centro_urbano\/","https:\/\/www.linkedin.com\/company\/centro-urbano\/","http:\/\/www.youtube.com\/user\/portalcentrourbano"]},{"@type":"Person","@id":"https:\/\/centrourbano.com\/revista\/#\/schema\/person\/db5aba19153b4dc77f48808c4c2e7027","name":"Hanae Pacheco","image":{"@type":"ImageObject","inLanguage":"es","@id":"https:\/\/secure.gravatar.com\/avatar\/85378918db488c7c72bd7acaea6909bbfd5df076ffaf5e56cf397f98ef67f72d?s=96&d=mm&r=g","url":"https:\/\/secure.gravatar.com\/avatar\/85378918db488c7c72bd7acaea6909bbfd5df076ffaf5e56cf397f98ef67f72d?s=96&d=mm&r=g","contentUrl":"https:\/\/secure.gravatar.com\/avatar\/85378918db488c7c72bd7acaea6909bbfd5df076ffaf5e56cf397f98ef67f72d?s=96&d=mm&r=g","caption":"Hanae Pacheco"},"url":"https:\/\/centrourbano.com\/revista\/author\/hanae-pacheco\/"}]}},"_links":{"self":[{"href":"https:\/\/centrourbano.com\/revista\/wp-json\/wp\/v2\/posts\/44061","targetHints":{"allow":["GET"]}}],"collection":[{"href":"https:\/\/centrourbano.com\/revista\/wp-json\/wp\/v2\/posts"}],"about":[{"href":"https:\/\/centrourbano.com\/revista\/wp-json\/wp\/v2\/types\/post"}],"author":[{"embeddable":true,"href":"https:\/\/centrourbano.com\/revista\/wp-json\/wp\/v2\/users\/45"}],"replies":[{"embeddable":true,"href":"https:\/\/centrourbano.com\/revista\/wp-json\/wp\/v2\/comments?post=44061"}],"version-history":[{"count":0,"href":"https:\/\/centrourbano.com\/revista\/wp-json\/wp\/v2\/posts\/44061\/revisions"}],"wp:featuredmedia":[{"embeddable":true,"href":"https:\/\/centrourbano.com\/revista\/wp-json\/wp\/v2\/media\/44062"}],"wp:attachment":[{"href":"https:\/\/centrourbano.com\/revista\/wp-json\/wp\/v2\/media?parent=44061"}],"wp:term":[{"taxonomy":"category","embeddable":true,"href":"https:\/\/centrourbano.com\/revista\/wp-json\/wp\/v2\/categories?post=44061"},{"taxonomy":"post_tag","embeddable":true,"href":"https:\/\/centrourbano.com\/revista\/wp-json\/wp\/v2\/tags?post=44061"}],"curies":[{"name":"wp","href":"https:\/\/api.w.org\/{rel}","templated":true}]}}