{"id":44040,"date":"2016-11-16T16:47:21","date_gmt":"2016-11-16T22:47:21","guid":{"rendered":"https:\/\/centrourbano.com\/?p=44040"},"modified":"2016-11-16T16:49:57","modified_gmt":"2016-11-16T22:49:57","slug":"dunia-ludlow-nueva-coordinadora-las-legisladoras-locales-del-pri","status":"publish","type":"post","link":"https:\/\/centrourbano.com\/revista\/actualidad\/dunia-ludlow-nueva-coordinadora-las-legisladoras-locales-del-pri\/","title":{"rendered":"Dunia Ludlow, nueva coordinadora de las legisladoras locales del PRI"},"content":{"rendered":"<p><em>La toma de protesta estuvo a cargo de Carolina Monroy, secretaria general del Revolucionario Institucional <\/em><!--more--><\/p>\n<p>Dunia Ludlow, presidenta de la Comisi\u00f3n de Vivienda de la Asamblea Legislativa del Distrito Federal (ALDF) fue nombrada Coordinadora Nacional de Legisladoras Locales del Organismo Nacional de Mujeres Priistas (Onmpri). <\/p>\n<p>La toma de protesta se realiz\u00f3 este 15 de noviembre y estuvo a cargo de la diputada Carolina Monroy, quien se desempe\u00f1a tambi\u00e9n como secretaria general del Partido Revolucionario Institucional (PRI).  <\/p>\n<p>Durante el evento, Dunia Ludlow destac\u00f3 que las mujeres pertenecientes al Onmpri trabajan d\u00eda a d\u00eda para consolidar la igualdad de g\u00e9nero. Dijo que desde el Organismo se dan pasos firmes hacia un M\u00e9xico sin discriminaci\u00f3n por motivos de g\u00e9nero. <\/p>\n<p>La legisladora capitalina se\u00f1al\u00f3 que el nuevo cargo representa grandes retos, sobre todo ante un panorama en el que los obst\u00e1culos se siguen presentando. En este sentido, a\u00f1adi\u00f3: \u201clas mujeres no nos vamos a esperar, nosotras mismas vamos a construir un mundo mejor\u201d. <\/p>\n<p>Por su parte, Carolina Monroy se dijo honrada de encabezar la toma de protesta a la nueva coordinadora. Apunt\u00f3 que las legisladoras priistas \u201cdebemos negociar con los hombres de poder, siempre con la fuerza de mujer\u00bb.<\/p>\n","protected":false},"excerpt":{"rendered":"<p>La toma de protesta estuvo a cargo de Carolina Monroy, secretaria general del Revolucionario Institucional<\/p>\n","protected":false},"author":47,"featured_media":44041,"comment_status":"open","ping_status":"closed","sticky":false,"template":"","format":"standard","meta":{"om_disable_all_campaigns":false,"inline_featured_image":false,"_monsterinsights_skip_tracking":false,"_monsterinsights_sitenote_active":false,"_monsterinsights_sitenote_note":"","_monsterinsights_sitenote_category":0,"footnotes":""},"categories":[80],"tags":[8934,7929,8936,8935],"class_list":["post-44040","post","type-post","status-publish","format-standard","has-post-thumbnail","hentry","category-actualidad","tag-coordinadora-nacional-de-legisladoras-locales","tag-dunia-ludlow-deloya","tag-onmpri","tag-organismo-nacional-de-mujeres-priistas"],"yoast_head":"<!-- This site is optimized with the Yoast SEO plugin v27.4 - https:\/\/yoast.com\/product\/yoast-seo-wordpress\/ -->\n<title>Dunia Ludlow, nueva coordinadora de las legisladoras locales del PRI -<\/title>\n<meta name=\"description\" content=\"Dunia Ludlow, presidenta de la Comisi\u00f3n de Vivienda de la Asamblea Legislativa del Distrito Federal (ALDF) fue nombrada Coordinadora Nacional de Legisladoras Locales del Organismo Nacional de Mujeres Priistas (Onmpri).\" \/>\n<meta name=\"robots\" content=\"index, follow, max-snippet:-1, max-image-preview:large, max-video-preview:-1\" \/>\n<link rel=\"canonical\" href=\"https:\/\/centrourbano.com\/revista\/actualidad\/dunia-ludlow-nueva-coordinadora-las-legisladoras-locales-del-pri\/\" \/>\n<meta property=\"og:locale\" content=\"es_ES\" \/>\n<meta property=\"og:type\" content=\"article\" \/>\n<meta property=\"og:title\" content=\"Dunia Ludlow, nueva coordinadora de las legisladoras locales del PRI -\" \/>\n<meta property=\"og:description\" content=\"Dunia Ludlow, presidenta de la Comisi\u00f3n de Vivienda de la Asamblea Legislativa del Distrito Federal (ALDF) fue nombrada Coordinadora Nacional de Legisladoras Locales del Organismo Nacional de Mujeres Priistas (Onmpri).\" \/>\n<meta property=\"og:url\" content=\"https:\/\/centrourbano.com\/revista\/actualidad\/dunia-ludlow-nueva-coordinadora-las-legisladoras-locales-del-pri\/\" \/>\n<meta property=\"og:site_name\" content=\"Centro Urbano\" \/>\n<meta property=\"article:publisher\" content=\"https:\/\/www.facebook.com\/portalcentrourbano\" \/>\n<meta property=\"article:published_time\" content=\"2016-11-16T22:47:21+00:00\" \/>\n<meta property=\"article:modified_time\" content=\"2016-11-16T22:49:57+00:00\" \/>\n<meta property=\"og:image\" content=\"https:\/\/centrourbano.com\/revista\/wp-content\/uploads\/Dunia.jpg\" \/>\n\t<meta property=\"og:image:width\" content=\"1200\" \/>\n\t<meta property=\"og:image:height\" content=\"770\" \/>\n\t<meta property=\"og:image:type\" content=\"image\/jpeg\" \/>\n<meta name=\"author\" content=\"Edgar Rosas\" \/>\n<meta name=\"twitter:card\" content=\"summary_large_image\" \/>\n<meta name=\"twitter:creator\" content=\"@https:\/\/twitter.com\/ERosasCU?s=09\" \/>\n<meta name=\"twitter:site\" content=\"@CentroUrbano\" \/>\n<meta name=\"twitter:label1\" content=\"Escrito por\" \/>\n\t<meta name=\"twitter:data1\" content=\"Edgar Rosas\" \/>\n\t<meta name=\"twitter:label2\" content=\"Tiempo de lectura\" \/>\n\t<meta name=\"twitter:data2\" content=\"1 minuto\" \/>\n<script type=\"application\/ld+json\" class=\"yoast-schema-graph\">{\"@context\":\"https:\\\/\\\/schema.org\",\"@graph\":[{\"@type\":\"Article\",\"@id\":\"https:\\\/\\\/centrourbano.com\\\/revista\\\/actualidad\\\/dunia-ludlow-nueva-coordinadora-las-legisladoras-locales-del-pri\\\/#article\",\"isPartOf\":{\"@id\":\"https:\\\/\\\/centrourbano.com\\\/revista\\\/actualidad\\\/dunia-ludlow-nueva-coordinadora-las-legisladoras-locales-del-pri\\\/\"},\"author\":{\"name\":\"Edgar Rosas\",\"@id\":\"https:\\\/\\\/centrourbano.com\\\/revista\\\/#\\\/schema\\\/person\\\/ff3c00651ce5b1630479d2cd0c2e3ac0\"},\"headline\":\"Dunia Ludlow, nueva coordinadora de las legisladoras locales del PRI\",\"datePublished\":\"2016-11-16T22:47:21+00:00\",\"dateModified\":\"2016-11-16T22:49:57+00:00\",\"mainEntityOfPage\":{\"@id\":\"https:\\\/\\\/centrourbano.com\\\/revista\\\/actualidad\\\/dunia-ludlow-nueva-coordinadora-las-legisladoras-locales-del-pri\\\/\"},\"wordCount\":216,\"commentCount\":0,\"publisher\":{\"@id\":\"https:\\\/\\\/centrourbano.com\\\/revista\\\/#organization\"},\"image\":{\"@id\":\"https:\\\/\\\/centrourbano.com\\\/revista\\\/actualidad\\\/dunia-ludlow-nueva-coordinadora-las-legisladoras-locales-del-pri\\\/#primaryimage\"},\"thumbnailUrl\":\"https:\\\/\\\/centrourbano.com\\\/revista\\\/wp-content\\\/uploads\\\/Dunia.jpg\",\"keywords\":[\"Coordinadora Nacional de Legisladoras Locales\",\"Dunia Ludlow Deloya\",\"Onmpri\",\"Organismo Nacional de Mujeres Priistas\"],\"articleSection\":[\"Actualidad\"],\"inLanguage\":\"es\",\"potentialAction\":[{\"@type\":\"CommentAction\",\"name\":\"Comment\",\"target\":[\"https:\\\/\\\/centrourbano.com\\\/revista\\\/actualidad\\\/dunia-ludlow-nueva-coordinadora-las-legisladoras-locales-del-pri\\\/#respond\"]}]},{\"@type\":\"WebPage\",\"@id\":\"https:\\\/\\\/centrourbano.com\\\/revista\\\/actualidad\\\/dunia-ludlow-nueva-coordinadora-las-legisladoras-locales-del-pri\\\/\",\"url\":\"https:\\\/\\\/centrourbano.com\\\/revista\\\/actualidad\\\/dunia-ludlow-nueva-coordinadora-las-legisladoras-locales-del-pri\\\/\",\"name\":\"Dunia Ludlow, nueva coordinadora de las legisladoras locales del PRI -\",\"isPartOf\":{\"@id\":\"https:\\\/\\\/centrourbano.com\\\/revista\\\/#website\"},\"primaryImageOfPage\":{\"@id\":\"https:\\\/\\\/centrourbano.com\\\/revista\\\/actualidad\\\/dunia-ludlow-nueva-coordinadora-las-legisladoras-locales-del-pri\\\/#primaryimage\"},\"image\":{\"@id\":\"https:\\\/\\\/centrourbano.com\\\/revista\\\/actualidad\\\/dunia-ludlow-nueva-coordinadora-las-legisladoras-locales-del-pri\\\/#primaryimage\"},\"thumbnailUrl\":\"https:\\\/\\\/centrourbano.com\\\/revista\\\/wp-content\\\/uploads\\\/Dunia.jpg\",\"datePublished\":\"2016-11-16T22:47:21+00:00\",\"dateModified\":\"2016-11-16T22:49:57+00:00\",\"description\":\"Dunia Ludlow, presidenta de la Comisi\u00f3n de Vivienda de la Asamblea Legislativa del Distrito Federal (ALDF) fue nombrada Coordinadora Nacional de Legisladoras Locales del Organismo Nacional de Mujeres Priistas (Onmpri).\",\"breadcrumb\":{\"@id\":\"https:\\\/\\\/centrourbano.com\\\/revista\\\/actualidad\\\/dunia-ludlow-nueva-coordinadora-las-legisladoras-locales-del-pri\\\/#breadcrumb\"},\"inLanguage\":\"es\",\"potentialAction\":[{\"@type\":\"ReadAction\",\"target\":[\"https:\\\/\\\/centrourbano.com\\\/revista\\\/actualidad\\\/dunia-ludlow-nueva-coordinadora-las-legisladoras-locales-del-pri\\\/\"]}]},{\"@type\":\"ImageObject\",\"inLanguage\":\"es\",\"@id\":\"https:\\\/\\\/centrourbano.com\\\/revista\\\/actualidad\\\/dunia-ludlow-nueva-coordinadora-las-legisladoras-locales-del-pri\\\/#primaryimage\",\"url\":\"https:\\\/\\\/centrourbano.com\\\/revista\\\/wp-content\\\/uploads\\\/Dunia.jpg\",\"contentUrl\":\"https:\\\/\\\/centrourbano.com\\\/revista\\\/wp-content\\\/uploads\\\/Dunia.jpg\",\"width\":1200,\"height\":770,\"caption\":\"La toma de protesta estuvo a cargo de Carolina Monroy, secretaria general del Revolucionario Institucional\"},{\"@type\":\"BreadcrumbList\",\"@id\":\"https:\\\/\\\/centrourbano.com\\\/revista\\\/actualidad\\\/dunia-ludlow-nueva-coordinadora-las-legisladoras-locales-del-pri\\\/#breadcrumb\",\"itemListElement\":[{\"@type\":\"ListItem\",\"position\":1,\"name\":\"Portada\",\"item\":\"https:\\\/\\\/centrourbano.com\\\/revista\\\/\"},{\"@type\":\"ListItem\",\"position\":2,\"name\":\"Dunia Ludlow, nueva coordinadora de las legisladoras locales del PRI\"}]},{\"@type\":\"WebSite\",\"@id\":\"https:\\\/\\\/centrourbano.com\\\/revista\\\/#website\",\"url\":\"https:\\\/\\\/centrourbano.com\\\/revista\\\/\",\"name\":\"Centro Urbano\",\"description\":\"Medio especializado en los sectores vivienda, inmobiliario, construcci\u00f3n, arquitectura y urbanismo.\",\"publisher\":{\"@id\":\"https:\\\/\\\/centrourbano.com\\\/revista\\\/#organization\"},\"potentialAction\":[{\"@type\":\"SearchAction\",\"target\":{\"@type\":\"EntryPoint\",\"urlTemplate\":\"https:\\\/\\\/centrourbano.com\\\/revista\\\/?s={search_term_string}\"},\"query-input\":{\"@type\":\"PropertyValueSpecification\",\"valueRequired\":true,\"valueName\":\"search_term_string\"}}],\"inLanguage\":\"es\"},{\"@type\":\"Organization\",\"@id\":\"https:\\\/\\\/centrourbano.com\\\/revista\\\/#organization\",\"name\":\"Centro Urbano\",\"url\":\"https:\\\/\\\/centrourbano.com\\\/revista\\\/\",\"logo\":{\"@type\":\"ImageObject\",\"inLanguage\":\"es\",\"@id\":\"https:\\\/\\\/centrourbano.com\\\/revista\\\/#\\\/schema\\\/logo\\\/image\\\/\",\"url\":\"https:\\\/\\\/centrourbano.com\\\/revista\\\/wp-content\\\/uploads\\\/web_CU_logo-1.png\",\"contentUrl\":\"https:\\\/\\\/centrourbano.com\\\/revista\\\/wp-content\\\/uploads\\\/web_CU_logo-1.png\",\"width\":350,\"height\":91,\"caption\":\"Centro Urbano\"},\"image\":{\"@id\":\"https:\\\/\\\/centrourbano.com\\\/revista\\\/#\\\/schema\\\/logo\\\/image\\\/\"},\"sameAs\":[\"https:\\\/\\\/www.facebook.com\\\/portalcentrourbano\",\"https:\\\/\\\/x.com\\\/CentroUrbano\",\"https:\\\/\\\/www.instagram.com\\\/centro_urbano\\\/\",\"https:\\\/\\\/www.linkedin.com\\\/company\\\/centro-urbano\\\/\",\"http:\\\/\\\/www.youtube.com\\\/user\\\/portalcentrourbano\"]},{\"@type\":\"Person\",\"@id\":\"https:\\\/\\\/centrourbano.com\\\/revista\\\/#\\\/schema\\\/person\\\/ff3c00651ce5b1630479d2cd0c2e3ac0\",\"name\":\"Edgar Rosas\",\"image\":{\"@type\":\"ImageObject\",\"inLanguage\":\"es\",\"@id\":\"https:\\\/\\\/secure.gravatar.com\\\/avatar\\\/94440c4283495211faa5300bf85e80061036b83fced868c3783aa1310b350d9c?s=96&d=mm&r=g\",\"url\":\"https:\\\/\\\/secure.gravatar.com\\\/avatar\\\/94440c4283495211faa5300bf85e80061036b83fced868c3783aa1310b350d9c?s=96&d=mm&r=g\",\"contentUrl\":\"https:\\\/\\\/secure.gravatar.com\\\/avatar\\\/94440c4283495211faa5300bf85e80061036b83fced868c3783aa1310b350d9c?s=96&d=mm&r=g\",\"caption\":\"Edgar Rosas\"},\"description\":\"Editor en Jefe de Centro Urbano. Egresado de la maestr\u00eda en Periodismo Pol\u00edtico de la Escuela de Periodismo Carlos Septi\u00e9n Garc\u00eda (EPCSG). Estudi\u00f3 la licenciatura en Comunicaci\u00f3n en la Universidad Mexicana. Amante de la cr\u00f3nica y el reportaje. Admirador de Vicente Le\u00f1ero y Miguel \u00c1ngel Granados Chapa.\",\"sameAs\":[\"https:\\\/\\\/x.com\\\/https:\\\/\\\/twitter.com\\\/ERosasCU?s=09\"],\"url\":\"https:\\\/\\\/centrourbano.com\\\/revista\\\/author\\\/edgar-rosas\\\/\"}]}<\/script>\n<!-- \/ Yoast SEO plugin. -->","yoast_head_json":{"title":"Dunia Ludlow, nueva coordinadora de las legisladoras locales del PRI -","description":"Dunia Ludlow, presidenta de la Comisi\u00f3n de Vivienda de la Asamblea Legislativa del Distrito Federal (ALDF) fue nombrada Coordinadora Nacional de Legisladoras Locales del Organismo Nacional de Mujeres Priistas (Onmpri).","robots":{"index":"index","follow":"follow","max-snippet":"max-snippet:-1","max-image-preview":"max-image-preview:large","max-video-preview":"max-video-preview:-1"},"canonical":"https:\/\/centrourbano.com\/revista\/actualidad\/dunia-ludlow-nueva-coordinadora-las-legisladoras-locales-del-pri\/","og_locale":"es_ES","og_type":"article","og_title":"Dunia Ludlow, nueva coordinadora de las legisladoras locales del PRI -","og_description":"Dunia Ludlow, presidenta de la Comisi\u00f3n de Vivienda de la Asamblea Legislativa del Distrito Federal (ALDF) fue nombrada Coordinadora Nacional de Legisladoras Locales del Organismo Nacional de Mujeres Priistas (Onmpri).","og_url":"https:\/\/centrourbano.com\/revista\/actualidad\/dunia-ludlow-nueva-coordinadora-las-legisladoras-locales-del-pri\/","og_site_name":"Centro Urbano","article_publisher":"https:\/\/www.facebook.com\/portalcentrourbano","article_published_time":"2016-11-16T22:47:21+00:00","article_modified_time":"2016-11-16T22:49:57+00:00","og_image":[{"width":1200,"height":770,"url":"https:\/\/centrourbano.com\/revista\/wp-content\/uploads\/Dunia.jpg","type":"image\/jpeg"}],"author":"Edgar Rosas","twitter_card":"summary_large_image","twitter_creator":"@https:\/\/twitter.com\/ERosasCU?s=09","twitter_site":"@CentroUrbano","twitter_misc":{"Escrito por":"Edgar Rosas","Tiempo de lectura":"1 minuto"},"schema":{"@context":"https:\/\/schema.org","@graph":[{"@type":"Article","@id":"https:\/\/centrourbano.com\/revista\/actualidad\/dunia-ludlow-nueva-coordinadora-las-legisladoras-locales-del-pri\/#article","isPartOf":{"@id":"https:\/\/centrourbano.com\/revista\/actualidad\/dunia-ludlow-nueva-coordinadora-las-legisladoras-locales-del-pri\/"},"author":{"name":"Edgar Rosas","@id":"https:\/\/centrourbano.com\/revista\/#\/schema\/person\/ff3c00651ce5b1630479d2cd0c2e3ac0"},"headline":"Dunia Ludlow, nueva coordinadora de las legisladoras locales del PRI","datePublished":"2016-11-16T22:47:21+00:00","dateModified":"2016-11-16T22:49:57+00:00","mainEntityOfPage":{"@id":"https:\/\/centrourbano.com\/revista\/actualidad\/dunia-ludlow-nueva-coordinadora-las-legisladoras-locales-del-pri\/"},"wordCount":216,"commentCount":0,"publisher":{"@id":"https:\/\/centrourbano.com\/revista\/#organization"},"image":{"@id":"https:\/\/centrourbano.com\/revista\/actualidad\/dunia-ludlow-nueva-coordinadora-las-legisladoras-locales-del-pri\/#primaryimage"},"thumbnailUrl":"https:\/\/centrourbano.com\/revista\/wp-content\/uploads\/Dunia.jpg","keywords":["Coordinadora Nacional de Legisladoras Locales","Dunia Ludlow Deloya","Onmpri","Organismo Nacional de Mujeres Priistas"],"articleSection":["Actualidad"],"inLanguage":"es","potentialAction":[{"@type":"CommentAction","name":"Comment","target":["https:\/\/centrourbano.com\/revista\/actualidad\/dunia-ludlow-nueva-coordinadora-las-legisladoras-locales-del-pri\/#respond"]}]},{"@type":"WebPage","@id":"https:\/\/centrourbano.com\/revista\/actualidad\/dunia-ludlow-nueva-coordinadora-las-legisladoras-locales-del-pri\/","url":"https:\/\/centrourbano.com\/revista\/actualidad\/dunia-ludlow-nueva-coordinadora-las-legisladoras-locales-del-pri\/","name":"Dunia Ludlow, nueva coordinadora de las legisladoras locales del PRI -","isPartOf":{"@id":"https:\/\/centrourbano.com\/revista\/#website"},"primaryImageOfPage":{"@id":"https:\/\/centrourbano.com\/revista\/actualidad\/dunia-ludlow-nueva-coordinadora-las-legisladoras-locales-del-pri\/#primaryimage"},"image":{"@id":"https:\/\/centrourbano.com\/revista\/actualidad\/dunia-ludlow-nueva-coordinadora-las-legisladoras-locales-del-pri\/#primaryimage"},"thumbnailUrl":"https:\/\/centrourbano.com\/revista\/wp-content\/uploads\/Dunia.jpg","datePublished":"2016-11-16T22:47:21+00:00","dateModified":"2016-11-16T22:49:57+00:00","description":"Dunia Ludlow, presidenta de la Comisi\u00f3n de Vivienda de la Asamblea Legislativa del Distrito Federal (ALDF) fue nombrada Coordinadora Nacional de Legisladoras Locales del Organismo Nacional de Mujeres Priistas (Onmpri).","breadcrumb":{"@id":"https:\/\/centrourbano.com\/revista\/actualidad\/dunia-ludlow-nueva-coordinadora-las-legisladoras-locales-del-pri\/#breadcrumb"},"inLanguage":"es","potentialAction":[{"@type":"ReadAction","target":["https:\/\/centrourbano.com\/revista\/actualidad\/dunia-ludlow-nueva-coordinadora-las-legisladoras-locales-del-pri\/"]}]},{"@type":"ImageObject","inLanguage":"es","@id":"https:\/\/centrourbano.com\/revista\/actualidad\/dunia-ludlow-nueva-coordinadora-las-legisladoras-locales-del-pri\/#primaryimage","url":"https:\/\/centrourbano.com\/revista\/wp-content\/uploads\/Dunia.jpg","contentUrl":"https:\/\/centrourbano.com\/revista\/wp-content\/uploads\/Dunia.jpg","width":1200,"height":770,"caption":"La toma de protesta estuvo a cargo de Carolina Monroy, secretaria general del Revolucionario Institucional"},{"@type":"BreadcrumbList","@id":"https:\/\/centrourbano.com\/revista\/actualidad\/dunia-ludlow-nueva-coordinadora-las-legisladoras-locales-del-pri\/#breadcrumb","itemListElement":[{"@type":"ListItem","position":1,"name":"Portada","item":"https:\/\/centrourbano.com\/revista\/"},{"@type":"ListItem","position":2,"name":"Dunia Ludlow, nueva coordinadora de las legisladoras locales del PRI"}]},{"@type":"WebSite","@id":"https:\/\/centrourbano.com\/revista\/#website","url":"https:\/\/centrourbano.com\/revista\/","name":"Centro Urbano","description":"Medio especializado en los sectores vivienda, inmobiliario, construcci\u00f3n, arquitectura y urbanismo.","publisher":{"@id":"https:\/\/centrourbano.com\/revista\/#organization"},"potentialAction":[{"@type":"SearchAction","target":{"@type":"EntryPoint","urlTemplate":"https:\/\/centrourbano.com\/revista\/?s={search_term_string}"},"query-input":{"@type":"PropertyValueSpecification","valueRequired":true,"valueName":"search_term_string"}}],"inLanguage":"es"},{"@type":"Organization","@id":"https:\/\/centrourbano.com\/revista\/#organization","name":"Centro Urbano","url":"https:\/\/centrourbano.com\/revista\/","logo":{"@type":"ImageObject","inLanguage":"es","@id":"https:\/\/centrourbano.com\/revista\/#\/schema\/logo\/image\/","url":"https:\/\/centrourbano.com\/revista\/wp-content\/uploads\/web_CU_logo-1.png","contentUrl":"https:\/\/centrourbano.com\/revista\/wp-content\/uploads\/web_CU_logo-1.png","width":350,"height":91,"caption":"Centro Urbano"},"image":{"@id":"https:\/\/centrourbano.com\/revista\/#\/schema\/logo\/image\/"},"sameAs":["https:\/\/www.facebook.com\/portalcentrourbano","https:\/\/x.com\/CentroUrbano","https:\/\/www.instagram.com\/centro_urbano\/","https:\/\/www.linkedin.com\/company\/centro-urbano\/","http:\/\/www.youtube.com\/user\/portalcentrourbano"]},{"@type":"Person","@id":"https:\/\/centrourbano.com\/revista\/#\/schema\/person\/ff3c00651ce5b1630479d2cd0c2e3ac0","name":"Edgar Rosas","image":{"@type":"ImageObject","inLanguage":"es","@id":"https:\/\/secure.gravatar.com\/avatar\/94440c4283495211faa5300bf85e80061036b83fced868c3783aa1310b350d9c?s=96&d=mm&r=g","url":"https:\/\/secure.gravatar.com\/avatar\/94440c4283495211faa5300bf85e80061036b83fced868c3783aa1310b350d9c?s=96&d=mm&r=g","contentUrl":"https:\/\/secure.gravatar.com\/avatar\/94440c4283495211faa5300bf85e80061036b83fced868c3783aa1310b350d9c?s=96&d=mm&r=g","caption":"Edgar Rosas"},"description":"Editor en Jefe de Centro Urbano. Egresado de la maestr\u00eda en Periodismo Pol\u00edtico de la Escuela de Periodismo Carlos Septi\u00e9n Garc\u00eda (EPCSG). Estudi\u00f3 la licenciatura en Comunicaci\u00f3n en la Universidad Mexicana. Amante de la cr\u00f3nica y el reportaje. Admirador de Vicente Le\u00f1ero y Miguel \u00c1ngel Granados Chapa.","sameAs":["https:\/\/x.com\/https:\/\/twitter.com\/ERosasCU?s=09"],"url":"https:\/\/centrourbano.com\/revista\/author\/edgar-rosas\/"}]}},"_links":{"self":[{"href":"https:\/\/centrourbano.com\/revista\/wp-json\/wp\/v2\/posts\/44040","targetHints":{"allow":["GET"]}}],"collection":[{"href":"https:\/\/centrourbano.com\/revista\/wp-json\/wp\/v2\/posts"}],"about":[{"href":"https:\/\/centrourbano.com\/revista\/wp-json\/wp\/v2\/types\/post"}],"author":[{"embeddable":true,"href":"https:\/\/centrourbano.com\/revista\/wp-json\/wp\/v2\/users\/47"}],"replies":[{"embeddable":true,"href":"https:\/\/centrourbano.com\/revista\/wp-json\/wp\/v2\/comments?post=44040"}],"version-history":[{"count":0,"href":"https:\/\/centrourbano.com\/revista\/wp-json\/wp\/v2\/posts\/44040\/revisions"}],"wp:featuredmedia":[{"embeddable":true,"href":"https:\/\/centrourbano.com\/revista\/wp-json\/wp\/v2\/media\/44041"}],"wp:attachment":[{"href":"https:\/\/centrourbano.com\/revista\/wp-json\/wp\/v2\/media?parent=44040"}],"wp:term":[{"taxonomy":"category","embeddable":true,"href":"https:\/\/centrourbano.com\/revista\/wp-json\/wp\/v2\/categories?post=44040"},{"taxonomy":"post_tag","embeddable":true,"href":"https:\/\/centrourbano.com\/revista\/wp-json\/wp\/v2\/tags?post=44040"}],"curies":[{"name":"wp","href":"https:\/\/api.w.org\/{rel}","templated":true}]}}