{"id":43850,"date":"2016-11-14T17:12:35","date_gmt":"2016-11-14T23:12:35","guid":{"rendered":"https:\/\/centrourbano.com\/?p=43850"},"modified":"2016-11-14T17:15:42","modified_gmt":"2016-11-14T23:15:42","slug":"compromiso-del-infonavit-garantizar-vivienda-digna-penchyna","status":"publish","type":"post","link":"https:\/\/centrourbano.com\/revista\/vivienda\/compromiso-del-infonavit-garantizar-vivienda-digna-penchyna\/","title":{"rendered":"Garantizar vivienda digna, compromiso del Infonavit: Penchyna"},"content":{"rendered":"<p><em>El director del Instituto sostuvo que la Cumbre de Financiamiento a la Vivienda que organiza el  Infonavit tiene un alto sentido social <\/em><!--more--><\/p>\n<p>David Penchyna Grub, director del Infonavit, se\u00f1al\u00f3 que la Pol\u00edtica de Vivienda implementada en la actual administraci\u00f3n es la correcta, pues \u201cha asumido el compromiso de garantizar a mexicanos el acceso a vivienda digna\u201d. <\/p>\n<p>Al participar en la inauguraci\u00f3n de la Cumbre Infonavit de Financiamiento a la Vivienda 2016, Penchyna Grub destac\u00f3 que el reto del Instituto es brindar a los trabajadores la posibilidad de obtener una casa. Dijo que el Infonavit entrega cr\u00e9ditos con una visi\u00f3n distinta a como se hac\u00eda en el pasado. <\/p>\n<p>\u201cEntendimos que no son paredes y muros fr\u00edos en la edificaci\u00f3n de una vivienda, sino que adentro viven personas, que tienen hijos, asisten a un trabajo, que el interior de una casa es su patria chica y conviven en la construcci\u00f3n de sue\u00f1os\u201d, indic\u00f3. <\/p>\n<p>El director del Infonavit se\u00f1al\u00f3 que la Cumbre debe tener como resultado el poder brindar m\u00e1s y mejores soluciones a la derechohabiensa. Adem\u00e1s, dijo, el evento tiene un alto sentido social y es el de \u201cconformar ciudades, con mejores hogares, para lograr un mejor pa\u00eds\u201d. <\/p>\n<p>\u201cDebemos brindar soluciones no s\u00f3lo de vivienda nueva o usada, sino tambi\u00e9n a aquel que quiere mejorar su casa o ampliarla, que tiene un terreno y desea construir en \u00e9l, sea de propiedad privada o ejidal; aquellas combinaciones que en el mundo financiero, de manera sana, manteniendo la solidez de esta instituci\u00f3n, genere un patrimonio al combinar el potencial  del Infonavit con la banca privada\u201d, dijo. <\/p>\n","protected":false},"excerpt":{"rendered":"<p>El director del Instituto sostuvo que la Cumbre de Financiamiento a la Vivienda que organiza el Infonavit tiene un alto sentido social<\/p>\n","protected":false},"author":77,"featured_media":43851,"comment_status":"open","ping_status":"closed","sticky":false,"template":"","format":"standard","meta":{"inline_featured_image":false,"footnotes":""},"categories":[12],"tags":[8915,7853,100],"class_list":["post-43850","post","type-post","status-publish","format-standard","has-post-thumbnail","hentry","category-vivienda","tag-cumbre-infonavit-de-financiamiento-a-la-vivienda-2016","tag-david-penchyna-grub","tag-infonavit"],"yoast_head":"<!-- This site is optimized with the Yoast SEO plugin v28.4 - https:\/\/yoast.com\/product\/yoast-seo-wordpress\/ -->\n<title>Garantizar vivienda digna, compromiso del Infonavit: Penchyna -<\/title>\n<meta name=\"description\" content=\"David Penchyna Grub, director del Infonavit, se\u00f1al\u00f3 que la Pol\u00edtica de Vivienda implementada en la actual administraci\u00f3n es la correcta, pues \u201cha asumido el compromiso de garantizar a mexicanos el acceso a vivienda digna\u201d.\" \/>\n<meta name=\"robots\" content=\"index, follow, max-snippet:-1, max-image-preview:large, max-video-preview:-1\" \/>\n<link rel=\"canonical\" href=\"https:\/\/centrourbano.com\/revista\/vivienda\/compromiso-del-infonavit-garantizar-vivienda-digna-penchyna\/\" \/>\n<meta property=\"og:locale\" content=\"es_ES\" \/>\n<meta property=\"og:type\" content=\"article\" \/>\n<meta property=\"og:title\" content=\"Garantizar vivienda digna, compromiso del Infonavit: Penchyna -\" \/>\n<meta property=\"og:description\" content=\"David Penchyna Grub, director del Infonavit, se\u00f1al\u00f3 que la Pol\u00edtica de Vivienda implementada en la actual administraci\u00f3n es la correcta, pues \u201cha asumido el compromiso de garantizar a mexicanos el acceso a vivienda digna\u201d.\" \/>\n<meta property=\"og:url\" content=\"https:\/\/centrourbano.com\/revista\/vivienda\/compromiso-del-infonavit-garantizar-vivienda-digna-penchyna\/\" \/>\n<meta property=\"og:site_name\" content=\"Centro Urbano\" \/>\n<meta property=\"article:publisher\" content=\"https:\/\/www.facebook.com\/portalcentrourbano\" \/>\n<meta property=\"article:published_time\" content=\"2016-11-14T23:12:35+00:00\" \/>\n<meta property=\"article:modified_time\" content=\"2016-11-14T23:15:42+00:00\" \/>\n<meta property=\"og:image\" content=\"https:\/\/centrourbano.com\/revista\/wp-content\/uploads\/5-1.jpg\" \/>\n\t<meta property=\"og:image:width\" content=\"640\" \/>\n\t<meta property=\"og:image:height\" content=\"428\" \/>\n\t<meta property=\"og:image:type\" content=\"image\/jpeg\" \/>\n<meta name=\"author\" content=\"G4A\" \/>\n<meta name=\"twitter:card\" content=\"summary_large_image\" \/>\n<meta name=\"twitter:creator\" content=\"@CentroUrbano\" \/>\n<meta name=\"twitter:site\" content=\"@CentroUrbano\" \/>\n<meta name=\"twitter:label1\" content=\"Escrito por\" \/>\n\t<meta name=\"twitter:data1\" content=\"G4A\" \/>\n\t<meta name=\"twitter:label2\" content=\"Tiempo de lectura\" \/>\n\t<meta name=\"twitter:data2\" content=\"1 minuto\" \/>\n<script type=\"application\/ld+json\" class=\"yoast-schema-graph\">{\"@context\":\"https:\\\/\\\/schema.org\",\"@graph\":[{\"@type\":\"Article\",\"@id\":\"https:\\\/\\\/centrourbano.com\\\/revista\\\/vivienda\\\/compromiso-del-infonavit-garantizar-vivienda-digna-penchyna\\\/#article\",\"isPartOf\":{\"@id\":\"https:\\\/\\\/centrourbano.com\\\/revista\\\/vivienda\\\/compromiso-del-infonavit-garantizar-vivienda-digna-penchyna\\\/\"},\"author\":{\"name\":\"G4A\",\"@id\":\"https:\\\/\\\/centrourbano.com\\\/revista\\\/#\\\/schema\\\/person\\\/370fa0ba2d8dd5bde3fdb8b62ad360aa\"},\"headline\":\"Garantizar vivienda digna, compromiso del Infonavit: Penchyna\",\"datePublished\":\"2016-11-14T23:12:35+00:00\",\"dateModified\":\"2016-11-14T23:15:42+00:00\",\"mainEntityOfPage\":{\"@id\":\"https:\\\/\\\/centrourbano.com\\\/revista\\\/vivienda\\\/compromiso-del-infonavit-garantizar-vivienda-digna-penchyna\\\/\"},\"wordCount\":286,\"commentCount\":0,\"publisher\":{\"@id\":\"https:\\\/\\\/centrourbano.com\\\/revista\\\/#organization\"},\"image\":{\"@id\":\"https:\\\/\\\/centrourbano.com\\\/revista\\\/vivienda\\\/compromiso-del-infonavit-garantizar-vivienda-digna-penchyna\\\/#primaryimage\"},\"thumbnailUrl\":\"https:\\\/\\\/centrourbano.com\\\/revista\\\/wp-content\\\/uploads\\\/5-1.jpg\",\"keywords\":[\"Cumbre INFONAVIT de Financiamiento a la Vivienda 2016\",\"David Penchyna Grub\",\"Infonavit\"],\"articleSection\":[\"Vivienda\"],\"inLanguage\":\"es\"},{\"@type\":\"WebPage\",\"@id\":\"https:\\\/\\\/centrourbano.com\\\/revista\\\/vivienda\\\/compromiso-del-infonavit-garantizar-vivienda-digna-penchyna\\\/\",\"url\":\"https:\\\/\\\/centrourbano.com\\\/revista\\\/vivienda\\\/compromiso-del-infonavit-garantizar-vivienda-digna-penchyna\\\/\",\"name\":\"Garantizar vivienda digna, compromiso del Infonavit: Penchyna -\",\"isPartOf\":{\"@id\":\"https:\\\/\\\/centrourbano.com\\\/revista\\\/#website\"},\"primaryImageOfPage\":{\"@id\":\"https:\\\/\\\/centrourbano.com\\\/revista\\\/vivienda\\\/compromiso-del-infonavit-garantizar-vivienda-digna-penchyna\\\/#primaryimage\"},\"image\":{\"@id\":\"https:\\\/\\\/centrourbano.com\\\/revista\\\/vivienda\\\/compromiso-del-infonavit-garantizar-vivienda-digna-penchyna\\\/#primaryimage\"},\"thumbnailUrl\":\"https:\\\/\\\/centrourbano.com\\\/revista\\\/wp-content\\\/uploads\\\/5-1.jpg\",\"datePublished\":\"2016-11-14T23:12:35+00:00\",\"dateModified\":\"2016-11-14T23:15:42+00:00\",\"description\":\"David Penchyna Grub, director del Infonavit, se\u00f1al\u00f3 que la Pol\u00edtica de Vivienda implementada en la actual administraci\u00f3n es la correcta, pues \u201cha asumido el compromiso de garantizar a mexicanos el acceso a vivienda digna\u201d.\",\"breadcrumb\":{\"@id\":\"https:\\\/\\\/centrourbano.com\\\/revista\\\/vivienda\\\/compromiso-del-infonavit-garantizar-vivienda-digna-penchyna\\\/#breadcrumb\"},\"inLanguage\":\"es\",\"potentialAction\":[{\"@type\":\"ReadAction\",\"target\":[\"https:\\\/\\\/centrourbano.com\\\/revista\\\/vivienda\\\/compromiso-del-infonavit-garantizar-vivienda-digna-penchyna\\\/\"]}]},{\"@type\":\"ImageObject\",\"inLanguage\":\"es\",\"@id\":\"https:\\\/\\\/centrourbano.com\\\/revista\\\/vivienda\\\/compromiso-del-infonavit-garantizar-vivienda-digna-penchyna\\\/#primaryimage\",\"url\":\"https:\\\/\\\/centrourbano.com\\\/revista\\\/wp-content\\\/uploads\\\/5-1.jpg\",\"contentUrl\":\"https:\\\/\\\/centrourbano.com\\\/revista\\\/wp-content\\\/uploads\\\/5-1.jpg\",\"width\":640,\"height\":428,\"caption\":\"El director del Instituto se\u00f1al\u00f3 que la Cumbre de Financiamiento a la Vivienda que organiza el Infonavit tiene un alto sentido social\"},{\"@type\":\"BreadcrumbList\",\"@id\":\"https:\\\/\\\/centrourbano.com\\\/revista\\\/vivienda\\\/compromiso-del-infonavit-garantizar-vivienda-digna-penchyna\\\/#breadcrumb\",\"itemListElement\":[{\"@type\":\"ListItem\",\"position\":1,\"name\":\"Portada\",\"item\":\"https:\\\/\\\/centrourbano.com\\\/revista\\\/\"},{\"@type\":\"ListItem\",\"position\":2,\"name\":\"Garantizar vivienda digna, compromiso del Infonavit: Penchyna\"}]},{\"@type\":\"WebSite\",\"@id\":\"https:\\\/\\\/centrourbano.com\\\/revista\\\/#website\",\"url\":\"https:\\\/\\\/centrourbano.com\\\/revista\\\/\",\"name\":\"Centro Urbano\",\"description\":\"Medio especializado en los sectores vivienda, inmobiliario, construcci\u00f3n, arquitectura y urbanismo.\",\"publisher\":{\"@id\":\"https:\\\/\\\/centrourbano.com\\\/revista\\\/#organization\"},\"potentialAction\":[{\"@type\":\"SearchAction\",\"target\":{\"@type\":\"EntryPoint\",\"urlTemplate\":\"https:\\\/\\\/centrourbano.com\\\/revista\\\/?s={search_term_string}\"},\"query-input\":{\"@type\":\"PropertyValueSpecification\",\"valueRequired\":true,\"valueName\":\"search_term_string\"}}],\"inLanguage\":\"es\"},{\"@type\":\"Organization\",\"@id\":\"https:\\\/\\\/centrourbano.com\\\/revista\\\/#organization\",\"name\":\"Centro Urbano\",\"url\":\"https:\\\/\\\/centrourbano.com\\\/revista\\\/\",\"logo\":{\"@type\":\"ImageObject\",\"inLanguage\":\"es\",\"@id\":\"https:\\\/\\\/centrourbano.com\\\/revista\\\/#\\\/schema\\\/logo\\\/image\\\/\",\"url\":\"https:\\\/\\\/centrourbano.com\\\/revista\\\/wp-content\\\/uploads\\\/web_CU_logo-1.png\",\"contentUrl\":\"https:\\\/\\\/centrourbano.com\\\/revista\\\/wp-content\\\/uploads\\\/web_CU_logo-1.png\",\"width\":350,\"height\":91,\"caption\":\"Centro Urbano\"},\"image\":{\"@id\":\"https:\\\/\\\/centrourbano.com\\\/revista\\\/#\\\/schema\\\/logo\\\/image\\\/\"},\"sameAs\":[\"https:\\\/\\\/www.facebook.com\\\/portalcentrourbano\",\"https:\\\/\\\/x.com\\\/CentroUrbano\",\"https:\\\/\\\/www.instagram.com\\\/centro_urbano\\\/\",\"https:\\\/\\\/www.linkedin.com\\\/company\\\/centro-urbano\\\/\",\"http:\\\/\\\/www.youtube.com\\\/user\\\/portalcentrourbano\"]},{\"@type\":\"Person\",\"@id\":\"https:\\\/\\\/centrourbano.com\\\/revista\\\/#\\\/schema\\\/person\\\/370fa0ba2d8dd5bde3fdb8b62ad360aa\",\"name\":\"G4A\",\"image\":{\"@type\":\"ImageObject\",\"inLanguage\":\"es\",\"@id\":\"https:\\\/\\\/secure.gravatar.com\\\/avatar\\\/932a97121b13d5de5bbd8193c6c83d3b92c9eda0f39623607d4280e7a5778d97?s=96&d=mm&r=g\",\"url\":\"https:\\\/\\\/secure.gravatar.com\\\/avatar\\\/932a97121b13d5de5bbd8193c6c83d3b92c9eda0f39623607d4280e7a5778d97?s=96&d=mm&r=g\",\"contentUrl\":\"https:\\\/\\\/secure.gravatar.com\\\/avatar\\\/932a97121b13d5de5bbd8193c6c83d3b92c9eda0f39623607d4280e7a5778d97?s=96&d=mm&r=g\",\"caption\":\"G4A\"},\"url\":\"https:\\\/\\\/centrourbano.com\\\/revista\\\/author\\\/admin-g4a\\\/\"}]}<\/script>\n<!-- \/ Yoast SEO plugin. -->","yoast_head_json":{"title":"Garantizar vivienda digna, compromiso del Infonavit: Penchyna -","description":"David Penchyna Grub, director del Infonavit, se\u00f1al\u00f3 que la Pol\u00edtica de Vivienda implementada en la actual administraci\u00f3n es la correcta, pues \u201cha asumido el compromiso de garantizar a mexicanos el acceso a vivienda digna\u201d.","robots":{"index":"index","follow":"follow","max-snippet":"max-snippet:-1","max-image-preview":"max-image-preview:large","max-video-preview":"max-video-preview:-1"},"canonical":"https:\/\/centrourbano.com\/revista\/vivienda\/compromiso-del-infonavit-garantizar-vivienda-digna-penchyna\/","og_locale":"es_ES","og_type":"article","og_title":"Garantizar vivienda digna, compromiso del Infonavit: Penchyna -","og_description":"David Penchyna Grub, director del Infonavit, se\u00f1al\u00f3 que la Pol\u00edtica de Vivienda implementada en la actual administraci\u00f3n es la correcta, pues \u201cha asumido el compromiso de garantizar a mexicanos el acceso a vivienda digna\u201d.","og_url":"https:\/\/centrourbano.com\/revista\/vivienda\/compromiso-del-infonavit-garantizar-vivienda-digna-penchyna\/","og_site_name":"Centro Urbano","article_publisher":"https:\/\/www.facebook.com\/portalcentrourbano","article_published_time":"2016-11-14T23:12:35+00:00","article_modified_time":"2016-11-14T23:15:42+00:00","og_image":[{"width":640,"height":428,"url":"https:\/\/centrourbano.com\/revista\/wp-content\/uploads\/5-1.jpg","type":"image\/jpeg"}],"author":"G4A","twitter_card":"summary_large_image","twitter_creator":"@CentroUrbano","twitter_site":"@CentroUrbano","twitter_misc":{"Escrito por":"G4A","Tiempo de lectura":"1 minuto"},"schema":{"@context":"https:\/\/schema.org","@graph":[{"@type":"Article","@id":"https:\/\/centrourbano.com\/revista\/vivienda\/compromiso-del-infonavit-garantizar-vivienda-digna-penchyna\/#article","isPartOf":{"@id":"https:\/\/centrourbano.com\/revista\/vivienda\/compromiso-del-infonavit-garantizar-vivienda-digna-penchyna\/"},"author":{"name":"G4A","@id":"https:\/\/centrourbano.com\/revista\/#\/schema\/person\/370fa0ba2d8dd5bde3fdb8b62ad360aa"},"headline":"Garantizar vivienda digna, compromiso del Infonavit: Penchyna","datePublished":"2016-11-14T23:12:35+00:00","dateModified":"2016-11-14T23:15:42+00:00","mainEntityOfPage":{"@id":"https:\/\/centrourbano.com\/revista\/vivienda\/compromiso-del-infonavit-garantizar-vivienda-digna-penchyna\/"},"wordCount":286,"commentCount":0,"publisher":{"@id":"https:\/\/centrourbano.com\/revista\/#organization"},"image":{"@id":"https:\/\/centrourbano.com\/revista\/vivienda\/compromiso-del-infonavit-garantizar-vivienda-digna-penchyna\/#primaryimage"},"thumbnailUrl":"https:\/\/centrourbano.com\/revista\/wp-content\/uploads\/5-1.jpg","keywords":["Cumbre INFONAVIT de Financiamiento a la Vivienda 2016","David Penchyna Grub","Infonavit"],"articleSection":["Vivienda"],"inLanguage":"es"},{"@type":"WebPage","@id":"https:\/\/centrourbano.com\/revista\/vivienda\/compromiso-del-infonavit-garantizar-vivienda-digna-penchyna\/","url":"https:\/\/centrourbano.com\/revista\/vivienda\/compromiso-del-infonavit-garantizar-vivienda-digna-penchyna\/","name":"Garantizar vivienda digna, compromiso del Infonavit: Penchyna -","isPartOf":{"@id":"https:\/\/centrourbano.com\/revista\/#website"},"primaryImageOfPage":{"@id":"https:\/\/centrourbano.com\/revista\/vivienda\/compromiso-del-infonavit-garantizar-vivienda-digna-penchyna\/#primaryimage"},"image":{"@id":"https:\/\/centrourbano.com\/revista\/vivienda\/compromiso-del-infonavit-garantizar-vivienda-digna-penchyna\/#primaryimage"},"thumbnailUrl":"https:\/\/centrourbano.com\/revista\/wp-content\/uploads\/5-1.jpg","datePublished":"2016-11-14T23:12:35+00:00","dateModified":"2016-11-14T23:15:42+00:00","description":"David Penchyna Grub, director del Infonavit, se\u00f1al\u00f3 que la Pol\u00edtica de Vivienda implementada en la actual administraci\u00f3n es la correcta, pues \u201cha asumido el compromiso de garantizar a mexicanos el acceso a vivienda digna\u201d.","breadcrumb":{"@id":"https:\/\/centrourbano.com\/revista\/vivienda\/compromiso-del-infonavit-garantizar-vivienda-digna-penchyna\/#breadcrumb"},"inLanguage":"es","potentialAction":[{"@type":"ReadAction","target":["https:\/\/centrourbano.com\/revista\/vivienda\/compromiso-del-infonavit-garantizar-vivienda-digna-penchyna\/"]}]},{"@type":"ImageObject","inLanguage":"es","@id":"https:\/\/centrourbano.com\/revista\/vivienda\/compromiso-del-infonavit-garantizar-vivienda-digna-penchyna\/#primaryimage","url":"https:\/\/centrourbano.com\/revista\/wp-content\/uploads\/5-1.jpg","contentUrl":"https:\/\/centrourbano.com\/revista\/wp-content\/uploads\/5-1.jpg","width":640,"height":428,"caption":"El director del Instituto se\u00f1al\u00f3 que la Cumbre de Financiamiento a la Vivienda que organiza el Infonavit tiene un alto sentido social"},{"@type":"BreadcrumbList","@id":"https:\/\/centrourbano.com\/revista\/vivienda\/compromiso-del-infonavit-garantizar-vivienda-digna-penchyna\/#breadcrumb","itemListElement":[{"@type":"ListItem","position":1,"name":"Portada","item":"https:\/\/centrourbano.com\/revista\/"},{"@type":"ListItem","position":2,"name":"Garantizar vivienda digna, compromiso del Infonavit: Penchyna"}]},{"@type":"WebSite","@id":"https:\/\/centrourbano.com\/revista\/#website","url":"https:\/\/centrourbano.com\/revista\/","name":"Centro Urbano","description":"Medio especializado en los sectores vivienda, inmobiliario, construcci\u00f3n, arquitectura y urbanismo.","publisher":{"@id":"https:\/\/centrourbano.com\/revista\/#organization"},"potentialAction":[{"@type":"SearchAction","target":{"@type":"EntryPoint","urlTemplate":"https:\/\/centrourbano.com\/revista\/?s={search_term_string}"},"query-input":{"@type":"PropertyValueSpecification","valueRequired":true,"valueName":"search_term_string"}}],"inLanguage":"es"},{"@type":"Organization","@id":"https:\/\/centrourbano.com\/revista\/#organization","name":"Centro Urbano","url":"https:\/\/centrourbano.com\/revista\/","logo":{"@type":"ImageObject","inLanguage":"es","@id":"https:\/\/centrourbano.com\/revista\/#\/schema\/logo\/image\/","url":"https:\/\/centrourbano.com\/revista\/wp-content\/uploads\/web_CU_logo-1.png","contentUrl":"https:\/\/centrourbano.com\/revista\/wp-content\/uploads\/web_CU_logo-1.png","width":350,"height":91,"caption":"Centro Urbano"},"image":{"@id":"https:\/\/centrourbano.com\/revista\/#\/schema\/logo\/image\/"},"sameAs":["https:\/\/www.facebook.com\/portalcentrourbano","https:\/\/x.com\/CentroUrbano","https:\/\/www.instagram.com\/centro_urbano\/","https:\/\/www.linkedin.com\/company\/centro-urbano\/","http:\/\/www.youtube.com\/user\/portalcentrourbano"]},{"@type":"Person","@id":"https:\/\/centrourbano.com\/revista\/#\/schema\/person\/370fa0ba2d8dd5bde3fdb8b62ad360aa","name":"G4A","image":{"@type":"ImageObject","inLanguage":"es","@id":"https:\/\/secure.gravatar.com\/avatar\/932a97121b13d5de5bbd8193c6c83d3b92c9eda0f39623607d4280e7a5778d97?s=96&d=mm&r=g","url":"https:\/\/secure.gravatar.com\/avatar\/932a97121b13d5de5bbd8193c6c83d3b92c9eda0f39623607d4280e7a5778d97?s=96&d=mm&r=g","contentUrl":"https:\/\/secure.gravatar.com\/avatar\/932a97121b13d5de5bbd8193c6c83d3b92c9eda0f39623607d4280e7a5778d97?s=96&d=mm&r=g","caption":"G4A"},"url":"https:\/\/centrourbano.com\/revista\/author\/admin-g4a\/"}]}},"_links":{"self":[{"href":"https:\/\/centrourbano.com\/revista\/wp-json\/wp\/v2\/posts\/43850","targetHints":{"allow":["GET"]}}],"collection":[{"href":"https:\/\/centrourbano.com\/revista\/wp-json\/wp\/v2\/posts"}],"about":[{"href":"https:\/\/centrourbano.com\/revista\/wp-json\/wp\/v2\/types\/post"}],"author":[{"embeddable":true,"href":"https:\/\/centrourbano.com\/revista\/wp-json\/wp\/v2\/users\/77"}],"replies":[{"embeddable":true,"href":"https:\/\/centrourbano.com\/revista\/wp-json\/wp\/v2\/comments?post=43850"}],"version-history":[{"count":0,"href":"https:\/\/centrourbano.com\/revista\/wp-json\/wp\/v2\/posts\/43850\/revisions"}],"wp:featuredmedia":[{"embeddable":true,"href":"https:\/\/centrourbano.com\/revista\/wp-json\/wp\/v2\/media\/43851"}],"wp:attachment":[{"href":"https:\/\/centrourbano.com\/revista\/wp-json\/wp\/v2\/media?parent=43850"}],"wp:term":[{"taxonomy":"category","embeddable":true,"href":"https:\/\/centrourbano.com\/revista\/wp-json\/wp\/v2\/categories?post=43850"},{"taxonomy":"post_tag","embeddable":true,"href":"https:\/\/centrourbano.com\/revista\/wp-json\/wp\/v2\/tags?post=43850"}],"curies":[{"name":"wp","href":"https:\/\/api.w.org\/{rel}","templated":true}]}}