{"id":43844,"date":"2016-11-14T13:20:38","date_gmt":"2016-11-14T19:20:38","guid":{"rendered":"https:\/\/centrourbano.com\/?p=43844"},"modified":"2016-11-14T16:23:18","modified_gmt":"2016-11-14T22:23:18","slug":"m3-mobili-inaugura-showroom-la-cdmx","status":"publish","type":"post","link":"https:\/\/centrourbano.com\/revista\/actualidad\/tendencias\/m3-mobili-inaugura-showroom-la-cdmx\/","title":{"rendered":"M3 Mobili inaugura su showroom en la CDMX"},"content":{"rendered":"<p><em>Exhibir\u00e1 diferentes l\u00edneas de muebles de oficina y dise\u00f1o interiorista, con lo que pretende mejorar la productividad de las empresas<br \/>\n<\/em><!--more--><\/p>\n<p>M3 Mobili, empresa especializada en el sector mobiliario corporativo y la adecuaci\u00f3n de espacios de trabajo, inaugur\u00f3 el pasado viernes 11 de noviembre, su showroom ubicado en Lomas de Tecamachalco, al norte de la CDMX.<\/p>\n<p>Ah\u00ed exhibir\u00e1 diferentes l\u00edneas de muebles de oficina y dise\u00f1o interiorista, acto con el que se formaliz\u00f3 la llegada a M\u00e9xico de las empresas europeas Offifran de Espa\u00f1a con mobiliario de alta direcci\u00f3n y Sitland con siller\u00eda de Italia.<\/p>\n<p>Andr\u00e9s Mendieta, director general de M3 Mobili, explic\u00f3 durante el evento que con su llegada a M\u00e9xico, tanto Ofifran, como Sitland, buscan incursionar en el mercado latinoamericano. Adem\u00e1s, la alianza entre M3 Mobili y estas empresas Europeas pretende posicionarlas en un nicho de mercado creciente para los corporativos de alto nivel en M\u00e9xico, as\u00ed como presentar una ventana hacia nuevas alternativas y brindar acceso a las tendencias de dise\u00f1o que se renuevan a\u00f1o con a\u00f1o m\u00e1s all\u00e1 del territorio europeo.<\/p>\n<p>Con una inversi\u00f3n importante en sus instalaciones de 800 m2 de showroom y oficinas corporativas, M3 Mobili logr\u00f3 la conjunci\u00f3n de dos de las m\u00e1s importantes empresas europeas de dise\u00f1o mobiliario de colecci\u00f3n para introducir sus piezas en M\u00e9xico, con lo que iniciar\u00e1 operaciones en el \u00e1rea metropolitana del Valle de M\u00e9xico y buscar\u00e1 extender su presencia en las zonas del pa\u00eds con mayor crecimiento corporativo primeramente hacia el baj\u00edo y el norte del territorio nacional por contar con planta de ensamble en Monterrey NL. <\/p>\n<p>Diego Mendieta, Director de Proyectos Integrales de M3 Mobili, se\u00f1al\u00f3 que el showroom fue dise\u00f1ado por el equipo de especialistas en interiorismo corporativo de M3 Mobili y en \u00e9l se emula la generaci\u00f3n de diferentes entornos de trabajo efectivos, saludables y donde fluyan las ideas de los colaboradores.<\/p>\n<p>Con m\u00e1s de 30 a\u00f1os de experiencia en su \u00e1rea comercial dentro del mercado de mobiliario corporativo mexicano, M3 Mobili promover\u00e1 la consultor\u00eda personalizadas para empresas y personas, en las que adaptar\u00e1 las tendencias europeas en mobiliario e interiores a los espacios, cultura y necesidades de los mexicanos, a fin de optimizar centros ejecutivos de trabajo y generar un interiorismo de 360 grados al mezclar el dise\u00f1o y la funcionalidad, con el objetivo de contribuir a que los usuarios sean felices, plenos y productivos.<\/p>\n<p>Andr\u00e9s Mendieta dijo que seg\u00fan especialistas, en M\u00e9xico las lesiones relacionadas con la mala postura y mal uso del mobiliario de oficina son la tercera causa de ausentismo laboral. <\/p>\n<p>Adem\u00e1s, M\u00e9xico es el pa\u00eds que m\u00e1s horas trabaja: seg\u00fan la OCDE 2,246 horas al a\u00f1o, pero somos uno de los menos productivos, por lo que la aportaci\u00f3n que los espacios dise\u00f1ados y los muebles ergon\u00f3micos de alta calidad pueden tener hacia las empresas y sus empleados disminuir\u00e1 las lesiones y el estr\u00e9s, aumentando as\u00ed la productividad y logrando reducir las horas improductivas para trabajar menos tiempo, pero mejor. <\/p>\n<p>Los especialistas de M3 Mobili han colaborado con los proyectos corporativos m\u00e1s importantes de los \u00faltimos tiempos en M\u00e9xico, como el desarrollo de los edificios corporativos BBVA Bancomer en la adaptaci\u00f3n y suministro de mobiliario por medio de Industrias Riviera, principal productor de mobiliario y equipo de oficina en M\u00e9xico.<\/p>\n<p>Las piezas que se presentaron en la inauguraci\u00f3n pertenecen a las colecciones de alta direcci\u00f3n de la marca Ofifran, as\u00ed como todas las l\u00edneas de siller\u00eda de Sitland, con las que se muestran las tendencias en mobiliario corporativo que prevalecer\u00e1n en 2017, donde resaltan los colores y los dise\u00f1os tipo \u201ccoworking\u201d.<\/p>\n","protected":false},"excerpt":{"rendered":"<p>Exhibir\u00e1 diferentes l\u00edneas de muebles de oficina y dise\u00f1o interiorista, con lo que pretende mejorar la productividad de las empresas<\/p>\n","protected":false},"author":9,"featured_media":43846,"comment_status":"open","ping_status":"closed","sticky":false,"template":"","format":"standard","meta":{"om_disable_all_campaigns":false,"inline_featured_image":false,"_monsterinsights_skip_tracking":false,"_monsterinsights_sitenote_active":false,"_monsterinsights_sitenote_note":"","_monsterinsights_sitenote_category":0,"footnotes":""},"categories":[6],"tags":[],"class_list":["post-43844","post","type-post","status-publish","format-standard","has-post-thumbnail","hentry","category-tendencias"],"yoast_head":"<!-- This site is optimized with the Yoast SEO plugin v27.4 - https:\/\/yoast.com\/product\/yoast-seo-wordpress\/ -->\n<title>M3 Mobili inaugura su showroom en la CDMX<\/title>\n<meta name=\"description\" content=\"Exhibir\u00e1 diferentes l\u00edneas de muebles de oficina y dise\u00f1o interiorista, con lo que pretende mejorar la productividad de las empresas\" \/>\n<meta name=\"robots\" content=\"index, follow, max-snippet:-1, max-image-preview:large, max-video-preview:-1\" \/>\n<link rel=\"canonical\" href=\"https:\/\/centrourbano.com\/revista\/actualidad\/tendencias\/m3-mobili-inaugura-showroom-la-cdmx\/\" \/>\n<meta property=\"og:locale\" content=\"es_ES\" \/>\n<meta property=\"og:type\" content=\"article\" \/>\n<meta property=\"og:title\" content=\"M3 Mobili inaugura su showroom en la CDMX\" \/>\n<meta property=\"og:description\" content=\"Exhibir\u00e1 diferentes l\u00edneas de muebles de oficina y dise\u00f1o interiorista, con lo que pretende mejorar la productividad de las empresas\" \/>\n<meta property=\"og:url\" content=\"https:\/\/centrourbano.com\/revista\/actualidad\/tendencias\/m3-mobili-inaugura-showroom-la-cdmx\/\" \/>\n<meta property=\"og:site_name\" content=\"Centro Urbano\" \/>\n<meta property=\"article:publisher\" content=\"https:\/\/www.facebook.com\/portalcentrourbano\" \/>\n<meta property=\"article:published_time\" content=\"2016-11-14T19:20:38+00:00\" \/>\n<meta property=\"article:modified_time\" content=\"2016-11-14T22:23:18+00:00\" \/>\n<meta property=\"og:image\" content=\"https:\/\/centrourbano.com\/revista\/wp-content\/uploads\/Showroom-M3-Mobili-scaled.jpg\" \/>\n\t<meta property=\"og:image:width\" content=\"2560\" \/>\n\t<meta property=\"og:image:height\" content=\"1706\" \/>\n\t<meta property=\"og:image:type\" content=\"image\/jpeg\" \/>\n<meta name=\"author\" content=\"Dinorah Nava\" \/>\n<meta name=\"twitter:card\" content=\"summary_large_image\" \/>\n<meta name=\"twitter:creator\" content=\"@https:\/\/twitter.com\/Dinorah_Nava28\" \/>\n<meta name=\"twitter:site\" content=\"@CentroUrbano\" \/>\n<meta name=\"twitter:label1\" content=\"Escrito por\" \/>\n\t<meta name=\"twitter:data1\" content=\"Dinorah Nava\" \/>\n\t<meta name=\"twitter:label2\" content=\"Tiempo de lectura\" \/>\n\t<meta name=\"twitter:data2\" content=\"3 minutos\" \/>\n<script type=\"application\/ld+json\" class=\"yoast-schema-graph\">{\"@context\":\"https:\\\/\\\/schema.org\",\"@graph\":[{\"@type\":\"Article\",\"@id\":\"https:\\\/\\\/centrourbano.com\\\/revista\\\/actualidad\\\/tendencias\\\/m3-mobili-inaugura-showroom-la-cdmx\\\/#article\",\"isPartOf\":{\"@id\":\"https:\\\/\\\/centrourbano.com\\\/revista\\\/actualidad\\\/tendencias\\\/m3-mobili-inaugura-showroom-la-cdmx\\\/\"},\"author\":{\"name\":\"Dinorah Nava\",\"@id\":\"https:\\\/\\\/centrourbano.com\\\/revista\\\/#\\\/schema\\\/person\\\/b45db815d96831257ba428a3d5a5fbdc\"},\"headline\":\"M3 Mobili inaugura su showroom en la CDMX\",\"datePublished\":\"2016-11-14T19:20:38+00:00\",\"dateModified\":\"2016-11-14T22:23:18+00:00\",\"mainEntityOfPage\":{\"@id\":\"https:\\\/\\\/centrourbano.com\\\/revista\\\/actualidad\\\/tendencias\\\/m3-mobili-inaugura-showroom-la-cdmx\\\/\"},\"wordCount\":648,\"commentCount\":0,\"publisher\":{\"@id\":\"https:\\\/\\\/centrourbano.com\\\/revista\\\/#organization\"},\"image\":{\"@id\":\"https:\\\/\\\/centrourbano.com\\\/revista\\\/actualidad\\\/tendencias\\\/m3-mobili-inaugura-showroom-la-cdmx\\\/#primaryimage\"},\"thumbnailUrl\":\"https:\\\/\\\/centrourbano.com\\\/revista\\\/wp-content\\\/uploads\\\/Showroom-M3-Mobili-scaled.jpg\",\"articleSection\":[\"Tendencias\"],\"inLanguage\":\"es\",\"potentialAction\":[{\"@type\":\"CommentAction\",\"name\":\"Comment\",\"target\":[\"https:\\\/\\\/centrourbano.com\\\/revista\\\/actualidad\\\/tendencias\\\/m3-mobili-inaugura-showroom-la-cdmx\\\/#respond\"]}]},{\"@type\":\"WebPage\",\"@id\":\"https:\\\/\\\/centrourbano.com\\\/revista\\\/actualidad\\\/tendencias\\\/m3-mobili-inaugura-showroom-la-cdmx\\\/\",\"url\":\"https:\\\/\\\/centrourbano.com\\\/revista\\\/actualidad\\\/tendencias\\\/m3-mobili-inaugura-showroom-la-cdmx\\\/\",\"name\":\"M3 Mobili inaugura su showroom en la CDMX\",\"isPartOf\":{\"@id\":\"https:\\\/\\\/centrourbano.com\\\/revista\\\/#website\"},\"primaryImageOfPage\":{\"@id\":\"https:\\\/\\\/centrourbano.com\\\/revista\\\/actualidad\\\/tendencias\\\/m3-mobili-inaugura-showroom-la-cdmx\\\/#primaryimage\"},\"image\":{\"@id\":\"https:\\\/\\\/centrourbano.com\\\/revista\\\/actualidad\\\/tendencias\\\/m3-mobili-inaugura-showroom-la-cdmx\\\/#primaryimage\"},\"thumbnailUrl\":\"https:\\\/\\\/centrourbano.com\\\/revista\\\/wp-content\\\/uploads\\\/Showroom-M3-Mobili-scaled.jpg\",\"datePublished\":\"2016-11-14T19:20:38+00:00\",\"dateModified\":\"2016-11-14T22:23:18+00:00\",\"description\":\"Exhibir\u00e1 diferentes l\u00edneas de muebles de oficina y dise\u00f1o interiorista, con lo que pretende mejorar la productividad de las empresas\",\"breadcrumb\":{\"@id\":\"https:\\\/\\\/centrourbano.com\\\/revista\\\/actualidad\\\/tendencias\\\/m3-mobili-inaugura-showroom-la-cdmx\\\/#breadcrumb\"},\"inLanguage\":\"es\",\"potentialAction\":[{\"@type\":\"ReadAction\",\"target\":[\"https:\\\/\\\/centrourbano.com\\\/revista\\\/actualidad\\\/tendencias\\\/m3-mobili-inaugura-showroom-la-cdmx\\\/\"]}]},{\"@type\":\"ImageObject\",\"inLanguage\":\"es\",\"@id\":\"https:\\\/\\\/centrourbano.com\\\/revista\\\/actualidad\\\/tendencias\\\/m3-mobili-inaugura-showroom-la-cdmx\\\/#primaryimage\",\"url\":\"https:\\\/\\\/centrourbano.com\\\/revista\\\/wp-content\\\/uploads\\\/Showroom-M3-Mobili-scaled.jpg\",\"contentUrl\":\"https:\\\/\\\/centrourbano.com\\\/revista\\\/wp-content\\\/uploads\\\/Showroom-M3-Mobili-scaled.jpg\",\"width\":2560,\"height\":1706,\"caption\":\"Exhibir\u00e1 diferentes l\u00edneas de muebles de oficina y dise\u00f1o interiorista, con lo que pretende mejorar la productividad de las empresas\"},{\"@type\":\"BreadcrumbList\",\"@id\":\"https:\\\/\\\/centrourbano.com\\\/revista\\\/actualidad\\\/tendencias\\\/m3-mobili-inaugura-showroom-la-cdmx\\\/#breadcrumb\",\"itemListElement\":[{\"@type\":\"ListItem\",\"position\":1,\"name\":\"Portada\",\"item\":\"https:\\\/\\\/centrourbano.com\\\/revista\\\/\"},{\"@type\":\"ListItem\",\"position\":2,\"name\":\"M3 Mobili inaugura su showroom en la CDMX\"}]},{\"@type\":\"WebSite\",\"@id\":\"https:\\\/\\\/centrourbano.com\\\/revista\\\/#website\",\"url\":\"https:\\\/\\\/centrourbano.com\\\/revista\\\/\",\"name\":\"Centro Urbano\",\"description\":\"Medio especializado en los sectores vivienda, inmobiliario, construcci\u00f3n, arquitectura y urbanismo.\",\"publisher\":{\"@id\":\"https:\\\/\\\/centrourbano.com\\\/revista\\\/#organization\"},\"potentialAction\":[{\"@type\":\"SearchAction\",\"target\":{\"@type\":\"EntryPoint\",\"urlTemplate\":\"https:\\\/\\\/centrourbano.com\\\/revista\\\/?s={search_term_string}\"},\"query-input\":{\"@type\":\"PropertyValueSpecification\",\"valueRequired\":true,\"valueName\":\"search_term_string\"}}],\"inLanguage\":\"es\"},{\"@type\":\"Organization\",\"@id\":\"https:\\\/\\\/centrourbano.com\\\/revista\\\/#organization\",\"name\":\"Centro Urbano\",\"url\":\"https:\\\/\\\/centrourbano.com\\\/revista\\\/\",\"logo\":{\"@type\":\"ImageObject\",\"inLanguage\":\"es\",\"@id\":\"https:\\\/\\\/centrourbano.com\\\/revista\\\/#\\\/schema\\\/logo\\\/image\\\/\",\"url\":\"https:\\\/\\\/centrourbano.com\\\/revista\\\/wp-content\\\/uploads\\\/web_CU_logo-1.png\",\"contentUrl\":\"https:\\\/\\\/centrourbano.com\\\/revista\\\/wp-content\\\/uploads\\\/web_CU_logo-1.png\",\"width\":350,\"height\":91,\"caption\":\"Centro Urbano\"},\"image\":{\"@id\":\"https:\\\/\\\/centrourbano.com\\\/revista\\\/#\\\/schema\\\/logo\\\/image\\\/\"},\"sameAs\":[\"https:\\\/\\\/www.facebook.com\\\/portalcentrourbano\",\"https:\\\/\\\/x.com\\\/CentroUrbano\",\"https:\\\/\\\/www.instagram.com\\\/centro_urbano\\\/\",\"https:\\\/\\\/www.linkedin.com\\\/company\\\/centro-urbano\\\/\",\"http:\\\/\\\/www.youtube.com\\\/user\\\/portalcentrourbano\"]},{\"@type\":\"Person\",\"@id\":\"https:\\\/\\\/centrourbano.com\\\/revista\\\/#\\\/schema\\\/person\\\/b45db815d96831257ba428a3d5a5fbdc\",\"name\":\"Dinorah Nava\",\"image\":{\"@type\":\"ImageObject\",\"inLanguage\":\"es\",\"@id\":\"https:\\\/\\\/secure.gravatar.com\\\/avatar\\\/f6ca6430c51d147f363940f84e1225aa4b8183885c11802cc3b042305a4ecc1a?s=96&d=mm&r=g\",\"url\":\"https:\\\/\\\/secure.gravatar.com\\\/avatar\\\/f6ca6430c51d147f363940f84e1225aa4b8183885c11802cc3b042305a4ecc1a?s=96&d=mm&r=g\",\"contentUrl\":\"https:\\\/\\\/secure.gravatar.com\\\/avatar\\\/f6ca6430c51d147f363940f84e1225aa4b8183885c11802cc3b042305a4ecc1a?s=96&d=mm&r=g\",\"caption\":\"Dinorah Nava\"},\"description\":\"Editora de Contenidos y Estrategias Digitales en Centro Urbano y Coeditora en Peri\u00f3dico Mi Casa. Egresada de la licenciatura en Comunicaci\u00f3n y Periodismo de la Facultad de Estudios Superiores Arag\u00f3n (UNAM). Amante de la edici\u00f3n y correcci\u00f3n de estilo, las redes sociales y el mundo digital. Especialista en temas son arquitectura, inmobiliario y urbanismo.\",\"sameAs\":[\"linkedin.com\\\/in\\\/dinorah-nava\",\"https:\\\/\\\/x.com\\\/https:\\\/\\\/twitter.com\\\/Dinorah_Nava28\"],\"url\":\"https:\\\/\\\/centrourbano.com\\\/revista\\\/author\\\/dinorah-nava\\\/\"}]}<\/script>\n<!-- \/ Yoast SEO plugin. -->","yoast_head_json":{"title":"M3 Mobili inaugura su showroom en la CDMX","description":"Exhibir\u00e1 diferentes l\u00edneas de muebles de oficina y dise\u00f1o interiorista, con lo que pretende mejorar la productividad de las empresas","robots":{"index":"index","follow":"follow","max-snippet":"max-snippet:-1","max-image-preview":"max-image-preview:large","max-video-preview":"max-video-preview:-1"},"canonical":"https:\/\/centrourbano.com\/revista\/actualidad\/tendencias\/m3-mobili-inaugura-showroom-la-cdmx\/","og_locale":"es_ES","og_type":"article","og_title":"M3 Mobili inaugura su showroom en la CDMX","og_description":"Exhibir\u00e1 diferentes l\u00edneas de muebles de oficina y dise\u00f1o interiorista, con lo que pretende mejorar la productividad de las empresas","og_url":"https:\/\/centrourbano.com\/revista\/actualidad\/tendencias\/m3-mobili-inaugura-showroom-la-cdmx\/","og_site_name":"Centro Urbano","article_publisher":"https:\/\/www.facebook.com\/portalcentrourbano","article_published_time":"2016-11-14T19:20:38+00:00","article_modified_time":"2016-11-14T22:23:18+00:00","og_image":[{"width":2560,"height":1706,"url":"https:\/\/centrourbano.com\/revista\/wp-content\/uploads\/Showroom-M3-Mobili-scaled.jpg","type":"image\/jpeg"}],"author":"Dinorah Nava","twitter_card":"summary_large_image","twitter_creator":"@https:\/\/twitter.com\/Dinorah_Nava28","twitter_site":"@CentroUrbano","twitter_misc":{"Escrito por":"Dinorah Nava","Tiempo de lectura":"3 minutos"},"schema":{"@context":"https:\/\/schema.org","@graph":[{"@type":"Article","@id":"https:\/\/centrourbano.com\/revista\/actualidad\/tendencias\/m3-mobili-inaugura-showroom-la-cdmx\/#article","isPartOf":{"@id":"https:\/\/centrourbano.com\/revista\/actualidad\/tendencias\/m3-mobili-inaugura-showroom-la-cdmx\/"},"author":{"name":"Dinorah Nava","@id":"https:\/\/centrourbano.com\/revista\/#\/schema\/person\/b45db815d96831257ba428a3d5a5fbdc"},"headline":"M3 Mobili inaugura su showroom en la CDMX","datePublished":"2016-11-14T19:20:38+00:00","dateModified":"2016-11-14T22:23:18+00:00","mainEntityOfPage":{"@id":"https:\/\/centrourbano.com\/revista\/actualidad\/tendencias\/m3-mobili-inaugura-showroom-la-cdmx\/"},"wordCount":648,"commentCount":0,"publisher":{"@id":"https:\/\/centrourbano.com\/revista\/#organization"},"image":{"@id":"https:\/\/centrourbano.com\/revista\/actualidad\/tendencias\/m3-mobili-inaugura-showroom-la-cdmx\/#primaryimage"},"thumbnailUrl":"https:\/\/centrourbano.com\/revista\/wp-content\/uploads\/Showroom-M3-Mobili-scaled.jpg","articleSection":["Tendencias"],"inLanguage":"es","potentialAction":[{"@type":"CommentAction","name":"Comment","target":["https:\/\/centrourbano.com\/revista\/actualidad\/tendencias\/m3-mobili-inaugura-showroom-la-cdmx\/#respond"]}]},{"@type":"WebPage","@id":"https:\/\/centrourbano.com\/revista\/actualidad\/tendencias\/m3-mobili-inaugura-showroom-la-cdmx\/","url":"https:\/\/centrourbano.com\/revista\/actualidad\/tendencias\/m3-mobili-inaugura-showroom-la-cdmx\/","name":"M3 Mobili inaugura su showroom en la CDMX","isPartOf":{"@id":"https:\/\/centrourbano.com\/revista\/#website"},"primaryImageOfPage":{"@id":"https:\/\/centrourbano.com\/revista\/actualidad\/tendencias\/m3-mobili-inaugura-showroom-la-cdmx\/#primaryimage"},"image":{"@id":"https:\/\/centrourbano.com\/revista\/actualidad\/tendencias\/m3-mobili-inaugura-showroom-la-cdmx\/#primaryimage"},"thumbnailUrl":"https:\/\/centrourbano.com\/revista\/wp-content\/uploads\/Showroom-M3-Mobili-scaled.jpg","datePublished":"2016-11-14T19:20:38+00:00","dateModified":"2016-11-14T22:23:18+00:00","description":"Exhibir\u00e1 diferentes l\u00edneas de muebles de oficina y dise\u00f1o interiorista, con lo que pretende mejorar la productividad de las empresas","breadcrumb":{"@id":"https:\/\/centrourbano.com\/revista\/actualidad\/tendencias\/m3-mobili-inaugura-showroom-la-cdmx\/#breadcrumb"},"inLanguage":"es","potentialAction":[{"@type":"ReadAction","target":["https:\/\/centrourbano.com\/revista\/actualidad\/tendencias\/m3-mobili-inaugura-showroom-la-cdmx\/"]}]},{"@type":"ImageObject","inLanguage":"es","@id":"https:\/\/centrourbano.com\/revista\/actualidad\/tendencias\/m3-mobili-inaugura-showroom-la-cdmx\/#primaryimage","url":"https:\/\/centrourbano.com\/revista\/wp-content\/uploads\/Showroom-M3-Mobili-scaled.jpg","contentUrl":"https:\/\/centrourbano.com\/revista\/wp-content\/uploads\/Showroom-M3-Mobili-scaled.jpg","width":2560,"height":1706,"caption":"Exhibir\u00e1 diferentes l\u00edneas de muebles de oficina y dise\u00f1o interiorista, con lo que pretende mejorar la productividad de las empresas"},{"@type":"BreadcrumbList","@id":"https:\/\/centrourbano.com\/revista\/actualidad\/tendencias\/m3-mobili-inaugura-showroom-la-cdmx\/#breadcrumb","itemListElement":[{"@type":"ListItem","position":1,"name":"Portada","item":"https:\/\/centrourbano.com\/revista\/"},{"@type":"ListItem","position":2,"name":"M3 Mobili inaugura su showroom en la CDMX"}]},{"@type":"WebSite","@id":"https:\/\/centrourbano.com\/revista\/#website","url":"https:\/\/centrourbano.com\/revista\/","name":"Centro Urbano","description":"Medio especializado en los sectores vivienda, inmobiliario, construcci\u00f3n, arquitectura y urbanismo.","publisher":{"@id":"https:\/\/centrourbano.com\/revista\/#organization"},"potentialAction":[{"@type":"SearchAction","target":{"@type":"EntryPoint","urlTemplate":"https:\/\/centrourbano.com\/revista\/?s={search_term_string}"},"query-input":{"@type":"PropertyValueSpecification","valueRequired":true,"valueName":"search_term_string"}}],"inLanguage":"es"},{"@type":"Organization","@id":"https:\/\/centrourbano.com\/revista\/#organization","name":"Centro Urbano","url":"https:\/\/centrourbano.com\/revista\/","logo":{"@type":"ImageObject","inLanguage":"es","@id":"https:\/\/centrourbano.com\/revista\/#\/schema\/logo\/image\/","url":"https:\/\/centrourbano.com\/revista\/wp-content\/uploads\/web_CU_logo-1.png","contentUrl":"https:\/\/centrourbano.com\/revista\/wp-content\/uploads\/web_CU_logo-1.png","width":350,"height":91,"caption":"Centro Urbano"},"image":{"@id":"https:\/\/centrourbano.com\/revista\/#\/schema\/logo\/image\/"},"sameAs":["https:\/\/www.facebook.com\/portalcentrourbano","https:\/\/x.com\/CentroUrbano","https:\/\/www.instagram.com\/centro_urbano\/","https:\/\/www.linkedin.com\/company\/centro-urbano\/","http:\/\/www.youtube.com\/user\/portalcentrourbano"]},{"@type":"Person","@id":"https:\/\/centrourbano.com\/revista\/#\/schema\/person\/b45db815d96831257ba428a3d5a5fbdc","name":"Dinorah Nava","image":{"@type":"ImageObject","inLanguage":"es","@id":"https:\/\/secure.gravatar.com\/avatar\/f6ca6430c51d147f363940f84e1225aa4b8183885c11802cc3b042305a4ecc1a?s=96&d=mm&r=g","url":"https:\/\/secure.gravatar.com\/avatar\/f6ca6430c51d147f363940f84e1225aa4b8183885c11802cc3b042305a4ecc1a?s=96&d=mm&r=g","contentUrl":"https:\/\/secure.gravatar.com\/avatar\/f6ca6430c51d147f363940f84e1225aa4b8183885c11802cc3b042305a4ecc1a?s=96&d=mm&r=g","caption":"Dinorah Nava"},"description":"Editora de Contenidos y Estrategias Digitales en Centro Urbano y Coeditora en Peri\u00f3dico Mi Casa. Egresada de la licenciatura en Comunicaci\u00f3n y Periodismo de la Facultad de Estudios Superiores Arag\u00f3n (UNAM). Amante de la edici\u00f3n y correcci\u00f3n de estilo, las redes sociales y el mundo digital. Especialista en temas son arquitectura, inmobiliario y urbanismo.","sameAs":["linkedin.com\/in\/dinorah-nava","https:\/\/x.com\/https:\/\/twitter.com\/Dinorah_Nava28"],"url":"https:\/\/centrourbano.com\/revista\/author\/dinorah-nava\/"}]}},"_links":{"self":[{"href":"https:\/\/centrourbano.com\/revista\/wp-json\/wp\/v2\/posts\/43844","targetHints":{"allow":["GET"]}}],"collection":[{"href":"https:\/\/centrourbano.com\/revista\/wp-json\/wp\/v2\/posts"}],"about":[{"href":"https:\/\/centrourbano.com\/revista\/wp-json\/wp\/v2\/types\/post"}],"author":[{"embeddable":true,"href":"https:\/\/centrourbano.com\/revista\/wp-json\/wp\/v2\/users\/9"}],"replies":[{"embeddable":true,"href":"https:\/\/centrourbano.com\/revista\/wp-json\/wp\/v2\/comments?post=43844"}],"version-history":[{"count":0,"href":"https:\/\/centrourbano.com\/revista\/wp-json\/wp\/v2\/posts\/43844\/revisions"}],"wp:featuredmedia":[{"embeddable":true,"href":"https:\/\/centrourbano.com\/revista\/wp-json\/wp\/v2\/media\/43846"}],"wp:attachment":[{"href":"https:\/\/centrourbano.com\/revista\/wp-json\/wp\/v2\/media?parent=43844"}],"wp:term":[{"taxonomy":"category","embeddable":true,"href":"https:\/\/centrourbano.com\/revista\/wp-json\/wp\/v2\/categories?post=43844"},{"taxonomy":"post_tag","embeddable":true,"href":"https:\/\/centrourbano.com\/revista\/wp-json\/wp\/v2\/tags?post=43844"}],"curies":[{"name":"wp","href":"https:\/\/api.w.org\/{rel}","templated":true}]}}