{"id":43835,"date":"2016-11-14T16:00:25","date_gmt":"2016-11-14T22:00:25","guid":{"rendered":"https:\/\/centrourbano.com\/?p=43835"},"modified":"2016-11-14T16:00:25","modified_gmt":"2016-11-14T22:00:25","slug":"museo-geologia-la-unam-festeja-110-aniversario","status":"publish","type":"post","link":"https:\/\/centrourbano.com\/revista\/arquitectura-2\/museo-geologia-la-unam-festeja-110-aniversario\/","title":{"rendered":"Museo de Geolog\u00eda de la UNAM festeja su 110 aniversario"},"content":{"rendered":"<p><em>El majestuoso edificio porfiriano, su escalinata y fachada son una invitaci\u00f3n a explorar esta instituci\u00f3n<br \/>\n<\/em><!--more--><\/p>\n<p>El Museo de Geolog\u00eda de la UNAM, ubicado en el coraz\u00f3n de la colonia Santa Mar\u00eda La Ribera, en la Ciudad de M\u00e9xico, se encuentra festejando su 110 aniversario. <\/p>\n<p>Este importante recinto concentra las colecciones geol\u00f3gicas m\u00e1s importantes de M\u00e9xico, y es un espacio que adem\u00e1s de resguardar este importante patrimonio, divulga el conocimiento cient\u00edfico de las ciencias de la Tierra.<\/p>\n<p>Asimismo, tiene entre sus importantes colecciones a la famosa meteorita Allende, con m\u00e1s de 4,568 millones de a\u00f1os de antig\u00fcedad, f\u00f3siles de un mamut, y  muestras de los m\u00faltiples minerales que hay en el pa\u00eds.<\/p>\n<p>El majestuoso edificio porfiriano, su escalinata y fachada son una invitaci\u00f3n a explorar una instituci\u00f3n que tambi\u00e9n es conocida como el Palacio de las Ciencias de la Tierra.<\/p>\n<p>El inmueble est\u00e1 construido de cantera obtenida y tra\u00edda de Los Remedios, Estado de M\u00e9xico, y que es la misma con la que se construy\u00f3 el Palacio de Miner\u00eda y el Colegio de San Idelfonso.  Su fachada de ignimbrita, un tipo de roca volc\u00e1nica, est\u00e1 decorada con figuras de f\u00f3siles de peces, conchas y reptiles en alto y bajorrelieve.<\/p>\n<p>Durante la ceremonia de conmemoraci\u00f3n, el rector Enrique Graue Wiechers, reconoci\u00f3 la labor del museo en beneficio del estudio geol\u00f3gico y del conocimiento de las ciencias de la Tierra. <\/p>\n<p>Por su parte, la directora del Instituto de Geolog\u00eda (IGL), Elena Centeno Garc\u00eda, expuso que en este inmueble est\u00e1n las ra\u00edces de todos los mexicanos que trabajan las ciencias de la Tierra, pues en \u00e9l se alberg\u00f3 al primer instituto de  investigaci\u00f3n cient\u00edfica de Am\u00e9rica Latina dedicado a ellas.<\/p>\n<p>Fue tambi\u00e9n la primera casa del Servicio Geol\u00f3gico Mexicano y all\u00ed  trabajaron los ge\u00f3logos que determinaron en donde perforar el primer pozo petrolero en el pa\u00eds, adem\u00e1s de realizarse los primeros estudios con metodolog\u00eda cient\u00edfica para la b\u00fasqueda de aguas subterr\u00e1neas. Asimismo, se elabor\u00f3 el primer mapa estad\u00edstico minero del pa\u00eds.<\/p>\n<p>En su oportunidad, el secretario de Energ\u00eda federal, Pedro Joaqu\u00edn Coldwell, expuso que en las m\u00e1s de 10,000 piezas que resguarda el museo se ve reflejada la evoluci\u00f3n de la materia y energ\u00eda. <\/p>\n<p>El funcionario record\u00f3 que en 1900 se inici\u00f3 la construcci\u00f3n del inmueble y fue inaugurado en 1906, con motivo del X Congreso Geol\u00f3gico Internacional.<br \/>\nEn 1929 pas\u00f3 a depender de la Universidad Nacional, como IGL, y en 1956, cuando se mud\u00f3 a sus nuevas instalaciones en Ciudad Universitaria, el hist\u00f3rico recinto se convirti\u00f3 en museo.<\/p>\n<p>Coldwell se\u00f1al\u00f3 que desde el principio este edificio tuvo una visi\u00f3n y un prop\u00f3sito: ser el hogar de los estudios e investigaciones propios de la geolog\u00eda y por ello dispuso de espacios para laboratorio, salas de exhibici\u00f3n, oficinas y biblioteca.<\/p>\n<p>Como parte de los festejos por los 110 a\u00f1os del museo, tambi\u00e9n se inaugur\u00f3 el Acervo Hist\u00f3rico de la Geolog\u00eda Mexicana que implic\u00f3 el rescate de m\u00e1s de 11,000 documentos, tarea realizada por el IGL, en conjunto con el Instituto Nacional de Antropolog\u00eda e Historia y la Facultad de Ingenier\u00eda de la UNAM.<\/p>\n<p>Asimismo, se  abrieron las exposiciones: \u201cLa Tierra y sus grandes eventos\u201d y \u201cEntre la tradici\u00f3n y la innovaci\u00f3n\u201d, \u00e9sta \u00faltima enfocada a los 130 a\u00f1os de la actividad de la comunidad geol\u00f3gica en M\u00e9xico.<\/p>\n","protected":false},"excerpt":{"rendered":"<p>El majestuoso edificio porfiriano, su escalinata y fachada son una invitaci\u00f3n a explorar esta instituci\u00f3n<\/p>\n","protected":false},"author":9,"featured_media":43836,"comment_status":"open","ping_status":"closed","sticky":false,"template":"","format":"standard","meta":{"om_disable_all_campaigns":false,"inline_featured_image":false,"_monsterinsights_skip_tracking":false,"_monsterinsights_sitenote_active":false,"_monsterinsights_sitenote_note":"","_monsterinsights_sitenote_category":0,"footnotes":""},"categories":[81],"tags":[8914,244],"class_list":["post-43835","post","type-post","status-publish","format-standard","has-post-thumbnail","hentry","category-arquitectura-2","tag-museo-de-geologia","tag-unam"],"yoast_head":"<!-- This site is optimized with the Yoast SEO plugin v27.4 - https:\/\/yoast.com\/product\/yoast-seo-wordpress\/ -->\n<title>Museo de Geolog\u00eda de la UNAM festeja su 110 aniversario<\/title>\n<meta name=\"description\" content=\"El majestuoso edificio porfiriano, su escalinata y fachada son una invitaci\u00f3n a explorar esta instituci\u00f3n\" \/>\n<meta name=\"robots\" content=\"index, follow, max-snippet:-1, max-image-preview:large, max-video-preview:-1\" \/>\n<link rel=\"canonical\" href=\"https:\/\/centrourbano.com\/revista\/arquitectura-2\/museo-geologia-la-unam-festeja-110-aniversario\/\" \/>\n<meta property=\"og:locale\" content=\"es_ES\" \/>\n<meta property=\"og:type\" content=\"article\" \/>\n<meta property=\"og:title\" content=\"Museo de Geolog\u00eda de la UNAM festeja su 110 aniversario\" \/>\n<meta property=\"og:description\" content=\"El majestuoso edificio porfiriano, su escalinata y fachada son una invitaci\u00f3n a explorar esta instituci\u00f3n\" \/>\n<meta property=\"og:url\" content=\"https:\/\/centrourbano.com\/revista\/arquitectura-2\/museo-geologia-la-unam-festeja-110-aniversario\/\" \/>\n<meta property=\"og:site_name\" content=\"Centro Urbano\" \/>\n<meta property=\"article:publisher\" content=\"https:\/\/www.facebook.com\/portalcentrourbano\" \/>\n<meta property=\"article:published_time\" content=\"2016-11-14T22:00:25+00:00\" \/>\n<meta property=\"og:image\" content=\"https:\/\/centrourbano.com\/revista\/wp-content\/uploads\/entrada_museo.jpg\" \/>\n\t<meta property=\"og:image:width\" content=\"750\" \/>\n\t<meta property=\"og:image:height\" content=\"450\" \/>\n\t<meta property=\"og:image:type\" content=\"image\/jpeg\" \/>\n<meta name=\"author\" content=\"Dinorah Nava\" \/>\n<meta name=\"twitter:card\" content=\"summary_large_image\" \/>\n<meta name=\"twitter:creator\" content=\"@https:\/\/twitter.com\/Dinorah_Nava28\" \/>\n<meta name=\"twitter:site\" content=\"@CentroUrbano\" \/>\n<meta name=\"twitter:label1\" content=\"Escrito por\" \/>\n\t<meta name=\"twitter:data1\" content=\"Dinorah Nava\" \/>\n\t<meta name=\"twitter:label2\" content=\"Tiempo de lectura\" \/>\n\t<meta name=\"twitter:data2\" content=\"3 minutos\" \/>\n<script type=\"application\/ld+json\" class=\"yoast-schema-graph\">{\"@context\":\"https:\\\/\\\/schema.org\",\"@graph\":[{\"@type\":\"Article\",\"@id\":\"https:\\\/\\\/centrourbano.com\\\/revista\\\/arquitectura-2\\\/museo-geologia-la-unam-festeja-110-aniversario\\\/#article\",\"isPartOf\":{\"@id\":\"https:\\\/\\\/centrourbano.com\\\/revista\\\/arquitectura-2\\\/museo-geologia-la-unam-festeja-110-aniversario\\\/\"},\"author\":{\"name\":\"Dinorah Nava\",\"@id\":\"https:\\\/\\\/centrourbano.com\\\/revista\\\/#\\\/schema\\\/person\\\/b45db815d96831257ba428a3d5a5fbdc\"},\"headline\":\"Museo de Geolog\u00eda de la UNAM festeja su 110 aniversario\",\"datePublished\":\"2016-11-14T22:00:25+00:00\",\"mainEntityOfPage\":{\"@id\":\"https:\\\/\\\/centrourbano.com\\\/revista\\\/arquitectura-2\\\/museo-geologia-la-unam-festeja-110-aniversario\\\/\"},\"wordCount\":612,\"commentCount\":0,\"publisher\":{\"@id\":\"https:\\\/\\\/centrourbano.com\\\/revista\\\/#organization\"},\"image\":{\"@id\":\"https:\\\/\\\/centrourbano.com\\\/revista\\\/arquitectura-2\\\/museo-geologia-la-unam-festeja-110-aniversario\\\/#primaryimage\"},\"thumbnailUrl\":\"https:\\\/\\\/centrourbano.com\\\/revista\\\/wp-content\\\/uploads\\\/entrada_museo.jpg\",\"keywords\":[\"Museo de Geolog\u00eda\",\"UNAM\"],\"articleSection\":[\"Arquitectura\"],\"inLanguage\":\"es\",\"potentialAction\":[{\"@type\":\"CommentAction\",\"name\":\"Comment\",\"target\":[\"https:\\\/\\\/centrourbano.com\\\/revista\\\/arquitectura-2\\\/museo-geologia-la-unam-festeja-110-aniversario\\\/#respond\"]}]},{\"@type\":\"WebPage\",\"@id\":\"https:\\\/\\\/centrourbano.com\\\/revista\\\/arquitectura-2\\\/museo-geologia-la-unam-festeja-110-aniversario\\\/\",\"url\":\"https:\\\/\\\/centrourbano.com\\\/revista\\\/arquitectura-2\\\/museo-geologia-la-unam-festeja-110-aniversario\\\/\",\"name\":\"Museo de Geolog\u00eda de la UNAM festeja su 110 aniversario\",\"isPartOf\":{\"@id\":\"https:\\\/\\\/centrourbano.com\\\/revista\\\/#website\"},\"primaryImageOfPage\":{\"@id\":\"https:\\\/\\\/centrourbano.com\\\/revista\\\/arquitectura-2\\\/museo-geologia-la-unam-festeja-110-aniversario\\\/#primaryimage\"},\"image\":{\"@id\":\"https:\\\/\\\/centrourbano.com\\\/revista\\\/arquitectura-2\\\/museo-geologia-la-unam-festeja-110-aniversario\\\/#primaryimage\"},\"thumbnailUrl\":\"https:\\\/\\\/centrourbano.com\\\/revista\\\/wp-content\\\/uploads\\\/entrada_museo.jpg\",\"datePublished\":\"2016-11-14T22:00:25+00:00\",\"description\":\"El majestuoso edificio porfiriano, su escalinata y fachada son una invitaci\u00f3n a explorar esta instituci\u00f3n\",\"breadcrumb\":{\"@id\":\"https:\\\/\\\/centrourbano.com\\\/revista\\\/arquitectura-2\\\/museo-geologia-la-unam-festeja-110-aniversario\\\/#breadcrumb\"},\"inLanguage\":\"es\",\"potentialAction\":[{\"@type\":\"ReadAction\",\"target\":[\"https:\\\/\\\/centrourbano.com\\\/revista\\\/arquitectura-2\\\/museo-geologia-la-unam-festeja-110-aniversario\\\/\"]}]},{\"@type\":\"ImageObject\",\"inLanguage\":\"es\",\"@id\":\"https:\\\/\\\/centrourbano.com\\\/revista\\\/arquitectura-2\\\/museo-geologia-la-unam-festeja-110-aniversario\\\/#primaryimage\",\"url\":\"https:\\\/\\\/centrourbano.com\\\/revista\\\/wp-content\\\/uploads\\\/entrada_museo.jpg\",\"contentUrl\":\"https:\\\/\\\/centrourbano.com\\\/revista\\\/wp-content\\\/uploads\\\/entrada_museo.jpg\",\"width\":750,\"height\":450,\"caption\":\"El majestuoso edificio porfiriano, su escalinata y fachada son una invitaci\u00f3n a explorar esta instituci\u00f3n\"},{\"@type\":\"BreadcrumbList\",\"@id\":\"https:\\\/\\\/centrourbano.com\\\/revista\\\/arquitectura-2\\\/museo-geologia-la-unam-festeja-110-aniversario\\\/#breadcrumb\",\"itemListElement\":[{\"@type\":\"ListItem\",\"position\":1,\"name\":\"Portada\",\"item\":\"https:\\\/\\\/centrourbano.com\\\/revista\\\/\"},{\"@type\":\"ListItem\",\"position\":2,\"name\":\"Museo de Geolog\u00eda de la UNAM festeja su 110 aniversario\"}]},{\"@type\":\"WebSite\",\"@id\":\"https:\\\/\\\/centrourbano.com\\\/revista\\\/#website\",\"url\":\"https:\\\/\\\/centrourbano.com\\\/revista\\\/\",\"name\":\"Centro Urbano\",\"description\":\"Medio especializado en los sectores vivienda, inmobiliario, construcci\u00f3n, arquitectura y urbanismo.\",\"publisher\":{\"@id\":\"https:\\\/\\\/centrourbano.com\\\/revista\\\/#organization\"},\"potentialAction\":[{\"@type\":\"SearchAction\",\"target\":{\"@type\":\"EntryPoint\",\"urlTemplate\":\"https:\\\/\\\/centrourbano.com\\\/revista\\\/?s={search_term_string}\"},\"query-input\":{\"@type\":\"PropertyValueSpecification\",\"valueRequired\":true,\"valueName\":\"search_term_string\"}}],\"inLanguage\":\"es\"},{\"@type\":\"Organization\",\"@id\":\"https:\\\/\\\/centrourbano.com\\\/revista\\\/#organization\",\"name\":\"Centro Urbano\",\"url\":\"https:\\\/\\\/centrourbano.com\\\/revista\\\/\",\"logo\":{\"@type\":\"ImageObject\",\"inLanguage\":\"es\",\"@id\":\"https:\\\/\\\/centrourbano.com\\\/revista\\\/#\\\/schema\\\/logo\\\/image\\\/\",\"url\":\"https:\\\/\\\/centrourbano.com\\\/revista\\\/wp-content\\\/uploads\\\/web_CU_logo-1.png\",\"contentUrl\":\"https:\\\/\\\/centrourbano.com\\\/revista\\\/wp-content\\\/uploads\\\/web_CU_logo-1.png\",\"width\":350,\"height\":91,\"caption\":\"Centro Urbano\"},\"image\":{\"@id\":\"https:\\\/\\\/centrourbano.com\\\/revista\\\/#\\\/schema\\\/logo\\\/image\\\/\"},\"sameAs\":[\"https:\\\/\\\/www.facebook.com\\\/portalcentrourbano\",\"https:\\\/\\\/x.com\\\/CentroUrbano\",\"https:\\\/\\\/www.instagram.com\\\/centro_urbano\\\/\",\"https:\\\/\\\/www.linkedin.com\\\/company\\\/centro-urbano\\\/\",\"http:\\\/\\\/www.youtube.com\\\/user\\\/portalcentrourbano\"]},{\"@type\":\"Person\",\"@id\":\"https:\\\/\\\/centrourbano.com\\\/revista\\\/#\\\/schema\\\/person\\\/b45db815d96831257ba428a3d5a5fbdc\",\"name\":\"Dinorah Nava\",\"image\":{\"@type\":\"ImageObject\",\"inLanguage\":\"es\",\"@id\":\"https:\\\/\\\/secure.gravatar.com\\\/avatar\\\/f6ca6430c51d147f363940f84e1225aa4b8183885c11802cc3b042305a4ecc1a?s=96&d=mm&r=g\",\"url\":\"https:\\\/\\\/secure.gravatar.com\\\/avatar\\\/f6ca6430c51d147f363940f84e1225aa4b8183885c11802cc3b042305a4ecc1a?s=96&d=mm&r=g\",\"contentUrl\":\"https:\\\/\\\/secure.gravatar.com\\\/avatar\\\/f6ca6430c51d147f363940f84e1225aa4b8183885c11802cc3b042305a4ecc1a?s=96&d=mm&r=g\",\"caption\":\"Dinorah Nava\"},\"description\":\"Editora de Contenidos y Estrategias Digitales en Centro Urbano y Coeditora en Peri\u00f3dico Mi Casa. Egresada de la licenciatura en Comunicaci\u00f3n y Periodismo de la Facultad de Estudios Superiores Arag\u00f3n (UNAM). Amante de la edici\u00f3n y correcci\u00f3n de estilo, las redes sociales y el mundo digital. Especialista en temas son arquitectura, inmobiliario y urbanismo.\",\"sameAs\":[\"linkedin.com\\\/in\\\/dinorah-nava\",\"https:\\\/\\\/x.com\\\/https:\\\/\\\/twitter.com\\\/Dinorah_Nava28\"],\"url\":\"https:\\\/\\\/centrourbano.com\\\/revista\\\/author\\\/dinorah-nava\\\/\"}]}<\/script>\n<!-- \/ Yoast SEO plugin. -->","yoast_head_json":{"title":"Museo de Geolog\u00eda de la UNAM festeja su 110 aniversario","description":"El majestuoso edificio porfiriano, su escalinata y fachada son una invitaci\u00f3n a explorar esta instituci\u00f3n","robots":{"index":"index","follow":"follow","max-snippet":"max-snippet:-1","max-image-preview":"max-image-preview:large","max-video-preview":"max-video-preview:-1"},"canonical":"https:\/\/centrourbano.com\/revista\/arquitectura-2\/museo-geologia-la-unam-festeja-110-aniversario\/","og_locale":"es_ES","og_type":"article","og_title":"Museo de Geolog\u00eda de la UNAM festeja su 110 aniversario","og_description":"El majestuoso edificio porfiriano, su escalinata y fachada son una invitaci\u00f3n a explorar esta instituci\u00f3n","og_url":"https:\/\/centrourbano.com\/revista\/arquitectura-2\/museo-geologia-la-unam-festeja-110-aniversario\/","og_site_name":"Centro Urbano","article_publisher":"https:\/\/www.facebook.com\/portalcentrourbano","article_published_time":"2016-11-14T22:00:25+00:00","og_image":[{"width":750,"height":450,"url":"https:\/\/centrourbano.com\/revista\/wp-content\/uploads\/entrada_museo.jpg","type":"image\/jpeg"}],"author":"Dinorah Nava","twitter_card":"summary_large_image","twitter_creator":"@https:\/\/twitter.com\/Dinorah_Nava28","twitter_site":"@CentroUrbano","twitter_misc":{"Escrito por":"Dinorah Nava","Tiempo de lectura":"3 minutos"},"schema":{"@context":"https:\/\/schema.org","@graph":[{"@type":"Article","@id":"https:\/\/centrourbano.com\/revista\/arquitectura-2\/museo-geologia-la-unam-festeja-110-aniversario\/#article","isPartOf":{"@id":"https:\/\/centrourbano.com\/revista\/arquitectura-2\/museo-geologia-la-unam-festeja-110-aniversario\/"},"author":{"name":"Dinorah Nava","@id":"https:\/\/centrourbano.com\/revista\/#\/schema\/person\/b45db815d96831257ba428a3d5a5fbdc"},"headline":"Museo de Geolog\u00eda de la UNAM festeja su 110 aniversario","datePublished":"2016-11-14T22:00:25+00:00","mainEntityOfPage":{"@id":"https:\/\/centrourbano.com\/revista\/arquitectura-2\/museo-geologia-la-unam-festeja-110-aniversario\/"},"wordCount":612,"commentCount":0,"publisher":{"@id":"https:\/\/centrourbano.com\/revista\/#organization"},"image":{"@id":"https:\/\/centrourbano.com\/revista\/arquitectura-2\/museo-geologia-la-unam-festeja-110-aniversario\/#primaryimage"},"thumbnailUrl":"https:\/\/centrourbano.com\/revista\/wp-content\/uploads\/entrada_museo.jpg","keywords":["Museo de Geolog\u00eda","UNAM"],"articleSection":["Arquitectura"],"inLanguage":"es","potentialAction":[{"@type":"CommentAction","name":"Comment","target":["https:\/\/centrourbano.com\/revista\/arquitectura-2\/museo-geologia-la-unam-festeja-110-aniversario\/#respond"]}]},{"@type":"WebPage","@id":"https:\/\/centrourbano.com\/revista\/arquitectura-2\/museo-geologia-la-unam-festeja-110-aniversario\/","url":"https:\/\/centrourbano.com\/revista\/arquitectura-2\/museo-geologia-la-unam-festeja-110-aniversario\/","name":"Museo de Geolog\u00eda de la UNAM festeja su 110 aniversario","isPartOf":{"@id":"https:\/\/centrourbano.com\/revista\/#website"},"primaryImageOfPage":{"@id":"https:\/\/centrourbano.com\/revista\/arquitectura-2\/museo-geologia-la-unam-festeja-110-aniversario\/#primaryimage"},"image":{"@id":"https:\/\/centrourbano.com\/revista\/arquitectura-2\/museo-geologia-la-unam-festeja-110-aniversario\/#primaryimage"},"thumbnailUrl":"https:\/\/centrourbano.com\/revista\/wp-content\/uploads\/entrada_museo.jpg","datePublished":"2016-11-14T22:00:25+00:00","description":"El majestuoso edificio porfiriano, su escalinata y fachada son una invitaci\u00f3n a explorar esta instituci\u00f3n","breadcrumb":{"@id":"https:\/\/centrourbano.com\/revista\/arquitectura-2\/museo-geologia-la-unam-festeja-110-aniversario\/#breadcrumb"},"inLanguage":"es","potentialAction":[{"@type":"ReadAction","target":["https:\/\/centrourbano.com\/revista\/arquitectura-2\/museo-geologia-la-unam-festeja-110-aniversario\/"]}]},{"@type":"ImageObject","inLanguage":"es","@id":"https:\/\/centrourbano.com\/revista\/arquitectura-2\/museo-geologia-la-unam-festeja-110-aniversario\/#primaryimage","url":"https:\/\/centrourbano.com\/revista\/wp-content\/uploads\/entrada_museo.jpg","contentUrl":"https:\/\/centrourbano.com\/revista\/wp-content\/uploads\/entrada_museo.jpg","width":750,"height":450,"caption":"El majestuoso edificio porfiriano, su escalinata y fachada son una invitaci\u00f3n a explorar esta instituci\u00f3n"},{"@type":"BreadcrumbList","@id":"https:\/\/centrourbano.com\/revista\/arquitectura-2\/museo-geologia-la-unam-festeja-110-aniversario\/#breadcrumb","itemListElement":[{"@type":"ListItem","position":1,"name":"Portada","item":"https:\/\/centrourbano.com\/revista\/"},{"@type":"ListItem","position":2,"name":"Museo de Geolog\u00eda de la UNAM festeja su 110 aniversario"}]},{"@type":"WebSite","@id":"https:\/\/centrourbano.com\/revista\/#website","url":"https:\/\/centrourbano.com\/revista\/","name":"Centro Urbano","description":"Medio especializado en los sectores vivienda, inmobiliario, construcci\u00f3n, arquitectura y urbanismo.","publisher":{"@id":"https:\/\/centrourbano.com\/revista\/#organization"},"potentialAction":[{"@type":"SearchAction","target":{"@type":"EntryPoint","urlTemplate":"https:\/\/centrourbano.com\/revista\/?s={search_term_string}"},"query-input":{"@type":"PropertyValueSpecification","valueRequired":true,"valueName":"search_term_string"}}],"inLanguage":"es"},{"@type":"Organization","@id":"https:\/\/centrourbano.com\/revista\/#organization","name":"Centro Urbano","url":"https:\/\/centrourbano.com\/revista\/","logo":{"@type":"ImageObject","inLanguage":"es","@id":"https:\/\/centrourbano.com\/revista\/#\/schema\/logo\/image\/","url":"https:\/\/centrourbano.com\/revista\/wp-content\/uploads\/web_CU_logo-1.png","contentUrl":"https:\/\/centrourbano.com\/revista\/wp-content\/uploads\/web_CU_logo-1.png","width":350,"height":91,"caption":"Centro Urbano"},"image":{"@id":"https:\/\/centrourbano.com\/revista\/#\/schema\/logo\/image\/"},"sameAs":["https:\/\/www.facebook.com\/portalcentrourbano","https:\/\/x.com\/CentroUrbano","https:\/\/www.instagram.com\/centro_urbano\/","https:\/\/www.linkedin.com\/company\/centro-urbano\/","http:\/\/www.youtube.com\/user\/portalcentrourbano"]},{"@type":"Person","@id":"https:\/\/centrourbano.com\/revista\/#\/schema\/person\/b45db815d96831257ba428a3d5a5fbdc","name":"Dinorah Nava","image":{"@type":"ImageObject","inLanguage":"es","@id":"https:\/\/secure.gravatar.com\/avatar\/f6ca6430c51d147f363940f84e1225aa4b8183885c11802cc3b042305a4ecc1a?s=96&d=mm&r=g","url":"https:\/\/secure.gravatar.com\/avatar\/f6ca6430c51d147f363940f84e1225aa4b8183885c11802cc3b042305a4ecc1a?s=96&d=mm&r=g","contentUrl":"https:\/\/secure.gravatar.com\/avatar\/f6ca6430c51d147f363940f84e1225aa4b8183885c11802cc3b042305a4ecc1a?s=96&d=mm&r=g","caption":"Dinorah Nava"},"description":"Editora de Contenidos y Estrategias Digitales en Centro Urbano y Coeditora en Peri\u00f3dico Mi Casa. Egresada de la licenciatura en Comunicaci\u00f3n y Periodismo de la Facultad de Estudios Superiores Arag\u00f3n (UNAM). Amante de la edici\u00f3n y correcci\u00f3n de estilo, las redes sociales y el mundo digital. Especialista en temas son arquitectura, inmobiliario y urbanismo.","sameAs":["linkedin.com\/in\/dinorah-nava","https:\/\/x.com\/https:\/\/twitter.com\/Dinorah_Nava28"],"url":"https:\/\/centrourbano.com\/revista\/author\/dinorah-nava\/"}]}},"_links":{"self":[{"href":"https:\/\/centrourbano.com\/revista\/wp-json\/wp\/v2\/posts\/43835","targetHints":{"allow":["GET"]}}],"collection":[{"href":"https:\/\/centrourbano.com\/revista\/wp-json\/wp\/v2\/posts"}],"about":[{"href":"https:\/\/centrourbano.com\/revista\/wp-json\/wp\/v2\/types\/post"}],"author":[{"embeddable":true,"href":"https:\/\/centrourbano.com\/revista\/wp-json\/wp\/v2\/users\/9"}],"replies":[{"embeddable":true,"href":"https:\/\/centrourbano.com\/revista\/wp-json\/wp\/v2\/comments?post=43835"}],"version-history":[{"count":0,"href":"https:\/\/centrourbano.com\/revista\/wp-json\/wp\/v2\/posts\/43835\/revisions"}],"wp:featuredmedia":[{"embeddable":true,"href":"https:\/\/centrourbano.com\/revista\/wp-json\/wp\/v2\/media\/43836"}],"wp:attachment":[{"href":"https:\/\/centrourbano.com\/revista\/wp-json\/wp\/v2\/media?parent=43835"}],"wp:term":[{"taxonomy":"category","embeddable":true,"href":"https:\/\/centrourbano.com\/revista\/wp-json\/wp\/v2\/categories?post=43835"},{"taxonomy":"post_tag","embeddable":true,"href":"https:\/\/centrourbano.com\/revista\/wp-json\/wp\/v2\/tags?post=43835"}],"curies":[{"name":"wp","href":"https:\/\/api.w.org\/{rel}","templated":true}]}}