{"id":43727,"date":"2016-11-11T16:13:01","date_gmt":"2016-11-11T22:13:01","guid":{"rendered":"https:\/\/centrourbano.com\/?p=43727"},"modified":"2016-11-11T16:13:01","modified_gmt":"2016-11-11T22:13:01","slug":"puebla-alista-muestra-sobre-la-movilidad-urbana-en-el-siglo-xxi","status":"publish","type":"post","link":"https:\/\/centrourbano.com\/revista\/urbanismo\/puebla-alista-muestra-sobre-la-movilidad-urbana-en-el-siglo-xxi\/","title":{"rendered":"Puebla alista muestra sobre la movilidad urbana en el siglo XXI"},"content":{"rendered":"<p><em>La exposici\u00f3n \u201cLa vuelta a la bici\u201d incluir\u00e1 32 bicicletas mexicanas y extranjeras, as\u00ed como material historiogr\u00e1fico, audiovisual e interactivo<br \/>\n<\/em><!--more--><\/p>\n<p>El Museo Nacional de los Ferrocarriles Mexicanos (MNFM) de la ciudad de Puebla, abre las puertas a la exposici\u00f3n La vuelta a la bici, im\u00e1genes sobre la movilidad urbana en el siglo XXI. <\/p>\n<p>Esta muestra que ya fue exhibida en el Museo Franz Mayer de la Ciudad de M\u00e9xico y el Centro Cultural El Amate, en Cuernavaca, Morelos, incluir\u00e1 32 bicicletas mexicanas y extranjeras, as\u00ed como material historiogr\u00e1fico, audiovisual e interactivo.<\/p>\n<p>Con la curadur\u00eda de Ana \u00c1lvarez y Valentina Rojas Loa, y la museograf\u00eda de Luis Rodr\u00edguez y Nils Dallmann, la exposici\u00f3n mostrar\u00e1, de manera din\u00e1mica y l\u00fadica, el valor de la bicicleta en diversos \u00e1mbitos de la vida humana, que van desde su creaci\u00f3n en el siglo xix hasta la actualidad, con un particular \u00e9nfasis en la movilidad en M\u00e9xico y la ciudad de Puebla. <\/p>\n<p>En un comunicado se explica que seg\u00fan datos arrojados por la encuesta del Plan de Transporte Motorizado en Puebla, quienes m\u00e1s usan la bicicleta con el 88.5% son los hombres; adem\u00e1s se hace menci\u00f3n en este estudio que 54.4% de los que usan bicicleta es con fines laborales, 11% para el ocio y el 9.9% para estudio.<\/p>\n<p>Para su presentaci\u00f3n en el Museo Nacional de los Ferrocarriles Mexicanos, La vuelta a la bici se ha enriquecido con material que muestra la relaci\u00f3n de este medio de transporte con la infraestructura ferroviaria del pa\u00eds que est\u00e1 fuera de uso, como es el caso de los proyectos de V\u00edas Verdes M\u00e9xico, que tienen como objetivo la preservaci\u00f3n del patrimonio cultural ferroviario en su contexto y que rescata las antiguas v\u00edas del tren mediante su aprovechamiento como infraestructura cultural y para desplazamientos no motorizados que promueven el turismo cultural y natural, el transporte urbano sustentable, el tr\u00e1nsito rural, la recreaci\u00f3n y los ambientes saludables.<\/p>\n<p>Asimismo, se han incorporado nuevas piezas sobre la historia de la bicicleta en Puebla, algunos ejemplos de ello son los materiales hist\u00f3ricos y fotogr\u00e1ficos de los primeros a\u00f1os de la bicicleta en el estado. Adem\u00e1s se integra una extraordinaria serie de fotograf\u00edas de Mariano Tagle Calder\u00f3n, pertenecientes al acervo de la Fototeca Antica, que muestra la fuerte presencia de la bicicleta en la vida cotidiana de Puebla alrededor del a\u00f1o 1900.<\/p>\n<p>En La vuelta a la bici, el p\u00fablico podr\u00e1 conocer la \u00e9poca de oro de la producci\u00f3n de bicicletas mexicanas con cl\u00e1sicos modelos como la bicicleta de carreras Saeta (1960), el triciclo apache (1970) y los ex\u00f3ticos modelos para \u201cechar rostro\u201d, como las bicicletas Vagabundo (1978), adem\u00e1s de ejemplares contempor\u00e1neos fabricados en talleres artesanales mexicanos, con novedosos materiales como el bamb\u00fa y bicicletas para personas con discapacidad, creadas por dise\u00f1adores mexicanos.<\/p>\n<p>Entre el material gr\u00e1fico y audiovisual de la presente exhibici\u00f3n destaca el proveniente de la colecci\u00f3n Pryor Dodge, una de las que contienen material hist\u00f3ricogr\u00e1fico m\u00e1s completas del mundo, as\u00ed como las Vistas Lumi\u00e8re filmadas entre 1896 y 1897, por el enviado de los Hermanos Lumi\u00e8re a M\u00e9xico y El equilibrio del bolillo, de la serie Cine Mundial en M\u00e9xico, ambos materiales son parte del acervo de la Filmoteca de la Universidad Nacional Aut\u00f3noma de M\u00e9xico.<\/p>\n<p>Alrededor de esta exposici\u00f3n, el Museo Nacional de los Ferrocarriles Mexicanos realizar\u00e1 una serie de actividades paralelas en colaboraci\u00f3n con instituciones, colectivos y asociaciones que trabajan actualmente el tema de la movilidad urbana en Puebla.<\/p>\n<p>La exposici\u00f3n La vuelta a la bici se inaugura este s\u00e1bado 12 de noviembre a las 13:00 horas en el Museo Nacional de los Ferrocarriles Mexicanos, ubicado en 11 Norte 1005, Colonia Centro, en la ciudad de Puebla.<\/p>\n","protected":false},"excerpt":{"rendered":"<p>La exposici\u00f3n \u201cLa vuelta a la bici\u201d incluir\u00e1 32 bicicletas mexicanas y extranjeras, as\u00ed como material historiogr\u00e1fico, audiovisual e interactivo<\/p>\n","protected":false},"author":9,"featured_media":43728,"comment_status":"open","ping_status":"closed","sticky":false,"template":"","format":"standard","meta":{"om_disable_all_campaigns":false,"inline_featured_image":false,"_monsterinsights_skip_tracking":false,"_monsterinsights_sitenote_active":false,"_monsterinsights_sitenote_note":"","_monsterinsights_sitenote_category":0,"footnotes":""},"categories":[82],"tags":[8904,4375,487,1191,8905,602],"class_list":["post-43727","post","type-post","status-publish","format-standard","has-post-thumbnail","hentry","category-urbanismo","tag-bici","tag-exposicion","tag-movilidad","tag-movilidad-urbana","tag-museo-nacional-de-los-ferrocarriles-mexicanos","tag-puebla"],"yoast_head":"<!-- This site is optimized with the Yoast SEO plugin v27.5 - https:\/\/yoast.com\/product\/yoast-seo-wordpress\/ -->\n<title>Puebla alista muestra sobre la movilidad urbana en el siglo XXI<\/title>\n<meta name=\"description\" content=\"La exposici\u00f3n \u201cLa vuelta a la bici\u201d incluir\u00e1 32 bicicletas mexicanas y extranjeras, as\u00ed como material historiogr\u00e1fico, audiovisual e interactivo\" \/>\n<meta name=\"robots\" content=\"index, follow, max-snippet:-1, max-image-preview:large, max-video-preview:-1\" \/>\n<link rel=\"canonical\" href=\"https:\/\/centrourbano.com\/revista\/urbanismo\/puebla-alista-muestra-sobre-la-movilidad-urbana-en-el-siglo-xxi\/\" \/>\n<meta property=\"og:locale\" content=\"es_ES\" \/>\n<meta property=\"og:type\" content=\"article\" \/>\n<meta property=\"og:title\" content=\"Puebla alista muestra sobre la movilidad urbana en el siglo XXI\" \/>\n<meta property=\"og:description\" content=\"La exposici\u00f3n \u201cLa vuelta a la bici\u201d incluir\u00e1 32 bicicletas mexicanas y extranjeras, as\u00ed como material historiogr\u00e1fico, audiovisual e interactivo\" \/>\n<meta property=\"og:url\" content=\"https:\/\/centrourbano.com\/revista\/urbanismo\/puebla-alista-muestra-sobre-la-movilidad-urbana-en-el-siglo-xxi\/\" \/>\n<meta property=\"og:site_name\" content=\"Centro Urbano\" \/>\n<meta property=\"article:publisher\" content=\"https:\/\/www.facebook.com\/portalcentrourbano\" \/>\n<meta property=\"article:published_time\" content=\"2016-11-11T22:13:01+00:00\" \/>\n<meta property=\"og:image\" content=\"https:\/\/centrourbano.com\/revista\/wp-content\/uploads\/la_vuelta_a_la_bici5825fe71d465d.jpg\" \/>\n\t<meta property=\"og:image:width\" content=\"1800\" \/>\n\t<meta property=\"og:image:height\" content=\"1202\" \/>\n\t<meta property=\"og:image:type\" content=\"image\/jpeg\" \/>\n<meta name=\"author\" content=\"Dinorah Nava\" \/>\n<meta name=\"twitter:card\" content=\"summary_large_image\" \/>\n<meta name=\"twitter:creator\" content=\"@https:\/\/twitter.com\/Dinorah_Nava28\" \/>\n<meta name=\"twitter:site\" content=\"@CentroUrbano\" \/>\n<meta name=\"twitter:label1\" content=\"Escrito por\" \/>\n\t<meta name=\"twitter:data1\" content=\"Dinorah Nava\" \/>\n\t<meta name=\"twitter:label2\" content=\"Tiempo de lectura\" \/>\n\t<meta name=\"twitter:data2\" content=\"3 minutos\" \/>\n<script type=\"application\/ld+json\" class=\"yoast-schema-graph\">{\"@context\":\"https:\\\/\\\/schema.org\",\"@graph\":[{\"@type\":\"Article\",\"@id\":\"https:\\\/\\\/centrourbano.com\\\/revista\\\/urbanismo\\\/puebla-alista-muestra-sobre-la-movilidad-urbana-en-el-siglo-xxi\\\/#article\",\"isPartOf\":{\"@id\":\"https:\\\/\\\/centrourbano.com\\\/revista\\\/urbanismo\\\/puebla-alista-muestra-sobre-la-movilidad-urbana-en-el-siglo-xxi\\\/\"},\"author\":{\"name\":\"Dinorah Nava\",\"@id\":\"https:\\\/\\\/centrourbano.com\\\/revista\\\/#\\\/schema\\\/person\\\/baa9e569588d5544150642a11ad28b8b\"},\"headline\":\"Puebla alista muestra sobre la movilidad urbana en el siglo XXI\",\"datePublished\":\"2016-11-11T22:13:01+00:00\",\"mainEntityOfPage\":{\"@id\":\"https:\\\/\\\/centrourbano.com\\\/revista\\\/urbanismo\\\/puebla-alista-muestra-sobre-la-movilidad-urbana-en-el-siglo-xxi\\\/\"},\"wordCount\":660,\"commentCount\":0,\"publisher\":{\"@id\":\"https:\\\/\\\/centrourbano.com\\\/revista\\\/#organization\"},\"image\":{\"@id\":\"https:\\\/\\\/centrourbano.com\\\/revista\\\/urbanismo\\\/puebla-alista-muestra-sobre-la-movilidad-urbana-en-el-siglo-xxi\\\/#primaryimage\"},\"thumbnailUrl\":\"https:\\\/\\\/centrourbano.com\\\/revista\\\/wp-content\\\/uploads\\\/la_vuelta_a_la_bici5825fe71d465d.jpg\",\"keywords\":[\"bici\",\"exposici\u00f3n\",\"movilidad\",\"Movilidad urbana\",\"Museo Nacional de los Ferrocarriles Mexicanos\",\"Puebla\"],\"articleSection\":[\"Urbanismo\"],\"inLanguage\":\"es\",\"potentialAction\":[{\"@type\":\"CommentAction\",\"name\":\"Comment\",\"target\":[\"https:\\\/\\\/centrourbano.com\\\/revista\\\/urbanismo\\\/puebla-alista-muestra-sobre-la-movilidad-urbana-en-el-siglo-xxi\\\/#respond\"]}]},{\"@type\":\"WebPage\",\"@id\":\"https:\\\/\\\/centrourbano.com\\\/revista\\\/urbanismo\\\/puebla-alista-muestra-sobre-la-movilidad-urbana-en-el-siglo-xxi\\\/\",\"url\":\"https:\\\/\\\/centrourbano.com\\\/revista\\\/urbanismo\\\/puebla-alista-muestra-sobre-la-movilidad-urbana-en-el-siglo-xxi\\\/\",\"name\":\"Puebla alista muestra sobre la movilidad urbana en el siglo XXI\",\"isPartOf\":{\"@id\":\"https:\\\/\\\/centrourbano.com\\\/revista\\\/#website\"},\"primaryImageOfPage\":{\"@id\":\"https:\\\/\\\/centrourbano.com\\\/revista\\\/urbanismo\\\/puebla-alista-muestra-sobre-la-movilidad-urbana-en-el-siglo-xxi\\\/#primaryimage\"},\"image\":{\"@id\":\"https:\\\/\\\/centrourbano.com\\\/revista\\\/urbanismo\\\/puebla-alista-muestra-sobre-la-movilidad-urbana-en-el-siglo-xxi\\\/#primaryimage\"},\"thumbnailUrl\":\"https:\\\/\\\/centrourbano.com\\\/revista\\\/wp-content\\\/uploads\\\/la_vuelta_a_la_bici5825fe71d465d.jpg\",\"datePublished\":\"2016-11-11T22:13:01+00:00\",\"description\":\"La exposici\u00f3n \u201cLa vuelta a la bici\u201d incluir\u00e1 32 bicicletas mexicanas y extranjeras, as\u00ed como material historiogr\u00e1fico, audiovisual e interactivo\",\"breadcrumb\":{\"@id\":\"https:\\\/\\\/centrourbano.com\\\/revista\\\/urbanismo\\\/puebla-alista-muestra-sobre-la-movilidad-urbana-en-el-siglo-xxi\\\/#breadcrumb\"},\"inLanguage\":\"es\",\"potentialAction\":[{\"@type\":\"ReadAction\",\"target\":[\"https:\\\/\\\/centrourbano.com\\\/revista\\\/urbanismo\\\/puebla-alista-muestra-sobre-la-movilidad-urbana-en-el-siglo-xxi\\\/\"]}]},{\"@type\":\"ImageObject\",\"inLanguage\":\"es\",\"@id\":\"https:\\\/\\\/centrourbano.com\\\/revista\\\/urbanismo\\\/puebla-alista-muestra-sobre-la-movilidad-urbana-en-el-siglo-xxi\\\/#primaryimage\",\"url\":\"https:\\\/\\\/centrourbano.com\\\/revista\\\/wp-content\\\/uploads\\\/la_vuelta_a_la_bici5825fe71d465d.jpg\",\"contentUrl\":\"https:\\\/\\\/centrourbano.com\\\/revista\\\/wp-content\\\/uploads\\\/la_vuelta_a_la_bici5825fe71d465d.jpg\",\"width\":1800,\"height\":1202,\"caption\":\"La exposici\u00f3n \u201cLa vuelta a la bici\u201d incluir\u00e1 32 bicicletas mexicanas y extranjeras, as\u00ed como material historiogr\u00e1fico, audiovisual e interactivo\"},{\"@type\":\"BreadcrumbList\",\"@id\":\"https:\\\/\\\/centrourbano.com\\\/revista\\\/urbanismo\\\/puebla-alista-muestra-sobre-la-movilidad-urbana-en-el-siglo-xxi\\\/#breadcrumb\",\"itemListElement\":[{\"@type\":\"ListItem\",\"position\":1,\"name\":\"Portada\",\"item\":\"https:\\\/\\\/centrourbano.com\\\/revista\\\/\"},{\"@type\":\"ListItem\",\"position\":2,\"name\":\"Puebla alista muestra sobre la movilidad urbana en el siglo XXI\"}]},{\"@type\":\"WebSite\",\"@id\":\"https:\\\/\\\/centrourbano.com\\\/revista\\\/#website\",\"url\":\"https:\\\/\\\/centrourbano.com\\\/revista\\\/\",\"name\":\"Centro Urbano\",\"description\":\"Medio especializado en los sectores vivienda, inmobiliario, construcci\u00f3n, arquitectura y urbanismo.\",\"publisher\":{\"@id\":\"https:\\\/\\\/centrourbano.com\\\/revista\\\/#organization\"},\"potentialAction\":[{\"@type\":\"SearchAction\",\"target\":{\"@type\":\"EntryPoint\",\"urlTemplate\":\"https:\\\/\\\/centrourbano.com\\\/revista\\\/?s={search_term_string}\"},\"query-input\":{\"@type\":\"PropertyValueSpecification\",\"valueRequired\":true,\"valueName\":\"search_term_string\"}}],\"inLanguage\":\"es\"},{\"@type\":\"Organization\",\"@id\":\"https:\\\/\\\/centrourbano.com\\\/revista\\\/#organization\",\"name\":\"Centro Urbano\",\"url\":\"https:\\\/\\\/centrourbano.com\\\/revista\\\/\",\"logo\":{\"@type\":\"ImageObject\",\"inLanguage\":\"es\",\"@id\":\"https:\\\/\\\/centrourbano.com\\\/revista\\\/#\\\/schema\\\/logo\\\/image\\\/\",\"url\":\"https:\\\/\\\/centrourbano.com\\\/revista\\\/wp-content\\\/uploads\\\/web_CU_logo-1.png\",\"contentUrl\":\"https:\\\/\\\/centrourbano.com\\\/revista\\\/wp-content\\\/uploads\\\/web_CU_logo-1.png\",\"width\":350,\"height\":91,\"caption\":\"Centro Urbano\"},\"image\":{\"@id\":\"https:\\\/\\\/centrourbano.com\\\/revista\\\/#\\\/schema\\\/logo\\\/image\\\/\"},\"sameAs\":[\"https:\\\/\\\/www.facebook.com\\\/portalcentrourbano\",\"https:\\\/\\\/x.com\\\/CentroUrbano\",\"https:\\\/\\\/www.instagram.com\\\/centro_urbano\\\/\",\"https:\\\/\\\/www.linkedin.com\\\/company\\\/centro-urbano\\\/\",\"http:\\\/\\\/www.youtube.com\\\/user\\\/portalcentrourbano\"]},{\"@type\":\"Person\",\"@id\":\"https:\\\/\\\/centrourbano.com\\\/revista\\\/#\\\/schema\\\/person\\\/baa9e569588d5544150642a11ad28b8b\",\"name\":\"Dinorah Nava\",\"image\":{\"@type\":\"ImageObject\",\"inLanguage\":\"es\",\"@id\":\"https:\\\/\\\/secure.gravatar.com\\\/avatar\\\/f6ca6430c51d147f363940f84e1225aa4b8183885c11802cc3b042305a4ecc1a?s=96&d=mm&r=g\",\"url\":\"https:\\\/\\\/secure.gravatar.com\\\/avatar\\\/f6ca6430c51d147f363940f84e1225aa4b8183885c11802cc3b042305a4ecc1a?s=96&d=mm&r=g\",\"contentUrl\":\"https:\\\/\\\/secure.gravatar.com\\\/avatar\\\/f6ca6430c51d147f363940f84e1225aa4b8183885c11802cc3b042305a4ecc1a?s=96&d=mm&r=g\",\"caption\":\"Dinorah Nava\"},\"description\":\"Editora de Contenidos y Estrategias Digitales en Centro Urbano y Coeditora en Peri\u00f3dico Mi Casa. Egresada de la licenciatura en Comunicaci\u00f3n y Periodismo de la Facultad de Estudios Superiores Arag\u00f3n (UNAM). Amante de la edici\u00f3n y correcci\u00f3n de estilo, las redes sociales y el mundo digital. Especialista en temas son arquitectura, inmobiliario y urbanismo.\",\"sameAs\":[\"linkedin.com\\\/in\\\/dinorah-nava\",\"https:\\\/\\\/x.com\\\/https:\\\/\\\/twitter.com\\\/Dinorah_Nava28\"],\"url\":\"https:\\\/\\\/centrourbano.com\\\/revista\\\/author\\\/dinorah-nava\\\/\"}]}<\/script>\n<!-- \/ Yoast SEO plugin. -->","yoast_head_json":{"title":"Puebla alista muestra sobre la movilidad urbana en el siglo XXI","description":"La exposici\u00f3n \u201cLa vuelta a la bici\u201d incluir\u00e1 32 bicicletas mexicanas y extranjeras, as\u00ed como material historiogr\u00e1fico, audiovisual e interactivo","robots":{"index":"index","follow":"follow","max-snippet":"max-snippet:-1","max-image-preview":"max-image-preview:large","max-video-preview":"max-video-preview:-1"},"canonical":"https:\/\/centrourbano.com\/revista\/urbanismo\/puebla-alista-muestra-sobre-la-movilidad-urbana-en-el-siglo-xxi\/","og_locale":"es_ES","og_type":"article","og_title":"Puebla alista muestra sobre la movilidad urbana en el siglo XXI","og_description":"La exposici\u00f3n \u201cLa vuelta a la bici\u201d incluir\u00e1 32 bicicletas mexicanas y extranjeras, as\u00ed como material historiogr\u00e1fico, audiovisual e interactivo","og_url":"https:\/\/centrourbano.com\/revista\/urbanismo\/puebla-alista-muestra-sobre-la-movilidad-urbana-en-el-siglo-xxi\/","og_site_name":"Centro Urbano","article_publisher":"https:\/\/www.facebook.com\/portalcentrourbano","article_published_time":"2016-11-11T22:13:01+00:00","og_image":[{"width":1800,"height":1202,"url":"https:\/\/centrourbano.com\/revista\/wp-content\/uploads\/la_vuelta_a_la_bici5825fe71d465d.jpg","type":"image\/jpeg"}],"author":"Dinorah Nava","twitter_card":"summary_large_image","twitter_creator":"@https:\/\/twitter.com\/Dinorah_Nava28","twitter_site":"@CentroUrbano","twitter_misc":{"Escrito por":"Dinorah Nava","Tiempo de lectura":"3 minutos"},"schema":{"@context":"https:\/\/schema.org","@graph":[{"@type":"Article","@id":"https:\/\/centrourbano.com\/revista\/urbanismo\/puebla-alista-muestra-sobre-la-movilidad-urbana-en-el-siglo-xxi\/#article","isPartOf":{"@id":"https:\/\/centrourbano.com\/revista\/urbanismo\/puebla-alista-muestra-sobre-la-movilidad-urbana-en-el-siglo-xxi\/"},"author":{"name":"Dinorah Nava","@id":"https:\/\/centrourbano.com\/revista\/#\/schema\/person\/baa9e569588d5544150642a11ad28b8b"},"headline":"Puebla alista muestra sobre la movilidad urbana en el siglo XXI","datePublished":"2016-11-11T22:13:01+00:00","mainEntityOfPage":{"@id":"https:\/\/centrourbano.com\/revista\/urbanismo\/puebla-alista-muestra-sobre-la-movilidad-urbana-en-el-siglo-xxi\/"},"wordCount":660,"commentCount":0,"publisher":{"@id":"https:\/\/centrourbano.com\/revista\/#organization"},"image":{"@id":"https:\/\/centrourbano.com\/revista\/urbanismo\/puebla-alista-muestra-sobre-la-movilidad-urbana-en-el-siglo-xxi\/#primaryimage"},"thumbnailUrl":"https:\/\/centrourbano.com\/revista\/wp-content\/uploads\/la_vuelta_a_la_bici5825fe71d465d.jpg","keywords":["bici","exposici\u00f3n","movilidad","Movilidad urbana","Museo Nacional de los Ferrocarriles Mexicanos","Puebla"],"articleSection":["Urbanismo"],"inLanguage":"es","potentialAction":[{"@type":"CommentAction","name":"Comment","target":["https:\/\/centrourbano.com\/revista\/urbanismo\/puebla-alista-muestra-sobre-la-movilidad-urbana-en-el-siglo-xxi\/#respond"]}]},{"@type":"WebPage","@id":"https:\/\/centrourbano.com\/revista\/urbanismo\/puebla-alista-muestra-sobre-la-movilidad-urbana-en-el-siglo-xxi\/","url":"https:\/\/centrourbano.com\/revista\/urbanismo\/puebla-alista-muestra-sobre-la-movilidad-urbana-en-el-siglo-xxi\/","name":"Puebla alista muestra sobre la movilidad urbana en el siglo XXI","isPartOf":{"@id":"https:\/\/centrourbano.com\/revista\/#website"},"primaryImageOfPage":{"@id":"https:\/\/centrourbano.com\/revista\/urbanismo\/puebla-alista-muestra-sobre-la-movilidad-urbana-en-el-siglo-xxi\/#primaryimage"},"image":{"@id":"https:\/\/centrourbano.com\/revista\/urbanismo\/puebla-alista-muestra-sobre-la-movilidad-urbana-en-el-siglo-xxi\/#primaryimage"},"thumbnailUrl":"https:\/\/centrourbano.com\/revista\/wp-content\/uploads\/la_vuelta_a_la_bici5825fe71d465d.jpg","datePublished":"2016-11-11T22:13:01+00:00","description":"La exposici\u00f3n \u201cLa vuelta a la bici\u201d incluir\u00e1 32 bicicletas mexicanas y extranjeras, as\u00ed como material historiogr\u00e1fico, audiovisual e interactivo","breadcrumb":{"@id":"https:\/\/centrourbano.com\/revista\/urbanismo\/puebla-alista-muestra-sobre-la-movilidad-urbana-en-el-siglo-xxi\/#breadcrumb"},"inLanguage":"es","potentialAction":[{"@type":"ReadAction","target":["https:\/\/centrourbano.com\/revista\/urbanismo\/puebla-alista-muestra-sobre-la-movilidad-urbana-en-el-siglo-xxi\/"]}]},{"@type":"ImageObject","inLanguage":"es","@id":"https:\/\/centrourbano.com\/revista\/urbanismo\/puebla-alista-muestra-sobre-la-movilidad-urbana-en-el-siglo-xxi\/#primaryimage","url":"https:\/\/centrourbano.com\/revista\/wp-content\/uploads\/la_vuelta_a_la_bici5825fe71d465d.jpg","contentUrl":"https:\/\/centrourbano.com\/revista\/wp-content\/uploads\/la_vuelta_a_la_bici5825fe71d465d.jpg","width":1800,"height":1202,"caption":"La exposici\u00f3n \u201cLa vuelta a la bici\u201d incluir\u00e1 32 bicicletas mexicanas y extranjeras, as\u00ed como material historiogr\u00e1fico, audiovisual e interactivo"},{"@type":"BreadcrumbList","@id":"https:\/\/centrourbano.com\/revista\/urbanismo\/puebla-alista-muestra-sobre-la-movilidad-urbana-en-el-siglo-xxi\/#breadcrumb","itemListElement":[{"@type":"ListItem","position":1,"name":"Portada","item":"https:\/\/centrourbano.com\/revista\/"},{"@type":"ListItem","position":2,"name":"Puebla alista muestra sobre la movilidad urbana en el siglo XXI"}]},{"@type":"WebSite","@id":"https:\/\/centrourbano.com\/revista\/#website","url":"https:\/\/centrourbano.com\/revista\/","name":"Centro Urbano","description":"Medio especializado en los sectores vivienda, inmobiliario, construcci\u00f3n, arquitectura y urbanismo.","publisher":{"@id":"https:\/\/centrourbano.com\/revista\/#organization"},"potentialAction":[{"@type":"SearchAction","target":{"@type":"EntryPoint","urlTemplate":"https:\/\/centrourbano.com\/revista\/?s={search_term_string}"},"query-input":{"@type":"PropertyValueSpecification","valueRequired":true,"valueName":"search_term_string"}}],"inLanguage":"es"},{"@type":"Organization","@id":"https:\/\/centrourbano.com\/revista\/#organization","name":"Centro Urbano","url":"https:\/\/centrourbano.com\/revista\/","logo":{"@type":"ImageObject","inLanguage":"es","@id":"https:\/\/centrourbano.com\/revista\/#\/schema\/logo\/image\/","url":"https:\/\/centrourbano.com\/revista\/wp-content\/uploads\/web_CU_logo-1.png","contentUrl":"https:\/\/centrourbano.com\/revista\/wp-content\/uploads\/web_CU_logo-1.png","width":350,"height":91,"caption":"Centro Urbano"},"image":{"@id":"https:\/\/centrourbano.com\/revista\/#\/schema\/logo\/image\/"},"sameAs":["https:\/\/www.facebook.com\/portalcentrourbano","https:\/\/x.com\/CentroUrbano","https:\/\/www.instagram.com\/centro_urbano\/","https:\/\/www.linkedin.com\/company\/centro-urbano\/","http:\/\/www.youtube.com\/user\/portalcentrourbano"]},{"@type":"Person","@id":"https:\/\/centrourbano.com\/revista\/#\/schema\/person\/baa9e569588d5544150642a11ad28b8b","name":"Dinorah Nava","image":{"@type":"ImageObject","inLanguage":"es","@id":"https:\/\/secure.gravatar.com\/avatar\/f6ca6430c51d147f363940f84e1225aa4b8183885c11802cc3b042305a4ecc1a?s=96&d=mm&r=g","url":"https:\/\/secure.gravatar.com\/avatar\/f6ca6430c51d147f363940f84e1225aa4b8183885c11802cc3b042305a4ecc1a?s=96&d=mm&r=g","contentUrl":"https:\/\/secure.gravatar.com\/avatar\/f6ca6430c51d147f363940f84e1225aa4b8183885c11802cc3b042305a4ecc1a?s=96&d=mm&r=g","caption":"Dinorah Nava"},"description":"Editora de Contenidos y Estrategias Digitales en Centro Urbano y Coeditora en Peri\u00f3dico Mi Casa. Egresada de la licenciatura en Comunicaci\u00f3n y Periodismo de la Facultad de Estudios Superiores Arag\u00f3n (UNAM). Amante de la edici\u00f3n y correcci\u00f3n de estilo, las redes sociales y el mundo digital. Especialista en temas son arquitectura, inmobiliario y urbanismo.","sameAs":["linkedin.com\/in\/dinorah-nava","https:\/\/x.com\/https:\/\/twitter.com\/Dinorah_Nava28"],"url":"https:\/\/centrourbano.com\/revista\/author\/dinorah-nava\/"}]}},"_links":{"self":[{"href":"https:\/\/centrourbano.com\/revista\/wp-json\/wp\/v2\/posts\/43727","targetHints":{"allow":["GET"]}}],"collection":[{"href":"https:\/\/centrourbano.com\/revista\/wp-json\/wp\/v2\/posts"}],"about":[{"href":"https:\/\/centrourbano.com\/revista\/wp-json\/wp\/v2\/types\/post"}],"author":[{"embeddable":true,"href":"https:\/\/centrourbano.com\/revista\/wp-json\/wp\/v2\/users\/9"}],"replies":[{"embeddable":true,"href":"https:\/\/centrourbano.com\/revista\/wp-json\/wp\/v2\/comments?post=43727"}],"version-history":[{"count":0,"href":"https:\/\/centrourbano.com\/revista\/wp-json\/wp\/v2\/posts\/43727\/revisions"}],"wp:featuredmedia":[{"embeddable":true,"href":"https:\/\/centrourbano.com\/revista\/wp-json\/wp\/v2\/media\/43728"}],"wp:attachment":[{"href":"https:\/\/centrourbano.com\/revista\/wp-json\/wp\/v2\/media?parent=43727"}],"wp:term":[{"taxonomy":"category","embeddable":true,"href":"https:\/\/centrourbano.com\/revista\/wp-json\/wp\/v2\/categories?post=43727"},{"taxonomy":"post_tag","embeddable":true,"href":"https:\/\/centrourbano.com\/revista\/wp-json\/wp\/v2\/tags?post=43727"}],"curies":[{"name":"wp","href":"https:\/\/api.w.org\/{rel}","templated":true}]}}