{"id":43626,"date":"2016-11-11T11:09:32","date_gmt":"2016-11-11T17:09:32","guid":{"rendered":"https:\/\/centrourbano.com\/?p=43626"},"modified":"2016-11-11T11:09:32","modified_gmt":"2016-11-11T17:09:32","slug":"retiran-puestos-tulyehualco","status":"publish","type":"post","link":"https:\/\/centrourbano.com\/revista\/urbanismo\/retiran-puestos-tulyehualco\/","title":{"rendered":"Retiran puestos de Tulyehualco"},"content":{"rendered":"<p><em>250 puestos fijos y semifijos se removieron permanentemente y otros 700 se reubicaron<\/em><\/p>\n<p><em>\u00a0<\/em><\/p>\n<p>El gobierno de la Ciudad de M\u00e9xico recuper\u00f3 espacio p\u00fablico en el pueblo de Santiago Tulyehualco en los l\u00edmites territoriales de las delegaciones Tl\u00e1huac y Xochimilco.<\/p>\n<p>&nbsp;<\/p>\n<p>Se retiraron 600 puestos del tianguis, de los cuales 260 fueron reubicados, 250 puestos fijos y semifijos se removieron permanentemente y otros 700 se reubicaron. Adem\u00e1s, se removieron 30 camiones con estructuras, 15 con basura y 150 estructuras, casetas telef\u00f3nicas y toldos.<\/p>\n<p>&nbsp;<\/p>\n<p>Adem\u00e1s de la Secretar\u00eda de Gobierno, a trav\u00e9s de la Subsecretar\u00eda de Programas Delegacionales y Reordenamiento de la V\u00eda P\u00fablica, participaron en la intervenci\u00f3n la Direcci\u00f3n General de Gobierno y la Secretar\u00eda de Obras y Servicios, a trav\u00e9s de su Direcci\u00f3n General de Servicios Urbanos, adem\u00e1s de 800 elementos de la Secretar\u00eda de Seguridad P\u00fablica capitalina.<\/p>\n<p>&nbsp;<\/p>\n<p>Dichas dependencias acompa\u00f1aron al jefe delegacional en Xochimilco, Avelino M\u00e9ndez y al director general Jur\u00eddico y de Gobierno de la delegaci\u00f3n Tl\u00e1huac, H\u00e9ctor Jim\u00e9nez. La delegaci\u00f3n Xochimilco inform\u00f3 que instalar\u00e1 mesas de trabajo con comerciantes de Tulyehualco.<\/p>\n<p>&nbsp;<\/p>\n<p>hCon estas acciones, el jefe de gobierno, Miguel \u00c1ngel Mancera Espinosa, busca reiterar decisi\u00f3n de reordenar y liberar espacios en la v\u00eda p\u00fablica en beneficio de los habitantes de la ciudad.<\/p>\n<p>&nbsp;<\/p>\n","protected":false},"excerpt":{"rendered":"<p>250 puestos fijos y semifijos se removieron permanentemente y otros 700 se reubicaron \u00a0 El gobierno de la Ciudad de M\u00e9xico recuper\u00f3 espacio p\u00fablico en el pueblo de Santiago Tulyehualco en los l\u00edmites territoriales de las delegaciones Tl\u00e1huac y Xochimilco. &nbsp; Se retiraron 600 puestos del tianguis, de los cuales 260 fueron reubicados, 250 puestos [&hellip;]<\/p>\n","protected":false},"author":45,"featured_media":43627,"comment_status":"open","ping_status":"closed","sticky":false,"template":"","format":"standard","meta":{"om_disable_all_campaigns":false,"inline_featured_image":false,"_monsterinsights_skip_tracking":false,"_monsterinsights_sitenote_active":false,"_monsterinsights_sitenote_note":"","_monsterinsights_sitenote_category":0,"footnotes":""},"categories":[82],"tags":[606,1755,8895],"class_list":["post-43626","post","type-post","status-publish","format-standard","has-post-thumbnail","hentry","category-urbanismo","tag-cdmx","tag-espacios-publicos","tag-tulyehualco"],"yoast_head":"<!-- This site is optimized with the Yoast SEO plugin v27.5 - https:\/\/yoast.com\/product\/yoast-seo-wordpress\/ -->\n<title>Retiran puestos de Tulyehualco -<\/title>\n<meta name=\"description\" content=\"El gobierno de la Ciudad de M\u00e9xico recuper\u00f3 espacio p\u00fablico en el pueblo de Santiago Tulyehualco en los l\u00edmites territoriales de las delegaciones Tl\u00e1huac y Xochimilco.\" \/>\n<meta name=\"robots\" content=\"index, follow, max-snippet:-1, max-image-preview:large, max-video-preview:-1\" \/>\n<link rel=\"canonical\" href=\"https:\/\/centrourbano.com\/revista\/urbanismo\/retiran-puestos-tulyehualco\/\" \/>\n<meta property=\"og:locale\" content=\"es_ES\" \/>\n<meta property=\"og:type\" content=\"article\" \/>\n<meta property=\"og:title\" content=\"Retiran puestos de Tulyehualco -\" \/>\n<meta property=\"og:description\" content=\"El gobierno de la Ciudad de M\u00e9xico recuper\u00f3 espacio p\u00fablico en el pueblo de Santiago Tulyehualco en los l\u00edmites territoriales de las delegaciones Tl\u00e1huac y Xochimilco.\" \/>\n<meta property=\"og:url\" content=\"https:\/\/centrourbano.com\/revista\/urbanismo\/retiran-puestos-tulyehualco\/\" \/>\n<meta property=\"og:site_name\" content=\"Centro Urbano\" \/>\n<meta property=\"article:publisher\" content=\"https:\/\/www.facebook.com\/portalcentrourbano\" \/>\n<meta property=\"article:published_time\" content=\"2016-11-11T17:09:32+00:00\" \/>\n<meta property=\"og:image\" content=\"https:\/\/centrourbano.com\/revista\/wp-content\/uploads\/Recuperaci\u00f3n-espacios-tulyehualco-scaled.jpg\" \/>\n\t<meta property=\"og:image:width\" content=\"2560\" \/>\n\t<meta property=\"og:image:height\" content=\"1696\" \/>\n\t<meta property=\"og:image:type\" content=\"image\/jpeg\" \/>\n<meta name=\"author\" content=\"Hanae Pacheco\" \/>\n<meta name=\"twitter:card\" content=\"summary_large_image\" \/>\n<meta name=\"twitter:creator\" content=\"@CentroUrbano\" \/>\n<meta name=\"twitter:site\" content=\"@CentroUrbano\" \/>\n<meta name=\"twitter:label1\" content=\"Escrito por\" \/>\n\t<meta name=\"twitter:data1\" content=\"Hanae Pacheco\" \/>\n\t<meta name=\"twitter:label2\" content=\"Tiempo de lectura\" \/>\n\t<meta name=\"twitter:data2\" content=\"1 minuto\" \/>\n<script type=\"application\/ld+json\" class=\"yoast-schema-graph\">{\"@context\":\"https:\\\/\\\/schema.org\",\"@graph\":[{\"@type\":\"Article\",\"@id\":\"https:\\\/\\\/centrourbano.com\\\/revista\\\/urbanismo\\\/retiran-puestos-tulyehualco\\\/#article\",\"isPartOf\":{\"@id\":\"https:\\\/\\\/centrourbano.com\\\/revista\\\/urbanismo\\\/retiran-puestos-tulyehualco\\\/\"},\"author\":{\"name\":\"Hanae Pacheco\",\"@id\":\"https:\\\/\\\/centrourbano.com\\\/revista\\\/#\\\/schema\\\/person\\\/e8e98aef19f73a60695de7576d34c43c\"},\"headline\":\"Retiran puestos de Tulyehualco\",\"datePublished\":\"2016-11-11T17:09:32+00:00\",\"mainEntityOfPage\":{\"@id\":\"https:\\\/\\\/centrourbano.com\\\/revista\\\/urbanismo\\\/retiran-puestos-tulyehualco\\\/\"},\"wordCount\":235,\"commentCount\":0,\"publisher\":{\"@id\":\"https:\\\/\\\/centrourbano.com\\\/revista\\\/#organization\"},\"image\":{\"@id\":\"https:\\\/\\\/centrourbano.com\\\/revista\\\/urbanismo\\\/retiran-puestos-tulyehualco\\\/#primaryimage\"},\"thumbnailUrl\":\"https:\\\/\\\/centrourbano.com\\\/revista\\\/wp-content\\\/uploads\\\/Recuperaci\u00f3n-espacios-tulyehualco-scaled.jpg\",\"keywords\":[\"CDMX\",\"espacios p\u00fablicos\",\"Tulyehualco\"],\"articleSection\":[\"Urbanismo\"],\"inLanguage\":\"es\",\"potentialAction\":[{\"@type\":\"CommentAction\",\"name\":\"Comment\",\"target\":[\"https:\\\/\\\/centrourbano.com\\\/revista\\\/urbanismo\\\/retiran-puestos-tulyehualco\\\/#respond\"]}]},{\"@type\":\"WebPage\",\"@id\":\"https:\\\/\\\/centrourbano.com\\\/revista\\\/urbanismo\\\/retiran-puestos-tulyehualco\\\/\",\"url\":\"https:\\\/\\\/centrourbano.com\\\/revista\\\/urbanismo\\\/retiran-puestos-tulyehualco\\\/\",\"name\":\"Retiran puestos de Tulyehualco -\",\"isPartOf\":{\"@id\":\"https:\\\/\\\/centrourbano.com\\\/revista\\\/#website\"},\"primaryImageOfPage\":{\"@id\":\"https:\\\/\\\/centrourbano.com\\\/revista\\\/urbanismo\\\/retiran-puestos-tulyehualco\\\/#primaryimage\"},\"image\":{\"@id\":\"https:\\\/\\\/centrourbano.com\\\/revista\\\/urbanismo\\\/retiran-puestos-tulyehualco\\\/#primaryimage\"},\"thumbnailUrl\":\"https:\\\/\\\/centrourbano.com\\\/revista\\\/wp-content\\\/uploads\\\/Recuperaci\u00f3n-espacios-tulyehualco-scaled.jpg\",\"datePublished\":\"2016-11-11T17:09:32+00:00\",\"description\":\"El gobierno de la Ciudad de M\u00e9xico recuper\u00f3 espacio p\u00fablico en el pueblo de Santiago Tulyehualco en los l\u00edmites territoriales de las delegaciones Tl\u00e1huac y Xochimilco.\",\"breadcrumb\":{\"@id\":\"https:\\\/\\\/centrourbano.com\\\/revista\\\/urbanismo\\\/retiran-puestos-tulyehualco\\\/#breadcrumb\"},\"inLanguage\":\"es\",\"potentialAction\":[{\"@type\":\"ReadAction\",\"target\":[\"https:\\\/\\\/centrourbano.com\\\/revista\\\/urbanismo\\\/retiran-puestos-tulyehualco\\\/\"]}]},{\"@type\":\"ImageObject\",\"inLanguage\":\"es\",\"@id\":\"https:\\\/\\\/centrourbano.com\\\/revista\\\/urbanismo\\\/retiran-puestos-tulyehualco\\\/#primaryimage\",\"url\":\"https:\\\/\\\/centrourbano.com\\\/revista\\\/wp-content\\\/uploads\\\/Recuperaci\u00f3n-espacios-tulyehualco-scaled.jpg\",\"contentUrl\":\"https:\\\/\\\/centrourbano.com\\\/revista\\\/wp-content\\\/uploads\\\/Recuperaci\u00f3n-espacios-tulyehualco-scaled.jpg\",\"width\":2560,\"height\":1696,\"caption\":\"250 puestos fijos y semifijos se removieron permanentemente y otros 700 se reubicaron\"},{\"@type\":\"BreadcrumbList\",\"@id\":\"https:\\\/\\\/centrourbano.com\\\/revista\\\/urbanismo\\\/retiran-puestos-tulyehualco\\\/#breadcrumb\",\"itemListElement\":[{\"@type\":\"ListItem\",\"position\":1,\"name\":\"Portada\",\"item\":\"https:\\\/\\\/centrourbano.com\\\/revista\\\/\"},{\"@type\":\"ListItem\",\"position\":2,\"name\":\"Retiran puestos de Tulyehualco\"}]},{\"@type\":\"WebSite\",\"@id\":\"https:\\\/\\\/centrourbano.com\\\/revista\\\/#website\",\"url\":\"https:\\\/\\\/centrourbano.com\\\/revista\\\/\",\"name\":\"Centro Urbano\",\"description\":\"Medio especializado en los sectores vivienda, inmobiliario, construcci\u00f3n, arquitectura y urbanismo.\",\"publisher\":{\"@id\":\"https:\\\/\\\/centrourbano.com\\\/revista\\\/#organization\"},\"potentialAction\":[{\"@type\":\"SearchAction\",\"target\":{\"@type\":\"EntryPoint\",\"urlTemplate\":\"https:\\\/\\\/centrourbano.com\\\/revista\\\/?s={search_term_string}\"},\"query-input\":{\"@type\":\"PropertyValueSpecification\",\"valueRequired\":true,\"valueName\":\"search_term_string\"}}],\"inLanguage\":\"es\"},{\"@type\":\"Organization\",\"@id\":\"https:\\\/\\\/centrourbano.com\\\/revista\\\/#organization\",\"name\":\"Centro Urbano\",\"url\":\"https:\\\/\\\/centrourbano.com\\\/revista\\\/\",\"logo\":{\"@type\":\"ImageObject\",\"inLanguage\":\"es\",\"@id\":\"https:\\\/\\\/centrourbano.com\\\/revista\\\/#\\\/schema\\\/logo\\\/image\\\/\",\"url\":\"https:\\\/\\\/centrourbano.com\\\/revista\\\/wp-content\\\/uploads\\\/web_CU_logo-1.png\",\"contentUrl\":\"https:\\\/\\\/centrourbano.com\\\/revista\\\/wp-content\\\/uploads\\\/web_CU_logo-1.png\",\"width\":350,\"height\":91,\"caption\":\"Centro Urbano\"},\"image\":{\"@id\":\"https:\\\/\\\/centrourbano.com\\\/revista\\\/#\\\/schema\\\/logo\\\/image\\\/\"},\"sameAs\":[\"https:\\\/\\\/www.facebook.com\\\/portalcentrourbano\",\"https:\\\/\\\/x.com\\\/CentroUrbano\",\"https:\\\/\\\/www.instagram.com\\\/centro_urbano\\\/\",\"https:\\\/\\\/www.linkedin.com\\\/company\\\/centro-urbano\\\/\",\"http:\\\/\\\/www.youtube.com\\\/user\\\/portalcentrourbano\"]},{\"@type\":\"Person\",\"@id\":\"https:\\\/\\\/centrourbano.com\\\/revista\\\/#\\\/schema\\\/person\\\/e8e98aef19f73a60695de7576d34c43c\",\"name\":\"Hanae Pacheco\",\"image\":{\"@type\":\"ImageObject\",\"inLanguage\":\"es\",\"@id\":\"https:\\\/\\\/secure.gravatar.com\\\/avatar\\\/85378918db488c7c72bd7acaea6909bbfd5df076ffaf5e56cf397f98ef67f72d?s=96&d=mm&r=g\",\"url\":\"https:\\\/\\\/secure.gravatar.com\\\/avatar\\\/85378918db488c7c72bd7acaea6909bbfd5df076ffaf5e56cf397f98ef67f72d?s=96&d=mm&r=g\",\"contentUrl\":\"https:\\\/\\\/secure.gravatar.com\\\/avatar\\\/85378918db488c7c72bd7acaea6909bbfd5df076ffaf5e56cf397f98ef67f72d?s=96&d=mm&r=g\",\"caption\":\"Hanae Pacheco\"},\"url\":\"https:\\\/\\\/centrourbano.com\\\/revista\\\/author\\\/hanae-pacheco\\\/\"}]}<\/script>\n<!-- \/ Yoast SEO plugin. -->","yoast_head_json":{"title":"Retiran puestos de Tulyehualco -","description":"El gobierno de la Ciudad de M\u00e9xico recuper\u00f3 espacio p\u00fablico en el pueblo de Santiago Tulyehualco en los l\u00edmites territoriales de las delegaciones Tl\u00e1huac y Xochimilco.","robots":{"index":"index","follow":"follow","max-snippet":"max-snippet:-1","max-image-preview":"max-image-preview:large","max-video-preview":"max-video-preview:-1"},"canonical":"https:\/\/centrourbano.com\/revista\/urbanismo\/retiran-puestos-tulyehualco\/","og_locale":"es_ES","og_type":"article","og_title":"Retiran puestos de Tulyehualco -","og_description":"El gobierno de la Ciudad de M\u00e9xico recuper\u00f3 espacio p\u00fablico en el pueblo de Santiago Tulyehualco en los l\u00edmites territoriales de las delegaciones Tl\u00e1huac y Xochimilco.","og_url":"https:\/\/centrourbano.com\/revista\/urbanismo\/retiran-puestos-tulyehualco\/","og_site_name":"Centro Urbano","article_publisher":"https:\/\/www.facebook.com\/portalcentrourbano","article_published_time":"2016-11-11T17:09:32+00:00","og_image":[{"width":2560,"height":1696,"url":"https:\/\/centrourbano.com\/revista\/wp-content\/uploads\/Recuperaci\u00f3n-espacios-tulyehualco-scaled.jpg","type":"image\/jpeg"}],"author":"Hanae Pacheco","twitter_card":"summary_large_image","twitter_creator":"@CentroUrbano","twitter_site":"@CentroUrbano","twitter_misc":{"Escrito por":"Hanae Pacheco","Tiempo de lectura":"1 minuto"},"schema":{"@context":"https:\/\/schema.org","@graph":[{"@type":"Article","@id":"https:\/\/centrourbano.com\/revista\/urbanismo\/retiran-puestos-tulyehualco\/#article","isPartOf":{"@id":"https:\/\/centrourbano.com\/revista\/urbanismo\/retiran-puestos-tulyehualco\/"},"author":{"name":"Hanae Pacheco","@id":"https:\/\/centrourbano.com\/revista\/#\/schema\/person\/e8e98aef19f73a60695de7576d34c43c"},"headline":"Retiran puestos de Tulyehualco","datePublished":"2016-11-11T17:09:32+00:00","mainEntityOfPage":{"@id":"https:\/\/centrourbano.com\/revista\/urbanismo\/retiran-puestos-tulyehualco\/"},"wordCount":235,"commentCount":0,"publisher":{"@id":"https:\/\/centrourbano.com\/revista\/#organization"},"image":{"@id":"https:\/\/centrourbano.com\/revista\/urbanismo\/retiran-puestos-tulyehualco\/#primaryimage"},"thumbnailUrl":"https:\/\/centrourbano.com\/revista\/wp-content\/uploads\/Recuperaci\u00f3n-espacios-tulyehualco-scaled.jpg","keywords":["CDMX","espacios p\u00fablicos","Tulyehualco"],"articleSection":["Urbanismo"],"inLanguage":"es","potentialAction":[{"@type":"CommentAction","name":"Comment","target":["https:\/\/centrourbano.com\/revista\/urbanismo\/retiran-puestos-tulyehualco\/#respond"]}]},{"@type":"WebPage","@id":"https:\/\/centrourbano.com\/revista\/urbanismo\/retiran-puestos-tulyehualco\/","url":"https:\/\/centrourbano.com\/revista\/urbanismo\/retiran-puestos-tulyehualco\/","name":"Retiran puestos de Tulyehualco -","isPartOf":{"@id":"https:\/\/centrourbano.com\/revista\/#website"},"primaryImageOfPage":{"@id":"https:\/\/centrourbano.com\/revista\/urbanismo\/retiran-puestos-tulyehualco\/#primaryimage"},"image":{"@id":"https:\/\/centrourbano.com\/revista\/urbanismo\/retiran-puestos-tulyehualco\/#primaryimage"},"thumbnailUrl":"https:\/\/centrourbano.com\/revista\/wp-content\/uploads\/Recuperaci\u00f3n-espacios-tulyehualco-scaled.jpg","datePublished":"2016-11-11T17:09:32+00:00","description":"El gobierno de la Ciudad de M\u00e9xico recuper\u00f3 espacio p\u00fablico en el pueblo de Santiago Tulyehualco en los l\u00edmites territoriales de las delegaciones Tl\u00e1huac y Xochimilco.","breadcrumb":{"@id":"https:\/\/centrourbano.com\/revista\/urbanismo\/retiran-puestos-tulyehualco\/#breadcrumb"},"inLanguage":"es","potentialAction":[{"@type":"ReadAction","target":["https:\/\/centrourbano.com\/revista\/urbanismo\/retiran-puestos-tulyehualco\/"]}]},{"@type":"ImageObject","inLanguage":"es","@id":"https:\/\/centrourbano.com\/revista\/urbanismo\/retiran-puestos-tulyehualco\/#primaryimage","url":"https:\/\/centrourbano.com\/revista\/wp-content\/uploads\/Recuperaci\u00f3n-espacios-tulyehualco-scaled.jpg","contentUrl":"https:\/\/centrourbano.com\/revista\/wp-content\/uploads\/Recuperaci\u00f3n-espacios-tulyehualco-scaled.jpg","width":2560,"height":1696,"caption":"250 puestos fijos y semifijos se removieron permanentemente y otros 700 se reubicaron"},{"@type":"BreadcrumbList","@id":"https:\/\/centrourbano.com\/revista\/urbanismo\/retiran-puestos-tulyehualco\/#breadcrumb","itemListElement":[{"@type":"ListItem","position":1,"name":"Portada","item":"https:\/\/centrourbano.com\/revista\/"},{"@type":"ListItem","position":2,"name":"Retiran puestos de Tulyehualco"}]},{"@type":"WebSite","@id":"https:\/\/centrourbano.com\/revista\/#website","url":"https:\/\/centrourbano.com\/revista\/","name":"Centro Urbano","description":"Medio especializado en los sectores vivienda, inmobiliario, construcci\u00f3n, arquitectura y urbanismo.","publisher":{"@id":"https:\/\/centrourbano.com\/revista\/#organization"},"potentialAction":[{"@type":"SearchAction","target":{"@type":"EntryPoint","urlTemplate":"https:\/\/centrourbano.com\/revista\/?s={search_term_string}"},"query-input":{"@type":"PropertyValueSpecification","valueRequired":true,"valueName":"search_term_string"}}],"inLanguage":"es"},{"@type":"Organization","@id":"https:\/\/centrourbano.com\/revista\/#organization","name":"Centro Urbano","url":"https:\/\/centrourbano.com\/revista\/","logo":{"@type":"ImageObject","inLanguage":"es","@id":"https:\/\/centrourbano.com\/revista\/#\/schema\/logo\/image\/","url":"https:\/\/centrourbano.com\/revista\/wp-content\/uploads\/web_CU_logo-1.png","contentUrl":"https:\/\/centrourbano.com\/revista\/wp-content\/uploads\/web_CU_logo-1.png","width":350,"height":91,"caption":"Centro Urbano"},"image":{"@id":"https:\/\/centrourbano.com\/revista\/#\/schema\/logo\/image\/"},"sameAs":["https:\/\/www.facebook.com\/portalcentrourbano","https:\/\/x.com\/CentroUrbano","https:\/\/www.instagram.com\/centro_urbano\/","https:\/\/www.linkedin.com\/company\/centro-urbano\/","http:\/\/www.youtube.com\/user\/portalcentrourbano"]},{"@type":"Person","@id":"https:\/\/centrourbano.com\/revista\/#\/schema\/person\/e8e98aef19f73a60695de7576d34c43c","name":"Hanae Pacheco","image":{"@type":"ImageObject","inLanguage":"es","@id":"https:\/\/secure.gravatar.com\/avatar\/85378918db488c7c72bd7acaea6909bbfd5df076ffaf5e56cf397f98ef67f72d?s=96&d=mm&r=g","url":"https:\/\/secure.gravatar.com\/avatar\/85378918db488c7c72bd7acaea6909bbfd5df076ffaf5e56cf397f98ef67f72d?s=96&d=mm&r=g","contentUrl":"https:\/\/secure.gravatar.com\/avatar\/85378918db488c7c72bd7acaea6909bbfd5df076ffaf5e56cf397f98ef67f72d?s=96&d=mm&r=g","caption":"Hanae Pacheco"},"url":"https:\/\/centrourbano.com\/revista\/author\/hanae-pacheco\/"}]}},"_links":{"self":[{"href":"https:\/\/centrourbano.com\/revista\/wp-json\/wp\/v2\/posts\/43626","targetHints":{"allow":["GET"]}}],"collection":[{"href":"https:\/\/centrourbano.com\/revista\/wp-json\/wp\/v2\/posts"}],"about":[{"href":"https:\/\/centrourbano.com\/revista\/wp-json\/wp\/v2\/types\/post"}],"author":[{"embeddable":true,"href":"https:\/\/centrourbano.com\/revista\/wp-json\/wp\/v2\/users\/45"}],"replies":[{"embeddable":true,"href":"https:\/\/centrourbano.com\/revista\/wp-json\/wp\/v2\/comments?post=43626"}],"version-history":[{"count":0,"href":"https:\/\/centrourbano.com\/revista\/wp-json\/wp\/v2\/posts\/43626\/revisions"}],"wp:featuredmedia":[{"embeddable":true,"href":"https:\/\/centrourbano.com\/revista\/wp-json\/wp\/v2\/media\/43627"}],"wp:attachment":[{"href":"https:\/\/centrourbano.com\/revista\/wp-json\/wp\/v2\/media?parent=43626"}],"wp:term":[{"taxonomy":"category","embeddable":true,"href":"https:\/\/centrourbano.com\/revista\/wp-json\/wp\/v2\/categories?post=43626"},{"taxonomy":"post_tag","embeddable":true,"href":"https:\/\/centrourbano.com\/revista\/wp-json\/wp\/v2\/tags?post=43626"}],"curies":[{"name":"wp","href":"https:\/\/api.w.org\/{rel}","templated":true}]}}