{"id":42934,"date":"2016-11-01T11:51:56","date_gmt":"2016-11-01T17:51:56","guid":{"rendered":"https:\/\/centrourbano.com\/?p=42934"},"modified":"2016-11-01T11:51:56","modified_gmt":"2016-11-01T17:51:56","slug":"torre-manacar-apuesta-sustentabilidad-al-sur-la-ciudad","status":"publish","type":"post","link":"https:\/\/centrourbano.com\/revista\/entrevistas\/torre-manacar-apuesta-sustentabilidad-al-sur-la-ciudad\/","title":{"rendered":"Torre Manacar apuesta por sustentabilidad al sur de la ciudad"},"content":{"rendered":"<p><em>Pulso Inmobiliario desarrolla este proyecto se usos mixtos que incluir\u00e1 zona comercial y de oficinas<\/em><br \/>\n<!--more--><\/p>\n<p>Para Enrique Villanueva, director de Desarrollo de Pulso Inmobiliario, la sustentabilidad, centralidad y planeaci\u00f3n permiten que un proyecto alcance el \u00e9xito. En entrevista con Centro Urbano, habl\u00f3 sobre algunas de las caracter\u00edsticas de Torre Manacar, complejo de usos mixtos que construyen en el sur de la Ciudad de M\u00e9xico.   <\/p>\n<p>Consider\u00f3 que la sustentabilidad ya no es un reto para la empresa, ya que en todos los proyectos que realizan es un tema que se incluye, \u201ces como si quisieras construir un edificio sin cimentaci\u00f3n, esto pasa con la sustentabilidad, nosotros ya no hacemos ning\u00fan desarrollo en ninguna de nuestras \u00e1reas que no sea sustentable, no s\u00f3lo en tema t\u00e9cnico, tambi\u00e9n en lo social, urbano, movilidad, uso de suelo y densidades, lo abordamos de manera integral\u201d.   <\/p>\n<p>Explic\u00f3 que en el caso de Torre Manacar, se eligi\u00f3 esa zona debido a la ubicaci\u00f3n de la Avenida Insurgentes, que es una de las m\u00e1s importantes de la ciudad, as\u00ed como los servicios de transporte p\u00fablico de la zona, como Metro, Metrob\u00fas; zonas de vivienda cercana, como las colonias Del Valle, Condesa, La Florida, San \u00c1ngel, entre otras. <\/p>\n<p>\u201cPara fomentar que la gente no se desplace tanto para ir a trabajar tienes que llevarle los edificios a donde est\u00e1, entonces qu\u00e9 mejor que hacer usos mixtos, Manacar combina oficinas con centro comercial y \u00e1reas de entretenimiento, no ser\u00eda l\u00f3gico tener vivienda, por la cercan\u00eda de muchas colonias habitacionales cercanas y as\u00ed se evita el uso del auto y poder contaminar menos\u201d. <\/p>\n<p>Sobre esta construcci\u00f3n, detall\u00f3 que realizaron la compra de los antiguos cines Manacar, pero decidieron adquirir toda la manzana, en donde estaba un edificio de oficinas y algunas viviendas. Tambi\u00e9n tuvieron tratos con distintos arquitectos de Estados Unidos, para el dise\u00f1o del inmueble; sin embargo, decidieron que fuera un arquitecto mexicano quien lo hiciera y Teodoro Gonz\u00e1lez de Le\u00f3n fue quien acept\u00f3 realizar este trabajo. <\/p>\n<p>El reconocido arquitecto, que falleci\u00f3 en septiembre de este a\u00f1o, les dijo que ese cine ten\u00eda un tel\u00f3n de madera que pint\u00f3 el artista Carlos M\u00e9rida y que pas\u00f3 a reguardo del Instituto Nacional de Antropolog\u00eda e Historia (INAH) y del Instituto Nacional de Bellas Artes (INBA), con quienes hablaron para integrar dicho elemento al inmueble. \t <\/p>\n<p>\u201cVamos a rescatar el mural, fuimos a Bellas Artes y va a quedar en el lobby de 30 metros de altura, qu\u00e9 estamos haciendo, traer un poco el pasado, reconstruyendo s\u00edmbolos. Esto es creatividad, querer tus proyectos, es lo que m\u00e1s nos distingue, no s\u00f3lo hacer edificios, sino poner atenci\u00f3n en los detalles, en la creatividad\u201d. <\/p>\n<p>Finalmente, dio algunos de talles de la obra, que incluyen 12 s\u00f3tanos, en un terreno de m\u00e1s de ocho mil metros cuadrados. Los primeros seis pisos ser\u00e1n de locales comerciales, con un total de 27 mil metros cuadrados, mientras que los restantes 23 pisos ser\u00e1n oficinas, con un espacio de 42 mil metros cuadrados y, en el tope de la construcci\u00f3n, dar\u00e1 empleo a mil 500 trabajadores. <\/p>\n","protected":false},"excerpt":{"rendered":"<p>Pulso Inmobiliario desarrolla este proyecto se usos mixtos que incluir\u00e1 zona comercial y de oficinas<\/p>\n","protected":false},"author":37,"featured_media":42942,"comment_status":"open","ping_status":"closed","sticky":false,"template":"","format":"standard","meta":{"om_disable_all_campaigns":false,"inline_featured_image":false,"_monsterinsights_skip_tracking":false,"_monsterinsights_sitenote_active":false,"_monsterinsights_sitenote_note":"","_monsterinsights_sitenote_category":0,"footnotes":""},"categories":[13],"tags":[],"class_list":["post-42934","post","type-post","status-publish","format-standard","has-post-thumbnail","hentry","category-entrevistas"],"yoast_head":"<!-- This site is optimized with the Yoast SEO plugin v27.4 - https:\/\/yoast.com\/product\/yoast-seo-wordpress\/ -->\n<title>Torre Manacar apuesta por sustentabilidad al sur de la ciudad -<\/title>\n<meta name=\"description\" content=\"Pulso Inmobiliario desarrolla este proyecto se usos mixtos que incluir\u00e1 zona comercial y de oficinas\" \/>\n<meta name=\"robots\" content=\"index, follow, max-snippet:-1, max-image-preview:large, max-video-preview:-1\" \/>\n<link rel=\"canonical\" href=\"https:\/\/centrourbano.com\/revista\/entrevistas\/torre-manacar-apuesta-sustentabilidad-al-sur-la-ciudad\/\" \/>\n<meta property=\"og:locale\" content=\"es_ES\" \/>\n<meta property=\"og:type\" content=\"article\" \/>\n<meta property=\"og:title\" content=\"Torre Manacar apuesta por sustentabilidad al sur de la ciudad -\" \/>\n<meta property=\"og:description\" content=\"Pulso Inmobiliario desarrolla este proyecto se usos mixtos que incluir\u00e1 zona comercial y de oficinas\" \/>\n<meta property=\"og:url\" content=\"https:\/\/centrourbano.com\/revista\/entrevistas\/torre-manacar-apuesta-sustentabilidad-al-sur-la-ciudad\/\" \/>\n<meta property=\"og:site_name\" content=\"Centro Urbano\" \/>\n<meta property=\"article:publisher\" content=\"https:\/\/www.facebook.com\/portalcentrourbano\" \/>\n<meta property=\"article:published_time\" content=\"2016-11-01T17:51:56+00:00\" \/>\n<meta property=\"og:image\" content=\"https:\/\/centrourbano.com\/revista\/wp-content\/uploads\/enrique-villanueva.jpg\" \/>\n\t<meta property=\"og:image:width\" content=\"800\" \/>\n\t<meta property=\"og:image:height\" content=\"749\" \/>\n\t<meta property=\"og:image:type\" content=\"image\/jpeg\" \/>\n<meta name=\"author\" content=\"Diego Rodr\u00edguez\" \/>\n<meta name=\"twitter:card\" content=\"summary_large_image\" \/>\n<meta name=\"twitter:creator\" content=\"@CentroUrbano\" \/>\n<meta name=\"twitter:site\" content=\"@CentroUrbano\" \/>\n<meta name=\"twitter:label1\" content=\"Escrito por\" \/>\n\t<meta name=\"twitter:data1\" content=\"Diego Rodr\u00edguez\" \/>\n\t<meta name=\"twitter:label2\" content=\"Tiempo de lectura\" \/>\n\t<meta name=\"twitter:data2\" content=\"3 minutos\" \/>\n<script type=\"application\/ld+json\" class=\"yoast-schema-graph\">{\"@context\":\"https:\\\/\\\/schema.org\",\"@graph\":[{\"@type\":\"Article\",\"@id\":\"https:\\\/\\\/centrourbano.com\\\/revista\\\/entrevistas\\\/torre-manacar-apuesta-sustentabilidad-al-sur-la-ciudad\\\/#article\",\"isPartOf\":{\"@id\":\"https:\\\/\\\/centrourbano.com\\\/revista\\\/entrevistas\\\/torre-manacar-apuesta-sustentabilidad-al-sur-la-ciudad\\\/\"},\"author\":{\"name\":\"Diego Rodr\u00edguez\",\"@id\":\"https:\\\/\\\/centrourbano.com\\\/revista\\\/#\\\/schema\\\/person\\\/b50192a3cd0e680841b45dc537f53970\"},\"headline\":\"Torre Manacar apuesta por sustentabilidad al sur de la ciudad\",\"datePublished\":\"2016-11-01T17:51:56+00:00\",\"mainEntityOfPage\":{\"@id\":\"https:\\\/\\\/centrourbano.com\\\/revista\\\/entrevistas\\\/torre-manacar-apuesta-sustentabilidad-al-sur-la-ciudad\\\/\"},\"wordCount\":544,\"commentCount\":0,\"publisher\":{\"@id\":\"https:\\\/\\\/centrourbano.com\\\/revista\\\/#organization\"},\"image\":{\"@id\":\"https:\\\/\\\/centrourbano.com\\\/revista\\\/entrevistas\\\/torre-manacar-apuesta-sustentabilidad-al-sur-la-ciudad\\\/#primaryimage\"},\"thumbnailUrl\":\"https:\\\/\\\/centrourbano.com\\\/revista\\\/wp-content\\\/uploads\\\/enrique-villanueva.jpg\",\"articleSection\":[\"Entrevistas\"],\"inLanguage\":\"es\",\"potentialAction\":[{\"@type\":\"CommentAction\",\"name\":\"Comment\",\"target\":[\"https:\\\/\\\/centrourbano.com\\\/revista\\\/entrevistas\\\/torre-manacar-apuesta-sustentabilidad-al-sur-la-ciudad\\\/#respond\"]}]},{\"@type\":\"WebPage\",\"@id\":\"https:\\\/\\\/centrourbano.com\\\/revista\\\/entrevistas\\\/torre-manacar-apuesta-sustentabilidad-al-sur-la-ciudad\\\/\",\"url\":\"https:\\\/\\\/centrourbano.com\\\/revista\\\/entrevistas\\\/torre-manacar-apuesta-sustentabilidad-al-sur-la-ciudad\\\/\",\"name\":\"Torre Manacar apuesta por sustentabilidad al sur de la ciudad -\",\"isPartOf\":{\"@id\":\"https:\\\/\\\/centrourbano.com\\\/revista\\\/#website\"},\"primaryImageOfPage\":{\"@id\":\"https:\\\/\\\/centrourbano.com\\\/revista\\\/entrevistas\\\/torre-manacar-apuesta-sustentabilidad-al-sur-la-ciudad\\\/#primaryimage\"},\"image\":{\"@id\":\"https:\\\/\\\/centrourbano.com\\\/revista\\\/entrevistas\\\/torre-manacar-apuesta-sustentabilidad-al-sur-la-ciudad\\\/#primaryimage\"},\"thumbnailUrl\":\"https:\\\/\\\/centrourbano.com\\\/revista\\\/wp-content\\\/uploads\\\/enrique-villanueva.jpg\",\"datePublished\":\"2016-11-01T17:51:56+00:00\",\"description\":\"Pulso Inmobiliario desarrolla este proyecto se usos mixtos que incluir\u00e1 zona comercial y de oficinas\",\"breadcrumb\":{\"@id\":\"https:\\\/\\\/centrourbano.com\\\/revista\\\/entrevistas\\\/torre-manacar-apuesta-sustentabilidad-al-sur-la-ciudad\\\/#breadcrumb\"},\"inLanguage\":\"es\",\"potentialAction\":[{\"@type\":\"ReadAction\",\"target\":[\"https:\\\/\\\/centrourbano.com\\\/revista\\\/entrevistas\\\/torre-manacar-apuesta-sustentabilidad-al-sur-la-ciudad\\\/\"]}]},{\"@type\":\"ImageObject\",\"inLanguage\":\"es\",\"@id\":\"https:\\\/\\\/centrourbano.com\\\/revista\\\/entrevistas\\\/torre-manacar-apuesta-sustentabilidad-al-sur-la-ciudad\\\/#primaryimage\",\"url\":\"https:\\\/\\\/centrourbano.com\\\/revista\\\/wp-content\\\/uploads\\\/enrique-villanueva.jpg\",\"contentUrl\":\"https:\\\/\\\/centrourbano.com\\\/revista\\\/wp-content\\\/uploads\\\/enrique-villanueva.jpg\",\"width\":800,\"height\":749},{\"@type\":\"BreadcrumbList\",\"@id\":\"https:\\\/\\\/centrourbano.com\\\/revista\\\/entrevistas\\\/torre-manacar-apuesta-sustentabilidad-al-sur-la-ciudad\\\/#breadcrumb\",\"itemListElement\":[{\"@type\":\"ListItem\",\"position\":1,\"name\":\"Portada\",\"item\":\"https:\\\/\\\/centrourbano.com\\\/revista\\\/\"},{\"@type\":\"ListItem\",\"position\":2,\"name\":\"Torre Manacar apuesta por sustentabilidad al sur de la ciudad\"}]},{\"@type\":\"WebSite\",\"@id\":\"https:\\\/\\\/centrourbano.com\\\/revista\\\/#website\",\"url\":\"https:\\\/\\\/centrourbano.com\\\/revista\\\/\",\"name\":\"Centro Urbano\",\"description\":\"Medio especializado en los sectores vivienda, inmobiliario, construcci\u00f3n, arquitectura y urbanismo.\",\"publisher\":{\"@id\":\"https:\\\/\\\/centrourbano.com\\\/revista\\\/#organization\"},\"potentialAction\":[{\"@type\":\"SearchAction\",\"target\":{\"@type\":\"EntryPoint\",\"urlTemplate\":\"https:\\\/\\\/centrourbano.com\\\/revista\\\/?s={search_term_string}\"},\"query-input\":{\"@type\":\"PropertyValueSpecification\",\"valueRequired\":true,\"valueName\":\"search_term_string\"}}],\"inLanguage\":\"es\"},{\"@type\":\"Organization\",\"@id\":\"https:\\\/\\\/centrourbano.com\\\/revista\\\/#organization\",\"name\":\"Centro Urbano\",\"url\":\"https:\\\/\\\/centrourbano.com\\\/revista\\\/\",\"logo\":{\"@type\":\"ImageObject\",\"inLanguage\":\"es\",\"@id\":\"https:\\\/\\\/centrourbano.com\\\/revista\\\/#\\\/schema\\\/logo\\\/image\\\/\",\"url\":\"https:\\\/\\\/centrourbano.com\\\/revista\\\/wp-content\\\/uploads\\\/web_CU_logo-1.png\",\"contentUrl\":\"https:\\\/\\\/centrourbano.com\\\/revista\\\/wp-content\\\/uploads\\\/web_CU_logo-1.png\",\"width\":350,\"height\":91,\"caption\":\"Centro Urbano\"},\"image\":{\"@id\":\"https:\\\/\\\/centrourbano.com\\\/revista\\\/#\\\/schema\\\/logo\\\/image\\\/\"},\"sameAs\":[\"https:\\\/\\\/www.facebook.com\\\/portalcentrourbano\",\"https:\\\/\\\/x.com\\\/CentroUrbano\",\"https:\\\/\\\/www.instagram.com\\\/centro_urbano\\\/\",\"https:\\\/\\\/www.linkedin.com\\\/company\\\/centro-urbano\\\/\",\"http:\\\/\\\/www.youtube.com\\\/user\\\/portalcentrourbano\"]},{\"@type\":\"Person\",\"@id\":\"https:\\\/\\\/centrourbano.com\\\/revista\\\/#\\\/schema\\\/person\\\/b50192a3cd0e680841b45dc537f53970\",\"name\":\"Diego Rodr\u00edguez\",\"image\":{\"@type\":\"ImageObject\",\"inLanguage\":\"es\",\"@id\":\"https:\\\/\\\/secure.gravatar.com\\\/avatar\\\/d217565525df2df5d4e7265d47758506f41845ed9529510921a7625d8365789d?s=96&d=mm&r=g\",\"url\":\"https:\\\/\\\/secure.gravatar.com\\\/avatar\\\/d217565525df2df5d4e7265d47758506f41845ed9529510921a7625d8365789d?s=96&d=mm&r=g\",\"contentUrl\":\"https:\\\/\\\/secure.gravatar.com\\\/avatar\\\/d217565525df2df5d4e7265d47758506f41845ed9529510921a7625d8365789d?s=96&d=mm&r=g\",\"caption\":\"Diego Rodr\u00edguez\"},\"description\":\"Egresado de la Facultad de Estudios Superiores Acatl\u00e1n de la carrera en Comunicaci\u00f3n, con especialidad en medios escritos. Reportero del desaparecido peri\u00f3dico Nuestro M\u00e9xico, en donde cubri\u00f3 las fuentes delegacionales y Asamblea Legislativa. Tambi\u00e9n trabaj\u00f3 en la Coordinaci\u00f3n de Comunicaci\u00f3n Social en la delegaci\u00f3n \u00c1lvaro Obreg\u00f3n. Le gusta leer novelas y cuentos.\",\"url\":\"https:\\\/\\\/centrourbano.com\\\/revista\\\/author\\\/diegorodriguez\\\/\"}]}<\/script>\n<!-- \/ Yoast SEO plugin. -->","yoast_head_json":{"title":"Torre Manacar apuesta por sustentabilidad al sur de la ciudad -","description":"Pulso Inmobiliario desarrolla este proyecto se usos mixtos que incluir\u00e1 zona comercial y de oficinas","robots":{"index":"index","follow":"follow","max-snippet":"max-snippet:-1","max-image-preview":"max-image-preview:large","max-video-preview":"max-video-preview:-1"},"canonical":"https:\/\/centrourbano.com\/revista\/entrevistas\/torre-manacar-apuesta-sustentabilidad-al-sur-la-ciudad\/","og_locale":"es_ES","og_type":"article","og_title":"Torre Manacar apuesta por sustentabilidad al sur de la ciudad -","og_description":"Pulso Inmobiliario desarrolla este proyecto se usos mixtos que incluir\u00e1 zona comercial y de oficinas","og_url":"https:\/\/centrourbano.com\/revista\/entrevistas\/torre-manacar-apuesta-sustentabilidad-al-sur-la-ciudad\/","og_site_name":"Centro Urbano","article_publisher":"https:\/\/www.facebook.com\/portalcentrourbano","article_published_time":"2016-11-01T17:51:56+00:00","og_image":[{"width":800,"height":749,"url":"https:\/\/centrourbano.com\/revista\/wp-content\/uploads\/enrique-villanueva.jpg","type":"image\/jpeg"}],"author":"Diego Rodr\u00edguez","twitter_card":"summary_large_image","twitter_creator":"@CentroUrbano","twitter_site":"@CentroUrbano","twitter_misc":{"Escrito por":"Diego Rodr\u00edguez","Tiempo de lectura":"3 minutos"},"schema":{"@context":"https:\/\/schema.org","@graph":[{"@type":"Article","@id":"https:\/\/centrourbano.com\/revista\/entrevistas\/torre-manacar-apuesta-sustentabilidad-al-sur-la-ciudad\/#article","isPartOf":{"@id":"https:\/\/centrourbano.com\/revista\/entrevistas\/torre-manacar-apuesta-sustentabilidad-al-sur-la-ciudad\/"},"author":{"name":"Diego Rodr\u00edguez","@id":"https:\/\/centrourbano.com\/revista\/#\/schema\/person\/b50192a3cd0e680841b45dc537f53970"},"headline":"Torre Manacar apuesta por sustentabilidad al sur de la ciudad","datePublished":"2016-11-01T17:51:56+00:00","mainEntityOfPage":{"@id":"https:\/\/centrourbano.com\/revista\/entrevistas\/torre-manacar-apuesta-sustentabilidad-al-sur-la-ciudad\/"},"wordCount":544,"commentCount":0,"publisher":{"@id":"https:\/\/centrourbano.com\/revista\/#organization"},"image":{"@id":"https:\/\/centrourbano.com\/revista\/entrevistas\/torre-manacar-apuesta-sustentabilidad-al-sur-la-ciudad\/#primaryimage"},"thumbnailUrl":"https:\/\/centrourbano.com\/revista\/wp-content\/uploads\/enrique-villanueva.jpg","articleSection":["Entrevistas"],"inLanguage":"es","potentialAction":[{"@type":"CommentAction","name":"Comment","target":["https:\/\/centrourbano.com\/revista\/entrevistas\/torre-manacar-apuesta-sustentabilidad-al-sur-la-ciudad\/#respond"]}]},{"@type":"WebPage","@id":"https:\/\/centrourbano.com\/revista\/entrevistas\/torre-manacar-apuesta-sustentabilidad-al-sur-la-ciudad\/","url":"https:\/\/centrourbano.com\/revista\/entrevistas\/torre-manacar-apuesta-sustentabilidad-al-sur-la-ciudad\/","name":"Torre Manacar apuesta por sustentabilidad al sur de la ciudad -","isPartOf":{"@id":"https:\/\/centrourbano.com\/revista\/#website"},"primaryImageOfPage":{"@id":"https:\/\/centrourbano.com\/revista\/entrevistas\/torre-manacar-apuesta-sustentabilidad-al-sur-la-ciudad\/#primaryimage"},"image":{"@id":"https:\/\/centrourbano.com\/revista\/entrevistas\/torre-manacar-apuesta-sustentabilidad-al-sur-la-ciudad\/#primaryimage"},"thumbnailUrl":"https:\/\/centrourbano.com\/revista\/wp-content\/uploads\/enrique-villanueva.jpg","datePublished":"2016-11-01T17:51:56+00:00","description":"Pulso Inmobiliario desarrolla este proyecto se usos mixtos que incluir\u00e1 zona comercial y de oficinas","breadcrumb":{"@id":"https:\/\/centrourbano.com\/revista\/entrevistas\/torre-manacar-apuesta-sustentabilidad-al-sur-la-ciudad\/#breadcrumb"},"inLanguage":"es","potentialAction":[{"@type":"ReadAction","target":["https:\/\/centrourbano.com\/revista\/entrevistas\/torre-manacar-apuesta-sustentabilidad-al-sur-la-ciudad\/"]}]},{"@type":"ImageObject","inLanguage":"es","@id":"https:\/\/centrourbano.com\/revista\/entrevistas\/torre-manacar-apuesta-sustentabilidad-al-sur-la-ciudad\/#primaryimage","url":"https:\/\/centrourbano.com\/revista\/wp-content\/uploads\/enrique-villanueva.jpg","contentUrl":"https:\/\/centrourbano.com\/revista\/wp-content\/uploads\/enrique-villanueva.jpg","width":800,"height":749},{"@type":"BreadcrumbList","@id":"https:\/\/centrourbano.com\/revista\/entrevistas\/torre-manacar-apuesta-sustentabilidad-al-sur-la-ciudad\/#breadcrumb","itemListElement":[{"@type":"ListItem","position":1,"name":"Portada","item":"https:\/\/centrourbano.com\/revista\/"},{"@type":"ListItem","position":2,"name":"Torre Manacar apuesta por sustentabilidad al sur de la ciudad"}]},{"@type":"WebSite","@id":"https:\/\/centrourbano.com\/revista\/#website","url":"https:\/\/centrourbano.com\/revista\/","name":"Centro Urbano","description":"Medio especializado en los sectores vivienda, inmobiliario, construcci\u00f3n, arquitectura y urbanismo.","publisher":{"@id":"https:\/\/centrourbano.com\/revista\/#organization"},"potentialAction":[{"@type":"SearchAction","target":{"@type":"EntryPoint","urlTemplate":"https:\/\/centrourbano.com\/revista\/?s={search_term_string}"},"query-input":{"@type":"PropertyValueSpecification","valueRequired":true,"valueName":"search_term_string"}}],"inLanguage":"es"},{"@type":"Organization","@id":"https:\/\/centrourbano.com\/revista\/#organization","name":"Centro Urbano","url":"https:\/\/centrourbano.com\/revista\/","logo":{"@type":"ImageObject","inLanguage":"es","@id":"https:\/\/centrourbano.com\/revista\/#\/schema\/logo\/image\/","url":"https:\/\/centrourbano.com\/revista\/wp-content\/uploads\/web_CU_logo-1.png","contentUrl":"https:\/\/centrourbano.com\/revista\/wp-content\/uploads\/web_CU_logo-1.png","width":350,"height":91,"caption":"Centro Urbano"},"image":{"@id":"https:\/\/centrourbano.com\/revista\/#\/schema\/logo\/image\/"},"sameAs":["https:\/\/www.facebook.com\/portalcentrourbano","https:\/\/x.com\/CentroUrbano","https:\/\/www.instagram.com\/centro_urbano\/","https:\/\/www.linkedin.com\/company\/centro-urbano\/","http:\/\/www.youtube.com\/user\/portalcentrourbano"]},{"@type":"Person","@id":"https:\/\/centrourbano.com\/revista\/#\/schema\/person\/b50192a3cd0e680841b45dc537f53970","name":"Diego Rodr\u00edguez","image":{"@type":"ImageObject","inLanguage":"es","@id":"https:\/\/secure.gravatar.com\/avatar\/d217565525df2df5d4e7265d47758506f41845ed9529510921a7625d8365789d?s=96&d=mm&r=g","url":"https:\/\/secure.gravatar.com\/avatar\/d217565525df2df5d4e7265d47758506f41845ed9529510921a7625d8365789d?s=96&d=mm&r=g","contentUrl":"https:\/\/secure.gravatar.com\/avatar\/d217565525df2df5d4e7265d47758506f41845ed9529510921a7625d8365789d?s=96&d=mm&r=g","caption":"Diego Rodr\u00edguez"},"description":"Egresado de la Facultad de Estudios Superiores Acatl\u00e1n de la carrera en Comunicaci\u00f3n, con especialidad en medios escritos. Reportero del desaparecido peri\u00f3dico Nuestro M\u00e9xico, en donde cubri\u00f3 las fuentes delegacionales y Asamblea Legislativa. Tambi\u00e9n trabaj\u00f3 en la Coordinaci\u00f3n de Comunicaci\u00f3n Social en la delegaci\u00f3n \u00c1lvaro Obreg\u00f3n. Le gusta leer novelas y cuentos.","url":"https:\/\/centrourbano.com\/revista\/author\/diegorodriguez\/"}]}},"_links":{"self":[{"href":"https:\/\/centrourbano.com\/revista\/wp-json\/wp\/v2\/posts\/42934","targetHints":{"allow":["GET"]}}],"collection":[{"href":"https:\/\/centrourbano.com\/revista\/wp-json\/wp\/v2\/posts"}],"about":[{"href":"https:\/\/centrourbano.com\/revista\/wp-json\/wp\/v2\/types\/post"}],"author":[{"embeddable":true,"href":"https:\/\/centrourbano.com\/revista\/wp-json\/wp\/v2\/users\/37"}],"replies":[{"embeddable":true,"href":"https:\/\/centrourbano.com\/revista\/wp-json\/wp\/v2\/comments?post=42934"}],"version-history":[{"count":0,"href":"https:\/\/centrourbano.com\/revista\/wp-json\/wp\/v2\/posts\/42934\/revisions"}],"wp:featuredmedia":[{"embeddable":true,"href":"https:\/\/centrourbano.com\/revista\/wp-json\/wp\/v2\/media\/42942"}],"wp:attachment":[{"href":"https:\/\/centrourbano.com\/revista\/wp-json\/wp\/v2\/media?parent=42934"}],"wp:term":[{"taxonomy":"category","embeddable":true,"href":"https:\/\/centrourbano.com\/revista\/wp-json\/wp\/v2\/categories?post=42934"},{"taxonomy":"post_tag","embeddable":true,"href":"https:\/\/centrourbano.com\/revista\/wp-json\/wp\/v2\/tags?post=42934"}],"curies":[{"name":"wp","href":"https:\/\/api.w.org\/{rel}","templated":true}]}}