{"id":42835,"date":"2016-10-31T09:27:23","date_gmt":"2016-10-31T15:27:23","guid":{"rendered":"https:\/\/centrourbano.com\/?p=42835"},"modified":"2016-11-02T12:54:21","modified_gmt":"2016-11-02T18:54:21","slug":"inauguran-oficinas-sedect-monterrey","status":"publish","type":"post","link":"https:\/\/centrourbano.com\/revista\/inmobiliario\/inauguran-oficinas-sedect-monterrey\/","title":{"rendered":"Inauguran oficinas de Sedect en Monterrey"},"content":{"rendered":"<p><em>Cuenta con \u00e1reas de reuniones y juntas para recibir y hacer agenda con empresas que acudan a realizar sus visitas<\/em><\/p>\n<p>Con el fin de promover las \u00e1reas de desarrollo econ\u00f3mico y turismo, adem\u00e1s de recibir empresas de todo el mundo para hacer negocios en Monterrey, el gobierno del estado, a trav\u00e9s de la Secretar\u00eda de Desarrollo Econ\u00f3mico, Competitividad y Turismo (Sedect), en conjunto con el gobierno municipal de Torre\u00f3n, inaugur\u00f3 las oficinas de esta secretar\u00eda en el Centro Internacional de Negocios Monterrey (Cintermex).<\/p>\n<p>El secretario de Desarrollo Econ\u00f3mico, Competitividad y Turismo, Jos\u00e9 Antonio Guti\u00e9rrez, realiz\u00f3 el corte del list\u00f3n inaugural, con el que este sitio inicia sus operaciones de manera oficial, en donde importantes empresas y dependencias se promueven a nivel mundial.<\/p>\n<p>Coment\u00f3 que las oficinas de Cintermex podr\u00e1n recibir personas de otras nacionalidades que no llegan a Saltillo cuando visitan la ciudad de Monterrey, puesto que, a trav\u00e9s de las oficinas de ProM\u00e9xico, ya se promueve su existencia.<\/p>\n<p>Antonio Guti\u00e9rrez recalc\u00f3 que esta oficina cuenta con un \u00e1rea de reuniones y juntas, donde se pueden recibir y hacer agenda con algunas empresas que acudan a realizar sus visitas y resalt\u00f3 que a partir de este mi\u00e9rcoles, dos personas estar\u00e1n recibiendo citas constantemente, y recibir\u00e1n promotores de inversi\u00f3n o de parques industriales.<\/p>\n","protected":false},"excerpt":{"rendered":"<p>Cuenta con \u00e1reas de reuniones y juntas para recibir y hacer agenda con empresas que acudan a realizar sus visitas Con el fin de promover las \u00e1reas de desarrollo econ\u00f3mico y turismo, adem\u00e1s de recibir empresas de todo el mundo para hacer negocios en Monterrey, el gobierno del estado, a trav\u00e9s de la Secretar\u00eda de [&hellip;]<\/p>\n","protected":false},"author":42,"featured_media":42836,"comment_status":"open","ping_status":"closed","sticky":false,"template":"","format":"standard","meta":{"om_disable_all_campaigns":false,"inline_featured_image":false,"_monsterinsights_skip_tracking":false,"_monsterinsights_sitenote_active":false,"_monsterinsights_sitenote_note":"","_monsterinsights_sitenote_category":0,"footnotes":""},"categories":[15],"tags":[8800,188,8799],"class_list":["post-42835","post","type-post","status-publish","format-standard","has-post-thumbnail","hentry","category-inmobiliario","tag-cinetermex","tag-nuevo-leon","tag-sedect"],"yoast_head":"<!-- This site is optimized with the Yoast SEO plugin v27.4 - https:\/\/yoast.com\/product\/yoast-seo-wordpress\/ -->\n<title>Inauguran oficinas de Sedect en Monterrey -<\/title>\n<meta name=\"description\" content=\"Con el fin de promover las \u00e1reas de desarrollo econ\u00f3mico y turismo, adem\u00e1s de recibir empresas de todo el mundo para hacer negocios en Monterrey, el gobierno del estado, a trav\u00e9s de la Secretar\u00eda de Desarrollo Econ\u00f3mico, Competitividad y Turismo (Sedect), en conjunto con el gobierno municipal de Torre\u00f3n, inaugur\u00f3 las oficinas de esta secretar\u00eda en el Centro Internacional de Negocios Monterrey (Cintermex).\" \/>\n<meta name=\"robots\" content=\"index, follow, max-snippet:-1, max-image-preview:large, max-video-preview:-1\" \/>\n<link rel=\"canonical\" href=\"https:\/\/centrourbano.com\/revista\/inmobiliario\/inauguran-oficinas-sedect-monterrey\/\" \/>\n<meta property=\"og:locale\" content=\"es_ES\" \/>\n<meta property=\"og:type\" content=\"article\" \/>\n<meta property=\"og:title\" content=\"Inauguran oficinas de Sedect en Monterrey -\" \/>\n<meta property=\"og:description\" content=\"Con el fin de promover las \u00e1reas de desarrollo econ\u00f3mico y turismo, adem\u00e1s de recibir empresas de todo el mundo para hacer negocios en Monterrey, el gobierno del estado, a trav\u00e9s de la Secretar\u00eda de Desarrollo Econ\u00f3mico, Competitividad y Turismo (Sedect), en conjunto con el gobierno municipal de Torre\u00f3n, inaugur\u00f3 las oficinas de esta secretar\u00eda en el Centro Internacional de Negocios Monterrey (Cintermex).\" \/>\n<meta property=\"og:url\" content=\"https:\/\/centrourbano.com\/revista\/inmobiliario\/inauguran-oficinas-sedect-monterrey\/\" \/>\n<meta property=\"og:site_name\" content=\"Centro Urbano\" \/>\n<meta property=\"article:publisher\" content=\"https:\/\/www.facebook.com\/portalcentrourbano\" \/>\n<meta property=\"article:published_time\" content=\"2016-10-31T15:27:23+00:00\" \/>\n<meta property=\"article:modified_time\" content=\"2016-11-02T18:54:21+00:00\" \/>\n<meta property=\"og:image\" content=\"https:\/\/centrourbano.com\/revista\/wp-content\/uploads\/FOTO_159_uploaded_v1.jpg\" \/>\n\t<meta property=\"og:image:width\" content=\"1832\" \/>\n\t<meta property=\"og:image:height\" content=\"1140\" \/>\n\t<meta property=\"og:image:type\" content=\"image\/jpeg\" \/>\n<meta name=\"author\" content=\"Priscila D\u00edaz\" \/>\n<meta name=\"twitter:card\" content=\"summary_large_image\" \/>\n<meta name=\"twitter:creator\" content=\"@CentroUrbano\" \/>\n<meta name=\"twitter:site\" content=\"@CentroUrbano\" \/>\n<meta name=\"twitter:label1\" content=\"Escrito por\" \/>\n\t<meta name=\"twitter:data1\" content=\"Priscila D\u00edaz\" \/>\n\t<meta name=\"twitter:label2\" content=\"Tiempo de lectura\" \/>\n\t<meta name=\"twitter:data2\" content=\"1 minuto\" \/>\n<script type=\"application\/ld+json\" class=\"yoast-schema-graph\">{\"@context\":\"https:\\\/\\\/schema.org\",\"@graph\":[{\"@type\":\"Article\",\"@id\":\"https:\\\/\\\/centrourbano.com\\\/revista\\\/inmobiliario\\\/inauguran-oficinas-sedect-monterrey\\\/#article\",\"isPartOf\":{\"@id\":\"https:\\\/\\\/centrourbano.com\\\/revista\\\/inmobiliario\\\/inauguran-oficinas-sedect-monterrey\\\/\"},\"author\":{\"name\":\"Priscila D\u00edaz\",\"@id\":\"https:\\\/\\\/centrourbano.com\\\/revista\\\/#\\\/schema\\\/person\\\/20613dd8a7db2b263325af517bc7420c\"},\"headline\":\"Inauguran oficinas de Sedect en Monterrey\",\"datePublished\":\"2016-10-31T15:27:23+00:00\",\"dateModified\":\"2016-11-02T18:54:21+00:00\",\"mainEntityOfPage\":{\"@id\":\"https:\\\/\\\/centrourbano.com\\\/revista\\\/inmobiliario\\\/inauguran-oficinas-sedect-monterrey\\\/\"},\"wordCount\":236,\"commentCount\":0,\"publisher\":{\"@id\":\"https:\\\/\\\/centrourbano.com\\\/revista\\\/#organization\"},\"image\":{\"@id\":\"https:\\\/\\\/centrourbano.com\\\/revista\\\/inmobiliario\\\/inauguran-oficinas-sedect-monterrey\\\/#primaryimage\"},\"thumbnailUrl\":\"https:\\\/\\\/centrourbano.com\\\/revista\\\/wp-content\\\/uploads\\\/FOTO_159_uploaded_v1.jpg\",\"keywords\":[\"Cinetermex\",\"Nuevo Le\u00f3n\",\"SEDECT\"],\"articleSection\":[\"Inmobiliario\"],\"inLanguage\":\"es\",\"potentialAction\":[{\"@type\":\"CommentAction\",\"name\":\"Comment\",\"target\":[\"https:\\\/\\\/centrourbano.com\\\/revista\\\/inmobiliario\\\/inauguran-oficinas-sedect-monterrey\\\/#respond\"]}]},{\"@type\":\"WebPage\",\"@id\":\"https:\\\/\\\/centrourbano.com\\\/revista\\\/inmobiliario\\\/inauguran-oficinas-sedect-monterrey\\\/\",\"url\":\"https:\\\/\\\/centrourbano.com\\\/revista\\\/inmobiliario\\\/inauguran-oficinas-sedect-monterrey\\\/\",\"name\":\"Inauguran oficinas de Sedect en Monterrey -\",\"isPartOf\":{\"@id\":\"https:\\\/\\\/centrourbano.com\\\/revista\\\/#website\"},\"primaryImageOfPage\":{\"@id\":\"https:\\\/\\\/centrourbano.com\\\/revista\\\/inmobiliario\\\/inauguran-oficinas-sedect-monterrey\\\/#primaryimage\"},\"image\":{\"@id\":\"https:\\\/\\\/centrourbano.com\\\/revista\\\/inmobiliario\\\/inauguran-oficinas-sedect-monterrey\\\/#primaryimage\"},\"thumbnailUrl\":\"https:\\\/\\\/centrourbano.com\\\/revista\\\/wp-content\\\/uploads\\\/FOTO_159_uploaded_v1.jpg\",\"datePublished\":\"2016-10-31T15:27:23+00:00\",\"dateModified\":\"2016-11-02T18:54:21+00:00\",\"description\":\"Con el fin de promover las \u00e1reas de desarrollo econ\u00f3mico y turismo, adem\u00e1s de recibir empresas de todo el mundo para hacer negocios en Monterrey, el gobierno del estado, a trav\u00e9s de la Secretar\u00eda de Desarrollo Econ\u00f3mico, Competitividad y Turismo (Sedect), en conjunto con el gobierno municipal de Torre\u00f3n, inaugur\u00f3 las oficinas de esta secretar\u00eda en el Centro Internacional de Negocios Monterrey (Cintermex).\",\"breadcrumb\":{\"@id\":\"https:\\\/\\\/centrourbano.com\\\/revista\\\/inmobiliario\\\/inauguran-oficinas-sedect-monterrey\\\/#breadcrumb\"},\"inLanguage\":\"es\",\"potentialAction\":[{\"@type\":\"ReadAction\",\"target\":[\"https:\\\/\\\/centrourbano.com\\\/revista\\\/inmobiliario\\\/inauguran-oficinas-sedect-monterrey\\\/\"]}]},{\"@type\":\"ImageObject\",\"inLanguage\":\"es\",\"@id\":\"https:\\\/\\\/centrourbano.com\\\/revista\\\/inmobiliario\\\/inauguran-oficinas-sedect-monterrey\\\/#primaryimage\",\"url\":\"https:\\\/\\\/centrourbano.com\\\/revista\\\/wp-content\\\/uploads\\\/FOTO_159_uploaded_v1.jpg\",\"contentUrl\":\"https:\\\/\\\/centrourbano.com\\\/revista\\\/wp-content\\\/uploads\\\/FOTO_159_uploaded_v1.jpg\",\"width\":1832,\"height\":1140},{\"@type\":\"BreadcrumbList\",\"@id\":\"https:\\\/\\\/centrourbano.com\\\/revista\\\/inmobiliario\\\/inauguran-oficinas-sedect-monterrey\\\/#breadcrumb\",\"itemListElement\":[{\"@type\":\"ListItem\",\"position\":1,\"name\":\"Portada\",\"item\":\"https:\\\/\\\/centrourbano.com\\\/revista\\\/\"},{\"@type\":\"ListItem\",\"position\":2,\"name\":\"Inauguran oficinas de Sedect en Monterrey\"}]},{\"@type\":\"WebSite\",\"@id\":\"https:\\\/\\\/centrourbano.com\\\/revista\\\/#website\",\"url\":\"https:\\\/\\\/centrourbano.com\\\/revista\\\/\",\"name\":\"Centro Urbano\",\"description\":\"Medio especializado en los sectores vivienda, inmobiliario, construcci\u00f3n, arquitectura y urbanismo.\",\"publisher\":{\"@id\":\"https:\\\/\\\/centrourbano.com\\\/revista\\\/#organization\"},\"potentialAction\":[{\"@type\":\"SearchAction\",\"target\":{\"@type\":\"EntryPoint\",\"urlTemplate\":\"https:\\\/\\\/centrourbano.com\\\/revista\\\/?s={search_term_string}\"},\"query-input\":{\"@type\":\"PropertyValueSpecification\",\"valueRequired\":true,\"valueName\":\"search_term_string\"}}],\"inLanguage\":\"es\"},{\"@type\":\"Organization\",\"@id\":\"https:\\\/\\\/centrourbano.com\\\/revista\\\/#organization\",\"name\":\"Centro Urbano\",\"url\":\"https:\\\/\\\/centrourbano.com\\\/revista\\\/\",\"logo\":{\"@type\":\"ImageObject\",\"inLanguage\":\"es\",\"@id\":\"https:\\\/\\\/centrourbano.com\\\/revista\\\/#\\\/schema\\\/logo\\\/image\\\/\",\"url\":\"https:\\\/\\\/centrourbano.com\\\/revista\\\/wp-content\\\/uploads\\\/web_CU_logo-1.png\",\"contentUrl\":\"https:\\\/\\\/centrourbano.com\\\/revista\\\/wp-content\\\/uploads\\\/web_CU_logo-1.png\",\"width\":350,\"height\":91,\"caption\":\"Centro Urbano\"},\"image\":{\"@id\":\"https:\\\/\\\/centrourbano.com\\\/revista\\\/#\\\/schema\\\/logo\\\/image\\\/\"},\"sameAs\":[\"https:\\\/\\\/www.facebook.com\\\/portalcentrourbano\",\"https:\\\/\\\/x.com\\\/CentroUrbano\",\"https:\\\/\\\/www.instagram.com\\\/centro_urbano\\\/\",\"https:\\\/\\\/www.linkedin.com\\\/company\\\/centro-urbano\\\/\",\"http:\\\/\\\/www.youtube.com\\\/user\\\/portalcentrourbano\"]},{\"@type\":\"Person\",\"@id\":\"https:\\\/\\\/centrourbano.com\\\/revista\\\/#\\\/schema\\\/person\\\/20613dd8a7db2b263325af517bc7420c\",\"name\":\"Priscila D\u00edaz\",\"image\":{\"@type\":\"ImageObject\",\"inLanguage\":\"es\",\"@id\":\"https:\\\/\\\/secure.gravatar.com\\\/avatar\\\/bf28a62a51d45b542a0c3fe4c31a60c3887b5037867f58a6225cbf7479b56636?s=96&d=mm&r=g\",\"url\":\"https:\\\/\\\/secure.gravatar.com\\\/avatar\\\/bf28a62a51d45b542a0c3fe4c31a60c3887b5037867f58a6225cbf7479b56636?s=96&d=mm&r=g\",\"contentUrl\":\"https:\\\/\\\/secure.gravatar.com\\\/avatar\\\/bf28a62a51d45b542a0c3fe4c31a60c3887b5037867f58a6225cbf7479b56636?s=96&d=mm&r=g\",\"caption\":\"Priscila D\u00edaz\"},\"url\":\"https:\\\/\\\/centrourbano.com\\\/revista\\\/author\\\/priscila-diaz\\\/\"}]}<\/script>\n<!-- \/ Yoast SEO plugin. -->","yoast_head_json":{"title":"Inauguran oficinas de Sedect en Monterrey -","description":"Con el fin de promover las \u00e1reas de desarrollo econ\u00f3mico y turismo, adem\u00e1s de recibir empresas de todo el mundo para hacer negocios en Monterrey, el gobierno del estado, a trav\u00e9s de la Secretar\u00eda de Desarrollo Econ\u00f3mico, Competitividad y Turismo (Sedect), en conjunto con el gobierno municipal de Torre\u00f3n, inaugur\u00f3 las oficinas de esta secretar\u00eda en el Centro Internacional de Negocios Monterrey (Cintermex).","robots":{"index":"index","follow":"follow","max-snippet":"max-snippet:-1","max-image-preview":"max-image-preview:large","max-video-preview":"max-video-preview:-1"},"canonical":"https:\/\/centrourbano.com\/revista\/inmobiliario\/inauguran-oficinas-sedect-monterrey\/","og_locale":"es_ES","og_type":"article","og_title":"Inauguran oficinas de Sedect en Monterrey -","og_description":"Con el fin de promover las \u00e1reas de desarrollo econ\u00f3mico y turismo, adem\u00e1s de recibir empresas de todo el mundo para hacer negocios en Monterrey, el gobierno del estado, a trav\u00e9s de la Secretar\u00eda de Desarrollo Econ\u00f3mico, Competitividad y Turismo (Sedect), en conjunto con el gobierno municipal de Torre\u00f3n, inaugur\u00f3 las oficinas de esta secretar\u00eda en el Centro Internacional de Negocios Monterrey (Cintermex).","og_url":"https:\/\/centrourbano.com\/revista\/inmobiliario\/inauguran-oficinas-sedect-monterrey\/","og_site_name":"Centro Urbano","article_publisher":"https:\/\/www.facebook.com\/portalcentrourbano","article_published_time":"2016-10-31T15:27:23+00:00","article_modified_time":"2016-11-02T18:54:21+00:00","og_image":[{"width":1832,"height":1140,"url":"https:\/\/centrourbano.com\/revista\/wp-content\/uploads\/FOTO_159_uploaded_v1.jpg","type":"image\/jpeg"}],"author":"Priscila D\u00edaz","twitter_card":"summary_large_image","twitter_creator":"@CentroUrbano","twitter_site":"@CentroUrbano","twitter_misc":{"Escrito por":"Priscila D\u00edaz","Tiempo de lectura":"1 minuto"},"schema":{"@context":"https:\/\/schema.org","@graph":[{"@type":"Article","@id":"https:\/\/centrourbano.com\/revista\/inmobiliario\/inauguran-oficinas-sedect-monterrey\/#article","isPartOf":{"@id":"https:\/\/centrourbano.com\/revista\/inmobiliario\/inauguran-oficinas-sedect-monterrey\/"},"author":{"name":"Priscila D\u00edaz","@id":"https:\/\/centrourbano.com\/revista\/#\/schema\/person\/20613dd8a7db2b263325af517bc7420c"},"headline":"Inauguran oficinas de Sedect en Monterrey","datePublished":"2016-10-31T15:27:23+00:00","dateModified":"2016-11-02T18:54:21+00:00","mainEntityOfPage":{"@id":"https:\/\/centrourbano.com\/revista\/inmobiliario\/inauguran-oficinas-sedect-monterrey\/"},"wordCount":236,"commentCount":0,"publisher":{"@id":"https:\/\/centrourbano.com\/revista\/#organization"},"image":{"@id":"https:\/\/centrourbano.com\/revista\/inmobiliario\/inauguran-oficinas-sedect-monterrey\/#primaryimage"},"thumbnailUrl":"https:\/\/centrourbano.com\/revista\/wp-content\/uploads\/FOTO_159_uploaded_v1.jpg","keywords":["Cinetermex","Nuevo Le\u00f3n","SEDECT"],"articleSection":["Inmobiliario"],"inLanguage":"es","potentialAction":[{"@type":"CommentAction","name":"Comment","target":["https:\/\/centrourbano.com\/revista\/inmobiliario\/inauguran-oficinas-sedect-monterrey\/#respond"]}]},{"@type":"WebPage","@id":"https:\/\/centrourbano.com\/revista\/inmobiliario\/inauguran-oficinas-sedect-monterrey\/","url":"https:\/\/centrourbano.com\/revista\/inmobiliario\/inauguran-oficinas-sedect-monterrey\/","name":"Inauguran oficinas de Sedect en Monterrey -","isPartOf":{"@id":"https:\/\/centrourbano.com\/revista\/#website"},"primaryImageOfPage":{"@id":"https:\/\/centrourbano.com\/revista\/inmobiliario\/inauguran-oficinas-sedect-monterrey\/#primaryimage"},"image":{"@id":"https:\/\/centrourbano.com\/revista\/inmobiliario\/inauguran-oficinas-sedect-monterrey\/#primaryimage"},"thumbnailUrl":"https:\/\/centrourbano.com\/revista\/wp-content\/uploads\/FOTO_159_uploaded_v1.jpg","datePublished":"2016-10-31T15:27:23+00:00","dateModified":"2016-11-02T18:54:21+00:00","description":"Con el fin de promover las \u00e1reas de desarrollo econ\u00f3mico y turismo, adem\u00e1s de recibir empresas de todo el mundo para hacer negocios en Monterrey, el gobierno del estado, a trav\u00e9s de la Secretar\u00eda de Desarrollo Econ\u00f3mico, Competitividad y Turismo (Sedect), en conjunto con el gobierno municipal de Torre\u00f3n, inaugur\u00f3 las oficinas de esta secretar\u00eda en el Centro Internacional de Negocios Monterrey (Cintermex).","breadcrumb":{"@id":"https:\/\/centrourbano.com\/revista\/inmobiliario\/inauguran-oficinas-sedect-monterrey\/#breadcrumb"},"inLanguage":"es","potentialAction":[{"@type":"ReadAction","target":["https:\/\/centrourbano.com\/revista\/inmobiliario\/inauguran-oficinas-sedect-monterrey\/"]}]},{"@type":"ImageObject","inLanguage":"es","@id":"https:\/\/centrourbano.com\/revista\/inmobiliario\/inauguran-oficinas-sedect-monterrey\/#primaryimage","url":"https:\/\/centrourbano.com\/revista\/wp-content\/uploads\/FOTO_159_uploaded_v1.jpg","contentUrl":"https:\/\/centrourbano.com\/revista\/wp-content\/uploads\/FOTO_159_uploaded_v1.jpg","width":1832,"height":1140},{"@type":"BreadcrumbList","@id":"https:\/\/centrourbano.com\/revista\/inmobiliario\/inauguran-oficinas-sedect-monterrey\/#breadcrumb","itemListElement":[{"@type":"ListItem","position":1,"name":"Portada","item":"https:\/\/centrourbano.com\/revista\/"},{"@type":"ListItem","position":2,"name":"Inauguran oficinas de Sedect en Monterrey"}]},{"@type":"WebSite","@id":"https:\/\/centrourbano.com\/revista\/#website","url":"https:\/\/centrourbano.com\/revista\/","name":"Centro Urbano","description":"Medio especializado en los sectores vivienda, inmobiliario, construcci\u00f3n, arquitectura y urbanismo.","publisher":{"@id":"https:\/\/centrourbano.com\/revista\/#organization"},"potentialAction":[{"@type":"SearchAction","target":{"@type":"EntryPoint","urlTemplate":"https:\/\/centrourbano.com\/revista\/?s={search_term_string}"},"query-input":{"@type":"PropertyValueSpecification","valueRequired":true,"valueName":"search_term_string"}}],"inLanguage":"es"},{"@type":"Organization","@id":"https:\/\/centrourbano.com\/revista\/#organization","name":"Centro Urbano","url":"https:\/\/centrourbano.com\/revista\/","logo":{"@type":"ImageObject","inLanguage":"es","@id":"https:\/\/centrourbano.com\/revista\/#\/schema\/logo\/image\/","url":"https:\/\/centrourbano.com\/revista\/wp-content\/uploads\/web_CU_logo-1.png","contentUrl":"https:\/\/centrourbano.com\/revista\/wp-content\/uploads\/web_CU_logo-1.png","width":350,"height":91,"caption":"Centro Urbano"},"image":{"@id":"https:\/\/centrourbano.com\/revista\/#\/schema\/logo\/image\/"},"sameAs":["https:\/\/www.facebook.com\/portalcentrourbano","https:\/\/x.com\/CentroUrbano","https:\/\/www.instagram.com\/centro_urbano\/","https:\/\/www.linkedin.com\/company\/centro-urbano\/","http:\/\/www.youtube.com\/user\/portalcentrourbano"]},{"@type":"Person","@id":"https:\/\/centrourbano.com\/revista\/#\/schema\/person\/20613dd8a7db2b263325af517bc7420c","name":"Priscila D\u00edaz","image":{"@type":"ImageObject","inLanguage":"es","@id":"https:\/\/secure.gravatar.com\/avatar\/bf28a62a51d45b542a0c3fe4c31a60c3887b5037867f58a6225cbf7479b56636?s=96&d=mm&r=g","url":"https:\/\/secure.gravatar.com\/avatar\/bf28a62a51d45b542a0c3fe4c31a60c3887b5037867f58a6225cbf7479b56636?s=96&d=mm&r=g","contentUrl":"https:\/\/secure.gravatar.com\/avatar\/bf28a62a51d45b542a0c3fe4c31a60c3887b5037867f58a6225cbf7479b56636?s=96&d=mm&r=g","caption":"Priscila D\u00edaz"},"url":"https:\/\/centrourbano.com\/revista\/author\/priscila-diaz\/"}]}},"_links":{"self":[{"href":"https:\/\/centrourbano.com\/revista\/wp-json\/wp\/v2\/posts\/42835","targetHints":{"allow":["GET"]}}],"collection":[{"href":"https:\/\/centrourbano.com\/revista\/wp-json\/wp\/v2\/posts"}],"about":[{"href":"https:\/\/centrourbano.com\/revista\/wp-json\/wp\/v2\/types\/post"}],"author":[{"embeddable":true,"href":"https:\/\/centrourbano.com\/revista\/wp-json\/wp\/v2\/users\/42"}],"replies":[{"embeddable":true,"href":"https:\/\/centrourbano.com\/revista\/wp-json\/wp\/v2\/comments?post=42835"}],"version-history":[{"count":0,"href":"https:\/\/centrourbano.com\/revista\/wp-json\/wp\/v2\/posts\/42835\/revisions"}],"wp:featuredmedia":[{"embeddable":true,"href":"https:\/\/centrourbano.com\/revista\/wp-json\/wp\/v2\/media\/42836"}],"wp:attachment":[{"href":"https:\/\/centrourbano.com\/revista\/wp-json\/wp\/v2\/media?parent=42835"}],"wp:term":[{"taxonomy":"category","embeddable":true,"href":"https:\/\/centrourbano.com\/revista\/wp-json\/wp\/v2\/categories?post=42835"},{"taxonomy":"post_tag","embeddable":true,"href":"https:\/\/centrourbano.com\/revista\/wp-json\/wp\/v2\/tags?post=42835"}],"curies":[{"name":"wp","href":"https:\/\/api.w.org\/{rel}","templated":true}]}}