{"id":42757,"date":"2016-10-27T17:33:29","date_gmt":"2016-10-27T22:33:29","guid":{"rendered":"https:\/\/centrourbano.com\/?p=42757"},"modified":"2016-10-27T17:33:29","modified_gmt":"2016-10-27T22:33:29","slug":"fovissste-cumplira-metas-2016-godina-herrera-2","status":"publish","type":"post","link":"https:\/\/centrourbano.com\/revista\/saladeprensa\/fovissste-cumplira-metas-2016-godina-herrera-2\/","title":{"rendered":"FOVISSSTE CUMPLIR\u00c1 SUS METAS PARA EL 2016: GODINA HERRERA"},"content":{"rendered":"<ul>\n<li><strong><em>M\u00e1s de 108 mil financiamientos se encuentran formalizados o en tr\u00e1mite<\/em><\/strong><\/li>\n<li><strong><em>El Vocal Ejecutivo se reuni\u00f3 con integrantes de la CANADEVI nacional<\/em><\/strong><\/li>\n<\/ul>\n<p>El Fondo de la Vivienda del ISSSTE (FOVISSSTE) est\u00e1 cerca de alcanzar su meta programada de cr\u00e9ditos de vivienda para 2016, por lo que cerrar\u00e1 el a\u00f1o con cifras positivas en beneficio de los trabajadores del Estado, inform\u00f3 su Vocal Ejecutivo Luis Antonio Godina Herrera.<\/p>\n<p><a href=\"https:\/\/centrourbano.com\/revista\/wp-content\/uploads\/Bolet\u00edn-FOVISSSTE-059-3.pdf\">Descargar el documento completo aqu\u00ed.<\/a><\/p>\n","protected":false},"excerpt":{"rendered":"<p>M\u00e1s de 108 mil financiamientos se encuentran formalizados o en tr\u00e1mite El Vocal Ejecutivo se reuni\u00f3 con integrantes de la CANADEVI nacional El Fondo de la Vivienda del ISSSTE (FOVISSSTE) est\u00e1 cerca de alcanzar su meta programada de cr\u00e9ditos de vivienda para 2016, por lo que cerrar\u00e1 el a\u00f1o con cifras positivas en beneficio de [&hellip;]<\/p>\n","protected":false},"author":42,"featured_media":42752,"comment_status":"open","ping_status":"closed","sticky":false,"template":"","format":"standard","meta":{"om_disable_all_campaigns":false,"inline_featured_image":false,"_monsterinsights_skip_tracking":false,"_monsterinsights_sitenote_active":false,"_monsterinsights_sitenote_note":"","_monsterinsights_sitenote_category":0,"footnotes":""},"categories":[7],"tags":[],"class_list":["post-42757","post","type-post","status-publish","format-standard","has-post-thumbnail","hentry","category-saladeprensa"],"yoast_head":"<!-- This site is optimized with the Yoast SEO plugin v27.4 - https:\/\/yoast.com\/product\/yoast-seo-wordpress\/ -->\n<title>FOVISSSTE CUMPLIR\u00c1 SUS METAS PARA EL 2016: GODINA HERRERA -<\/title>\n<meta name=\"description\" content=\"M\u00e1s de 108 mil financiamientos se encuentran formalizados o en tr\u00e1mite El Vocal Ejecutivo se reuni\u00f3 con integrantes de la CANADEVI nacional El Fondo de la\" \/>\n<meta name=\"robots\" content=\"index, follow, max-snippet:-1, max-image-preview:large, max-video-preview:-1\" \/>\n<link rel=\"canonical\" href=\"https:\/\/centrourbano.com\/revista\/saladeprensa\/fovissste-cumplira-metas-2016-godina-herrera-2\/\" \/>\n<meta property=\"og:locale\" content=\"es_ES\" \/>\n<meta property=\"og:type\" content=\"article\" \/>\n<meta property=\"og:title\" content=\"FOVISSSTE CUMPLIR\u00c1 SUS METAS PARA EL 2016: GODINA HERRERA -\" \/>\n<meta property=\"og:description\" content=\"M\u00e1s de 108 mil financiamientos se encuentran formalizados o en tr\u00e1mite El Vocal Ejecutivo se reuni\u00f3 con integrantes de la CANADEVI nacional El Fondo de la\" \/>\n<meta property=\"og:url\" content=\"https:\/\/centrourbano.com\/revista\/saladeprensa\/fovissste-cumplira-metas-2016-godina-herrera-2\/\" \/>\n<meta property=\"og:site_name\" content=\"Centro Urbano\" \/>\n<meta property=\"article:publisher\" content=\"https:\/\/www.facebook.com\/portalcentrourbano\" \/>\n<meta property=\"article:published_time\" content=\"2016-10-27T22:33:29+00:00\" \/>\n<meta property=\"og:image\" content=\"https:\/\/centrourbano.com\/revista\/wp-content\/uploads\/unnamed-1-11.jpg\" \/>\n\t<meta property=\"og:image:width\" content=\"960\" \/>\n\t<meta property=\"og:image:height\" content=\"526\" \/>\n\t<meta property=\"og:image:type\" content=\"image\/jpeg\" \/>\n<meta name=\"author\" content=\"Priscila D\u00edaz\" \/>\n<meta name=\"twitter:card\" content=\"summary_large_image\" \/>\n<meta name=\"twitter:creator\" content=\"@CentroUrbano\" \/>\n<meta name=\"twitter:site\" content=\"@CentroUrbano\" \/>\n<meta name=\"twitter:label1\" content=\"Escrito por\" \/>\n\t<meta name=\"twitter:data1\" content=\"Priscila D\u00edaz\" \/>\n<script type=\"application\/ld+json\" class=\"yoast-schema-graph\">{\"@context\":\"https:\\\/\\\/schema.org\",\"@graph\":[{\"@type\":\"Article\",\"@id\":\"https:\\\/\\\/centrourbano.com\\\/revista\\\/saladeprensa\\\/fovissste-cumplira-metas-2016-godina-herrera-2\\\/#article\",\"isPartOf\":{\"@id\":\"https:\\\/\\\/centrourbano.com\\\/revista\\\/saladeprensa\\\/fovissste-cumplira-metas-2016-godina-herrera-2\\\/\"},\"author\":{\"name\":\"Priscila D\u00edaz\",\"@id\":\"https:\\\/\\\/centrourbano.com\\\/revista\\\/#\\\/schema\\\/person\\\/20613dd8a7db2b263325af517bc7420c\"},\"headline\":\"FOVISSSTE CUMPLIR\u00c1 SUS METAS PARA EL 2016: GODINA HERRERA\",\"datePublished\":\"2016-10-27T22:33:29+00:00\",\"mainEntityOfPage\":{\"@id\":\"https:\\\/\\\/centrourbano.com\\\/revista\\\/saladeprensa\\\/fovissste-cumplira-metas-2016-godina-herrera-2\\\/\"},\"wordCount\":82,\"commentCount\":0,\"publisher\":{\"@id\":\"https:\\\/\\\/centrourbano.com\\\/revista\\\/#organization\"},\"image\":{\"@id\":\"https:\\\/\\\/centrourbano.com\\\/revista\\\/saladeprensa\\\/fovissste-cumplira-metas-2016-godina-herrera-2\\\/#primaryimage\"},\"thumbnailUrl\":\"https:\\\/\\\/centrourbano.com\\\/revista\\\/wp-content\\\/uploads\\\/unnamed-1-11.jpg\",\"articleSection\":[\"Sala de Prensa\"],\"inLanguage\":\"es\",\"potentialAction\":[{\"@type\":\"CommentAction\",\"name\":\"Comment\",\"target\":[\"https:\\\/\\\/centrourbano.com\\\/revista\\\/saladeprensa\\\/fovissste-cumplira-metas-2016-godina-herrera-2\\\/#respond\"]}]},{\"@type\":\"WebPage\",\"@id\":\"https:\\\/\\\/centrourbano.com\\\/revista\\\/saladeprensa\\\/fovissste-cumplira-metas-2016-godina-herrera-2\\\/\",\"url\":\"https:\\\/\\\/centrourbano.com\\\/revista\\\/saladeprensa\\\/fovissste-cumplira-metas-2016-godina-herrera-2\\\/\",\"name\":\"FOVISSSTE CUMPLIR\u00c1 SUS METAS PARA EL 2016: GODINA HERRERA -\",\"isPartOf\":{\"@id\":\"https:\\\/\\\/centrourbano.com\\\/revista\\\/#website\"},\"primaryImageOfPage\":{\"@id\":\"https:\\\/\\\/centrourbano.com\\\/revista\\\/saladeprensa\\\/fovissste-cumplira-metas-2016-godina-herrera-2\\\/#primaryimage\"},\"image\":{\"@id\":\"https:\\\/\\\/centrourbano.com\\\/revista\\\/saladeprensa\\\/fovissste-cumplira-metas-2016-godina-herrera-2\\\/#primaryimage\"},\"thumbnailUrl\":\"https:\\\/\\\/centrourbano.com\\\/revista\\\/wp-content\\\/uploads\\\/unnamed-1-11.jpg\",\"datePublished\":\"2016-10-27T22:33:29+00:00\",\"description\":\"M\u00e1s de 108 mil financiamientos se encuentran formalizados o en tr\u00e1mite El Vocal Ejecutivo se reuni\u00f3 con integrantes de la CANADEVI nacional El Fondo de la\",\"breadcrumb\":{\"@id\":\"https:\\\/\\\/centrourbano.com\\\/revista\\\/saladeprensa\\\/fovissste-cumplira-metas-2016-godina-herrera-2\\\/#breadcrumb\"},\"inLanguage\":\"es\",\"potentialAction\":[{\"@type\":\"ReadAction\",\"target\":[\"https:\\\/\\\/centrourbano.com\\\/revista\\\/saladeprensa\\\/fovissste-cumplira-metas-2016-godina-herrera-2\\\/\"]}]},{\"@type\":\"ImageObject\",\"inLanguage\":\"es\",\"@id\":\"https:\\\/\\\/centrourbano.com\\\/revista\\\/saladeprensa\\\/fovissste-cumplira-metas-2016-godina-herrera-2\\\/#primaryimage\",\"url\":\"https:\\\/\\\/centrourbano.com\\\/revista\\\/wp-content\\\/uploads\\\/unnamed-1-11.jpg\",\"contentUrl\":\"https:\\\/\\\/centrourbano.com\\\/revista\\\/wp-content\\\/uploads\\\/unnamed-1-11.jpg\",\"width\":960,\"height\":526},{\"@type\":\"BreadcrumbList\",\"@id\":\"https:\\\/\\\/centrourbano.com\\\/revista\\\/saladeprensa\\\/fovissste-cumplira-metas-2016-godina-herrera-2\\\/#breadcrumb\",\"itemListElement\":[{\"@type\":\"ListItem\",\"position\":1,\"name\":\"Portada\",\"item\":\"https:\\\/\\\/centrourbano.com\\\/revista\\\/\"},{\"@type\":\"ListItem\",\"position\":2,\"name\":\"FOVISSSTE CUMPLIR\u00c1 SUS METAS PARA EL 2016: GODINA HERRERA\"}]},{\"@type\":\"WebSite\",\"@id\":\"https:\\\/\\\/centrourbano.com\\\/revista\\\/#website\",\"url\":\"https:\\\/\\\/centrourbano.com\\\/revista\\\/\",\"name\":\"Centro Urbano\",\"description\":\"Medio especializado en los sectores vivienda, inmobiliario, construcci\u00f3n, arquitectura y urbanismo.\",\"publisher\":{\"@id\":\"https:\\\/\\\/centrourbano.com\\\/revista\\\/#organization\"},\"potentialAction\":[{\"@type\":\"SearchAction\",\"target\":{\"@type\":\"EntryPoint\",\"urlTemplate\":\"https:\\\/\\\/centrourbano.com\\\/revista\\\/?s={search_term_string}\"},\"query-input\":{\"@type\":\"PropertyValueSpecification\",\"valueRequired\":true,\"valueName\":\"search_term_string\"}}],\"inLanguage\":\"es\"},{\"@type\":\"Organization\",\"@id\":\"https:\\\/\\\/centrourbano.com\\\/revista\\\/#organization\",\"name\":\"Centro Urbano\",\"url\":\"https:\\\/\\\/centrourbano.com\\\/revista\\\/\",\"logo\":{\"@type\":\"ImageObject\",\"inLanguage\":\"es\",\"@id\":\"https:\\\/\\\/centrourbano.com\\\/revista\\\/#\\\/schema\\\/logo\\\/image\\\/\",\"url\":\"https:\\\/\\\/centrourbano.com\\\/revista\\\/wp-content\\\/uploads\\\/web_CU_logo-1.png\",\"contentUrl\":\"https:\\\/\\\/centrourbano.com\\\/revista\\\/wp-content\\\/uploads\\\/web_CU_logo-1.png\",\"width\":350,\"height\":91,\"caption\":\"Centro Urbano\"},\"image\":{\"@id\":\"https:\\\/\\\/centrourbano.com\\\/revista\\\/#\\\/schema\\\/logo\\\/image\\\/\"},\"sameAs\":[\"https:\\\/\\\/www.facebook.com\\\/portalcentrourbano\",\"https:\\\/\\\/x.com\\\/CentroUrbano\",\"https:\\\/\\\/www.instagram.com\\\/centro_urbano\\\/\",\"https:\\\/\\\/www.linkedin.com\\\/company\\\/centro-urbano\\\/\",\"http:\\\/\\\/www.youtube.com\\\/user\\\/portalcentrourbano\"]},{\"@type\":\"Person\",\"@id\":\"https:\\\/\\\/centrourbano.com\\\/revista\\\/#\\\/schema\\\/person\\\/20613dd8a7db2b263325af517bc7420c\",\"name\":\"Priscila D\u00edaz\",\"image\":{\"@type\":\"ImageObject\",\"inLanguage\":\"es\",\"@id\":\"https:\\\/\\\/secure.gravatar.com\\\/avatar\\\/bf28a62a51d45b542a0c3fe4c31a60c3887b5037867f58a6225cbf7479b56636?s=96&d=mm&r=g\",\"url\":\"https:\\\/\\\/secure.gravatar.com\\\/avatar\\\/bf28a62a51d45b542a0c3fe4c31a60c3887b5037867f58a6225cbf7479b56636?s=96&d=mm&r=g\",\"contentUrl\":\"https:\\\/\\\/secure.gravatar.com\\\/avatar\\\/bf28a62a51d45b542a0c3fe4c31a60c3887b5037867f58a6225cbf7479b56636?s=96&d=mm&r=g\",\"caption\":\"Priscila D\u00edaz\"},\"url\":\"https:\\\/\\\/centrourbano.com\\\/revista\\\/author\\\/priscila-diaz\\\/\"}]}<\/script>\n<!-- \/ Yoast SEO plugin. -->","yoast_head_json":{"title":"FOVISSSTE CUMPLIR\u00c1 SUS METAS PARA EL 2016: GODINA HERRERA -","description":"M\u00e1s de 108 mil financiamientos se encuentran formalizados o en tr\u00e1mite El Vocal Ejecutivo se reuni\u00f3 con integrantes de la CANADEVI nacional El Fondo de la","robots":{"index":"index","follow":"follow","max-snippet":"max-snippet:-1","max-image-preview":"max-image-preview:large","max-video-preview":"max-video-preview:-1"},"canonical":"https:\/\/centrourbano.com\/revista\/saladeprensa\/fovissste-cumplira-metas-2016-godina-herrera-2\/","og_locale":"es_ES","og_type":"article","og_title":"FOVISSSTE CUMPLIR\u00c1 SUS METAS PARA EL 2016: GODINA HERRERA -","og_description":"M\u00e1s de 108 mil financiamientos se encuentran formalizados o en tr\u00e1mite El Vocal Ejecutivo se reuni\u00f3 con integrantes de la CANADEVI nacional El Fondo de la","og_url":"https:\/\/centrourbano.com\/revista\/saladeprensa\/fovissste-cumplira-metas-2016-godina-herrera-2\/","og_site_name":"Centro Urbano","article_publisher":"https:\/\/www.facebook.com\/portalcentrourbano","article_published_time":"2016-10-27T22:33:29+00:00","og_image":[{"width":960,"height":526,"url":"https:\/\/centrourbano.com\/revista\/wp-content\/uploads\/unnamed-1-11.jpg","type":"image\/jpeg"}],"author":"Priscila D\u00edaz","twitter_card":"summary_large_image","twitter_creator":"@CentroUrbano","twitter_site":"@CentroUrbano","twitter_misc":{"Escrito por":"Priscila D\u00edaz"},"schema":{"@context":"https:\/\/schema.org","@graph":[{"@type":"Article","@id":"https:\/\/centrourbano.com\/revista\/saladeprensa\/fovissste-cumplira-metas-2016-godina-herrera-2\/#article","isPartOf":{"@id":"https:\/\/centrourbano.com\/revista\/saladeprensa\/fovissste-cumplira-metas-2016-godina-herrera-2\/"},"author":{"name":"Priscila D\u00edaz","@id":"https:\/\/centrourbano.com\/revista\/#\/schema\/person\/20613dd8a7db2b263325af517bc7420c"},"headline":"FOVISSSTE CUMPLIR\u00c1 SUS METAS PARA EL 2016: GODINA HERRERA","datePublished":"2016-10-27T22:33:29+00:00","mainEntityOfPage":{"@id":"https:\/\/centrourbano.com\/revista\/saladeprensa\/fovissste-cumplira-metas-2016-godina-herrera-2\/"},"wordCount":82,"commentCount":0,"publisher":{"@id":"https:\/\/centrourbano.com\/revista\/#organization"},"image":{"@id":"https:\/\/centrourbano.com\/revista\/saladeprensa\/fovissste-cumplira-metas-2016-godina-herrera-2\/#primaryimage"},"thumbnailUrl":"https:\/\/centrourbano.com\/revista\/wp-content\/uploads\/unnamed-1-11.jpg","articleSection":["Sala de Prensa"],"inLanguage":"es","potentialAction":[{"@type":"CommentAction","name":"Comment","target":["https:\/\/centrourbano.com\/revista\/saladeprensa\/fovissste-cumplira-metas-2016-godina-herrera-2\/#respond"]}]},{"@type":"WebPage","@id":"https:\/\/centrourbano.com\/revista\/saladeprensa\/fovissste-cumplira-metas-2016-godina-herrera-2\/","url":"https:\/\/centrourbano.com\/revista\/saladeprensa\/fovissste-cumplira-metas-2016-godina-herrera-2\/","name":"FOVISSSTE CUMPLIR\u00c1 SUS METAS PARA EL 2016: GODINA HERRERA -","isPartOf":{"@id":"https:\/\/centrourbano.com\/revista\/#website"},"primaryImageOfPage":{"@id":"https:\/\/centrourbano.com\/revista\/saladeprensa\/fovissste-cumplira-metas-2016-godina-herrera-2\/#primaryimage"},"image":{"@id":"https:\/\/centrourbano.com\/revista\/saladeprensa\/fovissste-cumplira-metas-2016-godina-herrera-2\/#primaryimage"},"thumbnailUrl":"https:\/\/centrourbano.com\/revista\/wp-content\/uploads\/unnamed-1-11.jpg","datePublished":"2016-10-27T22:33:29+00:00","description":"M\u00e1s de 108 mil financiamientos se encuentran formalizados o en tr\u00e1mite El Vocal Ejecutivo se reuni\u00f3 con integrantes de la CANADEVI nacional El Fondo de la","breadcrumb":{"@id":"https:\/\/centrourbano.com\/revista\/saladeprensa\/fovissste-cumplira-metas-2016-godina-herrera-2\/#breadcrumb"},"inLanguage":"es","potentialAction":[{"@type":"ReadAction","target":["https:\/\/centrourbano.com\/revista\/saladeprensa\/fovissste-cumplira-metas-2016-godina-herrera-2\/"]}]},{"@type":"ImageObject","inLanguage":"es","@id":"https:\/\/centrourbano.com\/revista\/saladeprensa\/fovissste-cumplira-metas-2016-godina-herrera-2\/#primaryimage","url":"https:\/\/centrourbano.com\/revista\/wp-content\/uploads\/unnamed-1-11.jpg","contentUrl":"https:\/\/centrourbano.com\/revista\/wp-content\/uploads\/unnamed-1-11.jpg","width":960,"height":526},{"@type":"BreadcrumbList","@id":"https:\/\/centrourbano.com\/revista\/saladeprensa\/fovissste-cumplira-metas-2016-godina-herrera-2\/#breadcrumb","itemListElement":[{"@type":"ListItem","position":1,"name":"Portada","item":"https:\/\/centrourbano.com\/revista\/"},{"@type":"ListItem","position":2,"name":"FOVISSSTE CUMPLIR\u00c1 SUS METAS PARA EL 2016: GODINA HERRERA"}]},{"@type":"WebSite","@id":"https:\/\/centrourbano.com\/revista\/#website","url":"https:\/\/centrourbano.com\/revista\/","name":"Centro Urbano","description":"Medio especializado en los sectores vivienda, inmobiliario, construcci\u00f3n, arquitectura y urbanismo.","publisher":{"@id":"https:\/\/centrourbano.com\/revista\/#organization"},"potentialAction":[{"@type":"SearchAction","target":{"@type":"EntryPoint","urlTemplate":"https:\/\/centrourbano.com\/revista\/?s={search_term_string}"},"query-input":{"@type":"PropertyValueSpecification","valueRequired":true,"valueName":"search_term_string"}}],"inLanguage":"es"},{"@type":"Organization","@id":"https:\/\/centrourbano.com\/revista\/#organization","name":"Centro Urbano","url":"https:\/\/centrourbano.com\/revista\/","logo":{"@type":"ImageObject","inLanguage":"es","@id":"https:\/\/centrourbano.com\/revista\/#\/schema\/logo\/image\/","url":"https:\/\/centrourbano.com\/revista\/wp-content\/uploads\/web_CU_logo-1.png","contentUrl":"https:\/\/centrourbano.com\/revista\/wp-content\/uploads\/web_CU_logo-1.png","width":350,"height":91,"caption":"Centro Urbano"},"image":{"@id":"https:\/\/centrourbano.com\/revista\/#\/schema\/logo\/image\/"},"sameAs":["https:\/\/www.facebook.com\/portalcentrourbano","https:\/\/x.com\/CentroUrbano","https:\/\/www.instagram.com\/centro_urbano\/","https:\/\/www.linkedin.com\/company\/centro-urbano\/","http:\/\/www.youtube.com\/user\/portalcentrourbano"]},{"@type":"Person","@id":"https:\/\/centrourbano.com\/revista\/#\/schema\/person\/20613dd8a7db2b263325af517bc7420c","name":"Priscila D\u00edaz","image":{"@type":"ImageObject","inLanguage":"es","@id":"https:\/\/secure.gravatar.com\/avatar\/bf28a62a51d45b542a0c3fe4c31a60c3887b5037867f58a6225cbf7479b56636?s=96&d=mm&r=g","url":"https:\/\/secure.gravatar.com\/avatar\/bf28a62a51d45b542a0c3fe4c31a60c3887b5037867f58a6225cbf7479b56636?s=96&d=mm&r=g","contentUrl":"https:\/\/secure.gravatar.com\/avatar\/bf28a62a51d45b542a0c3fe4c31a60c3887b5037867f58a6225cbf7479b56636?s=96&d=mm&r=g","caption":"Priscila D\u00edaz"},"url":"https:\/\/centrourbano.com\/revista\/author\/priscila-diaz\/"}]}},"_links":{"self":[{"href":"https:\/\/centrourbano.com\/revista\/wp-json\/wp\/v2\/posts\/42757","targetHints":{"allow":["GET"]}}],"collection":[{"href":"https:\/\/centrourbano.com\/revista\/wp-json\/wp\/v2\/posts"}],"about":[{"href":"https:\/\/centrourbano.com\/revista\/wp-json\/wp\/v2\/types\/post"}],"author":[{"embeddable":true,"href":"https:\/\/centrourbano.com\/revista\/wp-json\/wp\/v2\/users\/42"}],"replies":[{"embeddable":true,"href":"https:\/\/centrourbano.com\/revista\/wp-json\/wp\/v2\/comments?post=42757"}],"version-history":[{"count":0,"href":"https:\/\/centrourbano.com\/revista\/wp-json\/wp\/v2\/posts\/42757\/revisions"}],"wp:featuredmedia":[{"embeddable":true,"href":"https:\/\/centrourbano.com\/revista\/wp-json\/wp\/v2\/media\/42752"}],"wp:attachment":[{"href":"https:\/\/centrourbano.com\/revista\/wp-json\/wp\/v2\/media?parent=42757"}],"wp:term":[{"taxonomy":"category","embeddable":true,"href":"https:\/\/centrourbano.com\/revista\/wp-json\/wp\/v2\/categories?post=42757"},{"taxonomy":"post_tag","embeddable":true,"href":"https:\/\/centrourbano.com\/revista\/wp-json\/wp\/v2\/tags?post=42757"}],"curies":[{"name":"wp","href":"https:\/\/api.w.org\/{rel}","templated":true}]}}