{"id":42661,"date":"2016-10-26T16:10:00","date_gmt":"2016-10-26T21:10:00","guid":{"rendered":"https:\/\/centrourbano.com\/?p=42661"},"modified":"2016-10-26T16:10:59","modified_gmt":"2016-10-26T21:10:59","slug":"llega-a-la-cdmx-la-noche-de-museos-con-festejos-por-dia-de-muertos","status":"publish","type":"post","link":"https:\/\/centrourbano.com\/revista\/actualidad\/llega-a-la-cdmx-la-noche-de-museos-con-festejos-por-dia-de-muertos\/","title":{"rendered":"Llega a la CDMX la Noche de Museos con festejos por D\u00eda de Muertos"},"content":{"rendered":"<p><em>El d\u00eda de hoy se inauguran altares tradicionales y contempor\u00e1neos, al tiempo que se ofrecen conciertos, espect\u00e1culos de danza, teatro y visitas guiadas caracterizadas<br \/>\n<\/em><!--more--><\/p>\n<p>Como ya es tradici\u00f3n el \u00faltimo mi\u00e9rcoles de cada mes se lleva a cabo la Noche de Museos, en donde distintos recintos de la capital del pa\u00eds abren sus puertas con eventos programados a partir de las 19:00 horas, todo ello de manera gratuita. <\/p>\n<p>Bajo la organizaci\u00f3n de la Secretar\u00eda de Cultura de la Ciudad de M\u00e9xico, el d\u00eda de hoy se llevar\u00e1 a cabo la Noche de Museos con motivo del D\u00eda de Muertos, en donde los inmuebles inaugurar\u00e1n las festividades con altares tradicionales y contempor\u00e1neos, al tiempo que se ofrecen conciertos, espect\u00e1culos de danza, teatro y visitas guiadas caracterizadas.<\/p>\n<p>En un comunicado, el Gobierno de la Ciudad de M\u00e9xico se\u00f1al\u00f3 que entre las novedades se encuentra el debut del Museo de Sitio del Antiguo Hospital Concepci\u00f3n B\u00e9istegui, que en su primera participaci\u00f3n en la Noche de Museos recibe al p\u00fablico con visitas guiadas en espa\u00f1ol e ingl\u00e9s para dar a conocer el valor patrimonial de este recinto, ubicado en la calle de Regina, Centro Hist\u00f3rico, que cuenta con 98 a\u00f1os de historia hospitalaria en el M\u00e9xico del siglo XIX.<\/p>\n<p>Adem\u00e1s, el Museo de la Ciudad de M\u00e9xico inaugura a las 21:00 horas una at\u00edpica Ofrenda de D\u00eda de Muertos titulada \u201cBienvenido\u201d, que reinterpreta esta tradici\u00f3n mexicana desde una visi\u00f3n japonesa. El altar consta de una instalaci\u00f3n con videos y luces llenos de psicodelia japonesa, origami, frutos hechos de resina trasl\u00facida y muchas sorpresas m\u00e1s que presenta el colectivo Chameshiji: Arte Contempor\u00e1neo + Sociedad, como m\u00fasica en vivo del Ensamble Kokiraku.<\/p>\n<p>Comienza el itinerario nocturno con una Visita Guiada Caracterizada a las 18:00 horas; contin\u00faa a las 19:00 horas con Franco, coreograf\u00eda de danza contempor\u00e1nea de Juan Carlos Flores, inspirada en el texto de Gaston Bachelard La po\u00e9tica del espacio para mostrar la presencia de espacios de enso\u00f1aci\u00f3n que sirven para que el individuo se reconozca dentro del hogar y logre construir.<\/p>\n<p>La jornada concluye con el concierto No me olvides: Recuerdos en las sombras de otros tiempos, en el cual se interpretan cancioneros del siglo XIX por parte del Dueto Carrillo-Valencia, a las 20:00 horas.<\/p>\n<p>Tambi\u00e9n el Museo Nacional de la Revoluci\u00f3n presenta su altar de muertos en honor a los \u201cH\u00e9roes Revolucionarios\u201d, a partir de las 18:00 horas. Las ofrendas recuerdan a personajes protag\u00f3nicos de nuestra historia como Emiliano Zapata, Francisco Villa, \u00c1lvaro Obreg\u00f3n, Porfirio D\u00edaz, Francisco I. Madero, entre otros.<br \/>\nEl festejo tambi\u00e9n comienza a las 18:00 horas con visitas guiadas y cierra la Orquesta Sinf\u00f3nica del Instituto de la Juventud de la Ciudad de M\u00e9xico a las 19:30 horas.<br \/>\nEl Museo Pante\u00f3n San Fernando resulta el recinto ideal para albergar la tradici\u00f3n de D\u00eda de Muertos en compa\u00f1\u00eda del Colectivo de Arte Aqu\u00ed es M\u00e9xico, que realiza un performance titulado \u201cEl nacimiento de la muerte\u201d, un espect\u00e1culo de danza prehisp\u00e1nica y un concierto, a las 19:00 horas. Complementan la celebraci\u00f3n un taller de papel picado \u201cDe papel la muerte\u201d, y un cuenta cuentos \u201cJuan Nahual\u201d, a partir de las 17:00 horas.<\/p>\n<p>La nueva temporada de \u201cLas Tandas del Tamal o La Tamalera Endiablada\u201d se estrena en el Museo de los Ferrocarrileros, a las 19:00 horas, para exaltar la conservaci\u00f3n de nuestras tradiciones y la importancia de la mujer en la sociedad, as\u00ed como el rescate de la cultura y gastronom\u00eda mexicanas.<\/p>\n<p>Dirigido por Paco Islas, el espect\u00e1culo gastron\u00f3mico teatral de la Compa\u00f1\u00eda Colibr\u00ed A.C. conjuga la picard\u00eda con la tradici\u00f3n y el misticismo de la comida mexicana, reunido en una simp\u00e1tica puesta en escena al estilo de carpa de los sesenta. Durante la funci\u00f3n, los asistentes podr\u00e1n disfrutar de un delicioso tamal, bailar un sabroso danz\u00f3n o ser un pachuco conquistador.<\/p>\n<p>De igual manera, una fiesta llena de misterio espera a los visitantes del Antiguo Colegio de San Ildefonso, quienes podr\u00e1n asistir disfrazados de alguna personalidad destacada de la cultura mexicana y recibir a cambio un obsequio, a partir de las 19:00 horas.<\/p>\n<p>Asimismo, una Rodada\/Concurso de Disfraces en Bicicleta inicia en Reforma 222 para llegar a San Ildefonso, recorriendo las calles principales del Centro Hist\u00f3rico.<br \/>\nLos participantes deben caracterizarse de catrinas, esqueletos o alg\u00fan personaje alusivo al tema, y las tres personas mejor caracterizadas reciben un premio.<br \/>\nLa noche en el Antiguo Colegio de San Ildefonso inicia a las 19:30 horas con la proyecci\u00f3n de una joya del cine mexicano de terror: M\u00e1s negro que la noche (1975), en una funci\u00f3n comentada por Abraham Castillo, director de Programaci\u00f3n y Curador del Festival Internacional de Cine Fant\u00e1stico y de Terror M\u00f3rbido; adem\u00e1s de visitas guiadas a los murales y por el edificio, a las 19:00 y 19:30 horas, y a las 20:00 horas otro recorrido por la exposici\u00f3n Obras maestras del Museo Nacional de Arte de China. Las actividades son gratuitas con boleto de acceso al recinto.<\/p>\n<p>En la Noche de Museos participan tambi\u00e9n la Casa de la Primera Imprenta de Am\u00e9rica, que realiza una ofrenda tradicional dedicada a la escritora Elena Garro; el Museo Nacional de San Carlos, que brinda visitas con fantasmas por el museo; el Acuario Inbursa presenta un espect\u00e1culo con esqueletos de peces; el Museo de Tortura y Pena Capital cuenta leyendas en el museo y otorga viajes en tranv\u00eda; el Museo Nacional de las Intervenciones monta una ofrenda dedicada a las fuerzas villistas y a la bailarina Nellie Campobello; por mencionar s\u00f3lo algunos ejemplos.<\/p>\n<p>Para mayor informaci\u00f3n puede visitar la p\u00e1gina de Noche de Museos en: http:\/\/data.cultura.cdmx.gob.mx\/nochedemuseos\/, y en redes sociales con los hashtags #NocheDeMuseos. La cartelera completa de la Secretar\u00eda de Cultura de la Ciudad de M\u00e9xico est\u00e1 disponible en http:\/\/www.cultura.df.gob.mx\/ y en redes sociales a trav\u00e9s de @CulturaCDMX, con los hashtags #SomosCultura y #SoyCultura.<\/p>\n","protected":false},"excerpt":{"rendered":"<p>El d\u00eda de hoy se inauguran altares tradicionales y contempor\u00e1neos, al tiempo que se ofrecen conciertos, espect\u00e1culos de danza, teatro y visitas guiadas caracterizadas<\/p>\n","protected":false},"author":9,"featured_media":42662,"comment_status":"open","ping_status":"closed","sticky":false,"template":"","format":"standard","meta":{"om_disable_all_campaigns":false,"inline_featured_image":false,"_monsterinsights_skip_tracking":false,"_monsterinsights_sitenote_active":false,"_monsterinsights_sitenote_note":"","_monsterinsights_sitenote_category":0,"footnotes":""},"categories":[80],"tags":[606,3385,2758,1323,3462],"class_list":["post-42661","post","type-post","status-publish","format-standard","has-post-thumbnail","hentry","category-actualidad","tag-cdmx","tag-dia-de-muertos","tag-museos","tag-noche-de-museos","tag-secretaria-de-cultura"],"yoast_head":"<!-- This site is optimized with the Yoast SEO plugin v27.4 - https:\/\/yoast.com\/product\/yoast-seo-wordpress\/ -->\n<title>Llega a la CDMX la Noche de Museos con festejos por D\u00eda de Muertos<\/title>\n<meta name=\"description\" content=\"El d\u00eda de hoy se inauguran altares tradicionales y contempor\u00e1neos, al tiempo que se ofrecen conciertos, espect\u00e1culos de danza, teatro y visitas guiadas caracterizadas\" \/>\n<meta name=\"robots\" content=\"index, follow, max-snippet:-1, max-image-preview:large, max-video-preview:-1\" \/>\n<link rel=\"canonical\" href=\"https:\/\/centrourbano.com\/revista\/actualidad\/llega-a-la-cdmx-la-noche-de-museos-con-festejos-por-dia-de-muertos\/\" \/>\n<meta property=\"og:locale\" content=\"es_ES\" \/>\n<meta property=\"og:type\" content=\"article\" \/>\n<meta property=\"og:title\" content=\"Llega a la CDMX la Noche de Museos con festejos por D\u00eda de Muertos\" \/>\n<meta property=\"og:description\" content=\"El d\u00eda de hoy se inauguran altares tradicionales y contempor\u00e1neos, al tiempo que se ofrecen conciertos, espect\u00e1culos de danza, teatro y visitas guiadas caracterizadas\" \/>\n<meta property=\"og:url\" content=\"https:\/\/centrourbano.com\/revista\/actualidad\/llega-a-la-cdmx-la-noche-de-museos-con-festejos-por-dia-de-muertos\/\" \/>\n<meta property=\"og:site_name\" content=\"Centro Urbano\" \/>\n<meta property=\"article:publisher\" content=\"https:\/\/www.facebook.com\/portalcentrourbano\" \/>\n<meta property=\"article:published_time\" content=\"2016-10-26T21:10:00+00:00\" \/>\n<meta property=\"article:modified_time\" content=\"2016-10-26T21:10:59+00:00\" \/>\n<meta property=\"og:image\" content=\"https:\/\/centrourbano.com\/revista\/wp-content\/uploads\/thumb_10804_699x0_0_0_crop.jpg\" \/>\n\t<meta property=\"og:image:width\" content=\"699\" \/>\n\t<meta property=\"og:image:height\" content=\"471\" \/>\n\t<meta property=\"og:image:type\" content=\"image\/jpeg\" \/>\n<meta name=\"author\" content=\"Dinorah Nava\" \/>\n<meta name=\"twitter:card\" content=\"summary_large_image\" \/>\n<meta name=\"twitter:creator\" content=\"@https:\/\/twitter.com\/Dinorah_Nava28\" \/>\n<meta name=\"twitter:site\" content=\"@CentroUrbano\" \/>\n<meta name=\"twitter:label1\" content=\"Escrito por\" \/>\n\t<meta name=\"twitter:data1\" content=\"Dinorah Nava\" \/>\n\t<meta name=\"twitter:label2\" content=\"Tiempo de lectura\" \/>\n\t<meta name=\"twitter:data2\" content=\"5 minutos\" \/>\n<script type=\"application\/ld+json\" class=\"yoast-schema-graph\">{\"@context\":\"https:\\\/\\\/schema.org\",\"@graph\":[{\"@type\":\"Article\",\"@id\":\"https:\\\/\\\/centrourbano.com\\\/revista\\\/actualidad\\\/llega-a-la-cdmx-la-noche-de-museos-con-festejos-por-dia-de-muertos\\\/#article\",\"isPartOf\":{\"@id\":\"https:\\\/\\\/centrourbano.com\\\/revista\\\/actualidad\\\/llega-a-la-cdmx-la-noche-de-museos-con-festejos-por-dia-de-muertos\\\/\"},\"author\":{\"name\":\"Dinorah Nava\",\"@id\":\"https:\\\/\\\/centrourbano.com\\\/revista\\\/#\\\/schema\\\/person\\\/b45db815d96831257ba428a3d5a5fbdc\"},\"headline\":\"Llega a la CDMX la Noche de Museos con festejos por D\u00eda de Muertos\",\"datePublished\":\"2016-10-26T21:10:00+00:00\",\"dateModified\":\"2016-10-26T21:10:59+00:00\",\"mainEntityOfPage\":{\"@id\":\"https:\\\/\\\/centrourbano.com\\\/revista\\\/actualidad\\\/llega-a-la-cdmx-la-noche-de-museos-con-festejos-por-dia-de-muertos\\\/\"},\"wordCount\":1059,\"commentCount\":0,\"publisher\":{\"@id\":\"https:\\\/\\\/centrourbano.com\\\/revista\\\/#organization\"},\"image\":{\"@id\":\"https:\\\/\\\/centrourbano.com\\\/revista\\\/actualidad\\\/llega-a-la-cdmx-la-noche-de-museos-con-festejos-por-dia-de-muertos\\\/#primaryimage\"},\"thumbnailUrl\":\"https:\\\/\\\/centrourbano.com\\\/revista\\\/wp-content\\\/uploads\\\/thumb_10804_699x0_0_0_crop.jpg\",\"keywords\":[\"CDMX\",\"Dia de Muertos\",\"museos\",\"Noche de museos\",\"Secretar\u00eda de Cultura\"],\"articleSection\":[\"Actualidad\"],\"inLanguage\":\"es\",\"potentialAction\":[{\"@type\":\"CommentAction\",\"name\":\"Comment\",\"target\":[\"https:\\\/\\\/centrourbano.com\\\/revista\\\/actualidad\\\/llega-a-la-cdmx-la-noche-de-museos-con-festejos-por-dia-de-muertos\\\/#respond\"]}]},{\"@type\":\"WebPage\",\"@id\":\"https:\\\/\\\/centrourbano.com\\\/revista\\\/actualidad\\\/llega-a-la-cdmx-la-noche-de-museos-con-festejos-por-dia-de-muertos\\\/\",\"url\":\"https:\\\/\\\/centrourbano.com\\\/revista\\\/actualidad\\\/llega-a-la-cdmx-la-noche-de-museos-con-festejos-por-dia-de-muertos\\\/\",\"name\":\"Llega a la CDMX la Noche de Museos con festejos por D\u00eda de Muertos\",\"isPartOf\":{\"@id\":\"https:\\\/\\\/centrourbano.com\\\/revista\\\/#website\"},\"primaryImageOfPage\":{\"@id\":\"https:\\\/\\\/centrourbano.com\\\/revista\\\/actualidad\\\/llega-a-la-cdmx-la-noche-de-museos-con-festejos-por-dia-de-muertos\\\/#primaryimage\"},\"image\":{\"@id\":\"https:\\\/\\\/centrourbano.com\\\/revista\\\/actualidad\\\/llega-a-la-cdmx-la-noche-de-museos-con-festejos-por-dia-de-muertos\\\/#primaryimage\"},\"thumbnailUrl\":\"https:\\\/\\\/centrourbano.com\\\/revista\\\/wp-content\\\/uploads\\\/thumb_10804_699x0_0_0_crop.jpg\",\"datePublished\":\"2016-10-26T21:10:00+00:00\",\"dateModified\":\"2016-10-26T21:10:59+00:00\",\"description\":\"El d\u00eda de hoy se inauguran altares tradicionales y contempor\u00e1neos, al tiempo que se ofrecen conciertos, espect\u00e1culos de danza, teatro y visitas guiadas caracterizadas\",\"breadcrumb\":{\"@id\":\"https:\\\/\\\/centrourbano.com\\\/revista\\\/actualidad\\\/llega-a-la-cdmx-la-noche-de-museos-con-festejos-por-dia-de-muertos\\\/#breadcrumb\"},\"inLanguage\":\"es\",\"potentialAction\":[{\"@type\":\"ReadAction\",\"target\":[\"https:\\\/\\\/centrourbano.com\\\/revista\\\/actualidad\\\/llega-a-la-cdmx-la-noche-de-museos-con-festejos-por-dia-de-muertos\\\/\"]}]},{\"@type\":\"ImageObject\",\"inLanguage\":\"es\",\"@id\":\"https:\\\/\\\/centrourbano.com\\\/revista\\\/actualidad\\\/llega-a-la-cdmx-la-noche-de-museos-con-festejos-por-dia-de-muertos\\\/#primaryimage\",\"url\":\"https:\\\/\\\/centrourbano.com\\\/revista\\\/wp-content\\\/uploads\\\/thumb_10804_699x0_0_0_crop.jpg\",\"contentUrl\":\"https:\\\/\\\/centrourbano.com\\\/revista\\\/wp-content\\\/uploads\\\/thumb_10804_699x0_0_0_crop.jpg\",\"width\":699,\"height\":471,\"caption\":\"El d\u00eda de hoy se inauguran altares tradicionales y contempor\u00e1neos, al tiempo que se ofrecen conciertos, espect\u00e1culos de danza, teatro y visitas guiadas caracterizadas\"},{\"@type\":\"BreadcrumbList\",\"@id\":\"https:\\\/\\\/centrourbano.com\\\/revista\\\/actualidad\\\/llega-a-la-cdmx-la-noche-de-museos-con-festejos-por-dia-de-muertos\\\/#breadcrumb\",\"itemListElement\":[{\"@type\":\"ListItem\",\"position\":1,\"name\":\"Portada\",\"item\":\"https:\\\/\\\/centrourbano.com\\\/revista\\\/\"},{\"@type\":\"ListItem\",\"position\":2,\"name\":\"Llega a la CDMX la Noche de Museos con festejos por D\u00eda de Muertos\"}]},{\"@type\":\"WebSite\",\"@id\":\"https:\\\/\\\/centrourbano.com\\\/revista\\\/#website\",\"url\":\"https:\\\/\\\/centrourbano.com\\\/revista\\\/\",\"name\":\"Centro Urbano\",\"description\":\"Medio especializado en los sectores vivienda, inmobiliario, construcci\u00f3n, arquitectura y urbanismo.\",\"publisher\":{\"@id\":\"https:\\\/\\\/centrourbano.com\\\/revista\\\/#organization\"},\"potentialAction\":[{\"@type\":\"SearchAction\",\"target\":{\"@type\":\"EntryPoint\",\"urlTemplate\":\"https:\\\/\\\/centrourbano.com\\\/revista\\\/?s={search_term_string}\"},\"query-input\":{\"@type\":\"PropertyValueSpecification\",\"valueRequired\":true,\"valueName\":\"search_term_string\"}}],\"inLanguage\":\"es\"},{\"@type\":\"Organization\",\"@id\":\"https:\\\/\\\/centrourbano.com\\\/revista\\\/#organization\",\"name\":\"Centro Urbano\",\"url\":\"https:\\\/\\\/centrourbano.com\\\/revista\\\/\",\"logo\":{\"@type\":\"ImageObject\",\"inLanguage\":\"es\",\"@id\":\"https:\\\/\\\/centrourbano.com\\\/revista\\\/#\\\/schema\\\/logo\\\/image\\\/\",\"url\":\"https:\\\/\\\/centrourbano.com\\\/revista\\\/wp-content\\\/uploads\\\/web_CU_logo-1.png\",\"contentUrl\":\"https:\\\/\\\/centrourbano.com\\\/revista\\\/wp-content\\\/uploads\\\/web_CU_logo-1.png\",\"width\":350,\"height\":91,\"caption\":\"Centro Urbano\"},\"image\":{\"@id\":\"https:\\\/\\\/centrourbano.com\\\/revista\\\/#\\\/schema\\\/logo\\\/image\\\/\"},\"sameAs\":[\"https:\\\/\\\/www.facebook.com\\\/portalcentrourbano\",\"https:\\\/\\\/x.com\\\/CentroUrbano\",\"https:\\\/\\\/www.instagram.com\\\/centro_urbano\\\/\",\"https:\\\/\\\/www.linkedin.com\\\/company\\\/centro-urbano\\\/\",\"http:\\\/\\\/www.youtube.com\\\/user\\\/portalcentrourbano\"]},{\"@type\":\"Person\",\"@id\":\"https:\\\/\\\/centrourbano.com\\\/revista\\\/#\\\/schema\\\/person\\\/b45db815d96831257ba428a3d5a5fbdc\",\"name\":\"Dinorah Nava\",\"image\":{\"@type\":\"ImageObject\",\"inLanguage\":\"es\",\"@id\":\"https:\\\/\\\/secure.gravatar.com\\\/avatar\\\/f6ca6430c51d147f363940f84e1225aa4b8183885c11802cc3b042305a4ecc1a?s=96&d=mm&r=g\",\"url\":\"https:\\\/\\\/secure.gravatar.com\\\/avatar\\\/f6ca6430c51d147f363940f84e1225aa4b8183885c11802cc3b042305a4ecc1a?s=96&d=mm&r=g\",\"contentUrl\":\"https:\\\/\\\/secure.gravatar.com\\\/avatar\\\/f6ca6430c51d147f363940f84e1225aa4b8183885c11802cc3b042305a4ecc1a?s=96&d=mm&r=g\",\"caption\":\"Dinorah Nava\"},\"description\":\"Editora de Contenidos y Estrategias Digitales en Centro Urbano y Coeditora en Peri\u00f3dico Mi Casa. Egresada de la licenciatura en Comunicaci\u00f3n y Periodismo de la Facultad de Estudios Superiores Arag\u00f3n (UNAM). Amante de la edici\u00f3n y correcci\u00f3n de estilo, las redes sociales y el mundo digital. Especialista en temas son arquitectura, inmobiliario y urbanismo.\",\"sameAs\":[\"linkedin.com\\\/in\\\/dinorah-nava\",\"https:\\\/\\\/x.com\\\/https:\\\/\\\/twitter.com\\\/Dinorah_Nava28\"],\"url\":\"https:\\\/\\\/centrourbano.com\\\/revista\\\/author\\\/dinorah-nava\\\/\"}]}<\/script>\n<!-- \/ Yoast SEO plugin. -->","yoast_head_json":{"title":"Llega a la CDMX la Noche de Museos con festejos por D\u00eda de Muertos","description":"El d\u00eda de hoy se inauguran altares tradicionales y contempor\u00e1neos, al tiempo que se ofrecen conciertos, espect\u00e1culos de danza, teatro y visitas guiadas caracterizadas","robots":{"index":"index","follow":"follow","max-snippet":"max-snippet:-1","max-image-preview":"max-image-preview:large","max-video-preview":"max-video-preview:-1"},"canonical":"https:\/\/centrourbano.com\/revista\/actualidad\/llega-a-la-cdmx-la-noche-de-museos-con-festejos-por-dia-de-muertos\/","og_locale":"es_ES","og_type":"article","og_title":"Llega a la CDMX la Noche de Museos con festejos por D\u00eda de Muertos","og_description":"El d\u00eda de hoy se inauguran altares tradicionales y contempor\u00e1neos, al tiempo que se ofrecen conciertos, espect\u00e1culos de danza, teatro y visitas guiadas caracterizadas","og_url":"https:\/\/centrourbano.com\/revista\/actualidad\/llega-a-la-cdmx-la-noche-de-museos-con-festejos-por-dia-de-muertos\/","og_site_name":"Centro Urbano","article_publisher":"https:\/\/www.facebook.com\/portalcentrourbano","article_published_time":"2016-10-26T21:10:00+00:00","article_modified_time":"2016-10-26T21:10:59+00:00","og_image":[{"width":699,"height":471,"url":"https:\/\/centrourbano.com\/revista\/wp-content\/uploads\/thumb_10804_699x0_0_0_crop.jpg","type":"image\/jpeg"}],"author":"Dinorah Nava","twitter_card":"summary_large_image","twitter_creator":"@https:\/\/twitter.com\/Dinorah_Nava28","twitter_site":"@CentroUrbano","twitter_misc":{"Escrito por":"Dinorah Nava","Tiempo de lectura":"5 minutos"},"schema":{"@context":"https:\/\/schema.org","@graph":[{"@type":"Article","@id":"https:\/\/centrourbano.com\/revista\/actualidad\/llega-a-la-cdmx-la-noche-de-museos-con-festejos-por-dia-de-muertos\/#article","isPartOf":{"@id":"https:\/\/centrourbano.com\/revista\/actualidad\/llega-a-la-cdmx-la-noche-de-museos-con-festejos-por-dia-de-muertos\/"},"author":{"name":"Dinorah Nava","@id":"https:\/\/centrourbano.com\/revista\/#\/schema\/person\/b45db815d96831257ba428a3d5a5fbdc"},"headline":"Llega a la CDMX la Noche de Museos con festejos por D\u00eda de Muertos","datePublished":"2016-10-26T21:10:00+00:00","dateModified":"2016-10-26T21:10:59+00:00","mainEntityOfPage":{"@id":"https:\/\/centrourbano.com\/revista\/actualidad\/llega-a-la-cdmx-la-noche-de-museos-con-festejos-por-dia-de-muertos\/"},"wordCount":1059,"commentCount":0,"publisher":{"@id":"https:\/\/centrourbano.com\/revista\/#organization"},"image":{"@id":"https:\/\/centrourbano.com\/revista\/actualidad\/llega-a-la-cdmx-la-noche-de-museos-con-festejos-por-dia-de-muertos\/#primaryimage"},"thumbnailUrl":"https:\/\/centrourbano.com\/revista\/wp-content\/uploads\/thumb_10804_699x0_0_0_crop.jpg","keywords":["CDMX","Dia de Muertos","museos","Noche de museos","Secretar\u00eda de Cultura"],"articleSection":["Actualidad"],"inLanguage":"es","potentialAction":[{"@type":"CommentAction","name":"Comment","target":["https:\/\/centrourbano.com\/revista\/actualidad\/llega-a-la-cdmx-la-noche-de-museos-con-festejos-por-dia-de-muertos\/#respond"]}]},{"@type":"WebPage","@id":"https:\/\/centrourbano.com\/revista\/actualidad\/llega-a-la-cdmx-la-noche-de-museos-con-festejos-por-dia-de-muertos\/","url":"https:\/\/centrourbano.com\/revista\/actualidad\/llega-a-la-cdmx-la-noche-de-museos-con-festejos-por-dia-de-muertos\/","name":"Llega a la CDMX la Noche de Museos con festejos por D\u00eda de Muertos","isPartOf":{"@id":"https:\/\/centrourbano.com\/revista\/#website"},"primaryImageOfPage":{"@id":"https:\/\/centrourbano.com\/revista\/actualidad\/llega-a-la-cdmx-la-noche-de-museos-con-festejos-por-dia-de-muertos\/#primaryimage"},"image":{"@id":"https:\/\/centrourbano.com\/revista\/actualidad\/llega-a-la-cdmx-la-noche-de-museos-con-festejos-por-dia-de-muertos\/#primaryimage"},"thumbnailUrl":"https:\/\/centrourbano.com\/revista\/wp-content\/uploads\/thumb_10804_699x0_0_0_crop.jpg","datePublished":"2016-10-26T21:10:00+00:00","dateModified":"2016-10-26T21:10:59+00:00","description":"El d\u00eda de hoy se inauguran altares tradicionales y contempor\u00e1neos, al tiempo que se ofrecen conciertos, espect\u00e1culos de danza, teatro y visitas guiadas caracterizadas","breadcrumb":{"@id":"https:\/\/centrourbano.com\/revista\/actualidad\/llega-a-la-cdmx-la-noche-de-museos-con-festejos-por-dia-de-muertos\/#breadcrumb"},"inLanguage":"es","potentialAction":[{"@type":"ReadAction","target":["https:\/\/centrourbano.com\/revista\/actualidad\/llega-a-la-cdmx-la-noche-de-museos-con-festejos-por-dia-de-muertos\/"]}]},{"@type":"ImageObject","inLanguage":"es","@id":"https:\/\/centrourbano.com\/revista\/actualidad\/llega-a-la-cdmx-la-noche-de-museos-con-festejos-por-dia-de-muertos\/#primaryimage","url":"https:\/\/centrourbano.com\/revista\/wp-content\/uploads\/thumb_10804_699x0_0_0_crop.jpg","contentUrl":"https:\/\/centrourbano.com\/revista\/wp-content\/uploads\/thumb_10804_699x0_0_0_crop.jpg","width":699,"height":471,"caption":"El d\u00eda de hoy se inauguran altares tradicionales y contempor\u00e1neos, al tiempo que se ofrecen conciertos, espect\u00e1culos de danza, teatro y visitas guiadas caracterizadas"},{"@type":"BreadcrumbList","@id":"https:\/\/centrourbano.com\/revista\/actualidad\/llega-a-la-cdmx-la-noche-de-museos-con-festejos-por-dia-de-muertos\/#breadcrumb","itemListElement":[{"@type":"ListItem","position":1,"name":"Portada","item":"https:\/\/centrourbano.com\/revista\/"},{"@type":"ListItem","position":2,"name":"Llega a la CDMX la Noche de Museos con festejos por D\u00eda de Muertos"}]},{"@type":"WebSite","@id":"https:\/\/centrourbano.com\/revista\/#website","url":"https:\/\/centrourbano.com\/revista\/","name":"Centro Urbano","description":"Medio especializado en los sectores vivienda, inmobiliario, construcci\u00f3n, arquitectura y urbanismo.","publisher":{"@id":"https:\/\/centrourbano.com\/revista\/#organization"},"potentialAction":[{"@type":"SearchAction","target":{"@type":"EntryPoint","urlTemplate":"https:\/\/centrourbano.com\/revista\/?s={search_term_string}"},"query-input":{"@type":"PropertyValueSpecification","valueRequired":true,"valueName":"search_term_string"}}],"inLanguage":"es"},{"@type":"Organization","@id":"https:\/\/centrourbano.com\/revista\/#organization","name":"Centro Urbano","url":"https:\/\/centrourbano.com\/revista\/","logo":{"@type":"ImageObject","inLanguage":"es","@id":"https:\/\/centrourbano.com\/revista\/#\/schema\/logo\/image\/","url":"https:\/\/centrourbano.com\/revista\/wp-content\/uploads\/web_CU_logo-1.png","contentUrl":"https:\/\/centrourbano.com\/revista\/wp-content\/uploads\/web_CU_logo-1.png","width":350,"height":91,"caption":"Centro Urbano"},"image":{"@id":"https:\/\/centrourbano.com\/revista\/#\/schema\/logo\/image\/"},"sameAs":["https:\/\/www.facebook.com\/portalcentrourbano","https:\/\/x.com\/CentroUrbano","https:\/\/www.instagram.com\/centro_urbano\/","https:\/\/www.linkedin.com\/company\/centro-urbano\/","http:\/\/www.youtube.com\/user\/portalcentrourbano"]},{"@type":"Person","@id":"https:\/\/centrourbano.com\/revista\/#\/schema\/person\/b45db815d96831257ba428a3d5a5fbdc","name":"Dinorah Nava","image":{"@type":"ImageObject","inLanguage":"es","@id":"https:\/\/secure.gravatar.com\/avatar\/f6ca6430c51d147f363940f84e1225aa4b8183885c11802cc3b042305a4ecc1a?s=96&d=mm&r=g","url":"https:\/\/secure.gravatar.com\/avatar\/f6ca6430c51d147f363940f84e1225aa4b8183885c11802cc3b042305a4ecc1a?s=96&d=mm&r=g","contentUrl":"https:\/\/secure.gravatar.com\/avatar\/f6ca6430c51d147f363940f84e1225aa4b8183885c11802cc3b042305a4ecc1a?s=96&d=mm&r=g","caption":"Dinorah Nava"},"description":"Editora de Contenidos y Estrategias Digitales en Centro Urbano y Coeditora en Peri\u00f3dico Mi Casa. Egresada de la licenciatura en Comunicaci\u00f3n y Periodismo de la Facultad de Estudios Superiores Arag\u00f3n (UNAM). Amante de la edici\u00f3n y correcci\u00f3n de estilo, las redes sociales y el mundo digital. Especialista en temas son arquitectura, inmobiliario y urbanismo.","sameAs":["linkedin.com\/in\/dinorah-nava","https:\/\/x.com\/https:\/\/twitter.com\/Dinorah_Nava28"],"url":"https:\/\/centrourbano.com\/revista\/author\/dinorah-nava\/"}]}},"_links":{"self":[{"href":"https:\/\/centrourbano.com\/revista\/wp-json\/wp\/v2\/posts\/42661","targetHints":{"allow":["GET"]}}],"collection":[{"href":"https:\/\/centrourbano.com\/revista\/wp-json\/wp\/v2\/posts"}],"about":[{"href":"https:\/\/centrourbano.com\/revista\/wp-json\/wp\/v2\/types\/post"}],"author":[{"embeddable":true,"href":"https:\/\/centrourbano.com\/revista\/wp-json\/wp\/v2\/users\/9"}],"replies":[{"embeddable":true,"href":"https:\/\/centrourbano.com\/revista\/wp-json\/wp\/v2\/comments?post=42661"}],"version-history":[{"count":0,"href":"https:\/\/centrourbano.com\/revista\/wp-json\/wp\/v2\/posts\/42661\/revisions"}],"wp:featuredmedia":[{"embeddable":true,"href":"https:\/\/centrourbano.com\/revista\/wp-json\/wp\/v2\/media\/42662"}],"wp:attachment":[{"href":"https:\/\/centrourbano.com\/revista\/wp-json\/wp\/v2\/media?parent=42661"}],"wp:term":[{"taxonomy":"category","embeddable":true,"href":"https:\/\/centrourbano.com\/revista\/wp-json\/wp\/v2\/categories?post=42661"},{"taxonomy":"post_tag","embeddable":true,"href":"https:\/\/centrourbano.com\/revista\/wp-json\/wp\/v2\/tags?post=42661"}],"curies":[{"name":"wp","href":"https:\/\/api.w.org\/{rel}","templated":true}]}}