{"id":42631,"date":"2016-10-26T11:36:52","date_gmt":"2016-10-26T16:36:52","guid":{"rendered":"https:\/\/centrourbano.com\/?p=42631"},"modified":"2016-10-26T18:06:13","modified_gmt":"2016-10-26T23:06:13","slug":"preocupa-candevi-puebla-recortes-subsidios-vivienda","status":"publish","type":"post","link":"https:\/\/centrourbano.com\/revista\/vivienda\/preocupa-candevi-puebla-recortes-subsidios-vivienda\/","title":{"rendered":"Preocupa a Canadevi Puebla recortes a subsidios para vivienda"},"content":{"rendered":"<p><em>La c\u00e1mara se\u00f1al\u00f3 que de concretarse la reducci\u00f3n en subsidios, entre 3,000 y 4,000 viviendas de inter\u00e9s social se dejar\u00edan de construir en el estado <\/em><!--more--><\/p>\n<p>Jos\u00e9 Pablo Garc\u00eda Villar, presidente de la C\u00e1mara Nacional de la Industria de Desarrollo y Promoci\u00f3n de la Vivienda (Canadevi) en el estado de Puebla, mostr\u00f3 su preocupaci\u00f3n ante los recortes en materia de vivienda contemplados en el presupuesto de la federaci\u00f3n para 2017. Se\u00f1al\u00f3 que, de concretarse la reducci\u00f3n, 4,000 viviendas de inter\u00e9s social podr\u00edan dejar de construirse en el pr\u00f3ximo a\u00f1o.<\/p>\n<p>El representante de los desarrolladores se\u00f1al\u00f3 que la reducci\u00f3n en los subsidios afectar\u00e1 a programas del Infonavit. Dijo que para 2017 se estima que el gobierno federal etiquete alrededor de 105 millones de pesos para subsidios, lo que representa 30% menos a los destinado para 2016. <\/p>\n<p>Garc\u00eda Villar precis\u00f3 que la reducci\u00f3n impactar\u00eda en la oportunidad de trabajadores y familias de bajos ingresos en materia de obtenci\u00f3n de vivienda. Dijo que representantes de la Canadevi han buscado reuniones con legisladores para hacer consciencia sobre los impactos de la disminuci\u00f3n en el presupuesto para vivienda. <\/p>\n","protected":false},"excerpt":{"rendered":"<p>La c\u00e1mara se\u00f1al\u00f3 que de concretarse la reducci\u00f3n en subsidios, entre 3,000 y 4,000 viviendas de inter\u00e9s social se dejar\u00edan de construir en el estado<\/p>\n","protected":false},"author":47,"featured_media":37841,"comment_status":"open","ping_status":"closed","sticky":false,"template":"","format":"standard","meta":{"om_disable_all_campaigns":false,"inline_featured_image":false,"_monsterinsights_skip_tracking":false,"_monsterinsights_sitenote_active":false,"_monsterinsights_sitenote_note":"","_monsterinsights_sitenote_category":0,"footnotes":""},"categories":[12],"tags":[8047,8639,875,60],"class_list":["post-42631","post","type-post","status-publish","format-standard","has-post-thumbnail","hentry","category-vivienda","tag-canadevi-puebla","tag-recorte","tag-subsidios","tag-vivienda-2"],"yoast_head":"<!-- This site is optimized with the Yoast SEO plugin v27.4 - https:\/\/yoast.com\/product\/yoast-seo-wordpress\/ -->\n<title>Preocupa a Canadevi Puebla recortes a subsidios para vivienda -<\/title>\n<meta name=\"description\" content=\"Jos\u00e9 Pablo Garc\u00eda Villar, presidente de la C\u00e1mara Nacional de la Industria de Desarrollo y Promoci\u00f3n de la Vivienda (Canadevi) en el estado de Puebla, mostr\u00f3 su preocupaci\u00f3n ante los posibles recortes en materia de vivienda en el presupuesto de la federaci\u00f3n. Se\u00f1al\u00f3 que, de concretarse la reducci\u00f3n, 4,000 viviendas de inter\u00e9s social podr\u00edan dejar de construirse en el pr\u00f3ximo a\u00f1o.\" \/>\n<meta name=\"robots\" content=\"index, follow, max-snippet:-1, max-image-preview:large, max-video-preview:-1\" \/>\n<link rel=\"canonical\" href=\"https:\/\/centrourbano.com\/revista\/vivienda\/preocupa-candevi-puebla-recortes-subsidios-vivienda\/\" \/>\n<meta property=\"og:locale\" content=\"es_ES\" \/>\n<meta property=\"og:type\" content=\"article\" \/>\n<meta property=\"og:title\" content=\"Preocupa a Canadevi Puebla recortes a subsidios para vivienda -\" \/>\n<meta property=\"og:description\" content=\"Jos\u00e9 Pablo Garc\u00eda Villar, presidente de la C\u00e1mara Nacional de la Industria de Desarrollo y Promoci\u00f3n de la Vivienda (Canadevi) en el estado de Puebla, mostr\u00f3 su preocupaci\u00f3n ante los posibles recortes en materia de vivienda en el presupuesto de la federaci\u00f3n. Se\u00f1al\u00f3 que, de concretarse la reducci\u00f3n, 4,000 viviendas de inter\u00e9s social podr\u00edan dejar de construirse en el pr\u00f3ximo a\u00f1o.\" \/>\n<meta property=\"og:url\" content=\"https:\/\/centrourbano.com\/revista\/vivienda\/preocupa-candevi-puebla-recortes-subsidios-vivienda\/\" \/>\n<meta property=\"og:site_name\" content=\"Centro Urbano\" \/>\n<meta property=\"article:publisher\" content=\"https:\/\/www.facebook.com\/portalcentrourbano\" \/>\n<meta property=\"article:published_time\" content=\"2016-10-26T16:36:52+00:00\" \/>\n<meta property=\"article:modified_time\" content=\"2016-10-26T23:06:13+00:00\" \/>\n<meta property=\"og:image\" content=\"https:\/\/centrourbano.com\/revista\/wp-content\/uploads\/Subsidio-en-el-desempe\u00f1o-del-sector-vivienda.jpg\" \/>\n\t<meta property=\"og:image:width\" content=\"900\" \/>\n\t<meta property=\"og:image:height\" content=\"550\" \/>\n\t<meta property=\"og:image:type\" content=\"image\/jpeg\" \/>\n<meta name=\"author\" content=\"Edgar Rosas\" \/>\n<meta name=\"twitter:card\" content=\"summary_large_image\" \/>\n<meta name=\"twitter:creator\" content=\"@https:\/\/twitter.com\/ERosasCU?s=09\" \/>\n<meta name=\"twitter:site\" content=\"@CentroUrbano\" \/>\n<meta name=\"twitter:label1\" content=\"Escrito por\" \/>\n\t<meta name=\"twitter:data1\" content=\"Edgar Rosas\" \/>\n\t<meta name=\"twitter:label2\" content=\"Tiempo de lectura\" \/>\n\t<meta name=\"twitter:data2\" content=\"1 minuto\" \/>\n<script type=\"application\/ld+json\" class=\"yoast-schema-graph\">{\"@context\":\"https:\\\/\\\/schema.org\",\"@graph\":[{\"@type\":\"Article\",\"@id\":\"https:\\\/\\\/centrourbano.com\\\/revista\\\/vivienda\\\/preocupa-candevi-puebla-recortes-subsidios-vivienda\\\/#article\",\"isPartOf\":{\"@id\":\"https:\\\/\\\/centrourbano.com\\\/revista\\\/vivienda\\\/preocupa-candevi-puebla-recortes-subsidios-vivienda\\\/\"},\"author\":{\"name\":\"Edgar Rosas\",\"@id\":\"https:\\\/\\\/centrourbano.com\\\/revista\\\/#\\\/schema\\\/person\\\/ff3c00651ce5b1630479d2cd0c2e3ac0\"},\"headline\":\"Preocupa a Canadevi Puebla recortes a subsidios para vivienda\",\"datePublished\":\"2016-10-26T16:36:52+00:00\",\"dateModified\":\"2016-10-26T23:06:13+00:00\",\"mainEntityOfPage\":{\"@id\":\"https:\\\/\\\/centrourbano.com\\\/revista\\\/vivienda\\\/preocupa-candevi-puebla-recortes-subsidios-vivienda\\\/\"},\"wordCount\":206,\"commentCount\":0,\"publisher\":{\"@id\":\"https:\\\/\\\/centrourbano.com\\\/revista\\\/#organization\"},\"image\":{\"@id\":\"https:\\\/\\\/centrourbano.com\\\/revista\\\/vivienda\\\/preocupa-candevi-puebla-recortes-subsidios-vivienda\\\/#primaryimage\"},\"thumbnailUrl\":\"https:\\\/\\\/centrourbano.com\\\/revista\\\/wp-content\\\/uploads\\\/Subsidio-en-el-desempe\u00f1o-del-sector-vivienda.jpg\",\"keywords\":[\"Canadevi Puebla\",\"recorte\",\"subsidios\",\"vivienda\"],\"articleSection\":[\"Vivienda\"],\"inLanguage\":\"es\",\"potentialAction\":[{\"@type\":\"CommentAction\",\"name\":\"Comment\",\"target\":[\"https:\\\/\\\/centrourbano.com\\\/revista\\\/vivienda\\\/preocupa-candevi-puebla-recortes-subsidios-vivienda\\\/#respond\"]}]},{\"@type\":\"WebPage\",\"@id\":\"https:\\\/\\\/centrourbano.com\\\/revista\\\/vivienda\\\/preocupa-candevi-puebla-recortes-subsidios-vivienda\\\/\",\"url\":\"https:\\\/\\\/centrourbano.com\\\/revista\\\/vivienda\\\/preocupa-candevi-puebla-recortes-subsidios-vivienda\\\/\",\"name\":\"Preocupa a Canadevi Puebla recortes a subsidios para vivienda -\",\"isPartOf\":{\"@id\":\"https:\\\/\\\/centrourbano.com\\\/revista\\\/#website\"},\"primaryImageOfPage\":{\"@id\":\"https:\\\/\\\/centrourbano.com\\\/revista\\\/vivienda\\\/preocupa-candevi-puebla-recortes-subsidios-vivienda\\\/#primaryimage\"},\"image\":{\"@id\":\"https:\\\/\\\/centrourbano.com\\\/revista\\\/vivienda\\\/preocupa-candevi-puebla-recortes-subsidios-vivienda\\\/#primaryimage\"},\"thumbnailUrl\":\"https:\\\/\\\/centrourbano.com\\\/revista\\\/wp-content\\\/uploads\\\/Subsidio-en-el-desempe\u00f1o-del-sector-vivienda.jpg\",\"datePublished\":\"2016-10-26T16:36:52+00:00\",\"dateModified\":\"2016-10-26T23:06:13+00:00\",\"description\":\"Jos\u00e9 Pablo Garc\u00eda Villar, presidente de la C\u00e1mara Nacional de la Industria de Desarrollo y Promoci\u00f3n de la Vivienda (Canadevi) en el estado de Puebla, mostr\u00f3 su preocupaci\u00f3n ante los posibles recortes en materia de vivienda en el presupuesto de la federaci\u00f3n. Se\u00f1al\u00f3 que, de concretarse la reducci\u00f3n, 4,000 viviendas de inter\u00e9s social podr\u00edan dejar de construirse en el pr\u00f3ximo a\u00f1o.\",\"breadcrumb\":{\"@id\":\"https:\\\/\\\/centrourbano.com\\\/revista\\\/vivienda\\\/preocupa-candevi-puebla-recortes-subsidios-vivienda\\\/#breadcrumb\"},\"inLanguage\":\"es\",\"potentialAction\":[{\"@type\":\"ReadAction\",\"target\":[\"https:\\\/\\\/centrourbano.com\\\/revista\\\/vivienda\\\/preocupa-candevi-puebla-recortes-subsidios-vivienda\\\/\"]}]},{\"@type\":\"ImageObject\",\"inLanguage\":\"es\",\"@id\":\"https:\\\/\\\/centrourbano.com\\\/revista\\\/vivienda\\\/preocupa-candevi-puebla-recortes-subsidios-vivienda\\\/#primaryimage\",\"url\":\"https:\\\/\\\/centrourbano.com\\\/revista\\\/wp-content\\\/uploads\\\/Subsidio-en-el-desempe\u00f1o-del-sector-vivienda.jpg\",\"contentUrl\":\"https:\\\/\\\/centrourbano.com\\\/revista\\\/wp-content\\\/uploads\\\/Subsidio-en-el-desempe\u00f1o-del-sector-vivienda.jpg\",\"width\":900,\"height\":550},{\"@type\":\"BreadcrumbList\",\"@id\":\"https:\\\/\\\/centrourbano.com\\\/revista\\\/vivienda\\\/preocupa-candevi-puebla-recortes-subsidios-vivienda\\\/#breadcrumb\",\"itemListElement\":[{\"@type\":\"ListItem\",\"position\":1,\"name\":\"Portada\",\"item\":\"https:\\\/\\\/centrourbano.com\\\/revista\\\/\"},{\"@type\":\"ListItem\",\"position\":2,\"name\":\"Preocupa a Canadevi Puebla recortes a subsidios para vivienda\"}]},{\"@type\":\"WebSite\",\"@id\":\"https:\\\/\\\/centrourbano.com\\\/revista\\\/#website\",\"url\":\"https:\\\/\\\/centrourbano.com\\\/revista\\\/\",\"name\":\"Centro Urbano\",\"description\":\"Medio especializado en los sectores vivienda, inmobiliario, construcci\u00f3n, arquitectura y urbanismo.\",\"publisher\":{\"@id\":\"https:\\\/\\\/centrourbano.com\\\/revista\\\/#organization\"},\"potentialAction\":[{\"@type\":\"SearchAction\",\"target\":{\"@type\":\"EntryPoint\",\"urlTemplate\":\"https:\\\/\\\/centrourbano.com\\\/revista\\\/?s={search_term_string}\"},\"query-input\":{\"@type\":\"PropertyValueSpecification\",\"valueRequired\":true,\"valueName\":\"search_term_string\"}}],\"inLanguage\":\"es\"},{\"@type\":\"Organization\",\"@id\":\"https:\\\/\\\/centrourbano.com\\\/revista\\\/#organization\",\"name\":\"Centro Urbano\",\"url\":\"https:\\\/\\\/centrourbano.com\\\/revista\\\/\",\"logo\":{\"@type\":\"ImageObject\",\"inLanguage\":\"es\",\"@id\":\"https:\\\/\\\/centrourbano.com\\\/revista\\\/#\\\/schema\\\/logo\\\/image\\\/\",\"url\":\"https:\\\/\\\/centrourbano.com\\\/revista\\\/wp-content\\\/uploads\\\/web_CU_logo-1.png\",\"contentUrl\":\"https:\\\/\\\/centrourbano.com\\\/revista\\\/wp-content\\\/uploads\\\/web_CU_logo-1.png\",\"width\":350,\"height\":91,\"caption\":\"Centro Urbano\"},\"image\":{\"@id\":\"https:\\\/\\\/centrourbano.com\\\/revista\\\/#\\\/schema\\\/logo\\\/image\\\/\"},\"sameAs\":[\"https:\\\/\\\/www.facebook.com\\\/portalcentrourbano\",\"https:\\\/\\\/x.com\\\/CentroUrbano\",\"https:\\\/\\\/www.instagram.com\\\/centro_urbano\\\/\",\"https:\\\/\\\/www.linkedin.com\\\/company\\\/centro-urbano\\\/\",\"http:\\\/\\\/www.youtube.com\\\/user\\\/portalcentrourbano\"]},{\"@type\":\"Person\",\"@id\":\"https:\\\/\\\/centrourbano.com\\\/revista\\\/#\\\/schema\\\/person\\\/ff3c00651ce5b1630479d2cd0c2e3ac0\",\"name\":\"Edgar Rosas\",\"image\":{\"@type\":\"ImageObject\",\"inLanguage\":\"es\",\"@id\":\"https:\\\/\\\/secure.gravatar.com\\\/avatar\\\/94440c4283495211faa5300bf85e80061036b83fced868c3783aa1310b350d9c?s=96&d=mm&r=g\",\"url\":\"https:\\\/\\\/secure.gravatar.com\\\/avatar\\\/94440c4283495211faa5300bf85e80061036b83fced868c3783aa1310b350d9c?s=96&d=mm&r=g\",\"contentUrl\":\"https:\\\/\\\/secure.gravatar.com\\\/avatar\\\/94440c4283495211faa5300bf85e80061036b83fced868c3783aa1310b350d9c?s=96&d=mm&r=g\",\"caption\":\"Edgar Rosas\"},\"description\":\"Editor en Jefe de Centro Urbano. Egresado de la maestr\u00eda en Periodismo Pol\u00edtico de la Escuela de Periodismo Carlos Septi\u00e9n Garc\u00eda (EPCSG). Estudi\u00f3 la licenciatura en Comunicaci\u00f3n en la Universidad Mexicana. Amante de la cr\u00f3nica y el reportaje. Admirador de Vicente Le\u00f1ero y Miguel \u00c1ngel Granados Chapa.\",\"sameAs\":[\"https:\\\/\\\/x.com\\\/https:\\\/\\\/twitter.com\\\/ERosasCU?s=09\"],\"url\":\"https:\\\/\\\/centrourbano.com\\\/revista\\\/author\\\/edgar-rosas\\\/\"}]}<\/script>\n<!-- \/ Yoast SEO plugin. -->","yoast_head_json":{"title":"Preocupa a Canadevi Puebla recortes a subsidios para vivienda -","description":"Jos\u00e9 Pablo Garc\u00eda Villar, presidente de la C\u00e1mara Nacional de la Industria de Desarrollo y Promoci\u00f3n de la Vivienda (Canadevi) en el estado de Puebla, mostr\u00f3 su preocupaci\u00f3n ante los posibles recortes en materia de vivienda en el presupuesto de la federaci\u00f3n. Se\u00f1al\u00f3 que, de concretarse la reducci\u00f3n, 4,000 viviendas de inter\u00e9s social podr\u00edan dejar de construirse en el pr\u00f3ximo a\u00f1o.","robots":{"index":"index","follow":"follow","max-snippet":"max-snippet:-1","max-image-preview":"max-image-preview:large","max-video-preview":"max-video-preview:-1"},"canonical":"https:\/\/centrourbano.com\/revista\/vivienda\/preocupa-candevi-puebla-recortes-subsidios-vivienda\/","og_locale":"es_ES","og_type":"article","og_title":"Preocupa a Canadevi Puebla recortes a subsidios para vivienda -","og_description":"Jos\u00e9 Pablo Garc\u00eda Villar, presidente de la C\u00e1mara Nacional de la Industria de Desarrollo y Promoci\u00f3n de la Vivienda (Canadevi) en el estado de Puebla, mostr\u00f3 su preocupaci\u00f3n ante los posibles recortes en materia de vivienda en el presupuesto de la federaci\u00f3n. Se\u00f1al\u00f3 que, de concretarse la reducci\u00f3n, 4,000 viviendas de inter\u00e9s social podr\u00edan dejar de construirse en el pr\u00f3ximo a\u00f1o.","og_url":"https:\/\/centrourbano.com\/revista\/vivienda\/preocupa-candevi-puebla-recortes-subsidios-vivienda\/","og_site_name":"Centro Urbano","article_publisher":"https:\/\/www.facebook.com\/portalcentrourbano","article_published_time":"2016-10-26T16:36:52+00:00","article_modified_time":"2016-10-26T23:06:13+00:00","og_image":[{"width":900,"height":550,"url":"https:\/\/centrourbano.com\/revista\/wp-content\/uploads\/Subsidio-en-el-desempe\u00f1o-del-sector-vivienda.jpg","type":"image\/jpeg"}],"author":"Edgar Rosas","twitter_card":"summary_large_image","twitter_creator":"@https:\/\/twitter.com\/ERosasCU?s=09","twitter_site":"@CentroUrbano","twitter_misc":{"Escrito por":"Edgar Rosas","Tiempo de lectura":"1 minuto"},"schema":{"@context":"https:\/\/schema.org","@graph":[{"@type":"Article","@id":"https:\/\/centrourbano.com\/revista\/vivienda\/preocupa-candevi-puebla-recortes-subsidios-vivienda\/#article","isPartOf":{"@id":"https:\/\/centrourbano.com\/revista\/vivienda\/preocupa-candevi-puebla-recortes-subsidios-vivienda\/"},"author":{"name":"Edgar Rosas","@id":"https:\/\/centrourbano.com\/revista\/#\/schema\/person\/ff3c00651ce5b1630479d2cd0c2e3ac0"},"headline":"Preocupa a Canadevi Puebla recortes a subsidios para vivienda","datePublished":"2016-10-26T16:36:52+00:00","dateModified":"2016-10-26T23:06:13+00:00","mainEntityOfPage":{"@id":"https:\/\/centrourbano.com\/revista\/vivienda\/preocupa-candevi-puebla-recortes-subsidios-vivienda\/"},"wordCount":206,"commentCount":0,"publisher":{"@id":"https:\/\/centrourbano.com\/revista\/#organization"},"image":{"@id":"https:\/\/centrourbano.com\/revista\/vivienda\/preocupa-candevi-puebla-recortes-subsidios-vivienda\/#primaryimage"},"thumbnailUrl":"https:\/\/centrourbano.com\/revista\/wp-content\/uploads\/Subsidio-en-el-desempe\u00f1o-del-sector-vivienda.jpg","keywords":["Canadevi Puebla","recorte","subsidios","vivienda"],"articleSection":["Vivienda"],"inLanguage":"es","potentialAction":[{"@type":"CommentAction","name":"Comment","target":["https:\/\/centrourbano.com\/revista\/vivienda\/preocupa-candevi-puebla-recortes-subsidios-vivienda\/#respond"]}]},{"@type":"WebPage","@id":"https:\/\/centrourbano.com\/revista\/vivienda\/preocupa-candevi-puebla-recortes-subsidios-vivienda\/","url":"https:\/\/centrourbano.com\/revista\/vivienda\/preocupa-candevi-puebla-recortes-subsidios-vivienda\/","name":"Preocupa a Canadevi Puebla recortes a subsidios para vivienda -","isPartOf":{"@id":"https:\/\/centrourbano.com\/revista\/#website"},"primaryImageOfPage":{"@id":"https:\/\/centrourbano.com\/revista\/vivienda\/preocupa-candevi-puebla-recortes-subsidios-vivienda\/#primaryimage"},"image":{"@id":"https:\/\/centrourbano.com\/revista\/vivienda\/preocupa-candevi-puebla-recortes-subsidios-vivienda\/#primaryimage"},"thumbnailUrl":"https:\/\/centrourbano.com\/revista\/wp-content\/uploads\/Subsidio-en-el-desempe\u00f1o-del-sector-vivienda.jpg","datePublished":"2016-10-26T16:36:52+00:00","dateModified":"2016-10-26T23:06:13+00:00","description":"Jos\u00e9 Pablo Garc\u00eda Villar, presidente de la C\u00e1mara Nacional de la Industria de Desarrollo y Promoci\u00f3n de la Vivienda (Canadevi) en el estado de Puebla, mostr\u00f3 su preocupaci\u00f3n ante los posibles recortes en materia de vivienda en el presupuesto de la federaci\u00f3n. Se\u00f1al\u00f3 que, de concretarse la reducci\u00f3n, 4,000 viviendas de inter\u00e9s social podr\u00edan dejar de construirse en el pr\u00f3ximo a\u00f1o.","breadcrumb":{"@id":"https:\/\/centrourbano.com\/revista\/vivienda\/preocupa-candevi-puebla-recortes-subsidios-vivienda\/#breadcrumb"},"inLanguage":"es","potentialAction":[{"@type":"ReadAction","target":["https:\/\/centrourbano.com\/revista\/vivienda\/preocupa-candevi-puebla-recortes-subsidios-vivienda\/"]}]},{"@type":"ImageObject","inLanguage":"es","@id":"https:\/\/centrourbano.com\/revista\/vivienda\/preocupa-candevi-puebla-recortes-subsidios-vivienda\/#primaryimage","url":"https:\/\/centrourbano.com\/revista\/wp-content\/uploads\/Subsidio-en-el-desempe\u00f1o-del-sector-vivienda.jpg","contentUrl":"https:\/\/centrourbano.com\/revista\/wp-content\/uploads\/Subsidio-en-el-desempe\u00f1o-del-sector-vivienda.jpg","width":900,"height":550},{"@type":"BreadcrumbList","@id":"https:\/\/centrourbano.com\/revista\/vivienda\/preocupa-candevi-puebla-recortes-subsidios-vivienda\/#breadcrumb","itemListElement":[{"@type":"ListItem","position":1,"name":"Portada","item":"https:\/\/centrourbano.com\/revista\/"},{"@type":"ListItem","position":2,"name":"Preocupa a Canadevi Puebla recortes a subsidios para vivienda"}]},{"@type":"WebSite","@id":"https:\/\/centrourbano.com\/revista\/#website","url":"https:\/\/centrourbano.com\/revista\/","name":"Centro Urbano","description":"Medio especializado en los sectores vivienda, inmobiliario, construcci\u00f3n, arquitectura y urbanismo.","publisher":{"@id":"https:\/\/centrourbano.com\/revista\/#organization"},"potentialAction":[{"@type":"SearchAction","target":{"@type":"EntryPoint","urlTemplate":"https:\/\/centrourbano.com\/revista\/?s={search_term_string}"},"query-input":{"@type":"PropertyValueSpecification","valueRequired":true,"valueName":"search_term_string"}}],"inLanguage":"es"},{"@type":"Organization","@id":"https:\/\/centrourbano.com\/revista\/#organization","name":"Centro Urbano","url":"https:\/\/centrourbano.com\/revista\/","logo":{"@type":"ImageObject","inLanguage":"es","@id":"https:\/\/centrourbano.com\/revista\/#\/schema\/logo\/image\/","url":"https:\/\/centrourbano.com\/revista\/wp-content\/uploads\/web_CU_logo-1.png","contentUrl":"https:\/\/centrourbano.com\/revista\/wp-content\/uploads\/web_CU_logo-1.png","width":350,"height":91,"caption":"Centro Urbano"},"image":{"@id":"https:\/\/centrourbano.com\/revista\/#\/schema\/logo\/image\/"},"sameAs":["https:\/\/www.facebook.com\/portalcentrourbano","https:\/\/x.com\/CentroUrbano","https:\/\/www.instagram.com\/centro_urbano\/","https:\/\/www.linkedin.com\/company\/centro-urbano\/","http:\/\/www.youtube.com\/user\/portalcentrourbano"]},{"@type":"Person","@id":"https:\/\/centrourbano.com\/revista\/#\/schema\/person\/ff3c00651ce5b1630479d2cd0c2e3ac0","name":"Edgar Rosas","image":{"@type":"ImageObject","inLanguage":"es","@id":"https:\/\/secure.gravatar.com\/avatar\/94440c4283495211faa5300bf85e80061036b83fced868c3783aa1310b350d9c?s=96&d=mm&r=g","url":"https:\/\/secure.gravatar.com\/avatar\/94440c4283495211faa5300bf85e80061036b83fced868c3783aa1310b350d9c?s=96&d=mm&r=g","contentUrl":"https:\/\/secure.gravatar.com\/avatar\/94440c4283495211faa5300bf85e80061036b83fced868c3783aa1310b350d9c?s=96&d=mm&r=g","caption":"Edgar Rosas"},"description":"Editor en Jefe de Centro Urbano. Egresado de la maestr\u00eda en Periodismo Pol\u00edtico de la Escuela de Periodismo Carlos Septi\u00e9n Garc\u00eda (EPCSG). Estudi\u00f3 la licenciatura en Comunicaci\u00f3n en la Universidad Mexicana. Amante de la cr\u00f3nica y el reportaje. Admirador de Vicente Le\u00f1ero y Miguel \u00c1ngel Granados Chapa.","sameAs":["https:\/\/x.com\/https:\/\/twitter.com\/ERosasCU?s=09"],"url":"https:\/\/centrourbano.com\/revista\/author\/edgar-rosas\/"}]}},"_links":{"self":[{"href":"https:\/\/centrourbano.com\/revista\/wp-json\/wp\/v2\/posts\/42631","targetHints":{"allow":["GET"]}}],"collection":[{"href":"https:\/\/centrourbano.com\/revista\/wp-json\/wp\/v2\/posts"}],"about":[{"href":"https:\/\/centrourbano.com\/revista\/wp-json\/wp\/v2\/types\/post"}],"author":[{"embeddable":true,"href":"https:\/\/centrourbano.com\/revista\/wp-json\/wp\/v2\/users\/47"}],"replies":[{"embeddable":true,"href":"https:\/\/centrourbano.com\/revista\/wp-json\/wp\/v2\/comments?post=42631"}],"version-history":[{"count":0,"href":"https:\/\/centrourbano.com\/revista\/wp-json\/wp\/v2\/posts\/42631\/revisions"}],"wp:featuredmedia":[{"embeddable":true,"href":"https:\/\/centrourbano.com\/revista\/wp-json\/wp\/v2\/media\/37841"}],"wp:attachment":[{"href":"https:\/\/centrourbano.com\/revista\/wp-json\/wp\/v2\/media?parent=42631"}],"wp:term":[{"taxonomy":"category","embeddable":true,"href":"https:\/\/centrourbano.com\/revista\/wp-json\/wp\/v2\/categories?post=42631"},{"taxonomy":"post_tag","embeddable":true,"href":"https:\/\/centrourbano.com\/revista\/wp-json\/wp\/v2\/tags?post=42631"}],"curies":[{"name":"wp","href":"https:\/\/api.w.org\/{rel}","templated":true}]}}