{"id":42615,"date":"2016-10-26T09:54:02","date_gmt":"2016-10-26T14:54:02","guid":{"rendered":"https:\/\/centrourbano.com\/?p=42615"},"modified":"2016-10-26T10:05:15","modified_gmt":"2016-10-26T15:05:15","slug":"firman-decreto-guanajuato-puerto-interior","status":"publish","type":"post","link":"https:\/\/centrourbano.com\/revista\/inmobiliario\/firman-decreto-guanajuato-puerto-interior\/","title":{"rendered":"Firman decreto para Guanajuato Puerto Interior"},"content":{"rendered":"<p><em>Con este acuerdo se consolida el espacio industrial, pues ya no hay espacio para ampliarse: M\u00e1rquez<\/em><br \/>\n<!--more--><\/p>\n<p>El gobernador de Guanajuato, Miguel M\u00e1rquez firm\u00f3 el decreto para el crecimiento ordenado de Guanajuato Puerto Interior (GPI), cuyo objetivo es consolidar el desarrollo en infraestructura y servicios, tener una adecuada normatividad en sus operaciones y consolidarlo como pol\u00edgono industrial. <\/p>\n<p>\u201cSe ha cerrado la consolidaci\u00f3n de Guanajuato Puerto Interior, ya no hay m\u00e1s oportunidad de ampliaci\u00f3n, se cierra de forma definitiva. Por eso, se firma el Decreto, se manda publicar y esto es parte del compromiso porque queremos que siga siendo un Puerto Interior funcional, agradable, que permita trabajar y vivir en paz, de otra forma podr\u00eda colapsar\u201d, dijo el gobernador. <\/p>\n<p>El parque industrial abarca m\u00e1s de 1,200 hect\u00e1reas, y ya no crecer\u00e1 m\u00e1s, esto permite dar certeza a todos los inversionistas de que tendr\u00e1n un espacio que ser\u00e1 sustentable. M\u00e1rquez agreg\u00f3 que a 10 a\u00f1os de haber iniciado sus operaciones, Puerto Interior, es uno de los centros de mayor \u00e9xito de la entidad. <\/p>\n<p>\u201cUn \u00e9xito que no podr\u00eda explicarse sin la confianza de las empresas extranjeras en este estado. Reside aqu\u00ed una verdadera comunidad internacional, 108 empresas de 18 diferentes pa\u00edses. Compartimos el orgullo de tener aqu\u00ed el centro log\u00edstico m\u00e1s importante del pa\u00eds\u201d. <\/p>\n<p>Entre las 108 empresas que ah\u00ed se han asentado, provienen de Jap\u00f3n, M\u00e9xico, Italia, Alemania, Estados Unidos, Canad\u00e1, Espa\u00f1a, Francia, Corea del Sur, Austria, Brasil, Eslovenia, Portugal, Suiza, Taiw\u00e1n, T\u00fanez, Polonia y Holanda. <\/p>\n<p>Con motivo de la firma y los 10 a\u00f1os de este centro industrial y del D\u00eda de las Naciones Unidas, se inaugur\u00f3 la Glorieta de las Naciones, un monumento dedicado a la multiculturalidad de este recinto log\u00edstico.<\/p>\n<p>En cuanto a la infraestructura, el gobernador explic\u00f3 que se construye la Avenida Mezquite Park, y del paso superior vehicular de acceso al Parque Aeroespacial Sky Plus que tendr\u00e1 una inversi\u00f3n de 53,000,000 de pesos.<\/p>\n<p>Asimismo, en las comunidades aleda\u00f1as al centro log\u00edstico se impulsar\u00e1n acciones de mejora de calidad de vida para las familias, entre ellas est\u00e1n la construcci\u00f3n de un Centro Comunitario, pavimentaciones y electrificaciones.<\/p>\n<p>En el evento participaron el Secretario de Desarrollo Econ\u00f3mico Sustentable, Guillermo Romero; el Alcalde de Silao, Juan Antonio Morales Maciel; el Director General de Pirelli M\u00e9xico y Presidente de Organismos de Guanajuato Puerto Interior, Tom Gr\u00e1valos; Luis Quiroz Echegaray, director general de GPI. <\/p>\n<p>As\u00ed como Monika Von Allw\u00f6rden de Orozco, C\u00f3nsul Honorario de Alemania en Le\u00f3n; Giovanni Bellei Barbieri, C\u00f3nsul de la Embajada de Italia en el Baj\u00edo; Yasuhisa Suzuki, C\u00f3nsul General de Jap\u00f3n en Le\u00f3n; Jos\u00e9 Arturo Dur\u00e1n Miranda, Secretario de Obra P\u00fablica; Luis Ernesto Rojas \u00c1vila, Director General de COFOCE; H\u00e9ctor Salgado Banda, Director General del ISSEG.<\/p>\n","protected":false},"excerpt":{"rendered":"<p>Con este acuerdo se consolida el espacio industrial, pues ya no hay espacio para ampliarse: M\u00e1rquez<\/p>\n","protected":false},"author":37,"featured_media":42616,"comment_status":"open","ping_status":"closed","sticky":false,"template":"","format":"standard","meta":{"om_disable_all_campaigns":false,"inline_featured_image":false,"_monsterinsights_skip_tracking":false,"_monsterinsights_sitenote_active":false,"_monsterinsights_sitenote_note":"","_monsterinsights_sitenote_category":0,"footnotes":""},"categories":[15],"tags":[],"class_list":["post-42615","post","type-post","status-publish","format-standard","has-post-thumbnail","hentry","category-inmobiliario"],"yoast_head":"<!-- This site is optimized with the Yoast SEO plugin v27.4 - https:\/\/yoast.com\/product\/yoast-seo-wordpress\/ -->\n<title>Firman decreto para Guanajuato Puerto Interior -<\/title>\n<meta name=\"description\" content=\"El gobernador de Guanajuato, Miguel M\u00e1rquez firm\u00f3 el decreto para el crecimiento ordenado de Guanajuato Puerto Interior (GPI), cuyo objetivo es consolidar el desarrollo en infraestructura y servicios, tener una adecuada normatividad en sus operaciones y consolidarlo como pol\u00edgono industrial.\" \/>\n<meta name=\"robots\" content=\"index, follow, max-snippet:-1, max-image-preview:large, max-video-preview:-1\" \/>\n<link rel=\"canonical\" href=\"https:\/\/centrourbano.com\/revista\/inmobiliario\/firman-decreto-guanajuato-puerto-interior\/\" \/>\n<meta property=\"og:locale\" content=\"es_ES\" \/>\n<meta property=\"og:type\" content=\"article\" \/>\n<meta property=\"og:title\" content=\"Firman decreto para Guanajuato Puerto Interior -\" \/>\n<meta property=\"og:description\" content=\"El gobernador de Guanajuato, Miguel M\u00e1rquez firm\u00f3 el decreto para el crecimiento ordenado de Guanajuato Puerto Interior (GPI), cuyo objetivo es consolidar el desarrollo en infraestructura y servicios, tener una adecuada normatividad en sus operaciones y consolidarlo como pol\u00edgono industrial.\" \/>\n<meta property=\"og:url\" content=\"https:\/\/centrourbano.com\/revista\/inmobiliario\/firman-decreto-guanajuato-puerto-interior\/\" \/>\n<meta property=\"og:site_name\" content=\"Centro Urbano\" \/>\n<meta property=\"article:publisher\" content=\"https:\/\/www.facebook.com\/portalcentrourbano\" \/>\n<meta property=\"article:published_time\" content=\"2016-10-26T14:54:02+00:00\" \/>\n<meta property=\"article:modified_time\" content=\"2016-10-26T15:05:15+00:00\" \/>\n<meta property=\"og:image\" content=\"https:\/\/centrourbano.com\/revista\/wp-content\/uploads\/GPI.jpg\" \/>\n\t<meta property=\"og:image:width\" content=\"1024\" \/>\n\t<meta property=\"og:image:height\" content=\"601\" \/>\n\t<meta property=\"og:image:type\" content=\"image\/jpeg\" \/>\n<meta name=\"author\" content=\"Diego Rodr\u00edguez\" \/>\n<meta name=\"twitter:card\" content=\"summary_large_image\" \/>\n<meta name=\"twitter:creator\" content=\"@CentroUrbano\" \/>\n<meta name=\"twitter:site\" content=\"@CentroUrbano\" \/>\n<meta name=\"twitter:label1\" content=\"Escrito por\" \/>\n\t<meta name=\"twitter:data1\" content=\"Diego Rodr\u00edguez\" \/>\n\t<meta name=\"twitter:label2\" content=\"Tiempo de lectura\" \/>\n\t<meta name=\"twitter:data2\" content=\"2 minutos\" \/>\n<script type=\"application\/ld+json\" class=\"yoast-schema-graph\">{\"@context\":\"https:\\\/\\\/schema.org\",\"@graph\":[{\"@type\":\"Article\",\"@id\":\"https:\\\/\\\/centrourbano.com\\\/revista\\\/inmobiliario\\\/firman-decreto-guanajuato-puerto-interior\\\/#article\",\"isPartOf\":{\"@id\":\"https:\\\/\\\/centrourbano.com\\\/revista\\\/inmobiliario\\\/firman-decreto-guanajuato-puerto-interior\\\/\"},\"author\":{\"name\":\"Diego Rodr\u00edguez\",\"@id\":\"https:\\\/\\\/centrourbano.com\\\/revista\\\/#\\\/schema\\\/person\\\/b50192a3cd0e680841b45dc537f53970\"},\"headline\":\"Firman decreto para Guanajuato Puerto Interior\",\"datePublished\":\"2016-10-26T14:54:02+00:00\",\"dateModified\":\"2016-10-26T15:05:15+00:00\",\"mainEntityOfPage\":{\"@id\":\"https:\\\/\\\/centrourbano.com\\\/revista\\\/inmobiliario\\\/firman-decreto-guanajuato-puerto-interior\\\/\"},\"wordCount\":492,\"commentCount\":0,\"publisher\":{\"@id\":\"https:\\\/\\\/centrourbano.com\\\/revista\\\/#organization\"},\"image\":{\"@id\":\"https:\\\/\\\/centrourbano.com\\\/revista\\\/inmobiliario\\\/firman-decreto-guanajuato-puerto-interior\\\/#primaryimage\"},\"thumbnailUrl\":\"https:\\\/\\\/centrourbano.com\\\/revista\\\/wp-content\\\/uploads\\\/GPI.jpg\",\"articleSection\":[\"Inmobiliario\"],\"inLanguage\":\"es\",\"potentialAction\":[{\"@type\":\"CommentAction\",\"name\":\"Comment\",\"target\":[\"https:\\\/\\\/centrourbano.com\\\/revista\\\/inmobiliario\\\/firman-decreto-guanajuato-puerto-interior\\\/#respond\"]}]},{\"@type\":\"WebPage\",\"@id\":\"https:\\\/\\\/centrourbano.com\\\/revista\\\/inmobiliario\\\/firman-decreto-guanajuato-puerto-interior\\\/\",\"url\":\"https:\\\/\\\/centrourbano.com\\\/revista\\\/inmobiliario\\\/firman-decreto-guanajuato-puerto-interior\\\/\",\"name\":\"Firman decreto para Guanajuato Puerto Interior -\",\"isPartOf\":{\"@id\":\"https:\\\/\\\/centrourbano.com\\\/revista\\\/#website\"},\"primaryImageOfPage\":{\"@id\":\"https:\\\/\\\/centrourbano.com\\\/revista\\\/inmobiliario\\\/firman-decreto-guanajuato-puerto-interior\\\/#primaryimage\"},\"image\":{\"@id\":\"https:\\\/\\\/centrourbano.com\\\/revista\\\/inmobiliario\\\/firman-decreto-guanajuato-puerto-interior\\\/#primaryimage\"},\"thumbnailUrl\":\"https:\\\/\\\/centrourbano.com\\\/revista\\\/wp-content\\\/uploads\\\/GPI.jpg\",\"datePublished\":\"2016-10-26T14:54:02+00:00\",\"dateModified\":\"2016-10-26T15:05:15+00:00\",\"description\":\"El gobernador de Guanajuato, Miguel M\u00e1rquez firm\u00f3 el decreto para el crecimiento ordenado de Guanajuato Puerto Interior (GPI), cuyo objetivo es consolidar el desarrollo en infraestructura y servicios, tener una adecuada normatividad en sus operaciones y consolidarlo como pol\u00edgono industrial.\",\"breadcrumb\":{\"@id\":\"https:\\\/\\\/centrourbano.com\\\/revista\\\/inmobiliario\\\/firman-decreto-guanajuato-puerto-interior\\\/#breadcrumb\"},\"inLanguage\":\"es\",\"potentialAction\":[{\"@type\":\"ReadAction\",\"target\":[\"https:\\\/\\\/centrourbano.com\\\/revista\\\/inmobiliario\\\/firman-decreto-guanajuato-puerto-interior\\\/\"]}]},{\"@type\":\"ImageObject\",\"inLanguage\":\"es\",\"@id\":\"https:\\\/\\\/centrourbano.com\\\/revista\\\/inmobiliario\\\/firman-decreto-guanajuato-puerto-interior\\\/#primaryimage\",\"url\":\"https:\\\/\\\/centrourbano.com\\\/revista\\\/wp-content\\\/uploads\\\/GPI.jpg\",\"contentUrl\":\"https:\\\/\\\/centrourbano.com\\\/revista\\\/wp-content\\\/uploads\\\/GPI.jpg\",\"width\":1024,\"height\":601,\"caption\":\"Con este acuerdo se consolida el espacio industrial, pues ya no hay espacio para ampliarse: M\u00e1rquez\"},{\"@type\":\"BreadcrumbList\",\"@id\":\"https:\\\/\\\/centrourbano.com\\\/revista\\\/inmobiliario\\\/firman-decreto-guanajuato-puerto-interior\\\/#breadcrumb\",\"itemListElement\":[{\"@type\":\"ListItem\",\"position\":1,\"name\":\"Portada\",\"item\":\"https:\\\/\\\/centrourbano.com\\\/revista\\\/\"},{\"@type\":\"ListItem\",\"position\":2,\"name\":\"Firman decreto para Guanajuato Puerto Interior\"}]},{\"@type\":\"WebSite\",\"@id\":\"https:\\\/\\\/centrourbano.com\\\/revista\\\/#website\",\"url\":\"https:\\\/\\\/centrourbano.com\\\/revista\\\/\",\"name\":\"Centro Urbano\",\"description\":\"Medio especializado en los sectores vivienda, inmobiliario, construcci\u00f3n, arquitectura y urbanismo.\",\"publisher\":{\"@id\":\"https:\\\/\\\/centrourbano.com\\\/revista\\\/#organization\"},\"potentialAction\":[{\"@type\":\"SearchAction\",\"target\":{\"@type\":\"EntryPoint\",\"urlTemplate\":\"https:\\\/\\\/centrourbano.com\\\/revista\\\/?s={search_term_string}\"},\"query-input\":{\"@type\":\"PropertyValueSpecification\",\"valueRequired\":true,\"valueName\":\"search_term_string\"}}],\"inLanguage\":\"es\"},{\"@type\":\"Organization\",\"@id\":\"https:\\\/\\\/centrourbano.com\\\/revista\\\/#organization\",\"name\":\"Centro Urbano\",\"url\":\"https:\\\/\\\/centrourbano.com\\\/revista\\\/\",\"logo\":{\"@type\":\"ImageObject\",\"inLanguage\":\"es\",\"@id\":\"https:\\\/\\\/centrourbano.com\\\/revista\\\/#\\\/schema\\\/logo\\\/image\\\/\",\"url\":\"https:\\\/\\\/centrourbano.com\\\/revista\\\/wp-content\\\/uploads\\\/web_CU_logo-1.png\",\"contentUrl\":\"https:\\\/\\\/centrourbano.com\\\/revista\\\/wp-content\\\/uploads\\\/web_CU_logo-1.png\",\"width\":350,\"height\":91,\"caption\":\"Centro Urbano\"},\"image\":{\"@id\":\"https:\\\/\\\/centrourbano.com\\\/revista\\\/#\\\/schema\\\/logo\\\/image\\\/\"},\"sameAs\":[\"https:\\\/\\\/www.facebook.com\\\/portalcentrourbano\",\"https:\\\/\\\/x.com\\\/CentroUrbano\",\"https:\\\/\\\/www.instagram.com\\\/centro_urbano\\\/\",\"https:\\\/\\\/www.linkedin.com\\\/company\\\/centro-urbano\\\/\",\"http:\\\/\\\/www.youtube.com\\\/user\\\/portalcentrourbano\"]},{\"@type\":\"Person\",\"@id\":\"https:\\\/\\\/centrourbano.com\\\/revista\\\/#\\\/schema\\\/person\\\/b50192a3cd0e680841b45dc537f53970\",\"name\":\"Diego Rodr\u00edguez\",\"image\":{\"@type\":\"ImageObject\",\"inLanguage\":\"es\",\"@id\":\"https:\\\/\\\/secure.gravatar.com\\\/avatar\\\/d217565525df2df5d4e7265d47758506f41845ed9529510921a7625d8365789d?s=96&d=mm&r=g\",\"url\":\"https:\\\/\\\/secure.gravatar.com\\\/avatar\\\/d217565525df2df5d4e7265d47758506f41845ed9529510921a7625d8365789d?s=96&d=mm&r=g\",\"contentUrl\":\"https:\\\/\\\/secure.gravatar.com\\\/avatar\\\/d217565525df2df5d4e7265d47758506f41845ed9529510921a7625d8365789d?s=96&d=mm&r=g\",\"caption\":\"Diego Rodr\u00edguez\"},\"description\":\"Egresado de la Facultad de Estudios Superiores Acatl\u00e1n de la carrera en Comunicaci\u00f3n, con especialidad en medios escritos. Reportero del desaparecido peri\u00f3dico Nuestro M\u00e9xico, en donde cubri\u00f3 las fuentes delegacionales y Asamblea Legislativa. Tambi\u00e9n trabaj\u00f3 en la Coordinaci\u00f3n de Comunicaci\u00f3n Social en la delegaci\u00f3n \u00c1lvaro Obreg\u00f3n. Le gusta leer novelas y cuentos.\",\"url\":\"https:\\\/\\\/centrourbano.com\\\/revista\\\/author\\\/diegorodriguez\\\/\"}]}<\/script>\n<!-- \/ Yoast SEO plugin. -->","yoast_head_json":{"title":"Firman decreto para Guanajuato Puerto Interior -","description":"El gobernador de Guanajuato, Miguel M\u00e1rquez firm\u00f3 el decreto para el crecimiento ordenado de Guanajuato Puerto Interior (GPI), cuyo objetivo es consolidar el desarrollo en infraestructura y servicios, tener una adecuada normatividad en sus operaciones y consolidarlo como pol\u00edgono industrial.","robots":{"index":"index","follow":"follow","max-snippet":"max-snippet:-1","max-image-preview":"max-image-preview:large","max-video-preview":"max-video-preview:-1"},"canonical":"https:\/\/centrourbano.com\/revista\/inmobiliario\/firman-decreto-guanajuato-puerto-interior\/","og_locale":"es_ES","og_type":"article","og_title":"Firman decreto para Guanajuato Puerto Interior -","og_description":"El gobernador de Guanajuato, Miguel M\u00e1rquez firm\u00f3 el decreto para el crecimiento ordenado de Guanajuato Puerto Interior (GPI), cuyo objetivo es consolidar el desarrollo en infraestructura y servicios, tener una adecuada normatividad en sus operaciones y consolidarlo como pol\u00edgono industrial.","og_url":"https:\/\/centrourbano.com\/revista\/inmobiliario\/firman-decreto-guanajuato-puerto-interior\/","og_site_name":"Centro Urbano","article_publisher":"https:\/\/www.facebook.com\/portalcentrourbano","article_published_time":"2016-10-26T14:54:02+00:00","article_modified_time":"2016-10-26T15:05:15+00:00","og_image":[{"width":1024,"height":601,"url":"https:\/\/centrourbano.com\/revista\/wp-content\/uploads\/GPI.jpg","type":"image\/jpeg"}],"author":"Diego Rodr\u00edguez","twitter_card":"summary_large_image","twitter_creator":"@CentroUrbano","twitter_site":"@CentroUrbano","twitter_misc":{"Escrito por":"Diego Rodr\u00edguez","Tiempo de lectura":"2 minutos"},"schema":{"@context":"https:\/\/schema.org","@graph":[{"@type":"Article","@id":"https:\/\/centrourbano.com\/revista\/inmobiliario\/firman-decreto-guanajuato-puerto-interior\/#article","isPartOf":{"@id":"https:\/\/centrourbano.com\/revista\/inmobiliario\/firman-decreto-guanajuato-puerto-interior\/"},"author":{"name":"Diego Rodr\u00edguez","@id":"https:\/\/centrourbano.com\/revista\/#\/schema\/person\/b50192a3cd0e680841b45dc537f53970"},"headline":"Firman decreto para Guanajuato Puerto Interior","datePublished":"2016-10-26T14:54:02+00:00","dateModified":"2016-10-26T15:05:15+00:00","mainEntityOfPage":{"@id":"https:\/\/centrourbano.com\/revista\/inmobiliario\/firman-decreto-guanajuato-puerto-interior\/"},"wordCount":492,"commentCount":0,"publisher":{"@id":"https:\/\/centrourbano.com\/revista\/#organization"},"image":{"@id":"https:\/\/centrourbano.com\/revista\/inmobiliario\/firman-decreto-guanajuato-puerto-interior\/#primaryimage"},"thumbnailUrl":"https:\/\/centrourbano.com\/revista\/wp-content\/uploads\/GPI.jpg","articleSection":["Inmobiliario"],"inLanguage":"es","potentialAction":[{"@type":"CommentAction","name":"Comment","target":["https:\/\/centrourbano.com\/revista\/inmobiliario\/firman-decreto-guanajuato-puerto-interior\/#respond"]}]},{"@type":"WebPage","@id":"https:\/\/centrourbano.com\/revista\/inmobiliario\/firman-decreto-guanajuato-puerto-interior\/","url":"https:\/\/centrourbano.com\/revista\/inmobiliario\/firman-decreto-guanajuato-puerto-interior\/","name":"Firman decreto para Guanajuato Puerto Interior -","isPartOf":{"@id":"https:\/\/centrourbano.com\/revista\/#website"},"primaryImageOfPage":{"@id":"https:\/\/centrourbano.com\/revista\/inmobiliario\/firman-decreto-guanajuato-puerto-interior\/#primaryimage"},"image":{"@id":"https:\/\/centrourbano.com\/revista\/inmobiliario\/firman-decreto-guanajuato-puerto-interior\/#primaryimage"},"thumbnailUrl":"https:\/\/centrourbano.com\/revista\/wp-content\/uploads\/GPI.jpg","datePublished":"2016-10-26T14:54:02+00:00","dateModified":"2016-10-26T15:05:15+00:00","description":"El gobernador de Guanajuato, Miguel M\u00e1rquez firm\u00f3 el decreto para el crecimiento ordenado de Guanajuato Puerto Interior (GPI), cuyo objetivo es consolidar el desarrollo en infraestructura y servicios, tener una adecuada normatividad en sus operaciones y consolidarlo como pol\u00edgono industrial.","breadcrumb":{"@id":"https:\/\/centrourbano.com\/revista\/inmobiliario\/firman-decreto-guanajuato-puerto-interior\/#breadcrumb"},"inLanguage":"es","potentialAction":[{"@type":"ReadAction","target":["https:\/\/centrourbano.com\/revista\/inmobiliario\/firman-decreto-guanajuato-puerto-interior\/"]}]},{"@type":"ImageObject","inLanguage":"es","@id":"https:\/\/centrourbano.com\/revista\/inmobiliario\/firman-decreto-guanajuato-puerto-interior\/#primaryimage","url":"https:\/\/centrourbano.com\/revista\/wp-content\/uploads\/GPI.jpg","contentUrl":"https:\/\/centrourbano.com\/revista\/wp-content\/uploads\/GPI.jpg","width":1024,"height":601,"caption":"Con este acuerdo se consolida el espacio industrial, pues ya no hay espacio para ampliarse: M\u00e1rquez"},{"@type":"BreadcrumbList","@id":"https:\/\/centrourbano.com\/revista\/inmobiliario\/firman-decreto-guanajuato-puerto-interior\/#breadcrumb","itemListElement":[{"@type":"ListItem","position":1,"name":"Portada","item":"https:\/\/centrourbano.com\/revista\/"},{"@type":"ListItem","position":2,"name":"Firman decreto para Guanajuato Puerto Interior"}]},{"@type":"WebSite","@id":"https:\/\/centrourbano.com\/revista\/#website","url":"https:\/\/centrourbano.com\/revista\/","name":"Centro Urbano","description":"Medio especializado en los sectores vivienda, inmobiliario, construcci\u00f3n, arquitectura y urbanismo.","publisher":{"@id":"https:\/\/centrourbano.com\/revista\/#organization"},"potentialAction":[{"@type":"SearchAction","target":{"@type":"EntryPoint","urlTemplate":"https:\/\/centrourbano.com\/revista\/?s={search_term_string}"},"query-input":{"@type":"PropertyValueSpecification","valueRequired":true,"valueName":"search_term_string"}}],"inLanguage":"es"},{"@type":"Organization","@id":"https:\/\/centrourbano.com\/revista\/#organization","name":"Centro Urbano","url":"https:\/\/centrourbano.com\/revista\/","logo":{"@type":"ImageObject","inLanguage":"es","@id":"https:\/\/centrourbano.com\/revista\/#\/schema\/logo\/image\/","url":"https:\/\/centrourbano.com\/revista\/wp-content\/uploads\/web_CU_logo-1.png","contentUrl":"https:\/\/centrourbano.com\/revista\/wp-content\/uploads\/web_CU_logo-1.png","width":350,"height":91,"caption":"Centro Urbano"},"image":{"@id":"https:\/\/centrourbano.com\/revista\/#\/schema\/logo\/image\/"},"sameAs":["https:\/\/www.facebook.com\/portalcentrourbano","https:\/\/x.com\/CentroUrbano","https:\/\/www.instagram.com\/centro_urbano\/","https:\/\/www.linkedin.com\/company\/centro-urbano\/","http:\/\/www.youtube.com\/user\/portalcentrourbano"]},{"@type":"Person","@id":"https:\/\/centrourbano.com\/revista\/#\/schema\/person\/b50192a3cd0e680841b45dc537f53970","name":"Diego Rodr\u00edguez","image":{"@type":"ImageObject","inLanguage":"es","@id":"https:\/\/secure.gravatar.com\/avatar\/d217565525df2df5d4e7265d47758506f41845ed9529510921a7625d8365789d?s=96&d=mm&r=g","url":"https:\/\/secure.gravatar.com\/avatar\/d217565525df2df5d4e7265d47758506f41845ed9529510921a7625d8365789d?s=96&d=mm&r=g","contentUrl":"https:\/\/secure.gravatar.com\/avatar\/d217565525df2df5d4e7265d47758506f41845ed9529510921a7625d8365789d?s=96&d=mm&r=g","caption":"Diego Rodr\u00edguez"},"description":"Egresado de la Facultad de Estudios Superiores Acatl\u00e1n de la carrera en Comunicaci\u00f3n, con especialidad en medios escritos. Reportero del desaparecido peri\u00f3dico Nuestro M\u00e9xico, en donde cubri\u00f3 las fuentes delegacionales y Asamblea Legislativa. Tambi\u00e9n trabaj\u00f3 en la Coordinaci\u00f3n de Comunicaci\u00f3n Social en la delegaci\u00f3n \u00c1lvaro Obreg\u00f3n. Le gusta leer novelas y cuentos.","url":"https:\/\/centrourbano.com\/revista\/author\/diegorodriguez\/"}]}},"_links":{"self":[{"href":"https:\/\/centrourbano.com\/revista\/wp-json\/wp\/v2\/posts\/42615","targetHints":{"allow":["GET"]}}],"collection":[{"href":"https:\/\/centrourbano.com\/revista\/wp-json\/wp\/v2\/posts"}],"about":[{"href":"https:\/\/centrourbano.com\/revista\/wp-json\/wp\/v2\/types\/post"}],"author":[{"embeddable":true,"href":"https:\/\/centrourbano.com\/revista\/wp-json\/wp\/v2\/users\/37"}],"replies":[{"embeddable":true,"href":"https:\/\/centrourbano.com\/revista\/wp-json\/wp\/v2\/comments?post=42615"}],"version-history":[{"count":0,"href":"https:\/\/centrourbano.com\/revista\/wp-json\/wp\/v2\/posts\/42615\/revisions"}],"wp:featuredmedia":[{"embeddable":true,"href":"https:\/\/centrourbano.com\/revista\/wp-json\/wp\/v2\/media\/42616"}],"wp:attachment":[{"href":"https:\/\/centrourbano.com\/revista\/wp-json\/wp\/v2\/media?parent=42615"}],"wp:term":[{"taxonomy":"category","embeddable":true,"href":"https:\/\/centrourbano.com\/revista\/wp-json\/wp\/v2\/categories?post=42615"},{"taxonomy":"post_tag","embeddable":true,"href":"https:\/\/centrourbano.com\/revista\/wp-json\/wp\/v2\/tags?post=42615"}],"curies":[{"name":"wp","href":"https:\/\/api.w.org\/{rel}","templated":true}]}}