{"id":42608,"date":"2016-10-26T09:05:09","date_gmt":"2016-10-26T14:05:09","guid":{"rendered":"https:\/\/centrourbano.com\/?p=42608"},"modified":"2016-10-26T09:07:02","modified_gmt":"2016-10-26T14:07:02","slug":"presentara-infonavit-programa-crediticio-2017-en-noviembre","status":"publish","type":"post","link":"https:\/\/centrourbano.com\/revista\/vivienda\/presentara-infonavit-programa-crediticio-2017-en-noviembre\/","title":{"rendered":"Presentar\u00e1 Infonavit programa crediticio 2017 en noviembre"},"content":{"rendered":"<p><em>Vamos a tener un programa de cr\u00e9dito ambicioso, complementario con la banca: Penchyna <\/em><!--more--><\/p>\n<p>David Penchyna Grub, director del Infonavit, anunci\u00f3 que el pr\u00f3ximo 30 de noviembre el Instituto presentar\u00e1 el paquete crediticio para 2017, el cual, en palabras del directivo, es ambicioso y complementario con la banca. <\/p>\n<p>El titular de Infonavit se\u00f1al\u00f3 que el mercado est\u00e1 demandando m\u00e1s cr\u00e9ditos para las familias que perciben bajos ingresos. Ante este panorama, dijo, se debe desatar un programa crediticio que atienda a toda la derechohabiensa. <\/p>\n<p>\u201cQueremos ser m\u00e1s proactivos en diferentes productos crediticios. Creemos que nos podemos complementar de mejor manera con la banca, y creemos que podemos ayudar de manera m\u00e1s importante al crecimiento nacional (\u2026) Pugnar por m\u00e1s vivienda, significa impulsar crecimiento, pero sobre todo significa impulsar bienestar\u201d, destac\u00f3. <\/p>\n<p>Penchyna Grub manifest\u00f3 que las necesidades de los derechohabientes del Instituto van m\u00e1s all\u00e1 de vivienda nueva o usada, pues, dijo, tambi\u00e9n requieren cr\u00e9ditos para mejorar viviendas; adem\u00e1s, se\u00f1al\u00f3 casos como el sureste, en donde la gente tiene tierra comunal y no privada por lo que  \u201chemos explorado junto con los bancos que podemos prestar para vivienda en terrenos propios\u201d. <\/p>\n<p>Aunado a lo anterior, asegur\u00f3 que el reto para el Infonavit ser\u00e1 poner manos a la obra en el tema de vivienda en renta, pues \u201cante el nuevo milenio, los chavos que tienen una movilidad laboral mayor a la de las generaciones pasadas, nos hace ponernos y activar las pilas en ese tema\u201d. <\/p>\n<p>\u201cLo \u00fanico que les puedo adelantar es que vamos a tener un programa de cr\u00e9dito ambicioso, complementario con la banca, vamos a impulsar nuevos productos con la banca, y vamos a recuperar un espacio crediticio que el Infonavit hab\u00eda dejado de un lado y que para que complemente su f\u00f3rmula y pueda dar la mejor tasa de reemplazo, es decir los mejores resultados financieros a los derechohabientes en la subcuenta de vivienda, estamos obligados a hacerlo y confiamos en que as\u00ed va a ser\u201d, concluy\u00f3. <\/p>\n","protected":false},"excerpt":{"rendered":"<p>Vamos a tener un programa de cr\u00e9dito ambicioso, complementario con la banca: Penchyna<\/p>\n","protected":false},"author":47,"featured_media":35503,"comment_status":"open","ping_status":"closed","sticky":false,"template":"","format":"standard","meta":{"om_disable_all_campaigns":false,"inline_featured_image":false,"_monsterinsights_skip_tracking":false,"_monsterinsights_sitenote_active":false,"_monsterinsights_sitenote_note":"","_monsterinsights_sitenote_category":0,"footnotes":""},"categories":[12],"tags":[100,8775,60],"class_list":["post-42608","post","type-post","status-publish","format-standard","has-post-thumbnail","hentry","category-vivienda","tag-infonavit","tag-programa-crediticio-2017","tag-vivienda-2"],"yoast_head":"<!-- This site is optimized with the Yoast SEO plugin v27.4 - https:\/\/yoast.com\/product\/yoast-seo-wordpress\/ -->\n<title>Presentar\u00e1 Infonavit programa crediticio 2017 en noviembre -<\/title>\n<meta name=\"description\" content=\"David Penchyna Grub, director del Infonavit, anunci\u00f3 que el pr\u00f3ximo 30 de noviembre el Instituto presentar\u00e1 el paquete crediticio para 2017, el cual en palabras del directivo es ambicioso y complementario con la banca.\" \/>\n<meta name=\"robots\" content=\"index, follow, max-snippet:-1, max-image-preview:large, max-video-preview:-1\" \/>\n<link rel=\"canonical\" href=\"https:\/\/centrourbano.com\/revista\/vivienda\/presentara-infonavit-programa-crediticio-2017-en-noviembre\/\" \/>\n<meta property=\"og:locale\" content=\"es_ES\" \/>\n<meta property=\"og:type\" content=\"article\" \/>\n<meta property=\"og:title\" content=\"Presentar\u00e1 Infonavit programa crediticio 2017 en noviembre -\" \/>\n<meta property=\"og:description\" content=\"David Penchyna Grub, director del Infonavit, anunci\u00f3 que el pr\u00f3ximo 30 de noviembre el Instituto presentar\u00e1 el paquete crediticio para 2017, el cual en palabras del directivo es ambicioso y complementario con la banca.\" \/>\n<meta property=\"og:url\" content=\"https:\/\/centrourbano.com\/revista\/vivienda\/presentara-infonavit-programa-crediticio-2017-en-noviembre\/\" \/>\n<meta property=\"og:site_name\" content=\"Centro Urbano\" \/>\n<meta property=\"article:publisher\" content=\"https:\/\/www.facebook.com\/portalcentrourbano\" \/>\n<meta property=\"article:published_time\" content=\"2016-10-26T14:05:09+00:00\" \/>\n<meta property=\"article:modified_time\" content=\"2016-10-26T14:07:02+00:00\" \/>\n<meta property=\"og:image\" content=\"https:\/\/centrourbano.com\/revista\/wp-content\/uploads\/Edificio-Infonavit2-ok-1-2.jpg\" \/>\n\t<meta property=\"og:image:width\" content=\"1024\" \/>\n\t<meta property=\"og:image:height\" content=\"768\" \/>\n\t<meta property=\"og:image:type\" content=\"image\/jpeg\" \/>\n<meta name=\"author\" content=\"Edgar Rosas\" \/>\n<meta name=\"twitter:card\" content=\"summary_large_image\" \/>\n<meta name=\"twitter:creator\" content=\"@https:\/\/twitter.com\/ERosasCU?s=09\" \/>\n<meta name=\"twitter:site\" content=\"@CentroUrbano\" \/>\n<meta name=\"twitter:label1\" content=\"Escrito por\" \/>\n\t<meta name=\"twitter:data1\" content=\"Edgar Rosas\" \/>\n\t<meta name=\"twitter:label2\" content=\"Tiempo de lectura\" \/>\n\t<meta name=\"twitter:data2\" content=\"2 minutos\" \/>\n<script type=\"application\/ld+json\" class=\"yoast-schema-graph\">{\"@context\":\"https:\\\/\\\/schema.org\",\"@graph\":[{\"@type\":\"Article\",\"@id\":\"https:\\\/\\\/centrourbano.com\\\/revista\\\/vivienda\\\/presentara-infonavit-programa-crediticio-2017-en-noviembre\\\/#article\",\"isPartOf\":{\"@id\":\"https:\\\/\\\/centrourbano.com\\\/revista\\\/vivienda\\\/presentara-infonavit-programa-crediticio-2017-en-noviembre\\\/\"},\"author\":{\"name\":\"Edgar Rosas\",\"@id\":\"https:\\\/\\\/centrourbano.com\\\/revista\\\/#\\\/schema\\\/person\\\/ff3c00651ce5b1630479d2cd0c2e3ac0\"},\"headline\":\"Presentar\u00e1 Infonavit programa crediticio 2017 en noviembre\",\"datePublished\":\"2016-10-26T14:05:09+00:00\",\"dateModified\":\"2016-10-26T14:07:02+00:00\",\"mainEntityOfPage\":{\"@id\":\"https:\\\/\\\/centrourbano.com\\\/revista\\\/vivienda\\\/presentara-infonavit-programa-crediticio-2017-en-noviembre\\\/\"},\"wordCount\":345,\"commentCount\":0,\"publisher\":{\"@id\":\"https:\\\/\\\/centrourbano.com\\\/revista\\\/#organization\"},\"image\":{\"@id\":\"https:\\\/\\\/centrourbano.com\\\/revista\\\/vivienda\\\/presentara-infonavit-programa-crediticio-2017-en-noviembre\\\/#primaryimage\"},\"thumbnailUrl\":\"https:\\\/\\\/centrourbano.com\\\/revista\\\/wp-content\\\/uploads\\\/Edificio-Infonavit2-ok-1-2.jpg\",\"keywords\":[\"Infonavit\",\"programa crediticio 2017\",\"vivienda\"],\"articleSection\":[\"Vivienda\"],\"inLanguage\":\"es\",\"potentialAction\":[{\"@type\":\"CommentAction\",\"name\":\"Comment\",\"target\":[\"https:\\\/\\\/centrourbano.com\\\/revista\\\/vivienda\\\/presentara-infonavit-programa-crediticio-2017-en-noviembre\\\/#respond\"]}]},{\"@type\":\"WebPage\",\"@id\":\"https:\\\/\\\/centrourbano.com\\\/revista\\\/vivienda\\\/presentara-infonavit-programa-crediticio-2017-en-noviembre\\\/\",\"url\":\"https:\\\/\\\/centrourbano.com\\\/revista\\\/vivienda\\\/presentara-infonavit-programa-crediticio-2017-en-noviembre\\\/\",\"name\":\"Presentar\u00e1 Infonavit programa crediticio 2017 en noviembre -\",\"isPartOf\":{\"@id\":\"https:\\\/\\\/centrourbano.com\\\/revista\\\/#website\"},\"primaryImageOfPage\":{\"@id\":\"https:\\\/\\\/centrourbano.com\\\/revista\\\/vivienda\\\/presentara-infonavit-programa-crediticio-2017-en-noviembre\\\/#primaryimage\"},\"image\":{\"@id\":\"https:\\\/\\\/centrourbano.com\\\/revista\\\/vivienda\\\/presentara-infonavit-programa-crediticio-2017-en-noviembre\\\/#primaryimage\"},\"thumbnailUrl\":\"https:\\\/\\\/centrourbano.com\\\/revista\\\/wp-content\\\/uploads\\\/Edificio-Infonavit2-ok-1-2.jpg\",\"datePublished\":\"2016-10-26T14:05:09+00:00\",\"dateModified\":\"2016-10-26T14:07:02+00:00\",\"description\":\"David Penchyna Grub, director del Infonavit, anunci\u00f3 que el pr\u00f3ximo 30 de noviembre el Instituto presentar\u00e1 el paquete crediticio para 2017, el cual en palabras del directivo es ambicioso y complementario con la banca.\",\"breadcrumb\":{\"@id\":\"https:\\\/\\\/centrourbano.com\\\/revista\\\/vivienda\\\/presentara-infonavit-programa-crediticio-2017-en-noviembre\\\/#breadcrumb\"},\"inLanguage\":\"es\",\"potentialAction\":[{\"@type\":\"ReadAction\",\"target\":[\"https:\\\/\\\/centrourbano.com\\\/revista\\\/vivienda\\\/presentara-infonavit-programa-crediticio-2017-en-noviembre\\\/\"]}]},{\"@type\":\"ImageObject\",\"inLanguage\":\"es\",\"@id\":\"https:\\\/\\\/centrourbano.com\\\/revista\\\/vivienda\\\/presentara-infonavit-programa-crediticio-2017-en-noviembre\\\/#primaryimage\",\"url\":\"https:\\\/\\\/centrourbano.com\\\/revista\\\/wp-content\\\/uploads\\\/Edificio-Infonavit2-ok-1-2.jpg\",\"contentUrl\":\"https:\\\/\\\/centrourbano.com\\\/revista\\\/wp-content\\\/uploads\\\/Edificio-Infonavit2-ok-1-2.jpg\",\"width\":1024,\"height\":768,\"caption\":\"18.6 millones de trabajadores cuentan con una Relaci\u00f3n Laboral Activa (RLA) y representan el 35.1% de la Poblaci\u00f3n Econ\u00f3micamente Activa (PEA) en el Infonavit.\"},{\"@type\":\"BreadcrumbList\",\"@id\":\"https:\\\/\\\/centrourbano.com\\\/revista\\\/vivienda\\\/presentara-infonavit-programa-crediticio-2017-en-noviembre\\\/#breadcrumb\",\"itemListElement\":[{\"@type\":\"ListItem\",\"position\":1,\"name\":\"Portada\",\"item\":\"https:\\\/\\\/centrourbano.com\\\/revista\\\/\"},{\"@type\":\"ListItem\",\"position\":2,\"name\":\"Presentar\u00e1 Infonavit programa crediticio 2017 en noviembre\"}]},{\"@type\":\"WebSite\",\"@id\":\"https:\\\/\\\/centrourbano.com\\\/revista\\\/#website\",\"url\":\"https:\\\/\\\/centrourbano.com\\\/revista\\\/\",\"name\":\"Centro Urbano\",\"description\":\"Medio especializado en los sectores vivienda, inmobiliario, construcci\u00f3n, arquitectura y urbanismo.\",\"publisher\":{\"@id\":\"https:\\\/\\\/centrourbano.com\\\/revista\\\/#organization\"},\"potentialAction\":[{\"@type\":\"SearchAction\",\"target\":{\"@type\":\"EntryPoint\",\"urlTemplate\":\"https:\\\/\\\/centrourbano.com\\\/revista\\\/?s={search_term_string}\"},\"query-input\":{\"@type\":\"PropertyValueSpecification\",\"valueRequired\":true,\"valueName\":\"search_term_string\"}}],\"inLanguage\":\"es\"},{\"@type\":\"Organization\",\"@id\":\"https:\\\/\\\/centrourbano.com\\\/revista\\\/#organization\",\"name\":\"Centro Urbano\",\"url\":\"https:\\\/\\\/centrourbano.com\\\/revista\\\/\",\"logo\":{\"@type\":\"ImageObject\",\"inLanguage\":\"es\",\"@id\":\"https:\\\/\\\/centrourbano.com\\\/revista\\\/#\\\/schema\\\/logo\\\/image\\\/\",\"url\":\"https:\\\/\\\/centrourbano.com\\\/revista\\\/wp-content\\\/uploads\\\/web_CU_logo-1.png\",\"contentUrl\":\"https:\\\/\\\/centrourbano.com\\\/revista\\\/wp-content\\\/uploads\\\/web_CU_logo-1.png\",\"width\":350,\"height\":91,\"caption\":\"Centro Urbano\"},\"image\":{\"@id\":\"https:\\\/\\\/centrourbano.com\\\/revista\\\/#\\\/schema\\\/logo\\\/image\\\/\"},\"sameAs\":[\"https:\\\/\\\/www.facebook.com\\\/portalcentrourbano\",\"https:\\\/\\\/x.com\\\/CentroUrbano\",\"https:\\\/\\\/www.instagram.com\\\/centro_urbano\\\/\",\"https:\\\/\\\/www.linkedin.com\\\/company\\\/centro-urbano\\\/\",\"http:\\\/\\\/www.youtube.com\\\/user\\\/portalcentrourbano\"]},{\"@type\":\"Person\",\"@id\":\"https:\\\/\\\/centrourbano.com\\\/revista\\\/#\\\/schema\\\/person\\\/ff3c00651ce5b1630479d2cd0c2e3ac0\",\"name\":\"Edgar Rosas\",\"image\":{\"@type\":\"ImageObject\",\"inLanguage\":\"es\",\"@id\":\"https:\\\/\\\/secure.gravatar.com\\\/avatar\\\/94440c4283495211faa5300bf85e80061036b83fced868c3783aa1310b350d9c?s=96&d=mm&r=g\",\"url\":\"https:\\\/\\\/secure.gravatar.com\\\/avatar\\\/94440c4283495211faa5300bf85e80061036b83fced868c3783aa1310b350d9c?s=96&d=mm&r=g\",\"contentUrl\":\"https:\\\/\\\/secure.gravatar.com\\\/avatar\\\/94440c4283495211faa5300bf85e80061036b83fced868c3783aa1310b350d9c?s=96&d=mm&r=g\",\"caption\":\"Edgar Rosas\"},\"description\":\"Editor en Jefe de Centro Urbano. Egresado de la maestr\u00eda en Periodismo Pol\u00edtico de la Escuela de Periodismo Carlos Septi\u00e9n Garc\u00eda (EPCSG). Estudi\u00f3 la licenciatura en Comunicaci\u00f3n en la Universidad Mexicana. Amante de la cr\u00f3nica y el reportaje. Admirador de Vicente Le\u00f1ero y Miguel \u00c1ngel Granados Chapa.\",\"sameAs\":[\"https:\\\/\\\/x.com\\\/https:\\\/\\\/twitter.com\\\/ERosasCU?s=09\"],\"url\":\"https:\\\/\\\/centrourbano.com\\\/revista\\\/author\\\/edgar-rosas\\\/\"}]}<\/script>\n<!-- \/ Yoast SEO plugin. -->","yoast_head_json":{"title":"Presentar\u00e1 Infonavit programa crediticio 2017 en noviembre -","description":"David Penchyna Grub, director del Infonavit, anunci\u00f3 que el pr\u00f3ximo 30 de noviembre el Instituto presentar\u00e1 el paquete crediticio para 2017, el cual en palabras del directivo es ambicioso y complementario con la banca.","robots":{"index":"index","follow":"follow","max-snippet":"max-snippet:-1","max-image-preview":"max-image-preview:large","max-video-preview":"max-video-preview:-1"},"canonical":"https:\/\/centrourbano.com\/revista\/vivienda\/presentara-infonavit-programa-crediticio-2017-en-noviembre\/","og_locale":"es_ES","og_type":"article","og_title":"Presentar\u00e1 Infonavit programa crediticio 2017 en noviembre -","og_description":"David Penchyna Grub, director del Infonavit, anunci\u00f3 que el pr\u00f3ximo 30 de noviembre el Instituto presentar\u00e1 el paquete crediticio para 2017, el cual en palabras del directivo es ambicioso y complementario con la banca.","og_url":"https:\/\/centrourbano.com\/revista\/vivienda\/presentara-infonavit-programa-crediticio-2017-en-noviembre\/","og_site_name":"Centro Urbano","article_publisher":"https:\/\/www.facebook.com\/portalcentrourbano","article_published_time":"2016-10-26T14:05:09+00:00","article_modified_time":"2016-10-26T14:07:02+00:00","og_image":[{"width":1024,"height":768,"url":"https:\/\/centrourbano.com\/revista\/wp-content\/uploads\/Edificio-Infonavit2-ok-1-2.jpg","type":"image\/jpeg"}],"author":"Edgar Rosas","twitter_card":"summary_large_image","twitter_creator":"@https:\/\/twitter.com\/ERosasCU?s=09","twitter_site":"@CentroUrbano","twitter_misc":{"Escrito por":"Edgar Rosas","Tiempo de lectura":"2 minutos"},"schema":{"@context":"https:\/\/schema.org","@graph":[{"@type":"Article","@id":"https:\/\/centrourbano.com\/revista\/vivienda\/presentara-infonavit-programa-crediticio-2017-en-noviembre\/#article","isPartOf":{"@id":"https:\/\/centrourbano.com\/revista\/vivienda\/presentara-infonavit-programa-crediticio-2017-en-noviembre\/"},"author":{"name":"Edgar Rosas","@id":"https:\/\/centrourbano.com\/revista\/#\/schema\/person\/ff3c00651ce5b1630479d2cd0c2e3ac0"},"headline":"Presentar\u00e1 Infonavit programa crediticio 2017 en noviembre","datePublished":"2016-10-26T14:05:09+00:00","dateModified":"2016-10-26T14:07:02+00:00","mainEntityOfPage":{"@id":"https:\/\/centrourbano.com\/revista\/vivienda\/presentara-infonavit-programa-crediticio-2017-en-noviembre\/"},"wordCount":345,"commentCount":0,"publisher":{"@id":"https:\/\/centrourbano.com\/revista\/#organization"},"image":{"@id":"https:\/\/centrourbano.com\/revista\/vivienda\/presentara-infonavit-programa-crediticio-2017-en-noviembre\/#primaryimage"},"thumbnailUrl":"https:\/\/centrourbano.com\/revista\/wp-content\/uploads\/Edificio-Infonavit2-ok-1-2.jpg","keywords":["Infonavit","programa crediticio 2017","vivienda"],"articleSection":["Vivienda"],"inLanguage":"es","potentialAction":[{"@type":"CommentAction","name":"Comment","target":["https:\/\/centrourbano.com\/revista\/vivienda\/presentara-infonavit-programa-crediticio-2017-en-noviembre\/#respond"]}]},{"@type":"WebPage","@id":"https:\/\/centrourbano.com\/revista\/vivienda\/presentara-infonavit-programa-crediticio-2017-en-noviembre\/","url":"https:\/\/centrourbano.com\/revista\/vivienda\/presentara-infonavit-programa-crediticio-2017-en-noviembre\/","name":"Presentar\u00e1 Infonavit programa crediticio 2017 en noviembre -","isPartOf":{"@id":"https:\/\/centrourbano.com\/revista\/#website"},"primaryImageOfPage":{"@id":"https:\/\/centrourbano.com\/revista\/vivienda\/presentara-infonavit-programa-crediticio-2017-en-noviembre\/#primaryimage"},"image":{"@id":"https:\/\/centrourbano.com\/revista\/vivienda\/presentara-infonavit-programa-crediticio-2017-en-noviembre\/#primaryimage"},"thumbnailUrl":"https:\/\/centrourbano.com\/revista\/wp-content\/uploads\/Edificio-Infonavit2-ok-1-2.jpg","datePublished":"2016-10-26T14:05:09+00:00","dateModified":"2016-10-26T14:07:02+00:00","description":"David Penchyna Grub, director del Infonavit, anunci\u00f3 que el pr\u00f3ximo 30 de noviembre el Instituto presentar\u00e1 el paquete crediticio para 2017, el cual en palabras del directivo es ambicioso y complementario con la banca.","breadcrumb":{"@id":"https:\/\/centrourbano.com\/revista\/vivienda\/presentara-infonavit-programa-crediticio-2017-en-noviembre\/#breadcrumb"},"inLanguage":"es","potentialAction":[{"@type":"ReadAction","target":["https:\/\/centrourbano.com\/revista\/vivienda\/presentara-infonavit-programa-crediticio-2017-en-noviembre\/"]}]},{"@type":"ImageObject","inLanguage":"es","@id":"https:\/\/centrourbano.com\/revista\/vivienda\/presentara-infonavit-programa-crediticio-2017-en-noviembre\/#primaryimage","url":"https:\/\/centrourbano.com\/revista\/wp-content\/uploads\/Edificio-Infonavit2-ok-1-2.jpg","contentUrl":"https:\/\/centrourbano.com\/revista\/wp-content\/uploads\/Edificio-Infonavit2-ok-1-2.jpg","width":1024,"height":768,"caption":"18.6 millones de trabajadores cuentan con una Relaci\u00f3n Laboral Activa (RLA) y representan el 35.1% de la Poblaci\u00f3n Econ\u00f3micamente Activa (PEA) en el Infonavit."},{"@type":"BreadcrumbList","@id":"https:\/\/centrourbano.com\/revista\/vivienda\/presentara-infonavit-programa-crediticio-2017-en-noviembre\/#breadcrumb","itemListElement":[{"@type":"ListItem","position":1,"name":"Portada","item":"https:\/\/centrourbano.com\/revista\/"},{"@type":"ListItem","position":2,"name":"Presentar\u00e1 Infonavit programa crediticio 2017 en noviembre"}]},{"@type":"WebSite","@id":"https:\/\/centrourbano.com\/revista\/#website","url":"https:\/\/centrourbano.com\/revista\/","name":"Centro Urbano","description":"Medio especializado en los sectores vivienda, inmobiliario, construcci\u00f3n, arquitectura y urbanismo.","publisher":{"@id":"https:\/\/centrourbano.com\/revista\/#organization"},"potentialAction":[{"@type":"SearchAction","target":{"@type":"EntryPoint","urlTemplate":"https:\/\/centrourbano.com\/revista\/?s={search_term_string}"},"query-input":{"@type":"PropertyValueSpecification","valueRequired":true,"valueName":"search_term_string"}}],"inLanguage":"es"},{"@type":"Organization","@id":"https:\/\/centrourbano.com\/revista\/#organization","name":"Centro Urbano","url":"https:\/\/centrourbano.com\/revista\/","logo":{"@type":"ImageObject","inLanguage":"es","@id":"https:\/\/centrourbano.com\/revista\/#\/schema\/logo\/image\/","url":"https:\/\/centrourbano.com\/revista\/wp-content\/uploads\/web_CU_logo-1.png","contentUrl":"https:\/\/centrourbano.com\/revista\/wp-content\/uploads\/web_CU_logo-1.png","width":350,"height":91,"caption":"Centro Urbano"},"image":{"@id":"https:\/\/centrourbano.com\/revista\/#\/schema\/logo\/image\/"},"sameAs":["https:\/\/www.facebook.com\/portalcentrourbano","https:\/\/x.com\/CentroUrbano","https:\/\/www.instagram.com\/centro_urbano\/","https:\/\/www.linkedin.com\/company\/centro-urbano\/","http:\/\/www.youtube.com\/user\/portalcentrourbano"]},{"@type":"Person","@id":"https:\/\/centrourbano.com\/revista\/#\/schema\/person\/ff3c00651ce5b1630479d2cd0c2e3ac0","name":"Edgar Rosas","image":{"@type":"ImageObject","inLanguage":"es","@id":"https:\/\/secure.gravatar.com\/avatar\/94440c4283495211faa5300bf85e80061036b83fced868c3783aa1310b350d9c?s=96&d=mm&r=g","url":"https:\/\/secure.gravatar.com\/avatar\/94440c4283495211faa5300bf85e80061036b83fced868c3783aa1310b350d9c?s=96&d=mm&r=g","contentUrl":"https:\/\/secure.gravatar.com\/avatar\/94440c4283495211faa5300bf85e80061036b83fced868c3783aa1310b350d9c?s=96&d=mm&r=g","caption":"Edgar Rosas"},"description":"Editor en Jefe de Centro Urbano. Egresado de la maestr\u00eda en Periodismo Pol\u00edtico de la Escuela de Periodismo Carlos Septi\u00e9n Garc\u00eda (EPCSG). Estudi\u00f3 la licenciatura en Comunicaci\u00f3n en la Universidad Mexicana. Amante de la cr\u00f3nica y el reportaje. Admirador de Vicente Le\u00f1ero y Miguel \u00c1ngel Granados Chapa.","sameAs":["https:\/\/x.com\/https:\/\/twitter.com\/ERosasCU?s=09"],"url":"https:\/\/centrourbano.com\/revista\/author\/edgar-rosas\/"}]}},"_links":{"self":[{"href":"https:\/\/centrourbano.com\/revista\/wp-json\/wp\/v2\/posts\/42608","targetHints":{"allow":["GET"]}}],"collection":[{"href":"https:\/\/centrourbano.com\/revista\/wp-json\/wp\/v2\/posts"}],"about":[{"href":"https:\/\/centrourbano.com\/revista\/wp-json\/wp\/v2\/types\/post"}],"author":[{"embeddable":true,"href":"https:\/\/centrourbano.com\/revista\/wp-json\/wp\/v2\/users\/47"}],"replies":[{"embeddable":true,"href":"https:\/\/centrourbano.com\/revista\/wp-json\/wp\/v2\/comments?post=42608"}],"version-history":[{"count":0,"href":"https:\/\/centrourbano.com\/revista\/wp-json\/wp\/v2\/posts\/42608\/revisions"}],"wp:featuredmedia":[{"embeddable":true,"href":"https:\/\/centrourbano.com\/revista\/wp-json\/wp\/v2\/media\/35503"}],"wp:attachment":[{"href":"https:\/\/centrourbano.com\/revista\/wp-json\/wp\/v2\/media?parent=42608"}],"wp:term":[{"taxonomy":"category","embeddable":true,"href":"https:\/\/centrourbano.com\/revista\/wp-json\/wp\/v2\/categories?post=42608"},{"taxonomy":"post_tag","embeddable":true,"href":"https:\/\/centrourbano.com\/revista\/wp-json\/wp\/v2\/tags?post=42608"}],"curies":[{"name":"wp","href":"https:\/\/api.w.org\/{rel}","templated":true}]}}