{"id":42382,"date":"2016-10-21T10:19:39","date_gmt":"2016-10-21T15:19:39","guid":{"rendered":"https:\/\/centrourbano.com\/?p=42382"},"modified":"2016-10-21T10:22:27","modified_gmt":"2016-10-21T15:22:27","slug":"derecho-la-ciudad-aportacion-mexico-la-nueva-agenda-urbana","status":"publish","type":"post","link":"https:\/\/centrourbano.com\/revista\/historico\/habitat\/derecho-la-ciudad-aportacion-mexico-la-nueva-agenda-urbana\/","title":{"rendered":"Derecho a la Ciudad, aportaci\u00f3n de M\u00e9xico en la Nueva Agenda Urbana"},"content":{"rendered":"<p><em>En la ceremonia de clausura de Habitat III, la Sedatu se\u00f1al\u00f3 que M\u00e9xico lleg\u00f3 a la Conferencia con grandes avances en la materia <\/em><!--more--><\/p>\n<p>M\u00e9xico lleg\u00f3 bien preparado a la Conferencia de Naciones Unidas sobre Vivienda y Desarrollo Urbano Sustentable <em>H\u00e1bitat III<\/em>, lo que permiti\u00f3 que una de las principales aportaciones del pa\u00eds en la Nueva Agenda Urbana sea el Derecho a la ciudad. <\/p>\n<p>As\u00ed lo manifest\u00f3 Enrique Gonz\u00e1les Tiburcio, subsecretario de Ordenamiento Territorial de la Secretaria de Desarrollo Agrario, Territorial y Urbano (Sedatu) al participar en la ceremonia de clausura de este evento convocado por la Organizaci\u00f3n de las Naciones Unidas (ONU). <\/p>\n<p>En representaci\u00f3n de la titular de Sedatu, Rosario Robles Berlanga, el funcionario mexicano subray\u00f3 que M\u00e9xico lleg\u00f3 con avances importantes a la Conferencia, entre ellos, la aprobaci\u00f3n de la Ley de Asentamientos Humanos, una secretar\u00eda que ha coordinado los trabajos en la materia, as\u00ed como \u201cindicadores muy claros de c\u00f3mo darle seguimiento a los contenidos de esta Nueva Agenda Urbana\u201d.  <\/p>\n<p>Enrique Ort\u00edz, presidente de Habitat International Coalition, reconci\u00f3 la labor de M\u00e9xico de cara a Habitat III. Se\u00f1al\u00f3 que el pa\u00eds logr\u00f3 hacer mucha promoci\u00f3n en cuanto a su posici\u00f3n en la Conferencia.<\/p>\n<p>\u201cEl Derecho a la Ciudad se logr\u00f3 gracias al trabajo de M\u00e9xico, que es no s\u00f3lo el Art\u00edculo 11 sino el 12 y el 13 que definen el Derecho a la Ciudad, y con eso se puede trabajar\u201d, expuso. <\/p>\n<p><strong>Una Nueva Agenda Urbana <\/strong><\/p>\n<p>De los trabajos realizados en la Conferencia de Naciones Unidas sobre Vivienda y Desarrollo Urbano Sustentable <em>H\u00e1bitat III<\/em>, se tuvo como resultado la firma de la Declaraci\u00f3n de Quito, documento en el que se incorporaron los 193 pa\u00edses que asistieron al evento y que contempla la Nueva Agenda Urbana. <\/p>\n<p>El acuerdo, que se coloca como las directriz del desarrollo urbano para los pr\u00f3ximos a\u00f1os, consta de 175 puntos, entre los cuales se destaca el Derecho a la Ciudad. <\/p>\n<p>Las naciones que aprobaron la Nueva Agenda Urbana coincidieron en hacer del urbanismo el principal motor del desarrollo. En este sentido, el presidente de Ecuador, Rafael Correa, calific\u00f3 a los acuerdos alcanzados como \u201cla hoja de ruta\u00bb del desarrollo urbano mundial para las pr\u00f3ximas dos d\u00e9cadas. <\/p>\n<p>Entre los lineamientos pactados por los pa\u00edses se encuentran: el combate a la especulaci\u00f3n con los precios de la tierra; adem\u00e1s que se privilegia el crecimiento planificado de las naciones y la Accesibilidad Universal en beneficio de las personas con discapacidad o limitaciones f\u00edsicas.<\/p>\n<p>Aunado a lo anterior, la Declaraci\u00f3n de Quito llama a poner \u00e9nfasis en el desarrollo de econ\u00f3micas urbanas s\u00f3lidas, en armon\u00eda con el medio ambiente. Tambi\u00e9n se posiciona por eliminar la pobreza y el hambre en todas sus formas y dimensiones; as\u00ed como alcanzar la equidad de g\u00e9nero y el empoderamiento de todas las mujeres y ni\u00f1as. <\/p>\n","protected":false},"excerpt":{"rendered":"<p>En la ceremonia de clausura de Habitat III, la Sedatu se\u00f1al\u00f3 que M\u00e9xico lleg\u00f3 a la Conferencia con grandes avances en la materia<\/p>\n","protected":false},"author":77,"featured_media":42383,"comment_status":"open","ping_status":"closed","sticky":false,"template":"","format":"standard","meta":{"inline_featured_image":false,"footnotes":""},"categories":[8668],"tags":[4121,8740,7888,6378,4819,334,8322,2215,105],"class_list":["post-42382","post","type-post","status-publish","format-standard","has-post-thumbnail","hentry","category-habitat","tag-clausura","tag-declaracion-de-quito","tag-derecho-a-la-ciudad","tag-enrique-gonzalez-tiburcio","tag-habitat-iii","tag-mexico","tag-nueva-agenda-urbana","tag-onu","tag-sedatu"],"yoast_head":"<!-- This site is optimized with the Yoast SEO plugin v28.4 - https:\/\/yoast.com\/product\/yoast-seo-wordpress\/ -->\n<title>Derecho a la Ciudad, aportaci\u00f3n de M\u00e9xico en la Nueva Agenda Urbana -<\/title>\n<meta name=\"description\" content=\"M\u00e9xico lleg\u00f3 bien preparado a la Conferencia de Naciones Unidas sobre Vivienda y Desarrollo Urbano Sustentable H\u00e1bitat III, lo que permiti\u00f3 que una de las principales aportaciones del pa\u00eds en la Nueva agenda Urbana sea el Derecho a la ciudad.\" \/>\n<meta name=\"robots\" content=\"index, follow, max-snippet:-1, max-image-preview:large, max-video-preview:-1\" \/>\n<link rel=\"canonical\" href=\"https:\/\/centrourbano.com\/revista\/historico\/habitat\/derecho-la-ciudad-aportacion-mexico-la-nueva-agenda-urbana\/\" \/>\n<meta property=\"og:locale\" content=\"es_ES\" \/>\n<meta property=\"og:type\" content=\"article\" \/>\n<meta property=\"og:title\" content=\"Derecho a la Ciudad, aportaci\u00f3n de M\u00e9xico en la Nueva Agenda Urbana -\" \/>\n<meta property=\"og:description\" content=\"M\u00e9xico lleg\u00f3 bien preparado a la Conferencia de Naciones Unidas sobre Vivienda y Desarrollo Urbano Sustentable H\u00e1bitat III, lo que permiti\u00f3 que una de las principales aportaciones del pa\u00eds en la Nueva agenda Urbana sea el Derecho a la ciudad.\" \/>\n<meta property=\"og:url\" content=\"https:\/\/centrourbano.com\/revista\/historico\/habitat\/derecho-la-ciudad-aportacion-mexico-la-nueva-agenda-urbana\/\" \/>\n<meta property=\"og:site_name\" content=\"Centro Urbano\" \/>\n<meta property=\"article:publisher\" content=\"https:\/\/www.facebook.com\/portalcentrourbano\" \/>\n<meta property=\"article:published_time\" content=\"2016-10-21T15:19:39+00:00\" \/>\n<meta property=\"article:modified_time\" content=\"2016-10-21T15:22:27+00:00\" \/>\n<meta property=\"og:image\" content=\"https:\/\/centrourbano.com\/revista\/wp-content\/uploads\/2016-10-21-PHOTO-00000417.jpg\" \/>\n\t<meta property=\"og:image:width\" content=\"1280\" \/>\n\t<meta property=\"og:image:height\" content=\"960\" \/>\n\t<meta property=\"og:image:type\" content=\"image\/jpeg\" \/>\n<meta name=\"author\" content=\"G4A\" \/>\n<meta name=\"twitter:card\" content=\"summary_large_image\" \/>\n<meta name=\"twitter:creator\" content=\"@CentroUrbano\" \/>\n<meta name=\"twitter:site\" content=\"@CentroUrbano\" \/>\n<meta name=\"twitter:label1\" content=\"Escrito por\" \/>\n\t<meta name=\"twitter:data1\" content=\"G4A\" \/>\n\t<meta name=\"twitter:label2\" content=\"Tiempo de lectura\" \/>\n\t<meta name=\"twitter:data2\" content=\"2 minutos\" \/>\n<script type=\"application\/ld+json\" class=\"yoast-schema-graph\">{\"@context\":\"https:\\\/\\\/schema.org\",\"@graph\":[{\"@type\":\"Article\",\"@id\":\"https:\\\/\\\/centrourbano.com\\\/revista\\\/historico\\\/habitat\\\/derecho-la-ciudad-aportacion-mexico-la-nueva-agenda-urbana\\\/#article\",\"isPartOf\":{\"@id\":\"https:\\\/\\\/centrourbano.com\\\/revista\\\/historico\\\/habitat\\\/derecho-la-ciudad-aportacion-mexico-la-nueva-agenda-urbana\\\/\"},\"author\":{\"name\":\"G4A\",\"@id\":\"https:\\\/\\\/centrourbano.com\\\/revista\\\/#\\\/schema\\\/person\\\/370fa0ba2d8dd5bde3fdb8b62ad360aa\"},\"headline\":\"Derecho a la Ciudad, aportaci\u00f3n de M\u00e9xico en la Nueva Agenda Urbana\",\"datePublished\":\"2016-10-21T15:19:39+00:00\",\"dateModified\":\"2016-10-21T15:22:27+00:00\",\"mainEntityOfPage\":{\"@id\":\"https:\\\/\\\/centrourbano.com\\\/revista\\\/historico\\\/habitat\\\/derecho-la-ciudad-aportacion-mexico-la-nueva-agenda-urbana\\\/\"},\"wordCount\":511,\"commentCount\":0,\"publisher\":{\"@id\":\"https:\\\/\\\/centrourbano.com\\\/revista\\\/#organization\"},\"image\":{\"@id\":\"https:\\\/\\\/centrourbano.com\\\/revista\\\/historico\\\/habitat\\\/derecho-la-ciudad-aportacion-mexico-la-nueva-agenda-urbana\\\/#primaryimage\"},\"thumbnailUrl\":\"https:\\\/\\\/centrourbano.com\\\/revista\\\/wp-content\\\/uploads\\\/2016-10-21-PHOTO-00000417.jpg\",\"keywords\":[\"clausura\",\"Declaraci\u00f3n de Quito\",\"Derecho a la Ciudad\",\"Enrique Gonz\u00e1lez Tiburcio\",\"H\u00e1bitat III\",\"M\u00e9xico\",\"Nueva Agenda Urbana\",\"ONU\",\"Sedatu\"],\"articleSection\":[\"Habitat III\"],\"inLanguage\":\"es\"},{\"@type\":\"WebPage\",\"@id\":\"https:\\\/\\\/centrourbano.com\\\/revista\\\/historico\\\/habitat\\\/derecho-la-ciudad-aportacion-mexico-la-nueva-agenda-urbana\\\/\",\"url\":\"https:\\\/\\\/centrourbano.com\\\/revista\\\/historico\\\/habitat\\\/derecho-la-ciudad-aportacion-mexico-la-nueva-agenda-urbana\\\/\",\"name\":\"Derecho a la Ciudad, aportaci\u00f3n de M\u00e9xico en la Nueva Agenda Urbana -\",\"isPartOf\":{\"@id\":\"https:\\\/\\\/centrourbano.com\\\/revista\\\/#website\"},\"primaryImageOfPage\":{\"@id\":\"https:\\\/\\\/centrourbano.com\\\/revista\\\/historico\\\/habitat\\\/derecho-la-ciudad-aportacion-mexico-la-nueva-agenda-urbana\\\/#primaryimage\"},\"image\":{\"@id\":\"https:\\\/\\\/centrourbano.com\\\/revista\\\/historico\\\/habitat\\\/derecho-la-ciudad-aportacion-mexico-la-nueva-agenda-urbana\\\/#primaryimage\"},\"thumbnailUrl\":\"https:\\\/\\\/centrourbano.com\\\/revista\\\/wp-content\\\/uploads\\\/2016-10-21-PHOTO-00000417.jpg\",\"datePublished\":\"2016-10-21T15:19:39+00:00\",\"dateModified\":\"2016-10-21T15:22:27+00:00\",\"description\":\"M\u00e9xico lleg\u00f3 bien preparado a la Conferencia de Naciones Unidas sobre Vivienda y Desarrollo Urbano Sustentable H\u00e1bitat III, lo que permiti\u00f3 que una de las principales aportaciones del pa\u00eds en la Nueva agenda Urbana sea el Derecho a la ciudad.\",\"breadcrumb\":{\"@id\":\"https:\\\/\\\/centrourbano.com\\\/revista\\\/historico\\\/habitat\\\/derecho-la-ciudad-aportacion-mexico-la-nueva-agenda-urbana\\\/#breadcrumb\"},\"inLanguage\":\"es\",\"potentialAction\":[{\"@type\":\"ReadAction\",\"target\":[\"https:\\\/\\\/centrourbano.com\\\/revista\\\/historico\\\/habitat\\\/derecho-la-ciudad-aportacion-mexico-la-nueva-agenda-urbana\\\/\"]}]},{\"@type\":\"ImageObject\",\"inLanguage\":\"es\",\"@id\":\"https:\\\/\\\/centrourbano.com\\\/revista\\\/historico\\\/habitat\\\/derecho-la-ciudad-aportacion-mexico-la-nueva-agenda-urbana\\\/#primaryimage\",\"url\":\"https:\\\/\\\/centrourbano.com\\\/revista\\\/wp-content\\\/uploads\\\/2016-10-21-PHOTO-00000417.jpg\",\"contentUrl\":\"https:\\\/\\\/centrourbano.com\\\/revista\\\/wp-content\\\/uploads\\\/2016-10-21-PHOTO-00000417.jpg\",\"width\":1280,\"height\":960,\"caption\":\"Derecho a la Ciudad, aportaci\u00f3n de M\u00e9xico en la Nueva Agenda Urbana\"},{\"@type\":\"BreadcrumbList\",\"@id\":\"https:\\\/\\\/centrourbano.com\\\/revista\\\/historico\\\/habitat\\\/derecho-la-ciudad-aportacion-mexico-la-nueva-agenda-urbana\\\/#breadcrumb\",\"itemListElement\":[{\"@type\":\"ListItem\",\"position\":1,\"name\":\"Portada\",\"item\":\"https:\\\/\\\/centrourbano.com\\\/revista\\\/\"},{\"@type\":\"ListItem\",\"position\":2,\"name\":\"Derecho a la Ciudad, aportaci\u00f3n de M\u00e9xico en la Nueva Agenda Urbana\"}]},{\"@type\":\"WebSite\",\"@id\":\"https:\\\/\\\/centrourbano.com\\\/revista\\\/#website\",\"url\":\"https:\\\/\\\/centrourbano.com\\\/revista\\\/\",\"name\":\"Centro Urbano\",\"description\":\"Medio especializado en los sectores vivienda, inmobiliario, construcci\u00f3n, arquitectura y urbanismo.\",\"publisher\":{\"@id\":\"https:\\\/\\\/centrourbano.com\\\/revista\\\/#organization\"},\"potentialAction\":[{\"@type\":\"SearchAction\",\"target\":{\"@type\":\"EntryPoint\",\"urlTemplate\":\"https:\\\/\\\/centrourbano.com\\\/revista\\\/?s={search_term_string}\"},\"query-input\":{\"@type\":\"PropertyValueSpecification\",\"valueRequired\":true,\"valueName\":\"search_term_string\"}}],\"inLanguage\":\"es\"},{\"@type\":\"Organization\",\"@id\":\"https:\\\/\\\/centrourbano.com\\\/revista\\\/#organization\",\"name\":\"Centro Urbano\",\"url\":\"https:\\\/\\\/centrourbano.com\\\/revista\\\/\",\"logo\":{\"@type\":\"ImageObject\",\"inLanguage\":\"es\",\"@id\":\"https:\\\/\\\/centrourbano.com\\\/revista\\\/#\\\/schema\\\/logo\\\/image\\\/\",\"url\":\"https:\\\/\\\/centrourbano.com\\\/revista\\\/wp-content\\\/uploads\\\/web_CU_logo-1.png\",\"contentUrl\":\"https:\\\/\\\/centrourbano.com\\\/revista\\\/wp-content\\\/uploads\\\/web_CU_logo-1.png\",\"width\":350,\"height\":91,\"caption\":\"Centro Urbano\"},\"image\":{\"@id\":\"https:\\\/\\\/centrourbano.com\\\/revista\\\/#\\\/schema\\\/logo\\\/image\\\/\"},\"sameAs\":[\"https:\\\/\\\/www.facebook.com\\\/portalcentrourbano\",\"https:\\\/\\\/x.com\\\/CentroUrbano\",\"https:\\\/\\\/www.instagram.com\\\/centro_urbano\\\/\",\"https:\\\/\\\/www.linkedin.com\\\/company\\\/centro-urbano\\\/\",\"http:\\\/\\\/www.youtube.com\\\/user\\\/portalcentrourbano\"]},{\"@type\":\"Person\",\"@id\":\"https:\\\/\\\/centrourbano.com\\\/revista\\\/#\\\/schema\\\/person\\\/370fa0ba2d8dd5bde3fdb8b62ad360aa\",\"name\":\"G4A\",\"image\":{\"@type\":\"ImageObject\",\"inLanguage\":\"es\",\"@id\":\"https:\\\/\\\/secure.gravatar.com\\\/avatar\\\/932a97121b13d5de5bbd8193c6c83d3b92c9eda0f39623607d4280e7a5778d97?s=96&d=mm&r=g\",\"url\":\"https:\\\/\\\/secure.gravatar.com\\\/avatar\\\/932a97121b13d5de5bbd8193c6c83d3b92c9eda0f39623607d4280e7a5778d97?s=96&d=mm&r=g\",\"contentUrl\":\"https:\\\/\\\/secure.gravatar.com\\\/avatar\\\/932a97121b13d5de5bbd8193c6c83d3b92c9eda0f39623607d4280e7a5778d97?s=96&d=mm&r=g\",\"caption\":\"G4A\"},\"url\":\"https:\\\/\\\/centrourbano.com\\\/revista\\\/author\\\/admin-g4a\\\/\"}]}<\/script>\n<!-- \/ Yoast SEO plugin. -->","yoast_head_json":{"title":"Derecho a la Ciudad, aportaci\u00f3n de M\u00e9xico en la Nueva Agenda Urbana -","description":"M\u00e9xico lleg\u00f3 bien preparado a la Conferencia de Naciones Unidas sobre Vivienda y Desarrollo Urbano Sustentable H\u00e1bitat III, lo que permiti\u00f3 que una de las principales aportaciones del pa\u00eds en la Nueva agenda Urbana sea el Derecho a la ciudad.","robots":{"index":"index","follow":"follow","max-snippet":"max-snippet:-1","max-image-preview":"max-image-preview:large","max-video-preview":"max-video-preview:-1"},"canonical":"https:\/\/centrourbano.com\/revista\/historico\/habitat\/derecho-la-ciudad-aportacion-mexico-la-nueva-agenda-urbana\/","og_locale":"es_ES","og_type":"article","og_title":"Derecho a la Ciudad, aportaci\u00f3n de M\u00e9xico en la Nueva Agenda Urbana -","og_description":"M\u00e9xico lleg\u00f3 bien preparado a la Conferencia de Naciones Unidas sobre Vivienda y Desarrollo Urbano Sustentable H\u00e1bitat III, lo que permiti\u00f3 que una de las principales aportaciones del pa\u00eds en la Nueva agenda Urbana sea el Derecho a la ciudad.","og_url":"https:\/\/centrourbano.com\/revista\/historico\/habitat\/derecho-la-ciudad-aportacion-mexico-la-nueva-agenda-urbana\/","og_site_name":"Centro Urbano","article_publisher":"https:\/\/www.facebook.com\/portalcentrourbano","article_published_time":"2016-10-21T15:19:39+00:00","article_modified_time":"2016-10-21T15:22:27+00:00","og_image":[{"width":1280,"height":960,"url":"https:\/\/centrourbano.com\/revista\/wp-content\/uploads\/2016-10-21-PHOTO-00000417.jpg","type":"image\/jpeg"}],"author":"G4A","twitter_card":"summary_large_image","twitter_creator":"@CentroUrbano","twitter_site":"@CentroUrbano","twitter_misc":{"Escrito por":"G4A","Tiempo de lectura":"2 minutos"},"schema":{"@context":"https:\/\/schema.org","@graph":[{"@type":"Article","@id":"https:\/\/centrourbano.com\/revista\/historico\/habitat\/derecho-la-ciudad-aportacion-mexico-la-nueva-agenda-urbana\/#article","isPartOf":{"@id":"https:\/\/centrourbano.com\/revista\/historico\/habitat\/derecho-la-ciudad-aportacion-mexico-la-nueva-agenda-urbana\/"},"author":{"name":"G4A","@id":"https:\/\/centrourbano.com\/revista\/#\/schema\/person\/370fa0ba2d8dd5bde3fdb8b62ad360aa"},"headline":"Derecho a la Ciudad, aportaci\u00f3n de M\u00e9xico en la Nueva Agenda Urbana","datePublished":"2016-10-21T15:19:39+00:00","dateModified":"2016-10-21T15:22:27+00:00","mainEntityOfPage":{"@id":"https:\/\/centrourbano.com\/revista\/historico\/habitat\/derecho-la-ciudad-aportacion-mexico-la-nueva-agenda-urbana\/"},"wordCount":511,"commentCount":0,"publisher":{"@id":"https:\/\/centrourbano.com\/revista\/#organization"},"image":{"@id":"https:\/\/centrourbano.com\/revista\/historico\/habitat\/derecho-la-ciudad-aportacion-mexico-la-nueva-agenda-urbana\/#primaryimage"},"thumbnailUrl":"https:\/\/centrourbano.com\/revista\/wp-content\/uploads\/2016-10-21-PHOTO-00000417.jpg","keywords":["clausura","Declaraci\u00f3n de Quito","Derecho a la Ciudad","Enrique Gonz\u00e1lez Tiburcio","H\u00e1bitat III","M\u00e9xico","Nueva Agenda Urbana","ONU","Sedatu"],"articleSection":["Habitat III"],"inLanguage":"es"},{"@type":"WebPage","@id":"https:\/\/centrourbano.com\/revista\/historico\/habitat\/derecho-la-ciudad-aportacion-mexico-la-nueva-agenda-urbana\/","url":"https:\/\/centrourbano.com\/revista\/historico\/habitat\/derecho-la-ciudad-aportacion-mexico-la-nueva-agenda-urbana\/","name":"Derecho a la Ciudad, aportaci\u00f3n de M\u00e9xico en la Nueva Agenda Urbana -","isPartOf":{"@id":"https:\/\/centrourbano.com\/revista\/#website"},"primaryImageOfPage":{"@id":"https:\/\/centrourbano.com\/revista\/historico\/habitat\/derecho-la-ciudad-aportacion-mexico-la-nueva-agenda-urbana\/#primaryimage"},"image":{"@id":"https:\/\/centrourbano.com\/revista\/historico\/habitat\/derecho-la-ciudad-aportacion-mexico-la-nueva-agenda-urbana\/#primaryimage"},"thumbnailUrl":"https:\/\/centrourbano.com\/revista\/wp-content\/uploads\/2016-10-21-PHOTO-00000417.jpg","datePublished":"2016-10-21T15:19:39+00:00","dateModified":"2016-10-21T15:22:27+00:00","description":"M\u00e9xico lleg\u00f3 bien preparado a la Conferencia de Naciones Unidas sobre Vivienda y Desarrollo Urbano Sustentable H\u00e1bitat III, lo que permiti\u00f3 que una de las principales aportaciones del pa\u00eds en la Nueva agenda Urbana sea el Derecho a la ciudad.","breadcrumb":{"@id":"https:\/\/centrourbano.com\/revista\/historico\/habitat\/derecho-la-ciudad-aportacion-mexico-la-nueva-agenda-urbana\/#breadcrumb"},"inLanguage":"es","potentialAction":[{"@type":"ReadAction","target":["https:\/\/centrourbano.com\/revista\/historico\/habitat\/derecho-la-ciudad-aportacion-mexico-la-nueva-agenda-urbana\/"]}]},{"@type":"ImageObject","inLanguage":"es","@id":"https:\/\/centrourbano.com\/revista\/historico\/habitat\/derecho-la-ciudad-aportacion-mexico-la-nueva-agenda-urbana\/#primaryimage","url":"https:\/\/centrourbano.com\/revista\/wp-content\/uploads\/2016-10-21-PHOTO-00000417.jpg","contentUrl":"https:\/\/centrourbano.com\/revista\/wp-content\/uploads\/2016-10-21-PHOTO-00000417.jpg","width":1280,"height":960,"caption":"Derecho a la Ciudad, aportaci\u00f3n de M\u00e9xico en la Nueva Agenda Urbana"},{"@type":"BreadcrumbList","@id":"https:\/\/centrourbano.com\/revista\/historico\/habitat\/derecho-la-ciudad-aportacion-mexico-la-nueva-agenda-urbana\/#breadcrumb","itemListElement":[{"@type":"ListItem","position":1,"name":"Portada","item":"https:\/\/centrourbano.com\/revista\/"},{"@type":"ListItem","position":2,"name":"Derecho a la Ciudad, aportaci\u00f3n de M\u00e9xico en la Nueva Agenda Urbana"}]},{"@type":"WebSite","@id":"https:\/\/centrourbano.com\/revista\/#website","url":"https:\/\/centrourbano.com\/revista\/","name":"Centro Urbano","description":"Medio especializado en los sectores vivienda, inmobiliario, construcci\u00f3n, arquitectura y urbanismo.","publisher":{"@id":"https:\/\/centrourbano.com\/revista\/#organization"},"potentialAction":[{"@type":"SearchAction","target":{"@type":"EntryPoint","urlTemplate":"https:\/\/centrourbano.com\/revista\/?s={search_term_string}"},"query-input":{"@type":"PropertyValueSpecification","valueRequired":true,"valueName":"search_term_string"}}],"inLanguage":"es"},{"@type":"Organization","@id":"https:\/\/centrourbano.com\/revista\/#organization","name":"Centro Urbano","url":"https:\/\/centrourbano.com\/revista\/","logo":{"@type":"ImageObject","inLanguage":"es","@id":"https:\/\/centrourbano.com\/revista\/#\/schema\/logo\/image\/","url":"https:\/\/centrourbano.com\/revista\/wp-content\/uploads\/web_CU_logo-1.png","contentUrl":"https:\/\/centrourbano.com\/revista\/wp-content\/uploads\/web_CU_logo-1.png","width":350,"height":91,"caption":"Centro Urbano"},"image":{"@id":"https:\/\/centrourbano.com\/revista\/#\/schema\/logo\/image\/"},"sameAs":["https:\/\/www.facebook.com\/portalcentrourbano","https:\/\/x.com\/CentroUrbano","https:\/\/www.instagram.com\/centro_urbano\/","https:\/\/www.linkedin.com\/company\/centro-urbano\/","http:\/\/www.youtube.com\/user\/portalcentrourbano"]},{"@type":"Person","@id":"https:\/\/centrourbano.com\/revista\/#\/schema\/person\/370fa0ba2d8dd5bde3fdb8b62ad360aa","name":"G4A","image":{"@type":"ImageObject","inLanguage":"es","@id":"https:\/\/secure.gravatar.com\/avatar\/932a97121b13d5de5bbd8193c6c83d3b92c9eda0f39623607d4280e7a5778d97?s=96&d=mm&r=g","url":"https:\/\/secure.gravatar.com\/avatar\/932a97121b13d5de5bbd8193c6c83d3b92c9eda0f39623607d4280e7a5778d97?s=96&d=mm&r=g","contentUrl":"https:\/\/secure.gravatar.com\/avatar\/932a97121b13d5de5bbd8193c6c83d3b92c9eda0f39623607d4280e7a5778d97?s=96&d=mm&r=g","caption":"G4A"},"url":"https:\/\/centrourbano.com\/revista\/author\/admin-g4a\/"}]}},"_links":{"self":[{"href":"https:\/\/centrourbano.com\/revista\/wp-json\/wp\/v2\/posts\/42382","targetHints":{"allow":["GET"]}}],"collection":[{"href":"https:\/\/centrourbano.com\/revista\/wp-json\/wp\/v2\/posts"}],"about":[{"href":"https:\/\/centrourbano.com\/revista\/wp-json\/wp\/v2\/types\/post"}],"author":[{"embeddable":true,"href":"https:\/\/centrourbano.com\/revista\/wp-json\/wp\/v2\/users\/77"}],"replies":[{"embeddable":true,"href":"https:\/\/centrourbano.com\/revista\/wp-json\/wp\/v2\/comments?post=42382"}],"version-history":[{"count":0,"href":"https:\/\/centrourbano.com\/revista\/wp-json\/wp\/v2\/posts\/42382\/revisions"}],"wp:featuredmedia":[{"embeddable":true,"href":"https:\/\/centrourbano.com\/revista\/wp-json\/wp\/v2\/media\/42383"}],"wp:attachment":[{"href":"https:\/\/centrourbano.com\/revista\/wp-json\/wp\/v2\/media?parent=42382"}],"wp:term":[{"taxonomy":"category","embeddable":true,"href":"https:\/\/centrourbano.com\/revista\/wp-json\/wp\/v2\/categories?post=42382"},{"taxonomy":"post_tag","embeddable":true,"href":"https:\/\/centrourbano.com\/revista\/wp-json\/wp\/v2\/tags?post=42382"}],"curies":[{"name":"wp","href":"https:\/\/api.w.org\/{rel}","templated":true}]}}