{"id":42085,"date":"2016-10-17T14:16:54","date_gmt":"2016-10-17T19:16:54","guid":{"rendered":"https:\/\/centrourbano.com\/?p=42085"},"modified":"2016-10-17T14:16:54","modified_gmt":"2016-10-17T19:16:54","slug":"morelos-se-posiciona-sector-industrial-nivel-nacional","status":"publish","type":"post","link":"https:\/\/centrourbano.com\/revista\/inmobiliario\/morelos-se-posiciona-sector-industrial-nivel-nacional\/","title":{"rendered":"Morelos se posiciona en el sector Industrial a nivel  nacional"},"content":{"rendered":"<p><em>La llegada de nuevas industrias es resultado de mejorar en la Infraestructura <\/em><br \/>\n<!--more--><\/p>\n<p>El secretario de econom\u00eda estatal, Juan Carlos Salgado dio a conocer que Morelos ha tenido un crecimiento en el sector Industrial, por lo que de acuerdo con cifras del Instituto Nacional de Estad\u00edstica y Geograf\u00eda (INEGI), se posiciona en el octavo lugar a nivel  nacional.<\/p>\n<p>El funcionario estatal dijo que en el primer semestre del a\u00f1o, los componentes del sector industrial  registraron un incremento favorable, ya que se cuenta con inversiones de empresas transnacionales, principalmente en parques industriales.<\/p>\n<p>El secretario dijo que \u201cen el ramo de la energ\u00eda el\u00e9ctrica el incremento fue de 10.7% en el primer semestre de este a\u00f1o en comparaci\u00f3n al mismo periodo de 2015, mientras que la industria de la construcci\u00f3n avanz\u00f3 un 5.1%; la industria manufacturera lo hizo en un 6.3% y, las actividades secundarias crecieron el 6.1%\u201d.  <\/p>\n<p>Agreg\u00f3 que \u201cel gobierno estatal favorece la inversi\u00f3n con la construcci\u00f3n de la Autopista Siglo XXI y el Paso Express, as\u00ed como con la reactivaci\u00f3n del aeropuerto, acciones que han permitido mejorar la conectividad terrestre y a\u00e9rea.  <\/p>\n<p>Finalmente, destac\u00f3 la inversi\u00f3n de varias empresas, como Nissan Mexicana por 1, 200 millones de pesos; Bridgestone invirt\u00edo 2,300, millones de pesos y Baxter 3,500 millones; mientras que Burlington y Malta Cleyton han invertido 300, 000, 000 de pesos. <\/p>\n","protected":false},"excerpt":{"rendered":"<p>La llegada de nuevas industrias es resultado de mejorar en la Infraestructura<\/p>\n","protected":false},"author":46,"featured_media":42090,"comment_status":"open","ping_status":"closed","sticky":false,"template":"","format":"standard","meta":{"om_disable_all_campaigns":false,"inline_featured_image":false,"_monsterinsights_skip_tracking":false,"_monsterinsights_sitenote_active":false,"_monsterinsights_sitenote_note":"","_monsterinsights_sitenote_category":0,"footnotes":""},"categories":[15],"tags":[],"class_list":["post-42085","post","type-post","status-publish","format-standard","has-post-thumbnail","hentry","category-inmobiliario"],"yoast_head":"<!-- This site is optimized with the Yoast SEO plugin v27.4 - https:\/\/yoast.com\/product\/yoast-seo-wordpress\/ -->\n<title>Morelos se posiciona en el sector Industrial a nivel nacional -<\/title>\n<meta name=\"description\" content=\"El secretario de econom\u00eda estatal, Juan Carlos Salgado dio a conocer que Morelos ha tenido un crecimiento en el sector Industrial, por lo que de acuerdo con cifras del Instituto Nacional de Estad\u00edstica y Geograf\u00eda (INEGI), se posiciona en el octavo lugar a nivel nacional.\" \/>\n<meta name=\"robots\" content=\"index, follow, max-snippet:-1, max-image-preview:large, max-video-preview:-1\" \/>\n<link rel=\"canonical\" href=\"https:\/\/centrourbano.com\/revista\/inmobiliario\/morelos-se-posiciona-sector-industrial-nivel-nacional\/\" \/>\n<meta property=\"og:locale\" content=\"es_ES\" \/>\n<meta property=\"og:type\" content=\"article\" \/>\n<meta property=\"og:title\" content=\"Morelos se posiciona en el sector Industrial a nivel nacional -\" \/>\n<meta property=\"og:description\" content=\"El secretario de econom\u00eda estatal, Juan Carlos Salgado dio a conocer que Morelos ha tenido un crecimiento en el sector Industrial, por lo que de acuerdo con cifras del Instituto Nacional de Estad\u00edstica y Geograf\u00eda (INEGI), se posiciona en el octavo lugar a nivel nacional.\" \/>\n<meta property=\"og:url\" content=\"https:\/\/centrourbano.com\/revista\/inmobiliario\/morelos-se-posiciona-sector-industrial-nivel-nacional\/\" \/>\n<meta property=\"og:site_name\" content=\"Centro Urbano\" \/>\n<meta property=\"article:publisher\" content=\"https:\/\/www.facebook.com\/portalcentrourbano\" \/>\n<meta property=\"article:published_time\" content=\"2016-10-17T19:16:54+00:00\" \/>\n<meta property=\"og:image\" content=\"https:\/\/centrourbano.com\/revista\/wp-content\/uploads\/estado-de-morelos.jpg\" \/>\n\t<meta property=\"og:image:width\" content=\"526\" \/>\n\t<meta property=\"og:image:height\" content=\"315\" \/>\n\t<meta property=\"og:image:type\" content=\"image\/jpeg\" \/>\n<meta name=\"author\" content=\"Margarita Gallardo\" \/>\n<meta name=\"twitter:card\" content=\"summary_large_image\" \/>\n<meta name=\"twitter:creator\" content=\"@CentroUrbano\" \/>\n<meta name=\"twitter:site\" content=\"@CentroUrbano\" \/>\n<meta name=\"twitter:label1\" content=\"Escrito por\" \/>\n\t<meta name=\"twitter:data1\" content=\"Margarita Gallardo\" \/>\n\t<meta name=\"twitter:label2\" content=\"Tiempo de lectura\" \/>\n\t<meta name=\"twitter:data2\" content=\"1 minuto\" \/>\n<script type=\"application\/ld+json\" class=\"yoast-schema-graph\">{\"@context\":\"https:\\\/\\\/schema.org\",\"@graph\":[{\"@type\":\"Article\",\"@id\":\"https:\\\/\\\/centrourbano.com\\\/revista\\\/inmobiliario\\\/morelos-se-posiciona-sector-industrial-nivel-nacional\\\/#article\",\"isPartOf\":{\"@id\":\"https:\\\/\\\/centrourbano.com\\\/revista\\\/inmobiliario\\\/morelos-se-posiciona-sector-industrial-nivel-nacional\\\/\"},\"author\":{\"name\":\"Margarita Gallardo\",\"@id\":\"https:\\\/\\\/centrourbano.com\\\/revista\\\/#\\\/schema\\\/person\\\/742b4a137edb2b31ef0741a124788d0b\"},\"headline\":\"Morelos se posiciona en el sector Industrial a nivel nacional\",\"datePublished\":\"2016-10-17T19:16:54+00:00\",\"mainEntityOfPage\":{\"@id\":\"https:\\\/\\\/centrourbano.com\\\/revista\\\/inmobiliario\\\/morelos-se-posiciona-sector-industrial-nivel-nacional\\\/\"},\"wordCount\":234,\"commentCount\":0,\"publisher\":{\"@id\":\"https:\\\/\\\/centrourbano.com\\\/revista\\\/#organization\"},\"image\":{\"@id\":\"https:\\\/\\\/centrourbano.com\\\/revista\\\/inmobiliario\\\/morelos-se-posiciona-sector-industrial-nivel-nacional\\\/#primaryimage\"},\"thumbnailUrl\":\"https:\\\/\\\/centrourbano.com\\\/revista\\\/wp-content\\\/uploads\\\/estado-de-morelos.jpg\",\"articleSection\":[\"Inmobiliario\"],\"inLanguage\":\"es\",\"potentialAction\":[{\"@type\":\"CommentAction\",\"name\":\"Comment\",\"target\":[\"https:\\\/\\\/centrourbano.com\\\/revista\\\/inmobiliario\\\/morelos-se-posiciona-sector-industrial-nivel-nacional\\\/#respond\"]}]},{\"@type\":\"WebPage\",\"@id\":\"https:\\\/\\\/centrourbano.com\\\/revista\\\/inmobiliario\\\/morelos-se-posiciona-sector-industrial-nivel-nacional\\\/\",\"url\":\"https:\\\/\\\/centrourbano.com\\\/revista\\\/inmobiliario\\\/morelos-se-posiciona-sector-industrial-nivel-nacional\\\/\",\"name\":\"Morelos se posiciona en el sector Industrial a nivel nacional -\",\"isPartOf\":{\"@id\":\"https:\\\/\\\/centrourbano.com\\\/revista\\\/#website\"},\"primaryImageOfPage\":{\"@id\":\"https:\\\/\\\/centrourbano.com\\\/revista\\\/inmobiliario\\\/morelos-se-posiciona-sector-industrial-nivel-nacional\\\/#primaryimage\"},\"image\":{\"@id\":\"https:\\\/\\\/centrourbano.com\\\/revista\\\/inmobiliario\\\/morelos-se-posiciona-sector-industrial-nivel-nacional\\\/#primaryimage\"},\"thumbnailUrl\":\"https:\\\/\\\/centrourbano.com\\\/revista\\\/wp-content\\\/uploads\\\/estado-de-morelos.jpg\",\"datePublished\":\"2016-10-17T19:16:54+00:00\",\"description\":\"El secretario de econom\u00eda estatal, Juan Carlos Salgado dio a conocer que Morelos ha tenido un crecimiento en el sector Industrial, por lo que de acuerdo con cifras del Instituto Nacional de Estad\u00edstica y Geograf\u00eda (INEGI), se posiciona en el octavo lugar a nivel nacional.\",\"breadcrumb\":{\"@id\":\"https:\\\/\\\/centrourbano.com\\\/revista\\\/inmobiliario\\\/morelos-se-posiciona-sector-industrial-nivel-nacional\\\/#breadcrumb\"},\"inLanguage\":\"es\",\"potentialAction\":[{\"@type\":\"ReadAction\",\"target\":[\"https:\\\/\\\/centrourbano.com\\\/revista\\\/inmobiliario\\\/morelos-se-posiciona-sector-industrial-nivel-nacional\\\/\"]}]},{\"@type\":\"ImageObject\",\"inLanguage\":\"es\",\"@id\":\"https:\\\/\\\/centrourbano.com\\\/revista\\\/inmobiliario\\\/morelos-se-posiciona-sector-industrial-nivel-nacional\\\/#primaryimage\",\"url\":\"https:\\\/\\\/centrourbano.com\\\/revista\\\/wp-content\\\/uploads\\\/estado-de-morelos.jpg\",\"contentUrl\":\"https:\\\/\\\/centrourbano.com\\\/revista\\\/wp-content\\\/uploads\\\/estado-de-morelos.jpg\",\"width\":526,\"height\":315,\"caption\":\"La llegada de nuevas industrias es resultado de mejorar en la Infraestructura\"},{\"@type\":\"BreadcrumbList\",\"@id\":\"https:\\\/\\\/centrourbano.com\\\/revista\\\/inmobiliario\\\/morelos-se-posiciona-sector-industrial-nivel-nacional\\\/#breadcrumb\",\"itemListElement\":[{\"@type\":\"ListItem\",\"position\":1,\"name\":\"Portada\",\"item\":\"https:\\\/\\\/centrourbano.com\\\/revista\\\/\"},{\"@type\":\"ListItem\",\"position\":2,\"name\":\"Morelos se posiciona en el sector Industrial a nivel nacional\"}]},{\"@type\":\"WebSite\",\"@id\":\"https:\\\/\\\/centrourbano.com\\\/revista\\\/#website\",\"url\":\"https:\\\/\\\/centrourbano.com\\\/revista\\\/\",\"name\":\"Centro Urbano\",\"description\":\"Medio especializado en los sectores vivienda, inmobiliario, construcci\u00f3n, arquitectura y urbanismo.\",\"publisher\":{\"@id\":\"https:\\\/\\\/centrourbano.com\\\/revista\\\/#organization\"},\"potentialAction\":[{\"@type\":\"SearchAction\",\"target\":{\"@type\":\"EntryPoint\",\"urlTemplate\":\"https:\\\/\\\/centrourbano.com\\\/revista\\\/?s={search_term_string}\"},\"query-input\":{\"@type\":\"PropertyValueSpecification\",\"valueRequired\":true,\"valueName\":\"search_term_string\"}}],\"inLanguage\":\"es\"},{\"@type\":\"Organization\",\"@id\":\"https:\\\/\\\/centrourbano.com\\\/revista\\\/#organization\",\"name\":\"Centro Urbano\",\"url\":\"https:\\\/\\\/centrourbano.com\\\/revista\\\/\",\"logo\":{\"@type\":\"ImageObject\",\"inLanguage\":\"es\",\"@id\":\"https:\\\/\\\/centrourbano.com\\\/revista\\\/#\\\/schema\\\/logo\\\/image\\\/\",\"url\":\"https:\\\/\\\/centrourbano.com\\\/revista\\\/wp-content\\\/uploads\\\/web_CU_logo-1.png\",\"contentUrl\":\"https:\\\/\\\/centrourbano.com\\\/revista\\\/wp-content\\\/uploads\\\/web_CU_logo-1.png\",\"width\":350,\"height\":91,\"caption\":\"Centro Urbano\"},\"image\":{\"@id\":\"https:\\\/\\\/centrourbano.com\\\/revista\\\/#\\\/schema\\\/logo\\\/image\\\/\"},\"sameAs\":[\"https:\\\/\\\/www.facebook.com\\\/portalcentrourbano\",\"https:\\\/\\\/x.com\\\/CentroUrbano\",\"https:\\\/\\\/www.instagram.com\\\/centro_urbano\\\/\",\"https:\\\/\\\/www.linkedin.com\\\/company\\\/centro-urbano\\\/\",\"http:\\\/\\\/www.youtube.com\\\/user\\\/portalcentrourbano\"]},{\"@type\":\"Person\",\"@id\":\"https:\\\/\\\/centrourbano.com\\\/revista\\\/#\\\/schema\\\/person\\\/742b4a137edb2b31ef0741a124788d0b\",\"name\":\"Margarita Gallardo\",\"image\":{\"@type\":\"ImageObject\",\"inLanguage\":\"es\",\"@id\":\"https:\\\/\\\/secure.gravatar.com\\\/avatar\\\/549d0bdee09f7102b0a4e1191ca070d49150c2e22a11b1bbbfc5b992ab17d195?s=96&d=mm&r=g\",\"url\":\"https:\\\/\\\/secure.gravatar.com\\\/avatar\\\/549d0bdee09f7102b0a4e1191ca070d49150c2e22a11b1bbbfc5b992ab17d195?s=96&d=mm&r=g\",\"contentUrl\":\"https:\\\/\\\/secure.gravatar.com\\\/avatar\\\/549d0bdee09f7102b0a4e1191ca070d49150c2e22a11b1bbbfc5b992ab17d195?s=96&d=mm&r=g\",\"caption\":\"Margarita Gallardo\"},\"url\":\"https:\\\/\\\/centrourbano.com\\\/revista\\\/author\\\/margarita-gallardo\\\/\"}]}<\/script>\n<!-- \/ Yoast SEO plugin. -->","yoast_head_json":{"title":"Morelos se posiciona en el sector Industrial a nivel nacional -","description":"El secretario de econom\u00eda estatal, Juan Carlos Salgado dio a conocer que Morelos ha tenido un crecimiento en el sector Industrial, por lo que de acuerdo con cifras del Instituto Nacional de Estad\u00edstica y Geograf\u00eda (INEGI), se posiciona en el octavo lugar a nivel nacional.","robots":{"index":"index","follow":"follow","max-snippet":"max-snippet:-1","max-image-preview":"max-image-preview:large","max-video-preview":"max-video-preview:-1"},"canonical":"https:\/\/centrourbano.com\/revista\/inmobiliario\/morelos-se-posiciona-sector-industrial-nivel-nacional\/","og_locale":"es_ES","og_type":"article","og_title":"Morelos se posiciona en el sector Industrial a nivel nacional -","og_description":"El secretario de econom\u00eda estatal, Juan Carlos Salgado dio a conocer que Morelos ha tenido un crecimiento en el sector Industrial, por lo que de acuerdo con cifras del Instituto Nacional de Estad\u00edstica y Geograf\u00eda (INEGI), se posiciona en el octavo lugar a nivel nacional.","og_url":"https:\/\/centrourbano.com\/revista\/inmobiliario\/morelos-se-posiciona-sector-industrial-nivel-nacional\/","og_site_name":"Centro Urbano","article_publisher":"https:\/\/www.facebook.com\/portalcentrourbano","article_published_time":"2016-10-17T19:16:54+00:00","og_image":[{"width":526,"height":315,"url":"https:\/\/centrourbano.com\/revista\/wp-content\/uploads\/estado-de-morelos.jpg","type":"image\/jpeg"}],"author":"Margarita Gallardo","twitter_card":"summary_large_image","twitter_creator":"@CentroUrbano","twitter_site":"@CentroUrbano","twitter_misc":{"Escrito por":"Margarita Gallardo","Tiempo de lectura":"1 minuto"},"schema":{"@context":"https:\/\/schema.org","@graph":[{"@type":"Article","@id":"https:\/\/centrourbano.com\/revista\/inmobiliario\/morelos-se-posiciona-sector-industrial-nivel-nacional\/#article","isPartOf":{"@id":"https:\/\/centrourbano.com\/revista\/inmobiliario\/morelos-se-posiciona-sector-industrial-nivel-nacional\/"},"author":{"name":"Margarita Gallardo","@id":"https:\/\/centrourbano.com\/revista\/#\/schema\/person\/742b4a137edb2b31ef0741a124788d0b"},"headline":"Morelos se posiciona en el sector Industrial a nivel nacional","datePublished":"2016-10-17T19:16:54+00:00","mainEntityOfPage":{"@id":"https:\/\/centrourbano.com\/revista\/inmobiliario\/morelos-se-posiciona-sector-industrial-nivel-nacional\/"},"wordCount":234,"commentCount":0,"publisher":{"@id":"https:\/\/centrourbano.com\/revista\/#organization"},"image":{"@id":"https:\/\/centrourbano.com\/revista\/inmobiliario\/morelos-se-posiciona-sector-industrial-nivel-nacional\/#primaryimage"},"thumbnailUrl":"https:\/\/centrourbano.com\/revista\/wp-content\/uploads\/estado-de-morelos.jpg","articleSection":["Inmobiliario"],"inLanguage":"es","potentialAction":[{"@type":"CommentAction","name":"Comment","target":["https:\/\/centrourbano.com\/revista\/inmobiliario\/morelos-se-posiciona-sector-industrial-nivel-nacional\/#respond"]}]},{"@type":"WebPage","@id":"https:\/\/centrourbano.com\/revista\/inmobiliario\/morelos-se-posiciona-sector-industrial-nivel-nacional\/","url":"https:\/\/centrourbano.com\/revista\/inmobiliario\/morelos-se-posiciona-sector-industrial-nivel-nacional\/","name":"Morelos se posiciona en el sector Industrial a nivel nacional -","isPartOf":{"@id":"https:\/\/centrourbano.com\/revista\/#website"},"primaryImageOfPage":{"@id":"https:\/\/centrourbano.com\/revista\/inmobiliario\/morelos-se-posiciona-sector-industrial-nivel-nacional\/#primaryimage"},"image":{"@id":"https:\/\/centrourbano.com\/revista\/inmobiliario\/morelos-se-posiciona-sector-industrial-nivel-nacional\/#primaryimage"},"thumbnailUrl":"https:\/\/centrourbano.com\/revista\/wp-content\/uploads\/estado-de-morelos.jpg","datePublished":"2016-10-17T19:16:54+00:00","description":"El secretario de econom\u00eda estatal, Juan Carlos Salgado dio a conocer que Morelos ha tenido un crecimiento en el sector Industrial, por lo que de acuerdo con cifras del Instituto Nacional de Estad\u00edstica y Geograf\u00eda (INEGI), se posiciona en el octavo lugar a nivel nacional.","breadcrumb":{"@id":"https:\/\/centrourbano.com\/revista\/inmobiliario\/morelos-se-posiciona-sector-industrial-nivel-nacional\/#breadcrumb"},"inLanguage":"es","potentialAction":[{"@type":"ReadAction","target":["https:\/\/centrourbano.com\/revista\/inmobiliario\/morelos-se-posiciona-sector-industrial-nivel-nacional\/"]}]},{"@type":"ImageObject","inLanguage":"es","@id":"https:\/\/centrourbano.com\/revista\/inmobiliario\/morelos-se-posiciona-sector-industrial-nivel-nacional\/#primaryimage","url":"https:\/\/centrourbano.com\/revista\/wp-content\/uploads\/estado-de-morelos.jpg","contentUrl":"https:\/\/centrourbano.com\/revista\/wp-content\/uploads\/estado-de-morelos.jpg","width":526,"height":315,"caption":"La llegada de nuevas industrias es resultado de mejorar en la Infraestructura"},{"@type":"BreadcrumbList","@id":"https:\/\/centrourbano.com\/revista\/inmobiliario\/morelos-se-posiciona-sector-industrial-nivel-nacional\/#breadcrumb","itemListElement":[{"@type":"ListItem","position":1,"name":"Portada","item":"https:\/\/centrourbano.com\/revista\/"},{"@type":"ListItem","position":2,"name":"Morelos se posiciona en el sector Industrial a nivel nacional"}]},{"@type":"WebSite","@id":"https:\/\/centrourbano.com\/revista\/#website","url":"https:\/\/centrourbano.com\/revista\/","name":"Centro Urbano","description":"Medio especializado en los sectores vivienda, inmobiliario, construcci\u00f3n, arquitectura y urbanismo.","publisher":{"@id":"https:\/\/centrourbano.com\/revista\/#organization"},"potentialAction":[{"@type":"SearchAction","target":{"@type":"EntryPoint","urlTemplate":"https:\/\/centrourbano.com\/revista\/?s={search_term_string}"},"query-input":{"@type":"PropertyValueSpecification","valueRequired":true,"valueName":"search_term_string"}}],"inLanguage":"es"},{"@type":"Organization","@id":"https:\/\/centrourbano.com\/revista\/#organization","name":"Centro Urbano","url":"https:\/\/centrourbano.com\/revista\/","logo":{"@type":"ImageObject","inLanguage":"es","@id":"https:\/\/centrourbano.com\/revista\/#\/schema\/logo\/image\/","url":"https:\/\/centrourbano.com\/revista\/wp-content\/uploads\/web_CU_logo-1.png","contentUrl":"https:\/\/centrourbano.com\/revista\/wp-content\/uploads\/web_CU_logo-1.png","width":350,"height":91,"caption":"Centro Urbano"},"image":{"@id":"https:\/\/centrourbano.com\/revista\/#\/schema\/logo\/image\/"},"sameAs":["https:\/\/www.facebook.com\/portalcentrourbano","https:\/\/x.com\/CentroUrbano","https:\/\/www.instagram.com\/centro_urbano\/","https:\/\/www.linkedin.com\/company\/centro-urbano\/","http:\/\/www.youtube.com\/user\/portalcentrourbano"]},{"@type":"Person","@id":"https:\/\/centrourbano.com\/revista\/#\/schema\/person\/742b4a137edb2b31ef0741a124788d0b","name":"Margarita Gallardo","image":{"@type":"ImageObject","inLanguage":"es","@id":"https:\/\/secure.gravatar.com\/avatar\/549d0bdee09f7102b0a4e1191ca070d49150c2e22a11b1bbbfc5b992ab17d195?s=96&d=mm&r=g","url":"https:\/\/secure.gravatar.com\/avatar\/549d0bdee09f7102b0a4e1191ca070d49150c2e22a11b1bbbfc5b992ab17d195?s=96&d=mm&r=g","contentUrl":"https:\/\/secure.gravatar.com\/avatar\/549d0bdee09f7102b0a4e1191ca070d49150c2e22a11b1bbbfc5b992ab17d195?s=96&d=mm&r=g","caption":"Margarita Gallardo"},"url":"https:\/\/centrourbano.com\/revista\/author\/margarita-gallardo\/"}]}},"_links":{"self":[{"href":"https:\/\/centrourbano.com\/revista\/wp-json\/wp\/v2\/posts\/42085","targetHints":{"allow":["GET"]}}],"collection":[{"href":"https:\/\/centrourbano.com\/revista\/wp-json\/wp\/v2\/posts"}],"about":[{"href":"https:\/\/centrourbano.com\/revista\/wp-json\/wp\/v2\/types\/post"}],"author":[{"embeddable":true,"href":"https:\/\/centrourbano.com\/revista\/wp-json\/wp\/v2\/users\/46"}],"replies":[{"embeddable":true,"href":"https:\/\/centrourbano.com\/revista\/wp-json\/wp\/v2\/comments?post=42085"}],"version-history":[{"count":0,"href":"https:\/\/centrourbano.com\/revista\/wp-json\/wp\/v2\/posts\/42085\/revisions"}],"wp:featuredmedia":[{"embeddable":true,"href":"https:\/\/centrourbano.com\/revista\/wp-json\/wp\/v2\/media\/42090"}],"wp:attachment":[{"href":"https:\/\/centrourbano.com\/revista\/wp-json\/wp\/v2\/media?parent=42085"}],"wp:term":[{"taxonomy":"category","embeddable":true,"href":"https:\/\/centrourbano.com\/revista\/wp-json\/wp\/v2\/categories?post=42085"},{"taxonomy":"post_tag","embeddable":true,"href":"https:\/\/centrourbano.com\/revista\/wp-json\/wp\/v2\/tags?post=42085"}],"curies":[{"name":"wp","href":"https:\/\/api.w.org\/{rel}","templated":true}]}}