{"id":41759,"date":"2016-10-11T16:48:52","date_gmt":"2016-10-11T21:48:52","guid":{"rendered":"https:\/\/centrourbano.com\/?p=41759"},"modified":"2016-10-11T18:05:02","modified_gmt":"2016-10-11T23:05:02","slug":"proyecta-grupo-copri-inversion-mas-9-millones-pesos","status":"publish","type":"post","link":"https:\/\/centrourbano.com\/revista\/vivienda\/proyecta-grupo-copri-inversion-mas-9-millones-pesos\/","title":{"rendered":"Proyecta Grupo Copri inversi\u00f3n por 9,400 millones de pesos"},"content":{"rendered":"<p><em>La empresa buscar\u00e1 desarrollar vivienda media y residencial en la Ciudad de M\u00e9xico <\/em><!--more--><\/p>\n<p>Para 2017 y 2018, la desarrolladora inmobiliaria Grupo Copri buscar\u00e1 invertir cerca de 9,400 millones de pesos para la realizaci\u00f3n de proyectos residenciales y de oficinas en la Ciudad de M\u00e9xico. <\/p>\n<p>De acuerdo con datos de la empresa, en el plan 2006-2012 se contempla una inversi\u00f3n de 28,160 millones de pesos para construir vivienda media y residencial plus. Se\u00f1ala que el objetivo es desarrollar 11,000 unidades. <\/p>\n<p>Entre los desarrollos proyectados para inversi\u00f3n se encuentran: Parque San Antonio, Parque Jard\u00edn, Toreo Residencial, Parque Sur en su primera etapa. Adem\u00e1s de la Ciudad de M\u00e9xico, la desarrolladora se posicionar\u00e1 en Quintana Roo con dos proyectos: Punta Estrella y Luna Mar. <\/p>\n<p>Alejandro Ballesteros director de la compa\u00f1\u00eda se\u00f1al\u00f3 que en la Ciudad de M\u00e9xico ha existido buena demanda de vivienda media y residencial. No obstante, dijo, resulta dif\u00edcil desarrollar casas bien ubicadas. <\/p>\n","protected":false},"excerpt":{"rendered":"<p>La empresa buscar\u00e1 desarrollar vivienda media y residencial en la Ciudad de M\u00e9xico<\/p>\n","protected":false},"author":47,"featured_media":35791,"comment_status":"open","ping_status":"closed","sticky":false,"template":"","format":"standard","meta":{"om_disable_all_campaigns":false,"inline_featured_image":false,"_monsterinsights_skip_tracking":false,"_monsterinsights_sitenote_active":false,"_monsterinsights_sitenote_note":"","_monsterinsights_sitenote_category":0,"footnotes":""},"categories":[12],"tags":[606,1637,67,60],"class_list":["post-41759","post","type-post","status-publish","format-standard","has-post-thumbnail","hentry","category-vivienda","tag-cdmx","tag-grupo-copri","tag-inversion","tag-vivienda-2"],"yoast_head":"<!-- This site is optimized with the Yoast SEO plugin v27.4 - https:\/\/yoast.com\/product\/yoast-seo-wordpress\/ -->\n<title>Proyecta Grupo Copri inversi\u00f3n por 9,400 millones de pesos -<\/title>\n<meta name=\"description\" content=\"Para 2017 y 2018, la desarrolladora inmobiliaria Grupo Copri buscar\u00e1 invertir cerca de 9,400 millones de pesos para la realizaci\u00f3n de proyectos residenciales y de oficinas en la Ciudad de M\u00e9xico.\" \/>\n<meta name=\"robots\" content=\"index, follow, max-snippet:-1, max-image-preview:large, max-video-preview:-1\" \/>\n<link rel=\"canonical\" href=\"https:\/\/centrourbano.com\/revista\/vivienda\/proyecta-grupo-copri-inversion-mas-9-millones-pesos\/\" \/>\n<meta property=\"og:locale\" content=\"es_ES\" \/>\n<meta property=\"og:type\" content=\"article\" \/>\n<meta property=\"og:title\" content=\"Proyecta Grupo Copri inversi\u00f3n por 9,400 millones de pesos -\" \/>\n<meta property=\"og:description\" content=\"Para 2017 y 2018, la desarrolladora inmobiliaria Grupo Copri buscar\u00e1 invertir cerca de 9,400 millones de pesos para la realizaci\u00f3n de proyectos residenciales y de oficinas en la Ciudad de M\u00e9xico.\" \/>\n<meta property=\"og:url\" content=\"https:\/\/centrourbano.com\/revista\/vivienda\/proyecta-grupo-copri-inversion-mas-9-millones-pesos\/\" \/>\n<meta property=\"og:site_name\" content=\"Centro Urbano\" \/>\n<meta property=\"article:publisher\" content=\"https:\/\/www.facebook.com\/portalcentrourbano\" \/>\n<meta property=\"article:published_time\" content=\"2016-10-11T21:48:52+00:00\" \/>\n<meta property=\"article:modified_time\" content=\"2016-10-11T23:05:02+00:00\" \/>\n<meta property=\"og:image\" content=\"https:\/\/centrourbano.com\/revista\/wp-content\/uploads\/ZMVM--e1556132658752.jpg\" \/>\n\t<meta property=\"og:image:width\" content=\"800\" \/>\n\t<meta property=\"og:image:height\" content=\"457\" \/>\n\t<meta property=\"og:image:type\" content=\"image\/jpeg\" \/>\n<meta name=\"author\" content=\"Edgar Rosas\" \/>\n<meta name=\"twitter:card\" content=\"summary_large_image\" \/>\n<meta name=\"twitter:creator\" content=\"@https:\/\/twitter.com\/ERosasCU?s=09\" \/>\n<meta name=\"twitter:site\" content=\"@CentroUrbano\" \/>\n<meta name=\"twitter:label1\" content=\"Escrito por\" \/>\n\t<meta name=\"twitter:data1\" content=\"Edgar Rosas\" \/>\n\t<meta name=\"twitter:label2\" content=\"Tiempo de lectura\" \/>\n\t<meta name=\"twitter:data2\" content=\"1 minuto\" \/>\n<script type=\"application\/ld+json\" class=\"yoast-schema-graph\">{\"@context\":\"https:\\\/\\\/schema.org\",\"@graph\":[{\"@type\":\"Article\",\"@id\":\"https:\\\/\\\/centrourbano.com\\\/revista\\\/vivienda\\\/proyecta-grupo-copri-inversion-mas-9-millones-pesos\\\/#article\",\"isPartOf\":{\"@id\":\"https:\\\/\\\/centrourbano.com\\\/revista\\\/vivienda\\\/proyecta-grupo-copri-inversion-mas-9-millones-pesos\\\/\"},\"author\":{\"name\":\"Edgar Rosas\",\"@id\":\"https:\\\/\\\/centrourbano.com\\\/revista\\\/#\\\/schema\\\/person\\\/ff3c00651ce5b1630479d2cd0c2e3ac0\"},\"headline\":\"Proyecta Grupo Copri inversi\u00f3n por 9,400 millones de pesos\",\"datePublished\":\"2016-10-11T21:48:52+00:00\",\"dateModified\":\"2016-10-11T23:05:02+00:00\",\"mainEntityOfPage\":{\"@id\":\"https:\\\/\\\/centrourbano.com\\\/revista\\\/vivienda\\\/proyecta-grupo-copri-inversion-mas-9-millones-pesos\\\/\"},\"wordCount\":169,\"commentCount\":0,\"publisher\":{\"@id\":\"https:\\\/\\\/centrourbano.com\\\/revista\\\/#organization\"},\"image\":{\"@id\":\"https:\\\/\\\/centrourbano.com\\\/revista\\\/vivienda\\\/proyecta-grupo-copri-inversion-mas-9-millones-pesos\\\/#primaryimage\"},\"thumbnailUrl\":\"https:\\\/\\\/centrourbano.com\\\/revista\\\/wp-content\\\/uploads\\\/ZMVM--e1556132658752.jpg\",\"keywords\":[\"CDMX\",\"Grupo Copri\",\"inversi\u00f3n\",\"vivienda\"],\"articleSection\":[\"Vivienda\"],\"inLanguage\":\"es\",\"potentialAction\":[{\"@type\":\"CommentAction\",\"name\":\"Comment\",\"target\":[\"https:\\\/\\\/centrourbano.com\\\/revista\\\/vivienda\\\/proyecta-grupo-copri-inversion-mas-9-millones-pesos\\\/#respond\"]}]},{\"@type\":\"WebPage\",\"@id\":\"https:\\\/\\\/centrourbano.com\\\/revista\\\/vivienda\\\/proyecta-grupo-copri-inversion-mas-9-millones-pesos\\\/\",\"url\":\"https:\\\/\\\/centrourbano.com\\\/revista\\\/vivienda\\\/proyecta-grupo-copri-inversion-mas-9-millones-pesos\\\/\",\"name\":\"Proyecta Grupo Copri inversi\u00f3n por 9,400 millones de pesos -\",\"isPartOf\":{\"@id\":\"https:\\\/\\\/centrourbano.com\\\/revista\\\/#website\"},\"primaryImageOfPage\":{\"@id\":\"https:\\\/\\\/centrourbano.com\\\/revista\\\/vivienda\\\/proyecta-grupo-copri-inversion-mas-9-millones-pesos\\\/#primaryimage\"},\"image\":{\"@id\":\"https:\\\/\\\/centrourbano.com\\\/revista\\\/vivienda\\\/proyecta-grupo-copri-inversion-mas-9-millones-pesos\\\/#primaryimage\"},\"thumbnailUrl\":\"https:\\\/\\\/centrourbano.com\\\/revista\\\/wp-content\\\/uploads\\\/ZMVM--e1556132658752.jpg\",\"datePublished\":\"2016-10-11T21:48:52+00:00\",\"dateModified\":\"2016-10-11T23:05:02+00:00\",\"description\":\"Para 2017 y 2018, la desarrolladora inmobiliaria Grupo Copri buscar\u00e1 invertir cerca de 9,400 millones de pesos para la realizaci\u00f3n de proyectos residenciales y de oficinas en la Ciudad de M\u00e9xico.\",\"breadcrumb\":{\"@id\":\"https:\\\/\\\/centrourbano.com\\\/revista\\\/vivienda\\\/proyecta-grupo-copri-inversion-mas-9-millones-pesos\\\/#breadcrumb\"},\"inLanguage\":\"es\",\"potentialAction\":[{\"@type\":\"ReadAction\",\"target\":[\"https:\\\/\\\/centrourbano.com\\\/revista\\\/vivienda\\\/proyecta-grupo-copri-inversion-mas-9-millones-pesos\\\/\"]}]},{\"@type\":\"ImageObject\",\"inLanguage\":\"es\",\"@id\":\"https:\\\/\\\/centrourbano.com\\\/revista\\\/vivienda\\\/proyecta-grupo-copri-inversion-mas-9-millones-pesos\\\/#primaryimage\",\"url\":\"https:\\\/\\\/centrourbano.com\\\/revista\\\/wp-content\\\/uploads\\\/ZMVM--e1556132658752.jpg\",\"contentUrl\":\"https:\\\/\\\/centrourbano.com\\\/revista\\\/wp-content\\\/uploads\\\/ZMVM--e1556132658752.jpg\",\"width\":800,\"height\":457,\"caption\":\"se dotar\u00e1 de herramientas a la Secretar\u00eda de Desarrollo, Agrario Territorial y Urbano (Sedatu), se prev\u00e9 el establecimiento de la Estrategia Nacional de Ordenamiento Territorial, la cual ser\u00e1 el sustento territorial para la formulaci\u00f3n de la planeaci\u00f3n econ\u00f3mica y social del pa\u00eds, de las entidades federativas y de los municipios.\"},{\"@type\":\"BreadcrumbList\",\"@id\":\"https:\\\/\\\/centrourbano.com\\\/revista\\\/vivienda\\\/proyecta-grupo-copri-inversion-mas-9-millones-pesos\\\/#breadcrumb\",\"itemListElement\":[{\"@type\":\"ListItem\",\"position\":1,\"name\":\"Portada\",\"item\":\"https:\\\/\\\/centrourbano.com\\\/revista\\\/\"},{\"@type\":\"ListItem\",\"position\":2,\"name\":\"Proyecta Grupo Copri inversi\u00f3n por 9,400 millones de pesos\"}]},{\"@type\":\"WebSite\",\"@id\":\"https:\\\/\\\/centrourbano.com\\\/revista\\\/#website\",\"url\":\"https:\\\/\\\/centrourbano.com\\\/revista\\\/\",\"name\":\"Centro Urbano\",\"description\":\"Medio especializado en los sectores vivienda, inmobiliario, construcci\u00f3n, arquitectura y urbanismo.\",\"publisher\":{\"@id\":\"https:\\\/\\\/centrourbano.com\\\/revista\\\/#organization\"},\"potentialAction\":[{\"@type\":\"SearchAction\",\"target\":{\"@type\":\"EntryPoint\",\"urlTemplate\":\"https:\\\/\\\/centrourbano.com\\\/revista\\\/?s={search_term_string}\"},\"query-input\":{\"@type\":\"PropertyValueSpecification\",\"valueRequired\":true,\"valueName\":\"search_term_string\"}}],\"inLanguage\":\"es\"},{\"@type\":\"Organization\",\"@id\":\"https:\\\/\\\/centrourbano.com\\\/revista\\\/#organization\",\"name\":\"Centro Urbano\",\"url\":\"https:\\\/\\\/centrourbano.com\\\/revista\\\/\",\"logo\":{\"@type\":\"ImageObject\",\"inLanguage\":\"es\",\"@id\":\"https:\\\/\\\/centrourbano.com\\\/revista\\\/#\\\/schema\\\/logo\\\/image\\\/\",\"url\":\"https:\\\/\\\/centrourbano.com\\\/revista\\\/wp-content\\\/uploads\\\/web_CU_logo-1.png\",\"contentUrl\":\"https:\\\/\\\/centrourbano.com\\\/revista\\\/wp-content\\\/uploads\\\/web_CU_logo-1.png\",\"width\":350,\"height\":91,\"caption\":\"Centro Urbano\"},\"image\":{\"@id\":\"https:\\\/\\\/centrourbano.com\\\/revista\\\/#\\\/schema\\\/logo\\\/image\\\/\"},\"sameAs\":[\"https:\\\/\\\/www.facebook.com\\\/portalcentrourbano\",\"https:\\\/\\\/x.com\\\/CentroUrbano\",\"https:\\\/\\\/www.instagram.com\\\/centro_urbano\\\/\",\"https:\\\/\\\/www.linkedin.com\\\/company\\\/centro-urbano\\\/\",\"http:\\\/\\\/www.youtube.com\\\/user\\\/portalcentrourbano\"]},{\"@type\":\"Person\",\"@id\":\"https:\\\/\\\/centrourbano.com\\\/revista\\\/#\\\/schema\\\/person\\\/ff3c00651ce5b1630479d2cd0c2e3ac0\",\"name\":\"Edgar Rosas\",\"image\":{\"@type\":\"ImageObject\",\"inLanguage\":\"es\",\"@id\":\"https:\\\/\\\/secure.gravatar.com\\\/avatar\\\/94440c4283495211faa5300bf85e80061036b83fced868c3783aa1310b350d9c?s=96&d=mm&r=g\",\"url\":\"https:\\\/\\\/secure.gravatar.com\\\/avatar\\\/94440c4283495211faa5300bf85e80061036b83fced868c3783aa1310b350d9c?s=96&d=mm&r=g\",\"contentUrl\":\"https:\\\/\\\/secure.gravatar.com\\\/avatar\\\/94440c4283495211faa5300bf85e80061036b83fced868c3783aa1310b350d9c?s=96&d=mm&r=g\",\"caption\":\"Edgar Rosas\"},\"description\":\"Editor en Jefe de Centro Urbano. Egresado de la maestr\u00eda en Periodismo Pol\u00edtico de la Escuela de Periodismo Carlos Septi\u00e9n Garc\u00eda (EPCSG). Estudi\u00f3 la licenciatura en Comunicaci\u00f3n en la Universidad Mexicana. Amante de la cr\u00f3nica y el reportaje. Admirador de Vicente Le\u00f1ero y Miguel \u00c1ngel Granados Chapa.\",\"sameAs\":[\"https:\\\/\\\/x.com\\\/https:\\\/\\\/twitter.com\\\/ERosasCU?s=09\"],\"url\":\"https:\\\/\\\/centrourbano.com\\\/revista\\\/author\\\/edgar-rosas\\\/\"}]}<\/script>\n<!-- \/ Yoast SEO plugin. -->","yoast_head_json":{"title":"Proyecta Grupo Copri inversi\u00f3n por 9,400 millones de pesos -","description":"Para 2017 y 2018, la desarrolladora inmobiliaria Grupo Copri buscar\u00e1 invertir cerca de 9,400 millones de pesos para la realizaci\u00f3n de proyectos residenciales y de oficinas en la Ciudad de M\u00e9xico.","robots":{"index":"index","follow":"follow","max-snippet":"max-snippet:-1","max-image-preview":"max-image-preview:large","max-video-preview":"max-video-preview:-1"},"canonical":"https:\/\/centrourbano.com\/revista\/vivienda\/proyecta-grupo-copri-inversion-mas-9-millones-pesos\/","og_locale":"es_ES","og_type":"article","og_title":"Proyecta Grupo Copri inversi\u00f3n por 9,400 millones de pesos -","og_description":"Para 2017 y 2018, la desarrolladora inmobiliaria Grupo Copri buscar\u00e1 invertir cerca de 9,400 millones de pesos para la realizaci\u00f3n de proyectos residenciales y de oficinas en la Ciudad de M\u00e9xico.","og_url":"https:\/\/centrourbano.com\/revista\/vivienda\/proyecta-grupo-copri-inversion-mas-9-millones-pesos\/","og_site_name":"Centro Urbano","article_publisher":"https:\/\/www.facebook.com\/portalcentrourbano","article_published_time":"2016-10-11T21:48:52+00:00","article_modified_time":"2016-10-11T23:05:02+00:00","og_image":[{"width":800,"height":457,"url":"https:\/\/centrourbano.com\/revista\/wp-content\/uploads\/ZMVM--e1556132658752.jpg","type":"image\/jpeg"}],"author":"Edgar Rosas","twitter_card":"summary_large_image","twitter_creator":"@https:\/\/twitter.com\/ERosasCU?s=09","twitter_site":"@CentroUrbano","twitter_misc":{"Escrito por":"Edgar Rosas","Tiempo de lectura":"1 minuto"},"schema":{"@context":"https:\/\/schema.org","@graph":[{"@type":"Article","@id":"https:\/\/centrourbano.com\/revista\/vivienda\/proyecta-grupo-copri-inversion-mas-9-millones-pesos\/#article","isPartOf":{"@id":"https:\/\/centrourbano.com\/revista\/vivienda\/proyecta-grupo-copri-inversion-mas-9-millones-pesos\/"},"author":{"name":"Edgar Rosas","@id":"https:\/\/centrourbano.com\/revista\/#\/schema\/person\/ff3c00651ce5b1630479d2cd0c2e3ac0"},"headline":"Proyecta Grupo Copri inversi\u00f3n por 9,400 millones de pesos","datePublished":"2016-10-11T21:48:52+00:00","dateModified":"2016-10-11T23:05:02+00:00","mainEntityOfPage":{"@id":"https:\/\/centrourbano.com\/revista\/vivienda\/proyecta-grupo-copri-inversion-mas-9-millones-pesos\/"},"wordCount":169,"commentCount":0,"publisher":{"@id":"https:\/\/centrourbano.com\/revista\/#organization"},"image":{"@id":"https:\/\/centrourbano.com\/revista\/vivienda\/proyecta-grupo-copri-inversion-mas-9-millones-pesos\/#primaryimage"},"thumbnailUrl":"https:\/\/centrourbano.com\/revista\/wp-content\/uploads\/ZMVM--e1556132658752.jpg","keywords":["CDMX","Grupo Copri","inversi\u00f3n","vivienda"],"articleSection":["Vivienda"],"inLanguage":"es","potentialAction":[{"@type":"CommentAction","name":"Comment","target":["https:\/\/centrourbano.com\/revista\/vivienda\/proyecta-grupo-copri-inversion-mas-9-millones-pesos\/#respond"]}]},{"@type":"WebPage","@id":"https:\/\/centrourbano.com\/revista\/vivienda\/proyecta-grupo-copri-inversion-mas-9-millones-pesos\/","url":"https:\/\/centrourbano.com\/revista\/vivienda\/proyecta-grupo-copri-inversion-mas-9-millones-pesos\/","name":"Proyecta Grupo Copri inversi\u00f3n por 9,400 millones de pesos -","isPartOf":{"@id":"https:\/\/centrourbano.com\/revista\/#website"},"primaryImageOfPage":{"@id":"https:\/\/centrourbano.com\/revista\/vivienda\/proyecta-grupo-copri-inversion-mas-9-millones-pesos\/#primaryimage"},"image":{"@id":"https:\/\/centrourbano.com\/revista\/vivienda\/proyecta-grupo-copri-inversion-mas-9-millones-pesos\/#primaryimage"},"thumbnailUrl":"https:\/\/centrourbano.com\/revista\/wp-content\/uploads\/ZMVM--e1556132658752.jpg","datePublished":"2016-10-11T21:48:52+00:00","dateModified":"2016-10-11T23:05:02+00:00","description":"Para 2017 y 2018, la desarrolladora inmobiliaria Grupo Copri buscar\u00e1 invertir cerca de 9,400 millones de pesos para la realizaci\u00f3n de proyectos residenciales y de oficinas en la Ciudad de M\u00e9xico.","breadcrumb":{"@id":"https:\/\/centrourbano.com\/revista\/vivienda\/proyecta-grupo-copri-inversion-mas-9-millones-pesos\/#breadcrumb"},"inLanguage":"es","potentialAction":[{"@type":"ReadAction","target":["https:\/\/centrourbano.com\/revista\/vivienda\/proyecta-grupo-copri-inversion-mas-9-millones-pesos\/"]}]},{"@type":"ImageObject","inLanguage":"es","@id":"https:\/\/centrourbano.com\/revista\/vivienda\/proyecta-grupo-copri-inversion-mas-9-millones-pesos\/#primaryimage","url":"https:\/\/centrourbano.com\/revista\/wp-content\/uploads\/ZMVM--e1556132658752.jpg","contentUrl":"https:\/\/centrourbano.com\/revista\/wp-content\/uploads\/ZMVM--e1556132658752.jpg","width":800,"height":457,"caption":"se dotar\u00e1 de herramientas a la Secretar\u00eda de Desarrollo, Agrario Territorial y Urbano (Sedatu), se prev\u00e9 el establecimiento de la Estrategia Nacional de Ordenamiento Territorial, la cual ser\u00e1 el sustento territorial para la formulaci\u00f3n de la planeaci\u00f3n econ\u00f3mica y social del pa\u00eds, de las entidades federativas y de los municipios."},{"@type":"BreadcrumbList","@id":"https:\/\/centrourbano.com\/revista\/vivienda\/proyecta-grupo-copri-inversion-mas-9-millones-pesos\/#breadcrumb","itemListElement":[{"@type":"ListItem","position":1,"name":"Portada","item":"https:\/\/centrourbano.com\/revista\/"},{"@type":"ListItem","position":2,"name":"Proyecta Grupo Copri inversi\u00f3n por 9,400 millones de pesos"}]},{"@type":"WebSite","@id":"https:\/\/centrourbano.com\/revista\/#website","url":"https:\/\/centrourbano.com\/revista\/","name":"Centro Urbano","description":"Medio especializado en los sectores vivienda, inmobiliario, construcci\u00f3n, arquitectura y urbanismo.","publisher":{"@id":"https:\/\/centrourbano.com\/revista\/#organization"},"potentialAction":[{"@type":"SearchAction","target":{"@type":"EntryPoint","urlTemplate":"https:\/\/centrourbano.com\/revista\/?s={search_term_string}"},"query-input":{"@type":"PropertyValueSpecification","valueRequired":true,"valueName":"search_term_string"}}],"inLanguage":"es"},{"@type":"Organization","@id":"https:\/\/centrourbano.com\/revista\/#organization","name":"Centro Urbano","url":"https:\/\/centrourbano.com\/revista\/","logo":{"@type":"ImageObject","inLanguage":"es","@id":"https:\/\/centrourbano.com\/revista\/#\/schema\/logo\/image\/","url":"https:\/\/centrourbano.com\/revista\/wp-content\/uploads\/web_CU_logo-1.png","contentUrl":"https:\/\/centrourbano.com\/revista\/wp-content\/uploads\/web_CU_logo-1.png","width":350,"height":91,"caption":"Centro Urbano"},"image":{"@id":"https:\/\/centrourbano.com\/revista\/#\/schema\/logo\/image\/"},"sameAs":["https:\/\/www.facebook.com\/portalcentrourbano","https:\/\/x.com\/CentroUrbano","https:\/\/www.instagram.com\/centro_urbano\/","https:\/\/www.linkedin.com\/company\/centro-urbano\/","http:\/\/www.youtube.com\/user\/portalcentrourbano"]},{"@type":"Person","@id":"https:\/\/centrourbano.com\/revista\/#\/schema\/person\/ff3c00651ce5b1630479d2cd0c2e3ac0","name":"Edgar Rosas","image":{"@type":"ImageObject","inLanguage":"es","@id":"https:\/\/secure.gravatar.com\/avatar\/94440c4283495211faa5300bf85e80061036b83fced868c3783aa1310b350d9c?s=96&d=mm&r=g","url":"https:\/\/secure.gravatar.com\/avatar\/94440c4283495211faa5300bf85e80061036b83fced868c3783aa1310b350d9c?s=96&d=mm&r=g","contentUrl":"https:\/\/secure.gravatar.com\/avatar\/94440c4283495211faa5300bf85e80061036b83fced868c3783aa1310b350d9c?s=96&d=mm&r=g","caption":"Edgar Rosas"},"description":"Editor en Jefe de Centro Urbano. Egresado de la maestr\u00eda en Periodismo Pol\u00edtico de la Escuela de Periodismo Carlos Septi\u00e9n Garc\u00eda (EPCSG). Estudi\u00f3 la licenciatura en Comunicaci\u00f3n en la Universidad Mexicana. Amante de la cr\u00f3nica y el reportaje. Admirador de Vicente Le\u00f1ero y Miguel \u00c1ngel Granados Chapa.","sameAs":["https:\/\/x.com\/https:\/\/twitter.com\/ERosasCU?s=09"],"url":"https:\/\/centrourbano.com\/revista\/author\/edgar-rosas\/"}]}},"_links":{"self":[{"href":"https:\/\/centrourbano.com\/revista\/wp-json\/wp\/v2\/posts\/41759","targetHints":{"allow":["GET"]}}],"collection":[{"href":"https:\/\/centrourbano.com\/revista\/wp-json\/wp\/v2\/posts"}],"about":[{"href":"https:\/\/centrourbano.com\/revista\/wp-json\/wp\/v2\/types\/post"}],"author":[{"embeddable":true,"href":"https:\/\/centrourbano.com\/revista\/wp-json\/wp\/v2\/users\/47"}],"replies":[{"embeddable":true,"href":"https:\/\/centrourbano.com\/revista\/wp-json\/wp\/v2\/comments?post=41759"}],"version-history":[{"count":0,"href":"https:\/\/centrourbano.com\/revista\/wp-json\/wp\/v2\/posts\/41759\/revisions"}],"wp:featuredmedia":[{"embeddable":true,"href":"https:\/\/centrourbano.com\/revista\/wp-json\/wp\/v2\/media\/35791"}],"wp:attachment":[{"href":"https:\/\/centrourbano.com\/revista\/wp-json\/wp\/v2\/media?parent=41759"}],"wp:term":[{"taxonomy":"category","embeddable":true,"href":"https:\/\/centrourbano.com\/revista\/wp-json\/wp\/v2\/categories?post=41759"},{"taxonomy":"post_tag","embeddable":true,"href":"https:\/\/centrourbano.com\/revista\/wp-json\/wp\/v2\/tags?post=41759"}],"curies":[{"name":"wp","href":"https:\/\/api.w.org\/{rel}","templated":true}]}}