{"id":4166,"date":"2014-03-06T09:00:28","date_gmt":"2014-03-06T15:00:28","guid":{"rendered":"http:\/\/centrourbano.com\/?p=4166"},"modified":"2014-03-20T11:11:30","modified_gmt":"2014-03-20T17:11:30","slug":"canadevi-vm-busca-impulsar-normas-en-df","status":"publish","type":"post","link":"https:\/\/centrourbano.com\/revista\/entrevistas\/canadevi-vm-busca-impulsar-normas-en-df\/","title":{"rendered":"Canadevi VM busca impulsar normas en DF"},"content":{"rendered":"<p><em><span>Se prev\u00e9 que este mes la ALDF analice una iniciativa para regular el uso del suelo<\/span><\/em><\/p>\n<p><b><!--more--><\/b><\/p>\n<p>Actualmente, cerca de 30 o 40 por ciento se ha reducido la producci\u00f3n de vivienda en el Distrito Federal, advirti\u00f3 Isaac Memun El\u00edas, vicepresidente del Distrito Federal de la C\u00e1mara Nacional de Desarrollo y Promoci\u00f3n de Vivienda (Canadevi) Valle M\u00e9xico.<\/p>\n<p>Dijo que esto se debe a la incertidumbre en relaci\u00f3n a la Norma 26 suspendida en la ciudad de M\u00e9xico desde agosto pasado, que desincentiva la inversi\u00f3n y que afecta a todo el gremio, as\u00ed como a trabajadores, valuadores, notarios y productores de insumos.<\/p>\n<p>\u201cLa \u00fanica ayuda para el uso de suelo y la densidad era la Norma 26, en el momento que se suspendi\u00f3 estamos en un estado de desconocimiento, se ha parado la inversi\u00f3n en terrenos porque no sabemos cu\u00e1les cumplir\u00e1n las nuevas normas, est\u00e1 parada la inversi\u00f3n en la DF en la vivienda social y popular\u201d, advirti\u00f3.<\/p>\n<p>Cabe recordar que esta norma se suspendi\u00f3 por 60 d\u00edas h\u00e1biles a partir del 8 de octubre de 2012 con la intenci\u00f3n de evaluar los resultados de su operaci\u00f3n; sin embargo, el 19 de agosto de 2013 la Secretar\u00eda de Desarrollo Urbano (Seduvi) suspendi\u00f3 nuevamente la norma hasta la fecha.<\/p>\n<p>Memun El\u00edas expres\u00f3 que se espera que en este mes de marzo se presente a la Asamblea Legislativa del DF una propuesta de norma de ordenamiento para la ciudad de M\u00e9xico, en la que se ha avanzado mucho y donde la Canadevi ha estado trabajando con la dependencia para reactivar el mercado en esta zona del pa\u00eds.<\/p>\n<p>\u201cLa preocupaci\u00f3n es que derivado de algunos desarrolladores que han abusado de los usos de suelo se quieren implementar reglas que afectan al gremio porque traer\u00edan m\u00e1s tramites, tiempos e inseguridad y estar sujetos a criterios de funcionarios para el otorgamiento de autorizaciones\u201d, declar\u00f3.<\/p>\n<p>Indic\u00f3 que cada d\u00eda existen menos \u00e1reas para desarrollar vivienda; mientras que en los pocos terrenos disponibles y susceptibles de desarrollo se han incrementado los costos y se han reducidos los usos del suelo con las literales que identifican las densidades A: alta, M: Media y B: baja, donde s\u00f3lo se permite construir vivienda cada 100 metros, lo cual reduce la capacidad de hacer un desarrollo y de invertir.<\/p>\n<p>\u201cQueremos una norma de vivienda para la ciudad que contemple todo los tipos de vivienda, que se paguen los derechos en funci\u00f3n del tipo de vivienda que se est\u00e1 haciendo pero que se aproveche lo m\u00e1s posible el terreno\u201d, destac\u00f3.<\/p>\n<p>Detall\u00f3 que la Canadevi delegaci\u00f3n Valle de M\u00e9xico se encuentra trabajando tanto con la Seduvi como con la ALDF para encontrar la forma de evitar el mal uso de suelo pero tambi\u00e9n que se permita invertir en el DF y as\u00ed aprovechar la tierra existente antes de tener que derribar edificios.<\/p>\n","protected":false},"excerpt":{"rendered":"<p>Se prev\u00e9 que este mes la ALDF analice una iniciativa para regular el uso del suelo<\/p>\n","protected":false},"author":8,"featured_media":0,"comment_status":"open","ping_status":"closed","sticky":false,"template":"","format":"standard","meta":{"om_disable_all_campaigns":false,"inline_featured_image":false,"_monsterinsights_skip_tracking":false,"_monsterinsights_sitenote_active":false,"_monsterinsights_sitenote_note":"","_monsterinsights_sitenote_category":0,"footnotes":""},"categories":[13],"tags":[332,600,1202,153,126],"class_list":["post-4166","post","type-post","status-publish","format-standard","hentry","category-entrevistas","tag-aldf","tag-canadevi-valle-de-mexico","tag-isaac-memun-elias","tag-norma-26","tag-seduvi"],"yoast_head":"<!-- This site is optimized with the Yoast SEO plugin v27.5 - https:\/\/yoast.com\/product\/yoast-seo-wordpress\/ -->\n<title>Canadevi VM busca impulsar normas en DF -<\/title>\n<meta name=\"description\" content=\"Se prev\u00e9 que este mes la ALDF analice una iniciativa para regular el uso del suelo Actualmente, cerca de 30 o 40 por ciento se ha reducido la producci\u00f3n\" \/>\n<meta name=\"robots\" content=\"index, follow, max-snippet:-1, max-image-preview:large, max-video-preview:-1\" \/>\n<link rel=\"canonical\" href=\"https:\/\/centrourbano.com\/revista\/entrevistas\/canadevi-vm-busca-impulsar-normas-en-df\/\" \/>\n<meta property=\"og:locale\" content=\"es_ES\" \/>\n<meta property=\"og:type\" content=\"article\" \/>\n<meta property=\"og:title\" content=\"Canadevi VM busca impulsar normas en DF -\" \/>\n<meta property=\"og:description\" content=\"Se prev\u00e9 que este mes la ALDF analice una iniciativa para regular el uso del suelo Actualmente, cerca de 30 o 40 por ciento se ha reducido la producci\u00f3n\" \/>\n<meta property=\"og:url\" content=\"https:\/\/centrourbano.com\/revista\/entrevistas\/canadevi-vm-busca-impulsar-normas-en-df\/\" \/>\n<meta property=\"og:site_name\" content=\"Centro Urbano\" \/>\n<meta property=\"article:publisher\" content=\"https:\/\/www.facebook.com\/portalcentrourbano\" \/>\n<meta property=\"article:published_time\" content=\"2014-03-06T15:00:28+00:00\" \/>\n<meta property=\"article:modified_time\" content=\"2014-03-20T17:11:30+00:00\" \/>\n<meta property=\"og:image\" content=\"https:\/\/centrourbano.com\/revista\/wp-content\/uploads\/CU-logo.png\" \/>\n\t<meta property=\"og:image:width\" content=\"350\" \/>\n\t<meta property=\"og:image:height\" content=\"91\" \/>\n\t<meta property=\"og:image:type\" content=\"image\/png\" \/>\n<meta name=\"author\" content=\"Miriam Ram\u00edrez\" \/>\n<meta name=\"twitter:card\" content=\"summary_large_image\" \/>\n<meta name=\"twitter:creator\" content=\"@CentroUrbano\" \/>\n<meta name=\"twitter:site\" content=\"@CentroUrbano\" \/>\n<meta name=\"twitter:label1\" content=\"Escrito por\" \/>\n\t<meta name=\"twitter:data1\" content=\"Miriam Ram\u00edrez\" \/>\n\t<meta name=\"twitter:label2\" content=\"Tiempo de lectura\" \/>\n\t<meta name=\"twitter:data2\" content=\"2 minutos\" \/>\n<script type=\"application\/ld+json\" class=\"yoast-schema-graph\">{\"@context\":\"https:\\\/\\\/schema.org\",\"@graph\":[{\"@type\":\"Article\",\"@id\":\"https:\\\/\\\/centrourbano.com\\\/revista\\\/entrevistas\\\/canadevi-vm-busca-impulsar-normas-en-df\\\/#article\",\"isPartOf\":{\"@id\":\"https:\\\/\\\/centrourbano.com\\\/revista\\\/entrevistas\\\/canadevi-vm-busca-impulsar-normas-en-df\\\/\"},\"author\":{\"name\":\"Miriam Ram\u00edrez\",\"@id\":\"https:\\\/\\\/centrourbano.com\\\/revista\\\/#\\\/schema\\\/person\\\/8e96e5650a1f301864840f24693d98b6\"},\"headline\":\"Canadevi VM busca impulsar normas en DF\",\"datePublished\":\"2014-03-06T15:00:28+00:00\",\"dateModified\":\"2014-03-20T17:11:30+00:00\",\"mainEntityOfPage\":{\"@id\":\"https:\\\/\\\/centrourbano.com\\\/revista\\\/entrevistas\\\/canadevi-vm-busca-impulsar-normas-en-df\\\/\"},\"wordCount\":494,\"commentCount\":0,\"publisher\":{\"@id\":\"https:\\\/\\\/centrourbano.com\\\/revista\\\/#organization\"},\"keywords\":[\"ALDF\",\"Canadevi Valle de M\u00e9xico\",\"Isaac Memun El\u00edas\",\"Norma 26\",\"Seduvi\"],\"articleSection\":[\"Entrevistas\"],\"inLanguage\":\"es\",\"potentialAction\":[{\"@type\":\"CommentAction\",\"name\":\"Comment\",\"target\":[\"https:\\\/\\\/centrourbano.com\\\/revista\\\/entrevistas\\\/canadevi-vm-busca-impulsar-normas-en-df\\\/#respond\"]}]},{\"@type\":\"WebPage\",\"@id\":\"https:\\\/\\\/centrourbano.com\\\/revista\\\/entrevistas\\\/canadevi-vm-busca-impulsar-normas-en-df\\\/\",\"url\":\"https:\\\/\\\/centrourbano.com\\\/revista\\\/entrevistas\\\/canadevi-vm-busca-impulsar-normas-en-df\\\/\",\"name\":\"Canadevi VM busca impulsar normas en DF -\",\"isPartOf\":{\"@id\":\"https:\\\/\\\/centrourbano.com\\\/revista\\\/#website\"},\"datePublished\":\"2014-03-06T15:00:28+00:00\",\"dateModified\":\"2014-03-20T17:11:30+00:00\",\"description\":\"Se prev\u00e9 que este mes la ALDF analice una iniciativa para regular el uso del suelo Actualmente, cerca de 30 o 40 por ciento se ha reducido la producci\u00f3n\",\"breadcrumb\":{\"@id\":\"https:\\\/\\\/centrourbano.com\\\/revista\\\/entrevistas\\\/canadevi-vm-busca-impulsar-normas-en-df\\\/#breadcrumb\"},\"inLanguage\":\"es\",\"potentialAction\":[{\"@type\":\"ReadAction\",\"target\":[\"https:\\\/\\\/centrourbano.com\\\/revista\\\/entrevistas\\\/canadevi-vm-busca-impulsar-normas-en-df\\\/\"]}]},{\"@type\":\"BreadcrumbList\",\"@id\":\"https:\\\/\\\/centrourbano.com\\\/revista\\\/entrevistas\\\/canadevi-vm-busca-impulsar-normas-en-df\\\/#breadcrumb\",\"itemListElement\":[{\"@type\":\"ListItem\",\"position\":1,\"name\":\"Portada\",\"item\":\"https:\\\/\\\/centrourbano.com\\\/revista\\\/\"},{\"@type\":\"ListItem\",\"position\":2,\"name\":\"Canadevi VM busca impulsar normas en DF\"}]},{\"@type\":\"WebSite\",\"@id\":\"https:\\\/\\\/centrourbano.com\\\/revista\\\/#website\",\"url\":\"https:\\\/\\\/centrourbano.com\\\/revista\\\/\",\"name\":\"Centro Urbano\",\"description\":\"Medio especializado en los sectores vivienda, inmobiliario, construcci\u00f3n, arquitectura y urbanismo.\",\"publisher\":{\"@id\":\"https:\\\/\\\/centrourbano.com\\\/revista\\\/#organization\"},\"potentialAction\":[{\"@type\":\"SearchAction\",\"target\":{\"@type\":\"EntryPoint\",\"urlTemplate\":\"https:\\\/\\\/centrourbano.com\\\/revista\\\/?s={search_term_string}\"},\"query-input\":{\"@type\":\"PropertyValueSpecification\",\"valueRequired\":true,\"valueName\":\"search_term_string\"}}],\"inLanguage\":\"es\"},{\"@type\":\"Organization\",\"@id\":\"https:\\\/\\\/centrourbano.com\\\/revista\\\/#organization\",\"name\":\"Centro Urbano\",\"url\":\"https:\\\/\\\/centrourbano.com\\\/revista\\\/\",\"logo\":{\"@type\":\"ImageObject\",\"inLanguage\":\"es\",\"@id\":\"https:\\\/\\\/centrourbano.com\\\/revista\\\/#\\\/schema\\\/logo\\\/image\\\/\",\"url\":\"https:\\\/\\\/centrourbano.com\\\/revista\\\/wp-content\\\/uploads\\\/web_CU_logo-1.png\",\"contentUrl\":\"https:\\\/\\\/centrourbano.com\\\/revista\\\/wp-content\\\/uploads\\\/web_CU_logo-1.png\",\"width\":350,\"height\":91,\"caption\":\"Centro Urbano\"},\"image\":{\"@id\":\"https:\\\/\\\/centrourbano.com\\\/revista\\\/#\\\/schema\\\/logo\\\/image\\\/\"},\"sameAs\":[\"https:\\\/\\\/www.facebook.com\\\/portalcentrourbano\",\"https:\\\/\\\/x.com\\\/CentroUrbano\",\"https:\\\/\\\/www.instagram.com\\\/centro_urbano\\\/\",\"https:\\\/\\\/www.linkedin.com\\\/company\\\/centro-urbano\\\/\",\"http:\\\/\\\/www.youtube.com\\\/user\\\/portalcentrourbano\"]},{\"@type\":\"Person\",\"@id\":\"https:\\\/\\\/centrourbano.com\\\/revista\\\/#\\\/schema\\\/person\\\/8e96e5650a1f301864840f24693d98b6\",\"name\":\"Miriam Ram\u00edrez\",\"image\":{\"@type\":\"ImageObject\",\"inLanguage\":\"es\",\"@id\":\"https:\\\/\\\/secure.gravatar.com\\\/avatar\\\/52e1e49302f0128090863d692f98b177207156043d7f590fa6a3f55395c77a19?s=96&d=mm&r=g\",\"url\":\"https:\\\/\\\/secure.gravatar.com\\\/avatar\\\/52e1e49302f0128090863d692f98b177207156043d7f590fa6a3f55395c77a19?s=96&d=mm&r=g\",\"contentUrl\":\"https:\\\/\\\/secure.gravatar.com\\\/avatar\\\/52e1e49302f0128090863d692f98b177207156043d7f590fa6a3f55395c77a19?s=96&d=mm&r=g\",\"caption\":\"Miriam Ram\u00edrez\"},\"description\":\"Egresada de la FES Arag\u00f3n, UNAM; con experiencia en el ramo agropecuario en el suplemento AgroXXI de Milenio, hoy desde Centro Urbano reporta las noticias con temas que ata\u00f1en a las grandes ramas de la industria habitacional como el sector inmobiliario, hipotecario y vivienda; le apasiona todo aquello que vale la pena: la escritura, la m\u00fasica y la lectura.\",\"sameAs\":[\"http:\\\/\\\/@MiriamR_CU\"],\"url\":\"https:\\\/\\\/centrourbano.com\\\/revista\\\/author\\\/miriam-ramirez\\\/\"}]}<\/script>\n<!-- \/ Yoast SEO plugin. -->","yoast_head_json":{"title":"Canadevi VM busca impulsar normas en DF -","description":"Se prev\u00e9 que este mes la ALDF analice una iniciativa para regular el uso del suelo Actualmente, cerca de 30 o 40 por ciento se ha reducido la producci\u00f3n","robots":{"index":"index","follow":"follow","max-snippet":"max-snippet:-1","max-image-preview":"max-image-preview:large","max-video-preview":"max-video-preview:-1"},"canonical":"https:\/\/centrourbano.com\/revista\/entrevistas\/canadevi-vm-busca-impulsar-normas-en-df\/","og_locale":"es_ES","og_type":"article","og_title":"Canadevi VM busca impulsar normas en DF -","og_description":"Se prev\u00e9 que este mes la ALDF analice una iniciativa para regular el uso del suelo Actualmente, cerca de 30 o 40 por ciento se ha reducido la producci\u00f3n","og_url":"https:\/\/centrourbano.com\/revista\/entrevistas\/canadevi-vm-busca-impulsar-normas-en-df\/","og_site_name":"Centro Urbano","article_publisher":"https:\/\/www.facebook.com\/portalcentrourbano","article_published_time":"2014-03-06T15:00:28+00:00","article_modified_time":"2014-03-20T17:11:30+00:00","og_image":[{"width":350,"height":91,"url":"https:\/\/centrourbano.com\/revista\/wp-content\/uploads\/CU-logo.png","type":"image\/png"}],"author":"Miriam Ram\u00edrez","twitter_card":"summary_large_image","twitter_creator":"@CentroUrbano","twitter_site":"@CentroUrbano","twitter_misc":{"Escrito por":"Miriam Ram\u00edrez","Tiempo de lectura":"2 minutos"},"schema":{"@context":"https:\/\/schema.org","@graph":[{"@type":"Article","@id":"https:\/\/centrourbano.com\/revista\/entrevistas\/canadevi-vm-busca-impulsar-normas-en-df\/#article","isPartOf":{"@id":"https:\/\/centrourbano.com\/revista\/entrevistas\/canadevi-vm-busca-impulsar-normas-en-df\/"},"author":{"name":"Miriam Ram\u00edrez","@id":"https:\/\/centrourbano.com\/revista\/#\/schema\/person\/8e96e5650a1f301864840f24693d98b6"},"headline":"Canadevi VM busca impulsar normas en DF","datePublished":"2014-03-06T15:00:28+00:00","dateModified":"2014-03-20T17:11:30+00:00","mainEntityOfPage":{"@id":"https:\/\/centrourbano.com\/revista\/entrevistas\/canadevi-vm-busca-impulsar-normas-en-df\/"},"wordCount":494,"commentCount":0,"publisher":{"@id":"https:\/\/centrourbano.com\/revista\/#organization"},"keywords":["ALDF","Canadevi Valle de M\u00e9xico","Isaac Memun El\u00edas","Norma 26","Seduvi"],"articleSection":["Entrevistas"],"inLanguage":"es","potentialAction":[{"@type":"CommentAction","name":"Comment","target":["https:\/\/centrourbano.com\/revista\/entrevistas\/canadevi-vm-busca-impulsar-normas-en-df\/#respond"]}]},{"@type":"WebPage","@id":"https:\/\/centrourbano.com\/revista\/entrevistas\/canadevi-vm-busca-impulsar-normas-en-df\/","url":"https:\/\/centrourbano.com\/revista\/entrevistas\/canadevi-vm-busca-impulsar-normas-en-df\/","name":"Canadevi VM busca impulsar normas en DF -","isPartOf":{"@id":"https:\/\/centrourbano.com\/revista\/#website"},"datePublished":"2014-03-06T15:00:28+00:00","dateModified":"2014-03-20T17:11:30+00:00","description":"Se prev\u00e9 que este mes la ALDF analice una iniciativa para regular el uso del suelo Actualmente, cerca de 30 o 40 por ciento se ha reducido la producci\u00f3n","breadcrumb":{"@id":"https:\/\/centrourbano.com\/revista\/entrevistas\/canadevi-vm-busca-impulsar-normas-en-df\/#breadcrumb"},"inLanguage":"es","potentialAction":[{"@type":"ReadAction","target":["https:\/\/centrourbano.com\/revista\/entrevistas\/canadevi-vm-busca-impulsar-normas-en-df\/"]}]},{"@type":"BreadcrumbList","@id":"https:\/\/centrourbano.com\/revista\/entrevistas\/canadevi-vm-busca-impulsar-normas-en-df\/#breadcrumb","itemListElement":[{"@type":"ListItem","position":1,"name":"Portada","item":"https:\/\/centrourbano.com\/revista\/"},{"@type":"ListItem","position":2,"name":"Canadevi VM busca impulsar normas en DF"}]},{"@type":"WebSite","@id":"https:\/\/centrourbano.com\/revista\/#website","url":"https:\/\/centrourbano.com\/revista\/","name":"Centro Urbano","description":"Medio especializado en los sectores vivienda, inmobiliario, construcci\u00f3n, arquitectura y urbanismo.","publisher":{"@id":"https:\/\/centrourbano.com\/revista\/#organization"},"potentialAction":[{"@type":"SearchAction","target":{"@type":"EntryPoint","urlTemplate":"https:\/\/centrourbano.com\/revista\/?s={search_term_string}"},"query-input":{"@type":"PropertyValueSpecification","valueRequired":true,"valueName":"search_term_string"}}],"inLanguage":"es"},{"@type":"Organization","@id":"https:\/\/centrourbano.com\/revista\/#organization","name":"Centro Urbano","url":"https:\/\/centrourbano.com\/revista\/","logo":{"@type":"ImageObject","inLanguage":"es","@id":"https:\/\/centrourbano.com\/revista\/#\/schema\/logo\/image\/","url":"https:\/\/centrourbano.com\/revista\/wp-content\/uploads\/web_CU_logo-1.png","contentUrl":"https:\/\/centrourbano.com\/revista\/wp-content\/uploads\/web_CU_logo-1.png","width":350,"height":91,"caption":"Centro Urbano"},"image":{"@id":"https:\/\/centrourbano.com\/revista\/#\/schema\/logo\/image\/"},"sameAs":["https:\/\/www.facebook.com\/portalcentrourbano","https:\/\/x.com\/CentroUrbano","https:\/\/www.instagram.com\/centro_urbano\/","https:\/\/www.linkedin.com\/company\/centro-urbano\/","http:\/\/www.youtube.com\/user\/portalcentrourbano"]},{"@type":"Person","@id":"https:\/\/centrourbano.com\/revista\/#\/schema\/person\/8e96e5650a1f301864840f24693d98b6","name":"Miriam Ram\u00edrez","image":{"@type":"ImageObject","inLanguage":"es","@id":"https:\/\/secure.gravatar.com\/avatar\/52e1e49302f0128090863d692f98b177207156043d7f590fa6a3f55395c77a19?s=96&d=mm&r=g","url":"https:\/\/secure.gravatar.com\/avatar\/52e1e49302f0128090863d692f98b177207156043d7f590fa6a3f55395c77a19?s=96&d=mm&r=g","contentUrl":"https:\/\/secure.gravatar.com\/avatar\/52e1e49302f0128090863d692f98b177207156043d7f590fa6a3f55395c77a19?s=96&d=mm&r=g","caption":"Miriam Ram\u00edrez"},"description":"Egresada de la FES Arag\u00f3n, UNAM; con experiencia en el ramo agropecuario en el suplemento AgroXXI de Milenio, hoy desde Centro Urbano reporta las noticias con temas que ata\u00f1en a las grandes ramas de la industria habitacional como el sector inmobiliario, hipotecario y vivienda; le apasiona todo aquello que vale la pena: la escritura, la m\u00fasica y la lectura.","sameAs":["http:\/\/@MiriamR_CU"],"url":"https:\/\/centrourbano.com\/revista\/author\/miriam-ramirez\/"}]}},"_links":{"self":[{"href":"https:\/\/centrourbano.com\/revista\/wp-json\/wp\/v2\/posts\/4166","targetHints":{"allow":["GET"]}}],"collection":[{"href":"https:\/\/centrourbano.com\/revista\/wp-json\/wp\/v2\/posts"}],"about":[{"href":"https:\/\/centrourbano.com\/revista\/wp-json\/wp\/v2\/types\/post"}],"author":[{"embeddable":true,"href":"https:\/\/centrourbano.com\/revista\/wp-json\/wp\/v2\/users\/8"}],"replies":[{"embeddable":true,"href":"https:\/\/centrourbano.com\/revista\/wp-json\/wp\/v2\/comments?post=4166"}],"version-history":[{"count":0,"href":"https:\/\/centrourbano.com\/revista\/wp-json\/wp\/v2\/posts\/4166\/revisions"}],"wp:attachment":[{"href":"https:\/\/centrourbano.com\/revista\/wp-json\/wp\/v2\/media?parent=4166"}],"wp:term":[{"taxonomy":"category","embeddable":true,"href":"https:\/\/centrourbano.com\/revista\/wp-json\/wp\/v2\/categories?post=4166"},{"taxonomy":"post_tag","embeddable":true,"href":"https:\/\/centrourbano.com\/revista\/wp-json\/wp\/v2\/tags?post=4166"}],"curies":[{"name":"wp","href":"https:\/\/api.w.org\/{rel}","templated":true}]}}