{"id":41650,"date":"2016-10-10T14:02:36","date_gmt":"2016-10-10T19:02:36","guid":{"rendered":"https:\/\/centrourbano.com\/?p=41650"},"modified":"2016-10-10T14:02:36","modified_gmt":"2016-10-10T19:02:36","slug":"convocan-realizar-pabellon-feria-las-culturas-amigas-2017","status":"publish","type":"post","link":"https:\/\/centrourbano.com\/revista\/arquitectura-2\/convocan-realizar-pabellon-feria-las-culturas-amigas-2017\/","title":{"rendered":"Convocan para realizar el Pabell\u00f3n Feria de las Culturas Amigas 2017"},"content":{"rendered":"<p><em>Los participantes deber\u00e1n presentar su postulaci\u00f3n a m\u00e1s tardar el 17 de octubre de 2016, a las 18:00 horas<br \/>\n<\/em><!--more--><\/p>\n<p>La Feria de las Culturas Amigas es uno de los eventos culturales de car\u00e1cter internacional m\u00e1s importantes de la Ciudad de M\u00e9xico, donde sus visitantes tienen la posibilidad de conocer m\u00e1s sobre la cultura, tradiciones y costumbres de distintas naciones mediante la presentaci\u00f3n de stands representativos y actividades art\u00edsticas. <\/p>\n<p>Por tal motivo, en d\u00edas pasados el Gobierno de la Ciudad de M\u00e9xico, a trav\u00e9s de la Coordinaci\u00f3n General de Asuntos Internacionales (CGAI), con el apoyo t\u00e9cnico de LIGA, Espacio para Arquitectura, abri\u00f3 la Segunda Convocatoria para el Proyecto Conceptual de la Intervenci\u00f3n Arquitect\u00f3nica de la Feria de las Culturas Amigas (FCA).<\/p>\n<p>En \u00e9sta podr\u00e1n participar arquitectos, urbanistas, ingenieros y dise\u00f1adores que sean de nacionalidad mexicana, residan en la Ciudad de M\u00e9xico y est\u00e9n habilitados para ejercer.<\/p>\n<p>La convocatoria se organiza en dos etapas: la primera consiste en una invitaci\u00f3n abierta a arquitectos, urbanistas, ingenieros y dise\u00f1adores que sean de nacionalidad mexicana, residan en la Ciudad de M\u00e9xico y est\u00e9n habilitados para ejercer, a presentar su candidatura. En esta etapa se recibir\u00e1 la documentaci\u00f3n y portafolios de aquellos interesados en participar en la convocatoria, las cuales se someter\u00e1n a un proceso de evaluaci\u00f3n, con la finalidad de seleccionar a cinco finalistas que participar\u00e1n en la segunda etapa.<\/p>\n<p>En tanto, la segunda etapa consiste en el desarrollo y presentaci\u00f3n por parte de cinco participantes finalistas de un proyecto arquitect\u00f3nico conceptual para la Feria de las Culturas Amigas 2017.<\/p>\n<p>Los participantes deber\u00e1n presentar su postulaci\u00f3n ante la Coordinaci\u00f3n General de Asuntos Internacionales (CGAI), teniendo como fecha l\u00edmite el 17 de octubre de 2016, a las 18:00 horas.<\/p>\n<p>El jurado, con base en los portafolios, seleccionar\u00e1 a los cinco participantes que consideren m\u00e1s adecuados para el desarrollo del proyecto conceptual de la Feria de las Culturas Amigas 2017, bas\u00e1ndose en criterios como: experiencia general; experiencia con espacio p\u00fablico y proyectos similares; calidad arquitect\u00f3nica de los proyectos realizados hasta el momento y visi\u00f3n de la oficina.<\/p>\n<p>Los resultados de la primera etapa se publicar\u00e1n el 24 de octubre de 2016 en el sitio web http:\/\/www.internacionales.cdmx.gob.mx\/convocatoriafca2017.<br \/>\nLos cinco participantes seleccionados en la primera etapa deber\u00e1n presentar una propuesta arquitect\u00f3nica conceptual y espacial con criterios de soluciones constructivas del proyecto.<\/p>\n<p>Para m\u00e1s informaci\u00f3n visita http:\/\/www.internacionales.cdmx.gob.mx\/convocatoriafca2017\/#bases.html<\/p>\n","protected":false},"excerpt":{"rendered":"<p>Los participantes deber\u00e1n presentar su postulaci\u00f3n a m\u00e1s tardar el 17 de octubre de 2016, a las 18:00 horas<\/p>\n","protected":false},"author":9,"featured_media":41651,"comment_status":"open","ping_status":"closed","sticky":false,"template":"","format":"standard","meta":{"om_disable_all_campaigns":false,"inline_featured_image":false,"_monsterinsights_skip_tracking":false,"_monsterinsights_sitenote_active":false,"_monsterinsights_sitenote_note":"","_monsterinsights_sitenote_category":0,"footnotes":""},"categories":[81],"tags":[20,8567,5089,8659],"class_list":["post-41650","post","type-post","status-publish","format-standard","has-post-thumbnail","hentry","category-arquitectura-2","tag-arquitectura","tag-fca-2017","tag-feria-de-las-culturas-amigas","tag-feria-de-las-culturas-amigas-2017"],"yoast_head":"<!-- This site is optimized with the Yoast SEO plugin v27.5 - https:\/\/yoast.com\/product\/yoast-seo-wordpress\/ -->\n<title>Convocan para realizar el Pabell\u00f3n Feria de las Culturas Amigas 2017<\/title>\n<meta name=\"description\" content=\"Los participantes deber\u00e1n presentar su postulaci\u00f3n a m\u00e1s tardar el 17 de octubre de 2016, a las 18:00 horas\" \/>\n<meta name=\"robots\" content=\"index, follow, max-snippet:-1, max-image-preview:large, max-video-preview:-1\" \/>\n<link rel=\"canonical\" href=\"https:\/\/centrourbano.com\/revista\/arquitectura-2\/convocan-realizar-pabellon-feria-las-culturas-amigas-2017\/\" \/>\n<meta property=\"og:locale\" content=\"es_ES\" \/>\n<meta property=\"og:type\" content=\"article\" \/>\n<meta property=\"og:title\" content=\"Convocan para realizar el Pabell\u00f3n Feria de las Culturas Amigas 2017\" \/>\n<meta property=\"og:description\" content=\"Los participantes deber\u00e1n presentar su postulaci\u00f3n a m\u00e1s tardar el 17 de octubre de 2016, a las 18:00 horas\" \/>\n<meta property=\"og:url\" content=\"https:\/\/centrourbano.com\/revista\/arquitectura-2\/convocan-realizar-pabellon-feria-las-culturas-amigas-2017\/\" \/>\n<meta property=\"og:site_name\" content=\"Centro Urbano\" \/>\n<meta property=\"article:publisher\" content=\"https:\/\/www.facebook.com\/portalcentrourbano\" \/>\n<meta property=\"article:published_time\" content=\"2016-10-10T19:02:36+00:00\" \/>\n<meta property=\"og:image\" content=\"https:\/\/centrourbano.com\/revista\/wp-content\/uploads\/unnamed-38.jpg\" \/>\n\t<meta property=\"og:image:width\" content=\"800\" \/>\n\t<meta property=\"og:image:height\" content=\"533\" \/>\n\t<meta property=\"og:image:type\" content=\"image\/jpeg\" \/>\n<meta name=\"author\" content=\"Dinorah Nava\" \/>\n<meta name=\"twitter:card\" content=\"summary_large_image\" \/>\n<meta name=\"twitter:creator\" content=\"@https:\/\/twitter.com\/Dinorah_Nava28\" \/>\n<meta name=\"twitter:site\" content=\"@CentroUrbano\" \/>\n<meta name=\"twitter:label1\" content=\"Escrito por\" \/>\n\t<meta name=\"twitter:data1\" content=\"Dinorah Nava\" \/>\n\t<meta name=\"twitter:label2\" content=\"Tiempo de lectura\" \/>\n\t<meta name=\"twitter:data2\" content=\"2 minutos\" \/>\n<script type=\"application\/ld+json\" class=\"yoast-schema-graph\">{\"@context\":\"https:\\\/\\\/schema.org\",\"@graph\":[{\"@type\":\"Article\",\"@id\":\"https:\\\/\\\/centrourbano.com\\\/revista\\\/arquitectura-2\\\/convocan-realizar-pabellon-feria-las-culturas-amigas-2017\\\/#article\",\"isPartOf\":{\"@id\":\"https:\\\/\\\/centrourbano.com\\\/revista\\\/arquitectura-2\\\/convocan-realizar-pabellon-feria-las-culturas-amigas-2017\\\/\"},\"author\":{\"name\":\"Dinorah Nava\",\"@id\":\"https:\\\/\\\/centrourbano.com\\\/revista\\\/#\\\/schema\\\/person\\\/baa9e569588d5544150642a11ad28b8b\"},\"headline\":\"Convocan para realizar el Pabell\u00f3n Feria de las Culturas Amigas 2017\",\"datePublished\":\"2016-10-10T19:02:36+00:00\",\"mainEntityOfPage\":{\"@id\":\"https:\\\/\\\/centrourbano.com\\\/revista\\\/arquitectura-2\\\/convocan-realizar-pabellon-feria-las-culturas-amigas-2017\\\/\"},\"wordCount\":446,\"commentCount\":0,\"publisher\":{\"@id\":\"https:\\\/\\\/centrourbano.com\\\/revista\\\/#organization\"},\"image\":{\"@id\":\"https:\\\/\\\/centrourbano.com\\\/revista\\\/arquitectura-2\\\/convocan-realizar-pabellon-feria-las-culturas-amigas-2017\\\/#primaryimage\"},\"thumbnailUrl\":\"https:\\\/\\\/centrourbano.com\\\/revista\\\/wp-content\\\/uploads\\\/unnamed-38.jpg\",\"keywords\":[\"arquitectura\",\"FCA 2017\",\"Feria de las Culturas Amigas\",\"Feria de las Culturas Amigas 2017\"],\"articleSection\":[\"Arquitectura\"],\"inLanguage\":\"es\",\"potentialAction\":[{\"@type\":\"CommentAction\",\"name\":\"Comment\",\"target\":[\"https:\\\/\\\/centrourbano.com\\\/revista\\\/arquitectura-2\\\/convocan-realizar-pabellon-feria-las-culturas-amigas-2017\\\/#respond\"]}]},{\"@type\":\"WebPage\",\"@id\":\"https:\\\/\\\/centrourbano.com\\\/revista\\\/arquitectura-2\\\/convocan-realizar-pabellon-feria-las-culturas-amigas-2017\\\/\",\"url\":\"https:\\\/\\\/centrourbano.com\\\/revista\\\/arquitectura-2\\\/convocan-realizar-pabellon-feria-las-culturas-amigas-2017\\\/\",\"name\":\"Convocan para realizar el Pabell\u00f3n Feria de las Culturas Amigas 2017\",\"isPartOf\":{\"@id\":\"https:\\\/\\\/centrourbano.com\\\/revista\\\/#website\"},\"primaryImageOfPage\":{\"@id\":\"https:\\\/\\\/centrourbano.com\\\/revista\\\/arquitectura-2\\\/convocan-realizar-pabellon-feria-las-culturas-amigas-2017\\\/#primaryimage\"},\"image\":{\"@id\":\"https:\\\/\\\/centrourbano.com\\\/revista\\\/arquitectura-2\\\/convocan-realizar-pabellon-feria-las-culturas-amigas-2017\\\/#primaryimage\"},\"thumbnailUrl\":\"https:\\\/\\\/centrourbano.com\\\/revista\\\/wp-content\\\/uploads\\\/unnamed-38.jpg\",\"datePublished\":\"2016-10-10T19:02:36+00:00\",\"description\":\"Los participantes deber\u00e1n presentar su postulaci\u00f3n a m\u00e1s tardar el 17 de octubre de 2016, a las 18:00 horas\",\"breadcrumb\":{\"@id\":\"https:\\\/\\\/centrourbano.com\\\/revista\\\/arquitectura-2\\\/convocan-realizar-pabellon-feria-las-culturas-amigas-2017\\\/#breadcrumb\"},\"inLanguage\":\"es\",\"potentialAction\":[{\"@type\":\"ReadAction\",\"target\":[\"https:\\\/\\\/centrourbano.com\\\/revista\\\/arquitectura-2\\\/convocan-realizar-pabellon-feria-las-culturas-amigas-2017\\\/\"]}]},{\"@type\":\"ImageObject\",\"inLanguage\":\"es\",\"@id\":\"https:\\\/\\\/centrourbano.com\\\/revista\\\/arquitectura-2\\\/convocan-realizar-pabellon-feria-las-culturas-amigas-2017\\\/#primaryimage\",\"url\":\"https:\\\/\\\/centrourbano.com\\\/revista\\\/wp-content\\\/uploads\\\/unnamed-38.jpg\",\"contentUrl\":\"https:\\\/\\\/centrourbano.com\\\/revista\\\/wp-content\\\/uploads\\\/unnamed-38.jpg\",\"width\":800,\"height\":533,\"caption\":\"Los participantes deber\u00e1n presentar su postulaci\u00f3n a m\u00e1s tardar el 17 de octubre de 2016, a las 18:00 horas\"},{\"@type\":\"BreadcrumbList\",\"@id\":\"https:\\\/\\\/centrourbano.com\\\/revista\\\/arquitectura-2\\\/convocan-realizar-pabellon-feria-las-culturas-amigas-2017\\\/#breadcrumb\",\"itemListElement\":[{\"@type\":\"ListItem\",\"position\":1,\"name\":\"Portada\",\"item\":\"https:\\\/\\\/centrourbano.com\\\/revista\\\/\"},{\"@type\":\"ListItem\",\"position\":2,\"name\":\"Convocan para realizar el Pabell\u00f3n Feria de las Culturas Amigas 2017\"}]},{\"@type\":\"WebSite\",\"@id\":\"https:\\\/\\\/centrourbano.com\\\/revista\\\/#website\",\"url\":\"https:\\\/\\\/centrourbano.com\\\/revista\\\/\",\"name\":\"Centro Urbano\",\"description\":\"Medio especializado en los sectores vivienda, inmobiliario, construcci\u00f3n, arquitectura y urbanismo.\",\"publisher\":{\"@id\":\"https:\\\/\\\/centrourbano.com\\\/revista\\\/#organization\"},\"potentialAction\":[{\"@type\":\"SearchAction\",\"target\":{\"@type\":\"EntryPoint\",\"urlTemplate\":\"https:\\\/\\\/centrourbano.com\\\/revista\\\/?s={search_term_string}\"},\"query-input\":{\"@type\":\"PropertyValueSpecification\",\"valueRequired\":true,\"valueName\":\"search_term_string\"}}],\"inLanguage\":\"es\"},{\"@type\":\"Organization\",\"@id\":\"https:\\\/\\\/centrourbano.com\\\/revista\\\/#organization\",\"name\":\"Centro Urbano\",\"url\":\"https:\\\/\\\/centrourbano.com\\\/revista\\\/\",\"logo\":{\"@type\":\"ImageObject\",\"inLanguage\":\"es\",\"@id\":\"https:\\\/\\\/centrourbano.com\\\/revista\\\/#\\\/schema\\\/logo\\\/image\\\/\",\"url\":\"https:\\\/\\\/centrourbano.com\\\/revista\\\/wp-content\\\/uploads\\\/web_CU_logo-1.png\",\"contentUrl\":\"https:\\\/\\\/centrourbano.com\\\/revista\\\/wp-content\\\/uploads\\\/web_CU_logo-1.png\",\"width\":350,\"height\":91,\"caption\":\"Centro Urbano\"},\"image\":{\"@id\":\"https:\\\/\\\/centrourbano.com\\\/revista\\\/#\\\/schema\\\/logo\\\/image\\\/\"},\"sameAs\":[\"https:\\\/\\\/www.facebook.com\\\/portalcentrourbano\",\"https:\\\/\\\/x.com\\\/CentroUrbano\",\"https:\\\/\\\/www.instagram.com\\\/centro_urbano\\\/\",\"https:\\\/\\\/www.linkedin.com\\\/company\\\/centro-urbano\\\/\",\"http:\\\/\\\/www.youtube.com\\\/user\\\/portalcentrourbano\"]},{\"@type\":\"Person\",\"@id\":\"https:\\\/\\\/centrourbano.com\\\/revista\\\/#\\\/schema\\\/person\\\/baa9e569588d5544150642a11ad28b8b\",\"name\":\"Dinorah Nava\",\"image\":{\"@type\":\"ImageObject\",\"inLanguage\":\"es\",\"@id\":\"https:\\\/\\\/secure.gravatar.com\\\/avatar\\\/f6ca6430c51d147f363940f84e1225aa4b8183885c11802cc3b042305a4ecc1a?s=96&d=mm&r=g\",\"url\":\"https:\\\/\\\/secure.gravatar.com\\\/avatar\\\/f6ca6430c51d147f363940f84e1225aa4b8183885c11802cc3b042305a4ecc1a?s=96&d=mm&r=g\",\"contentUrl\":\"https:\\\/\\\/secure.gravatar.com\\\/avatar\\\/f6ca6430c51d147f363940f84e1225aa4b8183885c11802cc3b042305a4ecc1a?s=96&d=mm&r=g\",\"caption\":\"Dinorah Nava\"},\"description\":\"Editora de Contenidos y Estrategias Digitales en Centro Urbano y Coeditora en Peri\u00f3dico Mi Casa. Egresada de la licenciatura en Comunicaci\u00f3n y Periodismo de la Facultad de Estudios Superiores Arag\u00f3n (UNAM). Amante de la edici\u00f3n y correcci\u00f3n de estilo, las redes sociales y el mundo digital. Especialista en temas son arquitectura, inmobiliario y urbanismo.\",\"sameAs\":[\"linkedin.com\\\/in\\\/dinorah-nava\",\"https:\\\/\\\/x.com\\\/https:\\\/\\\/twitter.com\\\/Dinorah_Nava28\"],\"url\":\"https:\\\/\\\/centrourbano.com\\\/revista\\\/author\\\/dinorah-nava\\\/\"}]}<\/script>\n<!-- \/ Yoast SEO plugin. -->","yoast_head_json":{"title":"Convocan para realizar el Pabell\u00f3n Feria de las Culturas Amigas 2017","description":"Los participantes deber\u00e1n presentar su postulaci\u00f3n a m\u00e1s tardar el 17 de octubre de 2016, a las 18:00 horas","robots":{"index":"index","follow":"follow","max-snippet":"max-snippet:-1","max-image-preview":"max-image-preview:large","max-video-preview":"max-video-preview:-1"},"canonical":"https:\/\/centrourbano.com\/revista\/arquitectura-2\/convocan-realizar-pabellon-feria-las-culturas-amigas-2017\/","og_locale":"es_ES","og_type":"article","og_title":"Convocan para realizar el Pabell\u00f3n Feria de las Culturas Amigas 2017","og_description":"Los participantes deber\u00e1n presentar su postulaci\u00f3n a m\u00e1s tardar el 17 de octubre de 2016, a las 18:00 horas","og_url":"https:\/\/centrourbano.com\/revista\/arquitectura-2\/convocan-realizar-pabellon-feria-las-culturas-amigas-2017\/","og_site_name":"Centro Urbano","article_publisher":"https:\/\/www.facebook.com\/portalcentrourbano","article_published_time":"2016-10-10T19:02:36+00:00","og_image":[{"width":800,"height":533,"url":"https:\/\/centrourbano.com\/revista\/wp-content\/uploads\/unnamed-38.jpg","type":"image\/jpeg"}],"author":"Dinorah Nava","twitter_card":"summary_large_image","twitter_creator":"@https:\/\/twitter.com\/Dinorah_Nava28","twitter_site":"@CentroUrbano","twitter_misc":{"Escrito por":"Dinorah Nava","Tiempo de lectura":"2 minutos"},"schema":{"@context":"https:\/\/schema.org","@graph":[{"@type":"Article","@id":"https:\/\/centrourbano.com\/revista\/arquitectura-2\/convocan-realizar-pabellon-feria-las-culturas-amigas-2017\/#article","isPartOf":{"@id":"https:\/\/centrourbano.com\/revista\/arquitectura-2\/convocan-realizar-pabellon-feria-las-culturas-amigas-2017\/"},"author":{"name":"Dinorah Nava","@id":"https:\/\/centrourbano.com\/revista\/#\/schema\/person\/baa9e569588d5544150642a11ad28b8b"},"headline":"Convocan para realizar el Pabell\u00f3n Feria de las Culturas Amigas 2017","datePublished":"2016-10-10T19:02:36+00:00","mainEntityOfPage":{"@id":"https:\/\/centrourbano.com\/revista\/arquitectura-2\/convocan-realizar-pabellon-feria-las-culturas-amigas-2017\/"},"wordCount":446,"commentCount":0,"publisher":{"@id":"https:\/\/centrourbano.com\/revista\/#organization"},"image":{"@id":"https:\/\/centrourbano.com\/revista\/arquitectura-2\/convocan-realizar-pabellon-feria-las-culturas-amigas-2017\/#primaryimage"},"thumbnailUrl":"https:\/\/centrourbano.com\/revista\/wp-content\/uploads\/unnamed-38.jpg","keywords":["arquitectura","FCA 2017","Feria de las Culturas Amigas","Feria de las Culturas Amigas 2017"],"articleSection":["Arquitectura"],"inLanguage":"es","potentialAction":[{"@type":"CommentAction","name":"Comment","target":["https:\/\/centrourbano.com\/revista\/arquitectura-2\/convocan-realizar-pabellon-feria-las-culturas-amigas-2017\/#respond"]}]},{"@type":"WebPage","@id":"https:\/\/centrourbano.com\/revista\/arquitectura-2\/convocan-realizar-pabellon-feria-las-culturas-amigas-2017\/","url":"https:\/\/centrourbano.com\/revista\/arquitectura-2\/convocan-realizar-pabellon-feria-las-culturas-amigas-2017\/","name":"Convocan para realizar el Pabell\u00f3n Feria de las Culturas Amigas 2017","isPartOf":{"@id":"https:\/\/centrourbano.com\/revista\/#website"},"primaryImageOfPage":{"@id":"https:\/\/centrourbano.com\/revista\/arquitectura-2\/convocan-realizar-pabellon-feria-las-culturas-amigas-2017\/#primaryimage"},"image":{"@id":"https:\/\/centrourbano.com\/revista\/arquitectura-2\/convocan-realizar-pabellon-feria-las-culturas-amigas-2017\/#primaryimage"},"thumbnailUrl":"https:\/\/centrourbano.com\/revista\/wp-content\/uploads\/unnamed-38.jpg","datePublished":"2016-10-10T19:02:36+00:00","description":"Los participantes deber\u00e1n presentar su postulaci\u00f3n a m\u00e1s tardar el 17 de octubre de 2016, a las 18:00 horas","breadcrumb":{"@id":"https:\/\/centrourbano.com\/revista\/arquitectura-2\/convocan-realizar-pabellon-feria-las-culturas-amigas-2017\/#breadcrumb"},"inLanguage":"es","potentialAction":[{"@type":"ReadAction","target":["https:\/\/centrourbano.com\/revista\/arquitectura-2\/convocan-realizar-pabellon-feria-las-culturas-amigas-2017\/"]}]},{"@type":"ImageObject","inLanguage":"es","@id":"https:\/\/centrourbano.com\/revista\/arquitectura-2\/convocan-realizar-pabellon-feria-las-culturas-amigas-2017\/#primaryimage","url":"https:\/\/centrourbano.com\/revista\/wp-content\/uploads\/unnamed-38.jpg","contentUrl":"https:\/\/centrourbano.com\/revista\/wp-content\/uploads\/unnamed-38.jpg","width":800,"height":533,"caption":"Los participantes deber\u00e1n presentar su postulaci\u00f3n a m\u00e1s tardar el 17 de octubre de 2016, a las 18:00 horas"},{"@type":"BreadcrumbList","@id":"https:\/\/centrourbano.com\/revista\/arquitectura-2\/convocan-realizar-pabellon-feria-las-culturas-amigas-2017\/#breadcrumb","itemListElement":[{"@type":"ListItem","position":1,"name":"Portada","item":"https:\/\/centrourbano.com\/revista\/"},{"@type":"ListItem","position":2,"name":"Convocan para realizar el Pabell\u00f3n Feria de las Culturas Amigas 2017"}]},{"@type":"WebSite","@id":"https:\/\/centrourbano.com\/revista\/#website","url":"https:\/\/centrourbano.com\/revista\/","name":"Centro Urbano","description":"Medio especializado en los sectores vivienda, inmobiliario, construcci\u00f3n, arquitectura y urbanismo.","publisher":{"@id":"https:\/\/centrourbano.com\/revista\/#organization"},"potentialAction":[{"@type":"SearchAction","target":{"@type":"EntryPoint","urlTemplate":"https:\/\/centrourbano.com\/revista\/?s={search_term_string}"},"query-input":{"@type":"PropertyValueSpecification","valueRequired":true,"valueName":"search_term_string"}}],"inLanguage":"es"},{"@type":"Organization","@id":"https:\/\/centrourbano.com\/revista\/#organization","name":"Centro Urbano","url":"https:\/\/centrourbano.com\/revista\/","logo":{"@type":"ImageObject","inLanguage":"es","@id":"https:\/\/centrourbano.com\/revista\/#\/schema\/logo\/image\/","url":"https:\/\/centrourbano.com\/revista\/wp-content\/uploads\/web_CU_logo-1.png","contentUrl":"https:\/\/centrourbano.com\/revista\/wp-content\/uploads\/web_CU_logo-1.png","width":350,"height":91,"caption":"Centro Urbano"},"image":{"@id":"https:\/\/centrourbano.com\/revista\/#\/schema\/logo\/image\/"},"sameAs":["https:\/\/www.facebook.com\/portalcentrourbano","https:\/\/x.com\/CentroUrbano","https:\/\/www.instagram.com\/centro_urbano\/","https:\/\/www.linkedin.com\/company\/centro-urbano\/","http:\/\/www.youtube.com\/user\/portalcentrourbano"]},{"@type":"Person","@id":"https:\/\/centrourbano.com\/revista\/#\/schema\/person\/baa9e569588d5544150642a11ad28b8b","name":"Dinorah Nava","image":{"@type":"ImageObject","inLanguage":"es","@id":"https:\/\/secure.gravatar.com\/avatar\/f6ca6430c51d147f363940f84e1225aa4b8183885c11802cc3b042305a4ecc1a?s=96&d=mm&r=g","url":"https:\/\/secure.gravatar.com\/avatar\/f6ca6430c51d147f363940f84e1225aa4b8183885c11802cc3b042305a4ecc1a?s=96&d=mm&r=g","contentUrl":"https:\/\/secure.gravatar.com\/avatar\/f6ca6430c51d147f363940f84e1225aa4b8183885c11802cc3b042305a4ecc1a?s=96&d=mm&r=g","caption":"Dinorah Nava"},"description":"Editora de Contenidos y Estrategias Digitales en Centro Urbano y Coeditora en Peri\u00f3dico Mi Casa. Egresada de la licenciatura en Comunicaci\u00f3n y Periodismo de la Facultad de Estudios Superiores Arag\u00f3n (UNAM). Amante de la edici\u00f3n y correcci\u00f3n de estilo, las redes sociales y el mundo digital. Especialista en temas son arquitectura, inmobiliario y urbanismo.","sameAs":["linkedin.com\/in\/dinorah-nava","https:\/\/x.com\/https:\/\/twitter.com\/Dinorah_Nava28"],"url":"https:\/\/centrourbano.com\/revista\/author\/dinorah-nava\/"}]}},"_links":{"self":[{"href":"https:\/\/centrourbano.com\/revista\/wp-json\/wp\/v2\/posts\/41650","targetHints":{"allow":["GET"]}}],"collection":[{"href":"https:\/\/centrourbano.com\/revista\/wp-json\/wp\/v2\/posts"}],"about":[{"href":"https:\/\/centrourbano.com\/revista\/wp-json\/wp\/v2\/types\/post"}],"author":[{"embeddable":true,"href":"https:\/\/centrourbano.com\/revista\/wp-json\/wp\/v2\/users\/9"}],"replies":[{"embeddable":true,"href":"https:\/\/centrourbano.com\/revista\/wp-json\/wp\/v2\/comments?post=41650"}],"version-history":[{"count":0,"href":"https:\/\/centrourbano.com\/revista\/wp-json\/wp\/v2\/posts\/41650\/revisions"}],"wp:featuredmedia":[{"embeddable":true,"href":"https:\/\/centrourbano.com\/revista\/wp-json\/wp\/v2\/media\/41651"}],"wp:attachment":[{"href":"https:\/\/centrourbano.com\/revista\/wp-json\/wp\/v2\/media?parent=41650"}],"wp:term":[{"taxonomy":"category","embeddable":true,"href":"https:\/\/centrourbano.com\/revista\/wp-json\/wp\/v2\/categories?post=41650"},{"taxonomy":"post_tag","embeddable":true,"href":"https:\/\/centrourbano.com\/revista\/wp-json\/wp\/v2\/tags?post=41650"}],"curies":[{"name":"wp","href":"https:\/\/api.w.org\/{rel}","templated":true}]}}