{"id":41389,"date":"2016-10-05T11:46:34","date_gmt":"2016-10-05T16:46:34","guid":{"rendered":"https:\/\/centrourbano.com\/?p=41389"},"modified":"2016-10-05T11:46:34","modified_gmt":"2016-10-05T16:46:34","slug":"41389-2","status":"publish","type":"post","link":"https:\/\/centrourbano.com\/revista\/vivienda\/41389-2\/","title":{"rendered":"Presentan Programa General de Desarrollo Urbano"},"content":{"rendered":"<p><em>Esperan su aprobaci\u00f3n en el mes de noviembre<\/em><br \/>\n<!--more--><\/p>\n<p>En el marco de la glosa del Cuarto Informe del Jefe de Gobierno, Felipe de Jes\u00fas Guti\u00e9rrez G., titular de la Secretaria de Desarrollo Urbano y Vivienda (SEDUVI), present\u00f3 el Programa General de Desarrollo Urbano (PGDU) el cual se cre\u00f3 con esfuerzo plural y colectivo.<\/p>\n<p>El Programa ser\u00e1 entregado a la Asamblea Legislativa del Distrito Federal (ALDF), para que sea revisado y aprobado en el mes de noviembre; aplicar\u00e1<br \/>\nen todos los niveles de planeaci\u00f3n y gesti\u00f3n, incluidos los Sistemas de Actuaci\u00f3n por Cooperaci\u00f3n (SAC), a trav\u00e9s de mesas trabajo permanentes con todos los actores involucrados.<\/p>\n<p>\u201cNuestro compromiso con la planeaci\u00f3n participativa est\u00e1 demostrado: en s\u00f3lo un a\u00f1o, el Consejo para el Desarrollo Urbano Sustentable (CONDUSE), se transform\u00f3 de ser un comit\u00e9 de expertos y funcionarios, en un \u00f3rgano de amplia participaci\u00f3n ciudadana que abona a la gobernanza\u201d.<\/p>\n<p>El titular de la SEDUVI dijo que ahora la planeaci\u00f3n urbana se debe realizar de manera conjunta para mejorar el marco normativo del desarrollo urbano. \u201cHagamos una Ciudad incluyente, equitativa, sustentable, participativa, colectiva, prospera y din\u00e1mica\u201d, subray\u00f3.<\/p>\n","protected":false},"excerpt":{"rendered":"<p>Esperan su aprobaci\u00f3n en el mes de noviembre<\/p>\n","protected":false},"author":48,"featured_media":41394,"comment_status":"open","ping_status":"closed","sticky":false,"template":"","format":"standard","meta":{"om_disable_all_campaigns":false,"inline_featured_image":false,"_monsterinsights_skip_tracking":false,"_monsterinsights_sitenote_active":false,"_monsterinsights_sitenote_note":"","_monsterinsights_sitenote_category":0,"footnotes":""},"categories":[12],"tags":[],"class_list":["post-41389","post","type-post","status-publish","format-standard","has-post-thumbnail","hentry","category-vivienda"],"yoast_head":"<!-- This site is optimized with the Yoast SEO plugin v27.4 - https:\/\/yoast.com\/product\/yoast-seo-wordpress\/ -->\n<title>Presentan Programa General de Desarrollo Urbano -<\/title>\n<meta name=\"description\" content=\"En el marco de la glosa del Cuarto Informe del Jefe de Gobierno, Felipe de Jes\u00fas Guti\u00e9rrez G., titular de la Secretaria de Desarrollo Urbano y Vivienda (SEDUVI), present\u00f3 el Programa General de Desarrollo Urbano (PGDU) el cual se cre\u00f3 con esfuerzo plural y colectivo.\" \/>\n<meta name=\"robots\" content=\"index, follow, max-snippet:-1, max-image-preview:large, max-video-preview:-1\" \/>\n<link rel=\"canonical\" href=\"https:\/\/centrourbano.com\/revista\/vivienda\/41389-2\/\" \/>\n<meta property=\"og:locale\" content=\"es_ES\" \/>\n<meta property=\"og:type\" content=\"article\" \/>\n<meta property=\"og:title\" content=\"Presentan Programa General de Desarrollo Urbano -\" \/>\n<meta property=\"og:description\" content=\"En el marco de la glosa del Cuarto Informe del Jefe de Gobierno, Felipe de Jes\u00fas Guti\u00e9rrez G., titular de la Secretaria de Desarrollo Urbano y Vivienda (SEDUVI), present\u00f3 el Programa General de Desarrollo Urbano (PGDU) el cual se cre\u00f3 con esfuerzo plural y colectivo.\" \/>\n<meta property=\"og:url\" content=\"https:\/\/centrourbano.com\/revista\/vivienda\/41389-2\/\" \/>\n<meta property=\"og:site_name\" content=\"Centro Urbano\" \/>\n<meta property=\"article:publisher\" content=\"https:\/\/www.facebook.com\/portalcentrourbano\" \/>\n<meta property=\"article:published_time\" content=\"2016-10-05T16:46:34+00:00\" \/>\n<meta property=\"og:image\" content=\"https:\/\/centrourbano.com\/revista\/wp-content\/uploads\/041016-FOTO-SEDUVI-DESARROLLO-URBANO-3.jpg\" \/>\n\t<meta property=\"og:image:width\" content=\"1772\" \/>\n\t<meta property=\"og:image:height\" content=\"1181\" \/>\n\t<meta property=\"og:image:type\" content=\"image\/jpeg\" \/>\n<meta name=\"author\" content=\"Karen Romero\" \/>\n<meta name=\"twitter:card\" content=\"summary_large_image\" \/>\n<meta name=\"twitter:creator\" content=\"@CentroUrbano\" \/>\n<meta name=\"twitter:site\" content=\"@CentroUrbano\" \/>\n<meta name=\"twitter:label1\" content=\"Escrito por\" \/>\n\t<meta name=\"twitter:data1\" content=\"Karen Romero\" \/>\n\t<meta name=\"twitter:label2\" content=\"Tiempo de lectura\" \/>\n\t<meta name=\"twitter:data2\" content=\"1 minuto\" \/>\n<script type=\"application\/ld+json\" class=\"yoast-schema-graph\">{\"@context\":\"https:\\\/\\\/schema.org\",\"@graph\":[{\"@type\":\"Article\",\"@id\":\"https:\\\/\\\/centrourbano.com\\\/revista\\\/vivienda\\\/41389-2\\\/#article\",\"isPartOf\":{\"@id\":\"https:\\\/\\\/centrourbano.com\\\/revista\\\/vivienda\\\/41389-2\\\/\"},\"author\":{\"name\":\"Karen Romero\",\"@id\":\"https:\\\/\\\/centrourbano.com\\\/revista\\\/#\\\/schema\\\/person\\\/fabae71f13578ba90183557757e26fd6\"},\"headline\":\"Presentan Programa General de Desarrollo Urbano\",\"datePublished\":\"2016-10-05T16:46:34+00:00\",\"mainEntityOfPage\":{\"@id\":\"https:\\\/\\\/centrourbano.com\\\/revista\\\/vivienda\\\/41389-2\\\/\"},\"wordCount\":203,\"commentCount\":0,\"publisher\":{\"@id\":\"https:\\\/\\\/centrourbano.com\\\/revista\\\/#organization\"},\"image\":{\"@id\":\"https:\\\/\\\/centrourbano.com\\\/revista\\\/vivienda\\\/41389-2\\\/#primaryimage\"},\"thumbnailUrl\":\"https:\\\/\\\/centrourbano.com\\\/revista\\\/wp-content\\\/uploads\\\/041016-FOTO-SEDUVI-DESARROLLO-URBANO-3.jpg\",\"articleSection\":[\"Vivienda\"],\"inLanguage\":\"es\",\"potentialAction\":[{\"@type\":\"CommentAction\",\"name\":\"Comment\",\"target\":[\"https:\\\/\\\/centrourbano.com\\\/revista\\\/vivienda\\\/41389-2\\\/#respond\"]}]},{\"@type\":\"WebPage\",\"@id\":\"https:\\\/\\\/centrourbano.com\\\/revista\\\/vivienda\\\/41389-2\\\/\",\"url\":\"https:\\\/\\\/centrourbano.com\\\/revista\\\/vivienda\\\/41389-2\\\/\",\"name\":\"Presentan Programa General de Desarrollo Urbano -\",\"isPartOf\":{\"@id\":\"https:\\\/\\\/centrourbano.com\\\/revista\\\/#website\"},\"primaryImageOfPage\":{\"@id\":\"https:\\\/\\\/centrourbano.com\\\/revista\\\/vivienda\\\/41389-2\\\/#primaryimage\"},\"image\":{\"@id\":\"https:\\\/\\\/centrourbano.com\\\/revista\\\/vivienda\\\/41389-2\\\/#primaryimage\"},\"thumbnailUrl\":\"https:\\\/\\\/centrourbano.com\\\/revista\\\/wp-content\\\/uploads\\\/041016-FOTO-SEDUVI-DESARROLLO-URBANO-3.jpg\",\"datePublished\":\"2016-10-05T16:46:34+00:00\",\"description\":\"En el marco de la glosa del Cuarto Informe del Jefe de Gobierno, Felipe de Jes\u00fas Guti\u00e9rrez G., titular de la Secretaria de Desarrollo Urbano y Vivienda (SEDUVI), present\u00f3 el Programa General de Desarrollo Urbano (PGDU) el cual se cre\u00f3 con esfuerzo plural y colectivo.\",\"breadcrumb\":{\"@id\":\"https:\\\/\\\/centrourbano.com\\\/revista\\\/vivienda\\\/41389-2\\\/#breadcrumb\"},\"inLanguage\":\"es\",\"potentialAction\":[{\"@type\":\"ReadAction\",\"target\":[\"https:\\\/\\\/centrourbano.com\\\/revista\\\/vivienda\\\/41389-2\\\/\"]}]},{\"@type\":\"ImageObject\",\"inLanguage\":\"es\",\"@id\":\"https:\\\/\\\/centrourbano.com\\\/revista\\\/vivienda\\\/41389-2\\\/#primaryimage\",\"url\":\"https:\\\/\\\/centrourbano.com\\\/revista\\\/wp-content\\\/uploads\\\/041016-FOTO-SEDUVI-DESARROLLO-URBANO-3.jpg\",\"contentUrl\":\"https:\\\/\\\/centrourbano.com\\\/revista\\\/wp-content\\\/uploads\\\/041016-FOTO-SEDUVI-DESARROLLO-URBANO-3.jpg\",\"width\":1772,\"height\":1181,\"caption\":\"Esperan su aprobaci\u00f3n en el mes de noviembre\"},{\"@type\":\"BreadcrumbList\",\"@id\":\"https:\\\/\\\/centrourbano.com\\\/revista\\\/vivienda\\\/41389-2\\\/#breadcrumb\",\"itemListElement\":[{\"@type\":\"ListItem\",\"position\":1,\"name\":\"Portada\",\"item\":\"https:\\\/\\\/centrourbano.com\\\/revista\\\/\"},{\"@type\":\"ListItem\",\"position\":2,\"name\":\"Presentan Programa General de Desarrollo Urbano\"}]},{\"@type\":\"WebSite\",\"@id\":\"https:\\\/\\\/centrourbano.com\\\/revista\\\/#website\",\"url\":\"https:\\\/\\\/centrourbano.com\\\/revista\\\/\",\"name\":\"Centro Urbano\",\"description\":\"Medio especializado en los sectores vivienda, inmobiliario, construcci\u00f3n, arquitectura y urbanismo.\",\"publisher\":{\"@id\":\"https:\\\/\\\/centrourbano.com\\\/revista\\\/#organization\"},\"potentialAction\":[{\"@type\":\"SearchAction\",\"target\":{\"@type\":\"EntryPoint\",\"urlTemplate\":\"https:\\\/\\\/centrourbano.com\\\/revista\\\/?s={search_term_string}\"},\"query-input\":{\"@type\":\"PropertyValueSpecification\",\"valueRequired\":true,\"valueName\":\"search_term_string\"}}],\"inLanguage\":\"es\"},{\"@type\":\"Organization\",\"@id\":\"https:\\\/\\\/centrourbano.com\\\/revista\\\/#organization\",\"name\":\"Centro Urbano\",\"url\":\"https:\\\/\\\/centrourbano.com\\\/revista\\\/\",\"logo\":{\"@type\":\"ImageObject\",\"inLanguage\":\"es\",\"@id\":\"https:\\\/\\\/centrourbano.com\\\/revista\\\/#\\\/schema\\\/logo\\\/image\\\/\",\"url\":\"https:\\\/\\\/centrourbano.com\\\/revista\\\/wp-content\\\/uploads\\\/web_CU_logo-1.png\",\"contentUrl\":\"https:\\\/\\\/centrourbano.com\\\/revista\\\/wp-content\\\/uploads\\\/web_CU_logo-1.png\",\"width\":350,\"height\":91,\"caption\":\"Centro Urbano\"},\"image\":{\"@id\":\"https:\\\/\\\/centrourbano.com\\\/revista\\\/#\\\/schema\\\/logo\\\/image\\\/\"},\"sameAs\":[\"https:\\\/\\\/www.facebook.com\\\/portalcentrourbano\",\"https:\\\/\\\/x.com\\\/CentroUrbano\",\"https:\\\/\\\/www.instagram.com\\\/centro_urbano\\\/\",\"https:\\\/\\\/www.linkedin.com\\\/company\\\/centro-urbano\\\/\",\"http:\\\/\\\/www.youtube.com\\\/user\\\/portalcentrourbano\"]},{\"@type\":\"Person\",\"@id\":\"https:\\\/\\\/centrourbano.com\\\/revista\\\/#\\\/schema\\\/person\\\/fabae71f13578ba90183557757e26fd6\",\"name\":\"Karen Romero\",\"image\":{\"@type\":\"ImageObject\",\"inLanguage\":\"es\",\"@id\":\"https:\\\/\\\/secure.gravatar.com\\\/avatar\\\/4bf369b19245debf8e54c1f2b5a8393db1fc34cb54c9e6c3cb4ef4ab65ab59c3?s=96&d=mm&r=g\",\"url\":\"https:\\\/\\\/secure.gravatar.com\\\/avatar\\\/4bf369b19245debf8e54c1f2b5a8393db1fc34cb54c9e6c3cb4ef4ab65ab59c3?s=96&d=mm&r=g\",\"contentUrl\":\"https:\\\/\\\/secure.gravatar.com\\\/avatar\\\/4bf369b19245debf8e54c1f2b5a8393db1fc34cb54c9e6c3cb4ef4ab65ab59c3?s=96&d=mm&r=g\",\"caption\":\"Karen Romero\"},\"description\":\"Egresada de la Escuela de Periodismo Carlos Septi\u00e9n Garc\u00eda, con un diplomado en Periodismo Econ\u00f3mico, por la misma instituci\u00f3n, con gusto por los medios impresos especializados y programas de radio. Coordinadora de informaci\u00f3n editorial de Centro Urbano y colaboradora para otros medios de comunicaci\u00f3n en el \u00e1rea de redacci\u00f3n y edici\u00f3n de video. Interesada por la investigaci\u00f3n y seguidora de temas hist\u00f3ricos, adem\u00e1s de tener cierta fascinaci\u00f3n por los temas paranormales. Le gusta leer, cantar, bailar, viajar y escuchar m\u00fasica.\",\"url\":\"https:\\\/\\\/centrourbano.com\\\/revista\\\/author\\\/karen-romero\\\/\"}]}<\/script>\n<!-- \/ Yoast SEO plugin. -->","yoast_head_json":{"title":"Presentan Programa General de Desarrollo Urbano -","description":"En el marco de la glosa del Cuarto Informe del Jefe de Gobierno, Felipe de Jes\u00fas Guti\u00e9rrez G., titular de la Secretaria de Desarrollo Urbano y Vivienda (SEDUVI), present\u00f3 el Programa General de Desarrollo Urbano (PGDU) el cual se cre\u00f3 con esfuerzo plural y colectivo.","robots":{"index":"index","follow":"follow","max-snippet":"max-snippet:-1","max-image-preview":"max-image-preview:large","max-video-preview":"max-video-preview:-1"},"canonical":"https:\/\/centrourbano.com\/revista\/vivienda\/41389-2\/","og_locale":"es_ES","og_type":"article","og_title":"Presentan Programa General de Desarrollo Urbano -","og_description":"En el marco de la glosa del Cuarto Informe del Jefe de Gobierno, Felipe de Jes\u00fas Guti\u00e9rrez G., titular de la Secretaria de Desarrollo Urbano y Vivienda (SEDUVI), present\u00f3 el Programa General de Desarrollo Urbano (PGDU) el cual se cre\u00f3 con esfuerzo plural y colectivo.","og_url":"https:\/\/centrourbano.com\/revista\/vivienda\/41389-2\/","og_site_name":"Centro Urbano","article_publisher":"https:\/\/www.facebook.com\/portalcentrourbano","article_published_time":"2016-10-05T16:46:34+00:00","og_image":[{"width":1772,"height":1181,"url":"https:\/\/centrourbano.com\/revista\/wp-content\/uploads\/041016-FOTO-SEDUVI-DESARROLLO-URBANO-3.jpg","type":"image\/jpeg"}],"author":"Karen Romero","twitter_card":"summary_large_image","twitter_creator":"@CentroUrbano","twitter_site":"@CentroUrbano","twitter_misc":{"Escrito por":"Karen Romero","Tiempo de lectura":"1 minuto"},"schema":{"@context":"https:\/\/schema.org","@graph":[{"@type":"Article","@id":"https:\/\/centrourbano.com\/revista\/vivienda\/41389-2\/#article","isPartOf":{"@id":"https:\/\/centrourbano.com\/revista\/vivienda\/41389-2\/"},"author":{"name":"Karen Romero","@id":"https:\/\/centrourbano.com\/revista\/#\/schema\/person\/fabae71f13578ba90183557757e26fd6"},"headline":"Presentan Programa General de Desarrollo Urbano","datePublished":"2016-10-05T16:46:34+00:00","mainEntityOfPage":{"@id":"https:\/\/centrourbano.com\/revista\/vivienda\/41389-2\/"},"wordCount":203,"commentCount":0,"publisher":{"@id":"https:\/\/centrourbano.com\/revista\/#organization"},"image":{"@id":"https:\/\/centrourbano.com\/revista\/vivienda\/41389-2\/#primaryimage"},"thumbnailUrl":"https:\/\/centrourbano.com\/revista\/wp-content\/uploads\/041016-FOTO-SEDUVI-DESARROLLO-URBANO-3.jpg","articleSection":["Vivienda"],"inLanguage":"es","potentialAction":[{"@type":"CommentAction","name":"Comment","target":["https:\/\/centrourbano.com\/revista\/vivienda\/41389-2\/#respond"]}]},{"@type":"WebPage","@id":"https:\/\/centrourbano.com\/revista\/vivienda\/41389-2\/","url":"https:\/\/centrourbano.com\/revista\/vivienda\/41389-2\/","name":"Presentan Programa General de Desarrollo Urbano -","isPartOf":{"@id":"https:\/\/centrourbano.com\/revista\/#website"},"primaryImageOfPage":{"@id":"https:\/\/centrourbano.com\/revista\/vivienda\/41389-2\/#primaryimage"},"image":{"@id":"https:\/\/centrourbano.com\/revista\/vivienda\/41389-2\/#primaryimage"},"thumbnailUrl":"https:\/\/centrourbano.com\/revista\/wp-content\/uploads\/041016-FOTO-SEDUVI-DESARROLLO-URBANO-3.jpg","datePublished":"2016-10-05T16:46:34+00:00","description":"En el marco de la glosa del Cuarto Informe del Jefe de Gobierno, Felipe de Jes\u00fas Guti\u00e9rrez G., titular de la Secretaria de Desarrollo Urbano y Vivienda (SEDUVI), present\u00f3 el Programa General de Desarrollo Urbano (PGDU) el cual se cre\u00f3 con esfuerzo plural y colectivo.","breadcrumb":{"@id":"https:\/\/centrourbano.com\/revista\/vivienda\/41389-2\/#breadcrumb"},"inLanguage":"es","potentialAction":[{"@type":"ReadAction","target":["https:\/\/centrourbano.com\/revista\/vivienda\/41389-2\/"]}]},{"@type":"ImageObject","inLanguage":"es","@id":"https:\/\/centrourbano.com\/revista\/vivienda\/41389-2\/#primaryimage","url":"https:\/\/centrourbano.com\/revista\/wp-content\/uploads\/041016-FOTO-SEDUVI-DESARROLLO-URBANO-3.jpg","contentUrl":"https:\/\/centrourbano.com\/revista\/wp-content\/uploads\/041016-FOTO-SEDUVI-DESARROLLO-URBANO-3.jpg","width":1772,"height":1181,"caption":"Esperan su aprobaci\u00f3n en el mes de noviembre"},{"@type":"BreadcrumbList","@id":"https:\/\/centrourbano.com\/revista\/vivienda\/41389-2\/#breadcrumb","itemListElement":[{"@type":"ListItem","position":1,"name":"Portada","item":"https:\/\/centrourbano.com\/revista\/"},{"@type":"ListItem","position":2,"name":"Presentan Programa General de Desarrollo Urbano"}]},{"@type":"WebSite","@id":"https:\/\/centrourbano.com\/revista\/#website","url":"https:\/\/centrourbano.com\/revista\/","name":"Centro Urbano","description":"Medio especializado en los sectores vivienda, inmobiliario, construcci\u00f3n, arquitectura y urbanismo.","publisher":{"@id":"https:\/\/centrourbano.com\/revista\/#organization"},"potentialAction":[{"@type":"SearchAction","target":{"@type":"EntryPoint","urlTemplate":"https:\/\/centrourbano.com\/revista\/?s={search_term_string}"},"query-input":{"@type":"PropertyValueSpecification","valueRequired":true,"valueName":"search_term_string"}}],"inLanguage":"es"},{"@type":"Organization","@id":"https:\/\/centrourbano.com\/revista\/#organization","name":"Centro Urbano","url":"https:\/\/centrourbano.com\/revista\/","logo":{"@type":"ImageObject","inLanguage":"es","@id":"https:\/\/centrourbano.com\/revista\/#\/schema\/logo\/image\/","url":"https:\/\/centrourbano.com\/revista\/wp-content\/uploads\/web_CU_logo-1.png","contentUrl":"https:\/\/centrourbano.com\/revista\/wp-content\/uploads\/web_CU_logo-1.png","width":350,"height":91,"caption":"Centro Urbano"},"image":{"@id":"https:\/\/centrourbano.com\/revista\/#\/schema\/logo\/image\/"},"sameAs":["https:\/\/www.facebook.com\/portalcentrourbano","https:\/\/x.com\/CentroUrbano","https:\/\/www.instagram.com\/centro_urbano\/","https:\/\/www.linkedin.com\/company\/centro-urbano\/","http:\/\/www.youtube.com\/user\/portalcentrourbano"]},{"@type":"Person","@id":"https:\/\/centrourbano.com\/revista\/#\/schema\/person\/fabae71f13578ba90183557757e26fd6","name":"Karen Romero","image":{"@type":"ImageObject","inLanguage":"es","@id":"https:\/\/secure.gravatar.com\/avatar\/4bf369b19245debf8e54c1f2b5a8393db1fc34cb54c9e6c3cb4ef4ab65ab59c3?s=96&d=mm&r=g","url":"https:\/\/secure.gravatar.com\/avatar\/4bf369b19245debf8e54c1f2b5a8393db1fc34cb54c9e6c3cb4ef4ab65ab59c3?s=96&d=mm&r=g","contentUrl":"https:\/\/secure.gravatar.com\/avatar\/4bf369b19245debf8e54c1f2b5a8393db1fc34cb54c9e6c3cb4ef4ab65ab59c3?s=96&d=mm&r=g","caption":"Karen Romero"},"description":"Egresada de la Escuela de Periodismo Carlos Septi\u00e9n Garc\u00eda, con un diplomado en Periodismo Econ\u00f3mico, por la misma instituci\u00f3n, con gusto por los medios impresos especializados y programas de radio. Coordinadora de informaci\u00f3n editorial de Centro Urbano y colaboradora para otros medios de comunicaci\u00f3n en el \u00e1rea de redacci\u00f3n y edici\u00f3n de video. Interesada por la investigaci\u00f3n y seguidora de temas hist\u00f3ricos, adem\u00e1s de tener cierta fascinaci\u00f3n por los temas paranormales. Le gusta leer, cantar, bailar, viajar y escuchar m\u00fasica.","url":"https:\/\/centrourbano.com\/revista\/author\/karen-romero\/"}]}},"_links":{"self":[{"href":"https:\/\/centrourbano.com\/revista\/wp-json\/wp\/v2\/posts\/41389","targetHints":{"allow":["GET"]}}],"collection":[{"href":"https:\/\/centrourbano.com\/revista\/wp-json\/wp\/v2\/posts"}],"about":[{"href":"https:\/\/centrourbano.com\/revista\/wp-json\/wp\/v2\/types\/post"}],"author":[{"embeddable":true,"href":"https:\/\/centrourbano.com\/revista\/wp-json\/wp\/v2\/users\/48"}],"replies":[{"embeddable":true,"href":"https:\/\/centrourbano.com\/revista\/wp-json\/wp\/v2\/comments?post=41389"}],"version-history":[{"count":0,"href":"https:\/\/centrourbano.com\/revista\/wp-json\/wp\/v2\/posts\/41389\/revisions"}],"wp:featuredmedia":[{"embeddable":true,"href":"https:\/\/centrourbano.com\/revista\/wp-json\/wp\/v2\/media\/41394"}],"wp:attachment":[{"href":"https:\/\/centrourbano.com\/revista\/wp-json\/wp\/v2\/media?parent=41389"}],"wp:term":[{"taxonomy":"category","embeddable":true,"href":"https:\/\/centrourbano.com\/revista\/wp-json\/wp\/v2\/categories?post=41389"},{"taxonomy":"post_tag","embeddable":true,"href":"https:\/\/centrourbano.com\/revista\/wp-json\/wp\/v2\/tags?post=41389"}],"curies":[{"name":"wp","href":"https:\/\/api.w.org\/{rel}","templated":true}]}}