{"id":40968,"date":"2016-09-27T16:13:53","date_gmt":"2016-09-27T21:13:53","guid":{"rendered":"https:\/\/centrourbano.com\/?p=40968"},"modified":"2016-09-27T16:13:53","modified_gmt":"2016-09-27T21:13:53","slug":"crece-3-3-construccion-vivienda-conavi","status":"publish","type":"post","link":"https:\/\/centrourbano.com\/revista\/vivienda\/crece-3-3-construccion-vivienda-conavi\/","title":{"rendered":"Crece 3.3% edificaci\u00f3n residencial: Conavi"},"content":{"rendered":"<p><em>Paloma Silva de Anzorena, directora de Conavi, resalt\u00f3 el crecimiento de la edificaci\u00f3n residencial<\/em><!--more--><\/p>\n<p>Para el mes de agosto, el sector de la vivienda present\u00f3 resultados favorables, siendo la edificaci\u00f3n residencial uno de los rubros que se mantienen con tendencia de crecimiento, inform\u00f3 la Comisi\u00f3n Nacional de Vivienda (Conavi).<\/p>\n<p>En su reporte mensual de la industria, la Comisi\u00f3n destac\u00f3 que los indicadores de construcci\u00f3n de vivienda mantuvieron un crecimiento del 3.3%, lo cual ha permitido seguir generando empleos en el sector. <\/p>\n<p>En este sentido, la inversi\u00f3n fija bruta residencial aument\u00f3 en el orden del 7% anual, en comparaci\u00f3n con el 1.5% que creci\u00f3 el sector de la construcci\u00f3n en su conjunto. <\/p>\n<p>\u201cEn indicadores macroecon\u00f3micos vemos que, si bien hay una desaceleraci\u00f3n en la industria de construcci\u00f3n, en la edificaci\u00f3n residencial seguimos creciendo por arriba de la econom\u00eda, y por arriba del sector\u201d, destac\u00f3 Paloma Silva de Anzorena, directora general de Conavi. <\/p>\n<p>La Comisi\u00f3n destac\u00f3 el aumento de la participaci\u00f3n de la banca en el sector. Se\u00f1al\u00f3 que en los \u00faltimos 12 meses la inversi\u00f3n para cr\u00e9dito hipotecario ascendi\u00f3 a los 325,000 millones de pesos. A\u00f1adi\u00f3 que de enero a julio de 2016 el crecimiento de la banca fue del 19% con una inversi\u00f3n de 95,600 millones de pesos. <\/p>\n<p>En cuanto a cr\u00e9ditos a la construcci\u00f3n, la Conavi inform\u00f3 que, para el cierre de julio, el cr\u00e9dito puente otorgado por la banca comercial y la banca de desarrollo sumaba 65,000 millones de pesos, lo cual, indica \u201cque la banca est\u00e1 viendo de manera positiva el desempe\u00f1o de la industria\u201d. <\/p>\n<p>Asimismo, detall\u00f3 que la oferta de vivienda se ha estabilizado. Precis\u00f3 que el inventario de vivienda para julio de 2016 registraba 544,000 unidades, y un crecimiento de 9% en comparaci\u00f3n con el mismo mes de 2015.<\/p>\n<p>En materia de subsidios, la Conavi manifest\u00f3 que para el cierre de agosto se ejercieron 6,300 millones de pesos, lo que representa arriba del 70% del presupuesto destinado para el rubro en este a\u00f1o. De acuerdo con la directora del Conavi, casi el 62% de los subsidios otorgados han sido canalizados a familias que perciben menos de 2.5 salarios m\u00ednimos. <\/p>\n","protected":false},"excerpt":{"rendered":"<p>Paloma Silva de Anzorena, directora de Conavi, resalt\u00f3 el crecimiento de la edificaci\u00f3n residencial<\/p>\n","protected":false},"author":47,"featured_media":40316,"comment_status":"open","ping_status":"closed","sticky":false,"template":"","format":"standard","meta":{"om_disable_all_campaigns":false,"inline_featured_image":false,"_monsterinsights_skip_tracking":false,"_monsterinsights_sitenote_active":false,"_monsterinsights_sitenote_note":"","_monsterinsights_sitenote_category":0,"footnotes":""},"categories":[12],"tags":[376,8555,60],"class_list":["post-40968","post","type-post","status-publish","format-standard","has-post-thumbnail","hentry","category-vivienda","tag-conavi","tag-reporte-mensual-del-sector","tag-vivienda-2"],"yoast_head":"<!-- This site is optimized with the Yoast SEO plugin v27.4 - https:\/\/yoast.com\/product\/yoast-seo-wordpress\/ -->\n<title>Crece 3.3% edificaci\u00f3n residencial: Conavi -<\/title>\n<meta name=\"description\" content=\"Para el mes de agosto, el sector de la vivienda present\u00f3 resultados favorables, siendo la edificaci\u00f3n residencial uno de los rubros que se mantienen con tendencia de crecimiento, inform\u00f3 la Comisi\u00f3n Nacional de Vivienda (Conavi).\" \/>\n<meta name=\"robots\" content=\"index, follow, max-snippet:-1, max-image-preview:large, max-video-preview:-1\" \/>\n<link rel=\"canonical\" href=\"https:\/\/centrourbano.com\/revista\/vivienda\/crece-3-3-construccion-vivienda-conavi\/\" \/>\n<meta property=\"og:locale\" content=\"es_ES\" \/>\n<meta property=\"og:type\" content=\"article\" \/>\n<meta property=\"og:title\" content=\"Crece 3.3% edificaci\u00f3n residencial: Conavi -\" \/>\n<meta property=\"og:description\" content=\"Para el mes de agosto, el sector de la vivienda present\u00f3 resultados favorables, siendo la edificaci\u00f3n residencial uno de los rubros que se mantienen con tendencia de crecimiento, inform\u00f3 la Comisi\u00f3n Nacional de Vivienda (Conavi).\" \/>\n<meta property=\"og:url\" content=\"https:\/\/centrourbano.com\/revista\/vivienda\/crece-3-3-construccion-vivienda-conavi\/\" \/>\n<meta property=\"og:site_name\" content=\"Centro Urbano\" \/>\n<meta property=\"article:publisher\" content=\"https:\/\/www.facebook.com\/portalcentrourbano\" \/>\n<meta property=\"article:published_time\" content=\"2016-09-27T21:13:53+00:00\" \/>\n<meta property=\"og:image\" content=\"https:\/\/centrourbano.com\/revista\/wp-content\/uploads\/Construcci\u00f3n-2.jpg\" \/>\n\t<meta property=\"og:image:width\" content=\"900\" \/>\n\t<meta property=\"og:image:height\" content=\"600\" \/>\n\t<meta property=\"og:image:type\" content=\"image\/jpeg\" \/>\n<meta name=\"author\" content=\"Edgar Rosas\" \/>\n<meta name=\"twitter:card\" content=\"summary_large_image\" \/>\n<meta name=\"twitter:creator\" content=\"@https:\/\/twitter.com\/ERosasCU?s=09\" \/>\n<meta name=\"twitter:site\" content=\"@CentroUrbano\" \/>\n<meta name=\"twitter:label1\" content=\"Escrito por\" \/>\n\t<meta name=\"twitter:data1\" content=\"Edgar Rosas\" \/>\n\t<meta name=\"twitter:label2\" content=\"Tiempo de lectura\" \/>\n\t<meta name=\"twitter:data2\" content=\"2 minutos\" \/>\n<script type=\"application\/ld+json\" class=\"yoast-schema-graph\">{\"@context\":\"https:\\\/\\\/schema.org\",\"@graph\":[{\"@type\":\"Article\",\"@id\":\"https:\\\/\\\/centrourbano.com\\\/revista\\\/vivienda\\\/crece-3-3-construccion-vivienda-conavi\\\/#article\",\"isPartOf\":{\"@id\":\"https:\\\/\\\/centrourbano.com\\\/revista\\\/vivienda\\\/crece-3-3-construccion-vivienda-conavi\\\/\"},\"author\":{\"name\":\"Edgar Rosas\",\"@id\":\"https:\\\/\\\/centrourbano.com\\\/revista\\\/#\\\/schema\\\/person\\\/ff3c00651ce5b1630479d2cd0c2e3ac0\"},\"headline\":\"Crece 3.3% edificaci\u00f3n residencial: Conavi\",\"datePublished\":\"2016-09-27T21:13:53+00:00\",\"mainEntityOfPage\":{\"@id\":\"https:\\\/\\\/centrourbano.com\\\/revista\\\/vivienda\\\/crece-3-3-construccion-vivienda-conavi\\\/\"},\"wordCount\":369,\"commentCount\":0,\"publisher\":{\"@id\":\"https:\\\/\\\/centrourbano.com\\\/revista\\\/#organization\"},\"image\":{\"@id\":\"https:\\\/\\\/centrourbano.com\\\/revista\\\/vivienda\\\/crece-3-3-construccion-vivienda-conavi\\\/#primaryimage\"},\"thumbnailUrl\":\"https:\\\/\\\/centrourbano.com\\\/revista\\\/wp-content\\\/uploads\\\/Construcci\u00f3n-2.jpg\",\"keywords\":[\"Conavi\",\"Reporte Mensual del Sector\",\"vivienda\"],\"articleSection\":[\"Vivienda\"],\"inLanguage\":\"es\",\"potentialAction\":[{\"@type\":\"CommentAction\",\"name\":\"Comment\",\"target\":[\"https:\\\/\\\/centrourbano.com\\\/revista\\\/vivienda\\\/crece-3-3-construccion-vivienda-conavi\\\/#respond\"]}]},{\"@type\":\"WebPage\",\"@id\":\"https:\\\/\\\/centrourbano.com\\\/revista\\\/vivienda\\\/crece-3-3-construccion-vivienda-conavi\\\/\",\"url\":\"https:\\\/\\\/centrourbano.com\\\/revista\\\/vivienda\\\/crece-3-3-construccion-vivienda-conavi\\\/\",\"name\":\"Crece 3.3% edificaci\u00f3n residencial: Conavi -\",\"isPartOf\":{\"@id\":\"https:\\\/\\\/centrourbano.com\\\/revista\\\/#website\"},\"primaryImageOfPage\":{\"@id\":\"https:\\\/\\\/centrourbano.com\\\/revista\\\/vivienda\\\/crece-3-3-construccion-vivienda-conavi\\\/#primaryimage\"},\"image\":{\"@id\":\"https:\\\/\\\/centrourbano.com\\\/revista\\\/vivienda\\\/crece-3-3-construccion-vivienda-conavi\\\/#primaryimage\"},\"thumbnailUrl\":\"https:\\\/\\\/centrourbano.com\\\/revista\\\/wp-content\\\/uploads\\\/Construcci\u00f3n-2.jpg\",\"datePublished\":\"2016-09-27T21:13:53+00:00\",\"description\":\"Para el mes de agosto, el sector de la vivienda present\u00f3 resultados favorables, siendo la edificaci\u00f3n residencial uno de los rubros que se mantienen con tendencia de crecimiento, inform\u00f3 la Comisi\u00f3n Nacional de Vivienda (Conavi).\",\"breadcrumb\":{\"@id\":\"https:\\\/\\\/centrourbano.com\\\/revista\\\/vivienda\\\/crece-3-3-construccion-vivienda-conavi\\\/#breadcrumb\"},\"inLanguage\":\"es\",\"potentialAction\":[{\"@type\":\"ReadAction\",\"target\":[\"https:\\\/\\\/centrourbano.com\\\/revista\\\/vivienda\\\/crece-3-3-construccion-vivienda-conavi\\\/\"]}]},{\"@type\":\"ImageObject\",\"inLanguage\":\"es\",\"@id\":\"https:\\\/\\\/centrourbano.com\\\/revista\\\/vivienda\\\/crece-3-3-construccion-vivienda-conavi\\\/#primaryimage\",\"url\":\"https:\\\/\\\/centrourbano.com\\\/revista\\\/wp-content\\\/uploads\\\/Construcci\u00f3n-2.jpg\",\"contentUrl\":\"https:\\\/\\\/centrourbano.com\\\/revista\\\/wp-content\\\/uploads\\\/Construcci\u00f3n-2.jpg\",\"width\":900,\"height\":600},{\"@type\":\"BreadcrumbList\",\"@id\":\"https:\\\/\\\/centrourbano.com\\\/revista\\\/vivienda\\\/crece-3-3-construccion-vivienda-conavi\\\/#breadcrumb\",\"itemListElement\":[{\"@type\":\"ListItem\",\"position\":1,\"name\":\"Portada\",\"item\":\"https:\\\/\\\/centrourbano.com\\\/revista\\\/\"},{\"@type\":\"ListItem\",\"position\":2,\"name\":\"Crece 3.3% edificaci\u00f3n residencial: Conavi\"}]},{\"@type\":\"WebSite\",\"@id\":\"https:\\\/\\\/centrourbano.com\\\/revista\\\/#website\",\"url\":\"https:\\\/\\\/centrourbano.com\\\/revista\\\/\",\"name\":\"Centro Urbano\",\"description\":\"Medio especializado en los sectores vivienda, inmobiliario, construcci\u00f3n, arquitectura y urbanismo.\",\"publisher\":{\"@id\":\"https:\\\/\\\/centrourbano.com\\\/revista\\\/#organization\"},\"potentialAction\":[{\"@type\":\"SearchAction\",\"target\":{\"@type\":\"EntryPoint\",\"urlTemplate\":\"https:\\\/\\\/centrourbano.com\\\/revista\\\/?s={search_term_string}\"},\"query-input\":{\"@type\":\"PropertyValueSpecification\",\"valueRequired\":true,\"valueName\":\"search_term_string\"}}],\"inLanguage\":\"es\"},{\"@type\":\"Organization\",\"@id\":\"https:\\\/\\\/centrourbano.com\\\/revista\\\/#organization\",\"name\":\"Centro Urbano\",\"url\":\"https:\\\/\\\/centrourbano.com\\\/revista\\\/\",\"logo\":{\"@type\":\"ImageObject\",\"inLanguage\":\"es\",\"@id\":\"https:\\\/\\\/centrourbano.com\\\/revista\\\/#\\\/schema\\\/logo\\\/image\\\/\",\"url\":\"https:\\\/\\\/centrourbano.com\\\/revista\\\/wp-content\\\/uploads\\\/web_CU_logo-1.png\",\"contentUrl\":\"https:\\\/\\\/centrourbano.com\\\/revista\\\/wp-content\\\/uploads\\\/web_CU_logo-1.png\",\"width\":350,\"height\":91,\"caption\":\"Centro Urbano\"},\"image\":{\"@id\":\"https:\\\/\\\/centrourbano.com\\\/revista\\\/#\\\/schema\\\/logo\\\/image\\\/\"},\"sameAs\":[\"https:\\\/\\\/www.facebook.com\\\/portalcentrourbano\",\"https:\\\/\\\/x.com\\\/CentroUrbano\",\"https:\\\/\\\/www.instagram.com\\\/centro_urbano\\\/\",\"https:\\\/\\\/www.linkedin.com\\\/company\\\/centro-urbano\\\/\",\"http:\\\/\\\/www.youtube.com\\\/user\\\/portalcentrourbano\"]},{\"@type\":\"Person\",\"@id\":\"https:\\\/\\\/centrourbano.com\\\/revista\\\/#\\\/schema\\\/person\\\/ff3c00651ce5b1630479d2cd0c2e3ac0\",\"name\":\"Edgar Rosas\",\"image\":{\"@type\":\"ImageObject\",\"inLanguage\":\"es\",\"@id\":\"https:\\\/\\\/secure.gravatar.com\\\/avatar\\\/94440c4283495211faa5300bf85e80061036b83fced868c3783aa1310b350d9c?s=96&d=mm&r=g\",\"url\":\"https:\\\/\\\/secure.gravatar.com\\\/avatar\\\/94440c4283495211faa5300bf85e80061036b83fced868c3783aa1310b350d9c?s=96&d=mm&r=g\",\"contentUrl\":\"https:\\\/\\\/secure.gravatar.com\\\/avatar\\\/94440c4283495211faa5300bf85e80061036b83fced868c3783aa1310b350d9c?s=96&d=mm&r=g\",\"caption\":\"Edgar Rosas\"},\"description\":\"Editor en Jefe de Centro Urbano. Egresado de la maestr\u00eda en Periodismo Pol\u00edtico de la Escuela de Periodismo Carlos Septi\u00e9n Garc\u00eda (EPCSG). Estudi\u00f3 la licenciatura en Comunicaci\u00f3n en la Universidad Mexicana. Amante de la cr\u00f3nica y el reportaje. Admirador de Vicente Le\u00f1ero y Miguel \u00c1ngel Granados Chapa.\",\"sameAs\":[\"https:\\\/\\\/x.com\\\/https:\\\/\\\/twitter.com\\\/ERosasCU?s=09\"],\"url\":\"https:\\\/\\\/centrourbano.com\\\/revista\\\/author\\\/edgar-rosas\\\/\"}]}<\/script>\n<!-- \/ Yoast SEO plugin. -->","yoast_head_json":{"title":"Crece 3.3% edificaci\u00f3n residencial: Conavi -","description":"Para el mes de agosto, el sector de la vivienda present\u00f3 resultados favorables, siendo la edificaci\u00f3n residencial uno de los rubros que se mantienen con tendencia de crecimiento, inform\u00f3 la Comisi\u00f3n Nacional de Vivienda (Conavi).","robots":{"index":"index","follow":"follow","max-snippet":"max-snippet:-1","max-image-preview":"max-image-preview:large","max-video-preview":"max-video-preview:-1"},"canonical":"https:\/\/centrourbano.com\/revista\/vivienda\/crece-3-3-construccion-vivienda-conavi\/","og_locale":"es_ES","og_type":"article","og_title":"Crece 3.3% edificaci\u00f3n residencial: Conavi -","og_description":"Para el mes de agosto, el sector de la vivienda present\u00f3 resultados favorables, siendo la edificaci\u00f3n residencial uno de los rubros que se mantienen con tendencia de crecimiento, inform\u00f3 la Comisi\u00f3n Nacional de Vivienda (Conavi).","og_url":"https:\/\/centrourbano.com\/revista\/vivienda\/crece-3-3-construccion-vivienda-conavi\/","og_site_name":"Centro Urbano","article_publisher":"https:\/\/www.facebook.com\/portalcentrourbano","article_published_time":"2016-09-27T21:13:53+00:00","og_image":[{"width":900,"height":600,"url":"https:\/\/centrourbano.com\/revista\/wp-content\/uploads\/Construcci\u00f3n-2.jpg","type":"image\/jpeg"}],"author":"Edgar Rosas","twitter_card":"summary_large_image","twitter_creator":"@https:\/\/twitter.com\/ERosasCU?s=09","twitter_site":"@CentroUrbano","twitter_misc":{"Escrito por":"Edgar Rosas","Tiempo de lectura":"2 minutos"},"schema":{"@context":"https:\/\/schema.org","@graph":[{"@type":"Article","@id":"https:\/\/centrourbano.com\/revista\/vivienda\/crece-3-3-construccion-vivienda-conavi\/#article","isPartOf":{"@id":"https:\/\/centrourbano.com\/revista\/vivienda\/crece-3-3-construccion-vivienda-conavi\/"},"author":{"name":"Edgar Rosas","@id":"https:\/\/centrourbano.com\/revista\/#\/schema\/person\/ff3c00651ce5b1630479d2cd0c2e3ac0"},"headline":"Crece 3.3% edificaci\u00f3n residencial: Conavi","datePublished":"2016-09-27T21:13:53+00:00","mainEntityOfPage":{"@id":"https:\/\/centrourbano.com\/revista\/vivienda\/crece-3-3-construccion-vivienda-conavi\/"},"wordCount":369,"commentCount":0,"publisher":{"@id":"https:\/\/centrourbano.com\/revista\/#organization"},"image":{"@id":"https:\/\/centrourbano.com\/revista\/vivienda\/crece-3-3-construccion-vivienda-conavi\/#primaryimage"},"thumbnailUrl":"https:\/\/centrourbano.com\/revista\/wp-content\/uploads\/Construcci\u00f3n-2.jpg","keywords":["Conavi","Reporte Mensual del Sector","vivienda"],"articleSection":["Vivienda"],"inLanguage":"es","potentialAction":[{"@type":"CommentAction","name":"Comment","target":["https:\/\/centrourbano.com\/revista\/vivienda\/crece-3-3-construccion-vivienda-conavi\/#respond"]}]},{"@type":"WebPage","@id":"https:\/\/centrourbano.com\/revista\/vivienda\/crece-3-3-construccion-vivienda-conavi\/","url":"https:\/\/centrourbano.com\/revista\/vivienda\/crece-3-3-construccion-vivienda-conavi\/","name":"Crece 3.3% edificaci\u00f3n residencial: Conavi -","isPartOf":{"@id":"https:\/\/centrourbano.com\/revista\/#website"},"primaryImageOfPage":{"@id":"https:\/\/centrourbano.com\/revista\/vivienda\/crece-3-3-construccion-vivienda-conavi\/#primaryimage"},"image":{"@id":"https:\/\/centrourbano.com\/revista\/vivienda\/crece-3-3-construccion-vivienda-conavi\/#primaryimage"},"thumbnailUrl":"https:\/\/centrourbano.com\/revista\/wp-content\/uploads\/Construcci\u00f3n-2.jpg","datePublished":"2016-09-27T21:13:53+00:00","description":"Para el mes de agosto, el sector de la vivienda present\u00f3 resultados favorables, siendo la edificaci\u00f3n residencial uno de los rubros que se mantienen con tendencia de crecimiento, inform\u00f3 la Comisi\u00f3n Nacional de Vivienda (Conavi).","breadcrumb":{"@id":"https:\/\/centrourbano.com\/revista\/vivienda\/crece-3-3-construccion-vivienda-conavi\/#breadcrumb"},"inLanguage":"es","potentialAction":[{"@type":"ReadAction","target":["https:\/\/centrourbano.com\/revista\/vivienda\/crece-3-3-construccion-vivienda-conavi\/"]}]},{"@type":"ImageObject","inLanguage":"es","@id":"https:\/\/centrourbano.com\/revista\/vivienda\/crece-3-3-construccion-vivienda-conavi\/#primaryimage","url":"https:\/\/centrourbano.com\/revista\/wp-content\/uploads\/Construcci\u00f3n-2.jpg","contentUrl":"https:\/\/centrourbano.com\/revista\/wp-content\/uploads\/Construcci\u00f3n-2.jpg","width":900,"height":600},{"@type":"BreadcrumbList","@id":"https:\/\/centrourbano.com\/revista\/vivienda\/crece-3-3-construccion-vivienda-conavi\/#breadcrumb","itemListElement":[{"@type":"ListItem","position":1,"name":"Portada","item":"https:\/\/centrourbano.com\/revista\/"},{"@type":"ListItem","position":2,"name":"Crece 3.3% edificaci\u00f3n residencial: Conavi"}]},{"@type":"WebSite","@id":"https:\/\/centrourbano.com\/revista\/#website","url":"https:\/\/centrourbano.com\/revista\/","name":"Centro Urbano","description":"Medio especializado en los sectores vivienda, inmobiliario, construcci\u00f3n, arquitectura y urbanismo.","publisher":{"@id":"https:\/\/centrourbano.com\/revista\/#organization"},"potentialAction":[{"@type":"SearchAction","target":{"@type":"EntryPoint","urlTemplate":"https:\/\/centrourbano.com\/revista\/?s={search_term_string}"},"query-input":{"@type":"PropertyValueSpecification","valueRequired":true,"valueName":"search_term_string"}}],"inLanguage":"es"},{"@type":"Organization","@id":"https:\/\/centrourbano.com\/revista\/#organization","name":"Centro Urbano","url":"https:\/\/centrourbano.com\/revista\/","logo":{"@type":"ImageObject","inLanguage":"es","@id":"https:\/\/centrourbano.com\/revista\/#\/schema\/logo\/image\/","url":"https:\/\/centrourbano.com\/revista\/wp-content\/uploads\/web_CU_logo-1.png","contentUrl":"https:\/\/centrourbano.com\/revista\/wp-content\/uploads\/web_CU_logo-1.png","width":350,"height":91,"caption":"Centro Urbano"},"image":{"@id":"https:\/\/centrourbano.com\/revista\/#\/schema\/logo\/image\/"},"sameAs":["https:\/\/www.facebook.com\/portalcentrourbano","https:\/\/x.com\/CentroUrbano","https:\/\/www.instagram.com\/centro_urbano\/","https:\/\/www.linkedin.com\/company\/centro-urbano\/","http:\/\/www.youtube.com\/user\/portalcentrourbano"]},{"@type":"Person","@id":"https:\/\/centrourbano.com\/revista\/#\/schema\/person\/ff3c00651ce5b1630479d2cd0c2e3ac0","name":"Edgar Rosas","image":{"@type":"ImageObject","inLanguage":"es","@id":"https:\/\/secure.gravatar.com\/avatar\/94440c4283495211faa5300bf85e80061036b83fced868c3783aa1310b350d9c?s=96&d=mm&r=g","url":"https:\/\/secure.gravatar.com\/avatar\/94440c4283495211faa5300bf85e80061036b83fced868c3783aa1310b350d9c?s=96&d=mm&r=g","contentUrl":"https:\/\/secure.gravatar.com\/avatar\/94440c4283495211faa5300bf85e80061036b83fced868c3783aa1310b350d9c?s=96&d=mm&r=g","caption":"Edgar Rosas"},"description":"Editor en Jefe de Centro Urbano. Egresado de la maestr\u00eda en Periodismo Pol\u00edtico de la Escuela de Periodismo Carlos Septi\u00e9n Garc\u00eda (EPCSG). Estudi\u00f3 la licenciatura en Comunicaci\u00f3n en la Universidad Mexicana. Amante de la cr\u00f3nica y el reportaje. Admirador de Vicente Le\u00f1ero y Miguel \u00c1ngel Granados Chapa.","sameAs":["https:\/\/x.com\/https:\/\/twitter.com\/ERosasCU?s=09"],"url":"https:\/\/centrourbano.com\/revista\/author\/edgar-rosas\/"}]}},"_links":{"self":[{"href":"https:\/\/centrourbano.com\/revista\/wp-json\/wp\/v2\/posts\/40968","targetHints":{"allow":["GET"]}}],"collection":[{"href":"https:\/\/centrourbano.com\/revista\/wp-json\/wp\/v2\/posts"}],"about":[{"href":"https:\/\/centrourbano.com\/revista\/wp-json\/wp\/v2\/types\/post"}],"author":[{"embeddable":true,"href":"https:\/\/centrourbano.com\/revista\/wp-json\/wp\/v2\/users\/47"}],"replies":[{"embeddable":true,"href":"https:\/\/centrourbano.com\/revista\/wp-json\/wp\/v2\/comments?post=40968"}],"version-history":[{"count":0,"href":"https:\/\/centrourbano.com\/revista\/wp-json\/wp\/v2\/posts\/40968\/revisions"}],"wp:featuredmedia":[{"embeddable":true,"href":"https:\/\/centrourbano.com\/revista\/wp-json\/wp\/v2\/media\/40316"}],"wp:attachment":[{"href":"https:\/\/centrourbano.com\/revista\/wp-json\/wp\/v2\/media?parent=40968"}],"wp:term":[{"taxonomy":"category","embeddable":true,"href":"https:\/\/centrourbano.com\/revista\/wp-json\/wp\/v2\/categories?post=40968"},{"taxonomy":"post_tag","embeddable":true,"href":"https:\/\/centrourbano.com\/revista\/wp-json\/wp\/v2\/tags?post=40968"}],"curies":[{"name":"wp","href":"https:\/\/api.w.org\/{rel}","templated":true}]}}