{"id":40957,"date":"2016-09-27T15:52:39","date_gmt":"2016-09-27T20:52:39","guid":{"rendered":"https:\/\/centrourbano.com\/?p=40957"},"modified":"2016-09-28T11:52:48","modified_gmt":"2016-09-28T16:52:48","slug":"40957-2","status":"publish","type":"post","link":"https:\/\/centrourbano.com\/revista\/arquitectura-2\/40957-2\/","title":{"rendered":"UNAM rinde homenaje a Teodoro Gonz\u00e1lez de Le\u00f3n"},"content":{"rendered":"<p><em>Re\u00fane a importantes representantes de la arquitectura para conmemorar al arquitecto y pintor mexicano<\/em><\/p>\n<p>La Universidad Nacional Aut\u00f3noma de M\u00e9xico (UNAM) llev\u00f3 a cabo en la Facultad de Arquitectura un homenaje al arquitecto Teodoro Gonz\u00e1lez de Le\u00f3n, donde frente a Invitados de la Academia Nacional de Arquitectura, del INBA, del Colegio de Arquitectos de la Ciudad de M\u00e9xico y familiares y amigos del arquitecto, se les invit\u00f3 a importantes representantes del \u00e1mbito a hablar de las experiencias profesionales que compartieron con \u00e9l.<\/p>\n<p>Estuvieron presentes Enrique Graue Wiechers, rector de la UNAM; Marcos Mazari Hiriart, director de la Facultad de Arquitectura de la UNAM; Francisco Covarrubias, presidente de la Academia Nacional de Arquitectura; Xavier Guzm\u00e1n Urbiola, subdirector de patrimonio art\u00edstico del Instituto Nacional de Bellas Artes; F\u00e9lix Villase\u00f1or Jim\u00e9nez, presidente del colegio de arquitectos de la Ciudad de M\u00e9xico; Renato Gonz\u00e1lez, director del Instituto de Investigaciones Est\u00e9ticas; Armando Cohen \u00c1vila, artista pl\u00e1stico miembro de la Academia de las Artes; Francisco Serrano Cacho, director de Serrano, Asociados y Arquitectos; y Felipe Leal Fern\u00e1ndez, ex director de la Facultad de Arquitectura de la UNAM.<\/p>\n<p>Marcos Mazari dio la bienvenida al homenaje, y comenta que cada a\u00f1o entregan a los estudiantes de la facultad una bit\u00e1cora con la que se pueda generar un sentido de pertenencia a una generaci\u00f3n, la de este a\u00f1o, en conmemoraci\u00f3n a los 90 a\u00f1os de Teodoro Gonz\u00e1lez, se le dedic\u00f3 a \u00e9l, a Armando Franco y Enrique Molinar, quienes desarrollaron un proyecto que se convirti\u00f3 en la base para la construcci\u00f3n de las instalaciones de la UNAM.<\/p>\n<p>Francisco Serrano record\u00f3 que, desde 1972, particip\u00f3 en 52 proyectos con Gonz\u00e1lez de Le\u00f3n, de los cuales 25 se llevaron a cabo, y mencion\u00f3 que algunos de los trabajos del arquitecto fueron las embajadas de M\u00e9xico en Brasil, Guatemala y Alemania, un centro administrativo y la biblioteca en Tabasco, los cuales les otorgaron los primeros premios internacionales.<\/p>\n<p>Javier Guzm\u00e1n mencion\u00f3 la habilidad de Gonz\u00e1lez de Le\u00f3n para solucionar problemas arquitect\u00f3nicos de gran escala, e invit\u00f3 a los presentes a asistir a la inauguraci\u00f3n del cubo transitable de seis metros en el museo Tamayo, la cual, Teodoro Gonz\u00e1lez realiz\u00f3 a partir de una invitaci\u00f3n que le hicieron para crear una escultura visitable.<\/p>\n<p>De igual forma, F\u00e9lix Villase\u00f1or le entreg\u00f3 al miembro del pres\u00eddium, a sus familiares y amigos el expediente Gonz\u00e1lez de Le\u00f3n del Colegio de Arquitectos. Francisco Covarrubias, rememor\u00f3 la participaci\u00f3n el arquitecto tuvo en el \u00e1mbito de la vivienda desde 1953, que fue cuando se incorpor\u00f3 en el Instituto Nacional de la Vivienda.<\/p>\n<p>A su vez, Felipe Leal, coment\u00f3 que Gonz\u00e1lez de Le\u00f3n no se consideraba \u00fanicamente arquitecto, pues tambi\u00e9n le apasionaban la m\u00fasica, las artes pl\u00e1sticas y visuales, y su trabajo abarc\u00f3 edificios para la cultura, universidades, centros de estudio, museos, auditorios, parques, salas de conciertos, embajadas, viviendas y oficinas.<\/p>\n<p>Otras de sus obras importantes fueron el Colegio de M\u00e9xico, Museo Tamayo, Fondo de Cultura Econ\u00f3mica, el Colegio Nacional, edificio para el INFONAVIT, Museo Universitario de Arte Contempor\u00e1neo, la remodelaci\u00f3n del Auditorio Nacional, el conjunto Arcos Bosques y Reforma222.<\/p>\n<p>Para finalizar, Enrique Graue habl\u00f3 sobre el reconocimiento de Doctor Honoris Causa que se le entreg\u00f3 a Gonz\u00e1lez de Le\u00f3n en el 2001, y asegur\u00f3 que siempre estar\u00e1 presente en la arquitectura mexicana y en la universidad.<\/p>\n<img loading=\"lazy\" decoding=\"async\" class=\"size-medium wp-image-40961 aligncenter\" src=\"https:\/\/centrourbano.com\/revista\/wp-content\/uploads\/DSC_0609-300x200.jpg\" alt=\"UNAM rinde homenaje a Teodoro Gonz\u00e1lez de Le\u00f3n\" width=\"300\" height=\"200\" srcset=\"https:\/\/centrourbano.com\/revista\/wp-content\/uploads\/DSC_0609-300x200.jpg 300w, https:\/\/centrourbano.com\/revista\/wp-content\/uploads\/DSC_0609-768x511.jpg 768w, https:\/\/centrourbano.com\/revista\/wp-content\/uploads\/DSC_0609.jpg 1000w\" sizes=\"auto, (max-width: 300px) 100vw, 300px\" \/>\n","protected":false},"excerpt":{"rendered":"<p>Re\u00fane a importantes representantes de la arquitectura para conmemorar al arquitecto y pintor mexicano La Universidad Nacional Aut\u00f3noma de M\u00e9xico (UNAM) llev\u00f3 a cabo en la Facultad de Arquitectura un homenaje al arquitecto Teodoro Gonz\u00e1lez de Le\u00f3n, donde frente a Invitados de la Academia Nacional de Arquitectura, del INBA, del Colegio de Arquitectos de la [&hellip;]<\/p>\n","protected":false},"author":45,"featured_media":40960,"comment_status":"open","ping_status":"closed","sticky":false,"template":"","format":"standard","meta":{"om_disable_all_campaigns":false,"inline_featured_image":false,"_monsterinsights_skip_tracking":false,"_monsterinsights_sitenote_active":false,"_monsterinsights_sitenote_note":"","_monsterinsights_sitenote_category":0,"footnotes":""},"categories":[81],"tags":[1002,1425,244],"class_list":["post-40957","post","type-post","status-publish","format-standard","has-post-thumbnail","hentry","category-arquitectura-2","tag-facultad-de-arquitectura","tag-teodoro-gonzalez-de-leon","tag-unam"],"yoast_head":"<!-- This site is optimized with the Yoast SEO plugin v27.4 - https:\/\/yoast.com\/product\/yoast-seo-wordpress\/ -->\n<title>UNAM rinde homenaje a Teodoro Gonz\u00e1lez de Le\u00f3n -<\/title>\n<meta name=\"description\" content=\"La Universidad Nacional Aut\u00f3noma de M\u00e9xico (UNAM) llev\u00f3 a cabo en la Facultad de Arquitectura un homenaje al arquitecto Teodoro Gonz\u00e1lez de Le\u00f3n, donde frente a Invitados de la Academia Nacional de Arquitectura, del INBA, del Colegio de Arquitectos de la Ciudad de M\u00e9xico y familiares y amigos del arquitecto, se les invit\u00f3 a importantes representantes del \u00e1mbito a hablar de las experiencias profesionales que compartieron con \u00e9l\" \/>\n<meta name=\"robots\" content=\"index, follow, max-snippet:-1, max-image-preview:large, max-video-preview:-1\" \/>\n<link rel=\"canonical\" href=\"https:\/\/centrourbano.com\/revista\/arquitectura-2\/40957-2\/\" \/>\n<meta property=\"og:locale\" content=\"es_ES\" \/>\n<meta property=\"og:type\" content=\"article\" \/>\n<meta property=\"og:title\" content=\"UNAM rinde homenaje a Teodoro Gonz\u00e1lez de Le\u00f3n -\" \/>\n<meta property=\"og:description\" content=\"La Universidad Nacional Aut\u00f3noma de M\u00e9xico (UNAM) llev\u00f3 a cabo en la Facultad de Arquitectura un homenaje al arquitecto Teodoro Gonz\u00e1lez de Le\u00f3n, donde frente a Invitados de la Academia Nacional de Arquitectura, del INBA, del Colegio de Arquitectos de la Ciudad de M\u00e9xico y familiares y amigos del arquitecto, se les invit\u00f3 a importantes representantes del \u00e1mbito a hablar de las experiencias profesionales que compartieron con \u00e9l\" \/>\n<meta property=\"og:url\" content=\"https:\/\/centrourbano.com\/revista\/arquitectura-2\/40957-2\/\" \/>\n<meta property=\"og:site_name\" content=\"Centro Urbano\" \/>\n<meta property=\"article:publisher\" content=\"https:\/\/www.facebook.com\/portalcentrourbano\" \/>\n<meta property=\"article:published_time\" content=\"2016-09-27T20:52:39+00:00\" \/>\n<meta property=\"article:modified_time\" content=\"2016-09-28T16:52:48+00:00\" \/>\n<meta property=\"og:image\" content=\"https:\/\/centrourbano.com\/revista\/wp-content\/uploads\/DSC_0578.jpg\" \/>\n\t<meta property=\"og:image:width\" content=\"2000\" \/>\n\t<meta property=\"og:image:height\" content=\"1330\" \/>\n\t<meta property=\"og:image:type\" content=\"image\/jpeg\" \/>\n<meta name=\"author\" content=\"Hanae Pacheco\" \/>\n<meta name=\"twitter:card\" content=\"summary_large_image\" \/>\n<meta name=\"twitter:creator\" content=\"@CentroUrbano\" \/>\n<meta name=\"twitter:site\" content=\"@CentroUrbano\" \/>\n<meta name=\"twitter:label1\" content=\"Escrito por\" \/>\n\t<meta name=\"twitter:data1\" content=\"Hanae Pacheco\" \/>\n\t<meta name=\"twitter:label2\" content=\"Tiempo de lectura\" \/>\n\t<meta name=\"twitter:data2\" content=\"3 minutos\" \/>\n<script type=\"application\/ld+json\" class=\"yoast-schema-graph\">{\"@context\":\"https:\\\/\\\/schema.org\",\"@graph\":[{\"@type\":\"Article\",\"@id\":\"https:\\\/\\\/centrourbano.com\\\/revista\\\/arquitectura-2\\\/40957-2\\\/#article\",\"isPartOf\":{\"@id\":\"https:\\\/\\\/centrourbano.com\\\/revista\\\/arquitectura-2\\\/40957-2\\\/\"},\"author\":{\"name\":\"Hanae Pacheco\",\"@id\":\"https:\\\/\\\/centrourbano.com\\\/revista\\\/#\\\/schema\\\/person\\\/db5aba19153b4dc77f48808c4c2e7027\"},\"headline\":\"UNAM rinde homenaje a Teodoro Gonz\u00e1lez de Le\u00f3n\",\"datePublished\":\"2016-09-27T20:52:39+00:00\",\"dateModified\":\"2016-09-28T16:52:48+00:00\",\"mainEntityOfPage\":{\"@id\":\"https:\\\/\\\/centrourbano.com\\\/revista\\\/arquitectura-2\\\/40957-2\\\/\"},\"wordCount\":601,\"commentCount\":0,\"publisher\":{\"@id\":\"https:\\\/\\\/centrourbano.com\\\/revista\\\/#organization\"},\"image\":{\"@id\":\"https:\\\/\\\/centrourbano.com\\\/revista\\\/arquitectura-2\\\/40957-2\\\/#primaryimage\"},\"thumbnailUrl\":\"https:\\\/\\\/centrourbano.com\\\/revista\\\/wp-content\\\/uploads\\\/DSC_0578.jpg\",\"keywords\":[\"Facultad de Arquitectura\",\"Teodoro Gonz\u00e1lez de Le\u00f3n\",\"UNAM\"],\"articleSection\":[\"Arquitectura\"],\"inLanguage\":\"es\",\"potentialAction\":[{\"@type\":\"CommentAction\",\"name\":\"Comment\",\"target\":[\"https:\\\/\\\/centrourbano.com\\\/revista\\\/arquitectura-2\\\/40957-2\\\/#respond\"]}]},{\"@type\":\"WebPage\",\"@id\":\"https:\\\/\\\/centrourbano.com\\\/revista\\\/arquitectura-2\\\/40957-2\\\/\",\"url\":\"https:\\\/\\\/centrourbano.com\\\/revista\\\/arquitectura-2\\\/40957-2\\\/\",\"name\":\"UNAM rinde homenaje a Teodoro Gonz\u00e1lez de Le\u00f3n -\",\"isPartOf\":{\"@id\":\"https:\\\/\\\/centrourbano.com\\\/revista\\\/#website\"},\"primaryImageOfPage\":{\"@id\":\"https:\\\/\\\/centrourbano.com\\\/revista\\\/arquitectura-2\\\/40957-2\\\/#primaryimage\"},\"image\":{\"@id\":\"https:\\\/\\\/centrourbano.com\\\/revista\\\/arquitectura-2\\\/40957-2\\\/#primaryimage\"},\"thumbnailUrl\":\"https:\\\/\\\/centrourbano.com\\\/revista\\\/wp-content\\\/uploads\\\/DSC_0578.jpg\",\"datePublished\":\"2016-09-27T20:52:39+00:00\",\"dateModified\":\"2016-09-28T16:52:48+00:00\",\"description\":\"La Universidad Nacional Aut\u00f3noma de M\u00e9xico (UNAM) llev\u00f3 a cabo en la Facultad de Arquitectura un homenaje al arquitecto Teodoro Gonz\u00e1lez de Le\u00f3n, donde frente a Invitados de la Academia Nacional de Arquitectura, del INBA, del Colegio de Arquitectos de la Ciudad de M\u00e9xico y familiares y amigos del arquitecto, se les invit\u00f3 a importantes representantes del \u00e1mbito a hablar de las experiencias profesionales que compartieron con \u00e9l\",\"breadcrumb\":{\"@id\":\"https:\\\/\\\/centrourbano.com\\\/revista\\\/arquitectura-2\\\/40957-2\\\/#breadcrumb\"},\"inLanguage\":\"es\",\"potentialAction\":[{\"@type\":\"ReadAction\",\"target\":[\"https:\\\/\\\/centrourbano.com\\\/revista\\\/arquitectura-2\\\/40957-2\\\/\"]}]},{\"@type\":\"ImageObject\",\"inLanguage\":\"es\",\"@id\":\"https:\\\/\\\/centrourbano.com\\\/revista\\\/arquitectura-2\\\/40957-2\\\/#primaryimage\",\"url\":\"https:\\\/\\\/centrourbano.com\\\/revista\\\/wp-content\\\/uploads\\\/DSC_0578.jpg\",\"contentUrl\":\"https:\\\/\\\/centrourbano.com\\\/revista\\\/wp-content\\\/uploads\\\/DSC_0578.jpg\",\"width\":2000,\"height\":1330,\"caption\":\"Re\u00fane a importantes representantes de la arquitectura para conmemorar al arquitecto y pintor mexicano\"},{\"@type\":\"BreadcrumbList\",\"@id\":\"https:\\\/\\\/centrourbano.com\\\/revista\\\/arquitectura-2\\\/40957-2\\\/#breadcrumb\",\"itemListElement\":[{\"@type\":\"ListItem\",\"position\":1,\"name\":\"Portada\",\"item\":\"https:\\\/\\\/centrourbano.com\\\/revista\\\/\"},{\"@type\":\"ListItem\",\"position\":2,\"name\":\"UNAM rinde homenaje a Teodoro Gonz\u00e1lez de Le\u00f3n\"}]},{\"@type\":\"WebSite\",\"@id\":\"https:\\\/\\\/centrourbano.com\\\/revista\\\/#website\",\"url\":\"https:\\\/\\\/centrourbano.com\\\/revista\\\/\",\"name\":\"Centro Urbano\",\"description\":\"Medio especializado en los sectores vivienda, inmobiliario, construcci\u00f3n, arquitectura y urbanismo.\",\"publisher\":{\"@id\":\"https:\\\/\\\/centrourbano.com\\\/revista\\\/#organization\"},\"potentialAction\":[{\"@type\":\"SearchAction\",\"target\":{\"@type\":\"EntryPoint\",\"urlTemplate\":\"https:\\\/\\\/centrourbano.com\\\/revista\\\/?s={search_term_string}\"},\"query-input\":{\"@type\":\"PropertyValueSpecification\",\"valueRequired\":true,\"valueName\":\"search_term_string\"}}],\"inLanguage\":\"es\"},{\"@type\":\"Organization\",\"@id\":\"https:\\\/\\\/centrourbano.com\\\/revista\\\/#organization\",\"name\":\"Centro Urbano\",\"url\":\"https:\\\/\\\/centrourbano.com\\\/revista\\\/\",\"logo\":{\"@type\":\"ImageObject\",\"inLanguage\":\"es\",\"@id\":\"https:\\\/\\\/centrourbano.com\\\/revista\\\/#\\\/schema\\\/logo\\\/image\\\/\",\"url\":\"https:\\\/\\\/centrourbano.com\\\/revista\\\/wp-content\\\/uploads\\\/web_CU_logo-1.png\",\"contentUrl\":\"https:\\\/\\\/centrourbano.com\\\/revista\\\/wp-content\\\/uploads\\\/web_CU_logo-1.png\",\"width\":350,\"height\":91,\"caption\":\"Centro Urbano\"},\"image\":{\"@id\":\"https:\\\/\\\/centrourbano.com\\\/revista\\\/#\\\/schema\\\/logo\\\/image\\\/\"},\"sameAs\":[\"https:\\\/\\\/www.facebook.com\\\/portalcentrourbano\",\"https:\\\/\\\/x.com\\\/CentroUrbano\",\"https:\\\/\\\/www.instagram.com\\\/centro_urbano\\\/\",\"https:\\\/\\\/www.linkedin.com\\\/company\\\/centro-urbano\\\/\",\"http:\\\/\\\/www.youtube.com\\\/user\\\/portalcentrourbano\"]},{\"@type\":\"Person\",\"@id\":\"https:\\\/\\\/centrourbano.com\\\/revista\\\/#\\\/schema\\\/person\\\/db5aba19153b4dc77f48808c4c2e7027\",\"name\":\"Hanae Pacheco\",\"image\":{\"@type\":\"ImageObject\",\"inLanguage\":\"es\",\"@id\":\"https:\\\/\\\/secure.gravatar.com\\\/avatar\\\/85378918db488c7c72bd7acaea6909bbfd5df076ffaf5e56cf397f98ef67f72d?s=96&d=mm&r=g\",\"url\":\"https:\\\/\\\/secure.gravatar.com\\\/avatar\\\/85378918db488c7c72bd7acaea6909bbfd5df076ffaf5e56cf397f98ef67f72d?s=96&d=mm&r=g\",\"contentUrl\":\"https:\\\/\\\/secure.gravatar.com\\\/avatar\\\/85378918db488c7c72bd7acaea6909bbfd5df076ffaf5e56cf397f98ef67f72d?s=96&d=mm&r=g\",\"caption\":\"Hanae Pacheco\"},\"url\":\"https:\\\/\\\/centrourbano.com\\\/revista\\\/author\\\/hanae-pacheco\\\/\"}]}<\/script>\n<!-- \/ Yoast SEO plugin. -->","yoast_head_json":{"title":"UNAM rinde homenaje a Teodoro Gonz\u00e1lez de Le\u00f3n -","description":"La Universidad Nacional Aut\u00f3noma de M\u00e9xico (UNAM) llev\u00f3 a cabo en la Facultad de Arquitectura un homenaje al arquitecto Teodoro Gonz\u00e1lez de Le\u00f3n, donde frente a Invitados de la Academia Nacional de Arquitectura, del INBA, del Colegio de Arquitectos de la Ciudad de M\u00e9xico y familiares y amigos del arquitecto, se les invit\u00f3 a importantes representantes del \u00e1mbito a hablar de las experiencias profesionales que compartieron con \u00e9l","robots":{"index":"index","follow":"follow","max-snippet":"max-snippet:-1","max-image-preview":"max-image-preview:large","max-video-preview":"max-video-preview:-1"},"canonical":"https:\/\/centrourbano.com\/revista\/arquitectura-2\/40957-2\/","og_locale":"es_ES","og_type":"article","og_title":"UNAM rinde homenaje a Teodoro Gonz\u00e1lez de Le\u00f3n -","og_description":"La Universidad Nacional Aut\u00f3noma de M\u00e9xico (UNAM) llev\u00f3 a cabo en la Facultad de Arquitectura un homenaje al arquitecto Teodoro Gonz\u00e1lez de Le\u00f3n, donde frente a Invitados de la Academia Nacional de Arquitectura, del INBA, del Colegio de Arquitectos de la Ciudad de M\u00e9xico y familiares y amigos del arquitecto, se les invit\u00f3 a importantes representantes del \u00e1mbito a hablar de las experiencias profesionales que compartieron con \u00e9l","og_url":"https:\/\/centrourbano.com\/revista\/arquitectura-2\/40957-2\/","og_site_name":"Centro Urbano","article_publisher":"https:\/\/www.facebook.com\/portalcentrourbano","article_published_time":"2016-09-27T20:52:39+00:00","article_modified_time":"2016-09-28T16:52:48+00:00","og_image":[{"width":2000,"height":1330,"url":"https:\/\/centrourbano.com\/revista\/wp-content\/uploads\/DSC_0578.jpg","type":"image\/jpeg"}],"author":"Hanae Pacheco","twitter_card":"summary_large_image","twitter_creator":"@CentroUrbano","twitter_site":"@CentroUrbano","twitter_misc":{"Escrito por":"Hanae Pacheco","Tiempo de lectura":"3 minutos"},"schema":{"@context":"https:\/\/schema.org","@graph":[{"@type":"Article","@id":"https:\/\/centrourbano.com\/revista\/arquitectura-2\/40957-2\/#article","isPartOf":{"@id":"https:\/\/centrourbano.com\/revista\/arquitectura-2\/40957-2\/"},"author":{"name":"Hanae Pacheco","@id":"https:\/\/centrourbano.com\/revista\/#\/schema\/person\/db5aba19153b4dc77f48808c4c2e7027"},"headline":"UNAM rinde homenaje a Teodoro Gonz\u00e1lez de Le\u00f3n","datePublished":"2016-09-27T20:52:39+00:00","dateModified":"2016-09-28T16:52:48+00:00","mainEntityOfPage":{"@id":"https:\/\/centrourbano.com\/revista\/arquitectura-2\/40957-2\/"},"wordCount":601,"commentCount":0,"publisher":{"@id":"https:\/\/centrourbano.com\/revista\/#organization"},"image":{"@id":"https:\/\/centrourbano.com\/revista\/arquitectura-2\/40957-2\/#primaryimage"},"thumbnailUrl":"https:\/\/centrourbano.com\/revista\/wp-content\/uploads\/DSC_0578.jpg","keywords":["Facultad de Arquitectura","Teodoro Gonz\u00e1lez de Le\u00f3n","UNAM"],"articleSection":["Arquitectura"],"inLanguage":"es","potentialAction":[{"@type":"CommentAction","name":"Comment","target":["https:\/\/centrourbano.com\/revista\/arquitectura-2\/40957-2\/#respond"]}]},{"@type":"WebPage","@id":"https:\/\/centrourbano.com\/revista\/arquitectura-2\/40957-2\/","url":"https:\/\/centrourbano.com\/revista\/arquitectura-2\/40957-2\/","name":"UNAM rinde homenaje a Teodoro Gonz\u00e1lez de Le\u00f3n -","isPartOf":{"@id":"https:\/\/centrourbano.com\/revista\/#website"},"primaryImageOfPage":{"@id":"https:\/\/centrourbano.com\/revista\/arquitectura-2\/40957-2\/#primaryimage"},"image":{"@id":"https:\/\/centrourbano.com\/revista\/arquitectura-2\/40957-2\/#primaryimage"},"thumbnailUrl":"https:\/\/centrourbano.com\/revista\/wp-content\/uploads\/DSC_0578.jpg","datePublished":"2016-09-27T20:52:39+00:00","dateModified":"2016-09-28T16:52:48+00:00","description":"La Universidad Nacional Aut\u00f3noma de M\u00e9xico (UNAM) llev\u00f3 a cabo en la Facultad de Arquitectura un homenaje al arquitecto Teodoro Gonz\u00e1lez de Le\u00f3n, donde frente a Invitados de la Academia Nacional de Arquitectura, del INBA, del Colegio de Arquitectos de la Ciudad de M\u00e9xico y familiares y amigos del arquitecto, se les invit\u00f3 a importantes representantes del \u00e1mbito a hablar de las experiencias profesionales que compartieron con \u00e9l","breadcrumb":{"@id":"https:\/\/centrourbano.com\/revista\/arquitectura-2\/40957-2\/#breadcrumb"},"inLanguage":"es","potentialAction":[{"@type":"ReadAction","target":["https:\/\/centrourbano.com\/revista\/arquitectura-2\/40957-2\/"]}]},{"@type":"ImageObject","inLanguage":"es","@id":"https:\/\/centrourbano.com\/revista\/arquitectura-2\/40957-2\/#primaryimage","url":"https:\/\/centrourbano.com\/revista\/wp-content\/uploads\/DSC_0578.jpg","contentUrl":"https:\/\/centrourbano.com\/revista\/wp-content\/uploads\/DSC_0578.jpg","width":2000,"height":1330,"caption":"Re\u00fane a importantes representantes de la arquitectura para conmemorar al arquitecto y pintor mexicano"},{"@type":"BreadcrumbList","@id":"https:\/\/centrourbano.com\/revista\/arquitectura-2\/40957-2\/#breadcrumb","itemListElement":[{"@type":"ListItem","position":1,"name":"Portada","item":"https:\/\/centrourbano.com\/revista\/"},{"@type":"ListItem","position":2,"name":"UNAM rinde homenaje a Teodoro Gonz\u00e1lez de Le\u00f3n"}]},{"@type":"WebSite","@id":"https:\/\/centrourbano.com\/revista\/#website","url":"https:\/\/centrourbano.com\/revista\/","name":"Centro Urbano","description":"Medio especializado en los sectores vivienda, inmobiliario, construcci\u00f3n, arquitectura y urbanismo.","publisher":{"@id":"https:\/\/centrourbano.com\/revista\/#organization"},"potentialAction":[{"@type":"SearchAction","target":{"@type":"EntryPoint","urlTemplate":"https:\/\/centrourbano.com\/revista\/?s={search_term_string}"},"query-input":{"@type":"PropertyValueSpecification","valueRequired":true,"valueName":"search_term_string"}}],"inLanguage":"es"},{"@type":"Organization","@id":"https:\/\/centrourbano.com\/revista\/#organization","name":"Centro Urbano","url":"https:\/\/centrourbano.com\/revista\/","logo":{"@type":"ImageObject","inLanguage":"es","@id":"https:\/\/centrourbano.com\/revista\/#\/schema\/logo\/image\/","url":"https:\/\/centrourbano.com\/revista\/wp-content\/uploads\/web_CU_logo-1.png","contentUrl":"https:\/\/centrourbano.com\/revista\/wp-content\/uploads\/web_CU_logo-1.png","width":350,"height":91,"caption":"Centro Urbano"},"image":{"@id":"https:\/\/centrourbano.com\/revista\/#\/schema\/logo\/image\/"},"sameAs":["https:\/\/www.facebook.com\/portalcentrourbano","https:\/\/x.com\/CentroUrbano","https:\/\/www.instagram.com\/centro_urbano\/","https:\/\/www.linkedin.com\/company\/centro-urbano\/","http:\/\/www.youtube.com\/user\/portalcentrourbano"]},{"@type":"Person","@id":"https:\/\/centrourbano.com\/revista\/#\/schema\/person\/db5aba19153b4dc77f48808c4c2e7027","name":"Hanae Pacheco","image":{"@type":"ImageObject","inLanguage":"es","@id":"https:\/\/secure.gravatar.com\/avatar\/85378918db488c7c72bd7acaea6909bbfd5df076ffaf5e56cf397f98ef67f72d?s=96&d=mm&r=g","url":"https:\/\/secure.gravatar.com\/avatar\/85378918db488c7c72bd7acaea6909bbfd5df076ffaf5e56cf397f98ef67f72d?s=96&d=mm&r=g","contentUrl":"https:\/\/secure.gravatar.com\/avatar\/85378918db488c7c72bd7acaea6909bbfd5df076ffaf5e56cf397f98ef67f72d?s=96&d=mm&r=g","caption":"Hanae Pacheco"},"url":"https:\/\/centrourbano.com\/revista\/author\/hanae-pacheco\/"}]}},"_links":{"self":[{"href":"https:\/\/centrourbano.com\/revista\/wp-json\/wp\/v2\/posts\/40957","targetHints":{"allow":["GET"]}}],"collection":[{"href":"https:\/\/centrourbano.com\/revista\/wp-json\/wp\/v2\/posts"}],"about":[{"href":"https:\/\/centrourbano.com\/revista\/wp-json\/wp\/v2\/types\/post"}],"author":[{"embeddable":true,"href":"https:\/\/centrourbano.com\/revista\/wp-json\/wp\/v2\/users\/45"}],"replies":[{"embeddable":true,"href":"https:\/\/centrourbano.com\/revista\/wp-json\/wp\/v2\/comments?post=40957"}],"version-history":[{"count":0,"href":"https:\/\/centrourbano.com\/revista\/wp-json\/wp\/v2\/posts\/40957\/revisions"}],"wp:featuredmedia":[{"embeddable":true,"href":"https:\/\/centrourbano.com\/revista\/wp-json\/wp\/v2\/media\/40960"}],"wp:attachment":[{"href":"https:\/\/centrourbano.com\/revista\/wp-json\/wp\/v2\/media?parent=40957"}],"wp:term":[{"taxonomy":"category","embeddable":true,"href":"https:\/\/centrourbano.com\/revista\/wp-json\/wp\/v2\/categories?post=40957"},{"taxonomy":"post_tag","embeddable":true,"href":"https:\/\/centrourbano.com\/revista\/wp-json\/wp\/v2\/tags?post=40957"}],"curies":[{"name":"wp","href":"https:\/\/api.w.org\/{rel}","templated":true}]}}