{"id":40941,"date":"2016-09-27T15:12:21","date_gmt":"2016-09-27T20:12:21","guid":{"rendered":"https:\/\/centrourbano.com\/?p=40941"},"modified":"2016-10-26T17:16:56","modified_gmt":"2016-10-26T22:16:56","slug":"habitat-iii-las-ciudades-mexico","status":"publish","type":"post","link":"https:\/\/centrourbano.com\/revista\/opinion\/habitat-iii-las-ciudades-mexico\/","title":{"rendered":"H\u00e1bitat III y las ciudades en M\u00e9xico"},"content":{"rendered":"<p><strong>Por Rosario Robles Berlanga<\/strong><\/p>\n<p>La realizaci\u00f3n de la Conferencia de Naciones Unidas sobre Vivienda y Desarrollo Urbano Sostenible (Habitat III), en Quito, Ecuador, en octubre de este a\u00f1o, la aprobaci\u00f3n de la Nueva Agenda Urbana (https:\/\/habitat3.org\/the-new-urban-agenda), y la firma, en 2015, de los Objetivos de Desarrollo Sostenible 2030 (ODS-2030), representan un marco de trabajo de gran relevancia para nuestro pa\u00eds.<\/p>\n<a href=\"https:\/\/centrourbano.com\/revista\/wp-content\/uploads\/habitat-III-1.jpg\"><img loading=\"lazy\" decoding=\"async\" class=\"wp-image-40942 size-full aligncenter\" src=\"https:\/\/centrourbano.com\/revista\/wp-content\/uploads\/habitat-III-1.jpg\" alt=\"habitat-iii\" width=\"900\" height=\"600\" srcset=\"https:\/\/centrourbano.com\/revista\/wp-content\/uploads\/habitat-III-1.jpg 900w, https:\/\/centrourbano.com\/revista\/wp-content\/uploads\/habitat-III-1-300x200.jpg 300w, https:\/\/centrourbano.com\/revista\/wp-content\/uploads\/habitat-III-1-768x512.jpg 768w\" sizes=\"auto, (max-width: 900px) 100vw, 900px\" \/><\/a>\n<p>El diagn\u00f3stico de nuestras ciudades revela la escala del trabajo que M\u00e9xico debe emprender para cumplir con sus compromisos internacionales: m\u00e1s de 80 millones de personas viven en ciudades; tenemos 59 zonas metropolitanas cuya gobernanza depende de la coordinaci\u00f3n entre autoridades de distintos \u00f3rdenes de gobierno y en ellas habitan al menos 64 millones de mexicanos; para 2010, en los \u00faltimos treinta a\u00f1os la poblaci\u00f3n de las zonas urbanas se hab\u00eda duplicado, mientras que en el mismo lapso la extensi\u00f3n de las manchas urbanas hab\u00eda crecido 10 veces.<\/p>\n<p>De acuerdo con estimaciones del CONEVAL para 2014, 35.4 millones de personas padec\u00edan pobreza en zonas urbanas y 6.2 millones viv\u00edan con pobreza extrema en las ciudades. Desde otra perspectiva y con datos a 2010, el CONEVAL estimaba fuertes asimetr\u00edas en la poblaci\u00f3n de las distintas zonas metropolitanas.<\/p>\n<a href=\"https:\/\/centrourbano.com\/revista\/wp-content\/uploads\/Densificaci\u00f3n.jpg\"><img loading=\"lazy\" decoding=\"async\" class=\" wp-image-40953 alignright\" src=\"https:\/\/centrourbano.com\/revista\/wp-content\/uploads\/Densificaci\u00f3n-300x199.jpg\" alt=\"densificacion\" width=\"335\" height=\"222\" srcset=\"https:\/\/centrourbano.com\/revista\/wp-content\/uploads\/Densificaci\u00f3n-300x199.jpg 300w, https:\/\/centrourbano.com\/revista\/wp-content\/uploads\/Densificaci\u00f3n.jpg 600w\" sizes=\"auto, (max-width: 335px) 100vw, 335px\" \/><\/a>\n<p>Por citar un ejemplo: 31.5% de la poblaci\u00f3n de la zona metropolitana de Acayucan viv\u00eda con un ingreso debajo de la l\u00ednea de bienestar m\u00ednimo, mientras que s\u00f3lo el 5.7% de la poblaci\u00f3n de la zona metropolitana de Tepic se hallaba en esa situaci\u00f3n.<\/p>\n<p>A esto hay que sumar que durante la \u00faltima d\u00e9cada la pol\u00edtica de vivienda estuvo divorciada de la perspectiva territorial: gener\u00f3 hacinamiento y, al mismo tiempo, vivienda desocupada, alejada de los centros urbanos.<\/p>\n<p>La perspectiva de SEDATU es que Habitat III y los ODS-2030 generan un contexto de exigencia distinto para nuestro pa\u00eds y sus tres \u00f3rdenes de gobierno. Las competencias que establece la Constituci\u00f3n hacen necesario trabajar para construir mecanismos obligatorios de coordinaci\u00f3n metropolitana e instrumentos normativos generales que permitan planear y ordenar eficientemente el territorio.<\/p>\n<p>De manera muy sint\u00e9tica, nuestro pa\u00eds tiene que enfocarse en la atenci\u00f3n de grandes temas con repercusiones en las ciudades:<\/p>\n<ul>\n<li>Contar con instrumentos de planeaci\u00f3n del territorio que permitan un desarrollo regional sostenible y la integraci\u00f3n de las zonas urbanas con las \u00e1reas periurbanas y rurales. En ello las ciudades peque\u00f1as y medianas tendr\u00e1n un papel fundamental<\/li>\n<li>Generar mecanismos obligatorios de coordinaci\u00f3n y gobernanza metropolitana para que al menos en temas esenciales (gesti\u00f3n del agua, movilidad, conectividad, transporte, disposici\u00f3n de residuos, calidad del aire, reservas territoriales) nuestras zonas metropolitanas tengan un desarrollo funcional, sostenible y enfocado a la garant\u00eda de derechos asociados al territorio.<\/li>\n<\/ul>\n<a href=\"https:\/\/centrourbano.com\/revista\/wp-content\/uploads\/Desarrollo-Urbano-e1475007104718.jpg\"><img loading=\"lazy\" decoding=\"async\" class=\"wp-image-40938 size-medium alignleft\" src=\"https:\/\/centrourbano.com\/revista\/wp-content\/uploads\/Desarrollo-Urbano-300x225.jpg\" alt=\"desarrollo-urbano\" width=\"300\" height=\"225\" \/><\/a>\n<p>&nbsp;<\/p>\n<ul>\n<li>Instrumentar una pol\u00edtica de vivienda digna y sostenible, energ\u00e9ticamente responsable, orientada especialmente para sectores de bajos recursos y que contemple opciones para mujeres, adultos mayores, j\u00f3venes y personas con discapacidad<\/li>\n<li>Fortalecer la perspectiva de g\u00e9nero en las pol\u00edticas p\u00fablicas asociadas al territorio y, en general, la reducci\u00f3n de las desigualdades<\/li>\n<li>Promover la densificaci\u00f3n, la resiliencia y la inclusi\u00f3n en las ciudades<\/li>\n<\/ul>\n<ul>\n<li>Recuperar una visi\u00f3n territorial en la que prime el inter\u00e9s p\u00fablico y la funci\u00f3n social del suelo<\/li>\n<li>Reducir el impacto clim\u00e1tico de nuestras ciudades, abatiendo la emisi\u00f3n de gases de efecto invernadero y promoviendo el aprovechamiento de energ\u00edas limpias<\/li>\n<\/ul>\n<p>Para alcanzar estos objetivos necesitamos de tres principios rectores:<\/p>\n<ol>\n<li>la participaci\u00f3n ciudadana en el dise\u00f1o e implementaci\u00f3n de las pol\u00edticas p\u00fablicas;<\/li>\n<li>m\u00e1s y mejores niveles de transparencia y rendici\u00f3n de cuentas en la gesti\u00f3n urbana; y<\/li>\n<li>mejores instrumentos de medici\u00f3n y sistemas de informaci\u00f3n que permitan establecer comparaciones entre regiones y ciudades a lo largo del tiempo. Es indispensable contar con informaci\u00f3n robusta que nos permita saber si las pol\u00edticas que implementamos nos acercan a los objetivos que nos hemos trazado.<\/li>\n<\/ol>\n<a href=\"https:\/\/centrourbano.com\/revista\/wp-content\/uploads\/habitat-III-cuatro.jpg\"><img loading=\"lazy\" decoding=\"async\" class=\"wp-image-40973 size-full aligncenter\" src=\"https:\/\/centrourbano.com\/revista\/wp-content\/uploads\/habitat-III-cuatro.jpg\" alt=\"City Scape\" width=\"800\" height=\"347\" srcset=\"https:\/\/centrourbano.com\/revista\/wp-content\/uploads\/habitat-III-cuatro.jpg 800w, https:\/\/centrourbano.com\/revista\/wp-content\/uploads\/habitat-III-cuatro-300x130.jpg 300w, https:\/\/centrourbano.com\/revista\/wp-content\/uploads\/habitat-III-cuatro-768x333.jpg 768w\" sizes=\"auto, (max-width: 800px) 100vw, 800px\" \/><\/a>\n<p>&nbsp;<\/p>\n<p>Habitat III generar\u00e1 un contexto pol\u00edtico favorable para la discusi\u00f3n y el intercambio de experiencias en materia de vivienda, desarrollo urbano, sostenibilidad, resiliencia, innovaci\u00f3n.<\/p>\n<p>En SEDATU tenemos la convicci\u00f3n de que las pol\u00edticas p\u00fablicas deben dejar de lado su visi\u00f3n sectorial y adoptar una territorial. La confluencia de las pol\u00edticas en el territorio determina en buena medida la calidad con la que el Estado mexicano garantiza los derechos de las personas. Para nosotros ese es el eje de la implementaci\u00f3n de la Nueva Agenda Urbana y de los Objetivos de Desarrollo Sostenible 2030.<\/p>\n<p>&nbsp;<\/p>\n<p>Secretaria de Desarrollo Agrario, Territorial y Urbano<\/p>\n<p><strong>Twitter: @Rosario_Robles_<\/strong><\/p>\n","protected":false},"excerpt":{"rendered":"<p>Por Rosario Robles Berlanga La realizaci\u00f3n de la Conferencia de Naciones Unidas sobre Vivienda y Desarrollo Urbano Sostenible (Habitat III), en Quito, Ecuador, en octubre de este a\u00f1o, la aprobaci\u00f3n de la Nueva Agenda Urbana (https:\/\/habitat3.org\/the-new-urban-agenda), y la firma, en 2015, de los Objetivos de Desarrollo Sostenible 2030 (ODS-2030), representan un marco de trabajo de [&hellip;]<\/p>\n","protected":false},"author":1,"featured_media":40934,"comment_status":"open","ping_status":"closed","sticky":false,"template":"","format":"standard","meta":{"om_disable_all_campaigns":false,"inline_featured_image":false,"_monsterinsights_skip_tracking":false,"_monsterinsights_sitenote_active":false,"_monsterinsights_sitenote_note":"","_monsterinsights_sitenote_category":0,"footnotes":""},"categories":[5817,5],"tags":[],"class_list":["post-40941","post","type-post","status-publish","format-standard","has-post-thumbnail","hentry","category-blog-de-urbanismo","category-opinion"],"yoast_head":"<!-- This site is optimized with the Yoast SEO plugin v27.5 - https:\/\/yoast.com\/product\/yoast-seo-wordpress\/ -->\n<title>H\u00e1bitat III y las ciudades en M\u00e9xico -<\/title>\n<meta name=\"description\" content=\"Por Rosario Robles Berlanga La realizaci\u00f3n de la Conferencia de Naciones Unidas sobre Vivienda y Desarrollo Urbano Sostenible (Habitat III), en Quito,\" \/>\n<meta name=\"robots\" content=\"index, follow, max-snippet:-1, max-image-preview:large, max-video-preview:-1\" \/>\n<link rel=\"canonical\" href=\"https:\/\/centrourbano.com\/revista\/opinion\/habitat-iii-las-ciudades-mexico\/\" \/>\n<meta property=\"og:locale\" content=\"es_ES\" \/>\n<meta property=\"og:type\" content=\"article\" \/>\n<meta property=\"og:title\" content=\"H\u00e1bitat III y las ciudades en M\u00e9xico -\" \/>\n<meta property=\"og:description\" content=\"Por Rosario Robles Berlanga La realizaci\u00f3n de la Conferencia de Naciones Unidas sobre Vivienda y Desarrollo Urbano Sostenible (Habitat III), en Quito,\" \/>\n<meta property=\"og:url\" content=\"https:\/\/centrourbano.com\/revista\/opinion\/habitat-iii-las-ciudades-mexico\/\" \/>\n<meta property=\"og:site_name\" content=\"Centro Urbano\" \/>\n<meta property=\"article:publisher\" content=\"https:\/\/www.facebook.com\/portalcentrourbano\" \/>\n<meta property=\"article:published_time\" content=\"2016-09-27T20:12:21+00:00\" \/>\n<meta property=\"article:modified_time\" content=\"2016-10-26T22:16:56+00:00\" \/>\n<meta property=\"og:image\" content=\"https:\/\/centrourbano.com\/revista\/wp-content\/uploads\/rosario-robles-bn.jpg\" \/>\n\t<meta property=\"og:image:width\" content=\"800\" \/>\n\t<meta property=\"og:image:height\" content=\"426\" \/>\n\t<meta property=\"og:image:type\" content=\"image\/jpeg\" \/>\n<meta name=\"author\" content=\"BlogCU 2022\" \/>\n<meta name=\"twitter:card\" content=\"summary_large_image\" \/>\n<meta name=\"twitter:creator\" content=\"@CentroUrbano\" \/>\n<meta name=\"twitter:site\" content=\"@CentroUrbano\" \/>\n<meta name=\"twitter:label1\" content=\"Escrito por\" \/>\n\t<meta name=\"twitter:data1\" content=\"BlogCU 2022\" \/>\n\t<meta name=\"twitter:label2\" content=\"Tiempo de lectura\" \/>\n\t<meta name=\"twitter:data2\" content=\"4 minutos\" \/>\n<script type=\"application\/ld+json\" class=\"yoast-schema-graph\">{\"@context\":\"https:\\\/\\\/schema.org\",\"@graph\":[{\"@type\":\"Article\",\"@id\":\"https:\\\/\\\/centrourbano.com\\\/revista\\\/opinion\\\/habitat-iii-las-ciudades-mexico\\\/#article\",\"isPartOf\":{\"@id\":\"https:\\\/\\\/centrourbano.com\\\/revista\\\/opinion\\\/habitat-iii-las-ciudades-mexico\\\/\"},\"author\":{\"name\":\"BlogCU 2022\",\"@id\":\"https:\\\/\\\/centrourbano.com\\\/revista\\\/#\\\/schema\\\/person\\\/26c0ab2d8952e32eb17ccf62f8e88ce6\"},\"headline\":\"H\u00e1bitat III y las ciudades en M\u00e9xico\",\"datePublished\":\"2016-09-27T20:12:21+00:00\",\"dateModified\":\"2016-10-26T22:16:56+00:00\",\"mainEntityOfPage\":{\"@id\":\"https:\\\/\\\/centrourbano.com\\\/revista\\\/opinion\\\/habitat-iii-las-ciudades-mexico\\\/\"},\"wordCount\":793,\"commentCount\":0,\"publisher\":{\"@id\":\"https:\\\/\\\/centrourbano.com\\\/revista\\\/#organization\"},\"image\":{\"@id\":\"https:\\\/\\\/centrourbano.com\\\/revista\\\/opinion\\\/habitat-iii-las-ciudades-mexico\\\/#primaryimage\"},\"thumbnailUrl\":\"https:\\\/\\\/centrourbano.com\\\/revista\\\/wp-content\\\/uploads\\\/rosario-robles-bn.jpg\",\"articleSection\":[\"Hablemos de Urbanismo\",\"Opini\u00f3n\"],\"inLanguage\":\"es\",\"potentialAction\":[{\"@type\":\"CommentAction\",\"name\":\"Comment\",\"target\":[\"https:\\\/\\\/centrourbano.com\\\/revista\\\/opinion\\\/habitat-iii-las-ciudades-mexico\\\/#respond\"]}]},{\"@type\":\"WebPage\",\"@id\":\"https:\\\/\\\/centrourbano.com\\\/revista\\\/opinion\\\/habitat-iii-las-ciudades-mexico\\\/\",\"url\":\"https:\\\/\\\/centrourbano.com\\\/revista\\\/opinion\\\/habitat-iii-las-ciudades-mexico\\\/\",\"name\":\"H\u00e1bitat III y las ciudades en M\u00e9xico -\",\"isPartOf\":{\"@id\":\"https:\\\/\\\/centrourbano.com\\\/revista\\\/#website\"},\"primaryImageOfPage\":{\"@id\":\"https:\\\/\\\/centrourbano.com\\\/revista\\\/opinion\\\/habitat-iii-las-ciudades-mexico\\\/#primaryimage\"},\"image\":{\"@id\":\"https:\\\/\\\/centrourbano.com\\\/revista\\\/opinion\\\/habitat-iii-las-ciudades-mexico\\\/#primaryimage\"},\"thumbnailUrl\":\"https:\\\/\\\/centrourbano.com\\\/revista\\\/wp-content\\\/uploads\\\/rosario-robles-bn.jpg\",\"datePublished\":\"2016-09-27T20:12:21+00:00\",\"dateModified\":\"2016-10-26T22:16:56+00:00\",\"description\":\"Por Rosario Robles Berlanga La realizaci\u00f3n de la Conferencia de Naciones Unidas sobre Vivienda y Desarrollo Urbano Sostenible (Habitat III), en Quito,\",\"breadcrumb\":{\"@id\":\"https:\\\/\\\/centrourbano.com\\\/revista\\\/opinion\\\/habitat-iii-las-ciudades-mexico\\\/#breadcrumb\"},\"inLanguage\":\"es\",\"potentialAction\":[{\"@type\":\"ReadAction\",\"target\":[\"https:\\\/\\\/centrourbano.com\\\/revista\\\/opinion\\\/habitat-iii-las-ciudades-mexico\\\/\"]}]},{\"@type\":\"ImageObject\",\"inLanguage\":\"es\",\"@id\":\"https:\\\/\\\/centrourbano.com\\\/revista\\\/opinion\\\/habitat-iii-las-ciudades-mexico\\\/#primaryimage\",\"url\":\"https:\\\/\\\/centrourbano.com\\\/revista\\\/wp-content\\\/uploads\\\/rosario-robles-bn.jpg\",\"contentUrl\":\"https:\\\/\\\/centrourbano.com\\\/revista\\\/wp-content\\\/uploads\\\/rosario-robles-bn.jpg\",\"width\":800,\"height\":426,\"caption\":\"30124026. M\u00e9xico, D.F.- La secretaria de Desarrollo Social, Rosario Robles Berlanga, durante la Convocatoria a la Sociedad Civil, encabezada por el presidente Enrique Pe\u00f1a Nieto, en el marco de la Cruzada Nacional Contra el Hambre. NOTIMEX\\\/FOTO\\\/JOS\u00c9 PAZOS\\\/JPF\\\/POL\\\/\"},{\"@type\":\"BreadcrumbList\",\"@id\":\"https:\\\/\\\/centrourbano.com\\\/revista\\\/opinion\\\/habitat-iii-las-ciudades-mexico\\\/#breadcrumb\",\"itemListElement\":[{\"@type\":\"ListItem\",\"position\":1,\"name\":\"Portada\",\"item\":\"https:\\\/\\\/centrourbano.com\\\/revista\\\/\"},{\"@type\":\"ListItem\",\"position\":2,\"name\":\"H\u00e1bitat III y las ciudades en M\u00e9xico\"}]},{\"@type\":\"WebSite\",\"@id\":\"https:\\\/\\\/centrourbano.com\\\/revista\\\/#website\",\"url\":\"https:\\\/\\\/centrourbano.com\\\/revista\\\/\",\"name\":\"Centro Urbano\",\"description\":\"Medio especializado en los sectores vivienda, inmobiliario, construcci\u00f3n, arquitectura y urbanismo.\",\"publisher\":{\"@id\":\"https:\\\/\\\/centrourbano.com\\\/revista\\\/#organization\"},\"potentialAction\":[{\"@type\":\"SearchAction\",\"target\":{\"@type\":\"EntryPoint\",\"urlTemplate\":\"https:\\\/\\\/centrourbano.com\\\/revista\\\/?s={search_term_string}\"},\"query-input\":{\"@type\":\"PropertyValueSpecification\",\"valueRequired\":true,\"valueName\":\"search_term_string\"}}],\"inLanguage\":\"es\"},{\"@type\":\"Organization\",\"@id\":\"https:\\\/\\\/centrourbano.com\\\/revista\\\/#organization\",\"name\":\"Centro Urbano\",\"url\":\"https:\\\/\\\/centrourbano.com\\\/revista\\\/\",\"logo\":{\"@type\":\"ImageObject\",\"inLanguage\":\"es\",\"@id\":\"https:\\\/\\\/centrourbano.com\\\/revista\\\/#\\\/schema\\\/logo\\\/image\\\/\",\"url\":\"https:\\\/\\\/centrourbano.com\\\/revista\\\/wp-content\\\/uploads\\\/web_CU_logo-1.png\",\"contentUrl\":\"https:\\\/\\\/centrourbano.com\\\/revista\\\/wp-content\\\/uploads\\\/web_CU_logo-1.png\",\"width\":350,\"height\":91,\"caption\":\"Centro Urbano\"},\"image\":{\"@id\":\"https:\\\/\\\/centrourbano.com\\\/revista\\\/#\\\/schema\\\/logo\\\/image\\\/\"},\"sameAs\":[\"https:\\\/\\\/www.facebook.com\\\/portalcentrourbano\",\"https:\\\/\\\/x.com\\\/CentroUrbano\",\"https:\\\/\\\/www.instagram.com\\\/centro_urbano\\\/\",\"https:\\\/\\\/www.linkedin.com\\\/company\\\/centro-urbano\\\/\",\"http:\\\/\\\/www.youtube.com\\\/user\\\/portalcentrourbano\"]},{\"@type\":\"Person\",\"@id\":\"https:\\\/\\\/centrourbano.com\\\/revista\\\/#\\\/schema\\\/person\\\/26c0ab2d8952e32eb17ccf62f8e88ce6\",\"name\":\"BlogCU 2022\",\"image\":{\"@type\":\"ImageObject\",\"inLanguage\":\"es\",\"@id\":\"https:\\\/\\\/secure.gravatar.com\\\/avatar\\\/5ec2975f6d4b1643c723f08ef135c488131c64cba4524740d438f2e04dbeacdc?s=96&d=mm&r=g\",\"url\":\"https:\\\/\\\/secure.gravatar.com\\\/avatar\\\/5ec2975f6d4b1643c723f08ef135c488131c64cba4524740d438f2e04dbeacdc?s=96&d=mm&r=g\",\"contentUrl\":\"https:\\\/\\\/secure.gravatar.com\\\/avatar\\\/5ec2975f6d4b1643c723f08ef135c488131c64cba4524740d438f2e04dbeacdc?s=96&d=mm&r=g\",\"caption\":\"BlogCU 2022\"},\"url\":\"https:\\\/\\\/centrourbano.com\\\/revista\\\/author\\\/BlogCU 2022\\\/\"}]}<\/script>\n<!-- \/ Yoast SEO plugin. -->","yoast_head_json":{"title":"H\u00e1bitat III y las ciudades en M\u00e9xico -","description":"Por Rosario Robles Berlanga La realizaci\u00f3n de la Conferencia de Naciones Unidas sobre Vivienda y Desarrollo Urbano Sostenible (Habitat III), en Quito,","robots":{"index":"index","follow":"follow","max-snippet":"max-snippet:-1","max-image-preview":"max-image-preview:large","max-video-preview":"max-video-preview:-1"},"canonical":"https:\/\/centrourbano.com\/revista\/opinion\/habitat-iii-las-ciudades-mexico\/","og_locale":"es_ES","og_type":"article","og_title":"H\u00e1bitat III y las ciudades en M\u00e9xico -","og_description":"Por Rosario Robles Berlanga La realizaci\u00f3n de la Conferencia de Naciones Unidas sobre Vivienda y Desarrollo Urbano Sostenible (Habitat III), en Quito,","og_url":"https:\/\/centrourbano.com\/revista\/opinion\/habitat-iii-las-ciudades-mexico\/","og_site_name":"Centro Urbano","article_publisher":"https:\/\/www.facebook.com\/portalcentrourbano","article_published_time":"2016-09-27T20:12:21+00:00","article_modified_time":"2016-10-26T22:16:56+00:00","og_image":[{"width":800,"height":426,"url":"https:\/\/centrourbano.com\/revista\/wp-content\/uploads\/rosario-robles-bn.jpg","type":"image\/jpeg"}],"author":"BlogCU 2022","twitter_card":"summary_large_image","twitter_creator":"@CentroUrbano","twitter_site":"@CentroUrbano","twitter_misc":{"Escrito por":"BlogCU 2022","Tiempo de lectura":"4 minutos"},"schema":{"@context":"https:\/\/schema.org","@graph":[{"@type":"Article","@id":"https:\/\/centrourbano.com\/revista\/opinion\/habitat-iii-las-ciudades-mexico\/#article","isPartOf":{"@id":"https:\/\/centrourbano.com\/revista\/opinion\/habitat-iii-las-ciudades-mexico\/"},"author":{"name":"BlogCU 2022","@id":"https:\/\/centrourbano.com\/revista\/#\/schema\/person\/26c0ab2d8952e32eb17ccf62f8e88ce6"},"headline":"H\u00e1bitat III y las ciudades en M\u00e9xico","datePublished":"2016-09-27T20:12:21+00:00","dateModified":"2016-10-26T22:16:56+00:00","mainEntityOfPage":{"@id":"https:\/\/centrourbano.com\/revista\/opinion\/habitat-iii-las-ciudades-mexico\/"},"wordCount":793,"commentCount":0,"publisher":{"@id":"https:\/\/centrourbano.com\/revista\/#organization"},"image":{"@id":"https:\/\/centrourbano.com\/revista\/opinion\/habitat-iii-las-ciudades-mexico\/#primaryimage"},"thumbnailUrl":"https:\/\/centrourbano.com\/revista\/wp-content\/uploads\/rosario-robles-bn.jpg","articleSection":["Hablemos de Urbanismo","Opini\u00f3n"],"inLanguage":"es","potentialAction":[{"@type":"CommentAction","name":"Comment","target":["https:\/\/centrourbano.com\/revista\/opinion\/habitat-iii-las-ciudades-mexico\/#respond"]}]},{"@type":"WebPage","@id":"https:\/\/centrourbano.com\/revista\/opinion\/habitat-iii-las-ciudades-mexico\/","url":"https:\/\/centrourbano.com\/revista\/opinion\/habitat-iii-las-ciudades-mexico\/","name":"H\u00e1bitat III y las ciudades en M\u00e9xico -","isPartOf":{"@id":"https:\/\/centrourbano.com\/revista\/#website"},"primaryImageOfPage":{"@id":"https:\/\/centrourbano.com\/revista\/opinion\/habitat-iii-las-ciudades-mexico\/#primaryimage"},"image":{"@id":"https:\/\/centrourbano.com\/revista\/opinion\/habitat-iii-las-ciudades-mexico\/#primaryimage"},"thumbnailUrl":"https:\/\/centrourbano.com\/revista\/wp-content\/uploads\/rosario-robles-bn.jpg","datePublished":"2016-09-27T20:12:21+00:00","dateModified":"2016-10-26T22:16:56+00:00","description":"Por Rosario Robles Berlanga La realizaci\u00f3n de la Conferencia de Naciones Unidas sobre Vivienda y Desarrollo Urbano Sostenible (Habitat III), en Quito,","breadcrumb":{"@id":"https:\/\/centrourbano.com\/revista\/opinion\/habitat-iii-las-ciudades-mexico\/#breadcrumb"},"inLanguage":"es","potentialAction":[{"@type":"ReadAction","target":["https:\/\/centrourbano.com\/revista\/opinion\/habitat-iii-las-ciudades-mexico\/"]}]},{"@type":"ImageObject","inLanguage":"es","@id":"https:\/\/centrourbano.com\/revista\/opinion\/habitat-iii-las-ciudades-mexico\/#primaryimage","url":"https:\/\/centrourbano.com\/revista\/wp-content\/uploads\/rosario-robles-bn.jpg","contentUrl":"https:\/\/centrourbano.com\/revista\/wp-content\/uploads\/rosario-robles-bn.jpg","width":800,"height":426,"caption":"30124026. M\u00e9xico, D.F.- La secretaria de Desarrollo Social, Rosario Robles Berlanga, durante la Convocatoria a la Sociedad Civil, encabezada por el presidente Enrique Pe\u00f1a Nieto, en el marco de la Cruzada Nacional Contra el Hambre. NOTIMEX\/FOTO\/JOS\u00c9 PAZOS\/JPF\/POL\/"},{"@type":"BreadcrumbList","@id":"https:\/\/centrourbano.com\/revista\/opinion\/habitat-iii-las-ciudades-mexico\/#breadcrumb","itemListElement":[{"@type":"ListItem","position":1,"name":"Portada","item":"https:\/\/centrourbano.com\/revista\/"},{"@type":"ListItem","position":2,"name":"H\u00e1bitat III y las ciudades en M\u00e9xico"}]},{"@type":"WebSite","@id":"https:\/\/centrourbano.com\/revista\/#website","url":"https:\/\/centrourbano.com\/revista\/","name":"Centro Urbano","description":"Medio especializado en los sectores vivienda, inmobiliario, construcci\u00f3n, arquitectura y urbanismo.","publisher":{"@id":"https:\/\/centrourbano.com\/revista\/#organization"},"potentialAction":[{"@type":"SearchAction","target":{"@type":"EntryPoint","urlTemplate":"https:\/\/centrourbano.com\/revista\/?s={search_term_string}"},"query-input":{"@type":"PropertyValueSpecification","valueRequired":true,"valueName":"search_term_string"}}],"inLanguage":"es"},{"@type":"Organization","@id":"https:\/\/centrourbano.com\/revista\/#organization","name":"Centro Urbano","url":"https:\/\/centrourbano.com\/revista\/","logo":{"@type":"ImageObject","inLanguage":"es","@id":"https:\/\/centrourbano.com\/revista\/#\/schema\/logo\/image\/","url":"https:\/\/centrourbano.com\/revista\/wp-content\/uploads\/web_CU_logo-1.png","contentUrl":"https:\/\/centrourbano.com\/revista\/wp-content\/uploads\/web_CU_logo-1.png","width":350,"height":91,"caption":"Centro Urbano"},"image":{"@id":"https:\/\/centrourbano.com\/revista\/#\/schema\/logo\/image\/"},"sameAs":["https:\/\/www.facebook.com\/portalcentrourbano","https:\/\/x.com\/CentroUrbano","https:\/\/www.instagram.com\/centro_urbano\/","https:\/\/www.linkedin.com\/company\/centro-urbano\/","http:\/\/www.youtube.com\/user\/portalcentrourbano"]},{"@type":"Person","@id":"https:\/\/centrourbano.com\/revista\/#\/schema\/person\/26c0ab2d8952e32eb17ccf62f8e88ce6","name":"BlogCU 2022","image":{"@type":"ImageObject","inLanguage":"es","@id":"https:\/\/secure.gravatar.com\/avatar\/5ec2975f6d4b1643c723f08ef135c488131c64cba4524740d438f2e04dbeacdc?s=96&d=mm&r=g","url":"https:\/\/secure.gravatar.com\/avatar\/5ec2975f6d4b1643c723f08ef135c488131c64cba4524740d438f2e04dbeacdc?s=96&d=mm&r=g","contentUrl":"https:\/\/secure.gravatar.com\/avatar\/5ec2975f6d4b1643c723f08ef135c488131c64cba4524740d438f2e04dbeacdc?s=96&d=mm&r=g","caption":"BlogCU 2022"},"url":"https:\/\/centrourbano.com\/revista\/author\/BlogCU 2022\/"}]}},"_links":{"self":[{"href":"https:\/\/centrourbano.com\/revista\/wp-json\/wp\/v2\/posts\/40941","targetHints":{"allow":["GET"]}}],"collection":[{"href":"https:\/\/centrourbano.com\/revista\/wp-json\/wp\/v2\/posts"}],"about":[{"href":"https:\/\/centrourbano.com\/revista\/wp-json\/wp\/v2\/types\/post"}],"author":[{"embeddable":true,"href":"https:\/\/centrourbano.com\/revista\/wp-json\/wp\/v2\/users\/1"}],"replies":[{"embeddable":true,"href":"https:\/\/centrourbano.com\/revista\/wp-json\/wp\/v2\/comments?post=40941"}],"version-history":[{"count":0,"href":"https:\/\/centrourbano.com\/revista\/wp-json\/wp\/v2\/posts\/40941\/revisions"}],"wp:featuredmedia":[{"embeddable":true,"href":"https:\/\/centrourbano.com\/revista\/wp-json\/wp\/v2\/media\/40934"}],"wp:attachment":[{"href":"https:\/\/centrourbano.com\/revista\/wp-json\/wp\/v2\/media?parent=40941"}],"wp:term":[{"taxonomy":"category","embeddable":true,"href":"https:\/\/centrourbano.com\/revista\/wp-json\/wp\/v2\/categories?post=40941"},{"taxonomy":"post_tag","embeddable":true,"href":"https:\/\/centrourbano.com\/revista\/wp-json\/wp\/v2\/tags?post=40941"}],"curies":[{"name":"wp","href":"https:\/\/api.w.org\/{rel}","templated":true}]}}