{"id":40483,"date":"2016-09-19T10:21:39","date_gmt":"2016-09-19T15:21:39","guid":{"rendered":"https:\/\/centrourbano.com\/?p=40483"},"modified":"2016-09-20T14:22:16","modified_gmt":"2016-09-20T19:22:16","slug":"pobreza-adn-del-rezago-habitacional","status":"publish","type":"post","link":"https:\/\/centrourbano.com\/revista\/opinion\/pobreza-adn-del-rezago-habitacional\/","title":{"rendered":"Pobreza, ADN del rezago habitacional"},"content":{"rendered":"<p><em>Independientemente del manoseo a los indicadores de pobreza, el hecho es que para ser un pa\u00eds que busca ubicarse entre las mayores econom\u00edas del mundo, M\u00e9xico sigue teniendo muchos pobres\u2026 Y muchos de ellos, muy pobres\u2026<br \/>\n<\/em><!--more--><\/p>\n<p>A pesar del fen\u00f3meno migratorio que marc\u00f3 el siglo pasado, provocando que millones abandonaran el campo para irse a vivir a las ciudades, hoy sigue habiendo much\u00edsimos mexicanos viviendo en zonas rurales o suburbanas, cuyas condiciones de vida est\u00e1n definidas por pobreza, falta de inclusi\u00f3n de todo tipo, lejan\u00eda y dispersi\u00f3n.<br \/>\nRevertir los efectos de la pobreza, si bien es labor que debe ser prioridad del conjunto de pol\u00edticas y estrategias federales, es ante todo, o al menos en manera directa, tema que compete a instancias locales.<br \/>\nDe esto trata la reuni\u00f3n que inicia hoy en  Guanajuato, Guanajuato, organizada por el Consejo Nacional de Organismos Estatales de Vivienda (Conorevi), que preside Octavio Gonz\u00e1lez Padilla, de usar la vivienda como generador de riqueza econ\u00f3mica y social, privilegiando en el proceso la atenci\u00f3n a los segmentos m\u00e1s vulnerables y tradicionalmente menos atendidos.<br \/>\nEl aspecto fundamental con cualquier subsidio es garantizar que los recursos vayan a donde hacen m\u00e1s falta, y suena sensato pensar que los organismos estatales y municipales conocen mejor que nadie la estructura de la demanda, las capacidades de sus gobiernos y la forma de crear los v\u00ednculos que permitan generar mejores soluciones.<br \/>\nSe trata de entender lo que hay atr\u00e1s del rezago habitacional, analizando a detalle la estructura de la demanda y teniendo la capacidad de sumar y coordinar esfuerzos para garantizar que las bondades de un plan nacional de vivienda lleguen a los segmentos de poblaci\u00f3n menos favorecidos, a las comunidades m\u00e1s alejadas y permitan atender un mal que se ha ido agravando y que no debemos permitir que sea el s\u00edmbolo de nuestras ciudades; la pobreza urbana.<br \/>\nLos invito a seguir mi cuenta de Twitter: @horacio_urbano y a ver Vivienda en Verde TV, que se transmite por Green TV y Efekto Noticias.<\/p>\n","protected":false},"excerpt":{"rendered":"<p>Independientemente del manoseo a los indicadores de pobreza, el hecho es que para ser un pa\u00eds que busca ubicarse entre las mayores econom\u00edas del mundo, M\u00e9xico sigue teniendo muchos pobres\u2026 Y muchos de ellos, muy pobres\u2026<\/p>\n","protected":false},"author":13,"featured_media":40484,"comment_status":"open","ping_status":"closed","sticky":false,"template":"","format":"standard","meta":{"om_disable_all_campaigns":false,"inline_featured_image":false,"_monsterinsights_skip_tracking":false,"_monsterinsights_sitenote_active":false,"_monsterinsights_sitenote_note":"","_monsterinsights_sitenote_category":0,"footnotes":""},"categories":[241,5],"tags":[],"class_list":["post-40483","post","type-post","status-publish","format-standard","has-post-thumbnail","hentry","category-blog-desde-la-casa","category-opinion"],"yoast_head":"<!-- This site is optimized with the Yoast SEO plugin v27.4 - https:\/\/yoast.com\/product\/yoast-seo-wordpress\/ -->\n<title>Pobreza, ADN del rezago habitacional<\/title>\n<meta name=\"description\" content=\"Independientemente del manoseo a los indicadores de pobreza, el hecho es que para ser un pa\u00eds que busca ubicarse entre las mayores econom\u00edas del mundo, M\u00e9xico sigue teniendo muchos pobres\u2026 Y muchos de ellos, muy pobres\u2026\" \/>\n<meta name=\"robots\" content=\"index, follow, max-snippet:-1, max-image-preview:large, max-video-preview:-1\" \/>\n<link rel=\"canonical\" href=\"https:\/\/centrourbano.com\/revista\/opinion\/pobreza-adn-del-rezago-habitacional\/\" \/>\n<meta property=\"og:locale\" content=\"es_ES\" \/>\n<meta property=\"og:type\" content=\"article\" \/>\n<meta property=\"og:title\" content=\"Pobreza, ADN del rezago habitacional\" \/>\n<meta property=\"og:description\" content=\"Independientemente del manoseo a los indicadores de pobreza, el hecho es que para ser un pa\u00eds que busca ubicarse entre las mayores econom\u00edas del mundo, M\u00e9xico sigue teniendo muchos pobres\u2026 Y muchos de ellos, muy pobres\u2026\" \/>\n<meta property=\"og:url\" content=\"https:\/\/centrourbano.com\/revista\/opinion\/pobreza-adn-del-rezago-habitacional\/\" \/>\n<meta property=\"og:site_name\" content=\"Centro Urbano\" \/>\n<meta property=\"article:publisher\" content=\"https:\/\/www.facebook.com\/portalcentrourbano\" \/>\n<meta property=\"article:author\" content=\"https:\/\/www.facebook.com\/urbano.horacio\/\" \/>\n<meta property=\"article:published_time\" content=\"2016-09-19T15:21:39+00:00\" \/>\n<meta property=\"article:modified_time\" content=\"2016-09-20T19:22:16+00:00\" \/>\n<meta property=\"og:image\" content=\"https:\/\/centrourbano.com\/revista\/wp-content\/uploads\/Meade-1-1-1.png\" \/>\n\t<meta property=\"og:image:width\" content=\"500\" \/>\n\t<meta property=\"og:image:height\" content=\"400\" \/>\n\t<meta property=\"og:image:type\" content=\"image\/png\" \/>\n<meta name=\"author\" content=\"Horacio Urbano\" \/>\n<meta name=\"twitter:card\" content=\"summary_large_image\" \/>\n<meta name=\"twitter:creator\" content=\"@https:\/\/twitter.com\/horacio_urbano\" \/>\n<meta name=\"twitter:site\" content=\"@CentroUrbano\" \/>\n<meta name=\"twitter:label1\" content=\"Escrito por\" \/>\n\t<meta name=\"twitter:data1\" content=\"Horacio Urbano\" \/>\n\t<meta name=\"twitter:label2\" content=\"Tiempo de lectura\" \/>\n\t<meta name=\"twitter:data2\" content=\"2 minutos\" \/>\n<script type=\"application\/ld+json\" class=\"yoast-schema-graph\">{\"@context\":\"https:\\\/\\\/schema.org\",\"@graph\":[{\"@type\":\"Article\",\"@id\":\"https:\\\/\\\/centrourbano.com\\\/revista\\\/opinion\\\/pobreza-adn-del-rezago-habitacional\\\/#article\",\"isPartOf\":{\"@id\":\"https:\\\/\\\/centrourbano.com\\\/revista\\\/opinion\\\/pobreza-adn-del-rezago-habitacional\\\/\"},\"author\":{\"name\":\"Horacio Urbano\",\"@id\":\"https:\\\/\\\/centrourbano.com\\\/revista\\\/#\\\/schema\\\/person\\\/69755154fe97eeebe4fe9394cb318d28\"},\"headline\":\"Pobreza, ADN del rezago habitacional\",\"datePublished\":\"2016-09-19T15:21:39+00:00\",\"dateModified\":\"2016-09-20T19:22:16+00:00\",\"mainEntityOfPage\":{\"@id\":\"https:\\\/\\\/centrourbano.com\\\/revista\\\/opinion\\\/pobreza-adn-del-rezago-habitacional\\\/\"},\"wordCount\":358,\"commentCount\":0,\"publisher\":{\"@id\":\"https:\\\/\\\/centrourbano.com\\\/revista\\\/#organization\"},\"image\":{\"@id\":\"https:\\\/\\\/centrourbano.com\\\/revista\\\/opinion\\\/pobreza-adn-del-rezago-habitacional\\\/#primaryimage\"},\"thumbnailUrl\":\"https:\\\/\\\/centrourbano.com\\\/revista\\\/wp-content\\\/uploads\\\/Meade-1-1-1.png\",\"articleSection\":[\"Desde la Casa\",\"Opini\u00f3n\"],\"inLanguage\":\"es\",\"potentialAction\":[{\"@type\":\"CommentAction\",\"name\":\"Comment\",\"target\":[\"https:\\\/\\\/centrourbano.com\\\/revista\\\/opinion\\\/pobreza-adn-del-rezago-habitacional\\\/#respond\"]}]},{\"@type\":\"WebPage\",\"@id\":\"https:\\\/\\\/centrourbano.com\\\/revista\\\/opinion\\\/pobreza-adn-del-rezago-habitacional\\\/\",\"url\":\"https:\\\/\\\/centrourbano.com\\\/revista\\\/opinion\\\/pobreza-adn-del-rezago-habitacional\\\/\",\"name\":\"Pobreza, ADN del rezago habitacional\",\"isPartOf\":{\"@id\":\"https:\\\/\\\/centrourbano.com\\\/revista\\\/#website\"},\"primaryImageOfPage\":{\"@id\":\"https:\\\/\\\/centrourbano.com\\\/revista\\\/opinion\\\/pobreza-adn-del-rezago-habitacional\\\/#primaryimage\"},\"image\":{\"@id\":\"https:\\\/\\\/centrourbano.com\\\/revista\\\/opinion\\\/pobreza-adn-del-rezago-habitacional\\\/#primaryimage\"},\"thumbnailUrl\":\"https:\\\/\\\/centrourbano.com\\\/revista\\\/wp-content\\\/uploads\\\/Meade-1-1-1.png\",\"datePublished\":\"2016-09-19T15:21:39+00:00\",\"dateModified\":\"2016-09-20T19:22:16+00:00\",\"description\":\"Independientemente del manoseo a los indicadores de pobreza, el hecho es que para ser un pa\u00eds que busca ubicarse entre las mayores econom\u00edas del mundo, M\u00e9xico sigue teniendo muchos pobres\u2026 Y muchos de ellos, muy pobres\u2026\",\"breadcrumb\":{\"@id\":\"https:\\\/\\\/centrourbano.com\\\/revista\\\/opinion\\\/pobreza-adn-del-rezago-habitacional\\\/#breadcrumb\"},\"inLanguage\":\"es\",\"potentialAction\":[{\"@type\":\"ReadAction\",\"target\":[\"https:\\\/\\\/centrourbano.com\\\/revista\\\/opinion\\\/pobreza-adn-del-rezago-habitacional\\\/\"]}]},{\"@type\":\"ImageObject\",\"inLanguage\":\"es\",\"@id\":\"https:\\\/\\\/centrourbano.com\\\/revista\\\/opinion\\\/pobreza-adn-del-rezago-habitacional\\\/#primaryimage\",\"url\":\"https:\\\/\\\/centrourbano.com\\\/revista\\\/wp-content\\\/uploads\\\/Meade-1-1-1.png\",\"contentUrl\":\"https:\\\/\\\/centrourbano.com\\\/revista\\\/wp-content\\\/uploads\\\/Meade-1-1-1.png\",\"width\":500,\"height\":400,\"caption\":\"Un fantasma recorre las ciudades del mundo\u2026 GEN-TRI-FI-CA-CI\u00d3N\u2026\"},{\"@type\":\"BreadcrumbList\",\"@id\":\"https:\\\/\\\/centrourbano.com\\\/revista\\\/opinion\\\/pobreza-adn-del-rezago-habitacional\\\/#breadcrumb\",\"itemListElement\":[{\"@type\":\"ListItem\",\"position\":1,\"name\":\"Portada\",\"item\":\"https:\\\/\\\/centrourbano.com\\\/revista\\\/\"},{\"@type\":\"ListItem\",\"position\":2,\"name\":\"Pobreza, ADN del rezago habitacional\"}]},{\"@type\":\"WebSite\",\"@id\":\"https:\\\/\\\/centrourbano.com\\\/revista\\\/#website\",\"url\":\"https:\\\/\\\/centrourbano.com\\\/revista\\\/\",\"name\":\"Centro Urbano\",\"description\":\"Medio especializado en los sectores vivienda, inmobiliario, construcci\u00f3n, arquitectura y urbanismo.\",\"publisher\":{\"@id\":\"https:\\\/\\\/centrourbano.com\\\/revista\\\/#organization\"},\"potentialAction\":[{\"@type\":\"SearchAction\",\"target\":{\"@type\":\"EntryPoint\",\"urlTemplate\":\"https:\\\/\\\/centrourbano.com\\\/revista\\\/?s={search_term_string}\"},\"query-input\":{\"@type\":\"PropertyValueSpecification\",\"valueRequired\":true,\"valueName\":\"search_term_string\"}}],\"inLanguage\":\"es\"},{\"@type\":\"Organization\",\"@id\":\"https:\\\/\\\/centrourbano.com\\\/revista\\\/#organization\",\"name\":\"Centro Urbano\",\"url\":\"https:\\\/\\\/centrourbano.com\\\/revista\\\/\",\"logo\":{\"@type\":\"ImageObject\",\"inLanguage\":\"es\",\"@id\":\"https:\\\/\\\/centrourbano.com\\\/revista\\\/#\\\/schema\\\/logo\\\/image\\\/\",\"url\":\"https:\\\/\\\/centrourbano.com\\\/revista\\\/wp-content\\\/uploads\\\/web_CU_logo-1.png\",\"contentUrl\":\"https:\\\/\\\/centrourbano.com\\\/revista\\\/wp-content\\\/uploads\\\/web_CU_logo-1.png\",\"width\":350,\"height\":91,\"caption\":\"Centro Urbano\"},\"image\":{\"@id\":\"https:\\\/\\\/centrourbano.com\\\/revista\\\/#\\\/schema\\\/logo\\\/image\\\/\"},\"sameAs\":[\"https:\\\/\\\/www.facebook.com\\\/portalcentrourbano\",\"https:\\\/\\\/x.com\\\/CentroUrbano\",\"https:\\\/\\\/www.instagram.com\\\/centro_urbano\\\/\",\"https:\\\/\\\/www.linkedin.com\\\/company\\\/centro-urbano\\\/\",\"http:\\\/\\\/www.youtube.com\\\/user\\\/portalcentrourbano\"]},{\"@type\":\"Person\",\"@id\":\"https:\\\/\\\/centrourbano.com\\\/revista\\\/#\\\/schema\\\/person\\\/69755154fe97eeebe4fe9394cb318d28\",\"name\":\"Horacio Urbano\",\"image\":{\"@type\":\"ImageObject\",\"inLanguage\":\"es\",\"@id\":\"https:\\\/\\\/secure.gravatar.com\\\/avatar\\\/bf4232bac122249113b7bcc4636a8d0432b9fa8bcce4243f1ed6c1ecb8fe915f?s=96&d=mm&r=g\",\"url\":\"https:\\\/\\\/secure.gravatar.com\\\/avatar\\\/bf4232bac122249113b7bcc4636a8d0432b9fa8bcce4243f1ed6c1ecb8fe915f?s=96&d=mm&r=g\",\"contentUrl\":\"https:\\\/\\\/secure.gravatar.com\\\/avatar\\\/bf4232bac122249113b7bcc4636a8d0432b9fa8bcce4243f1ed6c1ecb8fe915f?s=96&d=mm&r=g\",\"caption\":\"Horacio Urbano\"},\"description\":\"Horacio Urbano es arquitecto. Su experiencia profesional se ha desarrollado en los diferentes \u00e1mbitos que definen la industria de la vivienda. En 1999 inici\u00f3 un proyecto editorial dirigido a los sectores inmobiliario y construcci\u00f3n que a lo largo de los a\u00f1os se ha convertido en una poderosa plataforma multimedios y en una verdadera referencia para esta industria. Fundador, junto con la tambi\u00e9n arquitecta Roxana Fabris, de Grupo Centro Urbano, firma que impulsa y desarrolla una serie de esfuerzos de comunicaci\u00f3n relacionados con estos sectores. Como parte de su trabajo en M\u00e9xico y el extranjero, ha escrito o participado en una serie de libros especializados, es colaborador de diferentes medios impresos y electr\u00f3nicos, es activo conferencista y bajo diferentes modelos colabora tambi\u00e9n con diversas empresas e instituciones p\u00fablicas y privadas del sector.\",\"sameAs\":[\"http:\\\/\\\/horaciourbano.com\\\/home\\\/\",\"https:\\\/\\\/www.facebook.com\\\/urbano.horacio\\\/\",\"https:\\\/\\\/x.com\\\/https:\\\/\\\/twitter.com\\\/horacio_urbano\"],\"url\":\"https:\\\/\\\/centrourbano.com\\\/revista\\\/author\\\/horacio-urbano\\\/\"}]}<\/script>\n<!-- \/ Yoast SEO plugin. -->","yoast_head_json":{"title":"Pobreza, ADN del rezago habitacional","description":"Independientemente del manoseo a los indicadores de pobreza, el hecho es que para ser un pa\u00eds que busca ubicarse entre las mayores econom\u00edas del mundo, M\u00e9xico sigue teniendo muchos pobres\u2026 Y muchos de ellos, muy pobres\u2026","robots":{"index":"index","follow":"follow","max-snippet":"max-snippet:-1","max-image-preview":"max-image-preview:large","max-video-preview":"max-video-preview:-1"},"canonical":"https:\/\/centrourbano.com\/revista\/opinion\/pobreza-adn-del-rezago-habitacional\/","og_locale":"es_ES","og_type":"article","og_title":"Pobreza, ADN del rezago habitacional","og_description":"Independientemente del manoseo a los indicadores de pobreza, el hecho es que para ser un pa\u00eds que busca ubicarse entre las mayores econom\u00edas del mundo, M\u00e9xico sigue teniendo muchos pobres\u2026 Y muchos de ellos, muy pobres\u2026","og_url":"https:\/\/centrourbano.com\/revista\/opinion\/pobreza-adn-del-rezago-habitacional\/","og_site_name":"Centro Urbano","article_publisher":"https:\/\/www.facebook.com\/portalcentrourbano","article_author":"https:\/\/www.facebook.com\/urbano.horacio\/","article_published_time":"2016-09-19T15:21:39+00:00","article_modified_time":"2016-09-20T19:22:16+00:00","og_image":[{"width":500,"height":400,"url":"https:\/\/centrourbano.com\/revista\/wp-content\/uploads\/Meade-1-1-1.png","type":"image\/png"}],"author":"Horacio Urbano","twitter_card":"summary_large_image","twitter_creator":"@https:\/\/twitter.com\/horacio_urbano","twitter_site":"@CentroUrbano","twitter_misc":{"Escrito por":"Horacio Urbano","Tiempo de lectura":"2 minutos"},"schema":{"@context":"https:\/\/schema.org","@graph":[{"@type":"Article","@id":"https:\/\/centrourbano.com\/revista\/opinion\/pobreza-adn-del-rezago-habitacional\/#article","isPartOf":{"@id":"https:\/\/centrourbano.com\/revista\/opinion\/pobreza-adn-del-rezago-habitacional\/"},"author":{"name":"Horacio Urbano","@id":"https:\/\/centrourbano.com\/revista\/#\/schema\/person\/69755154fe97eeebe4fe9394cb318d28"},"headline":"Pobreza, ADN del rezago habitacional","datePublished":"2016-09-19T15:21:39+00:00","dateModified":"2016-09-20T19:22:16+00:00","mainEntityOfPage":{"@id":"https:\/\/centrourbano.com\/revista\/opinion\/pobreza-adn-del-rezago-habitacional\/"},"wordCount":358,"commentCount":0,"publisher":{"@id":"https:\/\/centrourbano.com\/revista\/#organization"},"image":{"@id":"https:\/\/centrourbano.com\/revista\/opinion\/pobreza-adn-del-rezago-habitacional\/#primaryimage"},"thumbnailUrl":"https:\/\/centrourbano.com\/revista\/wp-content\/uploads\/Meade-1-1-1.png","articleSection":["Desde la Casa","Opini\u00f3n"],"inLanguage":"es","potentialAction":[{"@type":"CommentAction","name":"Comment","target":["https:\/\/centrourbano.com\/revista\/opinion\/pobreza-adn-del-rezago-habitacional\/#respond"]}]},{"@type":"WebPage","@id":"https:\/\/centrourbano.com\/revista\/opinion\/pobreza-adn-del-rezago-habitacional\/","url":"https:\/\/centrourbano.com\/revista\/opinion\/pobreza-adn-del-rezago-habitacional\/","name":"Pobreza, ADN del rezago habitacional","isPartOf":{"@id":"https:\/\/centrourbano.com\/revista\/#website"},"primaryImageOfPage":{"@id":"https:\/\/centrourbano.com\/revista\/opinion\/pobreza-adn-del-rezago-habitacional\/#primaryimage"},"image":{"@id":"https:\/\/centrourbano.com\/revista\/opinion\/pobreza-adn-del-rezago-habitacional\/#primaryimage"},"thumbnailUrl":"https:\/\/centrourbano.com\/revista\/wp-content\/uploads\/Meade-1-1-1.png","datePublished":"2016-09-19T15:21:39+00:00","dateModified":"2016-09-20T19:22:16+00:00","description":"Independientemente del manoseo a los indicadores de pobreza, el hecho es que para ser un pa\u00eds que busca ubicarse entre las mayores econom\u00edas del mundo, M\u00e9xico sigue teniendo muchos pobres\u2026 Y muchos de ellos, muy pobres\u2026","breadcrumb":{"@id":"https:\/\/centrourbano.com\/revista\/opinion\/pobreza-adn-del-rezago-habitacional\/#breadcrumb"},"inLanguage":"es","potentialAction":[{"@type":"ReadAction","target":["https:\/\/centrourbano.com\/revista\/opinion\/pobreza-adn-del-rezago-habitacional\/"]}]},{"@type":"ImageObject","inLanguage":"es","@id":"https:\/\/centrourbano.com\/revista\/opinion\/pobreza-adn-del-rezago-habitacional\/#primaryimage","url":"https:\/\/centrourbano.com\/revista\/wp-content\/uploads\/Meade-1-1-1.png","contentUrl":"https:\/\/centrourbano.com\/revista\/wp-content\/uploads\/Meade-1-1-1.png","width":500,"height":400,"caption":"Un fantasma recorre las ciudades del mundo\u2026 GEN-TRI-FI-CA-CI\u00d3N\u2026"},{"@type":"BreadcrumbList","@id":"https:\/\/centrourbano.com\/revista\/opinion\/pobreza-adn-del-rezago-habitacional\/#breadcrumb","itemListElement":[{"@type":"ListItem","position":1,"name":"Portada","item":"https:\/\/centrourbano.com\/revista\/"},{"@type":"ListItem","position":2,"name":"Pobreza, ADN del rezago habitacional"}]},{"@type":"WebSite","@id":"https:\/\/centrourbano.com\/revista\/#website","url":"https:\/\/centrourbano.com\/revista\/","name":"Centro Urbano","description":"Medio especializado en los sectores vivienda, inmobiliario, construcci\u00f3n, arquitectura y urbanismo.","publisher":{"@id":"https:\/\/centrourbano.com\/revista\/#organization"},"potentialAction":[{"@type":"SearchAction","target":{"@type":"EntryPoint","urlTemplate":"https:\/\/centrourbano.com\/revista\/?s={search_term_string}"},"query-input":{"@type":"PropertyValueSpecification","valueRequired":true,"valueName":"search_term_string"}}],"inLanguage":"es"},{"@type":"Organization","@id":"https:\/\/centrourbano.com\/revista\/#organization","name":"Centro Urbano","url":"https:\/\/centrourbano.com\/revista\/","logo":{"@type":"ImageObject","inLanguage":"es","@id":"https:\/\/centrourbano.com\/revista\/#\/schema\/logo\/image\/","url":"https:\/\/centrourbano.com\/revista\/wp-content\/uploads\/web_CU_logo-1.png","contentUrl":"https:\/\/centrourbano.com\/revista\/wp-content\/uploads\/web_CU_logo-1.png","width":350,"height":91,"caption":"Centro Urbano"},"image":{"@id":"https:\/\/centrourbano.com\/revista\/#\/schema\/logo\/image\/"},"sameAs":["https:\/\/www.facebook.com\/portalcentrourbano","https:\/\/x.com\/CentroUrbano","https:\/\/www.instagram.com\/centro_urbano\/","https:\/\/www.linkedin.com\/company\/centro-urbano\/","http:\/\/www.youtube.com\/user\/portalcentrourbano"]},{"@type":"Person","@id":"https:\/\/centrourbano.com\/revista\/#\/schema\/person\/69755154fe97eeebe4fe9394cb318d28","name":"Horacio Urbano","image":{"@type":"ImageObject","inLanguage":"es","@id":"https:\/\/secure.gravatar.com\/avatar\/bf4232bac122249113b7bcc4636a8d0432b9fa8bcce4243f1ed6c1ecb8fe915f?s=96&d=mm&r=g","url":"https:\/\/secure.gravatar.com\/avatar\/bf4232bac122249113b7bcc4636a8d0432b9fa8bcce4243f1ed6c1ecb8fe915f?s=96&d=mm&r=g","contentUrl":"https:\/\/secure.gravatar.com\/avatar\/bf4232bac122249113b7bcc4636a8d0432b9fa8bcce4243f1ed6c1ecb8fe915f?s=96&d=mm&r=g","caption":"Horacio Urbano"},"description":"Horacio Urbano es arquitecto. Su experiencia profesional se ha desarrollado en los diferentes \u00e1mbitos que definen la industria de la vivienda. En 1999 inici\u00f3 un proyecto editorial dirigido a los sectores inmobiliario y construcci\u00f3n que a lo largo de los a\u00f1os se ha convertido en una poderosa plataforma multimedios y en una verdadera referencia para esta industria. Fundador, junto con la tambi\u00e9n arquitecta Roxana Fabris, de Grupo Centro Urbano, firma que impulsa y desarrolla una serie de esfuerzos de comunicaci\u00f3n relacionados con estos sectores. Como parte de su trabajo en M\u00e9xico y el extranjero, ha escrito o participado en una serie de libros especializados, es colaborador de diferentes medios impresos y electr\u00f3nicos, es activo conferencista y bajo diferentes modelos colabora tambi\u00e9n con diversas empresas e instituciones p\u00fablicas y privadas del sector.","sameAs":["http:\/\/horaciourbano.com\/home\/","https:\/\/www.facebook.com\/urbano.horacio\/","https:\/\/x.com\/https:\/\/twitter.com\/horacio_urbano"],"url":"https:\/\/centrourbano.com\/revista\/author\/horacio-urbano\/"}]}},"_links":{"self":[{"href":"https:\/\/centrourbano.com\/revista\/wp-json\/wp\/v2\/posts\/40483","targetHints":{"allow":["GET"]}}],"collection":[{"href":"https:\/\/centrourbano.com\/revista\/wp-json\/wp\/v2\/posts"}],"about":[{"href":"https:\/\/centrourbano.com\/revista\/wp-json\/wp\/v2\/types\/post"}],"author":[{"embeddable":true,"href":"https:\/\/centrourbano.com\/revista\/wp-json\/wp\/v2\/users\/13"}],"replies":[{"embeddable":true,"href":"https:\/\/centrourbano.com\/revista\/wp-json\/wp\/v2\/comments?post=40483"}],"version-history":[{"count":0,"href":"https:\/\/centrourbano.com\/revista\/wp-json\/wp\/v2\/posts\/40483\/revisions"}],"wp:featuredmedia":[{"embeddable":true,"href":"https:\/\/centrourbano.com\/revista\/wp-json\/wp\/v2\/media\/40484"}],"wp:attachment":[{"href":"https:\/\/centrourbano.com\/revista\/wp-json\/wp\/v2\/media?parent=40483"}],"wp:term":[{"taxonomy":"category","embeddable":true,"href":"https:\/\/centrourbano.com\/revista\/wp-json\/wp\/v2\/categories?post=40483"},{"taxonomy":"post_tag","embeddable":true,"href":"https:\/\/centrourbano.com\/revista\/wp-json\/wp\/v2\/tags?post=40483"}],"curies":[{"name":"wp","href":"https:\/\/api.w.org\/{rel}","templated":true}]}}